{"id":6662,"date":"2020-05-04T13:56:33","date_gmt":"2020-05-04T11:56:33","guid":{"rendered":"https:\/\/www.organisator.ch\/?p=6662"},"modified":"2020-05-04T13:56:33","modified_gmt":"2020-05-04T11:56:33","slug":"kmu-der-mem-branche-von-corona-mitten-ins-mark-getroffen","status":"publish","type":"post","link":"https:\/\/www.organisator.ch\/it\/management\/2020-05-04\/kmu-der-mem-branche-von-corona-mitten-ins-mark-getroffen\/","title":{"rendered":"Le PMI del settore MEM sono state colpite al cuore da Corona"},"content":{"rendered":"<figure id=\"attachment_6664\" aria-describedby=\"caption-attachment-6664\" style=\"width: 680px\" class=\"wp-caption alignnone\"><img loading=\"lazy\" decoding=\"async\" class=\"size-medium wp-image-6664\" src=\"https:\/\/www.organisator.ch\/wp-content\/uploads\/2020\/05\/KMU-der-MEM-Branche-von-Corona-mitten-ins-Mark-getroffen-1_Organisator.jpg\" alt=\"\" width=\"680\" height=\"453\" srcset=\"https:\/\/www.organisator.ch\/wp-content\/uploads\/2020\/05\/KMU-der-MEM-Branche-von-Corona-mitten-ins-Mark-getroffen-1_Organisator.jpg 680w, https:\/\/www.organisator.ch\/wp-content\/uploads\/2020\/05\/KMU-der-MEM-Branche-von-Corona-mitten-ins-Mark-getroffen-1_Organisator-16x12.jpg 16w, https:\/\/www.organisator.ch\/wp-content\/uploads\/2020\/05\/KMU-der-MEM-Branche-von-Corona-mitten-ins-Mark-getroffen-1_Organisator-263x175.jpg 263w, https:\/\/www.organisator.ch\/wp-content\/uploads\/2020\/05\/KMU-der-MEM-Branche-von-Corona-mitten-ins-Mark-getroffen-1_Organisator-525x350.jpg 525w, https:\/\/www.organisator.ch\/wp-content\/uploads\/2020\/05\/KMU-der-MEM-Branche-von-Corona-mitten-ins-Mark-getroffen-1_Organisator-300x200.jpg 300w\" sizes=\"auto, (max-width: 680px) 100vw, 680px\" \/><figcaption id=\"caption-attachment-6664\" class=\"wp-caption-text\">L'impatto della crisi della Corona sta colpendo duramente le PMI del settore MEM, come mostra un sondaggio aziendale di Swissmechanic. (Immagine: Pixabay.com)<\/figcaption><\/figure>\n<p>Un recente sondaggio di BAK Economics e dell'associazione Swissmechanic, a cui hanno partecipato pi\u00f9 di 400 aziende, mostra quanto duramente siano state colpite dalla crisi Corona le PMI del settore MEM. Nonostante alcuni sviluppi drammatici, tuttavia, la maggior parte delle aziende sono fiduciose che saranno in grado di superare con successo la crisi.<\/p>\n<h2>Le PMI del settore MEM sono particolarmente colpite<\/h2>\n<p>L'industria MEM svizzera \u00e8 uno di quei settori che \u00e8 stato particolarmente colpito dalle conseguenze negative della pandemia di Corona. C'\u00e8 gi\u00e0 stato un rallentamento della crescita nel 2019. L'inevitabile flessione ciclica \u00e8 stata esacerbata da un'ulteriore riluttanza a investire causata dalle incertezze politiche. L'apprezzamento del franco svizzero ha posto ulteriori problemi alle industrie MEM. La crisi di Corona sta quindi colpendo le industrie MEM in una fase gi\u00e0 difficile.<\/p>\n<p>Un sondaggio aziendale condotto tra il 6 e il 24 aprile da BAK Economics e Swissmechanic fa luce sull'impatto immediato della crisi Corona sul settore delle PMI nelle industrie MEM, cos\u00ec come sulle misure che le aziende hanno preso in risposta alla situazione di crisi.<\/p>\n<h2>La pandemia di Corona colpisce le PMI dal lato dell'offerta e della domanda<\/h2>\n<p>Per tutto il primo trimestre, l'acquisizione di ordini e il fatturato si sono nuovamente deteriorati per la maggior parte delle aziende. Sulla scia della pandemia, quasi un'azienda su due (45%) ha poi subito cancellazioni di ordini. Dal lato dell'offerta, la crisi di Corona si \u00e8 fatta sentire sotto forma di interruzioni nella catena di approvvigionamento di materie prime e semilavorati nel 42% delle aziende. Inoltre, un'azienda su quattro riporta assenze del personale dovute a malattia, quarantena o obblighi di assistenza.<\/p>\n<h2>Le PMI del settore MEM rispondono con risparmi sui costi<\/h2>\n<p>Gli effetti finanziari della crisi sono gi\u00e0 chiaramente visibili, secondo il sondaggio di Swissmechanic. Circa un terzo delle aziende (35%) ha riportato problemi di liquidit\u00e0. Circa una PMI su tre (34%) ha fatto domanda per un prestito ponte statale, secondo altri risultati del sondaggio. Il sostegno statale pi\u00f9 importante \u00e8 l'indennit\u00e0 per il lavoro ridotto. Due PMI su tre si sono registrate per il lavoro a tempo ridotto. Da parte loro, le aziende stanno reagendo con la riduzione dei costi: il 16% ha licenziato, il 72% ha imposto un blocco delle assunzioni, il 68% sta reagendo con un blocco degli investimenti.<\/p>\n<h2>Il portafoglio ordini delle PMI si \u00e8 deteriorato significativamente<\/h2>\n<p>L'utilizzo della capacit\u00e0 tra le aziende \u00e8 sceso significativamente nel primo trimestre, con una media del 74%. Pi\u00f9 la crisi economica dura, pi\u00f9 l'aria diventa sottile per le PMI. Pi\u00f9 della met\u00e0 delle aziende (53%) non hanno abbastanza ordini a disposizione per un mese intero. A gennaio era ancora il 41%. Il portafoglio ordini medio di tutte le aziende intervistate \u00e8 attualmente di 7,6 settimane, meno di due mesi.<\/p>\n<figure id=\"attachment_6663\" aria-describedby=\"caption-attachment-6663\" style=\"width: 680px\" class=\"wp-caption alignnone\"><img loading=\"lazy\" decoding=\"async\" class=\"size-medium wp-image-6663\" src=\"https:\/\/www.organisator.ch\/wp-content\/uploads\/2020\/05\/KMU-der-MEM-Branche-von-Corona-mitten-ins-Mark-getroffen-2_Organisator.jpg\" alt=\"\" width=\"680\" height=\"703\" srcset=\"https:\/\/www.organisator.ch\/wp-content\/uploads\/2020\/05\/KMU-der-MEM-Branche-von-Corona-mitten-ins-Mark-getroffen-2_Organisator.jpg 680w, https:\/\/www.organisator.ch\/wp-content\/uploads\/2020\/05\/KMU-der-MEM-Branche-von-Corona-mitten-ins-Mark-getroffen-2_Organisator-12x12.jpg 12w, https:\/\/www.organisator.ch\/wp-content\/uploads\/2020\/05\/KMU-der-MEM-Branche-von-Corona-mitten-ins-Mark-getroffen-2_Organisator-169x175.jpg 169w, https:\/\/www.organisator.ch\/wp-content\/uploads\/2020\/05\/KMU-der-MEM-Branche-von-Corona-mitten-ins-Mark-getroffen-2_Organisator-339x350.jpg 339w, https:\/\/www.organisator.ch\/wp-content\/uploads\/2020\/05\/KMU-der-MEM-Branche-von-Corona-mitten-ins-Mark-getroffen-2_Organisator-300x310.jpg 300w\" sizes=\"auto, (max-width: 680px) 100vw, 680px\" \/><figcaption id=\"caption-attachment-6663\" class=\"wp-caption-text\">Portafoglio ordini delle PMI del settore MEM. (Grafico: Swissmechanic)<\/figcaption><\/figure>\n<h2>La maggior parte delle aziende si aspetta anche perdite di ordini nella seconda met\u00e0 del 2020<\/h2>\n<p>Solo un'azienda su cinque (21%) si aspetta che la fase di carenza di domanda legata alla pandemia sia finita dopo soli tre mesi. La maggioranza si aspetta che il periodo di magra duri pi\u00f9 di un trimestre. Circa il 40% delle PMI si aspetta che le carenze di domanda durino 4-6 mesi. Quasi un terzo delle aziende (31%) stima la durata in 7-12 mesi. Un'undicesima azienda (9%) teme perdite di ordini per pi\u00f9 di 1 anno. In media, le aziende si aspettano perdite di ordini fino a circa la fine del 2020 (7,5 mesi).<\/p>\n<h2>La maggioranza delle aziende \u00e8 fiduciosa di superare la crisi di Corona<\/h2>\n<p>La maggioranza delle PMI del settore MEM \u00e8 fiduciosa di poter superare la crisi. Solo una minoranza di aziende vede la propria esistenza in grave pericolo. Cos\u00ec, il 6 per cento delle aziende segnala un serio rischio di fallimento, e il 2 per cento di tutte le aziende dichiara che sta progettando o ha gi\u00e0 chiuso un'attivit\u00e0 a causa della crisi di Corona.<br \/>\nAnche se la crisi viene superata senza un'ondata di fallimenti, i suoi effetti si faranno sentire per qualche tempo. Molte PMI dovranno lottare pi\u00f9 a lungo per pagare l'aumento del debito. Il margine di manovra finanziario per fare gli investimenti necessari nella trasformazione digitale \u00e8 diventato ancora pi\u00f9 stretto con la crisi di Corona. Questo potrebbe avere un impatto negativo sul potenziale di crescita dell'industria a lungo termine.<\/p>\n<p><em>Fonte e ulteriori informazioni: <a href=\"http:\/\/www.swissmechanic.ch\">Swissmechanic<\/a><\/em><\/p>","protected":false},"excerpt":{"rendered":"<p>Eine aktuelle Umfrage von BAK Economics und dem Verband Swissmechanic, an der sich mehr als 400 Unternehmen beteiligt haben, zeigt auf, wie stark KMU der MEM-Branche von der Corona-Krise betroffen sind. Trotz zum Teil dramatischen Entwicklungen zeigen sich aber die meisten Unternehmen zuversichtlich, die Krise erfolgreich meistern zu k\u00f6nnen. KMU der MEM-Branche besonders stark betroffen [&hellip;]<\/p>\n","protected":false},"author":4,"featured_media":6664,"comment_status":"closed","ping_status":"closed","sticky":false,"template":"","format":"standard","meta":{"_acf_changed":false,"_yoast_wpseo_focuskw":"KMU der MEM-Branche","_yoast_wpseo_metadesc":"Die KMU der MEM-Branche erleiden einen empfindlichen Nachfrageeinbruch, der sich bereits bei jedem dritten Unternehmen sp\u00fcrbar niederschl\u00e4gt.","articlekey":"","footnotes":""},"categories":[28],"tags":[132,335,459,492],"class_list":["post-6662","post","type-post","status-publish","format-standard","has-post-thumbnail","hentry","category-management","tag-coronavirus","tag-management-und-unternehmensfuehrung","tag-studie","tag-unternehmen"],"acf":[],"yoast_head":"<!-- This site is optimized with the Yoast SEO plugin v27.4 - https:\/\/yoast.com\/product\/yoast-seo-wordpress\/ -->\n<title>KMU der MEM-Branche von Corona mitten ins Mark getroffen - Organisator<\/title>\n<meta name=\"description\" content=\"Die KMU der MEM-Branche erleiden einen empfindlichen Nachfrageeinbruch, der sich bereits bei jedem dritten Unternehmen sp\u00fcrbar niederschl\u00e4gt.\" \/>\n<meta name=\"robots\" content=\"index, follow, max-snippet:-1, max-image-preview:large, max-video-preview:-1\" \/>\n<link rel=\"canonical\" href=\"https:\/\/www.organisator.ch\/it\/gestione-2\/2020-05-04\/kmu-der-mem-branche-von-corona-mitten-ins-mark-getroffen\/\" \/>\n<meta property=\"og:locale\" content=\"it_IT\" \/>\n<meta property=\"og:type\" content=\"article\" \/>\n<meta property=\"og:title\" content=\"KMU der MEM-Branche von Corona mitten ins Mark getroffen\" \/>\n<meta property=\"og:description\" content=\"Die KMU der MEM-Branche erleiden einen empfindlichen Nachfrageeinbruch, der sich bereits bei jedem dritten Unternehmen sp\u00fcrbar niederschl\u00e4gt.\" \/>\n<meta property=\"og:url\" content=\"https:\/\/www.organisator.ch\/it\/gestione-2\/2020-05-04\/kmu-der-mem-branche-von-corona-mitten-ins-mark-getroffen\/\" \/>\n<meta property=\"og:site_name\" content=\"Organisator\" \/>\n<meta property=\"article:publisher\" content=\"https:\/\/www.facebook.com\/OrganisatorFachmagazin\" \/>\n<meta property=\"article:published_time\" content=\"2020-05-04T11:56:33+00:00\" \/>\n<meta property=\"og:image\" content=\"https:\/\/www.organisator.ch\/wp-content\/uploads\/2020\/05\/KMU-der-MEM-Branche-von-Corona-mitten-ins-Mark-getroffen-1_Organisator.jpg\" \/>\n\t<meta property=\"og:image:width\" content=\"680\" \/>\n\t<meta property=\"og:image:height\" content=\"453\" \/>\n\t<meta property=\"og:image:type\" content=\"image\/jpeg\" \/>\n<meta name=\"author\" content=\"thomas.berner\" \/>\n<meta name=\"twitter:card\" content=\"summary_large_image\" \/>\n<meta name=\"twitter:title\" content=\"KMU der #MEM-Branche von Corona mitten ins Mark getroffen\" \/>\n<meta name=\"twitter:description\" content=\"Die KMU der #MEM-Branche erleiden einen empfindlichen #Nachfrageeinbruch, der sich bereits bei jedem dritten Unternehmen sp\u00fcrbar niederschl\u00e4gt.\" \/>\n<meta name=\"twitter:image\" content=\"https:\/\/www.organisator.ch\/wp-content\/uploads\/2020\/05\/KMU-der-MEM-Branche-von-Corona-mitten-ins-Mark-getroffen-1_Organisator.jpg\" \/>\n<script type=\"application\/ld+json\" class=\"yoast-schema-graph\">{\"@context\":\"https:\\\/\\\/schema.org\",\"@graph\":[{\"@type\":\"Article\",\"@id\":\"https:\\\/\\\/www.organisator.ch\\\/management\\\/2020-05-04\\\/kmu-der-mem-branche-von-corona-mitten-ins-mark-getroffen\\\/#article\",\"isPartOf\":{\"@id\":\"https:\\\/\\\/www.organisator.ch\\\/management\\\/2020-05-04\\\/kmu-der-mem-branche-von-corona-mitten-ins-mark-getroffen\\\/\"},\"author\":{\"name\":\"thomas.berner\",\"@id\":\"https:\\\/\\\/www.organisator.ch\\\/#\\\/schema\\\/person\\\/6f650f90b2842cd4c0cc334b4e36f67e\"},\"headline\":\"KMU der MEM-Branche von Corona mitten ins Mark getroffen\",\"datePublished\":\"2020-05-04T11:56:33+00:00\",\"mainEntityOfPage\":{\"@id\":\"https:\\\/\\\/www.organisator.ch\\\/management\\\/2020-05-04\\\/kmu-der-mem-branche-von-corona-mitten-ins-mark-getroffen\\\/\"},\"wordCount\":668,\"publisher\":{\"@id\":\"https:\\\/\\\/www.organisator.ch\\\/#organization\"},\"image\":{\"@id\":\"https:\\\/\\\/www.organisator.ch\\\/management\\\/2020-05-04\\\/kmu-der-mem-branche-von-corona-mitten-ins-mark-getroffen\\\/#primaryimage\"},\"thumbnailUrl\":\"https:\\\/\\\/www.organisator.ch\\\/wp-content\\\/uploads\\\/2020\\\/05\\\/KMU-der-MEM-Branche-von-Corona-mitten-ins-Mark-getroffen-1_Organisator.jpg\",\"keywords\":[\"Coronavirus\",\"Management und Unternehmensf\u00fchrung\",\"Studie\",\"Unternehmen\"],\"articleSection\":[\"MANAGEMENT\"],\"inLanguage\":\"it-IT\"},{\"@type\":\"WebPage\",\"@id\":\"https:\\\/\\\/www.organisator.ch\\\/management\\\/2020-05-04\\\/kmu-der-mem-branche-von-corona-mitten-ins-mark-getroffen\\\/\",\"url\":\"https:\\\/\\\/www.organisator.ch\\\/management\\\/2020-05-04\\\/kmu-der-mem-branche-von-corona-mitten-ins-mark-getroffen\\\/\",\"name\":\"KMU der MEM-Branche von Corona mitten ins Mark getroffen - Organisator\",\"isPartOf\":{\"@id\":\"https:\\\/\\\/www.organisator.ch\\\/#website\"},\"primaryImageOfPage\":{\"@id\":\"https:\\\/\\\/www.organisator.ch\\\/management\\\/2020-05-04\\\/kmu-der-mem-branche-von-corona-mitten-ins-mark-getroffen\\\/#primaryimage\"},\"image\":{\"@id\":\"https:\\\/\\\/www.organisator.ch\\\/management\\\/2020-05-04\\\/kmu-der-mem-branche-von-corona-mitten-ins-mark-getroffen\\\/#primaryimage\"},\"thumbnailUrl\":\"https:\\\/\\\/www.organisator.ch\\\/wp-content\\\/uploads\\\/2020\\\/05\\\/KMU-der-MEM-Branche-von-Corona-mitten-ins-Mark-getroffen-1_Organisator.jpg\",\"datePublished\":\"2020-05-04T11:56:33+00:00\",\"description\":\"Die KMU der MEM-Branche erleiden einen empfindlichen Nachfrageeinbruch, der sich bereits bei jedem dritten Unternehmen sp\u00fcrbar niederschl\u00e4gt.\",\"breadcrumb\":{\"@id\":\"https:\\\/\\\/www.organisator.ch\\\/management\\\/2020-05-04\\\/kmu-der-mem-branche-von-corona-mitten-ins-mark-getroffen\\\/#breadcrumb\"},\"inLanguage\":\"it-IT\",\"potentialAction\":[{\"@type\":\"ReadAction\",\"target\":[\"https:\\\/\\\/www.organisator.ch\\\/management\\\/2020-05-04\\\/kmu-der-mem-branche-von-corona-mitten-ins-mark-getroffen\\\/\"]}]},{\"@type\":\"ImageObject\",\"inLanguage\":\"it-IT\",\"@id\":\"https:\\\/\\\/www.organisator.ch\\\/management\\\/2020-05-04\\\/kmu-der-mem-branche-von-corona-mitten-ins-mark-getroffen\\\/#primaryimage\",\"url\":\"https:\\\/\\\/www.organisator.ch\\\/wp-content\\\/uploads\\\/2020\\\/05\\\/KMU-der-MEM-Branche-von-Corona-mitten-ins-Mark-getroffen-1_Organisator.jpg\",\"contentUrl\":\"https:\\\/\\\/www.organisator.ch\\\/wp-content\\\/uploads\\\/2020\\\/05\\\/KMU-der-MEM-Branche-von-Corona-mitten-ins-Mark-getroffen-1_Organisator.jpg\",\"width\":680,\"height\":453,\"caption\":\"Die Auswirkungen der Corona-Krise trifft KMU der MEM-Branche stark, wie eine Unternehmensbefragung von Swissmechanic zeigt. (Bild: Pixabay.com)\"},{\"@type\":\"BreadcrumbList\",\"@id\":\"https:\\\/\\\/www.organisator.ch\\\/management\\\/2020-05-04\\\/kmu-der-mem-branche-von-corona-mitten-ins-mark-getroffen\\\/#breadcrumb\",\"itemListElement\":[{\"@type\":\"ListItem\",\"position\":1,\"name\":\"Home\",\"item\":\"https:\\\/\\\/www.organisator.ch\\\/\"},{\"@type\":\"ListItem\",\"position\":2,\"name\":\"KMU der MEM-Branche von Corona mitten ins Mark getroffen\"}]},{\"@type\":\"WebSite\",\"@id\":\"https:\\\/\\\/www.organisator.ch\\\/#website\",\"url\":\"https:\\\/\\\/www.organisator.ch\\\/\",\"name\":\"Organisator\",\"description\":\"Kompetent. Praxisnah. Der ORGANISATOR bereitet in 10 Ausgaben pro Jahr die wesentlichen Themen f\u00fcr F\u00fchrungskr\u00e4fte von KMU auf.\",\"publisher\":{\"@id\":\"https:\\\/\\\/www.organisator.ch\\\/#organization\"},\"potentialAction\":[{\"@type\":\"SearchAction\",\"target\":{\"@type\":\"EntryPoint\",\"urlTemplate\":\"https:\\\/\\\/www.organisator.ch\\\/?s={search_term_string}\"},\"query-input\":{\"@type\":\"PropertyValueSpecification\",\"valueRequired\":true,\"valueName\":\"search_term_string\"}}],\"inLanguage\":\"it-IT\"},{\"@type\":\"Organization\",\"@id\":\"https:\\\/\\\/www.organisator.ch\\\/#organization\",\"name\":\"Organisator\",\"url\":\"https:\\\/\\\/www.organisator.ch\\\/\",\"logo\":{\"@type\":\"ImageObject\",\"inLanguage\":\"it-IT\",\"@id\":\"https:\\\/\\\/www.organisator.ch\\\/#\\\/schema\\\/logo\\\/image\\\/\",\"url\":\"https:\\\/\\\/www.organisator.ch\\\/wp-content\\\/uploads\\\/2022\\\/01\\\/Logo_Organisator_Website.png\",\"contentUrl\":\"https:\\\/\\\/www.organisator.ch\\\/wp-content\\\/uploads\\\/2022\\\/01\\\/Logo_Organisator_Website.png\",\"width\":800,\"height\":77,\"caption\":\"Organisator\"},\"image\":{\"@id\":\"https:\\\/\\\/www.organisator.ch\\\/#\\\/schema\\\/logo\\\/image\\\/\"},\"sameAs\":[\"https:\\\/\\\/www.facebook.com\\\/OrganisatorFachmagazin\",\"https:\\\/\\\/www.linkedin.com\\\/showcase\\\/organisator-das-magazin-fr-kmu\",\"https:\\\/\\\/www.xing.com\\\/news\\\/pages\\\/organisator-ch-695\",\"https:\\\/\\\/www.youtube.com\\\/channel\\\/UCGP2Sq0iWaZwT3BdIAQFYpw\"]},{\"@type\":\"Person\",\"@id\":\"https:\\\/\\\/www.organisator.ch\\\/#\\\/schema\\\/person\\\/6f650f90b2842cd4c0cc334b4e36f67e\",\"name\":\"thomas.berner\",\"image\":{\"@type\":\"ImageObject\",\"inLanguage\":\"it-IT\",\"@id\":\"https:\\\/\\\/secure.gravatar.com\\\/avatar\\\/ac5001d2a36cb6c6cd3e50789007ffca834b477b74a2144564522e944eabff61?s=96&d=mm&r=g\",\"url\":\"https:\\\/\\\/secure.gravatar.com\\\/avatar\\\/ac5001d2a36cb6c6cd3e50789007ffca834b477b74a2144564522e944eabff61?s=96&d=mm&r=g\",\"contentUrl\":\"https:\\\/\\\/secure.gravatar.com\\\/avatar\\\/ac5001d2a36cb6c6cd3e50789007ffca834b477b74a2144564522e944eabff61?s=96&d=mm&r=g\",\"caption\":\"thomas.berner\"},\"url\":\"https:\\\/\\\/www.organisator.ch\\\/it\\\/author\\\/thomas-berner\\\/\"}]}<\/script>\n<!-- \/ Yoast SEO plugin. -->","yoast_head_json":{"title":"Le PMI del settore MEM colpite al cuore da Corona - organizzatore","description":"Le PMI del settore MEM stanno subendo un forte calo della domanda, che sta gi\u00e0 avendo un impatto notevole su un'azienda su tre.","robots":{"index":"index","follow":"follow","max-snippet":"max-snippet:-1","max-image-preview":"max-image-preview:large","max-video-preview":"max-video-preview:-1"},"canonical":"https:\/\/www.organisator.ch\/it\/gestione-2\/2020-05-04\/kmu-der-mem-branche-von-corona-mitten-ins-mark-getroffen\/","og_locale":"it_IT","og_type":"article","og_title":"KMU der MEM-Branche von Corona mitten ins Mark getroffen","og_description":"Die KMU der MEM-Branche erleiden einen empfindlichen Nachfrageeinbruch, der sich bereits bei jedem dritten Unternehmen sp\u00fcrbar niederschl\u00e4gt.","og_url":"https:\/\/www.organisator.ch\/it\/gestione-2\/2020-05-04\/kmu-der-mem-branche-von-corona-mitten-ins-mark-getroffen\/","og_site_name":"Organisator","article_publisher":"https:\/\/www.facebook.com\/OrganisatorFachmagazin","article_published_time":"2020-05-04T11:56:33+00:00","og_image":[{"width":680,"height":453,"url":"https:\/\/www.organisator.ch\/wp-content\/uploads\/2020\/05\/KMU-der-MEM-Branche-von-Corona-mitten-ins-Mark-getroffen-1_Organisator.jpg","type":"image\/jpeg"}],"author":"thomas.berner","twitter_card":"summary_large_image","twitter_title":"KMU der #MEM-Branche von Corona mitten ins Mark getroffen","twitter_description":"Die KMU der #MEM-Branche erleiden einen empfindlichen #Nachfrageeinbruch, der sich bereits bei jedem dritten Unternehmen sp\u00fcrbar niederschl\u00e4gt.","twitter_image":"https:\/\/www.organisator.ch\/wp-content\/uploads\/2020\/05\/KMU-der-MEM-Branche-von-Corona-mitten-ins-Mark-getroffen-1_Organisator.jpg","schema":{"@context":"https:\/\/schema.org","@graph":[{"@type":"Article","@id":"https:\/\/www.organisator.ch\/management\/2020-05-04\/kmu-der-mem-branche-von-corona-mitten-ins-mark-getroffen\/#article","isPartOf":{"@id":"https:\/\/www.organisator.ch\/management\/2020-05-04\/kmu-der-mem-branche-von-corona-mitten-ins-mark-getroffen\/"},"author":{"name":"thomas.berner","@id":"https:\/\/www.organisator.ch\/#\/schema\/person\/6f650f90b2842cd4c0cc334b4e36f67e"},"headline":"KMU der MEM-Branche von Corona mitten ins Mark getroffen","datePublished":"2020-05-04T11:56:33+00:00","mainEntityOfPage":{"@id":"https:\/\/www.organisator.ch\/management\/2020-05-04\/kmu-der-mem-branche-von-corona-mitten-ins-mark-getroffen\/"},"wordCount":668,"publisher":{"@id":"https:\/\/www.organisator.ch\/#organization"},"image":{"@id":"https:\/\/www.organisator.ch\/management\/2020-05-04\/kmu-der-mem-branche-von-corona-mitten-ins-mark-getroffen\/#primaryimage"},"thumbnailUrl":"https:\/\/www.organisator.ch\/wp-content\/uploads\/2020\/05\/KMU-der-MEM-Branche-von-Corona-mitten-ins-Mark-getroffen-1_Organisator.jpg","keywords":["Coronavirus","Management und Unternehmensf\u00fchrung","Studie","Unternehmen"],"articleSection":["MANAGEMENT"],"inLanguage":"it-IT"},{"@type":"WebPage","@id":"https:\/\/www.organisator.ch\/management\/2020-05-04\/kmu-der-mem-branche-von-corona-mitten-ins-mark-getroffen\/","url":"https:\/\/www.organisator.ch\/management\/2020-05-04\/kmu-der-mem-branche-von-corona-mitten-ins-mark-getroffen\/","name":"Le PMI del settore MEM colpite al cuore da Corona - organizzatore","isPartOf":{"@id":"https:\/\/www.organisator.ch\/#website"},"primaryImageOfPage":{"@id":"https:\/\/www.organisator.ch\/management\/2020-05-04\/kmu-der-mem-branche-von-corona-mitten-ins-mark-getroffen\/#primaryimage"},"image":{"@id":"https:\/\/www.organisator.ch\/management\/2020-05-04\/kmu-der-mem-branche-von-corona-mitten-ins-mark-getroffen\/#primaryimage"},"thumbnailUrl":"https:\/\/www.organisator.ch\/wp-content\/uploads\/2020\/05\/KMU-der-MEM-Branche-von-Corona-mitten-ins-Mark-getroffen-1_Organisator.jpg","datePublished":"2020-05-04T11:56:33+00:00","description":"Le PMI del settore MEM stanno subendo un forte calo della domanda, che sta gi\u00e0 avendo un impatto notevole su un'azienda su tre.","breadcrumb":{"@id":"https:\/\/www.organisator.ch\/management\/2020-05-04\/kmu-der-mem-branche-von-corona-mitten-ins-mark-getroffen\/#breadcrumb"},"inLanguage":"it-IT","potentialAction":[{"@type":"ReadAction","target":["https:\/\/www.organisator.ch\/management\/2020-05-04\/kmu-der-mem-branche-von-corona-mitten-ins-mark-getroffen\/"]}]},{"@type":"ImageObject","inLanguage":"it-IT","@id":"https:\/\/www.organisator.ch\/management\/2020-05-04\/kmu-der-mem-branche-von-corona-mitten-ins-mark-getroffen\/#primaryimage","url":"https:\/\/www.organisator.ch\/wp-content\/uploads\/2020\/05\/KMU-der-MEM-Branche-von-Corona-mitten-ins-Mark-getroffen-1_Organisator.jpg","contentUrl":"https:\/\/www.organisator.ch\/wp-content\/uploads\/2020\/05\/KMU-der-MEM-Branche-von-Corona-mitten-ins-Mark-getroffen-1_Organisator.jpg","width":680,"height":453,"caption":"Die Auswirkungen der Corona-Krise trifft KMU der MEM-Branche stark, wie eine Unternehmensbefragung von Swissmechanic zeigt. (Bild: Pixabay.com)"},{"@type":"BreadcrumbList","@id":"https:\/\/www.organisator.ch\/management\/2020-05-04\/kmu-der-mem-branche-von-corona-mitten-ins-mark-getroffen\/#breadcrumb","itemListElement":[{"@type":"ListItem","position":1,"name":"Home","item":"https:\/\/www.organisator.ch\/"},{"@type":"ListItem","position":2,"name":"KMU der MEM-Branche von Corona mitten ins Mark getroffen"}]},{"@type":"WebSite","@id":"https:\/\/www.organisator.ch\/#website","url":"https:\/\/www.organisator.ch\/","name":"Organizzatore","description":"Competente. Pratico. In 10 numeri all'anno, ORGANISATOR presenta i temi essenziali per i manager delle PMI.","publisher":{"@id":"https:\/\/www.organisator.ch\/#organization"},"potentialAction":[{"@type":"SearchAction","target":{"@type":"EntryPoint","urlTemplate":"https:\/\/www.organisator.ch\/?s={search_term_string}"},"query-input":{"@type":"PropertyValueSpecification","valueRequired":true,"valueName":"search_term_string"}}],"inLanguage":"it-IT"},{"@type":"Organization","@id":"https:\/\/www.organisator.ch\/#organization","name":"Organizzatore","url":"https:\/\/www.organisator.ch\/","logo":{"@type":"ImageObject","inLanguage":"it-IT","@id":"https:\/\/www.organisator.ch\/#\/schema\/logo\/image\/","url":"https:\/\/www.organisator.ch\/wp-content\/uploads\/2022\/01\/Logo_Organisator_Website.png","contentUrl":"https:\/\/www.organisator.ch\/wp-content\/uploads\/2022\/01\/Logo_Organisator_Website.png","width":800,"height":77,"caption":"Organisator"},"image":{"@id":"https:\/\/www.organisator.ch\/#\/schema\/logo\/image\/"},"sameAs":["https:\/\/www.facebook.com\/OrganisatorFachmagazin","https:\/\/www.linkedin.com\/showcase\/organisator-das-magazin-fr-kmu","https:\/\/www.xing.com\/news\/pages\/organisator-ch-695","https:\/\/www.youtube.com\/channel\/UCGP2Sq0iWaZwT3BdIAQFYpw"]},{"@type":"Person","@id":"https:\/\/www.organisator.ch\/#\/schema\/person\/6f650f90b2842cd4c0cc334b4e36f67e","name":"Tommaso.berner","image":{"@type":"ImageObject","inLanguage":"it-IT","@id":"https:\/\/secure.gravatar.com\/avatar\/ac5001d2a36cb6c6cd3e50789007ffca834b477b74a2144564522e944eabff61?s=96&d=mm&r=g","url":"https:\/\/secure.gravatar.com\/avatar\/ac5001d2a36cb6c6cd3e50789007ffca834b477b74a2144564522e944eabff61?s=96&d=mm&r=g","contentUrl":"https:\/\/secure.gravatar.com\/avatar\/ac5001d2a36cb6c6cd3e50789007ffca834b477b74a2144564522e944eabff61?s=96&d=mm&r=g","caption":"thomas.berner"},"url":"https:\/\/www.organisator.ch\/it\/author\/thomas-berner\/"}]}},"_links":{"self":[{"href":"https:\/\/www.organisator.ch\/it\/wp-json\/wp\/v2\/posts\/6662","targetHints":{"allow":["GET"]}}],"collection":[{"href":"https:\/\/www.organisator.ch\/it\/wp-json\/wp\/v2\/posts"}],"about":[{"href":"https:\/\/www.organisator.ch\/it\/wp-json\/wp\/v2\/types\/post"}],"author":[{"embeddable":true,"href":"https:\/\/www.organisator.ch\/it\/wp-json\/wp\/v2\/users\/4"}],"replies":[{"embeddable":true,"href":"https:\/\/www.organisator.ch\/it\/wp-json\/wp\/v2\/comments?post=6662"}],"version-history":[{"count":0,"href":"https:\/\/www.organisator.ch\/it\/wp-json\/wp\/v2\/posts\/6662\/revisions"}],"wp:featuredmedia":[{"embeddable":true,"href":"https:\/\/www.organisator.ch\/it\/wp-json\/wp\/v2\/media\/6664"}],"wp:attachment":[{"href":"https:\/\/www.organisator.ch\/it\/wp-json\/wp\/v2\/media?parent=6662"}],"wp:term":[{"taxonomy":"category","embeddable":true,"href":"https:\/\/www.organisator.ch\/it\/wp-json\/wp\/v2\/categories?post=6662"},{"taxonomy":"post_tag","embeddable":true,"href":"https:\/\/www.organisator.ch\/it\/wp-json\/wp\/v2\/tags?post=6662"}],"curies":[{"name":"wp","href":"https:\/\/api.w.org\/{rel}","templated":true}]}}