{"id":6695,"date":"2020-05-14T08:20:59","date_gmt":"2020-05-14T06:20:59","guid":{"rendered":"https:\/\/www.organisator.ch\/?p=6695"},"modified":"2020-05-14T08:20:59","modified_gmt":"2020-05-14T06:20:59","slug":"fuehrende-personaldienstleister-wollen-gemeinsam-auswirkungen-des-coronavirus-eindaemmen","status":"publish","type":"post","link":"https:\/\/www.organisator.ch\/it\/human-resources\/hrm\/2020-05-14\/fuehrende-personaldienstleister-wollen-gemeinsam-auswirkungen-des-coronavirus-eindaemmen\/","title":{"rendered":"Le aziende leader nel settore del personale uniscono le forze per ridurre l'impatto del coronavirus"},"content":{"rendered":"<figure id=\"attachment_6696\" aria-describedby=\"caption-attachment-6696\" style=\"width: 680px\" class=\"wp-caption alignnone\"><img loading=\"lazy\" decoding=\"async\" class=\"size-medium wp-image-6696\" src=\"https:\/\/www.organisator.ch\/wp-content\/uploads\/2020\/05\/Fuehrende-Personaldienstleister-wollen-gemeinsam-Auswirkungen-des-Coronavirus-eindaemmen1_Organisator.jpg\" alt=\"\" width=\"680\" height=\"501\" srcset=\"https:\/\/www.organisator.ch\/wp-content\/uploads\/2020\/05\/Fuehrende-Personaldienstleister-wollen-gemeinsam-Auswirkungen-des-Coronavirus-eindaemmen1_Organisator.jpg 680w, https:\/\/www.organisator.ch\/wp-content\/uploads\/2020\/05\/Fuehrende-Personaldienstleister-wollen-gemeinsam-Auswirkungen-des-Coronavirus-eindaemmen1_Organisator-16x12.jpg 16w, https:\/\/www.organisator.ch\/wp-content\/uploads\/2020\/05\/Fuehrende-Personaldienstleister-wollen-gemeinsam-Auswirkungen-des-Coronavirus-eindaemmen1_Organisator-238x175.jpg 238w, https:\/\/www.organisator.ch\/wp-content\/uploads\/2020\/05\/Fuehrende-Personaldienstleister-wollen-gemeinsam-Auswirkungen-des-Coronavirus-eindaemmen1_Organisator-475x350.jpg 475w, https:\/\/www.organisator.ch\/wp-content\/uploads\/2020\/05\/Fuehrende-Personaldienstleister-wollen-gemeinsam-Auswirkungen-des-Coronavirus-eindaemmen1_Organisator-300x221.jpg 300w\" sizes=\"auto, (max-width: 680px) 100vw, 680px\" \/><figcaption id=\"caption-attachment-6696\" class=\"wp-caption-text\">Le principali societ\u00e0 di staffing stanno formando un'alleanza per aiutare le aziende a far tornare i loro dipendenti al lavoro in sicurezza. (Immagine: Randstad\/Adecco\/Manpower)<\/figcaption><\/figure>\n<p dir=\"ltr\">Tornare tranquillamente al lavoro nella nuova normalit\u00e0: questo \u00e8 probabilmente ci\u00f2 che la maggior parte di noi desidera in questo momento. Tre delle aziende leader mondiali del personale, Randstad, Adecco e Manpower, la vedono cos\u00ec e stanno unendo le forze in un'alleanza a questo scopo. L'obiettivo di questa cooperazione \u00e8 di minimizzare l'impatto negativo della pandemia di Corona sull'economia.<\/p>\n<h2 dir=\"ltr\">Strategie e scenari per un ritorno sicuro al lavoro<\/h2>\n<p dir=\"ltr\">Al fine di sostenere le aziende nel ritorno sicuro dei loro dipendenti sul posto di lavoro, l'Alleanza ha sviluppato strategie e scenari e li ha presentati in un<a href=\"https:\/\/www.randstad.ch\/workforce360\/safely-back-to-work-positioning-paper_de.pdf\" target=\"_blank\" rel=\"noopener noreferrer\"> Documento politico<\/a> pubblicato. I concetti di business, di personale e di lavoro devono essere adattati alla nuova realt\u00e0. Questo richiede know-how, competenza e un alto grado di flessibilit\u00e0. Qualit\u00e0 che i fornitori di servizi di personale, come il pi\u00f9 grande datore di lavoro del mondo, hanno dimostrato di possedere. \"Conosciamo il mercato del lavoro e i requisiti di salute e sicurezza specifici dell'industria. Questo ci rende un partner ideale per sostenere le aziende nel loro percorso di rinnovamento economico. E pu\u00f2 quindi contrastare una lunga e dolorosa recessione\", dice Taco de Vries, CEO Randstad Svizzera.<\/p>\n<h2 dir=\"ltr\">Guida utile per le imprese<\/h2>\n<p dir=\"ltr\">L'alleanza delle tre grandi aziende HR ha sviluppato un sistema globale e completo<a href=\"https:\/\/www.randstad.ch\/a-practical-guide-to-a-safe-restart.pdf\" target=\"_blank\" rel=\"noopener noreferrer\"> Collezione<\/a> di indicazioni concrete e misure create che sono state implementate con successo nelle aziende. Questa guida offre approcci pratici e innovativi all'organizzazione del lavoro e alla pianificazione della forza lavoro per la rivitalizzazione dell'economia. Pi\u00f9 velocemente le aziende e i lavoratori si adattano e si abituano alla nuova realt\u00e0, minore sar\u00e0 l'impatto economico.<\/p>\n<figure id=\"attachment_6697\" aria-describedby=\"caption-attachment-6697\" style=\"width: 680px\" class=\"wp-caption alignnone\"><img loading=\"lazy\" decoding=\"async\" class=\"size-medium wp-image-6697\" src=\"https:\/\/www.organisator.ch\/wp-content\/uploads\/2020\/05\/Fuehrende-Personaldienstleister-wollen-gemeinsam-Auswirkungen-des-Coronavirus-eindaemmen2_Organisator.jpg\" alt=\"\" width=\"680\" height=\"325\" srcset=\"https:\/\/www.organisator.ch\/wp-content\/uploads\/2020\/05\/Fuehrende-Personaldienstleister-wollen-gemeinsam-Auswirkungen-des-Coronavirus-eindaemmen2_Organisator.jpg 680w, https:\/\/www.organisator.ch\/wp-content\/uploads\/2020\/05\/Fuehrende-Personaldienstleister-wollen-gemeinsam-Auswirkungen-des-Coronavirus-eindaemmen2_Organisator-16x8.jpg 16w, https:\/\/www.organisator.ch\/wp-content\/uploads\/2020\/05\/Fuehrende-Personaldienstleister-wollen-gemeinsam-Auswirkungen-des-Coronavirus-eindaemmen2_Organisator-366x175.jpg 366w, https:\/\/www.organisator.ch\/wp-content\/uploads\/2020\/05\/Fuehrende-Personaldienstleister-wollen-gemeinsam-Auswirkungen-des-Coronavirus-eindaemmen2_Organisator-300x143.jpg 300w\" sizes=\"auto, (max-width: 680px) 100vw, 680px\" \/><figcaption id=\"caption-attachment-6697\" class=\"wp-caption-text\">Esempio dal <a href=\"https:\/\/www.randstad.ch\/workforce360\/safely-back-to-work-positioning-paper_de.pdf\">Documento di posizione<\/a>Per la determinazione dei livelli di rischio e la giusta strategia in circostanze speciali, si pu\u00f2 usare una versione adattata della NIOSH (National Institute for Occupational Safety and Health) Hierarchy of Controls. (Grafico: Randstad\/Adecco\/Manpower)<\/figcaption><\/figure>\n<h2 dir=\"ltr\">I fornitori di servizi per il personale invitano alla cooperazione<\/h2>\n<p dir=\"ltr\">L'Alleanza invita i datori di lavoro, i sindacati e le organizzazioni non governative a lavorare insieme. Allo stesso tempo, si rivolge ai governi per sostenere, stimolare e promuovere questi sforzi. Anche altre parti interessate sono chiamate a unire le loro forze. In questo modo, le aziende e i lavoratori possono tornare al lavoro in modo sicuro e produttivo.<\/p>","protected":false},"excerpt":{"rendered":"<p>Sicher zur\u00fcck an die Arbeit in der neuen Normalit\u00e4t: Das wollen derzeit wohl die meisten von uns. Dies sehen auch drei der weltweit f\u00fchrenden Personaldienstleister Randstad, Adecco und Manpower so und spannen zu diesem Zweck in einer Allianz zusammen. Ziel dieser Zusammenarbeit ist es, die negativen Auswirkungen der Corona-Pandemie auf die Wirtschaft so gering zu [&hellip;]<\/p>\n","protected":false},"author":4,"featured_media":6696,"comment_status":"closed","ping_status":"closed","sticky":false,"template":"","format":"standard","meta":{"_acf_changed":false,"_yoast_wpseo_focuskw":"Personaldienstleister","_yoast_wpseo_metadesc":"Die drei Personaldienstleister, Randstad, die Adecco Gruppe und Manpower, b\u00fcndeln ihr Wissen und ihre Kraft in einem nicht-kommerziellen B\u00fcndnis.","articlekey":"","footnotes":""},"categories":[26],"tags":[51,132,254,335,407],"class_list":["post-6695","post","type-post","status-publish","format-standard","has-post-thumbnail","hentry","category-hrm","tag-arbeitsplatzgestaltung","tag-coronavirus","tag-hrm","tag-management-und-unternehmensfuehrung","tag-recruiting"],"acf":[],"yoast_head":"<!-- This site is optimized with the Yoast SEO plugin v27.4 - https:\/\/yoast.com\/product\/yoast-seo-wordpress\/ -->\n<title>F\u00fchrende Personaldienstleister wollen gemeinsam Auswirkungen des Coronavirus eind\u00e4mmen - Organisator<\/title>\n<meta name=\"description\" content=\"Die drei Personaldienstleister, Randstad, die Adecco Gruppe und Manpower, b\u00fcndeln ihr Wissen und ihre Kraft in einem nicht-kommerziellen B\u00fcndnis.\" \/>\n<meta name=\"robots\" content=\"index, follow, max-snippet:-1, max-image-preview:large, max-video-preview:-1\" \/>\n<link rel=\"canonical\" href=\"https:\/\/www.organisator.ch\/it\/risorse-umane\/hrm\/2020-05-14\/fuehrende-personaldienstleister-wollen-gemeinsam-auswirkungen-des-coronavirus-eindaemmen\/\" \/>\n<meta property=\"og:locale\" content=\"it_IT\" \/>\n<meta property=\"og:type\" content=\"article\" \/>\n<meta property=\"og:title\" content=\"F\u00fchrende Personaldienstleister wollen gemeinsam Auswirkungen des Coronavirus eind\u00e4mmen\" \/>\n<meta property=\"og:description\" content=\"Die drei Personaldienstleister, Randstad, die Adecco Gruppe und Manpower, b\u00fcndeln ihr Wissen und ihre Kraft in einem nicht-kommerziellen B\u00fcndnis.\" \/>\n<meta property=\"og:url\" content=\"https:\/\/www.organisator.ch\/it\/risorse-umane\/hrm\/2020-05-14\/fuehrende-personaldienstleister-wollen-gemeinsam-auswirkungen-des-coronavirus-eindaemmen\/\" \/>\n<meta property=\"og:site_name\" content=\"Organisator\" \/>\n<meta property=\"article:publisher\" content=\"https:\/\/www.facebook.com\/OrganisatorFachmagazin\" \/>\n<meta property=\"article:published_time\" content=\"2020-05-14T06:20:59+00:00\" \/>\n<meta property=\"og:image\" content=\"https:\/\/www.organisator.ch\/wp-content\/uploads\/2020\/05\/Fuehrende-Personaldienstleister-wollen-gemeinsam-Auswirkungen-des-Coronavirus-eindaemmen1_Organisator.jpg\" \/>\n\t<meta property=\"og:image:width\" content=\"680\" \/>\n\t<meta property=\"og:image:height\" content=\"501\" \/>\n\t<meta property=\"og:image:type\" content=\"image\/jpeg\" \/>\n<meta name=\"author\" content=\"thomas.berner\" \/>\n<meta name=\"twitter:card\" content=\"summary_large_image\" \/>\n<meta name=\"twitter:title\" content=\"F\u00fchrende #Personaldienstleister wollen gemeinsam Auswirkungen des #Coronavirus eind\u00e4mmen\" \/>\n<meta name=\"twitter:description\" content=\"Die drei Personaldienstleister, Randstad, die Adecco Gruppe und Manpower, b\u00fcndeln ihr Wissen und ihre Kraft in einem nicht-kommerziellen B\u00fcndnis.\" \/>\n<meta name=\"twitter:image\" content=\"https:\/\/www.organisator.ch\/wp-content\/uploads\/2020\/05\/Fuehrende-Personaldienstleister-wollen-gemeinsam-Auswirkungen-des-Coronavirus-eindaemmen1_Organisator.jpg\" \/>\n<script type=\"application\/ld+json\" class=\"yoast-schema-graph\">{\"@context\":\"https:\\\/\\\/schema.org\",\"@graph\":[{\"@type\":\"Article\",\"@id\":\"https:\\\/\\\/www.organisator.ch\\\/human-resources\\\/hrm\\\/2020-05-14\\\/fuehrende-personaldienstleister-wollen-gemeinsam-auswirkungen-des-coronavirus-eindaemmen\\\/#article\",\"isPartOf\":{\"@id\":\"https:\\\/\\\/www.organisator.ch\\\/human-resources\\\/hrm\\\/2020-05-14\\\/fuehrende-personaldienstleister-wollen-gemeinsam-auswirkungen-des-coronavirus-eindaemmen\\\/\"},\"author\":{\"name\":\"thomas.berner\",\"@id\":\"https:\\\/\\\/www.organisator.ch\\\/#\\\/schema\\\/person\\\/6f650f90b2842cd4c0cc334b4e36f67e\"},\"headline\":\"F\u00fchrende Personaldienstleister wollen gemeinsam Auswirkungen des Coronavirus eind\u00e4mmen\",\"datePublished\":\"2020-05-14T06:20:59+00:00\",\"mainEntityOfPage\":{\"@id\":\"https:\\\/\\\/www.organisator.ch\\\/human-resources\\\/hrm\\\/2020-05-14\\\/fuehrende-personaldienstleister-wollen-gemeinsam-auswirkungen-des-coronavirus-eindaemmen\\\/\"},\"wordCount\":412,\"publisher\":{\"@id\":\"https:\\\/\\\/www.organisator.ch\\\/#organization\"},\"image\":{\"@id\":\"https:\\\/\\\/www.organisator.ch\\\/human-resources\\\/hrm\\\/2020-05-14\\\/fuehrende-personaldienstleister-wollen-gemeinsam-auswirkungen-des-coronavirus-eindaemmen\\\/#primaryimage\"},\"thumbnailUrl\":\"https:\\\/\\\/www.organisator.ch\\\/wp-content\\\/uploads\\\/2020\\\/05\\\/Fuehrende-Personaldienstleister-wollen-gemeinsam-Auswirkungen-des-Coronavirus-eindaemmen1_Organisator.jpg\",\"keywords\":[\"Arbeitsplatzgestaltung\",\"Coronavirus\",\"HRM\",\"Management und Unternehmensf\u00fchrung\",\"Recruiting\"],\"articleSection\":[\"HRM\"],\"inLanguage\":\"it-IT\"},{\"@type\":\"WebPage\",\"@id\":\"https:\\\/\\\/www.organisator.ch\\\/human-resources\\\/hrm\\\/2020-05-14\\\/fuehrende-personaldienstleister-wollen-gemeinsam-auswirkungen-des-coronavirus-eindaemmen\\\/\",\"url\":\"https:\\\/\\\/www.organisator.ch\\\/human-resources\\\/hrm\\\/2020-05-14\\\/fuehrende-personaldienstleister-wollen-gemeinsam-auswirkungen-des-coronavirus-eindaemmen\\\/\",\"name\":\"F\u00fchrende Personaldienstleister wollen gemeinsam Auswirkungen des Coronavirus eind\u00e4mmen - Organisator\",\"isPartOf\":{\"@id\":\"https:\\\/\\\/www.organisator.ch\\\/#website\"},\"primaryImageOfPage\":{\"@id\":\"https:\\\/\\\/www.organisator.ch\\\/human-resources\\\/hrm\\\/2020-05-14\\\/fuehrende-personaldienstleister-wollen-gemeinsam-auswirkungen-des-coronavirus-eindaemmen\\\/#primaryimage\"},\"image\":{\"@id\":\"https:\\\/\\\/www.organisator.ch\\\/human-resources\\\/hrm\\\/2020-05-14\\\/fuehrende-personaldienstleister-wollen-gemeinsam-auswirkungen-des-coronavirus-eindaemmen\\\/#primaryimage\"},\"thumbnailUrl\":\"https:\\\/\\\/www.organisator.ch\\\/wp-content\\\/uploads\\\/2020\\\/05\\\/Fuehrende-Personaldienstleister-wollen-gemeinsam-Auswirkungen-des-Coronavirus-eindaemmen1_Organisator.jpg\",\"datePublished\":\"2020-05-14T06:20:59+00:00\",\"description\":\"Die drei Personaldienstleister, Randstad, die Adecco Gruppe und Manpower, b\u00fcndeln ihr Wissen und ihre Kraft in einem nicht-kommerziellen B\u00fcndnis.\",\"breadcrumb\":{\"@id\":\"https:\\\/\\\/www.organisator.ch\\\/human-resources\\\/hrm\\\/2020-05-14\\\/fuehrende-personaldienstleister-wollen-gemeinsam-auswirkungen-des-coronavirus-eindaemmen\\\/#breadcrumb\"},\"inLanguage\":\"it-IT\",\"potentialAction\":[{\"@type\":\"ReadAction\",\"target\":[\"https:\\\/\\\/www.organisator.ch\\\/human-resources\\\/hrm\\\/2020-05-14\\\/fuehrende-personaldienstleister-wollen-gemeinsam-auswirkungen-des-coronavirus-eindaemmen\\\/\"]}]},{\"@type\":\"ImageObject\",\"inLanguage\":\"it-IT\",\"@id\":\"https:\\\/\\\/www.organisator.ch\\\/human-resources\\\/hrm\\\/2020-05-14\\\/fuehrende-personaldienstleister-wollen-gemeinsam-auswirkungen-des-coronavirus-eindaemmen\\\/#primaryimage\",\"url\":\"https:\\\/\\\/www.organisator.ch\\\/wp-content\\\/uploads\\\/2020\\\/05\\\/Fuehrende-Personaldienstleister-wollen-gemeinsam-Auswirkungen-des-Coronavirus-eindaemmen1_Organisator.jpg\",\"contentUrl\":\"https:\\\/\\\/www.organisator.ch\\\/wp-content\\\/uploads\\\/2020\\\/05\\\/Fuehrende-Personaldienstleister-wollen-gemeinsam-Auswirkungen-des-Coronavirus-eindaemmen1_Organisator.jpg\",\"width\":680,\"height\":501,\"caption\":\"F\u00fchrende Personaldienstleister bilden eine Allianz, um Unternehmen zu helfen, ihre Mitarbeitenden wieder sicher an ihre Arbeitspl\u00e4tze zur\u00fcckzuf\u00fchren. (Bild: Randstad\\\/Adecco\\\/Manpower)\"},{\"@type\":\"BreadcrumbList\",\"@id\":\"https:\\\/\\\/www.organisator.ch\\\/human-resources\\\/hrm\\\/2020-05-14\\\/fuehrende-personaldienstleister-wollen-gemeinsam-auswirkungen-des-coronavirus-eindaemmen\\\/#breadcrumb\",\"itemListElement\":[{\"@type\":\"ListItem\",\"position\":1,\"name\":\"Home\",\"item\":\"https:\\\/\\\/www.organisator.ch\\\/\"},{\"@type\":\"ListItem\",\"position\":2,\"name\":\"F\u00fchrende Personaldienstleister wollen gemeinsam Auswirkungen des Coronavirus eind\u00e4mmen\"}]},{\"@type\":\"WebSite\",\"@id\":\"https:\\\/\\\/www.organisator.ch\\\/#website\",\"url\":\"https:\\\/\\\/www.organisator.ch\\\/\",\"name\":\"Organisator\",\"description\":\"Kompetent. Praxisnah. Der ORGANISATOR bereitet in 10 Ausgaben pro Jahr die wesentlichen Themen f\u00fcr F\u00fchrungskr\u00e4fte von KMU auf.\",\"publisher\":{\"@id\":\"https:\\\/\\\/www.organisator.ch\\\/#organization\"},\"potentialAction\":[{\"@type\":\"SearchAction\",\"target\":{\"@type\":\"EntryPoint\",\"urlTemplate\":\"https:\\\/\\\/www.organisator.ch\\\/?s={search_term_string}\"},\"query-input\":{\"@type\":\"PropertyValueSpecification\",\"valueRequired\":true,\"valueName\":\"search_term_string\"}}],\"inLanguage\":\"it-IT\"},{\"@type\":\"Organization\",\"@id\":\"https:\\\/\\\/www.organisator.ch\\\/#organization\",\"name\":\"Organisator\",\"url\":\"https:\\\/\\\/www.organisator.ch\\\/\",\"logo\":{\"@type\":\"ImageObject\",\"inLanguage\":\"it-IT\",\"@id\":\"https:\\\/\\\/www.organisator.ch\\\/#\\\/schema\\\/logo\\\/image\\\/\",\"url\":\"https:\\\/\\\/www.organisator.ch\\\/wp-content\\\/uploads\\\/2022\\\/01\\\/Logo_Organisator_Website.png\",\"contentUrl\":\"https:\\\/\\\/www.organisator.ch\\\/wp-content\\\/uploads\\\/2022\\\/01\\\/Logo_Organisator_Website.png\",\"width\":800,\"height\":77,\"caption\":\"Organisator\"},\"image\":{\"@id\":\"https:\\\/\\\/www.organisator.ch\\\/#\\\/schema\\\/logo\\\/image\\\/\"},\"sameAs\":[\"https:\\\/\\\/www.facebook.com\\\/OrganisatorFachmagazin\",\"https:\\\/\\\/www.linkedin.com\\\/showcase\\\/organisator-das-magazin-fr-kmu\",\"https:\\\/\\\/www.xing.com\\\/news\\\/pages\\\/organisator-ch-695\",\"https:\\\/\\\/www.youtube.com\\\/channel\\\/UCGP2Sq0iWaZwT3BdIAQFYpw\"]},{\"@type\":\"Person\",\"@id\":\"https:\\\/\\\/www.organisator.ch\\\/#\\\/schema\\\/person\\\/6f650f90b2842cd4c0cc334b4e36f67e\",\"name\":\"thomas.berner\",\"image\":{\"@type\":\"ImageObject\",\"inLanguage\":\"it-IT\",\"@id\":\"https:\\\/\\\/secure.gravatar.com\\\/avatar\\\/ac5001d2a36cb6c6cd3e50789007ffca834b477b74a2144564522e944eabff61?s=96&d=mm&r=g\",\"url\":\"https:\\\/\\\/secure.gravatar.com\\\/avatar\\\/ac5001d2a36cb6c6cd3e50789007ffca834b477b74a2144564522e944eabff61?s=96&d=mm&r=g\",\"contentUrl\":\"https:\\\/\\\/secure.gravatar.com\\\/avatar\\\/ac5001d2a36cb6c6cd3e50789007ffca834b477b74a2144564522e944eabff61?s=96&d=mm&r=g\",\"caption\":\"thomas.berner\"},\"url\":\"https:\\\/\\\/www.organisator.ch\\\/it\\\/author\\\/thomas-berner\\\/\"}]}<\/script>\n<!-- \/ Yoast SEO plugin. -->","yoast_head_json":{"title":"Le principali agenzie di reclutamento uniscono le forze per contenere l'impatto del coronavirus - Organizzatore","description":"Le tre societ\u00e0 di staffing, Randstad, Adecco Group e Manpower, uniscono le loro conoscenze e la loro forza in un'alleanza non commerciale.","robots":{"index":"index","follow":"follow","max-snippet":"max-snippet:-1","max-image-preview":"max-image-preview:large","max-video-preview":"max-video-preview:-1"},"canonical":"https:\/\/www.organisator.ch\/it\/risorse-umane\/hrm\/2020-05-14\/fuehrende-personaldienstleister-wollen-gemeinsam-auswirkungen-des-coronavirus-eindaemmen\/","og_locale":"it_IT","og_type":"article","og_title":"F\u00fchrende Personaldienstleister wollen gemeinsam Auswirkungen des Coronavirus eind\u00e4mmen","og_description":"Die drei Personaldienstleister, Randstad, die Adecco Gruppe und Manpower, b\u00fcndeln ihr Wissen und ihre Kraft in einem nicht-kommerziellen B\u00fcndnis.","og_url":"https:\/\/www.organisator.ch\/it\/risorse-umane\/hrm\/2020-05-14\/fuehrende-personaldienstleister-wollen-gemeinsam-auswirkungen-des-coronavirus-eindaemmen\/","og_site_name":"Organisator","article_publisher":"https:\/\/www.facebook.com\/OrganisatorFachmagazin","article_published_time":"2020-05-14T06:20:59+00:00","og_image":[{"width":680,"height":501,"url":"https:\/\/www.organisator.ch\/wp-content\/uploads\/2020\/05\/Fuehrende-Personaldienstleister-wollen-gemeinsam-Auswirkungen-des-Coronavirus-eindaemmen1_Organisator.jpg","type":"image\/jpeg"}],"author":"thomas.berner","twitter_card":"summary_large_image","twitter_title":"F\u00fchrende #Personaldienstleister wollen gemeinsam Auswirkungen des #Coronavirus eind\u00e4mmen","twitter_description":"Die drei Personaldienstleister, Randstad, die Adecco Gruppe und Manpower, b\u00fcndeln ihr Wissen und ihre Kraft in einem nicht-kommerziellen B\u00fcndnis.","twitter_image":"https:\/\/www.organisator.ch\/wp-content\/uploads\/2020\/05\/Fuehrende-Personaldienstleister-wollen-gemeinsam-Auswirkungen-des-Coronavirus-eindaemmen1_Organisator.jpg","schema":{"@context":"https:\/\/schema.org","@graph":[{"@type":"Article","@id":"https:\/\/www.organisator.ch\/human-resources\/hrm\/2020-05-14\/fuehrende-personaldienstleister-wollen-gemeinsam-auswirkungen-des-coronavirus-eindaemmen\/#article","isPartOf":{"@id":"https:\/\/www.organisator.ch\/human-resources\/hrm\/2020-05-14\/fuehrende-personaldienstleister-wollen-gemeinsam-auswirkungen-des-coronavirus-eindaemmen\/"},"author":{"name":"thomas.berner","@id":"https:\/\/www.organisator.ch\/#\/schema\/person\/6f650f90b2842cd4c0cc334b4e36f67e"},"headline":"F\u00fchrende Personaldienstleister wollen gemeinsam Auswirkungen des Coronavirus eind\u00e4mmen","datePublished":"2020-05-14T06:20:59+00:00","mainEntityOfPage":{"@id":"https:\/\/www.organisator.ch\/human-resources\/hrm\/2020-05-14\/fuehrende-personaldienstleister-wollen-gemeinsam-auswirkungen-des-coronavirus-eindaemmen\/"},"wordCount":412,"publisher":{"@id":"https:\/\/www.organisator.ch\/#organization"},"image":{"@id":"https:\/\/www.organisator.ch\/human-resources\/hrm\/2020-05-14\/fuehrende-personaldienstleister-wollen-gemeinsam-auswirkungen-des-coronavirus-eindaemmen\/#primaryimage"},"thumbnailUrl":"https:\/\/www.organisator.ch\/wp-content\/uploads\/2020\/05\/Fuehrende-Personaldienstleister-wollen-gemeinsam-Auswirkungen-des-Coronavirus-eindaemmen1_Organisator.jpg","keywords":["Arbeitsplatzgestaltung","Coronavirus","HRM","Management und Unternehmensf\u00fchrung","Recruiting"],"articleSection":["HRM"],"inLanguage":"it-IT"},{"@type":"WebPage","@id":"https:\/\/www.organisator.ch\/human-resources\/hrm\/2020-05-14\/fuehrende-personaldienstleister-wollen-gemeinsam-auswirkungen-des-coronavirus-eindaemmen\/","url":"https:\/\/www.organisator.ch\/human-resources\/hrm\/2020-05-14\/fuehrende-personaldienstleister-wollen-gemeinsam-auswirkungen-des-coronavirus-eindaemmen\/","name":"Le principali agenzie di reclutamento uniscono le forze per contenere l'impatto del coronavirus - Organizzatore","isPartOf":{"@id":"https:\/\/www.organisator.ch\/#website"},"primaryImageOfPage":{"@id":"https:\/\/www.organisator.ch\/human-resources\/hrm\/2020-05-14\/fuehrende-personaldienstleister-wollen-gemeinsam-auswirkungen-des-coronavirus-eindaemmen\/#primaryimage"},"image":{"@id":"https:\/\/www.organisator.ch\/human-resources\/hrm\/2020-05-14\/fuehrende-personaldienstleister-wollen-gemeinsam-auswirkungen-des-coronavirus-eindaemmen\/#primaryimage"},"thumbnailUrl":"https:\/\/www.organisator.ch\/wp-content\/uploads\/2020\/05\/Fuehrende-Personaldienstleister-wollen-gemeinsam-Auswirkungen-des-Coronavirus-eindaemmen1_Organisator.jpg","datePublished":"2020-05-14T06:20:59+00:00","description":"Le tre societ\u00e0 di staffing, Randstad, Adecco Group e Manpower, uniscono le loro conoscenze e la loro forza in un'alleanza non commerciale.","breadcrumb":{"@id":"https:\/\/www.organisator.ch\/human-resources\/hrm\/2020-05-14\/fuehrende-personaldienstleister-wollen-gemeinsam-auswirkungen-des-coronavirus-eindaemmen\/#breadcrumb"},"inLanguage":"it-IT","potentialAction":[{"@type":"ReadAction","target":["https:\/\/www.organisator.ch\/human-resources\/hrm\/2020-05-14\/fuehrende-personaldienstleister-wollen-gemeinsam-auswirkungen-des-coronavirus-eindaemmen\/"]}]},{"@type":"ImageObject","inLanguage":"it-IT","@id":"https:\/\/www.organisator.ch\/human-resources\/hrm\/2020-05-14\/fuehrende-personaldienstleister-wollen-gemeinsam-auswirkungen-des-coronavirus-eindaemmen\/#primaryimage","url":"https:\/\/www.organisator.ch\/wp-content\/uploads\/2020\/05\/Fuehrende-Personaldienstleister-wollen-gemeinsam-Auswirkungen-des-Coronavirus-eindaemmen1_Organisator.jpg","contentUrl":"https:\/\/www.organisator.ch\/wp-content\/uploads\/2020\/05\/Fuehrende-Personaldienstleister-wollen-gemeinsam-Auswirkungen-des-Coronavirus-eindaemmen1_Organisator.jpg","width":680,"height":501,"caption":"F\u00fchrende Personaldienstleister bilden eine Allianz, um Unternehmen zu helfen, ihre Mitarbeitenden wieder sicher an ihre Arbeitspl\u00e4tze zur\u00fcckzuf\u00fchren. (Bild: Randstad\/Adecco\/Manpower)"},{"@type":"BreadcrumbList","@id":"https:\/\/www.organisator.ch\/human-resources\/hrm\/2020-05-14\/fuehrende-personaldienstleister-wollen-gemeinsam-auswirkungen-des-coronavirus-eindaemmen\/#breadcrumb","itemListElement":[{"@type":"ListItem","position":1,"name":"Home","item":"https:\/\/www.organisator.ch\/"},{"@type":"ListItem","position":2,"name":"F\u00fchrende Personaldienstleister wollen gemeinsam Auswirkungen des Coronavirus eind\u00e4mmen"}]},{"@type":"WebSite","@id":"https:\/\/www.organisator.ch\/#website","url":"https:\/\/www.organisator.ch\/","name":"Organizzatore","description":"Competente. Pratico. In 10 numeri all'anno, ORGANISATOR presenta i temi essenziali per i manager delle PMI.","publisher":{"@id":"https:\/\/www.organisator.ch\/#organization"},"potentialAction":[{"@type":"SearchAction","target":{"@type":"EntryPoint","urlTemplate":"https:\/\/www.organisator.ch\/?s={search_term_string}"},"query-input":{"@type":"PropertyValueSpecification","valueRequired":true,"valueName":"search_term_string"}}],"inLanguage":"it-IT"},{"@type":"Organization","@id":"https:\/\/www.organisator.ch\/#organization","name":"Organizzatore","url":"https:\/\/www.organisator.ch\/","logo":{"@type":"ImageObject","inLanguage":"it-IT","@id":"https:\/\/www.organisator.ch\/#\/schema\/logo\/image\/","url":"https:\/\/www.organisator.ch\/wp-content\/uploads\/2022\/01\/Logo_Organisator_Website.png","contentUrl":"https:\/\/www.organisator.ch\/wp-content\/uploads\/2022\/01\/Logo_Organisator_Website.png","width":800,"height":77,"caption":"Organisator"},"image":{"@id":"https:\/\/www.organisator.ch\/#\/schema\/logo\/image\/"},"sameAs":["https:\/\/www.facebook.com\/OrganisatorFachmagazin","https:\/\/www.linkedin.com\/showcase\/organisator-das-magazin-fr-kmu","https:\/\/www.xing.com\/news\/pages\/organisator-ch-695","https:\/\/www.youtube.com\/channel\/UCGP2Sq0iWaZwT3BdIAQFYpw"]},{"@type":"Person","@id":"https:\/\/www.organisator.ch\/#\/schema\/person\/6f650f90b2842cd4c0cc334b4e36f67e","name":"Tommaso.berner","image":{"@type":"ImageObject","inLanguage":"it-IT","@id":"https:\/\/secure.gravatar.com\/avatar\/ac5001d2a36cb6c6cd3e50789007ffca834b477b74a2144564522e944eabff61?s=96&d=mm&r=g","url":"https:\/\/secure.gravatar.com\/avatar\/ac5001d2a36cb6c6cd3e50789007ffca834b477b74a2144564522e944eabff61?s=96&d=mm&r=g","contentUrl":"https:\/\/secure.gravatar.com\/avatar\/ac5001d2a36cb6c6cd3e50789007ffca834b477b74a2144564522e944eabff61?s=96&d=mm&r=g","caption":"thomas.berner"},"url":"https:\/\/www.organisator.ch\/it\/author\/thomas-berner\/"}]}},"_links":{"self":[{"href":"https:\/\/www.organisator.ch\/it\/wp-json\/wp\/v2\/posts\/6695","targetHints":{"allow":["GET"]}}],"collection":[{"href":"https:\/\/www.organisator.ch\/it\/wp-json\/wp\/v2\/posts"}],"about":[{"href":"https:\/\/www.organisator.ch\/it\/wp-json\/wp\/v2\/types\/post"}],"author":[{"embeddable":true,"href":"https:\/\/www.organisator.ch\/it\/wp-json\/wp\/v2\/users\/4"}],"replies":[{"embeddable":true,"href":"https:\/\/www.organisator.ch\/it\/wp-json\/wp\/v2\/comments?post=6695"}],"version-history":[{"count":0,"href":"https:\/\/www.organisator.ch\/it\/wp-json\/wp\/v2\/posts\/6695\/revisions"}],"wp:featuredmedia":[{"embeddable":true,"href":"https:\/\/www.organisator.ch\/it\/wp-json\/wp\/v2\/media\/6696"}],"wp:attachment":[{"href":"https:\/\/www.organisator.ch\/it\/wp-json\/wp\/v2\/media?parent=6695"}],"wp:term":[{"taxonomy":"category","embeddable":true,"href":"https:\/\/www.organisator.ch\/it\/wp-json\/wp\/v2\/categories?post=6695"},{"taxonomy":"post_tag","embeddable":true,"href":"https:\/\/www.organisator.ch\/it\/wp-json\/wp\/v2\/tags?post=6695"}],"curies":[{"name":"wp","href":"https:\/\/api.w.org\/{rel}","templated":true}]}}