{"id":6718,"date":"2020-05-18T09:18:08","date_gmt":"2020-05-18T07:18:08","guid":{"rendered":"https:\/\/www.organisator.ch\/?p=6718"},"modified":"2020-05-18T09:18:08","modified_gmt":"2020-05-18T07:18:08","slug":"generationenwechsel-bei-rausch-ag-kreuzlingen","status":"publish","type":"post","link":"https:\/\/www.organisator.ch\/it\/management\/2020-05-18\/generationenwechsel-bei-rausch-ag-kreuzlingen\/","title":{"rendered":"Cambio di generazione alla Rausch AG Kreuzlingen"},"content":{"rendered":"<figure id=\"attachment_6719\" aria-describedby=\"caption-attachment-6719\" style=\"width: 680px\" class=\"wp-caption alignnone\"><img loading=\"lazy\" decoding=\"async\" class=\"size-medium wp-image-6719\" src=\"https:\/\/www.organisator.ch\/wp-content\/uploads\/2020\/05\/Generationenwechsel-bei-Rausch-AG-Kreuzlingen_Organisator.jpg\" alt=\"\" width=\"680\" height=\"453\" srcset=\"https:\/\/www.organisator.ch\/wp-content\/uploads\/2020\/05\/Generationenwechsel-bei-Rausch-AG-Kreuzlingen_Organisator.jpg 680w, https:\/\/www.organisator.ch\/wp-content\/uploads\/2020\/05\/Generationenwechsel-bei-Rausch-AG-Kreuzlingen_Organisator-16x12.jpg 16w, https:\/\/www.organisator.ch\/wp-content\/uploads\/2020\/05\/Generationenwechsel-bei-Rausch-AG-Kreuzlingen_Organisator-263x175.jpg 263w, https:\/\/www.organisator.ch\/wp-content\/uploads\/2020\/05\/Generationenwechsel-bei-Rausch-AG-Kreuzlingen_Organisator-525x350.jpg 525w, https:\/\/www.organisator.ch\/wp-content\/uploads\/2020\/05\/Generationenwechsel-bei-Rausch-AG-Kreuzlingen_Organisator-300x200.jpg 300w\" sizes=\"auto, (max-width: 680px) 100vw, 680px\" \/><figcaption id=\"caption-attachment-6719\" class=\"wp-caption-text\">Completamento del cambio di generazione alla Rausch AG Kreuzlingen: Tom, Marco e Lucas Baumann. (Immagine: Rausch AG Kreuzlingen)<\/figcaption><\/figure>\n<p>Cambio di generazione alla Rausch AG di Kreuzlingen: I due figli Lucas Baumann (41) e Tom Baumann (39) rilevano dal padre la maggioranza delle azioni della Rausch AG Kreuzlingen. Marco Baumann, che \u00e8 entrato nell'azienda nel 1968 e l'ha guidata con grande successo dal 1974 al 2016, rinuncia alla presidenza del consiglio di amministrazione e si dimette anche dal consiglio. Peter Muri, avvocato e membro di lunga data del consiglio di amministrazione, assumer\u00e0 ora la carica di presidente del consiglio di amministrazione dell'azienda a conduzione familiare. \"\u00c8 un grande piacere per me affidare il timone della nostra azienda tradizionale alla prossima generazione e guidare cos\u00ec il marchio RAUSCH nel futuro\", dice Marco Baumann a proposito del cambio di generazione.<\/p>\n<h2>Cambio di generazione ora completo<\/h2>\n<p>Il futuro dell'azienda familiare di 130 anni nella Svizzera orientale \u00e8 cos\u00ec assicurato. I due figli di Marco Baumann, Lucas Baumann e Tom Baumann, rilevano una quota uguale della maggioranza delle azioni della Rausch AG Kreuzlingen. Marco Baumann rimane associato all'azienda come azionista di minoranza. Con le dimissioni di Marco Baumann, cambia anche la costellazione del consiglio di amministrazione. Peter Muri, membro di lunga data del consiglio di amministrazione, assumer\u00e0 la carica di presidente. L'ex membro del consiglio Rolf G. Schmid rimane delegato del consiglio. Insieme ai suoi due figli Lucas Baumann e Tom Baumann, che rimangono nel consiglio di amministrazione, la visione e gli obiettivi strategici dell'azienda saranno ridefiniti e sviluppati ulteriormente. Non c'\u00e8 nessun cambiamento nella gestione operativa. Lucas Baumann, che \u00e8 rientrato nell'azienda nel 2012 come responsabile del marketing e della comunicazione e che gi\u00e0 dal 2016 ricopre il ruolo di CEO, continuer\u00e0 ad essere responsabile della gestione operativa dell'azienda. Suo fratello Tom si unir\u00e0 al consiglio di amministrazione.<\/p>\n<h2>La storia di successo di Marco Baumann<\/h2>\n<p>Nel 1968, Marco Baumann si \u00e8 unito all'azienda nel servizio d'ufficio e sul campo. Fin dall'infanzia, ha aiutato nella raccolta e nella produzione delle erbe. \"Sono bei ricordi. Camomilla, equiseto, piantaggine, malva, ortica e salvia - queste piante sono la mia vita\", guarda indietro l'ambizioso ed esperto imprenditore, che all'inizio ha visitato ogni farmacia e farmacia in Svizzera e 7000 parrucchieri per presentare le sue specialit\u00e0 di cura a base di erbe. Nel 1974, Marco Baumann e suo fratello Dr. J. Alexander Baumann hanno trasformato l'azienda in Rausch AG Kreuzlingen e l'hanno gestita insieme con successo fino al 2006, quando Marco Baumann ha agito come unico proprietario e amministratore delegato fino al 2016. Ad oggi, l'azienda si \u00e8 sviluppata da 15 dipendenti a una societ\u00e0 internazionale che opera in 27 paesi con oltre 160 dipendenti. \"La storia di successo di nostro padre \u00e8 unica. Ha sviluppato l'azienda in uno dei pi\u00f9 importanti datori di lavoro nella regione di Kreuzlingen e ha posizionato con successo il marchio anche in un ambiente altamente competitivo. Siamo felici di poter continuare a scrivere questa storia di successo\", dicono Tom e Lucas Baumann.<\/p>\n<h2>Uno sguardo al futuro<\/h2>\n<p>La famiglia Baumann e il consiglio di amministrazione si attengono all'unica filosofia aziendale. \"Con oltre un secolo di esperienza, estraiamo i loro principi attivi naturali da erbe raccolte a mano con processi interni e mettiamo questo tesoro a disposizione dei nostri clienti. Unico e inconfondibile - grazie alle migliori materie prime e all'alta qualit\u00e0. La compatibilit\u00e0 ambientale e la sostenibilit\u00e0 sono per noi una cosa ovvia. Allineeremo ancora di pi\u00f9 il marchio RAUSCH alle esigenze dei gruppi target e condurremo l'azienda nell'era digitale\", dice Lucas Baumann.<\/p>\n<p><em>Fonte: <a href=\"http:\/\/www.rausch.ch\">Rausch AG Kreuzlingen<\/a><\/em><\/p>","protected":false},"excerpt":{"rendered":"<p>Generationenwechsel bei Rausch AG in Kreuzlingen: Die beiden S\u00f6hne Lucas Baumann (41) und Tom Baumann (39) \u00fcbernehmen von ihrem Vater die Aktienmehrheit der Rausch AG Kreuzlingen. Marco Baumann, der 1968 in das Unternehmen eintrat und es von 1974 bis 2016 sehr erfolgreich f\u00fchrte, gibt das Verwaltungsratspr\u00e4sidium ab und tritt auch aus dem Verwaltungsrat aus. Neu [&hellip;]<\/p>\n","protected":false},"author":4,"featured_media":6719,"comment_status":"closed","ping_status":"closed","sticky":false,"template":"","format":"standard","meta":{"_acf_changed":false,"_yoast_wpseo_focuskw":"Generationenwechsel bei Rausch","_yoast_wpseo_metadesc":"Generationenwechsel bei Rausch AG in der Eigent\u00fcmerschaft und Ver\u00e4nderungen im Verwaltungsrat: Ein Traditionsunternehmen sichert seine Zukunft.","articlekey":"","footnotes":""},"categories":[28],"tags":[207,334,492],"class_list":["post-6718","post","type-post","status-publish","format-standard","has-post-thumbnail","hentry","category-management","tag-firmennachfolge","tag-management","tag-unternehmen"],"acf":[],"yoast_head":"<!-- This site is optimized with the Yoast SEO plugin v27.5 - https:\/\/yoast.com\/product\/yoast-seo-wordpress\/ -->\n<title>Generationenwechsel bei Rausch AG Kreuzlingen - Organisator<\/title>\n<meta name=\"description\" content=\"Generationenwechsel bei Rausch AG in der Eigent\u00fcmerschaft und Ver\u00e4nderungen im Verwaltungsrat: Ein Traditionsunternehmen sichert seine Zukunft.\" \/>\n<meta name=\"robots\" content=\"index, follow, max-snippet:-1, max-image-preview:large, max-video-preview:-1\" \/>\n<link rel=\"canonical\" href=\"https:\/\/www.organisator.ch\/it\/gestione-2\/2020-05-18\/generationenwechsel-bei-rausch-ag-kreuzlingen\/\" \/>\n<meta property=\"og:locale\" content=\"it_IT\" \/>\n<meta property=\"og:type\" content=\"article\" \/>\n<meta property=\"og:title\" content=\"Generationenwechsel bei Rausch AG Kreuzlingen\" \/>\n<meta property=\"og:description\" content=\"Generationenwechsel bei Rausch AG in der Eigent\u00fcmerschaft und Ver\u00e4nderungen im Verwaltungsrat: Ein Traditionsunternehmen sichert seine Zukunft.\" \/>\n<meta property=\"og:url\" content=\"https:\/\/www.organisator.ch\/it\/gestione-2\/2020-05-18\/generationenwechsel-bei-rausch-ag-kreuzlingen\/\" \/>\n<meta property=\"og:site_name\" content=\"Organisator\" \/>\n<meta property=\"article:publisher\" content=\"https:\/\/www.facebook.com\/OrganisatorFachmagazin\" \/>\n<meta property=\"article:published_time\" content=\"2020-05-18T07:18:08+00:00\" \/>\n<meta property=\"og:image\" content=\"https:\/\/www.organisator.ch\/wp-content\/uploads\/2020\/05\/Generationenwechsel-bei-Rausch-AG-Kreuzlingen_Organisator.jpg\" \/>\n\t<meta property=\"og:image:width\" content=\"680\" \/>\n\t<meta property=\"og:image:height\" content=\"453\" \/>\n\t<meta property=\"og:image:type\" content=\"image\/jpeg\" \/>\n<meta name=\"author\" content=\"thomas.berner\" \/>\n<meta name=\"twitter:card\" content=\"summary_large_image\" \/>\n<meta name=\"twitter:title\" content=\"#Generationenwechsel bei Rausch AG Kreuzlingen\" \/>\n<meta name=\"twitter:description\" content=\"#Generationenwechsel bei #Rausch AG in der Eigent\u00fcmerschaft und Ver\u00e4nderungen im Verwaltungsrat: Ein #Traditionsunternehmen sichert seine Zukunft.\" \/>\n<meta name=\"twitter:image\" content=\"https:\/\/www.organisator.ch\/wp-content\/uploads\/2020\/05\/Generationenwechsel-bei-Rausch-AG-Kreuzlingen_Organisator.jpg\" \/>\n<script type=\"application\/ld+json\" class=\"yoast-schema-graph\">{\"@context\":\"https:\\\/\\\/schema.org\",\"@graph\":[{\"@type\":\"Article\",\"@id\":\"https:\\\/\\\/www.organisator.ch\\\/management\\\/2020-05-18\\\/generationenwechsel-bei-rausch-ag-kreuzlingen\\\/#article\",\"isPartOf\":{\"@id\":\"https:\\\/\\\/www.organisator.ch\\\/management\\\/2020-05-18\\\/generationenwechsel-bei-rausch-ag-kreuzlingen\\\/\"},\"author\":{\"name\":\"thomas.berner\",\"@id\":\"https:\\\/\\\/www.organisator.ch\\\/#\\\/schema\\\/person\\\/6f650f90b2842cd4c0cc334b4e36f67e\"},\"headline\":\"Generationenwechsel bei Rausch AG Kreuzlingen\",\"datePublished\":\"2020-05-18T07:18:08+00:00\",\"mainEntityOfPage\":{\"@id\":\"https:\\\/\\\/www.organisator.ch\\\/management\\\/2020-05-18\\\/generationenwechsel-bei-rausch-ag-kreuzlingen\\\/\"},\"wordCount\":552,\"publisher\":{\"@id\":\"https:\\\/\\\/www.organisator.ch\\\/#organization\"},\"image\":{\"@id\":\"https:\\\/\\\/www.organisator.ch\\\/management\\\/2020-05-18\\\/generationenwechsel-bei-rausch-ag-kreuzlingen\\\/#primaryimage\"},\"thumbnailUrl\":\"https:\\\/\\\/www.organisator.ch\\\/wp-content\\\/uploads\\\/2020\\\/05\\\/Generationenwechsel-bei-Rausch-AG-Kreuzlingen_Organisator.jpg\",\"keywords\":[\"Firmennachfolge\",\"Management\",\"Unternehmen\"],\"articleSection\":[\"MANAGEMENT\"],\"inLanguage\":\"it-IT\"},{\"@type\":\"WebPage\",\"@id\":\"https:\\\/\\\/www.organisator.ch\\\/management\\\/2020-05-18\\\/generationenwechsel-bei-rausch-ag-kreuzlingen\\\/\",\"url\":\"https:\\\/\\\/www.organisator.ch\\\/management\\\/2020-05-18\\\/generationenwechsel-bei-rausch-ag-kreuzlingen\\\/\",\"name\":\"Generationenwechsel bei Rausch AG Kreuzlingen - Organisator\",\"isPartOf\":{\"@id\":\"https:\\\/\\\/www.organisator.ch\\\/#website\"},\"primaryImageOfPage\":{\"@id\":\"https:\\\/\\\/www.organisator.ch\\\/management\\\/2020-05-18\\\/generationenwechsel-bei-rausch-ag-kreuzlingen\\\/#primaryimage\"},\"image\":{\"@id\":\"https:\\\/\\\/www.organisator.ch\\\/management\\\/2020-05-18\\\/generationenwechsel-bei-rausch-ag-kreuzlingen\\\/#primaryimage\"},\"thumbnailUrl\":\"https:\\\/\\\/www.organisator.ch\\\/wp-content\\\/uploads\\\/2020\\\/05\\\/Generationenwechsel-bei-Rausch-AG-Kreuzlingen_Organisator.jpg\",\"datePublished\":\"2020-05-18T07:18:08+00:00\",\"description\":\"Generationenwechsel bei Rausch AG in der Eigent\u00fcmerschaft und Ver\u00e4nderungen im Verwaltungsrat: Ein Traditionsunternehmen sichert seine Zukunft.\",\"breadcrumb\":{\"@id\":\"https:\\\/\\\/www.organisator.ch\\\/management\\\/2020-05-18\\\/generationenwechsel-bei-rausch-ag-kreuzlingen\\\/#breadcrumb\"},\"inLanguage\":\"it-IT\",\"potentialAction\":[{\"@type\":\"ReadAction\",\"target\":[\"https:\\\/\\\/www.organisator.ch\\\/management\\\/2020-05-18\\\/generationenwechsel-bei-rausch-ag-kreuzlingen\\\/\"]}]},{\"@type\":\"ImageObject\",\"inLanguage\":\"it-IT\",\"@id\":\"https:\\\/\\\/www.organisator.ch\\\/management\\\/2020-05-18\\\/generationenwechsel-bei-rausch-ag-kreuzlingen\\\/#primaryimage\",\"url\":\"https:\\\/\\\/www.organisator.ch\\\/wp-content\\\/uploads\\\/2020\\\/05\\\/Generationenwechsel-bei-Rausch-AG-Kreuzlingen_Organisator.jpg\",\"contentUrl\":\"https:\\\/\\\/www.organisator.ch\\\/wp-content\\\/uploads\\\/2020\\\/05\\\/Generationenwechsel-bei-Rausch-AG-Kreuzlingen_Organisator.jpg\",\"width\":680,\"height\":453,\"caption\":\"Vollziehen einen Generationenwechsel bei Rausch AG Kreuzlingen: Tom, Marco und Lucas Baumann. (Bild: Rausch AG Kreuzlingen)\"},{\"@type\":\"BreadcrumbList\",\"@id\":\"https:\\\/\\\/www.organisator.ch\\\/management\\\/2020-05-18\\\/generationenwechsel-bei-rausch-ag-kreuzlingen\\\/#breadcrumb\",\"itemListElement\":[{\"@type\":\"ListItem\",\"position\":1,\"name\":\"Home\",\"item\":\"https:\\\/\\\/www.organisator.ch\\\/\"},{\"@type\":\"ListItem\",\"position\":2,\"name\":\"Generationenwechsel bei Rausch AG Kreuzlingen\"}]},{\"@type\":\"WebSite\",\"@id\":\"https:\\\/\\\/www.organisator.ch\\\/#website\",\"url\":\"https:\\\/\\\/www.organisator.ch\\\/\",\"name\":\"Organisator\",\"description\":\"Kompetent. Praxisnah. Der ORGANISATOR bereitet in 10 Ausgaben pro Jahr die wesentlichen Themen f\u00fcr F\u00fchrungskr\u00e4fte von KMU auf.\",\"publisher\":{\"@id\":\"https:\\\/\\\/www.organisator.ch\\\/#organization\"},\"potentialAction\":[{\"@type\":\"SearchAction\",\"target\":{\"@type\":\"EntryPoint\",\"urlTemplate\":\"https:\\\/\\\/www.organisator.ch\\\/?s={search_term_string}\"},\"query-input\":{\"@type\":\"PropertyValueSpecification\",\"valueRequired\":true,\"valueName\":\"search_term_string\"}}],\"inLanguage\":\"it-IT\"},{\"@type\":\"Organization\",\"@id\":\"https:\\\/\\\/www.organisator.ch\\\/#organization\",\"name\":\"Organisator\",\"url\":\"https:\\\/\\\/www.organisator.ch\\\/\",\"logo\":{\"@type\":\"ImageObject\",\"inLanguage\":\"it-IT\",\"@id\":\"https:\\\/\\\/www.organisator.ch\\\/#\\\/schema\\\/logo\\\/image\\\/\",\"url\":\"https:\\\/\\\/www.organisator.ch\\\/wp-content\\\/uploads\\\/2022\\\/01\\\/Logo_Organisator_Website.png\",\"contentUrl\":\"https:\\\/\\\/www.organisator.ch\\\/wp-content\\\/uploads\\\/2022\\\/01\\\/Logo_Organisator_Website.png\",\"width\":800,\"height\":77,\"caption\":\"Organisator\"},\"image\":{\"@id\":\"https:\\\/\\\/www.organisator.ch\\\/#\\\/schema\\\/logo\\\/image\\\/\"},\"sameAs\":[\"https:\\\/\\\/www.facebook.com\\\/OrganisatorFachmagazin\",\"https:\\\/\\\/www.linkedin.com\\\/showcase\\\/organisator-das-magazin-fr-kmu\",\"https:\\\/\\\/www.xing.com\\\/news\\\/pages\\\/organisator-ch-695\",\"https:\\\/\\\/www.youtube.com\\\/channel\\\/UCGP2Sq0iWaZwT3BdIAQFYpw\"]},{\"@type\":\"Person\",\"@id\":\"https:\\\/\\\/www.organisator.ch\\\/#\\\/schema\\\/person\\\/6f650f90b2842cd4c0cc334b4e36f67e\",\"name\":\"thomas.berner\",\"image\":{\"@type\":\"ImageObject\",\"inLanguage\":\"it-IT\",\"@id\":\"https:\\\/\\\/secure.gravatar.com\\\/avatar\\\/ac5001d2a36cb6c6cd3e50789007ffca834b477b74a2144564522e944eabff61?s=96&d=mm&r=g\",\"url\":\"https:\\\/\\\/secure.gravatar.com\\\/avatar\\\/ac5001d2a36cb6c6cd3e50789007ffca834b477b74a2144564522e944eabff61?s=96&d=mm&r=g\",\"contentUrl\":\"https:\\\/\\\/secure.gravatar.com\\\/avatar\\\/ac5001d2a36cb6c6cd3e50789007ffca834b477b74a2144564522e944eabff61?s=96&d=mm&r=g\",\"caption\":\"thomas.berner\"},\"url\":\"https:\\\/\\\/www.organisator.ch\\\/it\\\/author\\\/thomas-berner\\\/\"}]}<\/script>\n<!-- \/ Yoast SEO plugin. -->","yoast_head_json":{"title":"Cambio generazionale presso Rausch AG Kreuzlingen - Organizzatore","description":"Cambio generazionale alla Rausch AG nella propriet\u00e0 e nel consiglio di amministrazione: un'azienda tradizionale si assicura il futuro.","robots":{"index":"index","follow":"follow","max-snippet":"max-snippet:-1","max-image-preview":"max-image-preview:large","max-video-preview":"max-video-preview:-1"},"canonical":"https:\/\/www.organisator.ch\/it\/gestione-2\/2020-05-18\/generationenwechsel-bei-rausch-ag-kreuzlingen\/","og_locale":"it_IT","og_type":"article","og_title":"Generationenwechsel bei Rausch AG Kreuzlingen","og_description":"Generationenwechsel bei Rausch AG in der Eigent\u00fcmerschaft und Ver\u00e4nderungen im Verwaltungsrat: Ein Traditionsunternehmen sichert seine Zukunft.","og_url":"https:\/\/www.organisator.ch\/it\/gestione-2\/2020-05-18\/generationenwechsel-bei-rausch-ag-kreuzlingen\/","og_site_name":"Organisator","article_publisher":"https:\/\/www.facebook.com\/OrganisatorFachmagazin","article_published_time":"2020-05-18T07:18:08+00:00","og_image":[{"width":680,"height":453,"url":"https:\/\/www.organisator.ch\/wp-content\/uploads\/2020\/05\/Generationenwechsel-bei-Rausch-AG-Kreuzlingen_Organisator.jpg","type":"image\/jpeg"}],"author":"thomas.berner","twitter_card":"summary_large_image","twitter_title":"#Generationenwechsel bei Rausch AG Kreuzlingen","twitter_description":"#Generationenwechsel bei #Rausch AG in der Eigent\u00fcmerschaft und Ver\u00e4nderungen im Verwaltungsrat: Ein #Traditionsunternehmen sichert seine Zukunft.","twitter_image":"https:\/\/www.organisator.ch\/wp-content\/uploads\/2020\/05\/Generationenwechsel-bei-Rausch-AG-Kreuzlingen_Organisator.jpg","schema":{"@context":"https:\/\/schema.org","@graph":[{"@type":"Article","@id":"https:\/\/www.organisator.ch\/management\/2020-05-18\/generationenwechsel-bei-rausch-ag-kreuzlingen\/#article","isPartOf":{"@id":"https:\/\/www.organisator.ch\/management\/2020-05-18\/generationenwechsel-bei-rausch-ag-kreuzlingen\/"},"author":{"name":"thomas.berner","@id":"https:\/\/www.organisator.ch\/#\/schema\/person\/6f650f90b2842cd4c0cc334b4e36f67e"},"headline":"Generationenwechsel bei Rausch AG Kreuzlingen","datePublished":"2020-05-18T07:18:08+00:00","mainEntityOfPage":{"@id":"https:\/\/www.organisator.ch\/management\/2020-05-18\/generationenwechsel-bei-rausch-ag-kreuzlingen\/"},"wordCount":552,"publisher":{"@id":"https:\/\/www.organisator.ch\/#organization"},"image":{"@id":"https:\/\/www.organisator.ch\/management\/2020-05-18\/generationenwechsel-bei-rausch-ag-kreuzlingen\/#primaryimage"},"thumbnailUrl":"https:\/\/www.organisator.ch\/wp-content\/uploads\/2020\/05\/Generationenwechsel-bei-Rausch-AG-Kreuzlingen_Organisator.jpg","keywords":["Firmennachfolge","Management","Unternehmen"],"articleSection":["MANAGEMENT"],"inLanguage":"it-IT"},{"@type":"WebPage","@id":"https:\/\/www.organisator.ch\/management\/2020-05-18\/generationenwechsel-bei-rausch-ag-kreuzlingen\/","url":"https:\/\/www.organisator.ch\/management\/2020-05-18\/generationenwechsel-bei-rausch-ag-kreuzlingen\/","name":"Cambio generazionale presso Rausch AG Kreuzlingen - Organizzatore","isPartOf":{"@id":"https:\/\/www.organisator.ch\/#website"},"primaryImageOfPage":{"@id":"https:\/\/www.organisator.ch\/management\/2020-05-18\/generationenwechsel-bei-rausch-ag-kreuzlingen\/#primaryimage"},"image":{"@id":"https:\/\/www.organisator.ch\/management\/2020-05-18\/generationenwechsel-bei-rausch-ag-kreuzlingen\/#primaryimage"},"thumbnailUrl":"https:\/\/www.organisator.ch\/wp-content\/uploads\/2020\/05\/Generationenwechsel-bei-Rausch-AG-Kreuzlingen_Organisator.jpg","datePublished":"2020-05-18T07:18:08+00:00","description":"Cambio generazionale alla Rausch AG nella propriet\u00e0 e nel consiglio di amministrazione: un'azienda tradizionale si assicura il futuro.","breadcrumb":{"@id":"https:\/\/www.organisator.ch\/management\/2020-05-18\/generationenwechsel-bei-rausch-ag-kreuzlingen\/#breadcrumb"},"inLanguage":"it-IT","potentialAction":[{"@type":"ReadAction","target":["https:\/\/www.organisator.ch\/management\/2020-05-18\/generationenwechsel-bei-rausch-ag-kreuzlingen\/"]}]},{"@type":"ImageObject","inLanguage":"it-IT","@id":"https:\/\/www.organisator.ch\/management\/2020-05-18\/generationenwechsel-bei-rausch-ag-kreuzlingen\/#primaryimage","url":"https:\/\/www.organisator.ch\/wp-content\/uploads\/2020\/05\/Generationenwechsel-bei-Rausch-AG-Kreuzlingen_Organisator.jpg","contentUrl":"https:\/\/www.organisator.ch\/wp-content\/uploads\/2020\/05\/Generationenwechsel-bei-Rausch-AG-Kreuzlingen_Organisator.jpg","width":680,"height":453,"caption":"Vollziehen einen Generationenwechsel bei Rausch AG Kreuzlingen: Tom, Marco und Lucas Baumann. (Bild: Rausch AG Kreuzlingen)"},{"@type":"BreadcrumbList","@id":"https:\/\/www.organisator.ch\/management\/2020-05-18\/generationenwechsel-bei-rausch-ag-kreuzlingen\/#breadcrumb","itemListElement":[{"@type":"ListItem","position":1,"name":"Home","item":"https:\/\/www.organisator.ch\/"},{"@type":"ListItem","position":2,"name":"Generationenwechsel bei Rausch AG Kreuzlingen"}]},{"@type":"WebSite","@id":"https:\/\/www.organisator.ch\/#website","url":"https:\/\/www.organisator.ch\/","name":"Organizzatore","description":"Competente. Pratico. In 10 numeri all'anno, ORGANISATOR presenta i temi essenziali per i manager delle PMI.","publisher":{"@id":"https:\/\/www.organisator.ch\/#organization"},"potentialAction":[{"@type":"SearchAction","target":{"@type":"EntryPoint","urlTemplate":"https:\/\/www.organisator.ch\/?s={search_term_string}"},"query-input":{"@type":"PropertyValueSpecification","valueRequired":true,"valueName":"search_term_string"}}],"inLanguage":"it-IT"},{"@type":"Organization","@id":"https:\/\/www.organisator.ch\/#organization","name":"Organizzatore","url":"https:\/\/www.organisator.ch\/","logo":{"@type":"ImageObject","inLanguage":"it-IT","@id":"https:\/\/www.organisator.ch\/#\/schema\/logo\/image\/","url":"https:\/\/www.organisator.ch\/wp-content\/uploads\/2022\/01\/Logo_Organisator_Website.png","contentUrl":"https:\/\/www.organisator.ch\/wp-content\/uploads\/2022\/01\/Logo_Organisator_Website.png","width":800,"height":77,"caption":"Organisator"},"image":{"@id":"https:\/\/www.organisator.ch\/#\/schema\/logo\/image\/"},"sameAs":["https:\/\/www.facebook.com\/OrganisatorFachmagazin","https:\/\/www.linkedin.com\/showcase\/organisator-das-magazin-fr-kmu","https:\/\/www.xing.com\/news\/pages\/organisator-ch-695","https:\/\/www.youtube.com\/channel\/UCGP2Sq0iWaZwT3BdIAQFYpw"]},{"@type":"Person","@id":"https:\/\/www.organisator.ch\/#\/schema\/person\/6f650f90b2842cd4c0cc334b4e36f67e","name":"Tommaso.berner","image":{"@type":"ImageObject","inLanguage":"it-IT","@id":"https:\/\/secure.gravatar.com\/avatar\/ac5001d2a36cb6c6cd3e50789007ffca834b477b74a2144564522e944eabff61?s=96&d=mm&r=g","url":"https:\/\/secure.gravatar.com\/avatar\/ac5001d2a36cb6c6cd3e50789007ffca834b477b74a2144564522e944eabff61?s=96&d=mm&r=g","contentUrl":"https:\/\/secure.gravatar.com\/avatar\/ac5001d2a36cb6c6cd3e50789007ffca834b477b74a2144564522e944eabff61?s=96&d=mm&r=g","caption":"thomas.berner"},"url":"https:\/\/www.organisator.ch\/it\/author\/thomas-berner\/"}]}},"_links":{"self":[{"href":"https:\/\/www.organisator.ch\/it\/wp-json\/wp\/v2\/posts\/6718","targetHints":{"allow":["GET"]}}],"collection":[{"href":"https:\/\/www.organisator.ch\/it\/wp-json\/wp\/v2\/posts"}],"about":[{"href":"https:\/\/www.organisator.ch\/it\/wp-json\/wp\/v2\/types\/post"}],"author":[{"embeddable":true,"href":"https:\/\/www.organisator.ch\/it\/wp-json\/wp\/v2\/users\/4"}],"replies":[{"embeddable":true,"href":"https:\/\/www.organisator.ch\/it\/wp-json\/wp\/v2\/comments?post=6718"}],"version-history":[{"count":0,"href":"https:\/\/www.organisator.ch\/it\/wp-json\/wp\/v2\/posts\/6718\/revisions"}],"wp:featuredmedia":[{"embeddable":true,"href":"https:\/\/www.organisator.ch\/it\/wp-json\/wp\/v2\/media\/6719"}],"wp:attachment":[{"href":"https:\/\/www.organisator.ch\/it\/wp-json\/wp\/v2\/media?parent=6718"}],"wp:term":[{"taxonomy":"category","embeddable":true,"href":"https:\/\/www.organisator.ch\/it\/wp-json\/wp\/v2\/categories?post=6718"},{"taxonomy":"post_tag","embeddable":true,"href":"https:\/\/www.organisator.ch\/it\/wp-json\/wp\/v2\/tags?post=6718"}],"curies":[{"name":"wp","href":"https:\/\/api.w.org\/{rel}","templated":true}]}}