{"id":6725,"date":"2020-05-19T10:29:41","date_gmt":"2020-05-19T08:29:41","guid":{"rendered":"https:\/\/www.organisator.ch\/?p=6725"},"modified":"2020-05-19T10:29:41","modified_gmt":"2020-05-19T08:29:41","slug":"home-office-bleibt-teil-des-schweizer-arbeitsalltags","status":"publish","type":"post","link":"https:\/\/www.organisator.ch\/it\/human-resources\/hrm\/2020-05-19\/home-office-bleibt-teil-des-schweizer-arbeitsalltags\/","title":{"rendered":"L'home office rimane parte della vita lavorativa quotidiana in Svizzera"},"content":{"rendered":"<figure id=\"attachment_6727\" aria-describedby=\"caption-attachment-6727\" style=\"width: 680px\" class=\"wp-caption alignnone\"><img loading=\"lazy\" decoding=\"async\" class=\"size-medium wp-image-6727\" src=\"https:\/\/www.organisator.ch\/wp-content\/uploads\/2020\/05\/Home-Office-bleibt-Teil-des-Schweizer-Arbeitsalltags1_Organisator.jpg\" alt=\"\" width=\"680\" height=\"453\" srcset=\"https:\/\/www.organisator.ch\/wp-content\/uploads\/2020\/05\/Home-Office-bleibt-Teil-des-Schweizer-Arbeitsalltags1_Organisator.jpg 680w, https:\/\/www.organisator.ch\/wp-content\/uploads\/2020\/05\/Home-Office-bleibt-Teil-des-Schweizer-Arbeitsalltags1_Organisator-16x12.jpg 16w, https:\/\/www.organisator.ch\/wp-content\/uploads\/2020\/05\/Home-Office-bleibt-Teil-des-Schweizer-Arbeitsalltags1_Organisator-263x175.jpg 263w, https:\/\/www.organisator.ch\/wp-content\/uploads\/2020\/05\/Home-Office-bleibt-Teil-des-Schweizer-Arbeitsalltags1_Organisator-525x350.jpg 525w, https:\/\/www.organisator.ch\/wp-content\/uploads\/2020\/05\/Home-Office-bleibt-Teil-des-Schweizer-Arbeitsalltags1_Organisator-300x200.jpg 300w\" sizes=\"auto, (max-width: 680px) 100vw, 680px\" \/><figcaption id=\"caption-attachment-6727\" class=\"wp-caption-text\">Molti svizzeri si sono ormai abituati all'home office, tanto da voler mantenere la soluzione. (Immagine: Pixabay.com)<\/figcaption><\/figure>\n<p>Quasi la met\u00e0 dei lavoratori svizzeri lavorava da casa al culmine della crisi. Prima che Corona avesse <a href=\"https:\/\/u7061146.ct.sendgrid.net\/ls\/click?upn=4tNED-2FM8iDZJQyQ53jATUcf0VaQG-2FV0JFnCQ2fR7FXmJHPJAdqjuBr7jxuSt3WOX0LCHO-2Fp3em08rcbNbBtL1ljVPVGLtiLwtihe0erhdJZESkcv22iMskr-2B7wuwDS4yWhOSfymfGP5oyb-2FqqGvHyg-3D-3Dzhi6_cGe9W5K-2FCqFb2N07halzpMHUUfPBCEQpnPtMccoXAU149YFoXzNQr1JSyM49unTnbE3vdHZn-2BHA-2Fjo8HNeWW6eH052Yl8LKciJEXAaTJr-2FBZi7pv2a0bXQqREOxx0xq0xdypNX4z-2BuhS0Bg-2FVo-2BaUI1FYRuzyvdijNQp8A6uoraiGND7ehyYdqAfVwEXd98uQWCyZ3q-2BqGgHPXPjJwzyWMNfkfhy2TmCJ9n3-2B1kEzx8okM1WUKRCLiB-2ByMBOWyAviiRcex-2FRyYekurpTonnJ-2BIM9iEEWLnyARyGk5UoYX52y2B29t66lEJTNX5-2BiJsbPmX-2F7Z5vhWdtxIwU55kFFi9df1p7KhiJ9zh-2Bd8linUjY-3D\">Solo circa 10 % hanno fatto uso di questa forma di lavoro<\/a>. Ora l'home office si \u00e8 affermato - circa la met\u00e0 vorrebbe lavorare in un home office anche dopo la crisi. Indipendentemente da questo, sia i dipendenti che i datori di lavoro stanno avendo molte esperienze positive con il lavoro da casa. Zerrin Azeri, direttore associato di Robert Half, spiega esattamente cosa sono e perch\u00e9 l'home office \u00e8 diventato parte integrante della vita quotidiana anche dopo la crisi di Corona.<\/p>\n<p><em>Per molti dipendenti non \u00e8 familiare lavorare improvvisamente da casa. Come affrontano i dipendenti questa nuova situazione?<\/em><strong><br \/>\n<\/strong>Zerrin Azeri: Abbiamo osservato che i dipendenti si sono rapidamente abituati alla nuova situazione e ne apprezzano i vantaggi. Prima di tutto, c'\u00e8 la flessibilit\u00e0 di tempo che deriva dal non dover viaggiare per lavorare. Anche le spese di viaggio possono essere risparmiate. Anche coloro che lavoravano in uffici open space apprezzano la pace e la tranquillit\u00e0 di casa e possono concentrarsi meglio se necessario. Naturalmente, questo richiede una certa quantit\u00e0 di autodisciplina e una gestione efficace del tempo. Se riesci a gestire questo, lavorerai almeno altrettanto bene in un home office che in un ufficio.<\/p>\n<p><em>Parola chiave \"disciplina\": Qual \u00e8 il modo migliore per i lavoratori di organizzarsi per fare un buon lavoro anche da casa?<\/em> <strong><br \/>\n<\/strong>Si \u00e8 dimostrato efficace per impostare un orario e dare priorit\u00e0 a tutti i compiti in sospeso per una giornata di lavoro. Anche stabilire dei limiti di tempo per te stesso per rispettare tutte le scadenze \u00e8 importante. E da non dimenticare: Prenditi anche una pausa ogni tanto. Quello che spesso accade da solo in ufficio alla macchinetta del caff\u00e8 con i colleghi, tende a cadere nell'home office. Ecco perch\u00e9 ha senso concedersi una passeggiata nel mezzo e poi dare una nuova occhiata alle cose da fare che sono ancora in sospeso. Se possibile, allestite una stanza o un'area separata come ufficio che blocchi tutte le distrazioni. In questo modo, si separa il professionale dal privato, sia spazialmente che mentalmente.<\/p>\n<p><em>Un ufficio a domicilio non corre il rischio che i singoli dipendenti si isolino alla lunga?<\/em> <strong><br \/>\n<\/strong>Sia i dipendenti che i datori di lavoro hanno sperimentato che la comunicazione \u00e8 diventata molto pi\u00f9 importante, sia a livello aziendale che interpersonale. I dipendenti dovrebbero parlare regolarmente con il loro supervisore e anche con altri colleghi e scambiarsi informazioni sui loro progetti. E non solo: anche semplici conversazioni con domande sul benessere personale devono avere luogo. Promuovono la fiducia e prevengono l'incertezza in tempi di corona. Gli appuntamenti fissi tra capo e impiegati sono adatti a queste conversazioni, dove possono aggiornarsi a vicenda e fare domande. Sono utili anche regolari riunioni virtuali del team tramite videoconferenza. Questo mantiene i colleghi in contatto. Per una chat privata, i team possono anche organizzare un incontro per un caff\u00e8 virtuale o un drink dopo il lavoro.<\/p>\n<figure id=\"attachment_6726\" aria-describedby=\"caption-attachment-6726\" style=\"width: 680px\" class=\"wp-caption alignnone\"><img loading=\"lazy\" decoding=\"async\" class=\"size-medium wp-image-6726\" src=\"https:\/\/www.organisator.ch\/wp-content\/uploads\/2020\/05\/Home-Office-bleibt-Teil-des-Schweizer-Arbeitsalltags2_Organisator.jpg\" alt=\"\" width=\"680\" height=\"523\" srcset=\"https:\/\/www.organisator.ch\/wp-content\/uploads\/2020\/05\/Home-Office-bleibt-Teil-des-Schweizer-Arbeitsalltags2_Organisator.jpg 680w, https:\/\/www.organisator.ch\/wp-content\/uploads\/2020\/05\/Home-Office-bleibt-Teil-des-Schweizer-Arbeitsalltags2_Organisator-16x12.jpg 16w, https:\/\/www.organisator.ch\/wp-content\/uploads\/2020\/05\/Home-Office-bleibt-Teil-des-Schweizer-Arbeitsalltags2_Organisator-228x175.jpg 228w, https:\/\/www.organisator.ch\/wp-content\/uploads\/2020\/05\/Home-Office-bleibt-Teil-des-Schweizer-Arbeitsalltags2_Organisator-455x350.jpg 455w, https:\/\/www.organisator.ch\/wp-content\/uploads\/2020\/05\/Home-Office-bleibt-Teil-des-Schweizer-Arbeitsalltags2_Organisator-300x231.jpg 300w\" sizes=\"auto, (max-width: 680px) 100vw, 680px\" \/><figcaption id=\"caption-attachment-6726\" class=\"wp-caption-text\">Zerrin Azeri, direttore associato alla Robert Half (\u00a9 Robert Half).<\/figcaption><\/figure>\n<p><em>Affinch\u00e9 le riunioni virtuali siano possibili, tutti i requisiti tecnici devono essere giusti. Quali sono le esperienze dei dipendenti a questo proposito?<\/em> <strong><br \/>\n<\/strong>Questo pu\u00f2 sembrare banale, ma \u00e8 una base importante perch\u00e9 l'home office abbia successo. In pratica, il modo migliore per evitare questi problemi \u00e8 che il datore di lavoro crei un'infrastruttura digitale stabile. Questo include non solo domande su hardware e software necessari, ma anche sulla protezione dei dati. \u00c8 meglio per i datori di lavoro impostare un piano con l'IT e formare i dipendenti di conseguenza. Di regola, per\u00f2, molte aziende sono gi\u00e0 ben posizionate in questo senso e hanno dovuto adattarsi rapidamente alle nuove circostanze proprio ora.<\/p>\n<p><em>Nel frattempo, non solo i colloqui di lavoro si svolgono tramite videochiamata, ma anche l'onboarding digitale. Qual \u00e8 il modo migliore per formare nuovi colleghi da casa?<\/em><strong><br \/>\n<\/strong>Questo funziona molto bene se si seguono alcune regole. Prima di tutto, l'azienda deve essere consapevole che l'onboarding digitale \u00e8 importante anche per essere in grado di implementare e integrare completamente il dipendente il pi\u00f9 rapidamente possibile. Inoltre, il nuovo dipendente deve avere tutti i requisiti tecnici, come un computer portatile o uno smartphone, ed essere in grado di accedere a tutti i programmi necessari. I software giusti, come Zoom, Skype o Slack, sono anche la base per una buona comunicazione. Una volta che tutti i prerequisiti sono a posto, il contatto regolare \u00e8 importante. Si \u00e8 dimostrato vantaggioso se il nuovo arrivato ha una persona di fiducia che pu\u00f2 aiutare con le domande. I supervisori sono anche invitati a essere presenti alle riunioni di onboarding su base regolare. In questo modo, molte domande possono essere chiarite direttamente.<\/p>\n<p><em>Nel frattempo, alcuni regolamenti di Corona sono stati allentati. A lungo termine, molti lavoratori torneranno in ufficio. Il tema dell'home office cambier\u00e0 a lungo termine?<br \/>\n<\/em>Molte aziende e professionisti hanno avuto esperienze positive con questo nelle ultime settimane. Anche se la maggior parte dei dipendenti dovrebbe tornare al lavoro nelle prossime settimane, il lavoro da casa sar\u00e0 pi\u00f9 che mai ancorato alla vita lavorativa quotidiana dopo la crisi. Le videochiamate in particolare avranno un alto valore. Possono sostituire riunioni programmate, interviste o processi di onboarding in loco. Dipendenti e datori di lavoro dovranno adattarsi a questo in futuro - e molti dipendenti hanno gi\u00e0 dimostrato che funziona nelle ultime settimane.<\/p>\n<p><em>Fonte: <a href=\"http:\/\/www.roberthalf.ch\">Robert Half<\/a><\/em><\/p>","protected":false},"excerpt":{"rendered":"<p>Fast die H\u00e4lfte der Schweizer Arbeitnehmer arbeitete am H\u00f6hepunkt der Krise von zu Hause aus. Vor Corona hatten lediglich rund 10 % von dieser Arbeitsform Gebrauch gemacht. Jetzt hat sich Home-Office etabliert &#8211; rund die H\u00e4lfte m\u00f6chte auch nach der Krise im Home-Office arbeiten. Unabh\u00e4ngig davon machen sowohl Arbeitnehmer als auch Arbeitgeber gerade viele positive [&hellip;]<\/p>\n","protected":false},"author":4,"featured_media":6727,"comment_status":"closed","ping_status":"closed","sticky":false,"template":"","format":"standard","meta":{"_acf_changed":false,"_yoast_wpseo_focuskw":"Home-Office","_yoast_wpseo_metadesc":"Home-Office hat sich mit der Corona-Krise etabliert und wird auch danach h\u00e4ufig genutzt werden. Zerrin Azeri von Robert Half spricht \u00fcber die Gr\u00fcnde.","articlekey":"","footnotes":""},"categories":[26],"tags":[51,208,251,254,335],"class_list":["post-6725","post","type-post","status-publish","format-standard","has-post-thumbnail","hentry","category-hrm","tag-arbeitsplatzgestaltung","tag-fit-im-job","tag-homeoffice","tag-hrm","tag-management-und-unternehmensfuehrung"],"acf":[],"yoast_head":"<!-- This site is optimized with the Yoast SEO plugin v27.4 - https:\/\/yoast.com\/product\/yoast-seo-wordpress\/ -->\n<title>Home-Office bleibt Teil des Schweizer Arbeitsalltags - Organisator<\/title>\n<meta name=\"description\" content=\"Home-Office hat sich mit der Corona-Krise etabliert und wird auch danach h\u00e4ufig genutzt werden. Zerrin Azeri von Robert Half spricht \u00fcber die Gr\u00fcnde.\" \/>\n<meta name=\"robots\" content=\"index, follow, max-snippet:-1, max-image-preview:large, max-video-preview:-1\" \/>\n<link rel=\"canonical\" href=\"https:\/\/www.organisator.ch\/it\/risorse-umane\/hrm\/2020-05-19\/home-office-bleibt-teil-des-schweizer-arbeitsalltags\/\" \/>\n<meta property=\"og:locale\" content=\"it_IT\" \/>\n<meta property=\"og:type\" content=\"article\" \/>\n<meta property=\"og:title\" content=\"Home-Office bleibt Teil des Schweizer Arbeitsalltags\" \/>\n<meta property=\"og:description\" content=\"Home-Office hat sich mit der Corona-Krise etabliert und wird auch danach h\u00e4ufig genutzt werden. Zerrin Azeri von Robert Half spricht \u00fcber die Gr\u00fcnde.\" \/>\n<meta property=\"og:url\" content=\"https:\/\/www.organisator.ch\/it\/risorse-umane\/hrm\/2020-05-19\/home-office-bleibt-teil-des-schweizer-arbeitsalltags\/\" \/>\n<meta property=\"og:site_name\" content=\"Organisator\" \/>\n<meta property=\"article:publisher\" content=\"https:\/\/www.facebook.com\/OrganisatorFachmagazin\" \/>\n<meta property=\"article:published_time\" content=\"2020-05-19T08:29:41+00:00\" \/>\n<meta property=\"og:image\" content=\"https:\/\/www.organisator.ch\/wp-content\/uploads\/2020\/05\/Home-Office-bleibt-Teil-des-Schweizer-Arbeitsalltags1_Organisator.jpg\" \/>\n\t<meta property=\"og:image:width\" content=\"680\" \/>\n\t<meta property=\"og:image:height\" content=\"453\" \/>\n\t<meta property=\"og:image:type\" content=\"image\/jpeg\" \/>\n<meta name=\"author\" content=\"thomas.berner\" \/>\n<meta name=\"twitter:card\" content=\"summary_large_image\" \/>\n<meta name=\"twitter:title\" content=\"#Home-Office bleibt Teil des Schweizer #Arbeitsalltags\" \/>\n<meta name=\"twitter:description\" content=\"#Home-Office hat sich mit der Corona-Krise etabliert und wird auch danach h\u00e4ufig genutzt werden. Zerrin #Azeri von Robert Half spricht \u00fcber die Gr\u00fcnde.\" \/>\n<meta name=\"twitter:image\" content=\"https:\/\/www.organisator.ch\/wp-content\/uploads\/2020\/05\/Home-Office-bleibt-Teil-des-Schweizer-Arbeitsalltags1_Organisator.jpg\" \/>\n<script type=\"application\/ld+json\" class=\"yoast-schema-graph\">{\"@context\":\"https:\\\/\\\/schema.org\",\"@graph\":[{\"@type\":\"Article\",\"@id\":\"https:\\\/\\\/www.organisator.ch\\\/human-resources\\\/hrm\\\/2020-05-19\\\/home-office-bleibt-teil-des-schweizer-arbeitsalltags\\\/#article\",\"isPartOf\":{\"@id\":\"https:\\\/\\\/www.organisator.ch\\\/human-resources\\\/hrm\\\/2020-05-19\\\/home-office-bleibt-teil-des-schweizer-arbeitsalltags\\\/\"},\"author\":{\"name\":\"thomas.berner\",\"@id\":\"https:\\\/\\\/www.organisator.ch\\\/#\\\/schema\\\/person\\\/6f650f90b2842cd4c0cc334b4e36f67e\"},\"headline\":\"Home-Office bleibt Teil des Schweizer Arbeitsalltags\",\"datePublished\":\"2020-05-19T08:29:41+00:00\",\"mainEntityOfPage\":{\"@id\":\"https:\\\/\\\/www.organisator.ch\\\/human-resources\\\/hrm\\\/2020-05-19\\\/home-office-bleibt-teil-des-schweizer-arbeitsalltags\\\/\"},\"wordCount\":920,\"publisher\":{\"@id\":\"https:\\\/\\\/www.organisator.ch\\\/#organization\"},\"image\":{\"@id\":\"https:\\\/\\\/www.organisator.ch\\\/human-resources\\\/hrm\\\/2020-05-19\\\/home-office-bleibt-teil-des-schweizer-arbeitsalltags\\\/#primaryimage\"},\"thumbnailUrl\":\"https:\\\/\\\/www.organisator.ch\\\/wp-content\\\/uploads\\\/2020\\\/05\\\/Home-Office-bleibt-Teil-des-Schweizer-Arbeitsalltags1_Organisator.jpg\",\"keywords\":[\"Arbeitsplatzgestaltung\",\"Fit im Job\",\"Homeoffice\",\"HRM\",\"Management und Unternehmensf\u00fchrung\"],\"articleSection\":[\"HRM\"],\"inLanguage\":\"it-IT\"},{\"@type\":\"WebPage\",\"@id\":\"https:\\\/\\\/www.organisator.ch\\\/human-resources\\\/hrm\\\/2020-05-19\\\/home-office-bleibt-teil-des-schweizer-arbeitsalltags\\\/\",\"url\":\"https:\\\/\\\/www.organisator.ch\\\/human-resources\\\/hrm\\\/2020-05-19\\\/home-office-bleibt-teil-des-schweizer-arbeitsalltags\\\/\",\"name\":\"Home-Office bleibt Teil des Schweizer Arbeitsalltags - Organisator\",\"isPartOf\":{\"@id\":\"https:\\\/\\\/www.organisator.ch\\\/#website\"},\"primaryImageOfPage\":{\"@id\":\"https:\\\/\\\/www.organisator.ch\\\/human-resources\\\/hrm\\\/2020-05-19\\\/home-office-bleibt-teil-des-schweizer-arbeitsalltags\\\/#primaryimage\"},\"image\":{\"@id\":\"https:\\\/\\\/www.organisator.ch\\\/human-resources\\\/hrm\\\/2020-05-19\\\/home-office-bleibt-teil-des-schweizer-arbeitsalltags\\\/#primaryimage\"},\"thumbnailUrl\":\"https:\\\/\\\/www.organisator.ch\\\/wp-content\\\/uploads\\\/2020\\\/05\\\/Home-Office-bleibt-Teil-des-Schweizer-Arbeitsalltags1_Organisator.jpg\",\"datePublished\":\"2020-05-19T08:29:41+00:00\",\"description\":\"Home-Office hat sich mit der Corona-Krise etabliert und wird auch danach h\u00e4ufig genutzt werden. Zerrin Azeri von Robert Half spricht \u00fcber die Gr\u00fcnde.\",\"breadcrumb\":{\"@id\":\"https:\\\/\\\/www.organisator.ch\\\/human-resources\\\/hrm\\\/2020-05-19\\\/home-office-bleibt-teil-des-schweizer-arbeitsalltags\\\/#breadcrumb\"},\"inLanguage\":\"it-IT\",\"potentialAction\":[{\"@type\":\"ReadAction\",\"target\":[\"https:\\\/\\\/www.organisator.ch\\\/human-resources\\\/hrm\\\/2020-05-19\\\/home-office-bleibt-teil-des-schweizer-arbeitsalltags\\\/\"]}]},{\"@type\":\"ImageObject\",\"inLanguage\":\"it-IT\",\"@id\":\"https:\\\/\\\/www.organisator.ch\\\/human-resources\\\/hrm\\\/2020-05-19\\\/home-office-bleibt-teil-des-schweizer-arbeitsalltags\\\/#primaryimage\",\"url\":\"https:\\\/\\\/www.organisator.ch\\\/wp-content\\\/uploads\\\/2020\\\/05\\\/Home-Office-bleibt-Teil-des-Schweizer-Arbeitsalltags1_Organisator.jpg\",\"contentUrl\":\"https:\\\/\\\/www.organisator.ch\\\/wp-content\\\/uploads\\\/2020\\\/05\\\/Home-Office-bleibt-Teil-des-Schweizer-Arbeitsalltags1_Organisator.jpg\",\"width\":680,\"height\":453,\"caption\":\"Viele Schweizer haben sich inzwischen ans Home-Office gew\u00f6hnt - so sehr, dass sie die L\u00f6sung beibehalten m\u00f6chten. (Bild: Pixabay.com)\"},{\"@type\":\"BreadcrumbList\",\"@id\":\"https:\\\/\\\/www.organisator.ch\\\/human-resources\\\/hrm\\\/2020-05-19\\\/home-office-bleibt-teil-des-schweizer-arbeitsalltags\\\/#breadcrumb\",\"itemListElement\":[{\"@type\":\"ListItem\",\"position\":1,\"name\":\"Home\",\"item\":\"https:\\\/\\\/www.organisator.ch\\\/\"},{\"@type\":\"ListItem\",\"position\":2,\"name\":\"Home-Office bleibt Teil des Schweizer Arbeitsalltags\"}]},{\"@type\":\"WebSite\",\"@id\":\"https:\\\/\\\/www.organisator.ch\\\/#website\",\"url\":\"https:\\\/\\\/www.organisator.ch\\\/\",\"name\":\"Organisator\",\"description\":\"Kompetent. Praxisnah. Der ORGANISATOR bereitet in 10 Ausgaben pro Jahr die wesentlichen Themen f\u00fcr F\u00fchrungskr\u00e4fte von KMU auf.\",\"publisher\":{\"@id\":\"https:\\\/\\\/www.organisator.ch\\\/#organization\"},\"potentialAction\":[{\"@type\":\"SearchAction\",\"target\":{\"@type\":\"EntryPoint\",\"urlTemplate\":\"https:\\\/\\\/www.organisator.ch\\\/?s={search_term_string}\"},\"query-input\":{\"@type\":\"PropertyValueSpecification\",\"valueRequired\":true,\"valueName\":\"search_term_string\"}}],\"inLanguage\":\"it-IT\"},{\"@type\":\"Organization\",\"@id\":\"https:\\\/\\\/www.organisator.ch\\\/#organization\",\"name\":\"Organisator\",\"url\":\"https:\\\/\\\/www.organisator.ch\\\/\",\"logo\":{\"@type\":\"ImageObject\",\"inLanguage\":\"it-IT\",\"@id\":\"https:\\\/\\\/www.organisator.ch\\\/#\\\/schema\\\/logo\\\/image\\\/\",\"url\":\"https:\\\/\\\/www.organisator.ch\\\/wp-content\\\/uploads\\\/2022\\\/01\\\/Logo_Organisator_Website.png\",\"contentUrl\":\"https:\\\/\\\/www.organisator.ch\\\/wp-content\\\/uploads\\\/2022\\\/01\\\/Logo_Organisator_Website.png\",\"width\":800,\"height\":77,\"caption\":\"Organisator\"},\"image\":{\"@id\":\"https:\\\/\\\/www.organisator.ch\\\/#\\\/schema\\\/logo\\\/image\\\/\"},\"sameAs\":[\"https:\\\/\\\/www.facebook.com\\\/OrganisatorFachmagazin\",\"https:\\\/\\\/www.linkedin.com\\\/showcase\\\/organisator-das-magazin-fr-kmu\",\"https:\\\/\\\/www.xing.com\\\/news\\\/pages\\\/organisator-ch-695\",\"https:\\\/\\\/www.youtube.com\\\/channel\\\/UCGP2Sq0iWaZwT3BdIAQFYpw\"]},{\"@type\":\"Person\",\"@id\":\"https:\\\/\\\/www.organisator.ch\\\/#\\\/schema\\\/person\\\/6f650f90b2842cd4c0cc334b4e36f67e\",\"name\":\"thomas.berner\",\"image\":{\"@type\":\"ImageObject\",\"inLanguage\":\"it-IT\",\"@id\":\"https:\\\/\\\/secure.gravatar.com\\\/avatar\\\/ac5001d2a36cb6c6cd3e50789007ffca834b477b74a2144564522e944eabff61?s=96&d=mm&r=g\",\"url\":\"https:\\\/\\\/secure.gravatar.com\\\/avatar\\\/ac5001d2a36cb6c6cd3e50789007ffca834b477b74a2144564522e944eabff61?s=96&d=mm&r=g\",\"contentUrl\":\"https:\\\/\\\/secure.gravatar.com\\\/avatar\\\/ac5001d2a36cb6c6cd3e50789007ffca834b477b74a2144564522e944eabff61?s=96&d=mm&r=g\",\"caption\":\"thomas.berner\"},\"url\":\"https:\\\/\\\/www.organisator.ch\\\/it\\\/author\\\/thomas-berner\\\/\"}]}<\/script>\n<!-- \/ Yoast SEO plugin. -->","yoast_head_json":{"title":"L'home office rimane parte della vita lavorativa quotidiana in Svizzera - Organizzatore","description":"L'ufficio domestico si \u00e8 affermato con la crisi di Corona e continuer\u00e0 a essere usato frequentemente anche in seguito. Zerrin Azeri di Robert Half ne spiega le ragioni.","robots":{"index":"index","follow":"follow","max-snippet":"max-snippet:-1","max-image-preview":"max-image-preview:large","max-video-preview":"max-video-preview:-1"},"canonical":"https:\/\/www.organisator.ch\/it\/risorse-umane\/hrm\/2020-05-19\/home-office-bleibt-teil-des-schweizer-arbeitsalltags\/","og_locale":"it_IT","og_type":"article","og_title":"Home-Office bleibt Teil des Schweizer Arbeitsalltags","og_description":"Home-Office hat sich mit der Corona-Krise etabliert und wird auch danach h\u00e4ufig genutzt werden. Zerrin Azeri von Robert Half spricht \u00fcber die Gr\u00fcnde.","og_url":"https:\/\/www.organisator.ch\/it\/risorse-umane\/hrm\/2020-05-19\/home-office-bleibt-teil-des-schweizer-arbeitsalltags\/","og_site_name":"Organisator","article_publisher":"https:\/\/www.facebook.com\/OrganisatorFachmagazin","article_published_time":"2020-05-19T08:29:41+00:00","og_image":[{"width":680,"height":453,"url":"https:\/\/www.organisator.ch\/wp-content\/uploads\/2020\/05\/Home-Office-bleibt-Teil-des-Schweizer-Arbeitsalltags1_Organisator.jpg","type":"image\/jpeg"}],"author":"thomas.berner","twitter_card":"summary_large_image","twitter_title":"#Home-Office bleibt Teil des Schweizer #Arbeitsalltags","twitter_description":"#Home-Office hat sich mit der Corona-Krise etabliert und wird auch danach h\u00e4ufig genutzt werden. Zerrin #Azeri von Robert Half spricht \u00fcber die Gr\u00fcnde.","twitter_image":"https:\/\/www.organisator.ch\/wp-content\/uploads\/2020\/05\/Home-Office-bleibt-Teil-des-Schweizer-Arbeitsalltags1_Organisator.jpg","schema":{"@context":"https:\/\/schema.org","@graph":[{"@type":"Article","@id":"https:\/\/www.organisator.ch\/human-resources\/hrm\/2020-05-19\/home-office-bleibt-teil-des-schweizer-arbeitsalltags\/#article","isPartOf":{"@id":"https:\/\/www.organisator.ch\/human-resources\/hrm\/2020-05-19\/home-office-bleibt-teil-des-schweizer-arbeitsalltags\/"},"author":{"name":"thomas.berner","@id":"https:\/\/www.organisator.ch\/#\/schema\/person\/6f650f90b2842cd4c0cc334b4e36f67e"},"headline":"Home-Office bleibt Teil des Schweizer Arbeitsalltags","datePublished":"2020-05-19T08:29:41+00:00","mainEntityOfPage":{"@id":"https:\/\/www.organisator.ch\/human-resources\/hrm\/2020-05-19\/home-office-bleibt-teil-des-schweizer-arbeitsalltags\/"},"wordCount":920,"publisher":{"@id":"https:\/\/www.organisator.ch\/#organization"},"image":{"@id":"https:\/\/www.organisator.ch\/human-resources\/hrm\/2020-05-19\/home-office-bleibt-teil-des-schweizer-arbeitsalltags\/#primaryimage"},"thumbnailUrl":"https:\/\/www.organisator.ch\/wp-content\/uploads\/2020\/05\/Home-Office-bleibt-Teil-des-Schweizer-Arbeitsalltags1_Organisator.jpg","keywords":["Arbeitsplatzgestaltung","Fit im Job","Homeoffice","HRM","Management und Unternehmensf\u00fchrung"],"articleSection":["HRM"],"inLanguage":"it-IT"},{"@type":"WebPage","@id":"https:\/\/www.organisator.ch\/human-resources\/hrm\/2020-05-19\/home-office-bleibt-teil-des-schweizer-arbeitsalltags\/","url":"https:\/\/www.organisator.ch\/human-resources\/hrm\/2020-05-19\/home-office-bleibt-teil-des-schweizer-arbeitsalltags\/","name":"L'home office rimane parte della vita lavorativa quotidiana in Svizzera - Organizzatore","isPartOf":{"@id":"https:\/\/www.organisator.ch\/#website"},"primaryImageOfPage":{"@id":"https:\/\/www.organisator.ch\/human-resources\/hrm\/2020-05-19\/home-office-bleibt-teil-des-schweizer-arbeitsalltags\/#primaryimage"},"image":{"@id":"https:\/\/www.organisator.ch\/human-resources\/hrm\/2020-05-19\/home-office-bleibt-teil-des-schweizer-arbeitsalltags\/#primaryimage"},"thumbnailUrl":"https:\/\/www.organisator.ch\/wp-content\/uploads\/2020\/05\/Home-Office-bleibt-Teil-des-Schweizer-Arbeitsalltags1_Organisator.jpg","datePublished":"2020-05-19T08:29:41+00:00","description":"L'ufficio domestico si \u00e8 affermato con la crisi di Corona e continuer\u00e0 a essere usato frequentemente anche in seguito. Zerrin Azeri di Robert Half ne spiega le ragioni.","breadcrumb":{"@id":"https:\/\/www.organisator.ch\/human-resources\/hrm\/2020-05-19\/home-office-bleibt-teil-des-schweizer-arbeitsalltags\/#breadcrumb"},"inLanguage":"it-IT","potentialAction":[{"@type":"ReadAction","target":["https:\/\/www.organisator.ch\/human-resources\/hrm\/2020-05-19\/home-office-bleibt-teil-des-schweizer-arbeitsalltags\/"]}]},{"@type":"ImageObject","inLanguage":"it-IT","@id":"https:\/\/www.organisator.ch\/human-resources\/hrm\/2020-05-19\/home-office-bleibt-teil-des-schweizer-arbeitsalltags\/#primaryimage","url":"https:\/\/www.organisator.ch\/wp-content\/uploads\/2020\/05\/Home-Office-bleibt-Teil-des-Schweizer-Arbeitsalltags1_Organisator.jpg","contentUrl":"https:\/\/www.organisator.ch\/wp-content\/uploads\/2020\/05\/Home-Office-bleibt-Teil-des-Schweizer-Arbeitsalltags1_Organisator.jpg","width":680,"height":453,"caption":"Viele Schweizer haben sich inzwischen ans Home-Office gew\u00f6hnt - so sehr, dass sie die L\u00f6sung beibehalten m\u00f6chten. (Bild: Pixabay.com)"},{"@type":"BreadcrumbList","@id":"https:\/\/www.organisator.ch\/human-resources\/hrm\/2020-05-19\/home-office-bleibt-teil-des-schweizer-arbeitsalltags\/#breadcrumb","itemListElement":[{"@type":"ListItem","position":1,"name":"Home","item":"https:\/\/www.organisator.ch\/"},{"@type":"ListItem","position":2,"name":"Home-Office bleibt Teil des Schweizer Arbeitsalltags"}]},{"@type":"WebSite","@id":"https:\/\/www.organisator.ch\/#website","url":"https:\/\/www.organisator.ch\/","name":"Organizzatore","description":"Competente. Pratico. In 10 numeri all'anno, ORGANISATOR presenta i temi essenziali per i manager delle PMI.","publisher":{"@id":"https:\/\/www.organisator.ch\/#organization"},"potentialAction":[{"@type":"SearchAction","target":{"@type":"EntryPoint","urlTemplate":"https:\/\/www.organisator.ch\/?s={search_term_string}"},"query-input":{"@type":"PropertyValueSpecification","valueRequired":true,"valueName":"search_term_string"}}],"inLanguage":"it-IT"},{"@type":"Organization","@id":"https:\/\/www.organisator.ch\/#organization","name":"Organizzatore","url":"https:\/\/www.organisator.ch\/","logo":{"@type":"ImageObject","inLanguage":"it-IT","@id":"https:\/\/www.organisator.ch\/#\/schema\/logo\/image\/","url":"https:\/\/www.organisator.ch\/wp-content\/uploads\/2022\/01\/Logo_Organisator_Website.png","contentUrl":"https:\/\/www.organisator.ch\/wp-content\/uploads\/2022\/01\/Logo_Organisator_Website.png","width":800,"height":77,"caption":"Organisator"},"image":{"@id":"https:\/\/www.organisator.ch\/#\/schema\/logo\/image\/"},"sameAs":["https:\/\/www.facebook.com\/OrganisatorFachmagazin","https:\/\/www.linkedin.com\/showcase\/organisator-das-magazin-fr-kmu","https:\/\/www.xing.com\/news\/pages\/organisator-ch-695","https:\/\/www.youtube.com\/channel\/UCGP2Sq0iWaZwT3BdIAQFYpw"]},{"@type":"Person","@id":"https:\/\/www.organisator.ch\/#\/schema\/person\/6f650f90b2842cd4c0cc334b4e36f67e","name":"Tommaso.berner","image":{"@type":"ImageObject","inLanguage":"it-IT","@id":"https:\/\/secure.gravatar.com\/avatar\/ac5001d2a36cb6c6cd3e50789007ffca834b477b74a2144564522e944eabff61?s=96&d=mm&r=g","url":"https:\/\/secure.gravatar.com\/avatar\/ac5001d2a36cb6c6cd3e50789007ffca834b477b74a2144564522e944eabff61?s=96&d=mm&r=g","contentUrl":"https:\/\/secure.gravatar.com\/avatar\/ac5001d2a36cb6c6cd3e50789007ffca834b477b74a2144564522e944eabff61?s=96&d=mm&r=g","caption":"thomas.berner"},"url":"https:\/\/www.organisator.ch\/it\/author\/thomas-berner\/"}]}},"_links":{"self":[{"href":"https:\/\/www.organisator.ch\/it\/wp-json\/wp\/v2\/posts\/6725","targetHints":{"allow":["GET"]}}],"collection":[{"href":"https:\/\/www.organisator.ch\/it\/wp-json\/wp\/v2\/posts"}],"about":[{"href":"https:\/\/www.organisator.ch\/it\/wp-json\/wp\/v2\/types\/post"}],"author":[{"embeddable":true,"href":"https:\/\/www.organisator.ch\/it\/wp-json\/wp\/v2\/users\/4"}],"replies":[{"embeddable":true,"href":"https:\/\/www.organisator.ch\/it\/wp-json\/wp\/v2\/comments?post=6725"}],"version-history":[{"count":0,"href":"https:\/\/www.organisator.ch\/it\/wp-json\/wp\/v2\/posts\/6725\/revisions"}],"wp:featuredmedia":[{"embeddable":true,"href":"https:\/\/www.organisator.ch\/it\/wp-json\/wp\/v2\/media\/6727"}],"wp:attachment":[{"href":"https:\/\/www.organisator.ch\/it\/wp-json\/wp\/v2\/media?parent=6725"}],"wp:term":[{"taxonomy":"category","embeddable":true,"href":"https:\/\/www.organisator.ch\/it\/wp-json\/wp\/v2\/categories?post=6725"},{"taxonomy":"post_tag","embeddable":true,"href":"https:\/\/www.organisator.ch\/it\/wp-json\/wp\/v2\/tags?post=6725"}],"curies":[{"name":"wp","href":"https:\/\/api.w.org\/{rel}","templated":true}]}}