{"id":6734,"date":"2020-05-20T13:30:47","date_gmt":"2020-05-20T11:30:47","guid":{"rendered":"https:\/\/www.organisator.ch\/?p=6734"},"modified":"2020-05-20T13:30:47","modified_gmt":"2020-05-20T11:30:47","slug":"arbeitswelt-4-0-und-der-einfluss-der-corona-krise","status":"publish","type":"post","link":"https:\/\/www.organisator.ch\/it\/management\/2020-05-20\/arbeitswelt-4-0-und-der-einfluss-der-corona-krise\/","title":{"rendered":"Mondo del lavoro 4.0 e l'influenza della crisi di Corona"},"content":{"rendered":"<figure id=\"attachment_6735\" aria-describedby=\"caption-attachment-6735\" style=\"width: 680px\" class=\"wp-caption alignnone\"><img loading=\"lazy\" decoding=\"async\" class=\"size-medium wp-image-6735\" src=\"https:\/\/www.organisator.ch\/wp-content\/uploads\/2020\/05\/Der-Einfluss-der-Corona-Krise-auf-die-Arbeitswelt-4.0_Organisator.jpg\" alt=\"\" width=\"680\" height=\"453\" srcset=\"https:\/\/www.organisator.ch\/wp-content\/uploads\/2020\/05\/Der-Einfluss-der-Corona-Krise-auf-die-Arbeitswelt-4.0_Organisator.jpg 680w, https:\/\/www.organisator.ch\/wp-content\/uploads\/2020\/05\/Der-Einfluss-der-Corona-Krise-auf-die-Arbeitswelt-4.0_Organisator-16x12.jpg 16w, https:\/\/www.organisator.ch\/wp-content\/uploads\/2020\/05\/Der-Einfluss-der-Corona-Krise-auf-die-Arbeitswelt-4.0_Organisator-263x175.jpg 263w, https:\/\/www.organisator.ch\/wp-content\/uploads\/2020\/05\/Der-Einfluss-der-Corona-Krise-auf-die-Arbeitswelt-4.0_Organisator-525x350.jpg 525w, https:\/\/www.organisator.ch\/wp-content\/uploads\/2020\/05\/Der-Einfluss-der-Corona-Krise-auf-die-Arbeitswelt-4.0_Organisator-300x200.jpg 300w\" sizes=\"auto, (max-width: 680px) 100vw, 680px\" \/><figcaption id=\"caption-attachment-6735\" class=\"wp-caption-text\">La crisi di Corona sta esercitando una notevole influenza sul mondo del lavoro 4.0, come dimostra una recente breve indagine. (Immagine: Pixabay.com)<\/figcaption><\/figure>\n<p>In occasione della crisi di Corona e del relativo boom dell'home office, il Future Work Group e la Hochschule f\u00fcr Wirtschaft FHNW hanno condotto congiuntamente un breve sondaggio nell'aprile 2020, che doveva fare il punto della situazione attuale riguardo al mondo del lavoro 4.0 poco dopo l'inizio del blocco. Un totale di 164 persone hanno partecipato, 65% dei quali dipendenti di PMI. Quasi un terzo (29%) di tutti i partecipanti sono manager. Pi\u00f9 di tre quarti dei partecipanti al sondaggio (78%) sono sostanzialmente soddisfatti di come le loro aziende stanno affrontando la situazione attuale.<\/p>\n<p><img loading=\"lazy\" decoding=\"async\" class=\"alignnone size-medium wp-image-6736\" src=\"https:\/\/www.organisator.ch\/wp-content\/uploads\/2020\/05\/Der-Einfluss-der-Corona-Krise-auf-die-Arbeitswelt-4.0-1_Organisator.jpg\" alt=\"\" width=\"680\" height=\"205\" srcset=\"https:\/\/www.organisator.ch\/wp-content\/uploads\/2020\/05\/Der-Einfluss-der-Corona-Krise-auf-die-Arbeitswelt-4.0-1_Organisator.jpg 680w, https:\/\/www.organisator.ch\/wp-content\/uploads\/2020\/05\/Der-Einfluss-der-Corona-Krise-auf-die-Arbeitswelt-4.0-1_Organisator-16x5.jpg 16w, https:\/\/www.organisator.ch\/wp-content\/uploads\/2020\/05\/Der-Einfluss-der-Corona-Krise-auf-die-Arbeitswelt-4.0-1_Organisator-375x113.jpg 375w, https:\/\/www.organisator.ch\/wp-content\/uploads\/2020\/05\/Der-Einfluss-der-Corona-Krise-auf-die-Arbeitswelt-4.0-1_Organisator-300x90.jpg 300w\" sizes=\"auto, (max-width: 680px) 100vw, 680px\" \/><\/p>\n<h2>Deterioramento da un lato, miglioramento dall'altro<\/h2>\n<p>A causa della crisi di Corona, il comportamento comunicativo e la situazione emotiva di circa 36% degli intervistati \u00e8 parzialmente peggiorata a livello personale. Tuttavia, un buon 70% dei partecipanti dichiara che la sua esperienza personale di stress non \u00e8 cambiata, e circa 28% sente addirittura un leggero miglioramento. Per quanto riguarda la loro azienda, i partecipanti dicono che le aree di comunicazione, cultura e cooperazione sono migliorate. La flessibilit\u00e0 concessa dall'azienda, la trasparenza e le chat di squadra virtuali sono citate come importanti fattori di successo della leadership.<\/p>\n<p><img loading=\"lazy\" decoding=\"async\" class=\"alignnone size-medium wp-image-6737\" src=\"https:\/\/www.organisator.ch\/wp-content\/uploads\/2020\/05\/Der-Einfluss-der-Corona-Krise-auf-die-Arbeitswelt-4.0-2_Organisator.jpg\" alt=\"\" width=\"680\" height=\"206\" srcset=\"https:\/\/www.organisator.ch\/wp-content\/uploads\/2020\/05\/Der-Einfluss-der-Corona-Krise-auf-die-Arbeitswelt-4.0-2_Organisator.jpg 680w, https:\/\/www.organisator.ch\/wp-content\/uploads\/2020\/05\/Der-Einfluss-der-Corona-Krise-auf-die-Arbeitswelt-4.0-2_Organisator-16x5.jpg 16w, https:\/\/www.organisator.ch\/wp-content\/uploads\/2020\/05\/Der-Einfluss-der-Corona-Krise-auf-die-Arbeitswelt-4.0-2_Organisator-375x114.jpg 375w, https:\/\/www.organisator.ch\/wp-content\/uploads\/2020\/05\/Der-Einfluss-der-Corona-Krise-auf-die-Arbeitswelt-4.0-2_Organisator-300x91.jpg 300w\" sizes=\"auto, (max-width: 680px) 100vw, 680px\" \/><\/p>\n<h2><strong>Mondo del lavoro 4.0 - l'opportunit\u00e0 dentro e fuori la crisi<\/strong><\/h2>\n<p>Sullo sfondo della schiacciante soddisfazione degli intervistati per la gestione della crisi della loro azienda menzionata all'inizio, \u00e8 sorprendente che il 55% dei partecipanti dichiari che i loro datori di lavoro non erano preparati per questa situazione. Secondo il 56% degli intervistati, le loro aziende non avevano un'infrastruttura IT per la collaborazione virtuale\/digitale fino ad allora. Oltre alla mancanza di infrastrutture IT, gli intervistati vedono principalmente barriere nell'area della leadership e degli incontri personali o degli scambi tra colleghi.<\/p>\n<p><img loading=\"lazy\" decoding=\"async\" class=\"alignnone size-medium wp-image-6738\" src=\"https:\/\/www.organisator.ch\/wp-content\/uploads\/2020\/05\/Der-Einfluss-der-Corona-Krise-auf-die-Arbeitswelt-4.0-3_Organisator.jpg\" alt=\"\" width=\"680\" height=\"157\" srcset=\"https:\/\/www.organisator.ch\/wp-content\/uploads\/2020\/05\/Der-Einfluss-der-Corona-Krise-auf-die-Arbeitswelt-4.0-3_Organisator.jpg 680w, https:\/\/www.organisator.ch\/wp-content\/uploads\/2020\/05\/Der-Einfluss-der-Corona-Krise-auf-die-Arbeitswelt-4.0-3_Organisator-16x4.jpg 16w, https:\/\/www.organisator.ch\/wp-content\/uploads\/2020\/05\/Der-Einfluss-der-Corona-Krise-auf-die-Arbeitswelt-4.0-3_Organisator-375x87.jpg 375w, https:\/\/www.organisator.ch\/wp-content\/uploads\/2020\/05\/Der-Einfluss-der-Corona-Krise-auf-die-Arbeitswelt-4.0-3_Organisator-300x69.jpg 300w\" sizes=\"auto, (max-width: 680px) 100vw, 680px\" \/><\/p>\n<h2>L'home office come forma di lavoro di supporto<\/h2>\n<p>Pi\u00f9 della met\u00e0 dei partecipanti (58%) vede l'uso dell'home office come una forma di lavoro utile e solidale, mentre un buon terzo dei partecipanti (34%) si sente limitato. La digitalizzazione, l'home office e le nuove forme di comunicazione e collaborazione si cristallizzano chiaramente come le grandi opportunit\u00e0 per le aziende. Di conseguenza, i risultati mostrano che i vantaggi di Working World 4.0 superano gli svantaggi e stimolano la digitalizzazione.<\/p>\n<p><img loading=\"lazy\" decoding=\"async\" class=\"alignnone size-medium wp-image-6739\" src=\"https:\/\/www.organisator.ch\/wp-content\/uploads\/2020\/05\/Der-Einfluss-der-Corona-Krise-auf-die-Arbeitswelt-4.0-4_Organisator.jpg\" alt=\"\" width=\"680\" height=\"157\" srcset=\"https:\/\/www.organisator.ch\/wp-content\/uploads\/2020\/05\/Der-Einfluss-der-Corona-Krise-auf-die-Arbeitswelt-4.0-4_Organisator.jpg 680w, https:\/\/www.organisator.ch\/wp-content\/uploads\/2020\/05\/Der-Einfluss-der-Corona-Krise-auf-die-Arbeitswelt-4.0-4_Organisator-16x4.jpg 16w, https:\/\/www.organisator.ch\/wp-content\/uploads\/2020\/05\/Der-Einfluss-der-Corona-Krise-auf-die-Arbeitswelt-4.0-4_Organisator-375x87.jpg 375w, https:\/\/www.organisator.ch\/wp-content\/uploads\/2020\/05\/Der-Einfluss-der-Corona-Krise-auf-die-Arbeitswelt-4.0-4_Organisator-300x69.jpg 300w\" sizes=\"auto, (max-width: 680px) 100vw, 680px\" \/><\/p>\n<p><em>Ulteriori informazioni su Working World 4.0 sono disponibili nel grande studio svizzero e nella guida pratica \"Working World 4.0 - Come PMI, plasmare con successo il mondo del lavoro del futuro\", che si pu\u00f2 trovare su <a href=\"http:\/\/www.arbeitswelt-zukunft.ch\/\">www.arbeitswelt-zukunft.ch<\/a>\u00a0\u00e8 disponibile gratuitamente.<\/em><\/p>","protected":false},"excerpt":{"rendered":"<p>Anl\u00e4sslich der Corona-Krise und dem damit einhergehenden Homeoffice-Boom haben die Future Work Group und die Hochschule f\u00fcr Wirtschaft FHNW im April 2020 gemeinsam eine Kurz-Umfrage durchgef\u00fchrt, die im Sinne einer Momentaufnahme die aktuelle Situation hinsichtlich der Arbeitswelt 4.0 kurz nach Beginn des Lockdown aufnehmen sollte. Insgesamt haben daran 164 Personen teilgenommen, davon 65% Mitarbeitende in [&hellip;]<\/p>\n","protected":false},"author":4,"featured_media":6735,"comment_status":"closed","ping_status":"closed","sticky":false,"template":"","format":"standard","meta":{"_acf_changed":false,"_yoast_wpseo_focuskw":"Arbeitswelt 4.0","_yoast_wpseo_metadesc":"Eine Kurzumfrage der Future Work Group und der Fachhochschule Nordwestschweiz FHNW zeigt den Einfluss der Corona-Krise auf die Arbeitswelt 4.0.","articlekey":"","footnotes":""},"categories":[28],"tags":[51,132,363,459],"class_list":["post-6734","post","type-post","status-publish","format-standard","has-post-thumbnail","hentry","category-management","tag-arbeitsplatzgestaltung","tag-coronavirus","tag-new-work","tag-studie"],"acf":[],"yoast_head":"<!-- This site is optimized with the Yoast SEO plugin v27.4 - https:\/\/yoast.com\/product\/yoast-seo-wordpress\/ -->\n<title>Arbeitswelt 4.0 und der Einfluss der Corona-Krise - Organisator<\/title>\n<meta name=\"description\" content=\"Eine Kurzumfrage der Future Work Group und der Fachhochschule Nordwestschweiz FHNW zeigt den Einfluss der Corona-Krise auf die Arbeitswelt 4.0.\" \/>\n<meta name=\"robots\" content=\"index, follow, max-snippet:-1, max-image-preview:large, max-video-preview:-1\" \/>\n<link rel=\"canonical\" href=\"https:\/\/www.organisator.ch\/it\/gestione-2\/2020-05-20\/arbeitswelt-4-0-und-der-einfluss-der-corona-krise\/\" \/>\n<meta property=\"og:locale\" content=\"it_IT\" \/>\n<meta property=\"og:type\" content=\"article\" \/>\n<meta property=\"og:title\" content=\"Arbeitswelt 4.0 und der Einfluss der Corona-Krise\" \/>\n<meta property=\"og:description\" content=\"Eine Kurzumfrage der Future Work Group und der Fachhochschule Nordwestschweiz FHNW zeigt den Einfluss der Corona-Krise auf die Arbeitswelt 4.0.\" \/>\n<meta property=\"og:url\" content=\"https:\/\/www.organisator.ch\/it\/gestione-2\/2020-05-20\/arbeitswelt-4-0-und-der-einfluss-der-corona-krise\/\" \/>\n<meta property=\"og:site_name\" content=\"Organisator\" \/>\n<meta property=\"article:publisher\" content=\"https:\/\/www.facebook.com\/OrganisatorFachmagazin\" \/>\n<meta property=\"article:published_time\" content=\"2020-05-20T11:30:47+00:00\" \/>\n<meta property=\"og:image\" content=\"https:\/\/www.organisator.ch\/wp-content\/uploads\/2020\/05\/Der-Einfluss-der-Corona-Krise-auf-die-Arbeitswelt-4.0_Organisator.jpg\" \/>\n\t<meta property=\"og:image:width\" content=\"680\" \/>\n\t<meta property=\"og:image:height\" content=\"453\" \/>\n\t<meta property=\"og:image:type\" content=\"image\/jpeg\" \/>\n<meta name=\"author\" content=\"thomas.berner\" \/>\n<meta name=\"twitter:card\" content=\"summary_large_image\" \/>\n<meta name=\"twitter:title\" content=\"#Arbeitswelt 4.0 und der Einfluss der #Corona-Krise\" \/>\n<meta name=\"twitter:description\" content=\"Eine Kurzumfrage der Future Work Group und der Fachhochschule Nordwestschweiz #FHNW zeigt den Einfluss der #Corona-Krise auf die #Arbeitswelt 4.0.\" \/>\n<meta name=\"twitter:image\" content=\"https:\/\/www.organisator.ch\/wp-content\/uploads\/2020\/05\/Der-Einfluss-der-Corona-Krise-auf-die-Arbeitswelt-4.0_Organisator.jpg\" \/>\n<script type=\"application\/ld+json\" class=\"yoast-schema-graph\">{\"@context\":\"https:\\\/\\\/schema.org\",\"@graph\":[{\"@type\":\"Article\",\"@id\":\"https:\\\/\\\/www.organisator.ch\\\/management\\\/2020-05-20\\\/arbeitswelt-4-0-und-der-einfluss-der-corona-krise\\\/#article\",\"isPartOf\":{\"@id\":\"https:\\\/\\\/www.organisator.ch\\\/management\\\/2020-05-20\\\/arbeitswelt-4-0-und-der-einfluss-der-corona-krise\\\/\"},\"author\":{\"name\":\"thomas.berner\",\"@id\":\"https:\\\/\\\/www.organisator.ch\\\/#\\\/schema\\\/person\\\/6f650f90b2842cd4c0cc334b4e36f67e\"},\"headline\":\"Arbeitswelt 4.0 und der Einfluss der Corona-Krise\",\"datePublished\":\"2020-05-20T11:30:47+00:00\",\"mainEntityOfPage\":{\"@id\":\"https:\\\/\\\/www.organisator.ch\\\/management\\\/2020-05-20\\\/arbeitswelt-4-0-und-der-einfluss-der-corona-krise\\\/\"},\"wordCount\":387,\"publisher\":{\"@id\":\"https:\\\/\\\/www.organisator.ch\\\/#organization\"},\"image\":{\"@id\":\"https:\\\/\\\/www.organisator.ch\\\/management\\\/2020-05-20\\\/arbeitswelt-4-0-und-der-einfluss-der-corona-krise\\\/#primaryimage\"},\"thumbnailUrl\":\"https:\\\/\\\/www.organisator.ch\\\/wp-content\\\/uploads\\\/2020\\\/05\\\/Der-Einfluss-der-Corona-Krise-auf-die-Arbeitswelt-4.0_Organisator.jpg\",\"keywords\":[\"Arbeitsplatzgestaltung\",\"Coronavirus\",\"New Work\",\"Studie\"],\"articleSection\":[\"MANAGEMENT\"],\"inLanguage\":\"it-IT\"},{\"@type\":\"WebPage\",\"@id\":\"https:\\\/\\\/www.organisator.ch\\\/management\\\/2020-05-20\\\/arbeitswelt-4-0-und-der-einfluss-der-corona-krise\\\/\",\"url\":\"https:\\\/\\\/www.organisator.ch\\\/management\\\/2020-05-20\\\/arbeitswelt-4-0-und-der-einfluss-der-corona-krise\\\/\",\"name\":\"Arbeitswelt 4.0 und der Einfluss der Corona-Krise - Organisator\",\"isPartOf\":{\"@id\":\"https:\\\/\\\/www.organisator.ch\\\/#website\"},\"primaryImageOfPage\":{\"@id\":\"https:\\\/\\\/www.organisator.ch\\\/management\\\/2020-05-20\\\/arbeitswelt-4-0-und-der-einfluss-der-corona-krise\\\/#primaryimage\"},\"image\":{\"@id\":\"https:\\\/\\\/www.organisator.ch\\\/management\\\/2020-05-20\\\/arbeitswelt-4-0-und-der-einfluss-der-corona-krise\\\/#primaryimage\"},\"thumbnailUrl\":\"https:\\\/\\\/www.organisator.ch\\\/wp-content\\\/uploads\\\/2020\\\/05\\\/Der-Einfluss-der-Corona-Krise-auf-die-Arbeitswelt-4.0_Organisator.jpg\",\"datePublished\":\"2020-05-20T11:30:47+00:00\",\"description\":\"Eine Kurzumfrage der Future Work Group und der Fachhochschule Nordwestschweiz FHNW zeigt den Einfluss der Corona-Krise auf die Arbeitswelt 4.0.\",\"breadcrumb\":{\"@id\":\"https:\\\/\\\/www.organisator.ch\\\/management\\\/2020-05-20\\\/arbeitswelt-4-0-und-der-einfluss-der-corona-krise\\\/#breadcrumb\"},\"inLanguage\":\"it-IT\",\"potentialAction\":[{\"@type\":\"ReadAction\",\"target\":[\"https:\\\/\\\/www.organisator.ch\\\/management\\\/2020-05-20\\\/arbeitswelt-4-0-und-der-einfluss-der-corona-krise\\\/\"]}]},{\"@type\":\"ImageObject\",\"inLanguage\":\"it-IT\",\"@id\":\"https:\\\/\\\/www.organisator.ch\\\/management\\\/2020-05-20\\\/arbeitswelt-4-0-und-der-einfluss-der-corona-krise\\\/#primaryimage\",\"url\":\"https:\\\/\\\/www.organisator.ch\\\/wp-content\\\/uploads\\\/2020\\\/05\\\/Der-Einfluss-der-Corona-Krise-auf-die-Arbeitswelt-4.0_Organisator.jpg\",\"contentUrl\":\"https:\\\/\\\/www.organisator.ch\\\/wp-content\\\/uploads\\\/2020\\\/05\\\/Der-Einfluss-der-Corona-Krise-auf-die-Arbeitswelt-4.0_Organisator.jpg\",\"width\":680,\"height\":453,\"caption\":\"Die Corona-Krise \u00fcbt einen sp\u00fcrbaren Einfluss auf die Arbeitswelt 4.0 aus, wie eine aktuelle Kurzumfrage zeigt. (Bild: Pixabay.com)\"},{\"@type\":\"BreadcrumbList\",\"@id\":\"https:\\\/\\\/www.organisator.ch\\\/management\\\/2020-05-20\\\/arbeitswelt-4-0-und-der-einfluss-der-corona-krise\\\/#breadcrumb\",\"itemListElement\":[{\"@type\":\"ListItem\",\"position\":1,\"name\":\"Home\",\"item\":\"https:\\\/\\\/www.organisator.ch\\\/\"},{\"@type\":\"ListItem\",\"position\":2,\"name\":\"Arbeitswelt 4.0 und der Einfluss der Corona-Krise\"}]},{\"@type\":\"WebSite\",\"@id\":\"https:\\\/\\\/www.organisator.ch\\\/#website\",\"url\":\"https:\\\/\\\/www.organisator.ch\\\/\",\"name\":\"Organisator\",\"description\":\"Kompetent. Praxisnah. Der ORGANISATOR bereitet in 10 Ausgaben pro Jahr die wesentlichen Themen f\u00fcr F\u00fchrungskr\u00e4fte von KMU auf.\",\"publisher\":{\"@id\":\"https:\\\/\\\/www.organisator.ch\\\/#organization\"},\"potentialAction\":[{\"@type\":\"SearchAction\",\"target\":{\"@type\":\"EntryPoint\",\"urlTemplate\":\"https:\\\/\\\/www.organisator.ch\\\/?s={search_term_string}\"},\"query-input\":{\"@type\":\"PropertyValueSpecification\",\"valueRequired\":true,\"valueName\":\"search_term_string\"}}],\"inLanguage\":\"it-IT\"},{\"@type\":\"Organization\",\"@id\":\"https:\\\/\\\/www.organisator.ch\\\/#organization\",\"name\":\"Organisator\",\"url\":\"https:\\\/\\\/www.organisator.ch\\\/\",\"logo\":{\"@type\":\"ImageObject\",\"inLanguage\":\"it-IT\",\"@id\":\"https:\\\/\\\/www.organisator.ch\\\/#\\\/schema\\\/logo\\\/image\\\/\",\"url\":\"https:\\\/\\\/www.organisator.ch\\\/wp-content\\\/uploads\\\/2022\\\/01\\\/Logo_Organisator_Website.png\",\"contentUrl\":\"https:\\\/\\\/www.organisator.ch\\\/wp-content\\\/uploads\\\/2022\\\/01\\\/Logo_Organisator_Website.png\",\"width\":800,\"height\":77,\"caption\":\"Organisator\"},\"image\":{\"@id\":\"https:\\\/\\\/www.organisator.ch\\\/#\\\/schema\\\/logo\\\/image\\\/\"},\"sameAs\":[\"https:\\\/\\\/www.facebook.com\\\/OrganisatorFachmagazin\",\"https:\\\/\\\/www.linkedin.com\\\/showcase\\\/organisator-das-magazin-fr-kmu\",\"https:\\\/\\\/www.xing.com\\\/news\\\/pages\\\/organisator-ch-695\",\"https:\\\/\\\/www.youtube.com\\\/channel\\\/UCGP2Sq0iWaZwT3BdIAQFYpw\"]},{\"@type\":\"Person\",\"@id\":\"https:\\\/\\\/www.organisator.ch\\\/#\\\/schema\\\/person\\\/6f650f90b2842cd4c0cc334b4e36f67e\",\"name\":\"thomas.berner\",\"image\":{\"@type\":\"ImageObject\",\"inLanguage\":\"it-IT\",\"@id\":\"https:\\\/\\\/secure.gravatar.com\\\/avatar\\\/ac5001d2a36cb6c6cd3e50789007ffca834b477b74a2144564522e944eabff61?s=96&d=mm&r=g\",\"url\":\"https:\\\/\\\/secure.gravatar.com\\\/avatar\\\/ac5001d2a36cb6c6cd3e50789007ffca834b477b74a2144564522e944eabff61?s=96&d=mm&r=g\",\"contentUrl\":\"https:\\\/\\\/secure.gravatar.com\\\/avatar\\\/ac5001d2a36cb6c6cd3e50789007ffca834b477b74a2144564522e944eabff61?s=96&d=mm&r=g\",\"caption\":\"thomas.berner\"},\"url\":\"https:\\\/\\\/www.organisator.ch\\\/it\\\/author\\\/thomas-berner\\\/\"}]}<\/script>\n<!-- \/ Yoast SEO plugin. -->","yoast_head_json":{"title":"Il mondo del lavoro 4.0 e l'influenza della crisi di Corona - Organizzatore","description":"Un breve sondaggio del Future Work Group e dell'Universit\u00e0 di Scienze Applicate della Svizzera Nord-occidentale FHNW mostra l'influenza della crisi di Corona sul mondo del lavoro 4.0.","robots":{"index":"index","follow":"follow","max-snippet":"max-snippet:-1","max-image-preview":"max-image-preview:large","max-video-preview":"max-video-preview:-1"},"canonical":"https:\/\/www.organisator.ch\/it\/gestione-2\/2020-05-20\/arbeitswelt-4-0-und-der-einfluss-der-corona-krise\/","og_locale":"it_IT","og_type":"article","og_title":"Arbeitswelt 4.0 und der Einfluss der Corona-Krise","og_description":"Eine Kurzumfrage der Future Work Group und der Fachhochschule Nordwestschweiz FHNW zeigt den Einfluss der Corona-Krise auf die Arbeitswelt 4.0.","og_url":"https:\/\/www.organisator.ch\/it\/gestione-2\/2020-05-20\/arbeitswelt-4-0-und-der-einfluss-der-corona-krise\/","og_site_name":"Organisator","article_publisher":"https:\/\/www.facebook.com\/OrganisatorFachmagazin","article_published_time":"2020-05-20T11:30:47+00:00","og_image":[{"width":680,"height":453,"url":"https:\/\/www.organisator.ch\/wp-content\/uploads\/2020\/05\/Der-Einfluss-der-Corona-Krise-auf-die-Arbeitswelt-4.0_Organisator.jpg","type":"image\/jpeg"}],"author":"thomas.berner","twitter_card":"summary_large_image","twitter_title":"#Arbeitswelt 4.0 und der Einfluss der #Corona-Krise","twitter_description":"Eine Kurzumfrage der Future Work Group und der Fachhochschule Nordwestschweiz #FHNW zeigt den Einfluss der #Corona-Krise auf die #Arbeitswelt 4.0.","twitter_image":"https:\/\/www.organisator.ch\/wp-content\/uploads\/2020\/05\/Der-Einfluss-der-Corona-Krise-auf-die-Arbeitswelt-4.0_Organisator.jpg","schema":{"@context":"https:\/\/schema.org","@graph":[{"@type":"Article","@id":"https:\/\/www.organisator.ch\/management\/2020-05-20\/arbeitswelt-4-0-und-der-einfluss-der-corona-krise\/#article","isPartOf":{"@id":"https:\/\/www.organisator.ch\/management\/2020-05-20\/arbeitswelt-4-0-und-der-einfluss-der-corona-krise\/"},"author":{"name":"thomas.berner","@id":"https:\/\/www.organisator.ch\/#\/schema\/person\/6f650f90b2842cd4c0cc334b4e36f67e"},"headline":"Arbeitswelt 4.0 und der Einfluss der Corona-Krise","datePublished":"2020-05-20T11:30:47+00:00","mainEntityOfPage":{"@id":"https:\/\/www.organisator.ch\/management\/2020-05-20\/arbeitswelt-4-0-und-der-einfluss-der-corona-krise\/"},"wordCount":387,"publisher":{"@id":"https:\/\/www.organisator.ch\/#organization"},"image":{"@id":"https:\/\/www.organisator.ch\/management\/2020-05-20\/arbeitswelt-4-0-und-der-einfluss-der-corona-krise\/#primaryimage"},"thumbnailUrl":"https:\/\/www.organisator.ch\/wp-content\/uploads\/2020\/05\/Der-Einfluss-der-Corona-Krise-auf-die-Arbeitswelt-4.0_Organisator.jpg","keywords":["Arbeitsplatzgestaltung","Coronavirus","New Work","Studie"],"articleSection":["MANAGEMENT"],"inLanguage":"it-IT"},{"@type":"WebPage","@id":"https:\/\/www.organisator.ch\/management\/2020-05-20\/arbeitswelt-4-0-und-der-einfluss-der-corona-krise\/","url":"https:\/\/www.organisator.ch\/management\/2020-05-20\/arbeitswelt-4-0-und-der-einfluss-der-corona-krise\/","name":"Il mondo del lavoro 4.0 e l'influenza della crisi di Corona - Organizzatore","isPartOf":{"@id":"https:\/\/www.organisator.ch\/#website"},"primaryImageOfPage":{"@id":"https:\/\/www.organisator.ch\/management\/2020-05-20\/arbeitswelt-4-0-und-der-einfluss-der-corona-krise\/#primaryimage"},"image":{"@id":"https:\/\/www.organisator.ch\/management\/2020-05-20\/arbeitswelt-4-0-und-der-einfluss-der-corona-krise\/#primaryimage"},"thumbnailUrl":"https:\/\/www.organisator.ch\/wp-content\/uploads\/2020\/05\/Der-Einfluss-der-Corona-Krise-auf-die-Arbeitswelt-4.0_Organisator.jpg","datePublished":"2020-05-20T11:30:47+00:00","description":"Un breve sondaggio del Future Work Group e dell'Universit\u00e0 di Scienze Applicate della Svizzera Nord-occidentale FHNW mostra l'influenza della crisi di Corona sul mondo del lavoro 4.0.","breadcrumb":{"@id":"https:\/\/www.organisator.ch\/management\/2020-05-20\/arbeitswelt-4-0-und-der-einfluss-der-corona-krise\/#breadcrumb"},"inLanguage":"it-IT","potentialAction":[{"@type":"ReadAction","target":["https:\/\/www.organisator.ch\/management\/2020-05-20\/arbeitswelt-4-0-und-der-einfluss-der-corona-krise\/"]}]},{"@type":"ImageObject","inLanguage":"it-IT","@id":"https:\/\/www.organisator.ch\/management\/2020-05-20\/arbeitswelt-4-0-und-der-einfluss-der-corona-krise\/#primaryimage","url":"https:\/\/www.organisator.ch\/wp-content\/uploads\/2020\/05\/Der-Einfluss-der-Corona-Krise-auf-die-Arbeitswelt-4.0_Organisator.jpg","contentUrl":"https:\/\/www.organisator.ch\/wp-content\/uploads\/2020\/05\/Der-Einfluss-der-Corona-Krise-auf-die-Arbeitswelt-4.0_Organisator.jpg","width":680,"height":453,"caption":"Die Corona-Krise \u00fcbt einen sp\u00fcrbaren Einfluss auf die Arbeitswelt 4.0 aus, wie eine aktuelle Kurzumfrage zeigt. (Bild: Pixabay.com)"},{"@type":"BreadcrumbList","@id":"https:\/\/www.organisator.ch\/management\/2020-05-20\/arbeitswelt-4-0-und-der-einfluss-der-corona-krise\/#breadcrumb","itemListElement":[{"@type":"ListItem","position":1,"name":"Home","item":"https:\/\/www.organisator.ch\/"},{"@type":"ListItem","position":2,"name":"Arbeitswelt 4.0 und der Einfluss der Corona-Krise"}]},{"@type":"WebSite","@id":"https:\/\/www.organisator.ch\/#website","url":"https:\/\/www.organisator.ch\/","name":"Organizzatore","description":"Competente. Pratico. In 10 numeri all'anno, ORGANISATOR presenta i temi essenziali per i manager delle PMI.","publisher":{"@id":"https:\/\/www.organisator.ch\/#organization"},"potentialAction":[{"@type":"SearchAction","target":{"@type":"EntryPoint","urlTemplate":"https:\/\/www.organisator.ch\/?s={search_term_string}"},"query-input":{"@type":"PropertyValueSpecification","valueRequired":true,"valueName":"search_term_string"}}],"inLanguage":"it-IT"},{"@type":"Organization","@id":"https:\/\/www.organisator.ch\/#organization","name":"Organizzatore","url":"https:\/\/www.organisator.ch\/","logo":{"@type":"ImageObject","inLanguage":"it-IT","@id":"https:\/\/www.organisator.ch\/#\/schema\/logo\/image\/","url":"https:\/\/www.organisator.ch\/wp-content\/uploads\/2022\/01\/Logo_Organisator_Website.png","contentUrl":"https:\/\/www.organisator.ch\/wp-content\/uploads\/2022\/01\/Logo_Organisator_Website.png","width":800,"height":77,"caption":"Organisator"},"image":{"@id":"https:\/\/www.organisator.ch\/#\/schema\/logo\/image\/"},"sameAs":["https:\/\/www.facebook.com\/OrganisatorFachmagazin","https:\/\/www.linkedin.com\/showcase\/organisator-das-magazin-fr-kmu","https:\/\/www.xing.com\/news\/pages\/organisator-ch-695","https:\/\/www.youtube.com\/channel\/UCGP2Sq0iWaZwT3BdIAQFYpw"]},{"@type":"Person","@id":"https:\/\/www.organisator.ch\/#\/schema\/person\/6f650f90b2842cd4c0cc334b4e36f67e","name":"Tommaso.berner","image":{"@type":"ImageObject","inLanguage":"it-IT","@id":"https:\/\/secure.gravatar.com\/avatar\/ac5001d2a36cb6c6cd3e50789007ffca834b477b74a2144564522e944eabff61?s=96&d=mm&r=g","url":"https:\/\/secure.gravatar.com\/avatar\/ac5001d2a36cb6c6cd3e50789007ffca834b477b74a2144564522e944eabff61?s=96&d=mm&r=g","contentUrl":"https:\/\/secure.gravatar.com\/avatar\/ac5001d2a36cb6c6cd3e50789007ffca834b477b74a2144564522e944eabff61?s=96&d=mm&r=g","caption":"thomas.berner"},"url":"https:\/\/www.organisator.ch\/it\/author\/thomas-berner\/"}]}},"_links":{"self":[{"href":"https:\/\/www.organisator.ch\/it\/wp-json\/wp\/v2\/posts\/6734","targetHints":{"allow":["GET"]}}],"collection":[{"href":"https:\/\/www.organisator.ch\/it\/wp-json\/wp\/v2\/posts"}],"about":[{"href":"https:\/\/www.organisator.ch\/it\/wp-json\/wp\/v2\/types\/post"}],"author":[{"embeddable":true,"href":"https:\/\/www.organisator.ch\/it\/wp-json\/wp\/v2\/users\/4"}],"replies":[{"embeddable":true,"href":"https:\/\/www.organisator.ch\/it\/wp-json\/wp\/v2\/comments?post=6734"}],"version-history":[{"count":0,"href":"https:\/\/www.organisator.ch\/it\/wp-json\/wp\/v2\/posts\/6734\/revisions"}],"wp:featuredmedia":[{"embeddable":true,"href":"https:\/\/www.organisator.ch\/it\/wp-json\/wp\/v2\/media\/6735"}],"wp:attachment":[{"href":"https:\/\/www.organisator.ch\/it\/wp-json\/wp\/v2\/media?parent=6734"}],"wp:term":[{"taxonomy":"category","embeddable":true,"href":"https:\/\/www.organisator.ch\/it\/wp-json\/wp\/v2\/categories?post=6734"},{"taxonomy":"post_tag","embeddable":true,"href":"https:\/\/www.organisator.ch\/it\/wp-json\/wp\/v2\/tags?post=6734"}],"curies":[{"name":"wp","href":"https:\/\/api.w.org\/{rel}","templated":true}]}}