{"id":6762,"date":"2020-05-28T08:52:46","date_gmt":"2020-05-28T06:52:46","guid":{"rendered":"https:\/\/www.organisator.ch\/?p=6762"},"modified":"2020-05-28T08:52:46","modified_gmt":"2020-05-28T06:52:46","slug":"nordwestschweizer-treuhandunternehmen-tretor-ag-erneuert-geschaeftsleitung","status":"publish","type":"post","link":"https:\/\/www.organisator.ch\/it\/management\/2020-05-28\/nordwestschweizer-treuhandunternehmen-tretor-ag-erneuert-geschaeftsleitung\/","title":{"rendered":"Tretor AG, societ\u00e0 fiduciaria della Svizzera nordoccidentale, rinnova il suo consiglio di amministrazione"},"content":{"rendered":"<figure id=\"attachment_6763\" aria-describedby=\"caption-attachment-6763\" style=\"width: 680px\" class=\"wp-caption alignnone\"><img loading=\"lazy\" decoding=\"async\" class=\"size-medium wp-image-6763\" src=\"https:\/\/www.organisator.ch\/wp-content\/uploads\/2020\/05\/Nordwestschweizer-Treuhandunternehmen-Tretor-AG-erneuert-Geschaeftsleitung_Organisator.jpg\" alt=\"\" width=\"680\" height=\"529\" srcset=\"https:\/\/www.organisator.ch\/wp-content\/uploads\/2020\/05\/Nordwestschweizer-Treuhandunternehmen-Tretor-AG-erneuert-Geschaeftsleitung_Organisator.jpg 680w, https:\/\/www.organisator.ch\/wp-content\/uploads\/2020\/05\/Nordwestschweizer-Treuhandunternehmen-Tretor-AG-erneuert-Geschaeftsleitung_Organisator-16x12.jpg 16w, https:\/\/www.organisator.ch\/wp-content\/uploads\/2020\/05\/Nordwestschweizer-Treuhandunternehmen-Tretor-AG-erneuert-Geschaeftsleitung_Organisator-225x175.jpg 225w, https:\/\/www.organisator.ch\/wp-content\/uploads\/2020\/05\/Nordwestschweizer-Treuhandunternehmen-Tretor-AG-erneuert-Geschaeftsleitung_Organisator-450x350.jpg 450w, https:\/\/www.organisator.ch\/wp-content\/uploads\/2020\/05\/Nordwestschweizer-Treuhandunternehmen-Tretor-AG-erneuert-Geschaeftsleitung_Organisator-300x233.jpg 300w\" sizes=\"auto, (max-width: 680px) 100vw, 680px\" \/><figcaption id=\"caption-attachment-6763\" class=\"wp-caption-text\">Tretor AG, la societ\u00e0 fiduciaria della Svizzera nordoccidentale, ha rinnovato il suo team di gestione. (Immagine: Tretor AG)<\/figcaption><\/figure>\n<p>Dopo 25 anni di servizio, i fondatori di Tretor AG, Philipp e Gilbert Hammel, hanno deciso di lasciare la direzione operativa di questa societ\u00e0 fiduciaria della Svizzera nordoccidentale alla fine di aprile 2020 e di concentrarsi su compiti strategici e progetti speciali a tempo parziale. Philipp Hammel continuer\u00e0 ad essere presidente del consiglio di amministrazione. Dall'inizio di maggio 2020, la gestione operativa \u00e8 stata effettuata dai partner Martin Dettwiler, David Klein, Josia R\u00f6hm e Adrian Schaller.<\/p>\n<p>Adrian Schaller, partner e membro del comitato esecutivo dal 2011, \u00e8 responsabile della direzione generale e della gestione operativa dell'ufficio di Liestal e del dipartimento di revisione. Martin Dettwiler, un esperto fiscale certificato, \u00e8 responsabile del dipartimento fiscale e ha giocato un ruolo chiave nel plasmare la storia di TRETOR con i suoi pi\u00f9 di 20 anni come partner e membro del comitato esecutivo. David Klein, dottore commercialista, \u00e8 membro del comitato esecutivo dal 2016 e dirige l'ufficio di Basilea dall'anno scorso. Josia R\u00f6hm completa il team di gestione. \u00c8 un contabile certificato ed \u00e8 ora responsabile del dipartimento fiduciario. Con il suo profondo know-how informatico, continuer\u00e0 a portare avanti lo sviluppo digitale in particolare.<\/p>\n<p>Fondata nel 1995, l'azienda impiega attualmente 35 persone e gode di una forte posizione di mercato nella Svizzera nord-occidentale. Nelle sue due sedi di Liestal e Basilea, Tretor AG offre servizi completi nei settori della consulenza aziendale, della contabilit\u00e0, della revisione e delle imposte.<\/p>\n<p><em>Ulteriori informazioni: <a href=\"http:\/\/www.tretor.ch\">www.tretor.ch<\/a><\/em><\/p>\n<p>&nbsp;<\/p>\n<p>&nbsp;<\/p>","protected":false},"excerpt":{"rendered":"<p>Nach 25-j\u00e4hriger T\u00e4tigkeit haben sich die Gr\u00fcnder von Tretor AG, Philipp und Gilbert Hammel, entschlossen, per Ende April 2020 bei diesem Nordwestschweizer Treuhandunternehmen aus der operativen Gesch\u00e4ftsleitung zur\u00fcckzutreten und sich fortan in einem Teilzeitpensum auf strategische Aufgaben und Spezialprojekte zu konzentrieren. Das Verwaltungsratspr\u00e4sidium wird weiterhin durch Philipp Hammel ausge\u00fcbt. Die operative Gesch\u00e4ftsf\u00fchrung wird seit Anfang [&hellip;]<\/p>\n","protected":false},"author":4,"featured_media":6763,"comment_status":"closed","ping_status":"closed","sticky":false,"template":"","format":"standard","meta":{"_acf_changed":false,"_yoast_wpseo_focuskw":"Nordwestschweizer Treuhandunternehmen","_yoast_wpseo_metadesc":"Im Nordwestschweizer Treuhandunternehmen Tretor AG in Liestal kommt es zu Neuerungen in der Gesch\u00e4ftsleitung: Die Gr\u00fcnder ziehen sich zur\u00fcck.","articlekey":"","footnotes":""},"categories":[28],"tags":[202,335,486,492,532],"class_list":["post-6762","post","type-post","status-publish","format-standard","has-post-thumbnail","hentry","category-management","tag-finanzenrecht","tag-management-und-unternehmensfuehrung","tag-treuhand","tag-unternehmen","tag-wirtschaftspruefung"],"acf":[],"yoast_head":"<!-- This site is optimized with the Yoast SEO plugin v27.4 - https:\/\/yoast.com\/product\/yoast-seo-wordpress\/ -->\n<title>Nordwestschweizer Treuhandunternehmen Tretor AG erneuert Gesch\u00e4ftsleitung - Organisator<\/title>\n<meta name=\"description\" content=\"Im Nordwestschweizer Treuhandunternehmen Tretor AG in Liestal kommt es zu Neuerungen in der Gesch\u00e4ftsleitung: Die Gr\u00fcnder ziehen sich zur\u00fcck.\" \/>\n<meta name=\"robots\" content=\"index, follow, max-snippet:-1, max-image-preview:large, max-video-preview:-1\" \/>\n<link rel=\"canonical\" href=\"https:\/\/www.organisator.ch\/it\/gestione-2\/2020-05-28\/nordwestschweizer-treuhandunternehmen-tretor-ag-erneuert-geschaeftsleitung\/\" \/>\n<meta property=\"og:locale\" content=\"it_IT\" \/>\n<meta property=\"og:type\" content=\"article\" \/>\n<meta property=\"og:title\" content=\"Nordwestschweizer Treuhandunternehmen Tretor AG erneuert Gesch\u00e4ftsleitung\" \/>\n<meta property=\"og:description\" content=\"Im Nordwestschweizer Treuhandunternehmen Tretor AG in Liestal kommt es zu Neuerungen in der Gesch\u00e4ftsleitung: Die Gr\u00fcnder ziehen sich zur\u00fcck.\" \/>\n<meta property=\"og:url\" content=\"https:\/\/www.organisator.ch\/it\/gestione-2\/2020-05-28\/nordwestschweizer-treuhandunternehmen-tretor-ag-erneuert-geschaeftsleitung\/\" \/>\n<meta property=\"og:site_name\" content=\"Organisator\" \/>\n<meta property=\"article:publisher\" content=\"https:\/\/www.facebook.com\/OrganisatorFachmagazin\" \/>\n<meta property=\"article:published_time\" content=\"2020-05-28T06:52:46+00:00\" \/>\n<meta property=\"og:image\" content=\"https:\/\/www.organisator.ch\/wp-content\/uploads\/2020\/05\/Nordwestschweizer-Treuhandunternehmen-Tretor-AG-erneuert-Geschaeftsleitung_Organisator.jpg\" \/>\n\t<meta property=\"og:image:width\" content=\"680\" \/>\n\t<meta property=\"og:image:height\" content=\"529\" \/>\n\t<meta property=\"og:image:type\" content=\"image\/jpeg\" \/>\n<meta name=\"author\" content=\"thomas.berner\" \/>\n<meta name=\"twitter:card\" content=\"summary_large_image\" \/>\n<meta name=\"twitter:title\" content=\"Nordwestschweizer #Treuhandunternehmen Tretor AG erneuert Gesch\u00e4ftsleitung\" \/>\n<meta name=\"twitter:description\" content=\"Im Nordwestschweizer #Treuhandunternehmen Tretor AG in #Liestal kommt es zu Neuerungen in der Gesch\u00e4ftsleitung: Die Gr\u00fcnder ziehen sich zur\u00fcck.\" \/>\n<meta name=\"twitter:image\" content=\"https:\/\/www.organisator.ch\/wp-content\/uploads\/2020\/05\/Nordwestschweizer-Treuhandunternehmen-Tretor-AG-erneuert-Geschaeftsleitung_Organisator.jpg\" \/>\n<script type=\"application\/ld+json\" class=\"yoast-schema-graph\">{\"@context\":\"https:\\\/\\\/schema.org\",\"@graph\":[{\"@type\":\"Article\",\"@id\":\"https:\\\/\\\/www.organisator.ch\\\/management\\\/2020-05-28\\\/nordwestschweizer-treuhandunternehmen-tretor-ag-erneuert-geschaeftsleitung\\\/#article\",\"isPartOf\":{\"@id\":\"https:\\\/\\\/www.organisator.ch\\\/management\\\/2020-05-28\\\/nordwestschweizer-treuhandunternehmen-tretor-ag-erneuert-geschaeftsleitung\\\/\"},\"author\":{\"name\":\"thomas.berner\",\"@id\":\"https:\\\/\\\/www.organisator.ch\\\/#\\\/schema\\\/person\\\/6f650f90b2842cd4c0cc334b4e36f67e\"},\"headline\":\"Nordwestschweizer Treuhandunternehmen Tretor AG erneuert Gesch\u00e4ftsleitung\",\"datePublished\":\"2020-05-28T06:52:46+00:00\",\"mainEntityOfPage\":{\"@id\":\"https:\\\/\\\/www.organisator.ch\\\/management\\\/2020-05-28\\\/nordwestschweizer-treuhandunternehmen-tretor-ag-erneuert-geschaeftsleitung\\\/\"},\"wordCount\":268,\"publisher\":{\"@id\":\"https:\\\/\\\/www.organisator.ch\\\/#organization\"},\"image\":{\"@id\":\"https:\\\/\\\/www.organisator.ch\\\/management\\\/2020-05-28\\\/nordwestschweizer-treuhandunternehmen-tretor-ag-erneuert-geschaeftsleitung\\\/#primaryimage\"},\"thumbnailUrl\":\"https:\\\/\\\/www.organisator.ch\\\/wp-content\\\/uploads\\\/2020\\\/05\\\/Nordwestschweizer-Treuhandunternehmen-Tretor-AG-erneuert-Geschaeftsleitung_Organisator.jpg\",\"keywords\":[\"Finanzen\\\/Recht\",\"Management und Unternehmensf\u00fchrung\",\"Treuhand\",\"Unternehmen\",\"Wirtschaftspr\u00fcfung\"],\"articleSection\":[\"MANAGEMENT\"],\"inLanguage\":\"it-IT\"},{\"@type\":\"WebPage\",\"@id\":\"https:\\\/\\\/www.organisator.ch\\\/management\\\/2020-05-28\\\/nordwestschweizer-treuhandunternehmen-tretor-ag-erneuert-geschaeftsleitung\\\/\",\"url\":\"https:\\\/\\\/www.organisator.ch\\\/management\\\/2020-05-28\\\/nordwestschweizer-treuhandunternehmen-tretor-ag-erneuert-geschaeftsleitung\\\/\",\"name\":\"Nordwestschweizer Treuhandunternehmen Tretor AG erneuert Gesch\u00e4ftsleitung - Organisator\",\"isPartOf\":{\"@id\":\"https:\\\/\\\/www.organisator.ch\\\/#website\"},\"primaryImageOfPage\":{\"@id\":\"https:\\\/\\\/www.organisator.ch\\\/management\\\/2020-05-28\\\/nordwestschweizer-treuhandunternehmen-tretor-ag-erneuert-geschaeftsleitung\\\/#primaryimage\"},\"image\":{\"@id\":\"https:\\\/\\\/www.organisator.ch\\\/management\\\/2020-05-28\\\/nordwestschweizer-treuhandunternehmen-tretor-ag-erneuert-geschaeftsleitung\\\/#primaryimage\"},\"thumbnailUrl\":\"https:\\\/\\\/www.organisator.ch\\\/wp-content\\\/uploads\\\/2020\\\/05\\\/Nordwestschweizer-Treuhandunternehmen-Tretor-AG-erneuert-Geschaeftsleitung_Organisator.jpg\",\"datePublished\":\"2020-05-28T06:52:46+00:00\",\"description\":\"Im Nordwestschweizer Treuhandunternehmen Tretor AG in Liestal kommt es zu Neuerungen in der Gesch\u00e4ftsleitung: Die Gr\u00fcnder ziehen sich zur\u00fcck.\",\"breadcrumb\":{\"@id\":\"https:\\\/\\\/www.organisator.ch\\\/management\\\/2020-05-28\\\/nordwestschweizer-treuhandunternehmen-tretor-ag-erneuert-geschaeftsleitung\\\/#breadcrumb\"},\"inLanguage\":\"it-IT\",\"potentialAction\":[{\"@type\":\"ReadAction\",\"target\":[\"https:\\\/\\\/www.organisator.ch\\\/management\\\/2020-05-28\\\/nordwestschweizer-treuhandunternehmen-tretor-ag-erneuert-geschaeftsleitung\\\/\"]}]},{\"@type\":\"ImageObject\",\"inLanguage\":\"it-IT\",\"@id\":\"https:\\\/\\\/www.organisator.ch\\\/management\\\/2020-05-28\\\/nordwestschweizer-treuhandunternehmen-tretor-ag-erneuert-geschaeftsleitung\\\/#primaryimage\",\"url\":\"https:\\\/\\\/www.organisator.ch\\\/wp-content\\\/uploads\\\/2020\\\/05\\\/Nordwestschweizer-Treuhandunternehmen-Tretor-AG-erneuert-Geschaeftsleitung_Organisator.jpg\",\"contentUrl\":\"https:\\\/\\\/www.organisator.ch\\\/wp-content\\\/uploads\\\/2020\\\/05\\\/Nordwestschweizer-Treuhandunternehmen-Tretor-AG-erneuert-Geschaeftsleitung_Organisator.jpg\",\"width\":680,\"height\":529,\"caption\":\"Das Nordwestschweizer Treuhandunternehmen Tretor AG hat seine F\u00fchrungsmannschaft erneuert. (Bild: Tretor AG)\"},{\"@type\":\"BreadcrumbList\",\"@id\":\"https:\\\/\\\/www.organisator.ch\\\/management\\\/2020-05-28\\\/nordwestschweizer-treuhandunternehmen-tretor-ag-erneuert-geschaeftsleitung\\\/#breadcrumb\",\"itemListElement\":[{\"@type\":\"ListItem\",\"position\":1,\"name\":\"Home\",\"item\":\"https:\\\/\\\/www.organisator.ch\\\/\"},{\"@type\":\"ListItem\",\"position\":2,\"name\":\"Nordwestschweizer Treuhandunternehmen Tretor AG erneuert Gesch\u00e4ftsleitung\"}]},{\"@type\":\"WebSite\",\"@id\":\"https:\\\/\\\/www.organisator.ch\\\/#website\",\"url\":\"https:\\\/\\\/www.organisator.ch\\\/\",\"name\":\"Organisator\",\"description\":\"Kompetent. Praxisnah. Der ORGANISATOR bereitet in 10 Ausgaben pro Jahr die wesentlichen Themen f\u00fcr F\u00fchrungskr\u00e4fte von KMU auf.\",\"publisher\":{\"@id\":\"https:\\\/\\\/www.organisator.ch\\\/#organization\"},\"potentialAction\":[{\"@type\":\"SearchAction\",\"target\":{\"@type\":\"EntryPoint\",\"urlTemplate\":\"https:\\\/\\\/www.organisator.ch\\\/?s={search_term_string}\"},\"query-input\":{\"@type\":\"PropertyValueSpecification\",\"valueRequired\":true,\"valueName\":\"search_term_string\"}}],\"inLanguage\":\"it-IT\"},{\"@type\":\"Organization\",\"@id\":\"https:\\\/\\\/www.organisator.ch\\\/#organization\",\"name\":\"Organisator\",\"url\":\"https:\\\/\\\/www.organisator.ch\\\/\",\"logo\":{\"@type\":\"ImageObject\",\"inLanguage\":\"it-IT\",\"@id\":\"https:\\\/\\\/www.organisator.ch\\\/#\\\/schema\\\/logo\\\/image\\\/\",\"url\":\"https:\\\/\\\/www.organisator.ch\\\/wp-content\\\/uploads\\\/2022\\\/01\\\/Logo_Organisator_Website.png\",\"contentUrl\":\"https:\\\/\\\/www.organisator.ch\\\/wp-content\\\/uploads\\\/2022\\\/01\\\/Logo_Organisator_Website.png\",\"width\":800,\"height\":77,\"caption\":\"Organisator\"},\"image\":{\"@id\":\"https:\\\/\\\/www.organisator.ch\\\/#\\\/schema\\\/logo\\\/image\\\/\"},\"sameAs\":[\"https:\\\/\\\/www.facebook.com\\\/OrganisatorFachmagazin\",\"https:\\\/\\\/www.linkedin.com\\\/showcase\\\/organisator-das-magazin-fr-kmu\",\"https:\\\/\\\/www.xing.com\\\/news\\\/pages\\\/organisator-ch-695\",\"https:\\\/\\\/www.youtube.com\\\/channel\\\/UCGP2Sq0iWaZwT3BdIAQFYpw\"]},{\"@type\":\"Person\",\"@id\":\"https:\\\/\\\/www.organisator.ch\\\/#\\\/schema\\\/person\\\/6f650f90b2842cd4c0cc334b4e36f67e\",\"name\":\"thomas.berner\",\"image\":{\"@type\":\"ImageObject\",\"inLanguage\":\"it-IT\",\"@id\":\"https:\\\/\\\/secure.gravatar.com\\\/avatar\\\/ac5001d2a36cb6c6cd3e50789007ffca834b477b74a2144564522e944eabff61?s=96&d=mm&r=g\",\"url\":\"https:\\\/\\\/secure.gravatar.com\\\/avatar\\\/ac5001d2a36cb6c6cd3e50789007ffca834b477b74a2144564522e944eabff61?s=96&d=mm&r=g\",\"contentUrl\":\"https:\\\/\\\/secure.gravatar.com\\\/avatar\\\/ac5001d2a36cb6c6cd3e50789007ffca834b477b74a2144564522e944eabff61?s=96&d=mm&r=g\",\"caption\":\"thomas.berner\"},\"url\":\"https:\\\/\\\/www.organisator.ch\\\/it\\\/author\\\/thomas-berner\\\/\"}]}<\/script>\n<!-- \/ Yoast SEO plugin. -->","yoast_head_json":{"title":"La societ\u00e0 fiduciaria della Svizzera nord-occidentale Tretor AG rinnova il management - Organizzatore","description":"Ci sono cambiamenti nella gestione di Tretor AG di Liestal, una societ\u00e0 fiduciaria della Svizzera nordoccidentale: i fondatori si ritirano.","robots":{"index":"index","follow":"follow","max-snippet":"max-snippet:-1","max-image-preview":"max-image-preview:large","max-video-preview":"max-video-preview:-1"},"canonical":"https:\/\/www.organisator.ch\/it\/gestione-2\/2020-05-28\/nordwestschweizer-treuhandunternehmen-tretor-ag-erneuert-geschaeftsleitung\/","og_locale":"it_IT","og_type":"article","og_title":"Nordwestschweizer Treuhandunternehmen Tretor AG erneuert Gesch\u00e4ftsleitung","og_description":"Im Nordwestschweizer Treuhandunternehmen Tretor AG in Liestal kommt es zu Neuerungen in der Gesch\u00e4ftsleitung: Die Gr\u00fcnder ziehen sich zur\u00fcck.","og_url":"https:\/\/www.organisator.ch\/it\/gestione-2\/2020-05-28\/nordwestschweizer-treuhandunternehmen-tretor-ag-erneuert-geschaeftsleitung\/","og_site_name":"Organisator","article_publisher":"https:\/\/www.facebook.com\/OrganisatorFachmagazin","article_published_time":"2020-05-28T06:52:46+00:00","og_image":[{"width":680,"height":529,"url":"https:\/\/www.organisator.ch\/wp-content\/uploads\/2020\/05\/Nordwestschweizer-Treuhandunternehmen-Tretor-AG-erneuert-Geschaeftsleitung_Organisator.jpg","type":"image\/jpeg"}],"author":"thomas.berner","twitter_card":"summary_large_image","twitter_title":"Nordwestschweizer #Treuhandunternehmen Tretor AG erneuert Gesch\u00e4ftsleitung","twitter_description":"Im Nordwestschweizer #Treuhandunternehmen Tretor AG in #Liestal kommt es zu Neuerungen in der Gesch\u00e4ftsleitung: Die Gr\u00fcnder ziehen sich zur\u00fcck.","twitter_image":"https:\/\/www.organisator.ch\/wp-content\/uploads\/2020\/05\/Nordwestschweizer-Treuhandunternehmen-Tretor-AG-erneuert-Geschaeftsleitung_Organisator.jpg","schema":{"@context":"https:\/\/schema.org","@graph":[{"@type":"Article","@id":"https:\/\/www.organisator.ch\/management\/2020-05-28\/nordwestschweizer-treuhandunternehmen-tretor-ag-erneuert-geschaeftsleitung\/#article","isPartOf":{"@id":"https:\/\/www.organisator.ch\/management\/2020-05-28\/nordwestschweizer-treuhandunternehmen-tretor-ag-erneuert-geschaeftsleitung\/"},"author":{"name":"thomas.berner","@id":"https:\/\/www.organisator.ch\/#\/schema\/person\/6f650f90b2842cd4c0cc334b4e36f67e"},"headline":"Nordwestschweizer Treuhandunternehmen Tretor AG erneuert Gesch\u00e4ftsleitung","datePublished":"2020-05-28T06:52:46+00:00","mainEntityOfPage":{"@id":"https:\/\/www.organisator.ch\/management\/2020-05-28\/nordwestschweizer-treuhandunternehmen-tretor-ag-erneuert-geschaeftsleitung\/"},"wordCount":268,"publisher":{"@id":"https:\/\/www.organisator.ch\/#organization"},"image":{"@id":"https:\/\/www.organisator.ch\/management\/2020-05-28\/nordwestschweizer-treuhandunternehmen-tretor-ag-erneuert-geschaeftsleitung\/#primaryimage"},"thumbnailUrl":"https:\/\/www.organisator.ch\/wp-content\/uploads\/2020\/05\/Nordwestschweizer-Treuhandunternehmen-Tretor-AG-erneuert-Geschaeftsleitung_Organisator.jpg","keywords":["Finanzen\/Recht","Management und Unternehmensf\u00fchrung","Treuhand","Unternehmen","Wirtschaftspr\u00fcfung"],"articleSection":["MANAGEMENT"],"inLanguage":"it-IT"},{"@type":"WebPage","@id":"https:\/\/www.organisator.ch\/management\/2020-05-28\/nordwestschweizer-treuhandunternehmen-tretor-ag-erneuert-geschaeftsleitung\/","url":"https:\/\/www.organisator.ch\/management\/2020-05-28\/nordwestschweizer-treuhandunternehmen-tretor-ag-erneuert-geschaeftsleitung\/","name":"La societ\u00e0 fiduciaria della Svizzera nord-occidentale Tretor AG rinnova il management - Organizzatore","isPartOf":{"@id":"https:\/\/www.organisator.ch\/#website"},"primaryImageOfPage":{"@id":"https:\/\/www.organisator.ch\/management\/2020-05-28\/nordwestschweizer-treuhandunternehmen-tretor-ag-erneuert-geschaeftsleitung\/#primaryimage"},"image":{"@id":"https:\/\/www.organisator.ch\/management\/2020-05-28\/nordwestschweizer-treuhandunternehmen-tretor-ag-erneuert-geschaeftsleitung\/#primaryimage"},"thumbnailUrl":"https:\/\/www.organisator.ch\/wp-content\/uploads\/2020\/05\/Nordwestschweizer-Treuhandunternehmen-Tretor-AG-erneuert-Geschaeftsleitung_Organisator.jpg","datePublished":"2020-05-28T06:52:46+00:00","description":"Ci sono cambiamenti nella gestione di Tretor AG di Liestal, una societ\u00e0 fiduciaria della Svizzera nordoccidentale: i fondatori si ritirano.","breadcrumb":{"@id":"https:\/\/www.organisator.ch\/management\/2020-05-28\/nordwestschweizer-treuhandunternehmen-tretor-ag-erneuert-geschaeftsleitung\/#breadcrumb"},"inLanguage":"it-IT","potentialAction":[{"@type":"ReadAction","target":["https:\/\/www.organisator.ch\/management\/2020-05-28\/nordwestschweizer-treuhandunternehmen-tretor-ag-erneuert-geschaeftsleitung\/"]}]},{"@type":"ImageObject","inLanguage":"it-IT","@id":"https:\/\/www.organisator.ch\/management\/2020-05-28\/nordwestschweizer-treuhandunternehmen-tretor-ag-erneuert-geschaeftsleitung\/#primaryimage","url":"https:\/\/www.organisator.ch\/wp-content\/uploads\/2020\/05\/Nordwestschweizer-Treuhandunternehmen-Tretor-AG-erneuert-Geschaeftsleitung_Organisator.jpg","contentUrl":"https:\/\/www.organisator.ch\/wp-content\/uploads\/2020\/05\/Nordwestschweizer-Treuhandunternehmen-Tretor-AG-erneuert-Geschaeftsleitung_Organisator.jpg","width":680,"height":529,"caption":"Das Nordwestschweizer Treuhandunternehmen Tretor AG hat seine F\u00fchrungsmannschaft erneuert. (Bild: Tretor AG)"},{"@type":"BreadcrumbList","@id":"https:\/\/www.organisator.ch\/management\/2020-05-28\/nordwestschweizer-treuhandunternehmen-tretor-ag-erneuert-geschaeftsleitung\/#breadcrumb","itemListElement":[{"@type":"ListItem","position":1,"name":"Home","item":"https:\/\/www.organisator.ch\/"},{"@type":"ListItem","position":2,"name":"Nordwestschweizer Treuhandunternehmen Tretor AG erneuert Gesch\u00e4ftsleitung"}]},{"@type":"WebSite","@id":"https:\/\/www.organisator.ch\/#website","url":"https:\/\/www.organisator.ch\/","name":"Organizzatore","description":"Competente. Pratico. In 10 numeri all'anno, ORGANISATOR presenta i temi essenziali per i manager delle PMI.","publisher":{"@id":"https:\/\/www.organisator.ch\/#organization"},"potentialAction":[{"@type":"SearchAction","target":{"@type":"EntryPoint","urlTemplate":"https:\/\/www.organisator.ch\/?s={search_term_string}"},"query-input":{"@type":"PropertyValueSpecification","valueRequired":true,"valueName":"search_term_string"}}],"inLanguage":"it-IT"},{"@type":"Organization","@id":"https:\/\/www.organisator.ch\/#organization","name":"Organizzatore","url":"https:\/\/www.organisator.ch\/","logo":{"@type":"ImageObject","inLanguage":"it-IT","@id":"https:\/\/www.organisator.ch\/#\/schema\/logo\/image\/","url":"https:\/\/www.organisator.ch\/wp-content\/uploads\/2022\/01\/Logo_Organisator_Website.png","contentUrl":"https:\/\/www.organisator.ch\/wp-content\/uploads\/2022\/01\/Logo_Organisator_Website.png","width":800,"height":77,"caption":"Organisator"},"image":{"@id":"https:\/\/www.organisator.ch\/#\/schema\/logo\/image\/"},"sameAs":["https:\/\/www.facebook.com\/OrganisatorFachmagazin","https:\/\/www.linkedin.com\/showcase\/organisator-das-magazin-fr-kmu","https:\/\/www.xing.com\/news\/pages\/organisator-ch-695","https:\/\/www.youtube.com\/channel\/UCGP2Sq0iWaZwT3BdIAQFYpw"]},{"@type":"Person","@id":"https:\/\/www.organisator.ch\/#\/schema\/person\/6f650f90b2842cd4c0cc334b4e36f67e","name":"Tommaso.berner","image":{"@type":"ImageObject","inLanguage":"it-IT","@id":"https:\/\/secure.gravatar.com\/avatar\/ac5001d2a36cb6c6cd3e50789007ffca834b477b74a2144564522e944eabff61?s=96&d=mm&r=g","url":"https:\/\/secure.gravatar.com\/avatar\/ac5001d2a36cb6c6cd3e50789007ffca834b477b74a2144564522e944eabff61?s=96&d=mm&r=g","contentUrl":"https:\/\/secure.gravatar.com\/avatar\/ac5001d2a36cb6c6cd3e50789007ffca834b477b74a2144564522e944eabff61?s=96&d=mm&r=g","caption":"thomas.berner"},"url":"https:\/\/www.organisator.ch\/it\/author\/thomas-berner\/"}]}},"_links":{"self":[{"href":"https:\/\/www.organisator.ch\/it\/wp-json\/wp\/v2\/posts\/6762","targetHints":{"allow":["GET"]}}],"collection":[{"href":"https:\/\/www.organisator.ch\/it\/wp-json\/wp\/v2\/posts"}],"about":[{"href":"https:\/\/www.organisator.ch\/it\/wp-json\/wp\/v2\/types\/post"}],"author":[{"embeddable":true,"href":"https:\/\/www.organisator.ch\/it\/wp-json\/wp\/v2\/users\/4"}],"replies":[{"embeddable":true,"href":"https:\/\/www.organisator.ch\/it\/wp-json\/wp\/v2\/comments?post=6762"}],"version-history":[{"count":0,"href":"https:\/\/www.organisator.ch\/it\/wp-json\/wp\/v2\/posts\/6762\/revisions"}],"wp:featuredmedia":[{"embeddable":true,"href":"https:\/\/www.organisator.ch\/it\/wp-json\/wp\/v2\/media\/6763"}],"wp:attachment":[{"href":"https:\/\/www.organisator.ch\/it\/wp-json\/wp\/v2\/media?parent=6762"}],"wp:term":[{"taxonomy":"category","embeddable":true,"href":"https:\/\/www.organisator.ch\/it\/wp-json\/wp\/v2\/categories?post=6762"},{"taxonomy":"post_tag","embeddable":true,"href":"https:\/\/www.organisator.ch\/it\/wp-json\/wp\/v2\/tags?post=6762"}],"curies":[{"name":"wp","href":"https:\/\/api.w.org\/{rel}","templated":true}]}}