{"id":6789,"date":"2020-06-09T08:21:42","date_gmt":"2020-06-09T06:21:42","guid":{"rendered":"https:\/\/www.organisator.ch\/?p=6789"},"modified":"2020-06-09T08:21:42","modified_gmt":"2020-06-09T06:21:42","slug":"messen-kongresse-vertrieb-nichts-ist-mehr-so-wie-frueher","status":"publish","type":"post","link":"https:\/\/www.organisator.ch\/it\/marketing\/2020-06-09\/messen-kongresse-vertrieb-nichts-ist-mehr-so-wie-frueher\/","title":{"rendered":"Fiere, congressi, vendite: niente \u00e8 pi\u00f9 lo stesso"},"content":{"rendered":"<figure id=\"attachment_6790\" aria-describedby=\"caption-attachment-6790\" style=\"width: 680px\" class=\"wp-caption alignnone\"><img loading=\"lazy\" decoding=\"async\" class=\"size-medium wp-image-6790\" src=\"https:\/\/www.organisator.ch\/wp-content\/uploads\/2020\/06\/Messen-Kongresse-Vertrieb-Nichts-ist-mehr-so-wie-frueher_Organisator.jpg\" alt=\"\" width=\"680\" height=\"389\" srcset=\"https:\/\/www.organisator.ch\/wp-content\/uploads\/2020\/06\/Messen-Kongresse-Vertrieb-Nichts-ist-mehr-so-wie-frueher_Organisator.jpg 680w, https:\/\/www.organisator.ch\/wp-content\/uploads\/2020\/06\/Messen-Kongresse-Vertrieb-Nichts-ist-mehr-so-wie-frueher_Organisator-16x9.jpg 16w, https:\/\/www.organisator.ch\/wp-content\/uploads\/2020\/06\/Messen-Kongresse-Vertrieb-Nichts-ist-mehr-so-wie-frueher_Organisator-306x175.jpg 306w, https:\/\/www.organisator.ch\/wp-content\/uploads\/2020\/06\/Messen-Kongresse-Vertrieb-Nichts-ist-mehr-so-wie-frueher_Organisator-612x350.jpg 612w, https:\/\/www.organisator.ch\/wp-content\/uploads\/2020\/06\/Messen-Kongresse-Vertrieb-Nichts-ist-mehr-so-wie-frueher_Organisator-300x172.jpg 300w\" sizes=\"auto, (max-width: 680px) 100vw, 680px\" \/><figcaption id=\"caption-attachment-6790\" class=\"wp-caption-text\">Il blocco dell'economia sta avendo conseguenze: Fiere, eventi, attivit\u00e0 di vendita - niente sar\u00e0 pi\u00f9 lo stesso. (Grafico: Contact-Center-Network)<\/figcaption><\/figure>\n<p>\"Lockdown e home office hanno portato a un cambiamento duraturo e permanente nella nostra vita quotidiana di lavoro\", dice Markus Grutzeck, presidente di Contact Center Network e.V. (CCN) alla presentazione dei risultati di uno studio condotto tra i dirigenti tedeschi nel maggio 2020. Il risultato pi\u00f9 importante: i viaggi d'affari si riducono significativamente anche a lungo termine. Questo ha conseguenze per gli appuntamenti di vendita cos\u00ec come per le fiere e i congressi.<\/p>\n<h2><strong>Di persona o online - Come lo tieni a Corona?<\/strong><\/h2>\n<p>Quasi il 70 per cento dei dirigenti intervistati delle aziende tedesche vuole ridurre i propri spostamenti, solo il 32 per cento vuole usare il trasporto pubblico in futuro. D'altra parte, il 52% degli intervistati ha detto che userebbe di pi\u00f9 la propria auto. Il risultato \u00e8 chiaro anche quando si tratta della questione degli eventi: il 67% degli intervistati prevede di partecipare a eventi online, webinar o fiere virtuali. Solo un terzo degli intervistati prevede di partecipare a eventi faccia a faccia organizzati da associazioni o fiere di settore. Questa \u00e8 una delle ragioni per cui il CCN ha recentemente annunciato la sua intenzione di sviluppare un proprio formato di evento digitale a prova di futuro.<\/p>\n<h2>Pessimismo per la distribuzione<\/h2>\n<p>Anche la valutazione degli appuntamenti di vendita \u00e8 molto chiara: Solo il 14% degli intervistati suppone che la propria forza vendita torner\u00e0 alle normali attivit\u00e0 di viaggio dopo la crisi di Corona. Secondo le loro stesse informazioni, un'azienda su dieci vuole fare completamente a meno dei viaggi di vendita in futuro, la met\u00e0 degli intervistati ridurr\u00e0 almeno i viaggi.<\/p>\n<p>I risultati sono simili per le riunioni interne e le conferenze. Il 57% degli intervistati mira a ridurre le riunioni faccia a faccia. Tuttavia, lo scambio personale \u00e8 importante. Solo il 10% degli intervistati pu\u00f2 immaginare di tenere riunioni esclusivamente online in futuro. Il futuro porter\u00e0 probabilmente una cultura delle riunioni ibrida - con un mix di riunioni online e faccia a faccia.<\/p>\n<h2>Spinta involontaria alla digitalizzazione<\/h2>\n<p>\"Le aziende, i dirigenti e i dipendenti hanno sperimentato che la comunicazione digitale funziona. Per alcuni, \u00e8 stata una spinta involontaria alla digitalizzazione. Ma \u00e8 chiaro che il digitale ha prevalso e sar\u00e0 un pilastro molto importante per il networking e lo scambio di informazioni, per la collaborazione e il lavoro di squadra in futuro\", riassume Grutzeck.<\/p>\n<p><em>Fonte e ulteriori informazioni: <a href=\"https:\/\/contact-center-portal.de\/persoenlich-oder-online-wie-halten-sie-es-nach-corona\/\">Rete di centri di contatto<\/a><\/em><\/p>","protected":false},"excerpt":{"rendered":"<p>\u201eLockdown und Homeoffice haben dazu gef\u00fchrt, dass sich unser gesch\u00e4ftlicher Alltag nachhaltig und dauerhaft ver\u00e4ndert\u201c, sagt Markus Grutzeck, Vorsitzender des Contact Center Network e.V. (CCN) bei der Pr\u00e4sentation der Ergebnisse einer im Mai 2020 durchgef\u00fchrten Studie unter deutschen F\u00fchrungskr\u00e4ften. Das wichtigste Ergebnis: Die gesch\u00e4ftliche Reiset\u00e4tigkeit wird auch langfristig deutlich reduziert. Das hat Folgen f\u00fcr vertriebliche [&hellip;]<\/p>\n","protected":false},"author":4,"featured_media":6790,"comment_status":"closed","ping_status":"closed","sticky":false,"template":"","format":"standard","meta":{"_acf_changed":false,"_yoast_wpseo_focuskw":"Vertrieb","_yoast_wpseo_metadesc":"Eine Studie des Contact Center Network erfasst wichtige Folgen der Corona-Pandemie f\u00fcr den Vertrieb: Bleibt alles wie zuvor oder wird alles anders?","articlekey":"","footnotes":""},"categories":[29],"tags":[132,347,459,512],"class_list":["post-6789","post","type-post","status-publish","format-standard","has-post-thumbnail","hentry","category-marketing","tag-coronavirus","tag-messen","tag-studie","tag-vertrieb"],"acf":[],"yoast_head":"<!-- This site is optimized with the Yoast SEO plugin v27.5 - https:\/\/yoast.com\/product\/yoast-seo-wordpress\/ -->\n<title>Messen, Kongresse, Vertrieb: Nichts ist mehr so wie fr\u00fcher - Organisator<\/title>\n<meta name=\"description\" content=\"Eine Studie des Contact Center Network erfasst wichtige Folgen der Corona-Pandemie f\u00fcr den Vertrieb: Bleibt alles wie zuvor oder wird alles anders?\" \/>\n<meta name=\"robots\" content=\"index, follow, max-snippet:-1, max-image-preview:large, max-video-preview:-1\" \/>\n<link rel=\"canonical\" href=\"https:\/\/www.organisator.ch\/it\/marketing\/2020-06-09\/messen-kongresse-vertrieb-nichts-ist-mehr-so-wie-frueher\/\" \/>\n<meta property=\"og:locale\" content=\"it_IT\" \/>\n<meta property=\"og:type\" content=\"article\" \/>\n<meta property=\"og:title\" content=\"Messen, Kongresse, Vertrieb: Nichts ist mehr so wie fr\u00fcher\" \/>\n<meta property=\"og:description\" content=\"Eine Studie des Contact Center Network erfasst wichtige Folgen der Corona-Pandemie f\u00fcr den Vertrieb: Bleibt alles wie zuvor oder wird alles anders?\" \/>\n<meta property=\"og:url\" content=\"https:\/\/www.organisator.ch\/it\/marketing\/2020-06-09\/messen-kongresse-vertrieb-nichts-ist-mehr-so-wie-frueher\/\" \/>\n<meta property=\"og:site_name\" content=\"Organisator\" \/>\n<meta property=\"article:publisher\" content=\"https:\/\/www.facebook.com\/OrganisatorFachmagazin\" \/>\n<meta property=\"article:published_time\" content=\"2020-06-09T06:21:42+00:00\" \/>\n<meta property=\"og:image\" content=\"https:\/\/www.organisator.ch\/wp-content\/uploads\/2020\/06\/Messen-Kongresse-Vertrieb-Nichts-ist-mehr-so-wie-frueher_Organisator.jpg\" \/>\n\t<meta property=\"og:image:width\" content=\"680\" \/>\n\t<meta property=\"og:image:height\" content=\"389\" \/>\n\t<meta property=\"og:image:type\" content=\"image\/jpeg\" \/>\n<meta name=\"author\" content=\"thomas.berner\" \/>\n<meta name=\"twitter:card\" content=\"summary_large_image\" \/>\n<meta name=\"twitter:title\" content=\"#Messen, #Kongresse, #Vertrieb: Nichts ist mehr so wie fr\u00fcher\" \/>\n<meta name=\"twitter:description\" content=\"Eine Studie des Contact Center Network erfasst wichtige Folgen der #Corona-Pandemie f\u00fcr den Vertrieb: Bleibt alles wie zuvor oder wird alles anders?\" \/>\n<meta name=\"twitter:image\" content=\"https:\/\/www.organisator.ch\/wp-content\/uploads\/2020\/06\/Messen-Kongresse-Vertrieb-Nichts-ist-mehr-so-wie-frueher_Organisator.jpg\" \/>\n<script type=\"application\/ld+json\" class=\"yoast-schema-graph\">{\"@context\":\"https:\\\/\\\/schema.org\",\"@graph\":[{\"@type\":\"Article\",\"@id\":\"https:\\\/\\\/www.organisator.ch\\\/marketing\\\/2020-06-09\\\/messen-kongresse-vertrieb-nichts-ist-mehr-so-wie-frueher\\\/#article\",\"isPartOf\":{\"@id\":\"https:\\\/\\\/www.organisator.ch\\\/marketing\\\/2020-06-09\\\/messen-kongresse-vertrieb-nichts-ist-mehr-so-wie-frueher\\\/\"},\"author\":{\"name\":\"thomas.berner\",\"@id\":\"https:\\\/\\\/www.organisator.ch\\\/#\\\/schema\\\/person\\\/6f650f90b2842cd4c0cc334b4e36f67e\"},\"headline\":\"Messen, Kongresse, Vertrieb: Nichts ist mehr so wie fr\u00fcher\",\"datePublished\":\"2020-06-09T06:21:42+00:00\",\"mainEntityOfPage\":{\"@id\":\"https:\\\/\\\/www.organisator.ch\\\/marketing\\\/2020-06-09\\\/messen-kongresse-vertrieb-nichts-ist-mehr-so-wie-frueher\\\/\"},\"wordCount\":401,\"publisher\":{\"@id\":\"https:\\\/\\\/www.organisator.ch\\\/#organization\"},\"image\":{\"@id\":\"https:\\\/\\\/www.organisator.ch\\\/marketing\\\/2020-06-09\\\/messen-kongresse-vertrieb-nichts-ist-mehr-so-wie-frueher\\\/#primaryimage\"},\"thumbnailUrl\":\"https:\\\/\\\/www.organisator.ch\\\/wp-content\\\/uploads\\\/2020\\\/06\\\/Messen-Kongresse-Vertrieb-Nichts-ist-mehr-so-wie-frueher_Organisator.jpg\",\"keywords\":[\"Coronavirus\",\"Messen\",\"Studie\",\"Vertrieb\"],\"articleSection\":[\"MARKETING\"],\"inLanguage\":\"it-IT\"},{\"@type\":\"WebPage\",\"@id\":\"https:\\\/\\\/www.organisator.ch\\\/marketing\\\/2020-06-09\\\/messen-kongresse-vertrieb-nichts-ist-mehr-so-wie-frueher\\\/\",\"url\":\"https:\\\/\\\/www.organisator.ch\\\/marketing\\\/2020-06-09\\\/messen-kongresse-vertrieb-nichts-ist-mehr-so-wie-frueher\\\/\",\"name\":\"Messen, Kongresse, Vertrieb: Nichts ist mehr so wie fr\u00fcher - Organisator\",\"isPartOf\":{\"@id\":\"https:\\\/\\\/www.organisator.ch\\\/#website\"},\"primaryImageOfPage\":{\"@id\":\"https:\\\/\\\/www.organisator.ch\\\/marketing\\\/2020-06-09\\\/messen-kongresse-vertrieb-nichts-ist-mehr-so-wie-frueher\\\/#primaryimage\"},\"image\":{\"@id\":\"https:\\\/\\\/www.organisator.ch\\\/marketing\\\/2020-06-09\\\/messen-kongresse-vertrieb-nichts-ist-mehr-so-wie-frueher\\\/#primaryimage\"},\"thumbnailUrl\":\"https:\\\/\\\/www.organisator.ch\\\/wp-content\\\/uploads\\\/2020\\\/06\\\/Messen-Kongresse-Vertrieb-Nichts-ist-mehr-so-wie-frueher_Organisator.jpg\",\"datePublished\":\"2020-06-09T06:21:42+00:00\",\"description\":\"Eine Studie des Contact Center Network erfasst wichtige Folgen der Corona-Pandemie f\u00fcr den Vertrieb: Bleibt alles wie zuvor oder wird alles anders?\",\"breadcrumb\":{\"@id\":\"https:\\\/\\\/www.organisator.ch\\\/marketing\\\/2020-06-09\\\/messen-kongresse-vertrieb-nichts-ist-mehr-so-wie-frueher\\\/#breadcrumb\"},\"inLanguage\":\"it-IT\",\"potentialAction\":[{\"@type\":\"ReadAction\",\"target\":[\"https:\\\/\\\/www.organisator.ch\\\/marketing\\\/2020-06-09\\\/messen-kongresse-vertrieb-nichts-ist-mehr-so-wie-frueher\\\/\"]}]},{\"@type\":\"ImageObject\",\"inLanguage\":\"it-IT\",\"@id\":\"https:\\\/\\\/www.organisator.ch\\\/marketing\\\/2020-06-09\\\/messen-kongresse-vertrieb-nichts-ist-mehr-so-wie-frueher\\\/#primaryimage\",\"url\":\"https:\\\/\\\/www.organisator.ch\\\/wp-content\\\/uploads\\\/2020\\\/06\\\/Messen-Kongresse-Vertrieb-Nichts-ist-mehr-so-wie-frueher_Organisator.jpg\",\"contentUrl\":\"https:\\\/\\\/www.organisator.ch\\\/wp-content\\\/uploads\\\/2020\\\/06\\\/Messen-Kongresse-Vertrieb-Nichts-ist-mehr-so-wie-frueher_Organisator.jpg\",\"width\":680,\"height\":389,\"caption\":\"Der Lockdown der Wirtschaft zeigt Folgen: Messen, Veranstaltungen, Aktivit\u00e4ten f\u00fcr den Vertrieb - nichts wird mehr so sein wie zuvor. (Grafik: Contact-Center-Network)\"},{\"@type\":\"BreadcrumbList\",\"@id\":\"https:\\\/\\\/www.organisator.ch\\\/marketing\\\/2020-06-09\\\/messen-kongresse-vertrieb-nichts-ist-mehr-so-wie-frueher\\\/#breadcrumb\",\"itemListElement\":[{\"@type\":\"ListItem\",\"position\":1,\"name\":\"Home\",\"item\":\"https:\\\/\\\/www.organisator.ch\\\/\"},{\"@type\":\"ListItem\",\"position\":2,\"name\":\"Messen, Kongresse, Vertrieb: Nichts ist mehr so wie fr\u00fcher\"}]},{\"@type\":\"WebSite\",\"@id\":\"https:\\\/\\\/www.organisator.ch\\\/#website\",\"url\":\"https:\\\/\\\/www.organisator.ch\\\/\",\"name\":\"Organisator\",\"description\":\"Kompetent. Praxisnah. Der ORGANISATOR bereitet in 10 Ausgaben pro Jahr die wesentlichen Themen f\u00fcr F\u00fchrungskr\u00e4fte von KMU auf.\",\"publisher\":{\"@id\":\"https:\\\/\\\/www.organisator.ch\\\/#organization\"},\"potentialAction\":[{\"@type\":\"SearchAction\",\"target\":{\"@type\":\"EntryPoint\",\"urlTemplate\":\"https:\\\/\\\/www.organisator.ch\\\/?s={search_term_string}\"},\"query-input\":{\"@type\":\"PropertyValueSpecification\",\"valueRequired\":true,\"valueName\":\"search_term_string\"}}],\"inLanguage\":\"it-IT\"},{\"@type\":\"Organization\",\"@id\":\"https:\\\/\\\/www.organisator.ch\\\/#organization\",\"name\":\"Organisator\",\"url\":\"https:\\\/\\\/www.organisator.ch\\\/\",\"logo\":{\"@type\":\"ImageObject\",\"inLanguage\":\"it-IT\",\"@id\":\"https:\\\/\\\/www.organisator.ch\\\/#\\\/schema\\\/logo\\\/image\\\/\",\"url\":\"https:\\\/\\\/www.organisator.ch\\\/wp-content\\\/uploads\\\/2022\\\/01\\\/Logo_Organisator_Website.png\",\"contentUrl\":\"https:\\\/\\\/www.organisator.ch\\\/wp-content\\\/uploads\\\/2022\\\/01\\\/Logo_Organisator_Website.png\",\"width\":800,\"height\":77,\"caption\":\"Organisator\"},\"image\":{\"@id\":\"https:\\\/\\\/www.organisator.ch\\\/#\\\/schema\\\/logo\\\/image\\\/\"},\"sameAs\":[\"https:\\\/\\\/www.facebook.com\\\/OrganisatorFachmagazin\",\"https:\\\/\\\/www.linkedin.com\\\/showcase\\\/organisator-das-magazin-fr-kmu\",\"https:\\\/\\\/www.xing.com\\\/news\\\/pages\\\/organisator-ch-695\",\"https:\\\/\\\/www.youtube.com\\\/channel\\\/UCGP2Sq0iWaZwT3BdIAQFYpw\"]},{\"@type\":\"Person\",\"@id\":\"https:\\\/\\\/www.organisator.ch\\\/#\\\/schema\\\/person\\\/6f650f90b2842cd4c0cc334b4e36f67e\",\"name\":\"thomas.berner\",\"image\":{\"@type\":\"ImageObject\",\"inLanguage\":\"it-IT\",\"@id\":\"https:\\\/\\\/secure.gravatar.com\\\/avatar\\\/ac5001d2a36cb6c6cd3e50789007ffca834b477b74a2144564522e944eabff61?s=96&d=mm&r=g\",\"url\":\"https:\\\/\\\/secure.gravatar.com\\\/avatar\\\/ac5001d2a36cb6c6cd3e50789007ffca834b477b74a2144564522e944eabff61?s=96&d=mm&r=g\",\"contentUrl\":\"https:\\\/\\\/secure.gravatar.com\\\/avatar\\\/ac5001d2a36cb6c6cd3e50789007ffca834b477b74a2144564522e944eabff61?s=96&d=mm&r=g\",\"caption\":\"thomas.berner\"},\"url\":\"https:\\\/\\\/www.organisator.ch\\\/it\\\/author\\\/thomas-berner\\\/\"}]}<\/script>\n<!-- \/ Yoast SEO plugin. -->","yoast_head_json":{"title":"Fiere, congressi, vendite: niente \u00e8 pi\u00f9 lo stesso - Organizzatore","description":"Uno studio del Contact Centre Network coglie le importanti conseguenze della pandemia Corona per le vendite: tutto rimarr\u00e0 come prima o tutto cambier\u00e0?","robots":{"index":"index","follow":"follow","max-snippet":"max-snippet:-1","max-image-preview":"max-image-preview:large","max-video-preview":"max-video-preview:-1"},"canonical":"https:\/\/www.organisator.ch\/it\/marketing\/2020-06-09\/messen-kongresse-vertrieb-nichts-ist-mehr-so-wie-frueher\/","og_locale":"it_IT","og_type":"article","og_title":"Messen, Kongresse, Vertrieb: Nichts ist mehr so wie fr\u00fcher","og_description":"Eine Studie des Contact Center Network erfasst wichtige Folgen der Corona-Pandemie f\u00fcr den Vertrieb: Bleibt alles wie zuvor oder wird alles anders?","og_url":"https:\/\/www.organisator.ch\/it\/marketing\/2020-06-09\/messen-kongresse-vertrieb-nichts-ist-mehr-so-wie-frueher\/","og_site_name":"Organisator","article_publisher":"https:\/\/www.facebook.com\/OrganisatorFachmagazin","article_published_time":"2020-06-09T06:21:42+00:00","og_image":[{"width":680,"height":389,"url":"https:\/\/www.organisator.ch\/wp-content\/uploads\/2020\/06\/Messen-Kongresse-Vertrieb-Nichts-ist-mehr-so-wie-frueher_Organisator.jpg","type":"image\/jpeg"}],"author":"thomas.berner","twitter_card":"summary_large_image","twitter_title":"#Messen, #Kongresse, #Vertrieb: Nichts ist mehr so wie fr\u00fcher","twitter_description":"Eine Studie des Contact Center Network erfasst wichtige Folgen der #Corona-Pandemie f\u00fcr den Vertrieb: Bleibt alles wie zuvor oder wird alles anders?","twitter_image":"https:\/\/www.organisator.ch\/wp-content\/uploads\/2020\/06\/Messen-Kongresse-Vertrieb-Nichts-ist-mehr-so-wie-frueher_Organisator.jpg","schema":{"@context":"https:\/\/schema.org","@graph":[{"@type":"Article","@id":"https:\/\/www.organisator.ch\/marketing\/2020-06-09\/messen-kongresse-vertrieb-nichts-ist-mehr-so-wie-frueher\/#article","isPartOf":{"@id":"https:\/\/www.organisator.ch\/marketing\/2020-06-09\/messen-kongresse-vertrieb-nichts-ist-mehr-so-wie-frueher\/"},"author":{"name":"thomas.berner","@id":"https:\/\/www.organisator.ch\/#\/schema\/person\/6f650f90b2842cd4c0cc334b4e36f67e"},"headline":"Messen, Kongresse, Vertrieb: Nichts ist mehr so wie fr\u00fcher","datePublished":"2020-06-09T06:21:42+00:00","mainEntityOfPage":{"@id":"https:\/\/www.organisator.ch\/marketing\/2020-06-09\/messen-kongresse-vertrieb-nichts-ist-mehr-so-wie-frueher\/"},"wordCount":401,"publisher":{"@id":"https:\/\/www.organisator.ch\/#organization"},"image":{"@id":"https:\/\/www.organisator.ch\/marketing\/2020-06-09\/messen-kongresse-vertrieb-nichts-ist-mehr-so-wie-frueher\/#primaryimage"},"thumbnailUrl":"https:\/\/www.organisator.ch\/wp-content\/uploads\/2020\/06\/Messen-Kongresse-Vertrieb-Nichts-ist-mehr-so-wie-frueher_Organisator.jpg","keywords":["Coronavirus","Messen","Studie","Vertrieb"],"articleSection":["MARKETING"],"inLanguage":"it-IT"},{"@type":"WebPage","@id":"https:\/\/www.organisator.ch\/marketing\/2020-06-09\/messen-kongresse-vertrieb-nichts-ist-mehr-so-wie-frueher\/","url":"https:\/\/www.organisator.ch\/marketing\/2020-06-09\/messen-kongresse-vertrieb-nichts-ist-mehr-so-wie-frueher\/","name":"Fiere, congressi, vendite: niente \u00e8 pi\u00f9 lo stesso - Organizzatore","isPartOf":{"@id":"https:\/\/www.organisator.ch\/#website"},"primaryImageOfPage":{"@id":"https:\/\/www.organisator.ch\/marketing\/2020-06-09\/messen-kongresse-vertrieb-nichts-ist-mehr-so-wie-frueher\/#primaryimage"},"image":{"@id":"https:\/\/www.organisator.ch\/marketing\/2020-06-09\/messen-kongresse-vertrieb-nichts-ist-mehr-so-wie-frueher\/#primaryimage"},"thumbnailUrl":"https:\/\/www.organisator.ch\/wp-content\/uploads\/2020\/06\/Messen-Kongresse-Vertrieb-Nichts-ist-mehr-so-wie-frueher_Organisator.jpg","datePublished":"2020-06-09T06:21:42+00:00","description":"Uno studio del Contact Centre Network coglie le importanti conseguenze della pandemia Corona per le vendite: tutto rimarr\u00e0 come prima o tutto cambier\u00e0?","breadcrumb":{"@id":"https:\/\/www.organisator.ch\/marketing\/2020-06-09\/messen-kongresse-vertrieb-nichts-ist-mehr-so-wie-frueher\/#breadcrumb"},"inLanguage":"it-IT","potentialAction":[{"@type":"ReadAction","target":["https:\/\/www.organisator.ch\/marketing\/2020-06-09\/messen-kongresse-vertrieb-nichts-ist-mehr-so-wie-frueher\/"]}]},{"@type":"ImageObject","inLanguage":"it-IT","@id":"https:\/\/www.organisator.ch\/marketing\/2020-06-09\/messen-kongresse-vertrieb-nichts-ist-mehr-so-wie-frueher\/#primaryimage","url":"https:\/\/www.organisator.ch\/wp-content\/uploads\/2020\/06\/Messen-Kongresse-Vertrieb-Nichts-ist-mehr-so-wie-frueher_Organisator.jpg","contentUrl":"https:\/\/www.organisator.ch\/wp-content\/uploads\/2020\/06\/Messen-Kongresse-Vertrieb-Nichts-ist-mehr-so-wie-frueher_Organisator.jpg","width":680,"height":389,"caption":"Der Lockdown der Wirtschaft zeigt Folgen: Messen, Veranstaltungen, Aktivit\u00e4ten f\u00fcr den Vertrieb - nichts wird mehr so sein wie zuvor. (Grafik: Contact-Center-Network)"},{"@type":"BreadcrumbList","@id":"https:\/\/www.organisator.ch\/marketing\/2020-06-09\/messen-kongresse-vertrieb-nichts-ist-mehr-so-wie-frueher\/#breadcrumb","itemListElement":[{"@type":"ListItem","position":1,"name":"Home","item":"https:\/\/www.organisator.ch\/"},{"@type":"ListItem","position":2,"name":"Messen, Kongresse, Vertrieb: Nichts ist mehr so wie fr\u00fcher"}]},{"@type":"WebSite","@id":"https:\/\/www.organisator.ch\/#website","url":"https:\/\/www.organisator.ch\/","name":"Organizzatore","description":"Competente. Pratico. In 10 numeri all'anno, ORGANISATOR presenta i temi essenziali per i manager delle PMI.","publisher":{"@id":"https:\/\/www.organisator.ch\/#organization"},"potentialAction":[{"@type":"SearchAction","target":{"@type":"EntryPoint","urlTemplate":"https:\/\/www.organisator.ch\/?s={search_term_string}"},"query-input":{"@type":"PropertyValueSpecification","valueRequired":true,"valueName":"search_term_string"}}],"inLanguage":"it-IT"},{"@type":"Organization","@id":"https:\/\/www.organisator.ch\/#organization","name":"Organizzatore","url":"https:\/\/www.organisator.ch\/","logo":{"@type":"ImageObject","inLanguage":"it-IT","@id":"https:\/\/www.organisator.ch\/#\/schema\/logo\/image\/","url":"https:\/\/www.organisator.ch\/wp-content\/uploads\/2022\/01\/Logo_Organisator_Website.png","contentUrl":"https:\/\/www.organisator.ch\/wp-content\/uploads\/2022\/01\/Logo_Organisator_Website.png","width":800,"height":77,"caption":"Organisator"},"image":{"@id":"https:\/\/www.organisator.ch\/#\/schema\/logo\/image\/"},"sameAs":["https:\/\/www.facebook.com\/OrganisatorFachmagazin","https:\/\/www.linkedin.com\/showcase\/organisator-das-magazin-fr-kmu","https:\/\/www.xing.com\/news\/pages\/organisator-ch-695","https:\/\/www.youtube.com\/channel\/UCGP2Sq0iWaZwT3BdIAQFYpw"]},{"@type":"Person","@id":"https:\/\/www.organisator.ch\/#\/schema\/person\/6f650f90b2842cd4c0cc334b4e36f67e","name":"Tommaso.berner","image":{"@type":"ImageObject","inLanguage":"it-IT","@id":"https:\/\/secure.gravatar.com\/avatar\/ac5001d2a36cb6c6cd3e50789007ffca834b477b74a2144564522e944eabff61?s=96&d=mm&r=g","url":"https:\/\/secure.gravatar.com\/avatar\/ac5001d2a36cb6c6cd3e50789007ffca834b477b74a2144564522e944eabff61?s=96&d=mm&r=g","contentUrl":"https:\/\/secure.gravatar.com\/avatar\/ac5001d2a36cb6c6cd3e50789007ffca834b477b74a2144564522e944eabff61?s=96&d=mm&r=g","caption":"thomas.berner"},"url":"https:\/\/www.organisator.ch\/it\/author\/thomas-berner\/"}]}},"_links":{"self":[{"href":"https:\/\/www.organisator.ch\/it\/wp-json\/wp\/v2\/posts\/6789","targetHints":{"allow":["GET"]}}],"collection":[{"href":"https:\/\/www.organisator.ch\/it\/wp-json\/wp\/v2\/posts"}],"about":[{"href":"https:\/\/www.organisator.ch\/it\/wp-json\/wp\/v2\/types\/post"}],"author":[{"embeddable":true,"href":"https:\/\/www.organisator.ch\/it\/wp-json\/wp\/v2\/users\/4"}],"replies":[{"embeddable":true,"href":"https:\/\/www.organisator.ch\/it\/wp-json\/wp\/v2\/comments?post=6789"}],"version-history":[{"count":0,"href":"https:\/\/www.organisator.ch\/it\/wp-json\/wp\/v2\/posts\/6789\/revisions"}],"wp:featuredmedia":[{"embeddable":true,"href":"https:\/\/www.organisator.ch\/it\/wp-json\/wp\/v2\/media\/6790"}],"wp:attachment":[{"href":"https:\/\/www.organisator.ch\/it\/wp-json\/wp\/v2\/media?parent=6789"}],"wp:term":[{"taxonomy":"category","embeddable":true,"href":"https:\/\/www.organisator.ch\/it\/wp-json\/wp\/v2\/categories?post=6789"},{"taxonomy":"post_tag","embeddable":true,"href":"https:\/\/www.organisator.ch\/it\/wp-json\/wp\/v2\/tags?post=6789"}],"curies":[{"name":"wp","href":"https:\/\/api.w.org\/{rel}","templated":true}]}}