{"id":6792,"date":"2020-06-10T08:53:17","date_gmt":"2020-06-10T06:53:17","guid":{"rendered":"https:\/\/www.organisator.ch\/?p=6792"},"modified":"2020-06-10T08:53:17","modified_gmt":"2020-06-10T06:53:17","slug":"corona-beschleunigt-das-digital-sourcing","status":"publish","type":"post","link":"https:\/\/www.organisator.ch\/it\/marketing\/2020-06-10\/corona-beschleunigt-das-digital-sourcing\/","title":{"rendered":"Corona accelera il sourcing digitale"},"content":{"rendered":"<figure id=\"attachment_6793\" aria-describedby=\"caption-attachment-6793\" style=\"width: 680px\" class=\"wp-caption alignnone\"><img loading=\"lazy\" decoding=\"async\" class=\"size-medium wp-image-6793\" src=\"https:\/\/www.organisator.ch\/wp-content\/uploads\/2020\/06\/Corona-beschleunigt-das-Digital-Sourcing-1_Organisator.jpg\" alt=\"\" width=\"680\" height=\"409\" srcset=\"https:\/\/www.organisator.ch\/wp-content\/uploads\/2020\/06\/Corona-beschleunigt-das-Digital-Sourcing-1_Organisator.jpg 680w, https:\/\/www.organisator.ch\/wp-content\/uploads\/2020\/06\/Corona-beschleunigt-das-Digital-Sourcing-1_Organisator-16x10.jpg 16w, https:\/\/www.organisator.ch\/wp-content\/uploads\/2020\/06\/Corona-beschleunigt-das-Digital-Sourcing-1_Organisator-291x175.jpg 291w, https:\/\/www.organisator.ch\/wp-content\/uploads\/2020\/06\/Corona-beschleunigt-das-Digital-Sourcing-1_Organisator-582x350.jpg 582w, https:\/\/www.organisator.ch\/wp-content\/uploads\/2020\/06\/Corona-beschleunigt-das-Digital-Sourcing-1_Organisator-300x180.jpg 300w\" sizes=\"auto, (max-width: 680px) 100vw, 680px\" \/><figcaption id=\"caption-attachment-6793\" class=\"wp-caption-text\">Prevede un'ulteriore crescita del sourcing digitale: Peter F. Schmid di Visable. (Immagine: Visable)<\/figcaption><\/figure>\n<p>Poich\u00e9 numerose fiere industriali e commerciali sono state cancellate a causa della pandemia di Corona in patria e all'estero e le catene di approvvigionamento collaudate di molte aziende sono crollate, le cifre di accesso alle piattaforme online sono aumentate notevolmente negli ultimi mesi. La piattaforma europea B2B EUROPAGES e il marketplace B2B leader nella regione DACH \"Wer liefert was\" sono uniti da un anno sotto il marchio aziendale Visable. L'azienda sta facendo il punto della situazione.<\/p>\n<h2>Piattaforme B2B per il sourcing digitale come vantaggio<\/h2>\n<p>\"Siamo molto soddisfatti del primo anno di Visable, ma non ci adagiamo sugli allori\", afferma Peter F. Schmid, CEO di Visable. \"C'\u00e8 ancora un enorme potenziale per le piattaforme B2B. In combinazione con l'accelerazione globale della digitalizzazione innescata dalla crisi di Corona, i nostri segnali indicano chiaramente una crescita\", afferma Peter F. Schmid. Schmid vede un'enorme opportunit\u00e0 soprattutto nell'eliminazione a lungo termine delle fiere. \"Le fiere come le abbiamo conosciute finora non sono pi\u00f9 al passo con i tempi. Partiamo dal presupposto che l'anno prossimo una fiera su quattro non esister\u00e0 pi\u00f9 nella sua forma abituale\".<\/p>\n<p>Piattaforme come EUROPAGES e \"Wer liefert was\" offrono chiari vantaggi rispetto alle fiere basate sulla localizzazione. Sono disponibili 365 giorni all'anno e offrono agli acquirenti aziendali una rapida panoramica di tutti i fornitori disponibili. Le aziende presenti sulle piattaforme possono anche acquisire nuovi clienti a livello locale e mondiale. Anche l'utilizzo del budget pu\u00f2 essere misurato in qualsiasi momento. Il sourcing digitale continuer\u00e0 a crescere non solo a causa della pandemia di Corona.<\/p>\n<h2><strong>Il primo anno di Visable registra un'enorme crescita dei clienti<\/strong><\/h2>\n<p>Nel primo anno di Visable, c'\u00e8 stato un enorme aumento di nuovi clienti. Ci sono stati 5.000 nuovi clienti per la piattaforma europea B2B e 3.800 nuovi clienti per \"Wer liefert was\". L'importo dei servizi prenotati da tutti i clienti \u00e8 stato di 65 milioni di franchi svizzeri, con chiare opportunit\u00e0 di ulteriore crescita. Il potenziale del mercato digitale del commercio tra aziende rimane enorme. Anche prima di Corona, il mercato era cresciuto in media del 13% all'anno dal 2013. Le previsioni indicano che la situazione non cambier\u00e0. Al contrario: studi come quelli di The Insight Partners 2020 mostrano che entro il 2027 il mercato crescer\u00e0 fino al 15% all'anno ed \u00e8 gi\u00e0 sei volte pi\u00f9 grande del mercato dei consumatori finali.<\/p>\n<p><img loading=\"lazy\" decoding=\"async\" class=\"alignnone size-medium wp-image-6794\" src=\"https:\/\/www.organisator.ch\/wp-content\/uploads\/2020\/06\/Corona-beschleunigt-das-Digital-Sourcing-2_Organisator.jpg\" alt=\"\" width=\"680\" height=\"364\" srcset=\"https:\/\/www.organisator.ch\/wp-content\/uploads\/2020\/06\/Corona-beschleunigt-das-Digital-Sourcing-2_Organisator.jpg 680w, https:\/\/www.organisator.ch\/wp-content\/uploads\/2020\/06\/Corona-beschleunigt-das-Digital-Sourcing-2_Organisator-16x9.jpg 16w, https:\/\/www.organisator.ch\/wp-content\/uploads\/2020\/06\/Corona-beschleunigt-das-Digital-Sourcing-2_Organisator-327x175.jpg 327w, https:\/\/www.organisator.ch\/wp-content\/uploads\/2020\/06\/Corona-beschleunigt-das-Digital-Sourcing-2_Organisator-654x350.jpg 654w, https:\/\/www.organisator.ch\/wp-content\/uploads\/2020\/06\/Corona-beschleunigt-das-Digital-Sourcing-2_Organisator-300x161.jpg 300w\" sizes=\"auto, (max-width: 680px) 100vw, 680px\" \/><\/p>\n<h2><strong>Un significativo aumento degli accessi a causa della pandemia di Corona <\/strong><\/h2>\n<p>La pandemia di Corona ha portato a un enorme aumento del traffico sulle piattaforme Visible negli ultimi mesi. Rispetto all'anno precedente, dall'inizio della crisi Corona il traffico \u00e8 cresciuto in media di oltre il 25% su \"Wer liefert was\" e del 22% su EUROPAGES. Nelle ore di punta, l'aumento su entrambe le piattaforme \u00e8 stato addirittura superiore al 50% rispetto alla stessa settimana dell'anno scorso. \"Molte aziende sono costrette a ripensare completamente la loro strategia di approvvigionamento o dipendono da fonti di approvvigionamento alternative con breve preavviso perch\u00e9 le loro catene di approvvigionamento consolidate si stanno rompendo\", spiega Peter F. Schmid, CEO di Visable. Secondo Carsten Brandt, responsabile delle comunicazioni aziendali di Visable, che ha presentato le cifre attuali alla conferenza annuale sui media, questi valori dimostrano che Corona funge chiaramente da acceleratore della digitalizzazione. \"Secondo una ricerca di McKinsey, i canali digitali nel B2B hanno guadagnato significativamente dall'inizio di Corona, fino al 40%\", ha detto Brandt.<\/p>\n<h2><strong>Investimenti a due cifre<\/strong><\/h2>\n<p>\"Vogliamo continuare a crescere\", afferma l'amministratore delegato Peter F. Schmid. Nel secondo anno di Visable, investimenti a due cifre garantiranno un'ulteriore crescita, soprattutto nel settore delle tecnologie. Quest'autunno, \"Wer liefert was\" apparir\u00e0 dopo un rilancio con nuove funzioni e un nuovo corporate design. \"Gli ultimi mesi hanno dimostrato che il marketing e le vendite nel commercio business-to-business stanno finalmente diventando digitali. \u00c8 arrivato il momento delle piattaforme online\", afferma Peter F. Schmid. Al contrario, le fiere industriali e commerciali continueranno a perdere. \"Solo tre fiere su quattro torneranno\", aggiunge Carsten Brandt. \"Le fiere non sono pi\u00f9 al passo con i tempi. Non vale quasi pi\u00f9 la pena di allestire intere macchine in una fiera. Con la realt\u00e0 virtuale, ora ci sono alternative tecnologiche alle macchine dimostrative. Molti reparti marketing dell'industria investiranno quindi maggiormente in fiere virtuali\".<\/p>\n<p><em>Fonte e ulteriori informazioni: <a href=\"http:\/\/www.visable.com\">www.visable.com<\/a><\/em><\/p>","protected":false},"excerpt":{"rendered":"<p>Weil durch die Corona-Pandemie im In- und Ausland zahlreiche Industrie- und Gewerbemessen abgesagt wurden und bei vielen Unternehmen bew\u00e4hrte Lieferketten zusammenbrachen, sind die Zugriffszahlen bei den Online-Plattformen in den vergangenen Monaten deutlich gestiegen. Seit einem Jahr sind die europ\u00e4ische B2B-Plattform EUROPAGES und der im DACH-Raum f\u00fchrende B2B-Marktplatz \u00abWer liefert was\u00bb unter der Unternehmensmarke Visable vereint. [&hellip;]<\/p>\n","protected":false},"author":4,"featured_media":6793,"comment_status":"closed","ping_status":"closed","sticky":false,"template":"","format":"standard","meta":{"_acf_changed":false,"_yoast_wpseo_focuskw":"Digital Sourcing","_yoast_wpseo_metadesc":"Das Digital Sourcing w\u00e4chst rasant. Das in diesem Segment t\u00e4tige Unternehmen Visable erreichte einen markanten Umsatz- und Neukundenzuwachs.","articlekey":"","footnotes":""},"categories":[29],"tags":[156,339,340,462],"class_list":["post-6792","post","type-post","status-publish","format-standard","has-post-thumbnail","hentry","category-marketing","tag-digitalisierung","tag-marketing","tag-maerkte","tag-supply-chain-management"],"acf":[],"yoast_head":"<!-- This site is optimized with the Yoast SEO plugin v27.4 - https:\/\/yoast.com\/product\/yoast-seo-wordpress\/ -->\n<title>Corona beschleunigt das Digital Sourcing - Organisator<\/title>\n<meta name=\"description\" content=\"Das Digital Sourcing w\u00e4chst rasant. Das in diesem Segment t\u00e4tige Unternehmen Visable erreichte einen markanten Umsatz- und Neukundenzuwachs.\" \/>\n<meta name=\"robots\" content=\"index, follow, max-snippet:-1, max-image-preview:large, max-video-preview:-1\" \/>\n<link rel=\"canonical\" href=\"https:\/\/www.organisator.ch\/it\/marketing\/2020-06-10\/corona-beschleunigt-das-digital-sourcing\/\" \/>\n<meta property=\"og:locale\" content=\"it_IT\" \/>\n<meta property=\"og:type\" content=\"article\" \/>\n<meta property=\"og:title\" content=\"Corona beschleunigt das Digital Sourcing\" \/>\n<meta property=\"og:description\" content=\"Das Digital Sourcing w\u00e4chst rasant. Das in diesem Segment t\u00e4tige Unternehmen Visable erreichte einen markanten Umsatz- und Neukundenzuwachs.\" \/>\n<meta property=\"og:url\" content=\"https:\/\/www.organisator.ch\/it\/marketing\/2020-06-10\/corona-beschleunigt-das-digital-sourcing\/\" \/>\n<meta property=\"og:site_name\" content=\"Organisator\" \/>\n<meta property=\"article:publisher\" content=\"https:\/\/www.facebook.com\/OrganisatorFachmagazin\" \/>\n<meta property=\"article:published_time\" content=\"2020-06-10T06:53:17+00:00\" \/>\n<meta property=\"og:image\" content=\"https:\/\/www.organisator.ch\/wp-content\/uploads\/2020\/06\/Corona-beschleunigt-das-Digital-Sourcing-1_Organisator.jpg\" \/>\n\t<meta property=\"og:image:width\" content=\"680\" \/>\n\t<meta property=\"og:image:height\" content=\"409\" \/>\n\t<meta property=\"og:image:type\" content=\"image\/jpeg\" \/>\n<meta name=\"author\" content=\"thomas.berner\" \/>\n<meta name=\"twitter:card\" content=\"summary_large_image\" \/>\n<meta name=\"twitter:title\" content=\"Corona beschleunigt das Digital #Sourcing\" \/>\n<meta name=\"twitter:description\" content=\"Das Digital #Sourcing w\u00e4chst rasant. Das in diesem Segment t\u00e4tige Unternehmen #Visable erreichte einen markanten Umsatz- und #Neukundenzuwachs.\" \/>\n<meta name=\"twitter:image\" content=\"https:\/\/www.organisator.ch\/wp-content\/uploads\/2020\/06\/Corona-beschleunigt-das-Digital-Sourcing-1_Organisator.jpg\" \/>\n<script type=\"application\/ld+json\" class=\"yoast-schema-graph\">{\"@context\":\"https:\\\/\\\/schema.org\",\"@graph\":[{\"@type\":\"Article\",\"@id\":\"https:\\\/\\\/www.organisator.ch\\\/marketing\\\/2020-06-10\\\/corona-beschleunigt-das-digital-sourcing\\\/#article\",\"isPartOf\":{\"@id\":\"https:\\\/\\\/www.organisator.ch\\\/marketing\\\/2020-06-10\\\/corona-beschleunigt-das-digital-sourcing\\\/\"},\"author\":{\"name\":\"thomas.berner\",\"@id\":\"https:\\\/\\\/www.organisator.ch\\\/#\\\/schema\\\/person\\\/6f650f90b2842cd4c0cc334b4e36f67e\"},\"headline\":\"Corona beschleunigt das Digital Sourcing\",\"datePublished\":\"2020-06-10T06:53:17+00:00\",\"mainEntityOfPage\":{\"@id\":\"https:\\\/\\\/www.organisator.ch\\\/marketing\\\/2020-06-10\\\/corona-beschleunigt-das-digital-sourcing\\\/\"},\"wordCount\":685,\"publisher\":{\"@id\":\"https:\\\/\\\/www.organisator.ch\\\/#organization\"},\"image\":{\"@id\":\"https:\\\/\\\/www.organisator.ch\\\/marketing\\\/2020-06-10\\\/corona-beschleunigt-das-digital-sourcing\\\/#primaryimage\"},\"thumbnailUrl\":\"https:\\\/\\\/www.organisator.ch\\\/wp-content\\\/uploads\\\/2020\\\/06\\\/Corona-beschleunigt-das-Digital-Sourcing-1_Organisator.jpg\",\"keywords\":[\"Digitalisierung\",\"Marketing\",\"M\u00e4rkte\",\"Supply Chain Management\"],\"articleSection\":[\"MARKETING\"],\"inLanguage\":\"it-IT\"},{\"@type\":\"WebPage\",\"@id\":\"https:\\\/\\\/www.organisator.ch\\\/marketing\\\/2020-06-10\\\/corona-beschleunigt-das-digital-sourcing\\\/\",\"url\":\"https:\\\/\\\/www.organisator.ch\\\/marketing\\\/2020-06-10\\\/corona-beschleunigt-das-digital-sourcing\\\/\",\"name\":\"Corona beschleunigt das Digital Sourcing - Organisator\",\"isPartOf\":{\"@id\":\"https:\\\/\\\/www.organisator.ch\\\/#website\"},\"primaryImageOfPage\":{\"@id\":\"https:\\\/\\\/www.organisator.ch\\\/marketing\\\/2020-06-10\\\/corona-beschleunigt-das-digital-sourcing\\\/#primaryimage\"},\"image\":{\"@id\":\"https:\\\/\\\/www.organisator.ch\\\/marketing\\\/2020-06-10\\\/corona-beschleunigt-das-digital-sourcing\\\/#primaryimage\"},\"thumbnailUrl\":\"https:\\\/\\\/www.organisator.ch\\\/wp-content\\\/uploads\\\/2020\\\/06\\\/Corona-beschleunigt-das-Digital-Sourcing-1_Organisator.jpg\",\"datePublished\":\"2020-06-10T06:53:17+00:00\",\"description\":\"Das Digital Sourcing w\u00e4chst rasant. Das in diesem Segment t\u00e4tige Unternehmen Visable erreichte einen markanten Umsatz- und Neukundenzuwachs.\",\"breadcrumb\":{\"@id\":\"https:\\\/\\\/www.organisator.ch\\\/marketing\\\/2020-06-10\\\/corona-beschleunigt-das-digital-sourcing\\\/#breadcrumb\"},\"inLanguage\":\"it-IT\",\"potentialAction\":[{\"@type\":\"ReadAction\",\"target\":[\"https:\\\/\\\/www.organisator.ch\\\/marketing\\\/2020-06-10\\\/corona-beschleunigt-das-digital-sourcing\\\/\"]}]},{\"@type\":\"ImageObject\",\"inLanguage\":\"it-IT\",\"@id\":\"https:\\\/\\\/www.organisator.ch\\\/marketing\\\/2020-06-10\\\/corona-beschleunigt-das-digital-sourcing\\\/#primaryimage\",\"url\":\"https:\\\/\\\/www.organisator.ch\\\/wp-content\\\/uploads\\\/2020\\\/06\\\/Corona-beschleunigt-das-Digital-Sourcing-1_Organisator.jpg\",\"contentUrl\":\"https:\\\/\\\/www.organisator.ch\\\/wp-content\\\/uploads\\\/2020\\\/06\\\/Corona-beschleunigt-das-Digital-Sourcing-1_Organisator.jpg\",\"width\":680,\"height\":409,\"caption\":\"Prognostiziert einen weiteren Zuwachs beim Digital Sourcing: Peter F. Schmid von Visable. (Bild: Visable)\"},{\"@type\":\"BreadcrumbList\",\"@id\":\"https:\\\/\\\/www.organisator.ch\\\/marketing\\\/2020-06-10\\\/corona-beschleunigt-das-digital-sourcing\\\/#breadcrumb\",\"itemListElement\":[{\"@type\":\"ListItem\",\"position\":1,\"name\":\"Home\",\"item\":\"https:\\\/\\\/www.organisator.ch\\\/\"},{\"@type\":\"ListItem\",\"position\":2,\"name\":\"Corona beschleunigt das Digital Sourcing\"}]},{\"@type\":\"WebSite\",\"@id\":\"https:\\\/\\\/www.organisator.ch\\\/#website\",\"url\":\"https:\\\/\\\/www.organisator.ch\\\/\",\"name\":\"Organisator\",\"description\":\"Kompetent. Praxisnah. Der ORGANISATOR bereitet in 10 Ausgaben pro Jahr die wesentlichen Themen f\u00fcr F\u00fchrungskr\u00e4fte von KMU auf.\",\"publisher\":{\"@id\":\"https:\\\/\\\/www.organisator.ch\\\/#organization\"},\"potentialAction\":[{\"@type\":\"SearchAction\",\"target\":{\"@type\":\"EntryPoint\",\"urlTemplate\":\"https:\\\/\\\/www.organisator.ch\\\/?s={search_term_string}\"},\"query-input\":{\"@type\":\"PropertyValueSpecification\",\"valueRequired\":true,\"valueName\":\"search_term_string\"}}],\"inLanguage\":\"it-IT\"},{\"@type\":\"Organization\",\"@id\":\"https:\\\/\\\/www.organisator.ch\\\/#organization\",\"name\":\"Organisator\",\"url\":\"https:\\\/\\\/www.organisator.ch\\\/\",\"logo\":{\"@type\":\"ImageObject\",\"inLanguage\":\"it-IT\",\"@id\":\"https:\\\/\\\/www.organisator.ch\\\/#\\\/schema\\\/logo\\\/image\\\/\",\"url\":\"https:\\\/\\\/www.organisator.ch\\\/wp-content\\\/uploads\\\/2022\\\/01\\\/Logo_Organisator_Website.png\",\"contentUrl\":\"https:\\\/\\\/www.organisator.ch\\\/wp-content\\\/uploads\\\/2022\\\/01\\\/Logo_Organisator_Website.png\",\"width\":800,\"height\":77,\"caption\":\"Organisator\"},\"image\":{\"@id\":\"https:\\\/\\\/www.organisator.ch\\\/#\\\/schema\\\/logo\\\/image\\\/\"},\"sameAs\":[\"https:\\\/\\\/www.facebook.com\\\/OrganisatorFachmagazin\",\"https:\\\/\\\/www.linkedin.com\\\/showcase\\\/organisator-das-magazin-fr-kmu\",\"https:\\\/\\\/www.xing.com\\\/news\\\/pages\\\/organisator-ch-695\",\"https:\\\/\\\/www.youtube.com\\\/channel\\\/UCGP2Sq0iWaZwT3BdIAQFYpw\"]},{\"@type\":\"Person\",\"@id\":\"https:\\\/\\\/www.organisator.ch\\\/#\\\/schema\\\/person\\\/6f650f90b2842cd4c0cc334b4e36f67e\",\"name\":\"thomas.berner\",\"image\":{\"@type\":\"ImageObject\",\"inLanguage\":\"it-IT\",\"@id\":\"https:\\\/\\\/secure.gravatar.com\\\/avatar\\\/ac5001d2a36cb6c6cd3e50789007ffca834b477b74a2144564522e944eabff61?s=96&d=mm&r=g\",\"url\":\"https:\\\/\\\/secure.gravatar.com\\\/avatar\\\/ac5001d2a36cb6c6cd3e50789007ffca834b477b74a2144564522e944eabff61?s=96&d=mm&r=g\",\"contentUrl\":\"https:\\\/\\\/secure.gravatar.com\\\/avatar\\\/ac5001d2a36cb6c6cd3e50789007ffca834b477b74a2144564522e944eabff61?s=96&d=mm&r=g\",\"caption\":\"thomas.berner\"},\"url\":\"https:\\\/\\\/www.organisator.ch\\\/it\\\/author\\\/thomas-berner\\\/\"}]}<\/script>\n<!-- \/ Yoast SEO plugin. -->","yoast_head_json":{"title":"Corona accelera il sourcing digitale - Organizzatore","description":"Il sourcing digitale \u00e8 in rapida crescita. Visable, che opera in questo segmento, ha registrato un netto aumento del fatturato e dei nuovi clienti.","robots":{"index":"index","follow":"follow","max-snippet":"max-snippet:-1","max-image-preview":"max-image-preview:large","max-video-preview":"max-video-preview:-1"},"canonical":"https:\/\/www.organisator.ch\/it\/marketing\/2020-06-10\/corona-beschleunigt-das-digital-sourcing\/","og_locale":"it_IT","og_type":"article","og_title":"Corona beschleunigt das Digital Sourcing","og_description":"Das Digital Sourcing w\u00e4chst rasant. Das in diesem Segment t\u00e4tige Unternehmen Visable erreichte einen markanten Umsatz- und Neukundenzuwachs.","og_url":"https:\/\/www.organisator.ch\/it\/marketing\/2020-06-10\/corona-beschleunigt-das-digital-sourcing\/","og_site_name":"Organisator","article_publisher":"https:\/\/www.facebook.com\/OrganisatorFachmagazin","article_published_time":"2020-06-10T06:53:17+00:00","og_image":[{"width":680,"height":409,"url":"https:\/\/www.organisator.ch\/wp-content\/uploads\/2020\/06\/Corona-beschleunigt-das-Digital-Sourcing-1_Organisator.jpg","type":"image\/jpeg"}],"author":"thomas.berner","twitter_card":"summary_large_image","twitter_title":"Corona beschleunigt das Digital #Sourcing","twitter_description":"Das Digital #Sourcing w\u00e4chst rasant. Das in diesem Segment t\u00e4tige Unternehmen #Visable erreichte einen markanten Umsatz- und #Neukundenzuwachs.","twitter_image":"https:\/\/www.organisator.ch\/wp-content\/uploads\/2020\/06\/Corona-beschleunigt-das-Digital-Sourcing-1_Organisator.jpg","schema":{"@context":"https:\/\/schema.org","@graph":[{"@type":"Article","@id":"https:\/\/www.organisator.ch\/marketing\/2020-06-10\/corona-beschleunigt-das-digital-sourcing\/#article","isPartOf":{"@id":"https:\/\/www.organisator.ch\/marketing\/2020-06-10\/corona-beschleunigt-das-digital-sourcing\/"},"author":{"name":"thomas.berner","@id":"https:\/\/www.organisator.ch\/#\/schema\/person\/6f650f90b2842cd4c0cc334b4e36f67e"},"headline":"Corona beschleunigt das Digital Sourcing","datePublished":"2020-06-10T06:53:17+00:00","mainEntityOfPage":{"@id":"https:\/\/www.organisator.ch\/marketing\/2020-06-10\/corona-beschleunigt-das-digital-sourcing\/"},"wordCount":685,"publisher":{"@id":"https:\/\/www.organisator.ch\/#organization"},"image":{"@id":"https:\/\/www.organisator.ch\/marketing\/2020-06-10\/corona-beschleunigt-das-digital-sourcing\/#primaryimage"},"thumbnailUrl":"https:\/\/www.organisator.ch\/wp-content\/uploads\/2020\/06\/Corona-beschleunigt-das-Digital-Sourcing-1_Organisator.jpg","keywords":["Digitalisierung","Marketing","M\u00e4rkte","Supply Chain Management"],"articleSection":["MARKETING"],"inLanguage":"it-IT"},{"@type":"WebPage","@id":"https:\/\/www.organisator.ch\/marketing\/2020-06-10\/corona-beschleunigt-das-digital-sourcing\/","url":"https:\/\/www.organisator.ch\/marketing\/2020-06-10\/corona-beschleunigt-das-digital-sourcing\/","name":"Corona accelera il sourcing digitale - Organizzatore","isPartOf":{"@id":"https:\/\/www.organisator.ch\/#website"},"primaryImageOfPage":{"@id":"https:\/\/www.organisator.ch\/marketing\/2020-06-10\/corona-beschleunigt-das-digital-sourcing\/#primaryimage"},"image":{"@id":"https:\/\/www.organisator.ch\/marketing\/2020-06-10\/corona-beschleunigt-das-digital-sourcing\/#primaryimage"},"thumbnailUrl":"https:\/\/www.organisator.ch\/wp-content\/uploads\/2020\/06\/Corona-beschleunigt-das-Digital-Sourcing-1_Organisator.jpg","datePublished":"2020-06-10T06:53:17+00:00","description":"Il sourcing digitale \u00e8 in rapida crescita. Visable, che opera in questo segmento, ha registrato un netto aumento del fatturato e dei nuovi clienti.","breadcrumb":{"@id":"https:\/\/www.organisator.ch\/marketing\/2020-06-10\/corona-beschleunigt-das-digital-sourcing\/#breadcrumb"},"inLanguage":"it-IT","potentialAction":[{"@type":"ReadAction","target":["https:\/\/www.organisator.ch\/marketing\/2020-06-10\/corona-beschleunigt-das-digital-sourcing\/"]}]},{"@type":"ImageObject","inLanguage":"it-IT","@id":"https:\/\/www.organisator.ch\/marketing\/2020-06-10\/corona-beschleunigt-das-digital-sourcing\/#primaryimage","url":"https:\/\/www.organisator.ch\/wp-content\/uploads\/2020\/06\/Corona-beschleunigt-das-Digital-Sourcing-1_Organisator.jpg","contentUrl":"https:\/\/www.organisator.ch\/wp-content\/uploads\/2020\/06\/Corona-beschleunigt-das-Digital-Sourcing-1_Organisator.jpg","width":680,"height":409,"caption":"Prognostiziert einen weiteren Zuwachs beim Digital Sourcing: Peter F. Schmid von Visable. (Bild: Visable)"},{"@type":"BreadcrumbList","@id":"https:\/\/www.organisator.ch\/marketing\/2020-06-10\/corona-beschleunigt-das-digital-sourcing\/#breadcrumb","itemListElement":[{"@type":"ListItem","position":1,"name":"Home","item":"https:\/\/www.organisator.ch\/"},{"@type":"ListItem","position":2,"name":"Corona beschleunigt das Digital Sourcing"}]},{"@type":"WebSite","@id":"https:\/\/www.organisator.ch\/#website","url":"https:\/\/www.organisator.ch\/","name":"Organizzatore","description":"Competente. Pratico. In 10 numeri all'anno, ORGANISATOR presenta i temi essenziali per i manager delle PMI.","publisher":{"@id":"https:\/\/www.organisator.ch\/#organization"},"potentialAction":[{"@type":"SearchAction","target":{"@type":"EntryPoint","urlTemplate":"https:\/\/www.organisator.ch\/?s={search_term_string}"},"query-input":{"@type":"PropertyValueSpecification","valueRequired":true,"valueName":"search_term_string"}}],"inLanguage":"it-IT"},{"@type":"Organization","@id":"https:\/\/www.organisator.ch\/#organization","name":"Organizzatore","url":"https:\/\/www.organisator.ch\/","logo":{"@type":"ImageObject","inLanguage":"it-IT","@id":"https:\/\/www.organisator.ch\/#\/schema\/logo\/image\/","url":"https:\/\/www.organisator.ch\/wp-content\/uploads\/2022\/01\/Logo_Organisator_Website.png","contentUrl":"https:\/\/www.organisator.ch\/wp-content\/uploads\/2022\/01\/Logo_Organisator_Website.png","width":800,"height":77,"caption":"Organisator"},"image":{"@id":"https:\/\/www.organisator.ch\/#\/schema\/logo\/image\/"},"sameAs":["https:\/\/www.facebook.com\/OrganisatorFachmagazin","https:\/\/www.linkedin.com\/showcase\/organisator-das-magazin-fr-kmu","https:\/\/www.xing.com\/news\/pages\/organisator-ch-695","https:\/\/www.youtube.com\/channel\/UCGP2Sq0iWaZwT3BdIAQFYpw"]},{"@type":"Person","@id":"https:\/\/www.organisator.ch\/#\/schema\/person\/6f650f90b2842cd4c0cc334b4e36f67e","name":"Tommaso.berner","image":{"@type":"ImageObject","inLanguage":"it-IT","@id":"https:\/\/secure.gravatar.com\/avatar\/ac5001d2a36cb6c6cd3e50789007ffca834b477b74a2144564522e944eabff61?s=96&d=mm&r=g","url":"https:\/\/secure.gravatar.com\/avatar\/ac5001d2a36cb6c6cd3e50789007ffca834b477b74a2144564522e944eabff61?s=96&d=mm&r=g","contentUrl":"https:\/\/secure.gravatar.com\/avatar\/ac5001d2a36cb6c6cd3e50789007ffca834b477b74a2144564522e944eabff61?s=96&d=mm&r=g","caption":"thomas.berner"},"url":"https:\/\/www.organisator.ch\/it\/author\/thomas-berner\/"}]}},"_links":{"self":[{"href":"https:\/\/www.organisator.ch\/it\/wp-json\/wp\/v2\/posts\/6792","targetHints":{"allow":["GET"]}}],"collection":[{"href":"https:\/\/www.organisator.ch\/it\/wp-json\/wp\/v2\/posts"}],"about":[{"href":"https:\/\/www.organisator.ch\/it\/wp-json\/wp\/v2\/types\/post"}],"author":[{"embeddable":true,"href":"https:\/\/www.organisator.ch\/it\/wp-json\/wp\/v2\/users\/4"}],"replies":[{"embeddable":true,"href":"https:\/\/www.organisator.ch\/it\/wp-json\/wp\/v2\/comments?post=6792"}],"version-history":[{"count":0,"href":"https:\/\/www.organisator.ch\/it\/wp-json\/wp\/v2\/posts\/6792\/revisions"}],"wp:featuredmedia":[{"embeddable":true,"href":"https:\/\/www.organisator.ch\/it\/wp-json\/wp\/v2\/media\/6793"}],"wp:attachment":[{"href":"https:\/\/www.organisator.ch\/it\/wp-json\/wp\/v2\/media?parent=6792"}],"wp:term":[{"taxonomy":"category","embeddable":true,"href":"https:\/\/www.organisator.ch\/it\/wp-json\/wp\/v2\/categories?post=6792"},{"taxonomy":"post_tag","embeddable":true,"href":"https:\/\/www.organisator.ch\/it\/wp-json\/wp\/v2\/tags?post=6792"}],"curies":[{"name":"wp","href":"https:\/\/api.w.org\/{rel}","templated":true}]}}