{"id":6796,"date":"2020-06-11T10:54:39","date_gmt":"2020-06-11T08:54:39","guid":{"rendered":"https:\/\/www.organisator.ch\/?p=6796"},"modified":"2020-06-11T10:54:39","modified_gmt":"2020-06-11T08:54:39","slug":"inspirierende-speed-speeches-am-jubilaeums-business-talk-von-rb-ruettimann-consulting","status":"publish","type":"post","link":"https:\/\/www.organisator.ch\/it\/marketing\/2020-06-11\/inspirierende-speed-speeches-am-jubilaeums-business-talk-von-rb-ruettimann-consulting\/","title":{"rendered":"Ispiranti \"speed speeches\" al business talk per l'anniversario di rb R\u00fcttimann Consulting"},"content":{"rendered":"<figure id=\"attachment_6798\" aria-describedby=\"caption-attachment-6798\" style=\"width: 680px\" class=\"wp-caption alignnone\"><img loading=\"lazy\" decoding=\"async\" class=\"size-medium wp-image-6798\" src=\"https:\/\/www.organisator.ch\/wp-content\/uploads\/2020\/06\/Inspirierende-Speed-Speeches-am-Jubilaeums-Business-Talk-von-rb-Ruettimann-Consulting_Organisator.jpg\" alt=\"\" width=\"680\" height=\"451\" srcset=\"https:\/\/www.organisator.ch\/wp-content\/uploads\/2020\/06\/Inspirierende-Speed-Speeches-am-Jubilaeums-Business-Talk-von-rb-Ruettimann-Consulting_Organisator.jpg 680w, https:\/\/www.organisator.ch\/wp-content\/uploads\/2020\/06\/Inspirierende-Speed-Speeches-am-Jubilaeums-Business-Talk-von-rb-Ruettimann-Consulting_Organisator-16x12.jpg 16w, https:\/\/www.organisator.ch\/wp-content\/uploads\/2020\/06\/Inspirierende-Speed-Speeches-am-Jubilaeums-Business-Talk-von-rb-Ruettimann-Consulting_Organisator-264x175.jpg 264w, https:\/\/www.organisator.ch\/wp-content\/uploads\/2020\/06\/Inspirierende-Speed-Speeches-am-Jubilaeums-Business-Talk-von-rb-Ruettimann-Consulting_Organisator-528x350.jpg 528w, https:\/\/www.organisator.ch\/wp-content\/uploads\/2020\/06\/Inspirierende-Speed-Speeches-am-Jubilaeums-Business-Talk-von-rb-Ruettimann-Consulting_Organisator-300x199.jpg 300w\" sizes=\"auto, (max-width: 680px) 100vw, 680px\" \/><figcaption id=\"caption-attachment-6798\" class=\"wp-caption-text\">Barbara R\u00fcttimann di rb R\u00fcttimann Consulting (all'estrema sinistra) con i relatori dell'anniversario (da sinistra a destra): Stephan Peyer, Thomas Schreiber, Helena Trachsel, Peter Ac\u00e9l, Anna Grassler e Oliver Hauri. (Foto: Linda Pollari)<\/figcaption><\/figure>\n<p>Dopo diverse settimane di blocco a causa della Covid-19, da maggio \u00e8 finalmente possibile organizzare di nuovo piccoli eventi sociali. All'evento per l'anniversario di rb R\u00fcttimann Consulting si \u00e8 notata una certa distensione tra gli ospiti: finalmente si \u00e8 potuto fare di nuovo rete di persona, anche se si sono dovute osservare alcune restrizioni sotto forma di distanza fisica.<\/p>\n<h2>\"Discorsi di velocit\u00e0\" - anche in forma di rima<\/h2>\n<p>Tuttavia: Barbara R\u00fcttimann ha creduto nella realizzazione dell'evento fino alla fine, e anche i partner e gli sponsor sono rimasti a bordo. Il risultato: un formato di evento emozionante con brevi discorsi in stile \"slam poetry\". Sei relatori hanno avuto a disposizione dieci minuti ciascuno per dare agli ospiti alcuni impulsi ispiratori su vari temi aziendali. Il primo oratore \u00e8 stato Stephan Peyer, CEO di hauser &amp; partner. Ha dedicato il suo discorso - in parte anche in rima - al tema del live marketing. Il customer journey \u00e8 diventato complesso, la digitalizzazione \u00e8 diventata il \"nemico\" del live marketing. Ma la digitalizzazione aiuta anche a raccogliere clienti. Ma la comunicazione del futuro sar\u00e0 ancora dal vivo, secondo il credo di Stephan Peyer, a patto che un messaggio chiaro possa essere confezionato con uno storytelling intelligente.<\/p>\n<h2>Dalla leadership agile al buon cibo sul lavoro<\/h2>\n<p>Il dottor Peter Ac\u00e9l, titolare dello studio Dr Ac\u00e9l &amp; Partner, ha parlato di \"Leadership agile\", sottolineando che non si tratta solo di una parola d'ordine, ma richiede una nuova cultura aziendale e una nuova concezione della leadership. Helena Trachsel, responsabile dell'Ufficio per l'uguaglianza di genere del Cantone di Zurigo, ha chiesto di intensificare gli incontri con rispetto - liberi da stereotipi - e Oliver Hauri, CEO di Haworth Svizzera, ha chiesto perch\u00e9 il ritorno dall'home office all'ufficio tradizionale sia cos\u00ec prezioso. Le persone vogliono poter incontrare di nuovo fisicamente i loro colleghi. \"L'ufficio del futuro dovrebbe essere anche una piattaforma di incontro\", ha affermato Hauri. Anna Grassler di Felfel ha poi presentato il concetto di \"Good Food at Work\", di cui tutti i partecipanti hanno ricevuto un gustoso assaggio alla fine. Thomas Schreiber di atool Architekten ha fornito una panoramica sull'edilizia sostenibile con un esempio di inverdimento della facciata.<\/p>\n<h2>Uno sguardo al ricco portafoglio di rb R\u00fcttimann Consulting<\/h2>\n<p>Conclusione dell'evento: la selezione dei relatori e degli ospiti presenti ha mostrato uno spaccato della variet\u00e0 di argomenti trattati da Barbara R\u00fcttimann con la sua consulenza di comunicazione e marketing. Dal 2000, la sua clientela comprende clienti di PMI e grandi aziende di vari settori. Nel corso degli anni, si \u00e8 aggiunta l'attivit\u00e0 di conduttrice televisiva, di varie pubblicazioni - ad esempio, scrive regolarmente rubriche per l'edizione cartacea dell'ORGANISATOR - e di consulenza immobiliare. Il formato di questo anniversario, con \"speed speeches\" e accompagnamento culinario, potrebbe costituire un precedente per altri eventi.<\/p>\n<p><em>Ulteriori informazioni: <a href=\"https:\/\/www.rbconsulting.info\/\">www.rbconsulting.info\/<\/a><\/em><\/p>","protected":false},"excerpt":{"rendered":"<p>Nach dem mehrw\u00f6chigen Lockdown infolge von Covid-19 sind seit Mai endlich wieder kleinere gesellschaftliche Anl\u00e4sse m\u00f6glich. Am Jubil\u00e4umsanlass von rb R\u00fcttimann Consulting war die Entspannung unter den G\u00e4sten sp\u00fcrbar: Endlich durfte wieder fleissig pers\u00f6nlich genetzwerkt werden, auch wenn immer noch einige Einschr\u00e4nkungen in Form von Physical Distancing eingehalten werden mussten. &#8222;Speed Speeches&#8220; &#8211; auch in [&hellip;]<\/p>\n","protected":false},"author":4,"featured_media":6798,"comment_status":"closed","ping_status":"closed","sticky":false,"template":"","format":"standard","meta":{"_acf_changed":false,"_yoast_wpseo_focuskw":"rb R\u00fcttimann","_yoast_wpseo_metadesc":"Im Juni 2000 startete die Kleinagentur rb R\u00fcttimann Consulting ihre T\u00e4tigkeit. Inhaberin und Gesch\u00e4ftsf\u00fchrerin Barbara R\u00fcttimann lud nun zum Jubil\u00e4um ein.","articlekey":"","footnotes":""},"categories":[29],"tags":[186,206,339,492],"class_list":["post-6796","post","type-post","status-publish","format-standard","has-post-thumbnail","hentry","category-marketing","tag-event","tag-firmenjubilaeum","tag-marketing","tag-unternehmen"],"acf":[],"yoast_head":"<!-- This site is optimized with the Yoast SEO plugin v27.5 - https:\/\/yoast.com\/product\/yoast-seo-wordpress\/ -->\n<title>Inspirierende &quot;Speed Speeches&quot; am Jubil\u00e4ums-Business-Talk von rb R\u00fcttimann Consulting - Organisator<\/title>\n<meta name=\"description\" content=\"Im Juni 2000 startete die Kleinagentur rb R\u00fcttimann Consulting ihre T\u00e4tigkeit. Inhaberin und Gesch\u00e4ftsf\u00fchrerin Barbara R\u00fcttimann lud nun zum Jubil\u00e4um ein.\" \/>\n<meta name=\"robots\" content=\"index, follow, max-snippet:-1, max-image-preview:large, max-video-preview:-1\" \/>\n<link rel=\"canonical\" href=\"https:\/\/www.organisator.ch\/it\/marketing\/2020-06-11\/inspirierende-speed-speeches-am-jubilaeums-business-talk-von-rb-ruettimann-consulting\/\" \/>\n<meta property=\"og:locale\" content=\"it_IT\" \/>\n<meta property=\"og:type\" content=\"article\" \/>\n<meta property=\"og:title\" content=\"Inspirierende &quot;Speed Speeches&quot; am Jubil\u00e4ums-Business-Talk von rb R\u00fcttimann Consulting\" \/>\n<meta property=\"og:description\" content=\"Im Juni 2000 startete die Kleinagentur rb R\u00fcttimann Consulting ihre T\u00e4tigkeit. Inhaberin und Gesch\u00e4ftsf\u00fchrerin Barbara R\u00fcttimann lud nun zum Jubil\u00e4um ein.\" \/>\n<meta property=\"og:url\" content=\"https:\/\/www.organisator.ch\/it\/marketing\/2020-06-11\/inspirierende-speed-speeches-am-jubilaeums-business-talk-von-rb-ruettimann-consulting\/\" \/>\n<meta property=\"og:site_name\" content=\"Organisator\" \/>\n<meta property=\"article:publisher\" content=\"https:\/\/www.facebook.com\/OrganisatorFachmagazin\" \/>\n<meta property=\"article:published_time\" content=\"2020-06-11T08:54:39+00:00\" \/>\n<meta property=\"og:image\" content=\"https:\/\/www.organisator.ch\/wp-content\/uploads\/2020\/06\/Inspirierende-Speed-Speeches-am-Jubilaeums-Business-Talk-von-rb-Ruettimann-Consulting_Organisator.jpg\" \/>\n\t<meta property=\"og:image:width\" content=\"680\" \/>\n\t<meta property=\"og:image:height\" content=\"451\" \/>\n\t<meta property=\"og:image:type\" content=\"image\/jpeg\" \/>\n<meta name=\"author\" content=\"thomas.berner\" \/>\n<meta name=\"twitter:card\" content=\"summary_large_image\" \/>\n<meta name=\"twitter:title\" content=\"Inspirierende &quot;Speed Speeches&quot; am #Jubil\u00e4ums-Business-Talk von rb #R\u00fcttimann Consulting\" \/>\n<meta name=\"twitter:description\" content=\"Im Juni 2000 startete die #Kleinagentur rb #R\u00fcttimann Consulting ihre T\u00e4tigkeit. Inhaberin und Gesch\u00e4ftsf\u00fchrerin Barbara R\u00fcttimann lud nun zum Jubil\u00e4um ein.\" \/>\n<meta name=\"twitter:image\" content=\"https:\/\/www.organisator.ch\/wp-content\/uploads\/2020\/06\/Inspirierende-Speed-Speeches-am-Jubilaeums-Business-Talk-von-rb-Ruettimann-Consulting_Organisator.jpg\" \/>\n<script type=\"application\/ld+json\" class=\"yoast-schema-graph\">{\"@context\":\"https:\\\/\\\/schema.org\",\"@graph\":[{\"@type\":\"Article\",\"@id\":\"https:\\\/\\\/www.organisator.ch\\\/marketing\\\/2020-06-11\\\/inspirierende-speed-speeches-am-jubilaeums-business-talk-von-rb-ruettimann-consulting\\\/#article\",\"isPartOf\":{\"@id\":\"https:\\\/\\\/www.organisator.ch\\\/marketing\\\/2020-06-11\\\/inspirierende-speed-speeches-am-jubilaeums-business-talk-von-rb-ruettimann-consulting\\\/\"},\"author\":{\"name\":\"thomas.berner\",\"@id\":\"https:\\\/\\\/www.organisator.ch\\\/#\\\/schema\\\/person\\\/6f650f90b2842cd4c0cc334b4e36f67e\"},\"headline\":\"Inspirierende &#8222;Speed Speeches&#8220; am Jubil\u00e4ums-Business-Talk von rb R\u00fcttimann Consulting\",\"datePublished\":\"2020-06-11T08:54:39+00:00\",\"mainEntityOfPage\":{\"@id\":\"https:\\\/\\\/www.organisator.ch\\\/marketing\\\/2020-06-11\\\/inspirierende-speed-speeches-am-jubilaeums-business-talk-von-rb-ruettimann-consulting\\\/\"},\"wordCount\":498,\"publisher\":{\"@id\":\"https:\\\/\\\/www.organisator.ch\\\/#organization\"},\"image\":{\"@id\":\"https:\\\/\\\/www.organisator.ch\\\/marketing\\\/2020-06-11\\\/inspirierende-speed-speeches-am-jubilaeums-business-talk-von-rb-ruettimann-consulting\\\/#primaryimage\"},\"thumbnailUrl\":\"https:\\\/\\\/www.organisator.ch\\\/wp-content\\\/uploads\\\/2020\\\/06\\\/Inspirierende-Speed-Speeches-am-Jubilaeums-Business-Talk-von-rb-Ruettimann-Consulting_Organisator.jpg\",\"keywords\":[\"Event\",\"Firmenjubil\u00e4um\",\"Marketing\",\"Unternehmen\"],\"articleSection\":[\"MARKETING\"],\"inLanguage\":\"it-IT\"},{\"@type\":\"WebPage\",\"@id\":\"https:\\\/\\\/www.organisator.ch\\\/marketing\\\/2020-06-11\\\/inspirierende-speed-speeches-am-jubilaeums-business-talk-von-rb-ruettimann-consulting\\\/\",\"url\":\"https:\\\/\\\/www.organisator.ch\\\/marketing\\\/2020-06-11\\\/inspirierende-speed-speeches-am-jubilaeums-business-talk-von-rb-ruettimann-consulting\\\/\",\"name\":\"Inspirierende \\\"Speed Speeches\\\" am Jubil\u00e4ums-Business-Talk von rb R\u00fcttimann Consulting - Organisator\",\"isPartOf\":{\"@id\":\"https:\\\/\\\/www.organisator.ch\\\/#website\"},\"primaryImageOfPage\":{\"@id\":\"https:\\\/\\\/www.organisator.ch\\\/marketing\\\/2020-06-11\\\/inspirierende-speed-speeches-am-jubilaeums-business-talk-von-rb-ruettimann-consulting\\\/#primaryimage\"},\"image\":{\"@id\":\"https:\\\/\\\/www.organisator.ch\\\/marketing\\\/2020-06-11\\\/inspirierende-speed-speeches-am-jubilaeums-business-talk-von-rb-ruettimann-consulting\\\/#primaryimage\"},\"thumbnailUrl\":\"https:\\\/\\\/www.organisator.ch\\\/wp-content\\\/uploads\\\/2020\\\/06\\\/Inspirierende-Speed-Speeches-am-Jubilaeums-Business-Talk-von-rb-Ruettimann-Consulting_Organisator.jpg\",\"datePublished\":\"2020-06-11T08:54:39+00:00\",\"description\":\"Im Juni 2000 startete die Kleinagentur rb R\u00fcttimann Consulting ihre T\u00e4tigkeit. Inhaberin und Gesch\u00e4ftsf\u00fchrerin Barbara R\u00fcttimann lud nun zum Jubil\u00e4um ein.\",\"breadcrumb\":{\"@id\":\"https:\\\/\\\/www.organisator.ch\\\/marketing\\\/2020-06-11\\\/inspirierende-speed-speeches-am-jubilaeums-business-talk-von-rb-ruettimann-consulting\\\/#breadcrumb\"},\"inLanguage\":\"it-IT\",\"potentialAction\":[{\"@type\":\"ReadAction\",\"target\":[\"https:\\\/\\\/www.organisator.ch\\\/marketing\\\/2020-06-11\\\/inspirierende-speed-speeches-am-jubilaeums-business-talk-von-rb-ruettimann-consulting\\\/\"]}]},{\"@type\":\"ImageObject\",\"inLanguage\":\"it-IT\",\"@id\":\"https:\\\/\\\/www.organisator.ch\\\/marketing\\\/2020-06-11\\\/inspirierende-speed-speeches-am-jubilaeums-business-talk-von-rb-ruettimann-consulting\\\/#primaryimage\",\"url\":\"https:\\\/\\\/www.organisator.ch\\\/wp-content\\\/uploads\\\/2020\\\/06\\\/Inspirierende-Speed-Speeches-am-Jubilaeums-Business-Talk-von-rb-Ruettimann-Consulting_Organisator.jpg\",\"contentUrl\":\"https:\\\/\\\/www.organisator.ch\\\/wp-content\\\/uploads\\\/2020\\\/06\\\/Inspirierende-Speed-Speeches-am-Jubilaeums-Business-Talk-von-rb-Ruettimann-Consulting_Organisator.jpg\",\"width\":680,\"height\":451,\"caption\":\"Barbara R\u00fcttimann von rb R\u00fcttimann Consulting (ganz links) mit den Referenten des Jubil\u00e4umsanlasses. (Foto: Linda Pollari)\"},{\"@type\":\"BreadcrumbList\",\"@id\":\"https:\\\/\\\/www.organisator.ch\\\/marketing\\\/2020-06-11\\\/inspirierende-speed-speeches-am-jubilaeums-business-talk-von-rb-ruettimann-consulting\\\/#breadcrumb\",\"itemListElement\":[{\"@type\":\"ListItem\",\"position\":1,\"name\":\"Home\",\"item\":\"https:\\\/\\\/www.organisator.ch\\\/\"},{\"@type\":\"ListItem\",\"position\":2,\"name\":\"Inspirierende &#8222;Speed Speeches&#8220; am Jubil\u00e4ums-Business-Talk von rb R\u00fcttimann Consulting\"}]},{\"@type\":\"WebSite\",\"@id\":\"https:\\\/\\\/www.organisator.ch\\\/#website\",\"url\":\"https:\\\/\\\/www.organisator.ch\\\/\",\"name\":\"Organisator\",\"description\":\"Kompetent. Praxisnah. Der ORGANISATOR bereitet in 10 Ausgaben pro Jahr die wesentlichen Themen f\u00fcr F\u00fchrungskr\u00e4fte von KMU auf.\",\"publisher\":{\"@id\":\"https:\\\/\\\/www.organisator.ch\\\/#organization\"},\"potentialAction\":[{\"@type\":\"SearchAction\",\"target\":{\"@type\":\"EntryPoint\",\"urlTemplate\":\"https:\\\/\\\/www.organisator.ch\\\/?s={search_term_string}\"},\"query-input\":{\"@type\":\"PropertyValueSpecification\",\"valueRequired\":true,\"valueName\":\"search_term_string\"}}],\"inLanguage\":\"it-IT\"},{\"@type\":\"Organization\",\"@id\":\"https:\\\/\\\/www.organisator.ch\\\/#organization\",\"name\":\"Organisator\",\"url\":\"https:\\\/\\\/www.organisator.ch\\\/\",\"logo\":{\"@type\":\"ImageObject\",\"inLanguage\":\"it-IT\",\"@id\":\"https:\\\/\\\/www.organisator.ch\\\/#\\\/schema\\\/logo\\\/image\\\/\",\"url\":\"https:\\\/\\\/www.organisator.ch\\\/wp-content\\\/uploads\\\/2022\\\/01\\\/Logo_Organisator_Website.png\",\"contentUrl\":\"https:\\\/\\\/www.organisator.ch\\\/wp-content\\\/uploads\\\/2022\\\/01\\\/Logo_Organisator_Website.png\",\"width\":800,\"height\":77,\"caption\":\"Organisator\"},\"image\":{\"@id\":\"https:\\\/\\\/www.organisator.ch\\\/#\\\/schema\\\/logo\\\/image\\\/\"},\"sameAs\":[\"https:\\\/\\\/www.facebook.com\\\/OrganisatorFachmagazin\",\"https:\\\/\\\/www.linkedin.com\\\/showcase\\\/organisator-das-magazin-fr-kmu\",\"https:\\\/\\\/www.xing.com\\\/news\\\/pages\\\/organisator-ch-695\",\"https:\\\/\\\/www.youtube.com\\\/channel\\\/UCGP2Sq0iWaZwT3BdIAQFYpw\"]},{\"@type\":\"Person\",\"@id\":\"https:\\\/\\\/www.organisator.ch\\\/#\\\/schema\\\/person\\\/6f650f90b2842cd4c0cc334b4e36f67e\",\"name\":\"thomas.berner\",\"image\":{\"@type\":\"ImageObject\",\"inLanguage\":\"it-IT\",\"@id\":\"https:\\\/\\\/secure.gravatar.com\\\/avatar\\\/ac5001d2a36cb6c6cd3e50789007ffca834b477b74a2144564522e944eabff61?s=96&d=mm&r=g\",\"url\":\"https:\\\/\\\/secure.gravatar.com\\\/avatar\\\/ac5001d2a36cb6c6cd3e50789007ffca834b477b74a2144564522e944eabff61?s=96&d=mm&r=g\",\"contentUrl\":\"https:\\\/\\\/secure.gravatar.com\\\/avatar\\\/ac5001d2a36cb6c6cd3e50789007ffca834b477b74a2144564522e944eabff61?s=96&d=mm&r=g\",\"caption\":\"thomas.berner\"},\"url\":\"https:\\\/\\\/www.organisator.ch\\\/it\\\/author\\\/thomas-berner\\\/\"}]}<\/script>\n<!-- \/ Yoast SEO plugin. -->","yoast_head_json":{"title":"\"Speed Speeches\" di ispirazione all'Anniversary Business Talk di rb R\u00fcttimann Consulting - Organizzatore","description":"La piccola agenzia rb R\u00fcttimann Consulting ha iniziato la sua attivit\u00e0 nel giugno 2000. La proprietaria e amministratrice Barbara R\u00fcttimann \u00e8 stata invitata all'anniversario.","robots":{"index":"index","follow":"follow","max-snippet":"max-snippet:-1","max-image-preview":"max-image-preview:large","max-video-preview":"max-video-preview:-1"},"canonical":"https:\/\/www.organisator.ch\/it\/marketing\/2020-06-11\/inspirierende-speed-speeches-am-jubilaeums-business-talk-von-rb-ruettimann-consulting\/","og_locale":"it_IT","og_type":"article","og_title":"Inspirierende \"Speed Speeches\" am Jubil\u00e4ums-Business-Talk von rb R\u00fcttimann Consulting","og_description":"Im Juni 2000 startete die Kleinagentur rb R\u00fcttimann Consulting ihre T\u00e4tigkeit. Inhaberin und Gesch\u00e4ftsf\u00fchrerin Barbara R\u00fcttimann lud nun zum Jubil\u00e4um ein.","og_url":"https:\/\/www.organisator.ch\/it\/marketing\/2020-06-11\/inspirierende-speed-speeches-am-jubilaeums-business-talk-von-rb-ruettimann-consulting\/","og_site_name":"Organisator","article_publisher":"https:\/\/www.facebook.com\/OrganisatorFachmagazin","article_published_time":"2020-06-11T08:54:39+00:00","og_image":[{"width":680,"height":451,"url":"https:\/\/www.organisator.ch\/wp-content\/uploads\/2020\/06\/Inspirierende-Speed-Speeches-am-Jubilaeums-Business-Talk-von-rb-Ruettimann-Consulting_Organisator.jpg","type":"image\/jpeg"}],"author":"thomas.berner","twitter_card":"summary_large_image","twitter_title":"Inspirierende \"Speed Speeches\" am #Jubil\u00e4ums-Business-Talk von rb #R\u00fcttimann Consulting","twitter_description":"Im Juni 2000 startete die #Kleinagentur rb #R\u00fcttimann Consulting ihre T\u00e4tigkeit. Inhaberin und Gesch\u00e4ftsf\u00fchrerin Barbara R\u00fcttimann lud nun zum Jubil\u00e4um ein.","twitter_image":"https:\/\/www.organisator.ch\/wp-content\/uploads\/2020\/06\/Inspirierende-Speed-Speeches-am-Jubilaeums-Business-Talk-von-rb-Ruettimann-Consulting_Organisator.jpg","schema":{"@context":"https:\/\/schema.org","@graph":[{"@type":"Article","@id":"https:\/\/www.organisator.ch\/marketing\/2020-06-11\/inspirierende-speed-speeches-am-jubilaeums-business-talk-von-rb-ruettimann-consulting\/#article","isPartOf":{"@id":"https:\/\/www.organisator.ch\/marketing\/2020-06-11\/inspirierende-speed-speeches-am-jubilaeums-business-talk-von-rb-ruettimann-consulting\/"},"author":{"name":"thomas.berner","@id":"https:\/\/www.organisator.ch\/#\/schema\/person\/6f650f90b2842cd4c0cc334b4e36f67e"},"headline":"Inspirierende &#8222;Speed Speeches&#8220; am Jubil\u00e4ums-Business-Talk von rb R\u00fcttimann Consulting","datePublished":"2020-06-11T08:54:39+00:00","mainEntityOfPage":{"@id":"https:\/\/www.organisator.ch\/marketing\/2020-06-11\/inspirierende-speed-speeches-am-jubilaeums-business-talk-von-rb-ruettimann-consulting\/"},"wordCount":498,"publisher":{"@id":"https:\/\/www.organisator.ch\/#organization"},"image":{"@id":"https:\/\/www.organisator.ch\/marketing\/2020-06-11\/inspirierende-speed-speeches-am-jubilaeums-business-talk-von-rb-ruettimann-consulting\/#primaryimage"},"thumbnailUrl":"https:\/\/www.organisator.ch\/wp-content\/uploads\/2020\/06\/Inspirierende-Speed-Speeches-am-Jubilaeums-Business-Talk-von-rb-Ruettimann-Consulting_Organisator.jpg","keywords":["Event","Firmenjubil\u00e4um","Marketing","Unternehmen"],"articleSection":["MARKETING"],"inLanguage":"it-IT"},{"@type":"WebPage","@id":"https:\/\/www.organisator.ch\/marketing\/2020-06-11\/inspirierende-speed-speeches-am-jubilaeums-business-talk-von-rb-ruettimann-consulting\/","url":"https:\/\/www.organisator.ch\/marketing\/2020-06-11\/inspirierende-speed-speeches-am-jubilaeums-business-talk-von-rb-ruettimann-consulting\/","name":"\"Speed Speeches\" di ispirazione all'Anniversary Business Talk di rb R\u00fcttimann Consulting - Organizzatore","isPartOf":{"@id":"https:\/\/www.organisator.ch\/#website"},"primaryImageOfPage":{"@id":"https:\/\/www.organisator.ch\/marketing\/2020-06-11\/inspirierende-speed-speeches-am-jubilaeums-business-talk-von-rb-ruettimann-consulting\/#primaryimage"},"image":{"@id":"https:\/\/www.organisator.ch\/marketing\/2020-06-11\/inspirierende-speed-speeches-am-jubilaeums-business-talk-von-rb-ruettimann-consulting\/#primaryimage"},"thumbnailUrl":"https:\/\/www.organisator.ch\/wp-content\/uploads\/2020\/06\/Inspirierende-Speed-Speeches-am-Jubilaeums-Business-Talk-von-rb-Ruettimann-Consulting_Organisator.jpg","datePublished":"2020-06-11T08:54:39+00:00","description":"La piccola agenzia rb R\u00fcttimann Consulting ha iniziato la sua attivit\u00e0 nel giugno 2000. La proprietaria e amministratrice Barbara R\u00fcttimann \u00e8 stata invitata all'anniversario.","breadcrumb":{"@id":"https:\/\/www.organisator.ch\/marketing\/2020-06-11\/inspirierende-speed-speeches-am-jubilaeums-business-talk-von-rb-ruettimann-consulting\/#breadcrumb"},"inLanguage":"it-IT","potentialAction":[{"@type":"ReadAction","target":["https:\/\/www.organisator.ch\/marketing\/2020-06-11\/inspirierende-speed-speeches-am-jubilaeums-business-talk-von-rb-ruettimann-consulting\/"]}]},{"@type":"ImageObject","inLanguage":"it-IT","@id":"https:\/\/www.organisator.ch\/marketing\/2020-06-11\/inspirierende-speed-speeches-am-jubilaeums-business-talk-von-rb-ruettimann-consulting\/#primaryimage","url":"https:\/\/www.organisator.ch\/wp-content\/uploads\/2020\/06\/Inspirierende-Speed-Speeches-am-Jubilaeums-Business-Talk-von-rb-Ruettimann-Consulting_Organisator.jpg","contentUrl":"https:\/\/www.organisator.ch\/wp-content\/uploads\/2020\/06\/Inspirierende-Speed-Speeches-am-Jubilaeums-Business-Talk-von-rb-Ruettimann-Consulting_Organisator.jpg","width":680,"height":451,"caption":"Barbara R\u00fcttimann von rb R\u00fcttimann Consulting (ganz links) mit den Referenten des Jubil\u00e4umsanlasses. (Foto: Linda Pollari)"},{"@type":"BreadcrumbList","@id":"https:\/\/www.organisator.ch\/marketing\/2020-06-11\/inspirierende-speed-speeches-am-jubilaeums-business-talk-von-rb-ruettimann-consulting\/#breadcrumb","itemListElement":[{"@type":"ListItem","position":1,"name":"Home","item":"https:\/\/www.organisator.ch\/"},{"@type":"ListItem","position":2,"name":"Inspirierende &#8222;Speed Speeches&#8220; am Jubil\u00e4ums-Business-Talk von rb R\u00fcttimann Consulting"}]},{"@type":"WebSite","@id":"https:\/\/www.organisator.ch\/#website","url":"https:\/\/www.organisator.ch\/","name":"Organizzatore","description":"Competente. Pratico. In 10 numeri all'anno, ORGANISATOR presenta i temi essenziali per i manager delle PMI.","publisher":{"@id":"https:\/\/www.organisator.ch\/#organization"},"potentialAction":[{"@type":"SearchAction","target":{"@type":"EntryPoint","urlTemplate":"https:\/\/www.organisator.ch\/?s={search_term_string}"},"query-input":{"@type":"PropertyValueSpecification","valueRequired":true,"valueName":"search_term_string"}}],"inLanguage":"it-IT"},{"@type":"Organization","@id":"https:\/\/www.organisator.ch\/#organization","name":"Organizzatore","url":"https:\/\/www.organisator.ch\/","logo":{"@type":"ImageObject","inLanguage":"it-IT","@id":"https:\/\/www.organisator.ch\/#\/schema\/logo\/image\/","url":"https:\/\/www.organisator.ch\/wp-content\/uploads\/2022\/01\/Logo_Organisator_Website.png","contentUrl":"https:\/\/www.organisator.ch\/wp-content\/uploads\/2022\/01\/Logo_Organisator_Website.png","width":800,"height":77,"caption":"Organisator"},"image":{"@id":"https:\/\/www.organisator.ch\/#\/schema\/logo\/image\/"},"sameAs":["https:\/\/www.facebook.com\/OrganisatorFachmagazin","https:\/\/www.linkedin.com\/showcase\/organisator-das-magazin-fr-kmu","https:\/\/www.xing.com\/news\/pages\/organisator-ch-695","https:\/\/www.youtube.com\/channel\/UCGP2Sq0iWaZwT3BdIAQFYpw"]},{"@type":"Person","@id":"https:\/\/www.organisator.ch\/#\/schema\/person\/6f650f90b2842cd4c0cc334b4e36f67e","name":"Tommaso.berner","image":{"@type":"ImageObject","inLanguage":"it-IT","@id":"https:\/\/secure.gravatar.com\/avatar\/ac5001d2a36cb6c6cd3e50789007ffca834b477b74a2144564522e944eabff61?s=96&d=mm&r=g","url":"https:\/\/secure.gravatar.com\/avatar\/ac5001d2a36cb6c6cd3e50789007ffca834b477b74a2144564522e944eabff61?s=96&d=mm&r=g","contentUrl":"https:\/\/secure.gravatar.com\/avatar\/ac5001d2a36cb6c6cd3e50789007ffca834b477b74a2144564522e944eabff61?s=96&d=mm&r=g","caption":"thomas.berner"},"url":"https:\/\/www.organisator.ch\/it\/author\/thomas-berner\/"}]}},"_links":{"self":[{"href":"https:\/\/www.organisator.ch\/it\/wp-json\/wp\/v2\/posts\/6796","targetHints":{"allow":["GET"]}}],"collection":[{"href":"https:\/\/www.organisator.ch\/it\/wp-json\/wp\/v2\/posts"}],"about":[{"href":"https:\/\/www.organisator.ch\/it\/wp-json\/wp\/v2\/types\/post"}],"author":[{"embeddable":true,"href":"https:\/\/www.organisator.ch\/it\/wp-json\/wp\/v2\/users\/4"}],"replies":[{"embeddable":true,"href":"https:\/\/www.organisator.ch\/it\/wp-json\/wp\/v2\/comments?post=6796"}],"version-history":[{"count":0,"href":"https:\/\/www.organisator.ch\/it\/wp-json\/wp\/v2\/posts\/6796\/revisions"}],"wp:featuredmedia":[{"embeddable":true,"href":"https:\/\/www.organisator.ch\/it\/wp-json\/wp\/v2\/media\/6798"}],"wp:attachment":[{"href":"https:\/\/www.organisator.ch\/it\/wp-json\/wp\/v2\/media?parent=6796"}],"wp:term":[{"taxonomy":"category","embeddable":true,"href":"https:\/\/www.organisator.ch\/it\/wp-json\/wp\/v2\/categories?post=6796"},{"taxonomy":"post_tag","embeddable":true,"href":"https:\/\/www.organisator.ch\/it\/wp-json\/wp\/v2\/tags?post=6796"}],"curies":[{"name":"wp","href":"https:\/\/api.w.org\/{rel}","templated":true}]}}