{"id":68,"date":"2015-11-27T10:21:22","date_gmt":"2015-11-27T09:21:22","guid":{"rendered":"https:\/\/dev.umweltperspektiven.ch\/?p=68"},"modified":"2015-11-27T10:21:22","modified_gmt":"2015-11-27T09:21:22","slug":"cofely-uebernimmt-bec-ag","status":"publish","type":"post","link":"https:\/\/www.organisator.ch\/it\/allgemein\/2015-11-27\/cofely-uebernimmt-bec-ag\/","title":{"rendered":"Cofely acquisisce BEC AG"},"content":{"rendered":"<figure id=\"attachment_70\" aria-describedby=\"caption-attachment-70\" style=\"width: 680px\" class=\"wp-caption alignnone\"><a href=\"\/\/dev.umweltperspektiven.ch\/wp-content\/uploads\/2016\/12\/Cofely-\u00fcbernimmt-BEC-AG-umweltperspektiven.jpg\"><img loading=\"lazy\" decoding=\"async\" class=\"wp-image-70 size-medium\" src=\"\/\/www.umweltperspektiven.ch\/wp-content\/uploads\/2016\/12\/Cofely-\u00fcbernimmt-BEC-AG-umweltperspektiven.jpg\" alt=\"Cofely acquisisce BEC AG\" width=\"680\" height=\"452\" \/><\/a><figcaption id=\"caption-attachment-70\" class=\"wp-caption-text\">Da sinistra a destra: Wolfgang Schwarzenbacher, CEO, Cofely AG; Frank B\u00fcche, amministratore delegato, BEC AG; Marc Ritter, capo della divisione energia, AEW Energie AG<\/figcaption><\/figure>\n<p>Cofely ha acquisito BEC AG, con sede ad Aarau, da AEW Energie AG, Aarau, a partire dal 1\u00b0 ottobre 2015. Cofely utilizzer\u00e0 il know-how di BEC per espandere ulteriormente la sua offerta tecnica di facility management.<\/p>\n<p>Insieme alla sua filiale tedesca, BEC gestisce e mantiene diversi impianti di fornitura e smaltimento di energia per clienti nazionali e internazionali dal 1998. Tra le altre cose, BEC gestisce l'impianto di approvvigionamento energetico a Sisseln per gli impianti di produzione di DSM Nutritional Products con circa 40 dipendenti.<\/p>\n<p><strong>Know-how per una maggiore efficienza energetica<\/strong><br \/>\nGrazie all'esperienza pluriennale di BEC nella gestione e manutenzione di impianti di energia e di smaltimento dei rifiuti, Cofely pu\u00f2 espandere ulteriormente il suo portafoglio nella gestione tecnica degli impianti. I clienti beneficeranno cos\u00ec di migliori opzioni di manutenzione e di un supporto ottimale, anche per gli impianti pi\u00f9 grandi. Grazie a una gamma ampliata di servizi, i clienti beneficeranno di strutture migliori e pi\u00f9 efficienti dal punto di vista energetico.<\/p>\n<p><strong>Integrazione passo dopo passo<\/strong><br \/>\nCofely assumer\u00e0 tutti i dipendenti. Nel 2016, BEC AG continuer\u00e0 ad operare sotto lo stesso nome con l'attuale gestione per il suo attuale portafoglio clienti. L'ulteriore integrazione dell'azienda in Cofely AG \u00e8 prevista per il 2017.<\/p>","protected":false},"excerpt":{"rendered":"<p>Cofely hat die BEC AG mit Hauptsitz in Aarau per 1. Oktober 2015 von der AEW Energie AG, Aarau \u00fcbernommen. Cofely wird das Know-how von BEC nutzen, um das Angebot im technischen Facility Management weiter auszubauen. Die BEC betreibt und unterh\u00e4lt gemeinsam mit ihrer deutschen Tochtergesellschaft seit 1998 f\u00fcr nationale und internationale Kunden unterschiedliche Energieversorgungs- [&hellip;]<\/p>\n","protected":false},"author":1,"featured_media":9335,"comment_status":"open","ping_status":"open","sticky":false,"template":"","format":"standard","meta":{"_acf_changed":false,"_yoast_wpseo_focuskw":"Cofely","_yoast_wpseo_metadesc":"Die Spezialistin f\u00fcr Energieeffizienz in Geb\u00e4uden, Cofely, holt sich mit der BEC AG das Know-How im Bereich Energieanlagen an Bord.","articlekey":"","footnotes":""},"categories":[1],"tags":[794,940,2343],"class_list":["post-68","post","type-post","status-publish","format-standard","has-post-thumbnail","hentry","category-allgemein","tag-bec","tag-cofely","tag-uebernahme"],"acf":[],"yoast_head":"<!-- This site is optimized with the Yoast SEO plugin v27.4 - https:\/\/yoast.com\/product\/yoast-seo-wordpress\/ -->\n<title>Cofely \u00fcbernimmt BEC AG - Organisator<\/title>\n<meta name=\"description\" content=\"Die Spezialistin f\u00fcr Energieeffizienz in Geb\u00e4uden, Cofely, holt sich mit der BEC AG das Know-How im Bereich Energieanlagen an Bord.\" \/>\n<meta name=\"robots\" content=\"index, follow, max-snippet:-1, max-image-preview:large, max-video-preview:-1\" \/>\n<link rel=\"canonical\" href=\"https:\/\/www.organisator.ch\/it\/generale\/2015-11-27\/cofely-uebernimmt-bec-ag\/\" \/>\n<meta property=\"og:locale\" content=\"it_IT\" \/>\n<meta property=\"og:type\" content=\"article\" \/>\n<meta property=\"og:title\" content=\"Cofely \u00fcbernimmt BEC AG - Organisator\" \/>\n<meta property=\"og:description\" content=\"Die Spezialistin f\u00fcr Energieeffizienz in Geb\u00e4uden, Cofely, holt sich mit der BEC AG das Know-How im Bereich Energieanlagen an Bord.\" \/>\n<meta property=\"og:url\" content=\"https:\/\/www.organisator.ch\/it\/generale\/2015-11-27\/cofely-uebernimmt-bec-ag\/\" \/>\n<meta property=\"og:site_name\" content=\"Organisator\" \/>\n<meta property=\"article:publisher\" content=\"https:\/\/www.facebook.com\/OrganisatorFachmagazin\" \/>\n<meta property=\"article:published_time\" content=\"2015-11-27T09:21:22+00:00\" \/>\n<meta property=\"og:image\" content=\"https:\/\/www.organisator.ch\/wp-content\/uploads\/2016\/12\/Cofely-uebernimmt-BEC-AG-umweltperspektiven-scaled.jpg\" \/>\n\t<meta property=\"og:image:width\" content=\"2560\" \/>\n\t<meta property=\"og:image:height\" content=\"1700\" \/>\n\t<meta property=\"og:image:type\" content=\"image\/jpeg\" \/>\n<meta name=\"author\" content=\"admin\" \/>\n<meta name=\"twitter:card\" content=\"summary_large_image\" \/>\n<script type=\"application\/ld+json\" class=\"yoast-schema-graph\">{\"@context\":\"https:\\\/\\\/schema.org\",\"@graph\":[{\"@type\":\"Article\",\"@id\":\"https:\\\/\\\/www.organisator.ch\\\/en\\\/general\\\/2015-11-27\\\/cofely-uebernimmt-bec-ag\\\/#article\",\"isPartOf\":{\"@id\":\"https:\\\/\\\/www.organisator.ch\\\/en\\\/general\\\/2015-11-27\\\/cofely-uebernimmt-bec-ag\\\/\"},\"author\":{\"name\":\"admin\",\"@id\":\"https:\\\/\\\/www.organisator.ch\\\/#\\\/schema\\\/person\\\/aa2bace6c5c5aad60102004a50c4eb1c\"},\"headline\":\"Cofely \u00fcbernimmt BEC AG\",\"datePublished\":\"2015-11-27T09:21:22+00:00\",\"mainEntityOfPage\":{\"@id\":\"https:\\\/\\\/www.organisator.ch\\\/en\\\/general\\\/2015-11-27\\\/cofely-uebernimmt-bec-ag\\\/\"},\"wordCount\":216,\"commentCount\":0,\"publisher\":{\"@id\":\"https:\\\/\\\/www.organisator.ch\\\/#organization\"},\"image\":{\"@id\":\"https:\\\/\\\/www.organisator.ch\\\/en\\\/general\\\/2015-11-27\\\/cofely-uebernimmt-bec-ag\\\/#primaryimage\"},\"thumbnailUrl\":\"https:\\\/\\\/www.organisator.ch\\\/wp-content\\\/uploads\\\/2016\\\/12\\\/Cofely-uebernimmt-BEC-AG-umweltperspektiven-scaled.jpg\",\"keywords\":[\"BEC\",\"Cofely\",\"\u00dcbernahme\"],\"articleSection\":[\"Allgemein\"],\"inLanguage\":\"it-IT\"},{\"@type\":\"WebPage\",\"@id\":\"https:\\\/\\\/www.organisator.ch\\\/en\\\/general\\\/2015-11-27\\\/cofely-uebernimmt-bec-ag\\\/\",\"url\":\"https:\\\/\\\/www.organisator.ch\\\/en\\\/general\\\/2015-11-27\\\/cofely-uebernimmt-bec-ag\\\/\",\"name\":\"Cofely \u00fcbernimmt BEC AG - Organisator\",\"isPartOf\":{\"@id\":\"https:\\\/\\\/www.organisator.ch\\\/#website\"},\"primaryImageOfPage\":{\"@id\":\"https:\\\/\\\/www.organisator.ch\\\/en\\\/general\\\/2015-11-27\\\/cofely-uebernimmt-bec-ag\\\/#primaryimage\"},\"image\":{\"@id\":\"https:\\\/\\\/www.organisator.ch\\\/en\\\/general\\\/2015-11-27\\\/cofely-uebernimmt-bec-ag\\\/#primaryimage\"},\"thumbnailUrl\":\"https:\\\/\\\/www.organisator.ch\\\/wp-content\\\/uploads\\\/2016\\\/12\\\/Cofely-uebernimmt-BEC-AG-umweltperspektiven-scaled.jpg\",\"datePublished\":\"2015-11-27T09:21:22+00:00\",\"description\":\"Die Spezialistin f\u00fcr Energieeffizienz in Geb\u00e4uden, Cofely, holt sich mit der BEC AG das Know-How im Bereich Energieanlagen an Bord.\",\"breadcrumb\":{\"@id\":\"https:\\\/\\\/www.organisator.ch\\\/en\\\/general\\\/2015-11-27\\\/cofely-uebernimmt-bec-ag\\\/#breadcrumb\"},\"inLanguage\":\"it-IT\",\"potentialAction\":[{\"@type\":\"ReadAction\",\"target\":[\"https:\\\/\\\/www.organisator.ch\\\/en\\\/general\\\/2015-11-27\\\/cofely-uebernimmt-bec-ag\\\/\"]}]},{\"@type\":\"ImageObject\",\"inLanguage\":\"it-IT\",\"@id\":\"https:\\\/\\\/www.organisator.ch\\\/en\\\/general\\\/2015-11-27\\\/cofely-uebernimmt-bec-ag\\\/#primaryimage\",\"url\":\"https:\\\/\\\/www.organisator.ch\\\/wp-content\\\/uploads\\\/2016\\\/12\\\/Cofely-uebernimmt-BEC-AG-umweltperspektiven-scaled.jpg\",\"contentUrl\":\"https:\\\/\\\/www.organisator.ch\\\/wp-content\\\/uploads\\\/2016\\\/12\\\/Cofely-uebernimmt-BEC-AG-umweltperspektiven-scaled.jpg\",\"width\":2560,\"height\":1700,\"caption\":\"v.l.n.r.: Wolfgang Schwarzenbacher, CEO, Cofely AG; Frank B\u00fcche, Gesch\u00e4ftsleiter, BEC AG; Marc Ritter, Leiter Gesch\u00e4ftsbereich Energie, AEW Energie AG\"},{\"@type\":\"BreadcrumbList\",\"@id\":\"https:\\\/\\\/www.organisator.ch\\\/en\\\/general\\\/2015-11-27\\\/cofely-uebernimmt-bec-ag\\\/#breadcrumb\",\"itemListElement\":[{\"@type\":\"ListItem\",\"position\":1,\"name\":\"Home\",\"item\":\"https:\\\/\\\/www.organisator.ch\\\/\"},{\"@type\":\"ListItem\",\"position\":2,\"name\":\"Cofely \u00fcbernimmt BEC AG\"}]},{\"@type\":\"WebSite\",\"@id\":\"https:\\\/\\\/www.organisator.ch\\\/#website\",\"url\":\"https:\\\/\\\/www.organisator.ch\\\/\",\"name\":\"Organisator\",\"description\":\"Kompetent. Praxisnah. Der ORGANISATOR bereitet in 10 Ausgaben pro Jahr die wesentlichen Themen f\u00fcr F\u00fchrungskr\u00e4fte von KMU auf.\",\"publisher\":{\"@id\":\"https:\\\/\\\/www.organisator.ch\\\/#organization\"},\"potentialAction\":[{\"@type\":\"SearchAction\",\"target\":{\"@type\":\"EntryPoint\",\"urlTemplate\":\"https:\\\/\\\/www.organisator.ch\\\/?s={search_term_string}\"},\"query-input\":{\"@type\":\"PropertyValueSpecification\",\"valueRequired\":true,\"valueName\":\"search_term_string\"}}],\"inLanguage\":\"it-IT\"},{\"@type\":\"Organization\",\"@id\":\"https:\\\/\\\/www.organisator.ch\\\/#organization\",\"name\":\"Organisator\",\"url\":\"https:\\\/\\\/www.organisator.ch\\\/\",\"logo\":{\"@type\":\"ImageObject\",\"inLanguage\":\"it-IT\",\"@id\":\"https:\\\/\\\/www.organisator.ch\\\/#\\\/schema\\\/logo\\\/image\\\/\",\"url\":\"https:\\\/\\\/www.organisator.ch\\\/wp-content\\\/uploads\\\/2022\\\/01\\\/Logo_Organisator_Website.png\",\"contentUrl\":\"https:\\\/\\\/www.organisator.ch\\\/wp-content\\\/uploads\\\/2022\\\/01\\\/Logo_Organisator_Website.png\",\"width\":800,\"height\":77,\"caption\":\"Organisator\"},\"image\":{\"@id\":\"https:\\\/\\\/www.organisator.ch\\\/#\\\/schema\\\/logo\\\/image\\\/\"},\"sameAs\":[\"https:\\\/\\\/www.facebook.com\\\/OrganisatorFachmagazin\",\"https:\\\/\\\/www.linkedin.com\\\/showcase\\\/organisator-das-magazin-fr-kmu\",\"https:\\\/\\\/www.xing.com\\\/news\\\/pages\\\/organisator-ch-695\",\"https:\\\/\\\/www.youtube.com\\\/channel\\\/UCGP2Sq0iWaZwT3BdIAQFYpw\"]},{\"@type\":\"Person\",\"@id\":\"https:\\\/\\\/www.organisator.ch\\\/#\\\/schema\\\/person\\\/aa2bace6c5c5aad60102004a50c4eb1c\",\"name\":\"admin\",\"image\":{\"@type\":\"ImageObject\",\"inLanguage\":\"it-IT\",\"@id\":\"https:\\\/\\\/secure.gravatar.com\\\/avatar\\\/ae2f4d718e6c49043e314ce431e7e645d646302a24a5ef5a8bc8e3f5a032e319?s=96&d=mm&r=g\",\"url\":\"https:\\\/\\\/secure.gravatar.com\\\/avatar\\\/ae2f4d718e6c49043e314ce431e7e645d646302a24a5ef5a8bc8e3f5a032e319?s=96&d=mm&r=g\",\"contentUrl\":\"https:\\\/\\\/secure.gravatar.com\\\/avatar\\\/ae2f4d718e6c49043e314ce431e7e645d646302a24a5ef5a8bc8e3f5a032e319?s=96&d=mm&r=g\",\"caption\":\"admin\"},\"sameAs\":[\"https:\\\/\\\/www.organisator.ch\"],\"url\":\"https:\\\/\\\/www.organisator.ch\\\/it\\\/author\\\/admin\\\/\"}]}<\/script>\n<!-- \/ Yoast SEO plugin. -->","yoast_head_json":{"title":"Cofely rileva BEC AG - Organizzatore","description":"Lo specialista dell'efficienza energetica negli edifici, Cofely, sta portando il suo know-how nel campo dei sistemi energetici a bordo di BEC AG.","robots":{"index":"index","follow":"follow","max-snippet":"max-snippet:-1","max-image-preview":"max-image-preview:large","max-video-preview":"max-video-preview:-1"},"canonical":"https:\/\/www.organisator.ch\/it\/generale\/2015-11-27\/cofely-uebernimmt-bec-ag\/","og_locale":"it_IT","og_type":"article","og_title":"Cofely \u00fcbernimmt BEC AG - Organisator","og_description":"Die Spezialistin f\u00fcr Energieeffizienz in Geb\u00e4uden, Cofely, holt sich mit der BEC AG das Know-How im Bereich Energieanlagen an Bord.","og_url":"https:\/\/www.organisator.ch\/it\/generale\/2015-11-27\/cofely-uebernimmt-bec-ag\/","og_site_name":"Organisator","article_publisher":"https:\/\/www.facebook.com\/OrganisatorFachmagazin","article_published_time":"2015-11-27T09:21:22+00:00","og_image":[{"width":2560,"height":1700,"url":"https:\/\/www.organisator.ch\/wp-content\/uploads\/2016\/12\/Cofely-uebernimmt-BEC-AG-umweltperspektiven-scaled.jpg","type":"image\/jpeg"}],"author":"admin","twitter_card":"summary_large_image","schema":{"@context":"https:\/\/schema.org","@graph":[{"@type":"Article","@id":"https:\/\/www.organisator.ch\/en\/general\/2015-11-27\/cofely-uebernimmt-bec-ag\/#article","isPartOf":{"@id":"https:\/\/www.organisator.ch\/en\/general\/2015-11-27\/cofely-uebernimmt-bec-ag\/"},"author":{"name":"admin","@id":"https:\/\/www.organisator.ch\/#\/schema\/person\/aa2bace6c5c5aad60102004a50c4eb1c"},"headline":"Cofely \u00fcbernimmt BEC AG","datePublished":"2015-11-27T09:21:22+00:00","mainEntityOfPage":{"@id":"https:\/\/www.organisator.ch\/en\/general\/2015-11-27\/cofely-uebernimmt-bec-ag\/"},"wordCount":216,"commentCount":0,"publisher":{"@id":"https:\/\/www.organisator.ch\/#organization"},"image":{"@id":"https:\/\/www.organisator.ch\/en\/general\/2015-11-27\/cofely-uebernimmt-bec-ag\/#primaryimage"},"thumbnailUrl":"https:\/\/www.organisator.ch\/wp-content\/uploads\/2016\/12\/Cofely-uebernimmt-BEC-AG-umweltperspektiven-scaled.jpg","keywords":["BEC","Cofely","\u00dcbernahme"],"articleSection":["Allgemein"],"inLanguage":"it-IT"},{"@type":"WebPage","@id":"https:\/\/www.organisator.ch\/en\/general\/2015-11-27\/cofely-uebernimmt-bec-ag\/","url":"https:\/\/www.organisator.ch\/en\/general\/2015-11-27\/cofely-uebernimmt-bec-ag\/","name":"Cofely rileva BEC AG - Organizzatore","isPartOf":{"@id":"https:\/\/www.organisator.ch\/#website"},"primaryImageOfPage":{"@id":"https:\/\/www.organisator.ch\/en\/general\/2015-11-27\/cofely-uebernimmt-bec-ag\/#primaryimage"},"image":{"@id":"https:\/\/www.organisator.ch\/en\/general\/2015-11-27\/cofely-uebernimmt-bec-ag\/#primaryimage"},"thumbnailUrl":"https:\/\/www.organisator.ch\/wp-content\/uploads\/2016\/12\/Cofely-uebernimmt-BEC-AG-umweltperspektiven-scaled.jpg","datePublished":"2015-11-27T09:21:22+00:00","description":"Lo specialista dell'efficienza energetica negli edifici, Cofely, sta portando il suo know-how nel campo dei sistemi energetici a bordo di BEC AG.","breadcrumb":{"@id":"https:\/\/www.organisator.ch\/en\/general\/2015-11-27\/cofely-uebernimmt-bec-ag\/#breadcrumb"},"inLanguage":"it-IT","potentialAction":[{"@type":"ReadAction","target":["https:\/\/www.organisator.ch\/en\/general\/2015-11-27\/cofely-uebernimmt-bec-ag\/"]}]},{"@type":"ImageObject","inLanguage":"it-IT","@id":"https:\/\/www.organisator.ch\/en\/general\/2015-11-27\/cofely-uebernimmt-bec-ag\/#primaryimage","url":"https:\/\/www.organisator.ch\/wp-content\/uploads\/2016\/12\/Cofely-uebernimmt-BEC-AG-umweltperspektiven-scaled.jpg","contentUrl":"https:\/\/www.organisator.ch\/wp-content\/uploads\/2016\/12\/Cofely-uebernimmt-BEC-AG-umweltperspektiven-scaled.jpg","width":2560,"height":1700,"caption":"v.l.n.r.: Wolfgang Schwarzenbacher, CEO, Cofely AG; Frank B\u00fcche, Gesch\u00e4ftsleiter, BEC AG; Marc Ritter, Leiter Gesch\u00e4ftsbereich Energie, AEW Energie AG"},{"@type":"BreadcrumbList","@id":"https:\/\/www.organisator.ch\/en\/general\/2015-11-27\/cofely-uebernimmt-bec-ag\/#breadcrumb","itemListElement":[{"@type":"ListItem","position":1,"name":"Home","item":"https:\/\/www.organisator.ch\/"},{"@type":"ListItem","position":2,"name":"Cofely \u00fcbernimmt BEC AG"}]},{"@type":"WebSite","@id":"https:\/\/www.organisator.ch\/#website","url":"https:\/\/www.organisator.ch\/","name":"Organizzatore","description":"Competente. Pratico. In 10 numeri all'anno, ORGANISATOR presenta i temi essenziali per i manager delle PMI.","publisher":{"@id":"https:\/\/www.organisator.ch\/#organization"},"potentialAction":[{"@type":"SearchAction","target":{"@type":"EntryPoint","urlTemplate":"https:\/\/www.organisator.ch\/?s={search_term_string}"},"query-input":{"@type":"PropertyValueSpecification","valueRequired":true,"valueName":"search_term_string"}}],"inLanguage":"it-IT"},{"@type":"Organization","@id":"https:\/\/www.organisator.ch\/#organization","name":"Organizzatore","url":"https:\/\/www.organisator.ch\/","logo":{"@type":"ImageObject","inLanguage":"it-IT","@id":"https:\/\/www.organisator.ch\/#\/schema\/logo\/image\/","url":"https:\/\/www.organisator.ch\/wp-content\/uploads\/2022\/01\/Logo_Organisator_Website.png","contentUrl":"https:\/\/www.organisator.ch\/wp-content\/uploads\/2022\/01\/Logo_Organisator_Website.png","width":800,"height":77,"caption":"Organisator"},"image":{"@id":"https:\/\/www.organisator.ch\/#\/schema\/logo\/image\/"},"sameAs":["https:\/\/www.facebook.com\/OrganisatorFachmagazin","https:\/\/www.linkedin.com\/showcase\/organisator-das-magazin-fr-kmu","https:\/\/www.xing.com\/news\/pages\/organisator-ch-695","https:\/\/www.youtube.com\/channel\/UCGP2Sq0iWaZwT3BdIAQFYpw"]},{"@type":"Person","@id":"https:\/\/www.organisator.ch\/#\/schema\/person\/aa2bace6c5c5aad60102004a50c4eb1c","name":"amministratore","image":{"@type":"ImageObject","inLanguage":"it-IT","@id":"https:\/\/secure.gravatar.com\/avatar\/ae2f4d718e6c49043e314ce431e7e645d646302a24a5ef5a8bc8e3f5a032e319?s=96&d=mm&r=g","url":"https:\/\/secure.gravatar.com\/avatar\/ae2f4d718e6c49043e314ce431e7e645d646302a24a5ef5a8bc8e3f5a032e319?s=96&d=mm&r=g","contentUrl":"https:\/\/secure.gravatar.com\/avatar\/ae2f4d718e6c49043e314ce431e7e645d646302a24a5ef5a8bc8e3f5a032e319?s=96&d=mm&r=g","caption":"admin"},"sameAs":["https:\/\/www.organisator.ch"],"url":"https:\/\/www.organisator.ch\/it\/author\/admin\/"}]}},"_links":{"self":[{"href":"https:\/\/www.organisator.ch\/it\/wp-json\/wp\/v2\/posts\/68","targetHints":{"allow":["GET"]}}],"collection":[{"href":"https:\/\/www.organisator.ch\/it\/wp-json\/wp\/v2\/posts"}],"about":[{"href":"https:\/\/www.organisator.ch\/it\/wp-json\/wp\/v2\/types\/post"}],"author":[{"embeddable":true,"href":"https:\/\/www.organisator.ch\/it\/wp-json\/wp\/v2\/users\/1"}],"replies":[{"embeddable":true,"href":"https:\/\/www.organisator.ch\/it\/wp-json\/wp\/v2\/comments?post=68"}],"version-history":[{"count":0,"href":"https:\/\/www.organisator.ch\/it\/wp-json\/wp\/v2\/posts\/68\/revisions"}],"wp:featuredmedia":[{"embeddable":true,"href":"https:\/\/www.organisator.ch\/it\/wp-json\/wp\/v2\/media\/9335"}],"wp:attachment":[{"href":"https:\/\/www.organisator.ch\/it\/wp-json\/wp\/v2\/media?parent=68"}],"wp:term":[{"taxonomy":"category","embeddable":true,"href":"https:\/\/www.organisator.ch\/it\/wp-json\/wp\/v2\/categories?post=68"},{"taxonomy":"post_tag","embeddable":true,"href":"https:\/\/www.organisator.ch\/it\/wp-json\/wp\/v2\/tags?post=68"}],"curies":[{"name":"wp","href":"https:\/\/api.w.org\/{rel}","templated":true}]}}