{"id":6800,"date":"2020-06-12T08:40:13","date_gmt":"2020-06-12T06:40:13","guid":{"rendered":"https:\/\/www.organisator.ch\/?p=6800"},"modified":"2020-06-12T08:40:13","modified_gmt":"2020-06-12T06:40:13","slug":"historisch-schwache-beschaeftigungsaussichten-fuer-den-sommer-2020","status":"publish","type":"post","link":"https:\/\/www.organisator.ch\/it\/human-resources\/hrm\/2020-06-12\/historisch-schwache-beschaeftigungsaussichten-fuer-den-sommer-2020\/","title":{"rendered":"Prospettive di occupazione storicamente deboli per l'estate 2020"},"content":{"rendered":"<figure id=\"attachment_6801\" aria-describedby=\"caption-attachment-6801\" style=\"width: 680px\" class=\"wp-caption alignnone\"><img loading=\"lazy\" decoding=\"async\" class=\"size-medium wp-image-6801\" src=\"https:\/\/www.organisator.ch\/wp-content\/uploads\/2020\/06\/Historisch-schwache-Beschaeftigungsaussichten-fuer-den-Sommer-2020-1_Organisator.jpg\" alt=\"\" width=\"680\" height=\"453\" srcset=\"https:\/\/www.organisator.ch\/wp-content\/uploads\/2020\/06\/Historisch-schwache-Beschaeftigungsaussichten-fuer-den-Sommer-2020-1_Organisator.jpg 680w, https:\/\/www.organisator.ch\/wp-content\/uploads\/2020\/06\/Historisch-schwache-Beschaeftigungsaussichten-fuer-den-Sommer-2020-1_Organisator-16x12.jpg 16w, https:\/\/www.organisator.ch\/wp-content\/uploads\/2020\/06\/Historisch-schwache-Beschaeftigungsaussichten-fuer-den-Sommer-2020-1_Organisator-263x175.jpg 263w, https:\/\/www.organisator.ch\/wp-content\/uploads\/2020\/06\/Historisch-schwache-Beschaeftigungsaussichten-fuer-den-Sommer-2020-1_Organisator-525x350.jpg 525w, https:\/\/www.organisator.ch\/wp-content\/uploads\/2020\/06\/Historisch-schwache-Beschaeftigungsaussichten-fuer-den-Sommer-2020-1_Organisator-300x200.jpg 300w\" sizes=\"auto, (max-width: 680px) 100vw, 680px\" \/><figcaption id=\"caption-attachment-6801\" class=\"wp-caption-text\">Le prospettive occupazionali per l'estate 2020 in Svizzera sono tutt'altro che rosee. (Immagine: Pixabay.com)<\/figcaption><\/figure>\n<p>Quattro settori su sette e cinque regioni su sette registrano i numeri pi\u00f9 bassi degli ultimi 15 anni. Tuttavia, la maggior parte dei datori di lavoro svizzeri (56 %) prevede di tornare ai livelli di occupazione precedenti alla crisi sanitaria entro un anno. I pi\u00f9 ottimisti tra loro (28 %) se lo aspettano gi\u00e0 entro l'autunno. Il sondaggio \u00e8 stato condotto dal 17 al 29 aprile 2020.<\/p>\n<h2>Stabilit\u00e0 per le imprese nel mercato interno<\/h2>\n<p>\"Come previsto, il mercato del lavoro sta soffrendo molto delle misure di blocco per contenere il coronavirus. La previsione del mercato del lavoro \u00e8 al suo livello pi\u00f9 basso da quando il Barometro \u00e8 stato introdotto in Svizzera 15 anni fa. Tuttavia, i datori di lavoro in alcune regioni e settori mostrano una certa stabilit\u00e0 e si attengono ai loro piani di assunzione. Si tratta soprattutto di aziende che si concentrano sul mercato nazionale\", sottolinea Gianni Valeri, direttore generale di Manpower Svizzera.<\/p>\n<figure id=\"attachment_6802\" aria-describedby=\"caption-attachment-6802\" style=\"width: 680px\" class=\"wp-caption alignnone\"><img loading=\"lazy\" decoding=\"async\" class=\"size-medium wp-image-6802\" src=\"https:\/\/www.organisator.ch\/wp-content\/uploads\/2020\/06\/Historisch-schwache-Beschaeftigungsaussichten-fuer-den-Sommer-2020-2_Organisator.jpg\" alt=\"\" width=\"680\" height=\"403\" srcset=\"https:\/\/www.organisator.ch\/wp-content\/uploads\/2020\/06\/Historisch-schwache-Beschaeftigungsaussichten-fuer-den-Sommer-2020-2_Organisator.jpg 1317w, https:\/\/www.organisator.ch\/wp-content\/uploads\/2020\/06\/Historisch-schwache-Beschaeftigungsaussichten-fuer-den-Sommer-2020-2_Organisator-680x403.jpg 680w, https:\/\/www.organisator.ch\/wp-content\/uploads\/2020\/06\/Historisch-schwache-Beschaeftigungsaussichten-fuer-den-Sommer-2020-2_Organisator-1024x607.jpg 1024w, https:\/\/www.organisator.ch\/wp-content\/uploads\/2020\/06\/Historisch-schwache-Beschaeftigungsaussichten-fuer-den-Sommer-2020-2_Organisator-768x455.jpg 768w, https:\/\/www.organisator.ch\/wp-content\/uploads\/2020\/06\/Historisch-schwache-Beschaeftigungsaussichten-fuer-den-Sommer-2020-2_Organisator-16x9.jpg 16w, https:\/\/www.organisator.ch\/wp-content\/uploads\/2020\/06\/Historisch-schwache-Beschaeftigungsaussichten-fuer-den-Sommer-2020-2_Organisator-295x175.jpg 295w, https:\/\/www.organisator.ch\/wp-content\/uploads\/2020\/06\/Historisch-schwache-Beschaeftigungsaussichten-fuer-den-Sommer-2020-2_Organisator-590x350.jpg 590w, https:\/\/www.organisator.ch\/wp-content\/uploads\/2020\/06\/Historisch-schwache-Beschaeftigungsaussichten-fuer-den-Sommer-2020-2_Organisator-920x546.jpg 920w, https:\/\/www.organisator.ch\/wp-content\/uploads\/2020\/06\/Historisch-schwache-Beschaeftigungsaussichten-fuer-den-Sommer-2020-2_Organisator-300x178.jpg 300w\" sizes=\"auto, (max-width: 680px) 100vw, 680px\" \/><figcaption id=\"caption-attachment-6802\" class=\"wp-caption-text\">Prospettive occupazionali per regione (grafico: Barometro del mercato del lavoro ManpowerGroup)<\/figcaption><\/figure>\n<h2>Ticino con le prospettive occupazionali pi\u00f9 deboli degli ultimi 15 anni<\/h2>\n<p>I datori di lavoro in sei delle sette regioni intendono ridurre il numero dei loro dipendenti nel terzo trimestre del 2020. Solo i datori di lavoro della Svizzera orientale (+3 %) riportano una previsione positiva e un aumento rispetto al trimestre precedente (+4 punti percentuali). I datori di lavoro di tutte le altre regioni sono pessimisti: il Ticino (-14 %), la Svizzera nordoccidentale (-13 %), la regione del Lago di Ginevra (-10 %), la regione di Zurigo (-10 %) e la Svizzera centrale (-2 %) registrano ciascuno il peggior risultato da quando il Barometro \u00e8 stato lanciato in Svizzera nel 2005. In un confronto trimestrale, il Ticino e la regione del Lago di Ginevra mostrano il calo maggiore (rispettivamente -17 e -16 punti percentuali). Su base annua, tutte le regioni sono in calo, con la Svizzera nord-occidentale che registra le perdite pi\u00f9 significative (-24 punti percentuali).<\/p>\n<h2>Dinamica occupazionale stabile negli Altri settori manifatturieri e negli Altri settori di servizi<\/h2>\n<p>Cinque dei sette settori prevedono una riduzione del personale nell'estate 2020, solo due settori sono pi\u00f9 robusti. Questi sono Altri settori manifatturieri (+1 %) e Altri settori di servizi (0 %). Quest'ultimo registra anche solo piccoli cambiamenti rispetto al trimestre precedente (-1 punto percentuale). Al contrario, i datori di lavoro del settore alberghiero e della ristorazione (-36 %) sono i pi\u00f9 pessimisti, con i maggiori cali trimestre su trimestre (-38 punti percentuali) e anno su anno (-46 punti). I datori di lavoro nell'edilizia (-12 %), nel settore manifatturiero (-9 %) e nei servizi finanziari e commerciali (-8 %) sono anche negativi sulle prospettive di occupazione, le pi\u00f9 deboli in 15 anni.<\/p>\n<h2>Blocco dell'occupazione nelle quattro categorie aziendali studiate<\/h2>\n<p>In tutte e quattro le categorie di imprese intervistate, i datori di lavoro segnalano risultati negativi per il terzo trimestre del 2020. I datori di lavoro delle grandi imprese (-3 %) prevedono un forte rallentamento del mercato del lavoro, e i datori di lavoro delle piccole imprese (-4 %) e delle microimprese (-7 %) prevedono una situazione ancora pi\u00f9 difficile. I datori di lavoro di medie dimensioni sono i pi\u00f9 pessimisti (-17 %), registrando i maggiori cali trimestre su trimestre e anno su anno (-22 e -28 punti percentuali rispettivamente).<\/p>\n<h2>Prospettive di lavoro nei paesi vicini: La Germania come eccezione<\/h2>\n<p>La Germania \u00e8 tra i sette dei 43 paesi che partecipano al sondaggio a segnalare una prospettiva positiva. Tuttavia, i datori di lavoro tedeschi (+1 %) prevedono uno slancio occupazionale significativamente pi\u00f9 debole nel terzo trimestre del 2020 e, come accade in tutta l'EMEA, le prospettive occupazionali del paese diminuiscono di trimestre in trimestre e di anno in anno. Gli altri settori di servizi e l'edilizia sono i migliori. La Francia (-11 %) mostra le cifre pi\u00f9 basse da quando il Barometro \u00e8 stato lanciato nel paese nel 2003 e significative diminuzioni trimestre su trimestre e anno su anno. In Italia (-5 %), il mercato del lavoro pi\u00f9 solido nell'estate 2020 sar\u00e0 probabilmente quello degli Altri settori manifatturieri.<\/p>\n<p><em>Fonte e ulteriori informazioni: <a href=\"http:\/\/www.manpowergroup.com\">Gruppo Manpower<\/a><\/em><\/p>","protected":false},"excerpt":{"rendered":"<p>Vier von sieben Sektoren und f\u00fcnf von sieben Regionen verzeichnen die niedrigsten Zahlen in 15 Jahren. Die meisten Schweizer Arbeitgeber (56 %) gehen jedoch davon aus, dass innerhalb von einem Jahr wieder das Besch\u00e4ftigungsniveau von vor der Gesundheitskrise erreicht wird. Die optimistischsten unter ihnen (28 %) rechnen bereits bis zum Herbst damit. Die Umfrage wurde [&hellip;]<\/p>\n","protected":false},"author":4,"featured_media":6801,"comment_status":"closed","ping_status":"closed","sticky":false,"template":"","format":"standard","meta":{"_acf_changed":false,"_yoast_wpseo_focuskw":"Besch\u00e4ftigungsaussichten","_yoast_wpseo_metadesc":"Gem\u00e4ss dem aktuellen ManpowerGroup Arbeitsmarktbarometer fallen die Besch\u00e4ftigungsaussichten der Schweizer Arbeitgeber f\u00fcr den Sommer 2020 d\u00fcster aus.","articlekey":"","footnotes":""},"categories":[26],"tags":[47,254,335,531],"class_list":["post-6800","post","type-post","status-publish","format-standard","has-post-thumbnail","hentry","category-hrm","tag-arbeitsmarkt","tag-hrm","tag-management-und-unternehmensfuehrung","tag-wirtschaftspolitik"],"acf":[],"yoast_head":"<!-- This site is optimized with the Yoast SEO plugin v27.4 - https:\/\/yoast.com\/product\/yoast-seo-wordpress\/ -->\n<title>Historisch schwache Besch\u00e4ftigungsaussichten f\u00fcr den Sommer 2020 - Organisator<\/title>\n<meta name=\"description\" content=\"Gem\u00e4ss dem aktuellen ManpowerGroup Arbeitsmarktbarometer fallen die Besch\u00e4ftigungsaussichten der Schweizer Arbeitgeber f\u00fcr den Sommer 2020 d\u00fcster aus.\" \/>\n<meta name=\"robots\" content=\"index, follow, max-snippet:-1, max-image-preview:large, max-video-preview:-1\" \/>\n<link rel=\"canonical\" href=\"https:\/\/www.organisator.ch\/it\/risorse-umane\/hrm\/2020-06-12\/historisch-schwache-beschaeftigungsaussichten-fuer-den-sommer-2020\/\" \/>\n<meta property=\"og:locale\" content=\"it_IT\" \/>\n<meta property=\"og:type\" content=\"article\" \/>\n<meta property=\"og:title\" content=\"Historisch schwache Besch\u00e4ftigungsaussichten f\u00fcr den Sommer 2020\" \/>\n<meta property=\"og:description\" content=\"Gem\u00e4ss dem aktuellen ManpowerGroup Arbeitsmarktbarometer fallen die Besch\u00e4ftigungsaussichten der Schweizer Arbeitgeber f\u00fcr den Sommer 2020 d\u00fcster aus.\" \/>\n<meta property=\"og:url\" content=\"https:\/\/www.organisator.ch\/it\/risorse-umane\/hrm\/2020-06-12\/historisch-schwache-beschaeftigungsaussichten-fuer-den-sommer-2020\/\" \/>\n<meta property=\"og:site_name\" content=\"Organisator\" \/>\n<meta property=\"article:publisher\" content=\"https:\/\/www.facebook.com\/OrganisatorFachmagazin\" \/>\n<meta property=\"article:published_time\" content=\"2020-06-12T06:40:13+00:00\" \/>\n<meta property=\"og:image\" content=\"https:\/\/www.organisator.ch\/wp-content\/uploads\/2020\/06\/Historisch-schwache-Beschaeftigungsaussichten-fuer-den-Sommer-2020-1_Organisator.jpg\" \/>\n\t<meta property=\"og:image:width\" content=\"680\" \/>\n\t<meta property=\"og:image:height\" content=\"453\" \/>\n\t<meta property=\"og:image:type\" content=\"image\/jpeg\" \/>\n<meta name=\"author\" content=\"thomas.berner\" \/>\n<meta name=\"twitter:card\" content=\"summary_large_image\" \/>\n<meta name=\"twitter:title\" content=\"Historisch schwache #Besch\u00e4ftigungsaussichten f\u00fcr den Sommer 2020\" \/>\n<meta name=\"twitter:description\" content=\"Gem\u00e4ss dem aktuellen #ManpowerGroup #Arbeitsmarktbarometer fallen die #Besch\u00e4ftigungsaussichten der Schweizer Arbeitgeber f\u00fcr den Sommer 2020 d\u00fcster aus.\" \/>\n<meta name=\"twitter:image\" content=\"https:\/\/www.organisator.ch\/wp-content\/uploads\/2020\/06\/Historisch-schwache-Beschaeftigungsaussichten-fuer-den-Sommer-2020-1_Organisator.jpg\" \/>\n<script type=\"application\/ld+json\" class=\"yoast-schema-graph\">{\"@context\":\"https:\\\/\\\/schema.org\",\"@graph\":[{\"@type\":\"Article\",\"@id\":\"https:\\\/\\\/www.organisator.ch\\\/human-resources\\\/hrm\\\/2020-06-12\\\/historisch-schwache-beschaeftigungsaussichten-fuer-den-sommer-2020\\\/#article\",\"isPartOf\":{\"@id\":\"https:\\\/\\\/www.organisator.ch\\\/human-resources\\\/hrm\\\/2020-06-12\\\/historisch-schwache-beschaeftigungsaussichten-fuer-den-sommer-2020\\\/\"},\"author\":{\"name\":\"thomas.berner\",\"@id\":\"https:\\\/\\\/www.organisator.ch\\\/#\\\/schema\\\/person\\\/6f650f90b2842cd4c0cc334b4e36f67e\"},\"headline\":\"Historisch schwache Besch\u00e4ftigungsaussichten f\u00fcr den Sommer 2020\",\"datePublished\":\"2020-06-12T06:40:13+00:00\",\"mainEntityOfPage\":{\"@id\":\"https:\\\/\\\/www.organisator.ch\\\/human-resources\\\/hrm\\\/2020-06-12\\\/historisch-schwache-beschaeftigungsaussichten-fuer-den-sommer-2020\\\/\"},\"wordCount\":586,\"publisher\":{\"@id\":\"https:\\\/\\\/www.organisator.ch\\\/#organization\"},\"image\":{\"@id\":\"https:\\\/\\\/www.organisator.ch\\\/human-resources\\\/hrm\\\/2020-06-12\\\/historisch-schwache-beschaeftigungsaussichten-fuer-den-sommer-2020\\\/#primaryimage\"},\"thumbnailUrl\":\"https:\\\/\\\/www.organisator.ch\\\/wp-content\\\/uploads\\\/2020\\\/06\\\/Historisch-schwache-Beschaeftigungsaussichten-fuer-den-Sommer-2020-1_Organisator.jpg\",\"keywords\":[\"Arbeitsmarkt\",\"HRM\",\"Management und Unternehmensf\u00fchrung\",\"Wirtschaftspolitik\"],\"articleSection\":[\"HRM\"],\"inLanguage\":\"it-IT\"},{\"@type\":\"WebPage\",\"@id\":\"https:\\\/\\\/www.organisator.ch\\\/human-resources\\\/hrm\\\/2020-06-12\\\/historisch-schwache-beschaeftigungsaussichten-fuer-den-sommer-2020\\\/\",\"url\":\"https:\\\/\\\/www.organisator.ch\\\/human-resources\\\/hrm\\\/2020-06-12\\\/historisch-schwache-beschaeftigungsaussichten-fuer-den-sommer-2020\\\/\",\"name\":\"Historisch schwache Besch\u00e4ftigungsaussichten f\u00fcr den Sommer 2020 - Organisator\",\"isPartOf\":{\"@id\":\"https:\\\/\\\/www.organisator.ch\\\/#website\"},\"primaryImageOfPage\":{\"@id\":\"https:\\\/\\\/www.organisator.ch\\\/human-resources\\\/hrm\\\/2020-06-12\\\/historisch-schwache-beschaeftigungsaussichten-fuer-den-sommer-2020\\\/#primaryimage\"},\"image\":{\"@id\":\"https:\\\/\\\/www.organisator.ch\\\/human-resources\\\/hrm\\\/2020-06-12\\\/historisch-schwache-beschaeftigungsaussichten-fuer-den-sommer-2020\\\/#primaryimage\"},\"thumbnailUrl\":\"https:\\\/\\\/www.organisator.ch\\\/wp-content\\\/uploads\\\/2020\\\/06\\\/Historisch-schwache-Beschaeftigungsaussichten-fuer-den-Sommer-2020-1_Organisator.jpg\",\"datePublished\":\"2020-06-12T06:40:13+00:00\",\"description\":\"Gem\u00e4ss dem aktuellen ManpowerGroup Arbeitsmarktbarometer fallen die Besch\u00e4ftigungsaussichten der Schweizer Arbeitgeber f\u00fcr den Sommer 2020 d\u00fcster aus.\",\"breadcrumb\":{\"@id\":\"https:\\\/\\\/www.organisator.ch\\\/human-resources\\\/hrm\\\/2020-06-12\\\/historisch-schwache-beschaeftigungsaussichten-fuer-den-sommer-2020\\\/#breadcrumb\"},\"inLanguage\":\"it-IT\",\"potentialAction\":[{\"@type\":\"ReadAction\",\"target\":[\"https:\\\/\\\/www.organisator.ch\\\/human-resources\\\/hrm\\\/2020-06-12\\\/historisch-schwache-beschaeftigungsaussichten-fuer-den-sommer-2020\\\/\"]}]},{\"@type\":\"ImageObject\",\"inLanguage\":\"it-IT\",\"@id\":\"https:\\\/\\\/www.organisator.ch\\\/human-resources\\\/hrm\\\/2020-06-12\\\/historisch-schwache-beschaeftigungsaussichten-fuer-den-sommer-2020\\\/#primaryimage\",\"url\":\"https:\\\/\\\/www.organisator.ch\\\/wp-content\\\/uploads\\\/2020\\\/06\\\/Historisch-schwache-Beschaeftigungsaussichten-fuer-den-Sommer-2020-1_Organisator.jpg\",\"contentUrl\":\"https:\\\/\\\/www.organisator.ch\\\/wp-content\\\/uploads\\\/2020\\\/06\\\/Historisch-schwache-Beschaeftigungsaussichten-fuer-den-Sommer-2020-1_Organisator.jpg\",\"width\":680,\"height\":453,\"caption\":\"Die Besch\u00e4ftigungsaussichten f\u00fcr Sommer 2020 sind in der Schweiz alles andere als rosig. (Bild: Pixabay.com)\"},{\"@type\":\"BreadcrumbList\",\"@id\":\"https:\\\/\\\/www.organisator.ch\\\/human-resources\\\/hrm\\\/2020-06-12\\\/historisch-schwache-beschaeftigungsaussichten-fuer-den-sommer-2020\\\/#breadcrumb\",\"itemListElement\":[{\"@type\":\"ListItem\",\"position\":1,\"name\":\"Home\",\"item\":\"https:\\\/\\\/www.organisator.ch\\\/\"},{\"@type\":\"ListItem\",\"position\":2,\"name\":\"Historisch schwache Besch\u00e4ftigungsaussichten f\u00fcr den Sommer 2020\"}]},{\"@type\":\"WebSite\",\"@id\":\"https:\\\/\\\/www.organisator.ch\\\/#website\",\"url\":\"https:\\\/\\\/www.organisator.ch\\\/\",\"name\":\"Organisator\",\"description\":\"Kompetent. Praxisnah. Der ORGANISATOR bereitet in 10 Ausgaben pro Jahr die wesentlichen Themen f\u00fcr F\u00fchrungskr\u00e4fte von KMU auf.\",\"publisher\":{\"@id\":\"https:\\\/\\\/www.organisator.ch\\\/#organization\"},\"potentialAction\":[{\"@type\":\"SearchAction\",\"target\":{\"@type\":\"EntryPoint\",\"urlTemplate\":\"https:\\\/\\\/www.organisator.ch\\\/?s={search_term_string}\"},\"query-input\":{\"@type\":\"PropertyValueSpecification\",\"valueRequired\":true,\"valueName\":\"search_term_string\"}}],\"inLanguage\":\"it-IT\"},{\"@type\":\"Organization\",\"@id\":\"https:\\\/\\\/www.organisator.ch\\\/#organization\",\"name\":\"Organisator\",\"url\":\"https:\\\/\\\/www.organisator.ch\\\/\",\"logo\":{\"@type\":\"ImageObject\",\"inLanguage\":\"it-IT\",\"@id\":\"https:\\\/\\\/www.organisator.ch\\\/#\\\/schema\\\/logo\\\/image\\\/\",\"url\":\"https:\\\/\\\/www.organisator.ch\\\/wp-content\\\/uploads\\\/2022\\\/01\\\/Logo_Organisator_Website.png\",\"contentUrl\":\"https:\\\/\\\/www.organisator.ch\\\/wp-content\\\/uploads\\\/2022\\\/01\\\/Logo_Organisator_Website.png\",\"width\":800,\"height\":77,\"caption\":\"Organisator\"},\"image\":{\"@id\":\"https:\\\/\\\/www.organisator.ch\\\/#\\\/schema\\\/logo\\\/image\\\/\"},\"sameAs\":[\"https:\\\/\\\/www.facebook.com\\\/OrganisatorFachmagazin\",\"https:\\\/\\\/www.linkedin.com\\\/showcase\\\/organisator-das-magazin-fr-kmu\",\"https:\\\/\\\/www.xing.com\\\/news\\\/pages\\\/organisator-ch-695\",\"https:\\\/\\\/www.youtube.com\\\/channel\\\/UCGP2Sq0iWaZwT3BdIAQFYpw\"]},{\"@type\":\"Person\",\"@id\":\"https:\\\/\\\/www.organisator.ch\\\/#\\\/schema\\\/person\\\/6f650f90b2842cd4c0cc334b4e36f67e\",\"name\":\"thomas.berner\",\"image\":{\"@type\":\"ImageObject\",\"inLanguage\":\"it-IT\",\"@id\":\"https:\\\/\\\/secure.gravatar.com\\\/avatar\\\/ac5001d2a36cb6c6cd3e50789007ffca834b477b74a2144564522e944eabff61?s=96&d=mm&r=g\",\"url\":\"https:\\\/\\\/secure.gravatar.com\\\/avatar\\\/ac5001d2a36cb6c6cd3e50789007ffca834b477b74a2144564522e944eabff61?s=96&d=mm&r=g\",\"contentUrl\":\"https:\\\/\\\/secure.gravatar.com\\\/avatar\\\/ac5001d2a36cb6c6cd3e50789007ffca834b477b74a2144564522e944eabff61?s=96&d=mm&r=g\",\"caption\":\"thomas.berner\"},\"url\":\"https:\\\/\\\/www.organisator.ch\\\/it\\\/author\\\/thomas-berner\\\/\"}]}<\/script>\n<!-- \/ Yoast SEO plugin. -->","yoast_head_json":{"title":"Prospettive occupazionali storicamente deboli per l'estate 2020 - Organizzatore","description":"Secondo l'ultimo Barometro del mercato del lavoro di ManpowerGroup, le prospettive occupazionali dei datori di lavoro svizzeri per l'estate 2020 sono poco rosee.","robots":{"index":"index","follow":"follow","max-snippet":"max-snippet:-1","max-image-preview":"max-image-preview:large","max-video-preview":"max-video-preview:-1"},"canonical":"https:\/\/www.organisator.ch\/it\/risorse-umane\/hrm\/2020-06-12\/historisch-schwache-beschaeftigungsaussichten-fuer-den-sommer-2020\/","og_locale":"it_IT","og_type":"article","og_title":"Historisch schwache Besch\u00e4ftigungsaussichten f\u00fcr den Sommer 2020","og_description":"Gem\u00e4ss dem aktuellen ManpowerGroup Arbeitsmarktbarometer fallen die Besch\u00e4ftigungsaussichten der Schweizer Arbeitgeber f\u00fcr den Sommer 2020 d\u00fcster aus.","og_url":"https:\/\/www.organisator.ch\/it\/risorse-umane\/hrm\/2020-06-12\/historisch-schwache-beschaeftigungsaussichten-fuer-den-sommer-2020\/","og_site_name":"Organisator","article_publisher":"https:\/\/www.facebook.com\/OrganisatorFachmagazin","article_published_time":"2020-06-12T06:40:13+00:00","og_image":[{"width":680,"height":453,"url":"https:\/\/www.organisator.ch\/wp-content\/uploads\/2020\/06\/Historisch-schwache-Beschaeftigungsaussichten-fuer-den-Sommer-2020-1_Organisator.jpg","type":"image\/jpeg"}],"author":"thomas.berner","twitter_card":"summary_large_image","twitter_title":"Historisch schwache #Besch\u00e4ftigungsaussichten f\u00fcr den Sommer 2020","twitter_description":"Gem\u00e4ss dem aktuellen #ManpowerGroup #Arbeitsmarktbarometer fallen die #Besch\u00e4ftigungsaussichten der Schweizer Arbeitgeber f\u00fcr den Sommer 2020 d\u00fcster aus.","twitter_image":"https:\/\/www.organisator.ch\/wp-content\/uploads\/2020\/06\/Historisch-schwache-Beschaeftigungsaussichten-fuer-den-Sommer-2020-1_Organisator.jpg","schema":{"@context":"https:\/\/schema.org","@graph":[{"@type":"Article","@id":"https:\/\/www.organisator.ch\/human-resources\/hrm\/2020-06-12\/historisch-schwache-beschaeftigungsaussichten-fuer-den-sommer-2020\/#article","isPartOf":{"@id":"https:\/\/www.organisator.ch\/human-resources\/hrm\/2020-06-12\/historisch-schwache-beschaeftigungsaussichten-fuer-den-sommer-2020\/"},"author":{"name":"thomas.berner","@id":"https:\/\/www.organisator.ch\/#\/schema\/person\/6f650f90b2842cd4c0cc334b4e36f67e"},"headline":"Historisch schwache Besch\u00e4ftigungsaussichten f\u00fcr den Sommer 2020","datePublished":"2020-06-12T06:40:13+00:00","mainEntityOfPage":{"@id":"https:\/\/www.organisator.ch\/human-resources\/hrm\/2020-06-12\/historisch-schwache-beschaeftigungsaussichten-fuer-den-sommer-2020\/"},"wordCount":586,"publisher":{"@id":"https:\/\/www.organisator.ch\/#organization"},"image":{"@id":"https:\/\/www.organisator.ch\/human-resources\/hrm\/2020-06-12\/historisch-schwache-beschaeftigungsaussichten-fuer-den-sommer-2020\/#primaryimage"},"thumbnailUrl":"https:\/\/www.organisator.ch\/wp-content\/uploads\/2020\/06\/Historisch-schwache-Beschaeftigungsaussichten-fuer-den-Sommer-2020-1_Organisator.jpg","keywords":["Arbeitsmarkt","HRM","Management und Unternehmensf\u00fchrung","Wirtschaftspolitik"],"articleSection":["HRM"],"inLanguage":"it-IT"},{"@type":"WebPage","@id":"https:\/\/www.organisator.ch\/human-resources\/hrm\/2020-06-12\/historisch-schwache-beschaeftigungsaussichten-fuer-den-sommer-2020\/","url":"https:\/\/www.organisator.ch\/human-resources\/hrm\/2020-06-12\/historisch-schwache-beschaeftigungsaussichten-fuer-den-sommer-2020\/","name":"Prospettive occupazionali storicamente deboli per l'estate 2020 - Organizzatore","isPartOf":{"@id":"https:\/\/www.organisator.ch\/#website"},"primaryImageOfPage":{"@id":"https:\/\/www.organisator.ch\/human-resources\/hrm\/2020-06-12\/historisch-schwache-beschaeftigungsaussichten-fuer-den-sommer-2020\/#primaryimage"},"image":{"@id":"https:\/\/www.organisator.ch\/human-resources\/hrm\/2020-06-12\/historisch-schwache-beschaeftigungsaussichten-fuer-den-sommer-2020\/#primaryimage"},"thumbnailUrl":"https:\/\/www.organisator.ch\/wp-content\/uploads\/2020\/06\/Historisch-schwache-Beschaeftigungsaussichten-fuer-den-Sommer-2020-1_Organisator.jpg","datePublished":"2020-06-12T06:40:13+00:00","description":"Secondo l'ultimo Barometro del mercato del lavoro di ManpowerGroup, le prospettive occupazionali dei datori di lavoro svizzeri per l'estate 2020 sono poco rosee.","breadcrumb":{"@id":"https:\/\/www.organisator.ch\/human-resources\/hrm\/2020-06-12\/historisch-schwache-beschaeftigungsaussichten-fuer-den-sommer-2020\/#breadcrumb"},"inLanguage":"it-IT","potentialAction":[{"@type":"ReadAction","target":["https:\/\/www.organisator.ch\/human-resources\/hrm\/2020-06-12\/historisch-schwache-beschaeftigungsaussichten-fuer-den-sommer-2020\/"]}]},{"@type":"ImageObject","inLanguage":"it-IT","@id":"https:\/\/www.organisator.ch\/human-resources\/hrm\/2020-06-12\/historisch-schwache-beschaeftigungsaussichten-fuer-den-sommer-2020\/#primaryimage","url":"https:\/\/www.organisator.ch\/wp-content\/uploads\/2020\/06\/Historisch-schwache-Beschaeftigungsaussichten-fuer-den-Sommer-2020-1_Organisator.jpg","contentUrl":"https:\/\/www.organisator.ch\/wp-content\/uploads\/2020\/06\/Historisch-schwache-Beschaeftigungsaussichten-fuer-den-Sommer-2020-1_Organisator.jpg","width":680,"height":453,"caption":"Die Besch\u00e4ftigungsaussichten f\u00fcr Sommer 2020 sind in der Schweiz alles andere als rosig. (Bild: Pixabay.com)"},{"@type":"BreadcrumbList","@id":"https:\/\/www.organisator.ch\/human-resources\/hrm\/2020-06-12\/historisch-schwache-beschaeftigungsaussichten-fuer-den-sommer-2020\/#breadcrumb","itemListElement":[{"@type":"ListItem","position":1,"name":"Home","item":"https:\/\/www.organisator.ch\/"},{"@type":"ListItem","position":2,"name":"Historisch schwache Besch\u00e4ftigungsaussichten f\u00fcr den Sommer 2020"}]},{"@type":"WebSite","@id":"https:\/\/www.organisator.ch\/#website","url":"https:\/\/www.organisator.ch\/","name":"Organizzatore","description":"Competente. Pratico. In 10 numeri all'anno, ORGANISATOR presenta i temi essenziali per i manager delle PMI.","publisher":{"@id":"https:\/\/www.organisator.ch\/#organization"},"potentialAction":[{"@type":"SearchAction","target":{"@type":"EntryPoint","urlTemplate":"https:\/\/www.organisator.ch\/?s={search_term_string}"},"query-input":{"@type":"PropertyValueSpecification","valueRequired":true,"valueName":"search_term_string"}}],"inLanguage":"it-IT"},{"@type":"Organization","@id":"https:\/\/www.organisator.ch\/#organization","name":"Organizzatore","url":"https:\/\/www.organisator.ch\/","logo":{"@type":"ImageObject","inLanguage":"it-IT","@id":"https:\/\/www.organisator.ch\/#\/schema\/logo\/image\/","url":"https:\/\/www.organisator.ch\/wp-content\/uploads\/2022\/01\/Logo_Organisator_Website.png","contentUrl":"https:\/\/www.organisator.ch\/wp-content\/uploads\/2022\/01\/Logo_Organisator_Website.png","width":800,"height":77,"caption":"Organisator"},"image":{"@id":"https:\/\/www.organisator.ch\/#\/schema\/logo\/image\/"},"sameAs":["https:\/\/www.facebook.com\/OrganisatorFachmagazin","https:\/\/www.linkedin.com\/showcase\/organisator-das-magazin-fr-kmu","https:\/\/www.xing.com\/news\/pages\/organisator-ch-695","https:\/\/www.youtube.com\/channel\/UCGP2Sq0iWaZwT3BdIAQFYpw"]},{"@type":"Person","@id":"https:\/\/www.organisator.ch\/#\/schema\/person\/6f650f90b2842cd4c0cc334b4e36f67e","name":"Tommaso.berner","image":{"@type":"ImageObject","inLanguage":"it-IT","@id":"https:\/\/secure.gravatar.com\/avatar\/ac5001d2a36cb6c6cd3e50789007ffca834b477b74a2144564522e944eabff61?s=96&d=mm&r=g","url":"https:\/\/secure.gravatar.com\/avatar\/ac5001d2a36cb6c6cd3e50789007ffca834b477b74a2144564522e944eabff61?s=96&d=mm&r=g","contentUrl":"https:\/\/secure.gravatar.com\/avatar\/ac5001d2a36cb6c6cd3e50789007ffca834b477b74a2144564522e944eabff61?s=96&d=mm&r=g","caption":"thomas.berner"},"url":"https:\/\/www.organisator.ch\/it\/author\/thomas-berner\/"}]}},"_links":{"self":[{"href":"https:\/\/www.organisator.ch\/it\/wp-json\/wp\/v2\/posts\/6800","targetHints":{"allow":["GET"]}}],"collection":[{"href":"https:\/\/www.organisator.ch\/it\/wp-json\/wp\/v2\/posts"}],"about":[{"href":"https:\/\/www.organisator.ch\/it\/wp-json\/wp\/v2\/types\/post"}],"author":[{"embeddable":true,"href":"https:\/\/www.organisator.ch\/it\/wp-json\/wp\/v2\/users\/4"}],"replies":[{"embeddable":true,"href":"https:\/\/www.organisator.ch\/it\/wp-json\/wp\/v2\/comments?post=6800"}],"version-history":[{"count":0,"href":"https:\/\/www.organisator.ch\/it\/wp-json\/wp\/v2\/posts\/6800\/revisions"}],"wp:featuredmedia":[{"embeddable":true,"href":"https:\/\/www.organisator.ch\/it\/wp-json\/wp\/v2\/media\/6801"}],"wp:attachment":[{"href":"https:\/\/www.organisator.ch\/it\/wp-json\/wp\/v2\/media?parent=6800"}],"wp:term":[{"taxonomy":"category","embeddable":true,"href":"https:\/\/www.organisator.ch\/it\/wp-json\/wp\/v2\/categories?post=6800"},{"taxonomy":"post_tag","embeddable":true,"href":"https:\/\/www.organisator.ch\/it\/wp-json\/wp\/v2\/tags?post=6800"}],"curies":[{"name":"wp","href":"https:\/\/api.w.org\/{rel}","templated":true}]}}