{"id":6855,"date":"2020-06-24T08:48:25","date_gmt":"2020-06-24T06:48:25","guid":{"rendered":"https:\/\/www.organisator.ch\/?p=6855"},"modified":"2020-06-24T08:48:25","modified_gmt":"2020-06-24T06:48:25","slug":"maxon-gruppe-vermeldet-rekordergebnis-fuer-2019","status":"publish","type":"post","link":"https:\/\/www.organisator.ch\/it\/management\/2020-06-24\/maxon-gruppe-vermeldet-rekordergebnis-fuer-2019\/","title":{"rendered":"maxon Group riporta un risultato record per il 2019"},"content":{"rendered":"<figure id=\"attachment_6856\" aria-describedby=\"caption-attachment-6856\" style=\"width: 680px\" class=\"wp-caption alignnone\"><img loading=\"lazy\" decoding=\"async\" class=\"size-medium wp-image-6856\" src=\"https:\/\/www.organisator.ch\/wp-content\/uploads\/2020\/06\/maxon-Gruppe-vermeldet-Rekordergebnis-fuer-2019_Organisator.jpg\" alt=\"\" width=\"680\" height=\"312\" srcset=\"https:\/\/www.organisator.ch\/wp-content\/uploads\/2020\/06\/maxon-Gruppe-vermeldet-Rekordergebnis-fuer-2019_Organisator.jpg 680w, https:\/\/www.organisator.ch\/wp-content\/uploads\/2020\/06\/maxon-Gruppe-vermeldet-Rekordergebnis-fuer-2019_Organisator-16x7.jpg 16w, https:\/\/www.organisator.ch\/wp-content\/uploads\/2020\/06\/maxon-Gruppe-vermeldet-Rekordergebnis-fuer-2019_Organisator-375x172.jpg 375w, https:\/\/www.organisator.ch\/wp-content\/uploads\/2020\/06\/maxon-Gruppe-vermeldet-Rekordergebnis-fuer-2019_Organisator-300x138.jpg 300w\" sizes=\"auto, (max-width: 680px) 100vw, 680px\" \/><figcaption id=\"caption-attachment-6856\" class=\"wp-caption-text\">Il gruppo maxon pu\u00f2 guardare indietro ad un anno finanziario 2019 di grande successo. (Immagine: maxon Group)<\/figcaption><\/figure>\n<p>Il gruppo maxon ha raggiunto un nuovo record di vendite nell'esercizio 2019, nonostante un notevole rallentamento economico globale. Il cash flow \u00e8 sceso a 44,9 milioni di CHF (anno precedente 55,7 milioni) a causa della ripresa del franco svizzero rispetto all'euro, dell'ammortamento dell'avviamento di Parvalux, la societ\u00e0 britannica acquisita nel 2018, e della conversione dell'IT a livello di gruppo alla nuova soluzione ERP di nuova generazione. \"Nel 2019 abbiamo nuovamente investito molto tempo e denaro per rendere il gruppo maxon adatto al futuro\", afferma Karl-Walter Braun, azionista di maggioranza. \"Grazie alla sana situazione finanziaria, siamo stati in grado di fare tutti gli investimenti con i nostri fondi. Stiamo costantemente adattando l'organizzazione del gruppo alle nuove dimensioni dell'azienda per essere in grado di gestire la crescita futura\", dice Karl-Walter Braun.<\/p>\n<h2><strong>Progetto pilota con attestato federale di capacit\u00e0<\/strong><\/h2>\n<p>Rispetto all'anno precedente, il numero di dipendenti \u00e8 aumentato di 125 unit\u00e0 a 3.050. 15 apprendisti hanno completato con successo la loro formazione. Dal 2018, maxon offre anche ai dipendenti la possibilit\u00e0 di ottenere un certificato federale di competenza come assemblatore automatico. \"La classe di formazione professionale \u00e8 iniziata nel 2018 con otto dipendenti donne di et\u00e0 compresa tra i 25 e i 50 anni, molte con un background di migrazione e famiglia\", dice Karl-Walter Braun. Il programma di formazione, che maxon ha lanciato insieme al cantone di Obvaldo e al quale partecipano ora pi\u00f9 di 20 dipendenti, \u00e8 il primo progetto pilota di questa forma in Svizzera.<\/p>\n<h2>Fornitore di sistemi di azionamento meccatronici completi<\/h2>\n<p>Maxon investe da anni un'alta percentuale a una cifra delle vendite in ricerca e sviluppo. Nel 2019, gli investimenti ammontano a oltre 38 milioni di franchi svizzeri: \"Circa 340 dipendenti di R&amp;S assicurano il nostro costante sviluppo e l'innovazione. Da tempo abbiamo smesso di essere un puro produttore di motori elettrici, ma ci stiamo continuamente sviluppando in un fornitore di sistemi di azionamento meccatronici completi, composti da motori elettrici di precisione, riduttori ad alte prestazioni ed elettronica di controllo intelligente\", dice Eugen Elmiger, delegato del consiglio di amministrazione e CEO. L'azienda trae vantaggio dal fatto che \"possiamo progettare e produrre noi stessi, all'interno del gruppo, teste di ingranaggi, motori elettrici ed elettronica di controllo\", dice Elmiger. Questo ha permesso a maxon di agire in modo flessibile e rapido \"per sviluppare, produrre e fornire motori per apparecchiature respiratorie e azionamenti lineari per l'automazione di laboratorio per valutare i test corona\", dice Elmiger.<\/p>\n<h2>Il rover di Marte con i motori del gruppo maxon<\/h2>\n<p>I settori con il pi\u00f9 alto fatturato sono la tecnologia medica e l'automazione industriale e la robotica. Altri grandi mercati sono la tecnologia di misurazione e prova, l'aerospaziale e l'industria automobilistica, dove un importante ordine per l'iniezione di urea nei camion (AdBlue Technology) ha avuto un impatto positivo. Nei programmi spaziali internazionali, maxon \u00e8 un partner importante. Quest'estate, per esempio, verr\u00e0 lanciato su Marte il prossimo rover della NASA, dotato di 16 motori maxon.<\/p>\n<h2><strong>Attivo a livello globale e ampiamente posizionato<\/strong><\/h2>\n<p>Dopo la rapida crescita di oltre 15 % nel 2018, il fatturato di Sachseln \u00e8 diminuito leggermente, come previsto. L'organico \u00e8 salito a 1.316. L'aumento \u00e8 avvenuto in gran parte nell'area produttiva indiretta per far fronte all'aumento dello sforzo organizzativo e della complessit\u00e0 all'interno del Gruppo. Per Sexau\/D, il 2019 \u00e8 stato l'anno di maggior successo della sua storia. Il fatturato \u00e8 aumentato a 80,9 milioni di euro, con una leggera diminuzione del numero di dipendenti. In Ungheria, il fatturato \u00e8 stato aumentato di un buon quarto, superando i 25 milioni di franchi. Circa 500 persone sono ora impiegate a Veszpr\u00e9m\/HU. In Corea del Sud, le vendite sono aumentate di circa 35 % a quasi 40 milioni di CHF. A Taunton\/USA, due linee di motori sono entrate in funzione durante l'anno. Diversi grandi clienti americani in mercati regolamentati come la tecnologia medica hanno gi\u00e0 dato il loro consenso affinch\u00e9 i loro prodotti siano fabbricati o finiti a Taunton\/USA in futuro. La Parvalux di Bournemouth\/UK ha raggiunto un fatturato di 25,8 milioni di franchi nel suo primo anno alla maxon con circa 180 dipendenti. Con i prodotti Parvalux, il gruppo maxon compie un passo importante per diventare un fornitore di sistemi completo di motori piccoli e piccolissimi fino ai motoriduttori fino a 1,5 kW. Nel frattempo, un nuovo edificio di produzione e amministrazione \u00e8 in costruzione a Lione\/F.<\/p>\n<h2>Prospettive un po' pi\u00f9 cupe per il 2020<\/h2>\n<p>Il gruppo maxon \u00e8 attivo a livello globale e ampiamente posizionato sui mercati e ha una solida base per poter mantenere in futuro la sua posizione di leader del mercato globale. L'acquisizione di ordini per la seconda met\u00e0 del 2020, ad eccezione dei prodotti di tecnologia medica, \u00e8 ancora debole, dice Eugen Elmiger. \"Attualmente ci aspettiamo quindi una riduzione delle vendite di circa il dieci per cento rispetto all'anno record 2019\".<\/p>\n<p><em><a href=\"http:\/\/www.maxongroup.com\">Fonte e ulteriori informazioni<\/a><\/em><\/p>","protected":false},"excerpt":{"rendered":"<p>Die maxon Gruppe hat im Gesch\u00e4ftsjahr 2019 einen neuen Umsatzrekord erzielt, dies trotz einer weltweit sp\u00fcrbaren konjunkturellen Abschw\u00e4chung. Der Cash Flow sank auf CHF 44.9 Mio. (Vorjahr 55.7 Mio.), was auf den gegen\u00fcber dem Euro wiedererstarkten Schweizer Franken, Goodwill-Abschreibungen beim 2018 erworbenen englischen Unternehmen Parvalux und die Umstellung der gruppenweiten IT auf die neue Next-Generation-ERP-L\u00f6sung [&hellip;]<\/p>\n","protected":false},"author":4,"featured_media":6856,"comment_status":"closed","ping_status":"closed","sticky":false,"template":"","format":"standard","meta":{"_acf_changed":false,"_yoast_wpseo_focuskw":"maxon Gruppe","_yoast_wpseo_metadesc":"Die maxon Gruppe mit Sitz in Sachseln\/OW hat im Gesch\u00e4ftsjahr 2019 ein neues Rekordergebnis erzielt und steigerte den Umsatz auf CHF 567.8 Mio.","articlekey":"","footnotes":""},"categories":[28],"tags":[335,340,492,508],"class_list":["post-6855","post","type-post","status-publish","format-standard","has-post-thumbnail","hentry","category-management","tag-management-und-unternehmensfuehrung","tag-maerkte","tag-unternehmen","tag-vermischtes"],"acf":[],"yoast_head":"<!-- This site is optimized with the Yoast SEO plugin v27.5 - https:\/\/yoast.com\/product\/yoast-seo-wordpress\/ -->\n<title>maxon Gruppe vermeldet Rekordergebnis f\u00fcr 2019 - Organisator<\/title>\n<meta name=\"description\" content=\"Die maxon Gruppe mit Sitz in Sachseln\/OW hat im Gesch\u00e4ftsjahr 2019 ein neues Rekordergebnis erzielt und steigerte den Umsatz auf CHF 567.8 Mio.\" \/>\n<meta name=\"robots\" content=\"index, follow, max-snippet:-1, max-image-preview:large, max-video-preview:-1\" \/>\n<link rel=\"canonical\" href=\"https:\/\/www.organisator.ch\/it\/gestione-2\/2020-06-24\/maxon-gruppe-vermeldet-rekordergebnis-fuer-2019\/\" \/>\n<meta property=\"og:locale\" content=\"it_IT\" \/>\n<meta property=\"og:type\" content=\"article\" \/>\n<meta property=\"og:title\" content=\"maxon Gruppe vermeldet Rekordergebnis f\u00fcr 2019\" \/>\n<meta property=\"og:description\" content=\"Die maxon Gruppe mit Sitz in Sachseln\/OW hat im Gesch\u00e4ftsjahr 2019 ein neues Rekordergebnis erzielt und steigerte den Umsatz auf CHF 567.8 Mio.\" \/>\n<meta property=\"og:url\" content=\"https:\/\/www.organisator.ch\/it\/gestione-2\/2020-06-24\/maxon-gruppe-vermeldet-rekordergebnis-fuer-2019\/\" \/>\n<meta property=\"og:site_name\" content=\"Organisator\" \/>\n<meta property=\"article:publisher\" content=\"https:\/\/www.facebook.com\/OrganisatorFachmagazin\" \/>\n<meta property=\"article:published_time\" content=\"2020-06-24T06:48:25+00:00\" \/>\n<meta property=\"og:image\" content=\"https:\/\/www.organisator.ch\/wp-content\/uploads\/2020\/06\/maxon-Gruppe-vermeldet-Rekordergebnis-fuer-2019_Organisator.jpg\" \/>\n\t<meta property=\"og:image:width\" content=\"680\" \/>\n\t<meta property=\"og:image:height\" content=\"312\" \/>\n\t<meta property=\"og:image:type\" content=\"image\/jpeg\" \/>\n<meta name=\"author\" content=\"thomas.berner\" \/>\n<meta name=\"twitter:card\" content=\"summary_large_image\" \/>\n<meta name=\"twitter:title\" content=\"#maxon Gruppe vermeldet #Rekordergebnis f\u00fcr 2019\" \/>\n<meta name=\"twitter:description\" content=\"Die #maxon Gruppe mit Sitz in Sachseln\/OW hat im Gesch\u00e4ftsjahr 2019 ein neues #Rekordergebnis erzielt und steigerte den Umsatz auf CHF 567.8 Mio.\" \/>\n<meta name=\"twitter:image\" content=\"https:\/\/www.organisator.ch\/wp-content\/uploads\/2020\/06\/maxon-Gruppe-vermeldet-Rekordergebnis-fuer-2019_Organisator.jpg\" \/>\n<script type=\"application\/ld+json\" class=\"yoast-schema-graph\">{\"@context\":\"https:\\\/\\\/schema.org\",\"@graph\":[{\"@type\":\"Article\",\"@id\":\"https:\\\/\\\/www.organisator.ch\\\/management\\\/2020-06-24\\\/maxon-gruppe-vermeldet-rekordergebnis-fuer-2019\\\/#article\",\"isPartOf\":{\"@id\":\"https:\\\/\\\/www.organisator.ch\\\/management\\\/2020-06-24\\\/maxon-gruppe-vermeldet-rekordergebnis-fuer-2019\\\/\"},\"author\":{\"name\":\"thomas.berner\",\"@id\":\"https:\\\/\\\/www.organisator.ch\\\/#\\\/schema\\\/person\\\/6f650f90b2842cd4c0cc334b4e36f67e\"},\"headline\":\"maxon Gruppe vermeldet Rekordergebnis f\u00fcr 2019\",\"datePublished\":\"2020-06-24T06:48:25+00:00\",\"mainEntityOfPage\":{\"@id\":\"https:\\\/\\\/www.organisator.ch\\\/management\\\/2020-06-24\\\/maxon-gruppe-vermeldet-rekordergebnis-fuer-2019\\\/\"},\"wordCount\":728,\"publisher\":{\"@id\":\"https:\\\/\\\/www.organisator.ch\\\/#organization\"},\"image\":{\"@id\":\"https:\\\/\\\/www.organisator.ch\\\/management\\\/2020-06-24\\\/maxon-gruppe-vermeldet-rekordergebnis-fuer-2019\\\/#primaryimage\"},\"thumbnailUrl\":\"https:\\\/\\\/www.organisator.ch\\\/wp-content\\\/uploads\\\/2020\\\/06\\\/maxon-Gruppe-vermeldet-Rekordergebnis-fuer-2019_Organisator.jpg\",\"keywords\":[\"Management und Unternehmensf\u00fchrung\",\"M\u00e4rkte\",\"Unternehmen\",\"Vermischtes\"],\"articleSection\":[\"MANAGEMENT\"],\"inLanguage\":\"it-IT\"},{\"@type\":\"WebPage\",\"@id\":\"https:\\\/\\\/www.organisator.ch\\\/management\\\/2020-06-24\\\/maxon-gruppe-vermeldet-rekordergebnis-fuer-2019\\\/\",\"url\":\"https:\\\/\\\/www.organisator.ch\\\/management\\\/2020-06-24\\\/maxon-gruppe-vermeldet-rekordergebnis-fuer-2019\\\/\",\"name\":\"maxon Gruppe vermeldet Rekordergebnis f\u00fcr 2019 - Organisator\",\"isPartOf\":{\"@id\":\"https:\\\/\\\/www.organisator.ch\\\/#website\"},\"primaryImageOfPage\":{\"@id\":\"https:\\\/\\\/www.organisator.ch\\\/management\\\/2020-06-24\\\/maxon-gruppe-vermeldet-rekordergebnis-fuer-2019\\\/#primaryimage\"},\"image\":{\"@id\":\"https:\\\/\\\/www.organisator.ch\\\/management\\\/2020-06-24\\\/maxon-gruppe-vermeldet-rekordergebnis-fuer-2019\\\/#primaryimage\"},\"thumbnailUrl\":\"https:\\\/\\\/www.organisator.ch\\\/wp-content\\\/uploads\\\/2020\\\/06\\\/maxon-Gruppe-vermeldet-Rekordergebnis-fuer-2019_Organisator.jpg\",\"datePublished\":\"2020-06-24T06:48:25+00:00\",\"description\":\"Die maxon Gruppe mit Sitz in Sachseln\\\/OW hat im Gesch\u00e4ftsjahr 2019 ein neues Rekordergebnis erzielt und steigerte den Umsatz auf CHF 567.8 Mio.\",\"breadcrumb\":{\"@id\":\"https:\\\/\\\/www.organisator.ch\\\/management\\\/2020-06-24\\\/maxon-gruppe-vermeldet-rekordergebnis-fuer-2019\\\/#breadcrumb\"},\"inLanguage\":\"it-IT\",\"potentialAction\":[{\"@type\":\"ReadAction\",\"target\":[\"https:\\\/\\\/www.organisator.ch\\\/management\\\/2020-06-24\\\/maxon-gruppe-vermeldet-rekordergebnis-fuer-2019\\\/\"]}]},{\"@type\":\"ImageObject\",\"inLanguage\":\"it-IT\",\"@id\":\"https:\\\/\\\/www.organisator.ch\\\/management\\\/2020-06-24\\\/maxon-gruppe-vermeldet-rekordergebnis-fuer-2019\\\/#primaryimage\",\"url\":\"https:\\\/\\\/www.organisator.ch\\\/wp-content\\\/uploads\\\/2020\\\/06\\\/maxon-Gruppe-vermeldet-Rekordergebnis-fuer-2019_Organisator.jpg\",\"contentUrl\":\"https:\\\/\\\/www.organisator.ch\\\/wp-content\\\/uploads\\\/2020\\\/06\\\/maxon-Gruppe-vermeldet-Rekordergebnis-fuer-2019_Organisator.jpg\",\"width\":680,\"height\":312,\"caption\":\"Die maxon Gruppe blickt auf ein \u00e4usserst erfolgreiches Gesch\u00e4ftsjahr 2019 zur\u00fcck. (Bild: maxon Group)\"},{\"@type\":\"BreadcrumbList\",\"@id\":\"https:\\\/\\\/www.organisator.ch\\\/management\\\/2020-06-24\\\/maxon-gruppe-vermeldet-rekordergebnis-fuer-2019\\\/#breadcrumb\",\"itemListElement\":[{\"@type\":\"ListItem\",\"position\":1,\"name\":\"Home\",\"item\":\"https:\\\/\\\/www.organisator.ch\\\/\"},{\"@type\":\"ListItem\",\"position\":2,\"name\":\"maxon Gruppe vermeldet Rekordergebnis f\u00fcr 2019\"}]},{\"@type\":\"WebSite\",\"@id\":\"https:\\\/\\\/www.organisator.ch\\\/#website\",\"url\":\"https:\\\/\\\/www.organisator.ch\\\/\",\"name\":\"Organisator\",\"description\":\"Kompetent. Praxisnah. Der ORGANISATOR bereitet in 10 Ausgaben pro Jahr die wesentlichen Themen f\u00fcr F\u00fchrungskr\u00e4fte von KMU auf.\",\"publisher\":{\"@id\":\"https:\\\/\\\/www.organisator.ch\\\/#organization\"},\"potentialAction\":[{\"@type\":\"SearchAction\",\"target\":{\"@type\":\"EntryPoint\",\"urlTemplate\":\"https:\\\/\\\/www.organisator.ch\\\/?s={search_term_string}\"},\"query-input\":{\"@type\":\"PropertyValueSpecification\",\"valueRequired\":true,\"valueName\":\"search_term_string\"}}],\"inLanguage\":\"it-IT\"},{\"@type\":\"Organization\",\"@id\":\"https:\\\/\\\/www.organisator.ch\\\/#organization\",\"name\":\"Organisator\",\"url\":\"https:\\\/\\\/www.organisator.ch\\\/\",\"logo\":{\"@type\":\"ImageObject\",\"inLanguage\":\"it-IT\",\"@id\":\"https:\\\/\\\/www.organisator.ch\\\/#\\\/schema\\\/logo\\\/image\\\/\",\"url\":\"https:\\\/\\\/www.organisator.ch\\\/wp-content\\\/uploads\\\/2022\\\/01\\\/Logo_Organisator_Website.png\",\"contentUrl\":\"https:\\\/\\\/www.organisator.ch\\\/wp-content\\\/uploads\\\/2022\\\/01\\\/Logo_Organisator_Website.png\",\"width\":800,\"height\":77,\"caption\":\"Organisator\"},\"image\":{\"@id\":\"https:\\\/\\\/www.organisator.ch\\\/#\\\/schema\\\/logo\\\/image\\\/\"},\"sameAs\":[\"https:\\\/\\\/www.facebook.com\\\/OrganisatorFachmagazin\",\"https:\\\/\\\/www.linkedin.com\\\/showcase\\\/organisator-das-magazin-fr-kmu\",\"https:\\\/\\\/www.xing.com\\\/news\\\/pages\\\/organisator-ch-695\",\"https:\\\/\\\/www.youtube.com\\\/channel\\\/UCGP2Sq0iWaZwT3BdIAQFYpw\"]},{\"@type\":\"Person\",\"@id\":\"https:\\\/\\\/www.organisator.ch\\\/#\\\/schema\\\/person\\\/6f650f90b2842cd4c0cc334b4e36f67e\",\"name\":\"thomas.berner\",\"image\":{\"@type\":\"ImageObject\",\"inLanguage\":\"it-IT\",\"@id\":\"https:\\\/\\\/secure.gravatar.com\\\/avatar\\\/ac5001d2a36cb6c6cd3e50789007ffca834b477b74a2144564522e944eabff61?s=96&d=mm&r=g\",\"url\":\"https:\\\/\\\/secure.gravatar.com\\\/avatar\\\/ac5001d2a36cb6c6cd3e50789007ffca834b477b74a2144564522e944eabff61?s=96&d=mm&r=g\",\"contentUrl\":\"https:\\\/\\\/secure.gravatar.com\\\/avatar\\\/ac5001d2a36cb6c6cd3e50789007ffca834b477b74a2144564522e944eabff61?s=96&d=mm&r=g\",\"caption\":\"thomas.berner\"},\"url\":\"https:\\\/\\\/www.organisator.ch\\\/it\\\/author\\\/thomas-berner\\\/\"}]}<\/script>\n<!-- \/ Yoast SEO plugin. -->","yoast_head_json":{"title":"Il Gruppo maxon annuncia un risultato record per il 2019 - Organizzatore","description":"Il Gruppo maxon, con sede a Sachseln\/OW, ha raggiunto un nuovo risultato record nell'esercizio 2019, aumentando il fatturato a 567,8 milioni di franchi.","robots":{"index":"index","follow":"follow","max-snippet":"max-snippet:-1","max-image-preview":"max-image-preview:large","max-video-preview":"max-video-preview:-1"},"canonical":"https:\/\/www.organisator.ch\/it\/gestione-2\/2020-06-24\/maxon-gruppe-vermeldet-rekordergebnis-fuer-2019\/","og_locale":"it_IT","og_type":"article","og_title":"maxon Gruppe vermeldet Rekordergebnis f\u00fcr 2019","og_description":"Die maxon Gruppe mit Sitz in Sachseln\/OW hat im Gesch\u00e4ftsjahr 2019 ein neues Rekordergebnis erzielt und steigerte den Umsatz auf CHF 567.8 Mio.","og_url":"https:\/\/www.organisator.ch\/it\/gestione-2\/2020-06-24\/maxon-gruppe-vermeldet-rekordergebnis-fuer-2019\/","og_site_name":"Organisator","article_publisher":"https:\/\/www.facebook.com\/OrganisatorFachmagazin","article_published_time":"2020-06-24T06:48:25+00:00","og_image":[{"width":680,"height":312,"url":"https:\/\/www.organisator.ch\/wp-content\/uploads\/2020\/06\/maxon-Gruppe-vermeldet-Rekordergebnis-fuer-2019_Organisator.jpg","type":"image\/jpeg"}],"author":"thomas.berner","twitter_card":"summary_large_image","twitter_title":"#maxon Gruppe vermeldet #Rekordergebnis f\u00fcr 2019","twitter_description":"Die #maxon Gruppe mit Sitz in Sachseln\/OW hat im Gesch\u00e4ftsjahr 2019 ein neues #Rekordergebnis erzielt und steigerte den Umsatz auf CHF 567.8 Mio.","twitter_image":"https:\/\/www.organisator.ch\/wp-content\/uploads\/2020\/06\/maxon-Gruppe-vermeldet-Rekordergebnis-fuer-2019_Organisator.jpg","schema":{"@context":"https:\/\/schema.org","@graph":[{"@type":"Article","@id":"https:\/\/www.organisator.ch\/management\/2020-06-24\/maxon-gruppe-vermeldet-rekordergebnis-fuer-2019\/#article","isPartOf":{"@id":"https:\/\/www.organisator.ch\/management\/2020-06-24\/maxon-gruppe-vermeldet-rekordergebnis-fuer-2019\/"},"author":{"name":"thomas.berner","@id":"https:\/\/www.organisator.ch\/#\/schema\/person\/6f650f90b2842cd4c0cc334b4e36f67e"},"headline":"maxon Gruppe vermeldet Rekordergebnis f\u00fcr 2019","datePublished":"2020-06-24T06:48:25+00:00","mainEntityOfPage":{"@id":"https:\/\/www.organisator.ch\/management\/2020-06-24\/maxon-gruppe-vermeldet-rekordergebnis-fuer-2019\/"},"wordCount":728,"publisher":{"@id":"https:\/\/www.organisator.ch\/#organization"},"image":{"@id":"https:\/\/www.organisator.ch\/management\/2020-06-24\/maxon-gruppe-vermeldet-rekordergebnis-fuer-2019\/#primaryimage"},"thumbnailUrl":"https:\/\/www.organisator.ch\/wp-content\/uploads\/2020\/06\/maxon-Gruppe-vermeldet-Rekordergebnis-fuer-2019_Organisator.jpg","keywords":["Management und Unternehmensf\u00fchrung","M\u00e4rkte","Unternehmen","Vermischtes"],"articleSection":["MANAGEMENT"],"inLanguage":"it-IT"},{"@type":"WebPage","@id":"https:\/\/www.organisator.ch\/management\/2020-06-24\/maxon-gruppe-vermeldet-rekordergebnis-fuer-2019\/","url":"https:\/\/www.organisator.ch\/management\/2020-06-24\/maxon-gruppe-vermeldet-rekordergebnis-fuer-2019\/","name":"Il Gruppo maxon annuncia un risultato record per il 2019 - Organizzatore","isPartOf":{"@id":"https:\/\/www.organisator.ch\/#website"},"primaryImageOfPage":{"@id":"https:\/\/www.organisator.ch\/management\/2020-06-24\/maxon-gruppe-vermeldet-rekordergebnis-fuer-2019\/#primaryimage"},"image":{"@id":"https:\/\/www.organisator.ch\/management\/2020-06-24\/maxon-gruppe-vermeldet-rekordergebnis-fuer-2019\/#primaryimage"},"thumbnailUrl":"https:\/\/www.organisator.ch\/wp-content\/uploads\/2020\/06\/maxon-Gruppe-vermeldet-Rekordergebnis-fuer-2019_Organisator.jpg","datePublished":"2020-06-24T06:48:25+00:00","description":"Il Gruppo maxon, con sede a Sachseln\/OW, ha raggiunto un nuovo risultato record nell'esercizio 2019, aumentando il fatturato a 567,8 milioni di franchi.","breadcrumb":{"@id":"https:\/\/www.organisator.ch\/management\/2020-06-24\/maxon-gruppe-vermeldet-rekordergebnis-fuer-2019\/#breadcrumb"},"inLanguage":"it-IT","potentialAction":[{"@type":"ReadAction","target":["https:\/\/www.organisator.ch\/management\/2020-06-24\/maxon-gruppe-vermeldet-rekordergebnis-fuer-2019\/"]}]},{"@type":"ImageObject","inLanguage":"it-IT","@id":"https:\/\/www.organisator.ch\/management\/2020-06-24\/maxon-gruppe-vermeldet-rekordergebnis-fuer-2019\/#primaryimage","url":"https:\/\/www.organisator.ch\/wp-content\/uploads\/2020\/06\/maxon-Gruppe-vermeldet-Rekordergebnis-fuer-2019_Organisator.jpg","contentUrl":"https:\/\/www.organisator.ch\/wp-content\/uploads\/2020\/06\/maxon-Gruppe-vermeldet-Rekordergebnis-fuer-2019_Organisator.jpg","width":680,"height":312,"caption":"Die maxon Gruppe blickt auf ein \u00e4usserst erfolgreiches Gesch\u00e4ftsjahr 2019 zur\u00fcck. (Bild: maxon Group)"},{"@type":"BreadcrumbList","@id":"https:\/\/www.organisator.ch\/management\/2020-06-24\/maxon-gruppe-vermeldet-rekordergebnis-fuer-2019\/#breadcrumb","itemListElement":[{"@type":"ListItem","position":1,"name":"Home","item":"https:\/\/www.organisator.ch\/"},{"@type":"ListItem","position":2,"name":"maxon Gruppe vermeldet Rekordergebnis f\u00fcr 2019"}]},{"@type":"WebSite","@id":"https:\/\/www.organisator.ch\/#website","url":"https:\/\/www.organisator.ch\/","name":"Organizzatore","description":"Competente. Pratico. In 10 numeri all'anno, ORGANISATOR presenta i temi essenziali per i manager delle PMI.","publisher":{"@id":"https:\/\/www.organisator.ch\/#organization"},"potentialAction":[{"@type":"SearchAction","target":{"@type":"EntryPoint","urlTemplate":"https:\/\/www.organisator.ch\/?s={search_term_string}"},"query-input":{"@type":"PropertyValueSpecification","valueRequired":true,"valueName":"search_term_string"}}],"inLanguage":"it-IT"},{"@type":"Organization","@id":"https:\/\/www.organisator.ch\/#organization","name":"Organizzatore","url":"https:\/\/www.organisator.ch\/","logo":{"@type":"ImageObject","inLanguage":"it-IT","@id":"https:\/\/www.organisator.ch\/#\/schema\/logo\/image\/","url":"https:\/\/www.organisator.ch\/wp-content\/uploads\/2022\/01\/Logo_Organisator_Website.png","contentUrl":"https:\/\/www.organisator.ch\/wp-content\/uploads\/2022\/01\/Logo_Organisator_Website.png","width":800,"height":77,"caption":"Organisator"},"image":{"@id":"https:\/\/www.organisator.ch\/#\/schema\/logo\/image\/"},"sameAs":["https:\/\/www.facebook.com\/OrganisatorFachmagazin","https:\/\/www.linkedin.com\/showcase\/organisator-das-magazin-fr-kmu","https:\/\/www.xing.com\/news\/pages\/organisator-ch-695","https:\/\/www.youtube.com\/channel\/UCGP2Sq0iWaZwT3BdIAQFYpw"]},{"@type":"Person","@id":"https:\/\/www.organisator.ch\/#\/schema\/person\/6f650f90b2842cd4c0cc334b4e36f67e","name":"Tommaso.berner","image":{"@type":"ImageObject","inLanguage":"it-IT","@id":"https:\/\/secure.gravatar.com\/avatar\/ac5001d2a36cb6c6cd3e50789007ffca834b477b74a2144564522e944eabff61?s=96&d=mm&r=g","url":"https:\/\/secure.gravatar.com\/avatar\/ac5001d2a36cb6c6cd3e50789007ffca834b477b74a2144564522e944eabff61?s=96&d=mm&r=g","contentUrl":"https:\/\/secure.gravatar.com\/avatar\/ac5001d2a36cb6c6cd3e50789007ffca834b477b74a2144564522e944eabff61?s=96&d=mm&r=g","caption":"thomas.berner"},"url":"https:\/\/www.organisator.ch\/it\/author\/thomas-berner\/"}]}},"_links":{"self":[{"href":"https:\/\/www.organisator.ch\/it\/wp-json\/wp\/v2\/posts\/6855","targetHints":{"allow":["GET"]}}],"collection":[{"href":"https:\/\/www.organisator.ch\/it\/wp-json\/wp\/v2\/posts"}],"about":[{"href":"https:\/\/www.organisator.ch\/it\/wp-json\/wp\/v2\/types\/post"}],"author":[{"embeddable":true,"href":"https:\/\/www.organisator.ch\/it\/wp-json\/wp\/v2\/users\/4"}],"replies":[{"embeddable":true,"href":"https:\/\/www.organisator.ch\/it\/wp-json\/wp\/v2\/comments?post=6855"}],"version-history":[{"count":0,"href":"https:\/\/www.organisator.ch\/it\/wp-json\/wp\/v2\/posts\/6855\/revisions"}],"wp:featuredmedia":[{"embeddable":true,"href":"https:\/\/www.organisator.ch\/it\/wp-json\/wp\/v2\/media\/6856"}],"wp:attachment":[{"href":"https:\/\/www.organisator.ch\/it\/wp-json\/wp\/v2\/media?parent=6855"}],"wp:term":[{"taxonomy":"category","embeddable":true,"href":"https:\/\/www.organisator.ch\/it\/wp-json\/wp\/v2\/categories?post=6855"},{"taxonomy":"post_tag","embeddable":true,"href":"https:\/\/www.organisator.ch\/it\/wp-json\/wp\/v2\/tags?post=6855"}],"curies":[{"name":"wp","href":"https:\/\/api.w.org\/{rel}","templated":true}]}}