{"id":6862,"date":"2020-06-24T13:49:01","date_gmt":"2020-06-24T11:49:01","guid":{"rendered":"https:\/\/www.organisator.ch\/?p=6862"},"modified":"2020-06-24T13:49:01","modified_gmt":"2020-06-24T11:49:01","slug":"trotz-corona-geschaeftsreisende-bevorzugen-persoenliche-meetings","status":"publish","type":"post","link":"https:\/\/www.organisator.ch\/it\/management\/2020-06-24\/trotz-corona-geschaeftsreisende-bevorzugen-persoenliche-meetings\/","title":{"rendered":"Nonostante Corona: i viaggiatori d'affari preferiscono le riunioni faccia a faccia"},"content":{"rendered":"<figure id=\"attachment_6863\" aria-describedby=\"caption-attachment-6863\" style=\"width: 680px\" class=\"wp-caption alignnone\"><img loading=\"lazy\" decoding=\"async\" class=\"size-medium wp-image-6863\" src=\"https:\/\/www.organisator.ch\/wp-content\/uploads\/2020\/06\/Trotz-Corona-Geschaeftsreisende-bevorzugen-persoenliche-Meetings_Organisator.jpg\" alt=\"\" width=\"680\" height=\"539\" srcset=\"https:\/\/www.organisator.ch\/wp-content\/uploads\/2020\/06\/Trotz-Corona-Geschaeftsreisende-bevorzugen-persoenliche-Meetings_Organisator.jpg 680w, https:\/\/www.organisator.ch\/wp-content\/uploads\/2020\/06\/Trotz-Corona-Geschaeftsreisende-bevorzugen-persoenliche-Meetings_Organisator-16x12.jpg 16w, https:\/\/www.organisator.ch\/wp-content\/uploads\/2020\/06\/Trotz-Corona-Geschaeftsreisende-bevorzugen-persoenliche-Meetings_Organisator-221x175.jpg 221w, https:\/\/www.organisator.ch\/wp-content\/uploads\/2020\/06\/Trotz-Corona-Geschaeftsreisende-bevorzugen-persoenliche-Meetings_Organisator-442x350.jpg 442w, https:\/\/www.organisator.ch\/wp-content\/uploads\/2020\/06\/Trotz-Corona-Geschaeftsreisende-bevorzugen-persoenliche-Meetings_Organisator-300x238.jpg 300w\" sizes=\"auto, (max-width: 680px) 100vw, 680px\" \/><figcaption id=\"caption-attachment-6863\" class=\"wp-caption-text\">Nonostante Corona: gli incontri personali portano pi\u00f9 vendite. (Immagine: obs\/DRV Deutscher Reiseverband e.V.)<\/figcaption><\/figure>\n<p>Ufficio a casa invece di viaggiare per lavoro: ecco come si presentava la giornata lavorativa di molti impiegati per settimane a causa delle misure Corona. Secondo l'Associazione Tedesca dei Viaggi e.V. (DRV), il 69 per cento dei viaggi d'affari sono stati sostituiti da riunioni virtuali da marzo. Anche se i viaggi d'affari sono stati possibili nonostante l'isolamento, solo il 16% delle riunioni con partecipanti esterni come clienti o fornitori di servizi hanno avuto luogo dallo scoppio della pandemia, e il 16% sono state posticipate o cancellate del tutto. E ogni terza conferenza \u00e8 stata tenuta virtualmente per la prima volta. L'industria dei viaggi d'affari si \u00e8 quindi fermata quasi completamente durante la fase acuta della pandemia di Corona.<\/p>\n<p>Anche se le riunioni virtuali sono ormai di routine in molti luoghi, i viaggiatori d'affari vogliono contare di pi\u00f9 sulle riunioni faccia a faccia anche in futuro. L'85% degli intervistati dice di preferire questo tipo di riunione. Il 43% di loro prevede di tenere un numero significativamente inferiore di riunioni virtuali in futuro. Il 42%, d'altra parte, vorrebbe continuare a tenere parte delle loro riunioni virtualmente.<\/p>\n<h2>Le riunioni faccia a faccia portano pi\u00f9 vendite - nonostante Corona<\/h2>\n<p>Molti impiegati hanno notato nelle ultime settimane che le conferenze video e telefoniche offrono dei vantaggi. Il 79 per cento menziona costi pi\u00f9 bassi, per esempio, e il 73 per cento risparmi di tempo. Tuttavia, il 68% nota anche una grave lacuna: il pericolo rappresentato dai problemi tecnici. Inoltre, ci sono altri aspetti che parlano pi\u00f9 a favore degli incontri faccia a faccia. Come punti positivi, il 51 per cento menziona il senso di realizzazione personale per i dipendenti e il 49 per cento la migliore gestione delle relazioni. Il contatto faccia a faccia sembra essere vantaggioso anche dal punto di vista delle vendite: il 45% dice di ottenere pi\u00f9 vendite negli incontri faccia a faccia. Con le riunioni virtuali, questo \u00e8 vero solo per un terzo degli intervistati.<\/p>\n<p>\"Un incontro faccia a faccia crea una base di fiducia che \u00e8 difficile da stabilire virtualmente\", dice Verena Funke, Country Director di Egencia. \"Le discussioni importanti si svolgeranno quindi di nuovo pi\u00f9 spesso di persona in futuro. Lavorando insieme agli esperti di un'agenzia di viaggi d'affari, i rischi di sicurezza legati alla Corona possono essere evitati\".<\/p>\n<h2>Alcuni viaggiatori d'affari sono particolarmente produttivi in viaggio<\/h2>\n<p>Un altro vantaggio delle riunioni faccia a faccia e del viaggio necessario \u00e8 che il 19 per cento dei viaggiatori d'affari pu\u00f2 lavorare in modo pi\u00f9 produttivo sulla strada che nel loro posto di lavoro fisso. Uno su due raggiunge ancora lo stesso livello nonostante lo sforzo del viaggio. Questo \u00e8 dovuto principalmente al fatto che chi viaggia da solo pu\u00f2 utilizzare il tempo tra o dopo gli appuntamenti in modo significativo per il lavoro. Due intervistati su tre citano questo come un motivo per cui sono produttivi sulla strada. Sei su dieci attribuiscono questo al fatto che possono rilassarsi tra una cosa e l'altra. Per uno su due, un ambiente diverso favorisce la creativit\u00e0 e quindi anche la produttivit\u00e0.<\/p>\n<p>Ma non ovunque i viaggiatori d'affari trovano le condizioni giuste per poter lavorare in modo produttivo. Questo \u00e8 particolarmente vero per gli aeroporti e le stazioni ferroviarie. Il 31 per cento \u00e8 insoddisfatto dell'accesso WLAN offerto. Il 33% vorrebbe vedere pi\u00f9 cabine insonorizzate per telefonate indisturbate e il 35% vorrebbe pi\u00f9 aree di lavoro tranquille con un tavolo. \"Le aziende possono promuovere la produttivit\u00e0 dei loro dipendenti durante i viaggi di lavoro\", dice Funke. \"Questo include, per esempio, l'organizzazione dell'accesso alle lounge e la fornitura di accesso WLAN. Le agenzie di viaggi d'affari aiutano i loro partner a trovare la soluzione giusta per i dipendenti\".<\/p>\n<p>Quindi c'\u00e8 ora una flebile speranza per l'industria dei viaggi d'affari?<\/p>\n<p><em>Fonte: <a href=\"https:\/\/www.drv.de\/\">Associazione tedesca dei viaggiatori e. V. (DRV)<\/a><\/em><\/p>","protected":false},"excerpt":{"rendered":"<p>Home-Office statt dienstlich unterwegs: So sah wegen den Corona-Ma\u00dfnahmen der Arbeitsalltag vieler Besch\u00e4ftigter wochenlang aus. Gem\u00e4ss dem Deutschen Reiseverband e.V. (DRV) wurden seit M\u00e4rz 69 Prozent der Gesch\u00e4ftsreisen durch virtuelle Meetings ersetzt. Das entspricht einem Anstieg um 39 Prozentpunkte im Vergleich zum Jahr 2019. Obwohl Dienstreisen trotz des Lockdowns m\u00f6glich waren, fanden seit Ausbruch der [&hellip;]<\/p>\n","protected":false},"author":4,"featured_media":6863,"comment_status":"closed","ping_status":"closed","sticky":false,"template":"","format":"standard","meta":{"_acf_changed":false,"_yoast_wpseo_focuskw":"Trotz Corona","_yoast_wpseo_metadesc":"Eine Studie des Deutschen Reiseverbands e.V. (DRV) zeigt, dass Gesch\u00e4ftsreisende trotz Corona pers\u00f6nliche Meetings bevorzugen.","articlekey":"","footnotes":""},"categories":[28],"tags":[107,132,335,459],"class_list":["post-6862","post","type-post","status-publish","format-standard","has-post-thumbnail","hentry","category-management","tag-business-travel","tag-coronavirus","tag-management-und-unternehmensfuehrung","tag-studie"],"acf":[],"yoast_head":"<!-- This site is optimized with the Yoast SEO plugin v27.4 - https:\/\/yoast.com\/product\/yoast-seo-wordpress\/ -->\n<title>Trotz Corona: Gesch\u00e4ftsreisende bevorzugen pers\u00f6nliche Meetings - Organisator<\/title>\n<meta name=\"description\" content=\"Eine Studie des Deutschen Reiseverbands e.V. (DRV) zeigt, dass Gesch\u00e4ftsreisende trotz Corona pers\u00f6nliche Meetings bevorzugen.\" \/>\n<meta name=\"robots\" content=\"index, follow, max-snippet:-1, max-image-preview:large, max-video-preview:-1\" \/>\n<link rel=\"canonical\" href=\"https:\/\/www.organisator.ch\/it\/gestione-2\/2020-06-24\/trotz-corona-geschaeftsreisende-bevorzugen-persoenliche-meetings\/\" \/>\n<meta property=\"og:locale\" content=\"it_IT\" \/>\n<meta property=\"og:type\" content=\"article\" \/>\n<meta property=\"og:title\" content=\"Trotz Corona: Gesch\u00e4ftsreisende bevorzugen pers\u00f6nliche Meetings\" \/>\n<meta property=\"og:description\" content=\"Eine Studie des Deutschen Reiseverbands e.V. (DRV) zeigt, dass Gesch\u00e4ftsreisende trotz Corona pers\u00f6nliche Meetings bevorzugen.\" \/>\n<meta property=\"og:url\" content=\"https:\/\/www.organisator.ch\/it\/gestione-2\/2020-06-24\/trotz-corona-geschaeftsreisende-bevorzugen-persoenliche-meetings\/\" \/>\n<meta property=\"og:site_name\" content=\"Organisator\" \/>\n<meta property=\"article:publisher\" content=\"https:\/\/www.facebook.com\/OrganisatorFachmagazin\" \/>\n<meta property=\"article:published_time\" content=\"2020-06-24T11:49:01+00:00\" \/>\n<meta property=\"og:image\" content=\"https:\/\/www.organisator.ch\/wp-content\/uploads\/2020\/06\/Trotz-Corona-Geschaeftsreisende-bevorzugen-persoenliche-Meetings_Organisator.jpg\" \/>\n\t<meta property=\"og:image:width\" content=\"680\" \/>\n\t<meta property=\"og:image:height\" content=\"539\" \/>\n\t<meta property=\"og:image:type\" content=\"image\/jpeg\" \/>\n<meta name=\"author\" content=\"thomas.berner\" \/>\n<meta name=\"twitter:card\" content=\"summary_large_image\" \/>\n<meta name=\"twitter:title\" content=\"Trotz #Corona: #Gesch\u00e4ftsreisende bevorzugen pers\u00f6nliche Meetings\" \/>\n<meta name=\"twitter:description\" content=\"Eine Studie des Deutschen Reiseverbands e.V. (#DRV) zeigt, dass #Gesch\u00e4ftsreisende trotz #Corona pers\u00f6nliche Meetings bevorzugen.\" \/>\n<meta name=\"twitter:image\" content=\"https:\/\/www.organisator.ch\/wp-content\/uploads\/2020\/06\/Trotz-Corona-Geschaeftsreisende-bevorzugen-persoenliche-Meetings_Organisator.jpg\" \/>\n<script type=\"application\/ld+json\" class=\"yoast-schema-graph\">{\"@context\":\"https:\\\/\\\/schema.org\",\"@graph\":[{\"@type\":\"Article\",\"@id\":\"https:\\\/\\\/www.organisator.ch\\\/management\\\/2020-06-24\\\/trotz-corona-geschaeftsreisende-bevorzugen-persoenliche-meetings\\\/#article\",\"isPartOf\":{\"@id\":\"https:\\\/\\\/www.organisator.ch\\\/management\\\/2020-06-24\\\/trotz-corona-geschaeftsreisende-bevorzugen-persoenliche-meetings\\\/\"},\"author\":{\"name\":\"thomas.berner\",\"@id\":\"https:\\\/\\\/www.organisator.ch\\\/#\\\/schema\\\/person\\\/6f650f90b2842cd4c0cc334b4e36f67e\"},\"headline\":\"Trotz Corona: Gesch\u00e4ftsreisende bevorzugen pers\u00f6nliche Meetings\",\"datePublished\":\"2020-06-24T11:49:01+00:00\",\"mainEntityOfPage\":{\"@id\":\"https:\\\/\\\/www.organisator.ch\\\/management\\\/2020-06-24\\\/trotz-corona-geschaeftsreisende-bevorzugen-persoenliche-meetings\\\/\"},\"wordCount\":585,\"publisher\":{\"@id\":\"https:\\\/\\\/www.organisator.ch\\\/#organization\"},\"image\":{\"@id\":\"https:\\\/\\\/www.organisator.ch\\\/management\\\/2020-06-24\\\/trotz-corona-geschaeftsreisende-bevorzugen-persoenliche-meetings\\\/#primaryimage\"},\"thumbnailUrl\":\"https:\\\/\\\/www.organisator.ch\\\/wp-content\\\/uploads\\\/2020\\\/06\\\/Trotz-Corona-Geschaeftsreisende-bevorzugen-persoenliche-Meetings_Organisator.jpg\",\"keywords\":[\"Business Travel\",\"Coronavirus\",\"Management und Unternehmensf\u00fchrung\",\"Studie\"],\"articleSection\":[\"MANAGEMENT\"],\"inLanguage\":\"it-IT\"},{\"@type\":\"WebPage\",\"@id\":\"https:\\\/\\\/www.organisator.ch\\\/management\\\/2020-06-24\\\/trotz-corona-geschaeftsreisende-bevorzugen-persoenliche-meetings\\\/\",\"url\":\"https:\\\/\\\/www.organisator.ch\\\/management\\\/2020-06-24\\\/trotz-corona-geschaeftsreisende-bevorzugen-persoenliche-meetings\\\/\",\"name\":\"Trotz Corona: Gesch\u00e4ftsreisende bevorzugen pers\u00f6nliche Meetings - Organisator\",\"isPartOf\":{\"@id\":\"https:\\\/\\\/www.organisator.ch\\\/#website\"},\"primaryImageOfPage\":{\"@id\":\"https:\\\/\\\/www.organisator.ch\\\/management\\\/2020-06-24\\\/trotz-corona-geschaeftsreisende-bevorzugen-persoenliche-meetings\\\/#primaryimage\"},\"image\":{\"@id\":\"https:\\\/\\\/www.organisator.ch\\\/management\\\/2020-06-24\\\/trotz-corona-geschaeftsreisende-bevorzugen-persoenliche-meetings\\\/#primaryimage\"},\"thumbnailUrl\":\"https:\\\/\\\/www.organisator.ch\\\/wp-content\\\/uploads\\\/2020\\\/06\\\/Trotz-Corona-Geschaeftsreisende-bevorzugen-persoenliche-Meetings_Organisator.jpg\",\"datePublished\":\"2020-06-24T11:49:01+00:00\",\"description\":\"Eine Studie des Deutschen Reiseverbands e.V. (DRV) zeigt, dass Gesch\u00e4ftsreisende trotz Corona pers\u00f6nliche Meetings bevorzugen.\",\"breadcrumb\":{\"@id\":\"https:\\\/\\\/www.organisator.ch\\\/management\\\/2020-06-24\\\/trotz-corona-geschaeftsreisende-bevorzugen-persoenliche-meetings\\\/#breadcrumb\"},\"inLanguage\":\"it-IT\",\"potentialAction\":[{\"@type\":\"ReadAction\",\"target\":[\"https:\\\/\\\/www.organisator.ch\\\/management\\\/2020-06-24\\\/trotz-corona-geschaeftsreisende-bevorzugen-persoenliche-meetings\\\/\"]}]},{\"@type\":\"ImageObject\",\"inLanguage\":\"it-IT\",\"@id\":\"https:\\\/\\\/www.organisator.ch\\\/management\\\/2020-06-24\\\/trotz-corona-geschaeftsreisende-bevorzugen-persoenliche-meetings\\\/#primaryimage\",\"url\":\"https:\\\/\\\/www.organisator.ch\\\/wp-content\\\/uploads\\\/2020\\\/06\\\/Trotz-Corona-Geschaeftsreisende-bevorzugen-persoenliche-Meetings_Organisator.jpg\",\"contentUrl\":\"https:\\\/\\\/www.organisator.ch\\\/wp-content\\\/uploads\\\/2020\\\/06\\\/Trotz-Corona-Geschaeftsreisende-bevorzugen-persoenliche-Meetings_Organisator.jpg\",\"width\":680,\"height\":539,\"caption\":\"Trotz Corona: Pers\u00f6nliche Treffen bringen mehr Umsatz Weiterer Text \u00fcber ots und www.presseportal.de\\\/nr\\\/106972 \\\/ Die Verwendung dieses Bildes ist f\u00fcr redaktionelle Zwecke honorarfrei. Ver\u00f6ffentlichung bitte unter Quellenangabe: \\\"obs\\\/DRV Deutscher Reiseverband e.V.\\\"\"},{\"@type\":\"BreadcrumbList\",\"@id\":\"https:\\\/\\\/www.organisator.ch\\\/management\\\/2020-06-24\\\/trotz-corona-geschaeftsreisende-bevorzugen-persoenliche-meetings\\\/#breadcrumb\",\"itemListElement\":[{\"@type\":\"ListItem\",\"position\":1,\"name\":\"Home\",\"item\":\"https:\\\/\\\/www.organisator.ch\\\/\"},{\"@type\":\"ListItem\",\"position\":2,\"name\":\"Trotz Corona: Gesch\u00e4ftsreisende bevorzugen pers\u00f6nliche Meetings\"}]},{\"@type\":\"WebSite\",\"@id\":\"https:\\\/\\\/www.organisator.ch\\\/#website\",\"url\":\"https:\\\/\\\/www.organisator.ch\\\/\",\"name\":\"Organisator\",\"description\":\"Kompetent. Praxisnah. Der ORGANISATOR bereitet in 10 Ausgaben pro Jahr die wesentlichen Themen f\u00fcr F\u00fchrungskr\u00e4fte von KMU auf.\",\"publisher\":{\"@id\":\"https:\\\/\\\/www.organisator.ch\\\/#organization\"},\"potentialAction\":[{\"@type\":\"SearchAction\",\"target\":{\"@type\":\"EntryPoint\",\"urlTemplate\":\"https:\\\/\\\/www.organisator.ch\\\/?s={search_term_string}\"},\"query-input\":{\"@type\":\"PropertyValueSpecification\",\"valueRequired\":true,\"valueName\":\"search_term_string\"}}],\"inLanguage\":\"it-IT\"},{\"@type\":\"Organization\",\"@id\":\"https:\\\/\\\/www.organisator.ch\\\/#organization\",\"name\":\"Organisator\",\"url\":\"https:\\\/\\\/www.organisator.ch\\\/\",\"logo\":{\"@type\":\"ImageObject\",\"inLanguage\":\"it-IT\",\"@id\":\"https:\\\/\\\/www.organisator.ch\\\/#\\\/schema\\\/logo\\\/image\\\/\",\"url\":\"https:\\\/\\\/www.organisator.ch\\\/wp-content\\\/uploads\\\/2022\\\/01\\\/Logo_Organisator_Website.png\",\"contentUrl\":\"https:\\\/\\\/www.organisator.ch\\\/wp-content\\\/uploads\\\/2022\\\/01\\\/Logo_Organisator_Website.png\",\"width\":800,\"height\":77,\"caption\":\"Organisator\"},\"image\":{\"@id\":\"https:\\\/\\\/www.organisator.ch\\\/#\\\/schema\\\/logo\\\/image\\\/\"},\"sameAs\":[\"https:\\\/\\\/www.facebook.com\\\/OrganisatorFachmagazin\",\"https:\\\/\\\/www.linkedin.com\\\/showcase\\\/organisator-das-magazin-fr-kmu\",\"https:\\\/\\\/www.xing.com\\\/news\\\/pages\\\/organisator-ch-695\",\"https:\\\/\\\/www.youtube.com\\\/channel\\\/UCGP2Sq0iWaZwT3BdIAQFYpw\"]},{\"@type\":\"Person\",\"@id\":\"https:\\\/\\\/www.organisator.ch\\\/#\\\/schema\\\/person\\\/6f650f90b2842cd4c0cc334b4e36f67e\",\"name\":\"thomas.berner\",\"image\":{\"@type\":\"ImageObject\",\"inLanguage\":\"it-IT\",\"@id\":\"https:\\\/\\\/secure.gravatar.com\\\/avatar\\\/ac5001d2a36cb6c6cd3e50789007ffca834b477b74a2144564522e944eabff61?s=96&d=mm&r=g\",\"url\":\"https:\\\/\\\/secure.gravatar.com\\\/avatar\\\/ac5001d2a36cb6c6cd3e50789007ffca834b477b74a2144564522e944eabff61?s=96&d=mm&r=g\",\"contentUrl\":\"https:\\\/\\\/secure.gravatar.com\\\/avatar\\\/ac5001d2a36cb6c6cd3e50789007ffca834b477b74a2144564522e944eabff61?s=96&d=mm&r=g\",\"caption\":\"thomas.berner\"},\"url\":\"https:\\\/\\\/www.organisator.ch\\\/it\\\/author\\\/thomas-berner\\\/\"}]}<\/script>\n<!-- \/ Yoast SEO plugin. -->","yoast_head_json":{"title":"Nonostante Corona: i viaggiatori d'affari preferiscono gli incontri diretti - Organizzatore","description":"Uno studio della German Travel Association (DRV) dimostra che i viaggiatori d'affari preferiscono le riunioni faccia a faccia, nonostante Corona.","robots":{"index":"index","follow":"follow","max-snippet":"max-snippet:-1","max-image-preview":"max-image-preview:large","max-video-preview":"max-video-preview:-1"},"canonical":"https:\/\/www.organisator.ch\/it\/gestione-2\/2020-06-24\/trotz-corona-geschaeftsreisende-bevorzugen-persoenliche-meetings\/","og_locale":"it_IT","og_type":"article","og_title":"Trotz Corona: Gesch\u00e4ftsreisende bevorzugen pers\u00f6nliche Meetings","og_description":"Eine Studie des Deutschen Reiseverbands e.V. (DRV) zeigt, dass Gesch\u00e4ftsreisende trotz Corona pers\u00f6nliche Meetings bevorzugen.","og_url":"https:\/\/www.organisator.ch\/it\/gestione-2\/2020-06-24\/trotz-corona-geschaeftsreisende-bevorzugen-persoenliche-meetings\/","og_site_name":"Organisator","article_publisher":"https:\/\/www.facebook.com\/OrganisatorFachmagazin","article_published_time":"2020-06-24T11:49:01+00:00","og_image":[{"width":680,"height":539,"url":"https:\/\/www.organisator.ch\/wp-content\/uploads\/2020\/06\/Trotz-Corona-Geschaeftsreisende-bevorzugen-persoenliche-Meetings_Organisator.jpg","type":"image\/jpeg"}],"author":"thomas.berner","twitter_card":"summary_large_image","twitter_title":"Trotz #Corona: #Gesch\u00e4ftsreisende bevorzugen pers\u00f6nliche Meetings","twitter_description":"Eine Studie des Deutschen Reiseverbands e.V. (#DRV) zeigt, dass #Gesch\u00e4ftsreisende trotz #Corona pers\u00f6nliche Meetings bevorzugen.","twitter_image":"https:\/\/www.organisator.ch\/wp-content\/uploads\/2020\/06\/Trotz-Corona-Geschaeftsreisende-bevorzugen-persoenliche-Meetings_Organisator.jpg","schema":{"@context":"https:\/\/schema.org","@graph":[{"@type":"Article","@id":"https:\/\/www.organisator.ch\/management\/2020-06-24\/trotz-corona-geschaeftsreisende-bevorzugen-persoenliche-meetings\/#article","isPartOf":{"@id":"https:\/\/www.organisator.ch\/management\/2020-06-24\/trotz-corona-geschaeftsreisende-bevorzugen-persoenliche-meetings\/"},"author":{"name":"thomas.berner","@id":"https:\/\/www.organisator.ch\/#\/schema\/person\/6f650f90b2842cd4c0cc334b4e36f67e"},"headline":"Trotz Corona: Gesch\u00e4ftsreisende bevorzugen pers\u00f6nliche Meetings","datePublished":"2020-06-24T11:49:01+00:00","mainEntityOfPage":{"@id":"https:\/\/www.organisator.ch\/management\/2020-06-24\/trotz-corona-geschaeftsreisende-bevorzugen-persoenliche-meetings\/"},"wordCount":585,"publisher":{"@id":"https:\/\/www.organisator.ch\/#organization"},"image":{"@id":"https:\/\/www.organisator.ch\/management\/2020-06-24\/trotz-corona-geschaeftsreisende-bevorzugen-persoenliche-meetings\/#primaryimage"},"thumbnailUrl":"https:\/\/www.organisator.ch\/wp-content\/uploads\/2020\/06\/Trotz-Corona-Geschaeftsreisende-bevorzugen-persoenliche-Meetings_Organisator.jpg","keywords":["Business Travel","Coronavirus","Management und Unternehmensf\u00fchrung","Studie"],"articleSection":["MANAGEMENT"],"inLanguage":"it-IT"},{"@type":"WebPage","@id":"https:\/\/www.organisator.ch\/management\/2020-06-24\/trotz-corona-geschaeftsreisende-bevorzugen-persoenliche-meetings\/","url":"https:\/\/www.organisator.ch\/management\/2020-06-24\/trotz-corona-geschaeftsreisende-bevorzugen-persoenliche-meetings\/","name":"Nonostante Corona: i viaggiatori d'affari preferiscono gli incontri diretti - Organizzatore","isPartOf":{"@id":"https:\/\/www.organisator.ch\/#website"},"primaryImageOfPage":{"@id":"https:\/\/www.organisator.ch\/management\/2020-06-24\/trotz-corona-geschaeftsreisende-bevorzugen-persoenliche-meetings\/#primaryimage"},"image":{"@id":"https:\/\/www.organisator.ch\/management\/2020-06-24\/trotz-corona-geschaeftsreisende-bevorzugen-persoenliche-meetings\/#primaryimage"},"thumbnailUrl":"https:\/\/www.organisator.ch\/wp-content\/uploads\/2020\/06\/Trotz-Corona-Geschaeftsreisende-bevorzugen-persoenliche-Meetings_Organisator.jpg","datePublished":"2020-06-24T11:49:01+00:00","description":"Uno studio della German Travel Association (DRV) dimostra che i viaggiatori d'affari preferiscono le riunioni faccia a faccia, nonostante Corona.","breadcrumb":{"@id":"https:\/\/www.organisator.ch\/management\/2020-06-24\/trotz-corona-geschaeftsreisende-bevorzugen-persoenliche-meetings\/#breadcrumb"},"inLanguage":"it-IT","potentialAction":[{"@type":"ReadAction","target":["https:\/\/www.organisator.ch\/management\/2020-06-24\/trotz-corona-geschaeftsreisende-bevorzugen-persoenliche-meetings\/"]}]},{"@type":"ImageObject","inLanguage":"it-IT","@id":"https:\/\/www.organisator.ch\/management\/2020-06-24\/trotz-corona-geschaeftsreisende-bevorzugen-persoenliche-meetings\/#primaryimage","url":"https:\/\/www.organisator.ch\/wp-content\/uploads\/2020\/06\/Trotz-Corona-Geschaeftsreisende-bevorzugen-persoenliche-Meetings_Organisator.jpg","contentUrl":"https:\/\/www.organisator.ch\/wp-content\/uploads\/2020\/06\/Trotz-Corona-Geschaeftsreisende-bevorzugen-persoenliche-Meetings_Organisator.jpg","width":680,"height":539,"caption":"Trotz Corona: Pers\u00f6nliche Treffen bringen mehr Umsatz Weiterer Text \u00fcber ots und www.presseportal.de\/nr\/106972 \/ Die Verwendung dieses Bildes ist f\u00fcr redaktionelle Zwecke honorarfrei. Ver\u00f6ffentlichung bitte unter Quellenangabe: \"obs\/DRV Deutscher Reiseverband e.V.\""},{"@type":"BreadcrumbList","@id":"https:\/\/www.organisator.ch\/management\/2020-06-24\/trotz-corona-geschaeftsreisende-bevorzugen-persoenliche-meetings\/#breadcrumb","itemListElement":[{"@type":"ListItem","position":1,"name":"Home","item":"https:\/\/www.organisator.ch\/"},{"@type":"ListItem","position":2,"name":"Trotz Corona: Gesch\u00e4ftsreisende bevorzugen pers\u00f6nliche Meetings"}]},{"@type":"WebSite","@id":"https:\/\/www.organisator.ch\/#website","url":"https:\/\/www.organisator.ch\/","name":"Organizzatore","description":"Competente. Pratico. In 10 numeri all'anno, ORGANISATOR presenta i temi essenziali per i manager delle PMI.","publisher":{"@id":"https:\/\/www.organisator.ch\/#organization"},"potentialAction":[{"@type":"SearchAction","target":{"@type":"EntryPoint","urlTemplate":"https:\/\/www.organisator.ch\/?s={search_term_string}"},"query-input":{"@type":"PropertyValueSpecification","valueRequired":true,"valueName":"search_term_string"}}],"inLanguage":"it-IT"},{"@type":"Organization","@id":"https:\/\/www.organisator.ch\/#organization","name":"Organizzatore","url":"https:\/\/www.organisator.ch\/","logo":{"@type":"ImageObject","inLanguage":"it-IT","@id":"https:\/\/www.organisator.ch\/#\/schema\/logo\/image\/","url":"https:\/\/www.organisator.ch\/wp-content\/uploads\/2022\/01\/Logo_Organisator_Website.png","contentUrl":"https:\/\/www.organisator.ch\/wp-content\/uploads\/2022\/01\/Logo_Organisator_Website.png","width":800,"height":77,"caption":"Organisator"},"image":{"@id":"https:\/\/www.organisator.ch\/#\/schema\/logo\/image\/"},"sameAs":["https:\/\/www.facebook.com\/OrganisatorFachmagazin","https:\/\/www.linkedin.com\/showcase\/organisator-das-magazin-fr-kmu","https:\/\/www.xing.com\/news\/pages\/organisator-ch-695","https:\/\/www.youtube.com\/channel\/UCGP2Sq0iWaZwT3BdIAQFYpw"]},{"@type":"Person","@id":"https:\/\/www.organisator.ch\/#\/schema\/person\/6f650f90b2842cd4c0cc334b4e36f67e","name":"Tommaso.berner","image":{"@type":"ImageObject","inLanguage":"it-IT","@id":"https:\/\/secure.gravatar.com\/avatar\/ac5001d2a36cb6c6cd3e50789007ffca834b477b74a2144564522e944eabff61?s=96&d=mm&r=g","url":"https:\/\/secure.gravatar.com\/avatar\/ac5001d2a36cb6c6cd3e50789007ffca834b477b74a2144564522e944eabff61?s=96&d=mm&r=g","contentUrl":"https:\/\/secure.gravatar.com\/avatar\/ac5001d2a36cb6c6cd3e50789007ffca834b477b74a2144564522e944eabff61?s=96&d=mm&r=g","caption":"thomas.berner"},"url":"https:\/\/www.organisator.ch\/it\/author\/thomas-berner\/"}]}},"_links":{"self":[{"href":"https:\/\/www.organisator.ch\/it\/wp-json\/wp\/v2\/posts\/6862","targetHints":{"allow":["GET"]}}],"collection":[{"href":"https:\/\/www.organisator.ch\/it\/wp-json\/wp\/v2\/posts"}],"about":[{"href":"https:\/\/www.organisator.ch\/it\/wp-json\/wp\/v2\/types\/post"}],"author":[{"embeddable":true,"href":"https:\/\/www.organisator.ch\/it\/wp-json\/wp\/v2\/users\/4"}],"replies":[{"embeddable":true,"href":"https:\/\/www.organisator.ch\/it\/wp-json\/wp\/v2\/comments?post=6862"}],"version-history":[{"count":0,"href":"https:\/\/www.organisator.ch\/it\/wp-json\/wp\/v2\/posts\/6862\/revisions"}],"wp:featuredmedia":[{"embeddable":true,"href":"https:\/\/www.organisator.ch\/it\/wp-json\/wp\/v2\/media\/6863"}],"wp:attachment":[{"href":"https:\/\/www.organisator.ch\/it\/wp-json\/wp\/v2\/media?parent=6862"}],"wp:term":[{"taxonomy":"category","embeddable":true,"href":"https:\/\/www.organisator.ch\/it\/wp-json\/wp\/v2\/categories?post=6862"},{"taxonomy":"post_tag","embeddable":true,"href":"https:\/\/www.organisator.ch\/it\/wp-json\/wp\/v2\/tags?post=6862"}],"curies":[{"name":"wp","href":"https:\/\/api.w.org\/{rel}","templated":true}]}}