{"id":6871,"date":"2020-06-25T11:53:40","date_gmt":"2020-06-25T09:53:40","guid":{"rendered":"https:\/\/www.organisator.ch\/?p=6871"},"modified":"2020-06-25T11:53:40","modified_gmt":"2020-06-25T09:53:40","slug":"ihre-strategie-stellen-sie-die-richtigen-fragen","status":"publish","type":"post","link":"https:\/\/www.organisator.ch\/it\/management\/2020-06-25\/ihre-strategie-stellen-sie-die-richtigen-fragen\/","title":{"rendered":"La tua strategia: stai facendo le domande giuste?"},"content":{"rendered":"<figure id=\"attachment_6872\" aria-describedby=\"caption-attachment-6872\" style=\"width: 680px\" class=\"wp-caption alignnone\"><img loading=\"lazy\" decoding=\"async\" class=\"size-medium wp-image-6872\" src=\"https:\/\/www.organisator.ch\/wp-content\/uploads\/2020\/06\/Ihre-Strategie-Stellen-Sie-die-richtigen-Fragen_Organisator.jpg\" alt=\"\" width=\"680\" height=\"340\" srcset=\"https:\/\/www.organisator.ch\/wp-content\/uploads\/2020\/06\/Ihre-Strategie-Stellen-Sie-die-richtigen-Fragen_Organisator.jpg 680w, https:\/\/www.organisator.ch\/wp-content\/uploads\/2020\/06\/Ihre-Strategie-Stellen-Sie-die-richtigen-Fragen_Organisator-16x8.jpg 16w, https:\/\/www.organisator.ch\/wp-content\/uploads\/2020\/06\/Ihre-Strategie-Stellen-Sie-die-richtigen-Fragen_Organisator-350x175.jpg 350w, https:\/\/www.organisator.ch\/wp-content\/uploads\/2020\/06\/Ihre-Strategie-Stellen-Sie-die-richtigen-Fragen_Organisator-300x150.jpg 300w\" sizes=\"auto, (max-width: 680px) 100vw, 680px\" \/><figcaption id=\"caption-attachment-6872\" class=\"wp-caption-text\">Interrogate la vostra strategia: con domande semplici. (Immagine: Pixabay.com)<\/figcaption><\/figure>\n<p>Per molte aziende, Covid-19 e il blocco sono cambiati molto. Pertanto, \u00e8 solo logico guardare se la strategia \u00e8 ancora adatta e dove sono necessari degli aggiustamenti. Giusto? Sbagliato!<\/p>\n<p>Dopo tutto, se avete una strategia solida, basata su una visione forte, su un \"perch\u00e9\" chiaro e su aspirazioni chiare, poco cambier\u00e0. Se, d'altra parte, la vostra strategia era sul ghiaccio troppo sottile (cio\u00e8 forse solo una continuazione \"migliore\" del passato o un \"pi\u00f9 di quasi lo stesso\"), allora \u00e8 pi\u00f9 che appropriato riformulare comunque la strategia. Le settimane passate sono state quindi solo la pietra che fornisce l'impulso necessario.<\/p>\n<h2>Dove si trovano i punti pericolosi per la tua strategia<\/h2>\n<p>Ma anche se dite di avere una strategia forte e robusta, continuo a vedere tre questioni che ricevono troppa poca attenzione quando si tratta di plasmare con successo il futuro. Meglio che lo guardiate subito per la vostra azienda o il vostro settore. Il tempo stringe.<\/p>\n<p>Perch\u00e9 troppo rapidamente diamo per scontato che gli affari continueranno pi\u00f9 o meno come prima, che il nostro successo futuro deriver\u00e0 dal successo passato, che la squadra che ci ha portato qui sar\u00e0 anche quella che ci condurr\u00e0 nel futuro. E sono proprio questi presupposti i punti pericolosi per il nostro successo nel futuro.<\/p>\n<h2>Non ci sono \"domande stupide<\/h2>\n<p>Al contrario, raccomando tre domande cruciali e solitamente sottoesposte per una strategia forte:<\/p>\n<ol>\n<li>Chi vogliamo diventare? Questa domanda non viene quasi mai posta seriamente, ma \u00e8 all'inizio di tutto. Come possiamo unire le forze e lottare insieme per l'eccellenza se non abbiamo una comprensione unificata di chi vogliamo diventare? Senza la risposta a questa domanda, rimarrete mediocri.<\/li>\n<li>Quali modelli di business vogliamo avere per questo? La maggior parte delle discussioni sulla strategia che vedo ruotano intorno all'espansione dell'esistente. Solo pochi pensano abbastanza radicalmente in termini di nuovi modelli di business. La maggior parte non sa nemmeno come avvicinarsi sistematicamente.<\/li>\n<li>Quali standard ci poniamo per questo? Le aspirazioni o gli standard sono quei modi di pensare e di comportarsi che esigiamo da ogni membro dell'organizzazione in ogni momento. Le strategie forti definiscono molto chiaramente come dobbiamo comportarci ogni giorno per raggiungere gli obiettivi forti. A proposito, questo non ha molto a che fare con i \"valori\" spesso comuni.<\/li>\n<\/ol>\n<p>Come sempre, \u00e8 una tua scelta se cogliere l'opportunit\u00e0 ora e mettere in forma la tua strategia. Il tempo non \u00e8 mai stato migliore.<\/p>\n<p><i><strong>All'autore:<\/strong><br \/>\n<\/i><em>Volkmar V\u00f6lzke \u00e8 un massimizzatore di successi. Autore del libro. Consulente. Allenatore. Altoparlante. <a href=\"http:\/\/www.volkmarvoelzke.ch\/\">www.volkmarvoelzke.ch<\/a><\/em><\/p>","protected":false},"excerpt":{"rendered":"<p>F\u00fcr viele Unternehmen hat sich so einiges ge\u00e4ndert mit Covid-19 und dem Lockdown. Deshalb ist es nur konsequent, sich anzuschauen, ob die Strategie noch passt und wo es Anpassungen braucht. Richtig? Falsch! Wenn Sie n\u00e4mlich eine robuste Strategie hatten, eine die auf einer starken Vision, auf einem klaren \u201cWarum\u201d und auf klaren Anspr\u00fcchen basiert, \u00e4ndert [&hellip;]<\/p>\n","protected":false},"author":4,"featured_media":6872,"comment_status":"closed","ping_status":"closed","sticky":false,"template":"","format":"standard","meta":{"_acf_changed":false,"_yoast_wpseo_focuskw":"Ihre Strategie","_yoast_wpseo_metadesc":"Passt Ihre Strategie nach Covid-19 und dem Lockdown noch? Der Autor nennt drei entscheidende Fragen, an denen Sie Ihre Unternehmensstrategie messen k\u00f6nnen.","articlekey":"","footnotes":""},"categories":[28],"tags":[115,132,177,335,458],"class_list":["post-6871","post","type-post","status-publish","format-standard","has-post-thumbnail","hentry","category-management","tag-checklisten","tag-coronavirus","tag-erfolgs-impuls","tag-management-und-unternehmensfuehrung","tag-strategie"],"acf":[],"yoast_head":"<!-- This site is optimized with the Yoast SEO plugin v27.5 - https:\/\/yoast.com\/product\/yoast-seo-wordpress\/ -->\n<title>Ihre Strategie: Stellen Sie die richtigen Fragen? - Organisator<\/title>\n<meta name=\"description\" content=\"Passt Ihre Strategie nach Covid-19 und dem Lockdown noch? Der Autor nennt drei entscheidende Fragen, an denen Sie Ihre Unternehmensstrategie messen k\u00f6nnen.\" \/>\n<meta name=\"robots\" content=\"index, follow, max-snippet:-1, max-image-preview:large, max-video-preview:-1\" \/>\n<link rel=\"canonical\" href=\"https:\/\/www.organisator.ch\/it\/gestione-2\/2020-06-25\/ihre-strategie-stellen-sie-die-richtigen-fragen\/\" \/>\n<meta property=\"og:locale\" content=\"it_IT\" \/>\n<meta property=\"og:type\" content=\"article\" \/>\n<meta property=\"og:title\" content=\"Ihre Strategie: Stellen Sie die richtigen Fragen?\" \/>\n<meta property=\"og:description\" content=\"Passt Ihre Strategie nach Covid-19 und dem Lockdown noch? Der Autor nennt drei entscheidende Fragen, an denen Sie Ihre Unternehmensstrategie messen k\u00f6nnen.\" \/>\n<meta property=\"og:url\" content=\"https:\/\/www.organisator.ch\/it\/gestione-2\/2020-06-25\/ihre-strategie-stellen-sie-die-richtigen-fragen\/\" \/>\n<meta property=\"og:site_name\" content=\"Organisator\" \/>\n<meta property=\"article:publisher\" content=\"https:\/\/www.facebook.com\/OrganisatorFachmagazin\" \/>\n<meta property=\"article:published_time\" content=\"2020-06-25T09:53:40+00:00\" \/>\n<meta property=\"og:image\" content=\"https:\/\/www.organisator.ch\/wp-content\/uploads\/2020\/06\/Ihre-Strategie-Stellen-Sie-die-richtigen-Fragen_Organisator.jpg\" \/>\n\t<meta property=\"og:image:width\" content=\"680\" \/>\n\t<meta property=\"og:image:height\" content=\"340\" \/>\n\t<meta property=\"og:image:type\" content=\"image\/jpeg\" \/>\n<meta name=\"author\" content=\"thomas.berner\" \/>\n<meta name=\"twitter:card\" content=\"summary_large_image\" \/>\n<meta name=\"twitter:title\" content=\"Ihre #Strategie: Stellen Sie die richtigen Fragen?\" \/>\n<meta name=\"twitter:description\" content=\"Passt Ihre Strategie nach #Covid-19 und dem #Lockdown noch? Der Autor nennt drei entscheidende Fragen, an denen Sie Ihre #Unternehmensstrategie messen k\u00f6nnen.\" \/>\n<meta name=\"twitter:image\" content=\"https:\/\/www.organisator.ch\/wp-content\/uploads\/2020\/06\/Ihre-Strategie-Stellen-Sie-die-richtigen-Fragen_Organisator.jpg\" \/>\n<script type=\"application\/ld+json\" class=\"yoast-schema-graph\">{\"@context\":\"https:\\\/\\\/schema.org\",\"@graph\":[{\"@type\":\"Article\",\"@id\":\"https:\\\/\\\/www.organisator.ch\\\/management\\\/2020-06-25\\\/ihre-strategie-stellen-sie-die-richtigen-fragen\\\/#article\",\"isPartOf\":{\"@id\":\"https:\\\/\\\/www.organisator.ch\\\/management\\\/2020-06-25\\\/ihre-strategie-stellen-sie-die-richtigen-fragen\\\/\"},\"author\":{\"name\":\"thomas.berner\",\"@id\":\"https:\\\/\\\/www.organisator.ch\\\/#\\\/schema\\\/person\\\/6f650f90b2842cd4c0cc334b4e36f67e\"},\"headline\":\"Ihre Strategie: Stellen Sie die richtigen Fragen?\",\"datePublished\":\"2020-06-25T09:53:40+00:00\",\"mainEntityOfPage\":{\"@id\":\"https:\\\/\\\/www.organisator.ch\\\/management\\\/2020-06-25\\\/ihre-strategie-stellen-sie-die-richtigen-fragen\\\/\"},\"wordCount\":475,\"publisher\":{\"@id\":\"https:\\\/\\\/www.organisator.ch\\\/#organization\"},\"image\":{\"@id\":\"https:\\\/\\\/www.organisator.ch\\\/management\\\/2020-06-25\\\/ihre-strategie-stellen-sie-die-richtigen-fragen\\\/#primaryimage\"},\"thumbnailUrl\":\"https:\\\/\\\/www.organisator.ch\\\/wp-content\\\/uploads\\\/2020\\\/06\\\/Ihre-Strategie-Stellen-Sie-die-richtigen-Fragen_Organisator.jpg\",\"keywords\":[\"Checklisten\",\"Coronavirus\",\"Erfolgs-Impuls\",\"Management und Unternehmensf\u00fchrung\",\"Strategie\"],\"articleSection\":[\"MANAGEMENT\"],\"inLanguage\":\"it-IT\"},{\"@type\":\"WebPage\",\"@id\":\"https:\\\/\\\/www.organisator.ch\\\/management\\\/2020-06-25\\\/ihre-strategie-stellen-sie-die-richtigen-fragen\\\/\",\"url\":\"https:\\\/\\\/www.organisator.ch\\\/management\\\/2020-06-25\\\/ihre-strategie-stellen-sie-die-richtigen-fragen\\\/\",\"name\":\"Ihre Strategie: Stellen Sie die richtigen Fragen? - Organisator\",\"isPartOf\":{\"@id\":\"https:\\\/\\\/www.organisator.ch\\\/#website\"},\"primaryImageOfPage\":{\"@id\":\"https:\\\/\\\/www.organisator.ch\\\/management\\\/2020-06-25\\\/ihre-strategie-stellen-sie-die-richtigen-fragen\\\/#primaryimage\"},\"image\":{\"@id\":\"https:\\\/\\\/www.organisator.ch\\\/management\\\/2020-06-25\\\/ihre-strategie-stellen-sie-die-richtigen-fragen\\\/#primaryimage\"},\"thumbnailUrl\":\"https:\\\/\\\/www.organisator.ch\\\/wp-content\\\/uploads\\\/2020\\\/06\\\/Ihre-Strategie-Stellen-Sie-die-richtigen-Fragen_Organisator.jpg\",\"datePublished\":\"2020-06-25T09:53:40+00:00\",\"description\":\"Passt Ihre Strategie nach Covid-19 und dem Lockdown noch? Der Autor nennt drei entscheidende Fragen, an denen Sie Ihre Unternehmensstrategie messen k\u00f6nnen.\",\"breadcrumb\":{\"@id\":\"https:\\\/\\\/www.organisator.ch\\\/management\\\/2020-06-25\\\/ihre-strategie-stellen-sie-die-richtigen-fragen\\\/#breadcrumb\"},\"inLanguage\":\"it-IT\",\"potentialAction\":[{\"@type\":\"ReadAction\",\"target\":[\"https:\\\/\\\/www.organisator.ch\\\/management\\\/2020-06-25\\\/ihre-strategie-stellen-sie-die-richtigen-fragen\\\/\"]}]},{\"@type\":\"ImageObject\",\"inLanguage\":\"it-IT\",\"@id\":\"https:\\\/\\\/www.organisator.ch\\\/management\\\/2020-06-25\\\/ihre-strategie-stellen-sie-die-richtigen-fragen\\\/#primaryimage\",\"url\":\"https:\\\/\\\/www.organisator.ch\\\/wp-content\\\/uploads\\\/2020\\\/06\\\/Ihre-Strategie-Stellen-Sie-die-richtigen-Fragen_Organisator.jpg\",\"contentUrl\":\"https:\\\/\\\/www.organisator.ch\\\/wp-content\\\/uploads\\\/2020\\\/06\\\/Ihre-Strategie-Stellen-Sie-die-richtigen-Fragen_Organisator.jpg\",\"width\":680,\"height\":340,\"caption\":\"Befragen Sie Ihre Strategie: mit einfachen Fragestellungen. (Bild: Pixabay.com)\"},{\"@type\":\"BreadcrumbList\",\"@id\":\"https:\\\/\\\/www.organisator.ch\\\/management\\\/2020-06-25\\\/ihre-strategie-stellen-sie-die-richtigen-fragen\\\/#breadcrumb\",\"itemListElement\":[{\"@type\":\"ListItem\",\"position\":1,\"name\":\"Home\",\"item\":\"https:\\\/\\\/www.organisator.ch\\\/\"},{\"@type\":\"ListItem\",\"position\":2,\"name\":\"Ihre Strategie: Stellen Sie die richtigen Fragen?\"}]},{\"@type\":\"WebSite\",\"@id\":\"https:\\\/\\\/www.organisator.ch\\\/#website\",\"url\":\"https:\\\/\\\/www.organisator.ch\\\/\",\"name\":\"Organisator\",\"description\":\"Kompetent. Praxisnah. Der ORGANISATOR bereitet in 10 Ausgaben pro Jahr die wesentlichen Themen f\u00fcr F\u00fchrungskr\u00e4fte von KMU auf.\",\"publisher\":{\"@id\":\"https:\\\/\\\/www.organisator.ch\\\/#organization\"},\"potentialAction\":[{\"@type\":\"SearchAction\",\"target\":{\"@type\":\"EntryPoint\",\"urlTemplate\":\"https:\\\/\\\/www.organisator.ch\\\/?s={search_term_string}\"},\"query-input\":{\"@type\":\"PropertyValueSpecification\",\"valueRequired\":true,\"valueName\":\"search_term_string\"}}],\"inLanguage\":\"it-IT\"},{\"@type\":\"Organization\",\"@id\":\"https:\\\/\\\/www.organisator.ch\\\/#organization\",\"name\":\"Organisator\",\"url\":\"https:\\\/\\\/www.organisator.ch\\\/\",\"logo\":{\"@type\":\"ImageObject\",\"inLanguage\":\"it-IT\",\"@id\":\"https:\\\/\\\/www.organisator.ch\\\/#\\\/schema\\\/logo\\\/image\\\/\",\"url\":\"https:\\\/\\\/www.organisator.ch\\\/wp-content\\\/uploads\\\/2022\\\/01\\\/Logo_Organisator_Website.png\",\"contentUrl\":\"https:\\\/\\\/www.organisator.ch\\\/wp-content\\\/uploads\\\/2022\\\/01\\\/Logo_Organisator_Website.png\",\"width\":800,\"height\":77,\"caption\":\"Organisator\"},\"image\":{\"@id\":\"https:\\\/\\\/www.organisator.ch\\\/#\\\/schema\\\/logo\\\/image\\\/\"},\"sameAs\":[\"https:\\\/\\\/www.facebook.com\\\/OrganisatorFachmagazin\",\"https:\\\/\\\/www.linkedin.com\\\/showcase\\\/organisator-das-magazin-fr-kmu\",\"https:\\\/\\\/www.xing.com\\\/news\\\/pages\\\/organisator-ch-695\",\"https:\\\/\\\/www.youtube.com\\\/channel\\\/UCGP2Sq0iWaZwT3BdIAQFYpw\"]},{\"@type\":\"Person\",\"@id\":\"https:\\\/\\\/www.organisator.ch\\\/#\\\/schema\\\/person\\\/6f650f90b2842cd4c0cc334b4e36f67e\",\"name\":\"thomas.berner\",\"image\":{\"@type\":\"ImageObject\",\"inLanguage\":\"it-IT\",\"@id\":\"https:\\\/\\\/secure.gravatar.com\\\/avatar\\\/ac5001d2a36cb6c6cd3e50789007ffca834b477b74a2144564522e944eabff61?s=96&d=mm&r=g\",\"url\":\"https:\\\/\\\/secure.gravatar.com\\\/avatar\\\/ac5001d2a36cb6c6cd3e50789007ffca834b477b74a2144564522e944eabff61?s=96&d=mm&r=g\",\"contentUrl\":\"https:\\\/\\\/secure.gravatar.com\\\/avatar\\\/ac5001d2a36cb6c6cd3e50789007ffca834b477b74a2144564522e944eabff61?s=96&d=mm&r=g\",\"caption\":\"thomas.berner\"},\"url\":\"https:\\\/\\\/www.organisator.ch\\\/it\\\/author\\\/thomas-berner\\\/\"}]}<\/script>\n<!-- \/ Yoast SEO plugin. -->","yoast_head_json":{"title":"La vostra strategia: state ponendo le domande giuste? - Organizzatore","description":"La tua strategia \u00e8 ancora valida dopo Covid-19 e il blocco? L'autore individua tre domande cruciali su cui misurare la propria strategia aziendale.","robots":{"index":"index","follow":"follow","max-snippet":"max-snippet:-1","max-image-preview":"max-image-preview:large","max-video-preview":"max-video-preview:-1"},"canonical":"https:\/\/www.organisator.ch\/it\/gestione-2\/2020-06-25\/ihre-strategie-stellen-sie-die-richtigen-fragen\/","og_locale":"it_IT","og_type":"article","og_title":"Ihre Strategie: Stellen Sie die richtigen Fragen?","og_description":"Passt Ihre Strategie nach Covid-19 und dem Lockdown noch? Der Autor nennt drei entscheidende Fragen, an denen Sie Ihre Unternehmensstrategie messen k\u00f6nnen.","og_url":"https:\/\/www.organisator.ch\/it\/gestione-2\/2020-06-25\/ihre-strategie-stellen-sie-die-richtigen-fragen\/","og_site_name":"Organisator","article_publisher":"https:\/\/www.facebook.com\/OrganisatorFachmagazin","article_published_time":"2020-06-25T09:53:40+00:00","og_image":[{"width":680,"height":340,"url":"https:\/\/www.organisator.ch\/wp-content\/uploads\/2020\/06\/Ihre-Strategie-Stellen-Sie-die-richtigen-Fragen_Organisator.jpg","type":"image\/jpeg"}],"author":"thomas.berner","twitter_card":"summary_large_image","twitter_title":"Ihre #Strategie: Stellen Sie die richtigen Fragen?","twitter_description":"Passt Ihre Strategie nach #Covid-19 und dem #Lockdown noch? Der Autor nennt drei entscheidende Fragen, an denen Sie Ihre #Unternehmensstrategie messen k\u00f6nnen.","twitter_image":"https:\/\/www.organisator.ch\/wp-content\/uploads\/2020\/06\/Ihre-Strategie-Stellen-Sie-die-richtigen-Fragen_Organisator.jpg","schema":{"@context":"https:\/\/schema.org","@graph":[{"@type":"Article","@id":"https:\/\/www.organisator.ch\/management\/2020-06-25\/ihre-strategie-stellen-sie-die-richtigen-fragen\/#article","isPartOf":{"@id":"https:\/\/www.organisator.ch\/management\/2020-06-25\/ihre-strategie-stellen-sie-die-richtigen-fragen\/"},"author":{"name":"thomas.berner","@id":"https:\/\/www.organisator.ch\/#\/schema\/person\/6f650f90b2842cd4c0cc334b4e36f67e"},"headline":"Ihre Strategie: Stellen Sie die richtigen Fragen?","datePublished":"2020-06-25T09:53:40+00:00","mainEntityOfPage":{"@id":"https:\/\/www.organisator.ch\/management\/2020-06-25\/ihre-strategie-stellen-sie-die-richtigen-fragen\/"},"wordCount":475,"publisher":{"@id":"https:\/\/www.organisator.ch\/#organization"},"image":{"@id":"https:\/\/www.organisator.ch\/management\/2020-06-25\/ihre-strategie-stellen-sie-die-richtigen-fragen\/#primaryimage"},"thumbnailUrl":"https:\/\/www.organisator.ch\/wp-content\/uploads\/2020\/06\/Ihre-Strategie-Stellen-Sie-die-richtigen-Fragen_Organisator.jpg","keywords":["Checklisten","Coronavirus","Erfolgs-Impuls","Management und Unternehmensf\u00fchrung","Strategie"],"articleSection":["MANAGEMENT"],"inLanguage":"it-IT"},{"@type":"WebPage","@id":"https:\/\/www.organisator.ch\/management\/2020-06-25\/ihre-strategie-stellen-sie-die-richtigen-fragen\/","url":"https:\/\/www.organisator.ch\/management\/2020-06-25\/ihre-strategie-stellen-sie-die-richtigen-fragen\/","name":"La vostra strategia: state ponendo le domande giuste? - Organizzatore","isPartOf":{"@id":"https:\/\/www.organisator.ch\/#website"},"primaryImageOfPage":{"@id":"https:\/\/www.organisator.ch\/management\/2020-06-25\/ihre-strategie-stellen-sie-die-richtigen-fragen\/#primaryimage"},"image":{"@id":"https:\/\/www.organisator.ch\/management\/2020-06-25\/ihre-strategie-stellen-sie-die-richtigen-fragen\/#primaryimage"},"thumbnailUrl":"https:\/\/www.organisator.ch\/wp-content\/uploads\/2020\/06\/Ihre-Strategie-Stellen-Sie-die-richtigen-Fragen_Organisator.jpg","datePublished":"2020-06-25T09:53:40+00:00","description":"La tua strategia \u00e8 ancora valida dopo Covid-19 e il blocco? L'autore individua tre domande cruciali su cui misurare la propria strategia aziendale.","breadcrumb":{"@id":"https:\/\/www.organisator.ch\/management\/2020-06-25\/ihre-strategie-stellen-sie-die-richtigen-fragen\/#breadcrumb"},"inLanguage":"it-IT","potentialAction":[{"@type":"ReadAction","target":["https:\/\/www.organisator.ch\/management\/2020-06-25\/ihre-strategie-stellen-sie-die-richtigen-fragen\/"]}]},{"@type":"ImageObject","inLanguage":"it-IT","@id":"https:\/\/www.organisator.ch\/management\/2020-06-25\/ihre-strategie-stellen-sie-die-richtigen-fragen\/#primaryimage","url":"https:\/\/www.organisator.ch\/wp-content\/uploads\/2020\/06\/Ihre-Strategie-Stellen-Sie-die-richtigen-Fragen_Organisator.jpg","contentUrl":"https:\/\/www.organisator.ch\/wp-content\/uploads\/2020\/06\/Ihre-Strategie-Stellen-Sie-die-richtigen-Fragen_Organisator.jpg","width":680,"height":340,"caption":"Befragen Sie Ihre Strategie: mit einfachen Fragestellungen. (Bild: Pixabay.com)"},{"@type":"BreadcrumbList","@id":"https:\/\/www.organisator.ch\/management\/2020-06-25\/ihre-strategie-stellen-sie-die-richtigen-fragen\/#breadcrumb","itemListElement":[{"@type":"ListItem","position":1,"name":"Home","item":"https:\/\/www.organisator.ch\/"},{"@type":"ListItem","position":2,"name":"Ihre Strategie: Stellen Sie die richtigen Fragen?"}]},{"@type":"WebSite","@id":"https:\/\/www.organisator.ch\/#website","url":"https:\/\/www.organisator.ch\/","name":"Organizzatore","description":"Competente. Pratico. In 10 numeri all'anno, ORGANISATOR presenta i temi essenziali per i manager delle PMI.","publisher":{"@id":"https:\/\/www.organisator.ch\/#organization"},"potentialAction":[{"@type":"SearchAction","target":{"@type":"EntryPoint","urlTemplate":"https:\/\/www.organisator.ch\/?s={search_term_string}"},"query-input":{"@type":"PropertyValueSpecification","valueRequired":true,"valueName":"search_term_string"}}],"inLanguage":"it-IT"},{"@type":"Organization","@id":"https:\/\/www.organisator.ch\/#organization","name":"Organizzatore","url":"https:\/\/www.organisator.ch\/","logo":{"@type":"ImageObject","inLanguage":"it-IT","@id":"https:\/\/www.organisator.ch\/#\/schema\/logo\/image\/","url":"https:\/\/www.organisator.ch\/wp-content\/uploads\/2022\/01\/Logo_Organisator_Website.png","contentUrl":"https:\/\/www.organisator.ch\/wp-content\/uploads\/2022\/01\/Logo_Organisator_Website.png","width":800,"height":77,"caption":"Organisator"},"image":{"@id":"https:\/\/www.organisator.ch\/#\/schema\/logo\/image\/"},"sameAs":["https:\/\/www.facebook.com\/OrganisatorFachmagazin","https:\/\/www.linkedin.com\/showcase\/organisator-das-magazin-fr-kmu","https:\/\/www.xing.com\/news\/pages\/organisator-ch-695","https:\/\/www.youtube.com\/channel\/UCGP2Sq0iWaZwT3BdIAQFYpw"]},{"@type":"Person","@id":"https:\/\/www.organisator.ch\/#\/schema\/person\/6f650f90b2842cd4c0cc334b4e36f67e","name":"Tommaso.berner","image":{"@type":"ImageObject","inLanguage":"it-IT","@id":"https:\/\/secure.gravatar.com\/avatar\/ac5001d2a36cb6c6cd3e50789007ffca834b477b74a2144564522e944eabff61?s=96&d=mm&r=g","url":"https:\/\/secure.gravatar.com\/avatar\/ac5001d2a36cb6c6cd3e50789007ffca834b477b74a2144564522e944eabff61?s=96&d=mm&r=g","contentUrl":"https:\/\/secure.gravatar.com\/avatar\/ac5001d2a36cb6c6cd3e50789007ffca834b477b74a2144564522e944eabff61?s=96&d=mm&r=g","caption":"thomas.berner"},"url":"https:\/\/www.organisator.ch\/it\/author\/thomas-berner\/"}]}},"_links":{"self":[{"href":"https:\/\/www.organisator.ch\/it\/wp-json\/wp\/v2\/posts\/6871","targetHints":{"allow":["GET"]}}],"collection":[{"href":"https:\/\/www.organisator.ch\/it\/wp-json\/wp\/v2\/posts"}],"about":[{"href":"https:\/\/www.organisator.ch\/it\/wp-json\/wp\/v2\/types\/post"}],"author":[{"embeddable":true,"href":"https:\/\/www.organisator.ch\/it\/wp-json\/wp\/v2\/users\/4"}],"replies":[{"embeddable":true,"href":"https:\/\/www.organisator.ch\/it\/wp-json\/wp\/v2\/comments?post=6871"}],"version-history":[{"count":0,"href":"https:\/\/www.organisator.ch\/it\/wp-json\/wp\/v2\/posts\/6871\/revisions"}],"wp:featuredmedia":[{"embeddable":true,"href":"https:\/\/www.organisator.ch\/it\/wp-json\/wp\/v2\/media\/6872"}],"wp:attachment":[{"href":"https:\/\/www.organisator.ch\/it\/wp-json\/wp\/v2\/media?parent=6871"}],"wp:term":[{"taxonomy":"category","embeddable":true,"href":"https:\/\/www.organisator.ch\/it\/wp-json\/wp\/v2\/categories?post=6871"},{"taxonomy":"post_tag","embeddable":true,"href":"https:\/\/www.organisator.ch\/it\/wp-json\/wp\/v2\/tags?post=6871"}],"curies":[{"name":"wp","href":"https:\/\/api.w.org\/{rel}","templated":true}]}}