{"id":6881,"date":"2020-06-29T08:57:44","date_gmt":"2020-06-29T06:57:44","guid":{"rendered":"https:\/\/www.organisator.ch\/?p=6881"},"modified":"2020-06-29T08:57:44","modified_gmt":"2020-06-29T06:57:44","slug":"aktienregister-und-generalversammlungen-digitalisieren","status":"publish","type":"post","link":"https:\/\/www.organisator.ch\/it\/management\/finanzen_recht\/2020-06-29\/aktienregister-und-generalversammlungen-digitalisieren\/","title":{"rendered":"Digitalizzare i registri delle azioni e le assemblee generali"},"content":{"rendered":"<figure id=\"attachment_6882\" aria-describedby=\"caption-attachment-6882\" style=\"width: 680px\" class=\"wp-caption alignnone\"><img loading=\"lazy\" decoding=\"async\" class=\"size-medium wp-image-6882\" src=\"https:\/\/www.organisator.ch\/wp-content\/uploads\/2020\/06\/Aktienregister-und-Generalversammlungen-digitalisieren-1_Organisator.jpg\" alt=\"\" width=\"680\" height=\"452\" srcset=\"https:\/\/www.organisator.ch\/wp-content\/uploads\/2020\/06\/Aktienregister-und-Generalversammlungen-digitalisieren-1_Organisator.jpg 680w, https:\/\/www.organisator.ch\/wp-content\/uploads\/2020\/06\/Aktienregister-und-Generalversammlungen-digitalisieren-1_Organisator-16x12.jpg 16w, https:\/\/www.organisator.ch\/wp-content\/uploads\/2020\/06\/Aktienregister-und-Generalversammlungen-digitalisieren-1_Organisator-263x175.jpg 263w, https:\/\/www.organisator.ch\/wp-content\/uploads\/2020\/06\/Aktienregister-und-Generalversammlungen-digitalisieren-1_Organisator-527x350.jpg 527w, https:\/\/www.organisator.ch\/wp-content\/uploads\/2020\/06\/Aktienregister-und-Generalversammlungen-digitalisieren-1_Organisator-300x199.jpg 300w\" sizes=\"auto, (max-width: 680px) 100vw, 680px\" \/><figcaption id=\"caption-attachment-6882\" class=\"wp-caption-text\">Avere sempre accesso al registro delle azioni tramite l'applicazione per smartphone: Questo \u00e8 l'aspetto della digitalizzazione nell'amministrazione dei titoli. (Immagine: William Iven \/ Pixabay.com)<\/figcaption><\/figure>\n<p>Il divieto di assemblee stabilito nell'ordinanza federale Covid 19 2 vietava tutte le manifestazioni pubbliche o private, compresi gli eventi sportivi e le attivit\u00e0 dei club. Questo includeva anche le assemblee degli azionisti o generali con pi\u00f9 di cinque persone. Questo divieto di riunione, tuttavia, era in conflitto con il Codice delle Obbligazioni: perch\u00e9 l'assemblea generale ordinaria deve aver avuto luogo entro sei mesi dalla fine dell'anno commerciale. Per garantire comunque un regolare svolgimento, il legislatore aveva previsto quanto segue nell'ordinanza Covid 19: \"Nel caso di assemblee di societ\u00e0, l'organizzatore pu\u00f2, indipendentemente dal numero previsto di partecipanti e senza rispettare il periodo di invito, ordinare che i partecipanti possano esercitare i loro diritti esclusivamente: 1. per iscritto o in forma elettronica; o 2. attraverso una delega indipendente designata dall'organizzatore.\" Molte societ\u00e0 per azioni - tra cui Galledia Group AG, che possiede anche la nostra rivista specializzata - hanno quindi tenuto le loro assemblee generali per posta. Tuttavia, lo sforzo manuale era elevato e gli errori nel conteggio dovevano essere scrupolosamente evitati affinch\u00e9 le risoluzioni non potessero essere contestate.<\/p>\n<h2>Riunioni generali in videoconferenza?<\/h2>\n<p>Quindi tenere l'AGM in videoconferenza sarebbe stata un'alternativa migliore? Non necessariamente. Soprattutto se pi\u00f9 di dieci azionisti dovessero partecipare, ci sarebbero stati diversi ostacoli. Ogni partecipante avrebbe dovuto essere identificato e autenticato per poter esprimere la sua opinione sugli affari dell'AGM o esercitare il suo diritto di voto tramite video. La PMI zurighese Aequitec AG ha quindi trovato una soluzione a questo problema: con l'aiuto di un'applicazione per smartphone, le PMI con azioni nominative non quotate hanno comunque potuto tenere un'assemblea generale conforme all'ordinanza Covid 19 e al codice delle obbligazioni. Aequitec ha fatto affidamento sull'opzione di deleghe indipendenti - fornite da studi legali e notarili svizzeri con cui Aequitec lavora da tempo. \"Abbiamo accompagnato la procedura di voto in ogni caso con una soluzione basata su telefono cellulare e browser per una gestione legalmente pulita dell'assemblea generale di Covid\", spiega Christian Wilk, cofondatore e product manager di Aequitec AG.<\/p>\n<h2>Il punto cruciale con la scrittura<\/h2>\n<p>Ma ora che le riunioni fino a 300 persone sono di nuovo possibili, la richiesta di questa soluzione sta naturalmente diminuendo. Tuttavia, l'esempio mostra fondamentalmente ci\u00f2 che \u00e8 possibile oggi grazie alla digitalizzazione - a beneficio delle molte PMI societ\u00e0 per azioni. Affinch\u00e9 un'assemblea generale sia tenuta virtualmente, le azioni stesse dovrebbero essere disponibili virtualmente. Questo \u00e8 comunque in linea con la tendenza generale: che le azioni siano fisicamente tangibili come titoli dovrebbe essere una cosa del passato nel medio e lungo termine. Oggi, le azioni - cos\u00ec come altri titoli non certificati, titoli e in futuro forse anche titoli registrati - sono sempre pi\u00f9 emessi come titoli book-entry - cio\u00e8 non pi\u00f9 in forma cartacea. Ma anche l\u00ec, il legislatore svizzero pone dei limiti: Da un lato, solo SIX SIS SA pu\u00f2 strutturare le azioni come titoli intermediati e tenerle in custodia insieme a un depositario. In secondo luogo, un trasferimento digitale delle azioni pu\u00f2 avvenire solo attraverso il depositario, per esempio una banca. Le societ\u00e0 che non hanno le loro azioni sotto forma di titoli intermediati devono trasferire le loro azioni mediante cessione secondo il Codice delle obbligazioni. E questo incarico deve essere scritto a mano, perch\u00e9 la firma digitale non \u00e8 riuscita ad affermarsi qui. Inoltre, tali assegnazioni sono soggette a errori: Se le assegnazioni passate non sono state adeguatamente documentate, a volte non \u00e8 nemmeno chiaro se qualcuno che afferma di essere il proprietario di un'azione sia ancora un azionista.<\/p>\n<h2>Una \"quota digitale\" non \u00e8 solo digitale<\/h2>\n<p>Questo rende ancora pi\u00f9 importante tenere un registro delle azioni pulito - anche per le PMI. Aequitec AG \u00e8 anche un fornitore di registro per azioni registrate. \"I nostri clienti target sono PMI svizzere innovative con azioni nominative non quotate che stanno pianificando un aumento di capitale, un piano di successione o hanno bisogno di convertire azioni al portatore in azioni nominative per il prossimo anno\", spiega Christian Wilk. In sostanza, naturalmente, si tratta anche dell'azione digitale - intesa come un semplice diritto di valore rivestito di titoli a libro. \"Il vantaggio per le PMI con l'azione digitale \u00e8 l'ingresso delle azioni non quotate tramite il numero ISIN nei conti titoli presso la rispettiva banca domestica dell'azionista, cio\u00e8 l'azionista. Cos\u00ec, la propriet\u00e0 non quotata pu\u00f2 essere attribuita al patrimonio olistico dei clienti\", dice Christian Wilk. \"Questo \u00e8 importante per la diversificazione del portafoglio, per esempio, poich\u00e9 un cliente pu\u00f2 avere una partecipazione significativamente pi\u00f9 alta di quella che la banca pu\u00f2 riconoscere oggi nel suo servizio di consulenza ai clienti\". Inoltre, nuovi gruppi di azionisti si aprirebbero per l'imprenditore, poich\u00e9 l'azione digitale pu\u00f2 essere registrata come un'aggiunta ai portafogli di titoli esistenti.<\/p>\n<p>Quando Christian Wilk parla della quota digitale, si differenzia chiaramente dai cosiddetti \"token\", che sono basati su tecnologie blockchain pubbliche, per esempio Ethereum. Il punto chiave: secondo la maggioranza dei giuristi, i \"token\" sono (semplici) titoli non certificati e non sono rivestiti di titoli a libro. Tuttavia, per questi token azionari senza titoli book-entry, un trasferimento legalmente pulito della propriet\u00e0 non \u00e8 attualmente possibile, in quanto non esiste un'assegnazione scritta obbligatoria (\"cessione\") (Pasquier &amp; Ayer, Formal invalid transfer of shares on the Blockchain, 2019). Solo la nuova legge sulle societ\u00e0 per azioni, attualmente in fase di revisione, dovrebbe fare chiarezza a questo proposito.<\/p>\n<h2>Dal foglio Excel all'applicazione per smartphone<\/h2>\n<p>Il trasferimento legalmente pulito della propriet\u00e0 risulta quindi essere la \"questione cruciale\" per la quota digitale. Aequitec AG si occupa quindi ancora principalmente di snellire e migliorare i processi precedenti e consolidati - che si tratti del trasferimento di azioni o dello svolgimento di assemblee generali. A questo scopo, Aequitec ha sviluppato l'applicazione per smartphone menzionata sopra, che permette di gestire facilmente i compiti formali nell'area della governance aziendale - \"un nuovo tipo di esperienza del cliente\", come sottolinea Christian Wilk. Tuttavia, la base per questo \u00e8 e rimane un registro delle azioni ben tenuto. Molte PMI lo mantengono ancora tramite fogli di calcolo Excel. Questo \u00e8 un ostacolo decisivo sulla strada delle azioni digitali o delle applicazioni per smartphone. Christian Wilk: \"Perch\u00e9 non usare i mesi estivi per rendere il registro delle azioni adatto a noi per l'introduzione dell'azione digitale?<\/p>\n<h2>Come rendere idoneo il vostro registro delle azioni<\/h2>\n<ul>\n<li>Verifica dei nomi e degli indirizzi, in particolare dei titolari effettivi<\/li>\n<li>Registrazione non solo della propriet\u00e0 ma anche dei diritti di voto associati<\/li>\n<li>Registrazione di tutte le persone autorizzate a rappresentare, in particolare le persone giuridiche<\/li>\n<li>Revisione delle date di scadenza delle procure a portata di mano<\/li>\n<li>Chiara separazione del registro delle azioni e dell'elenco degli azionisti<\/li>\n<li>Separazione netta del capitale azionario e di partecipazione<\/li>\n<li>Registrazione di tutti i cambiamenti di stock<\/li>\n<li>Registrazione di tutti i trasferimenti di azioni (numero di azioni, prezzo e data dell'acquisizione, specifiche, ecc.)<br \/>\ndallo Statuto e dal Patto Parasociale)<\/li>\n<li>Eliminare, non cancellare gli azionisti esistenti<\/li>\n<\/ul>\n<p><em>Ulteriori informazioni: <a href=\"http:\/\/www.aequitec.ch\">www.aequitec.ch<\/a><\/em><\/p>","protected":false},"excerpt":{"rendered":"<p>Das in der bundesr\u00e4tlichen Covid-19-Verordnung 2 festgelegte Versammlungsverbot untersagte s\u00e4mtliche \u00f6ffentlichen oder privaten Veranstaltungen, einschliesslich Sportveranstaltungen und Vereinsaktivit\u00e4ten. Dazu z\u00e4hlten auch Aktion\u00e4rs- bzw. Generalversammlungen mit mehr als f\u00fcnf Personen. Mit diesem Versammlungsverbot kam es allerdings zu einem Widerspruch zum Obligationenrecht: Denn innerhalb von sechs Monaten nach Abschluss des Gesch\u00e4ftsjahres muss die ordentliche Generalversammlung stattgefunden haben. [&hellip;]<\/p>\n","protected":false},"author":4,"featured_media":6882,"comment_status":"closed","ping_status":"closed","sticky":false,"template":"","format":"standard","meta":{"_acf_changed":false,"_yoast_wpseo_focuskw":"Aktienregister","_yoast_wpseo_metadesc":"Die Corona-Pandemie hat einen Digitalisierungsschub ausgel\u00f6st, auch bei der virtuellen Durchf\u00fchrungen von Generalversammlungen und beim Aktienregister.","articlekey":"","footnotes":""},"categories":[24],"tags":[36,37,156,202,232,521],"class_list":["post-6881","post","type-post","status-publish","format-standard","has-post-thumbnail","hentry","category-finanzen_recht","tag-aktien","tag-aktienrecht","tag-digitalisierung","tag-finanzenrecht","tag-generalversammlungen","tag-wertpapiere"],"acf":[],"yoast_head":"<!-- This site is optimized with the Yoast SEO plugin v27.5 - https:\/\/yoast.com\/product\/yoast-seo-wordpress\/ -->\n<title>Aktienregister und Generalversammlungen digitalisieren - Organisator<\/title>\n<meta name=\"description\" content=\"Die Corona-Pandemie hat einen Digitalisierungsschub ausgel\u00f6st, auch bei der virtuellen Durchf\u00fchrungen von Generalversammlungen und beim Aktienregister.\" \/>\n<meta name=\"robots\" content=\"index, follow, max-snippet:-1, max-image-preview:large, max-video-preview:-1\" \/>\n<link rel=\"canonical\" href=\"https:\/\/www.organisator.ch\/it\/gestione-2\/finanzen_recht\/2020-06-29\/aktienregister-und-generalversammlungen-digitalisieren\/\" \/>\n<meta property=\"og:locale\" content=\"it_IT\" \/>\n<meta property=\"og:type\" content=\"article\" \/>\n<meta property=\"og:title\" content=\"Aktienregister und Generalversammlungen digitalisieren\" \/>\n<meta property=\"og:description\" content=\"Die Corona-Pandemie hat einen Digitalisierungsschub ausgel\u00f6st, auch bei der virtuellen Durchf\u00fchrungen von Generalversammlungen und beim Aktienregister.\" \/>\n<meta property=\"og:url\" content=\"https:\/\/www.organisator.ch\/it\/gestione-2\/finanzen_recht\/2020-06-29\/aktienregister-und-generalversammlungen-digitalisieren\/\" \/>\n<meta property=\"og:site_name\" content=\"Organisator\" \/>\n<meta property=\"article:publisher\" content=\"https:\/\/www.facebook.com\/OrganisatorFachmagazin\" \/>\n<meta property=\"article:published_time\" content=\"2020-06-29T06:57:44+00:00\" \/>\n<meta property=\"og:image\" content=\"https:\/\/www.organisator.ch\/wp-content\/uploads\/2020\/06\/Aktienregister-und-Generalversammlungen-digitalisieren-1_Organisator.jpg\" \/>\n\t<meta property=\"og:image:width\" content=\"680\" \/>\n\t<meta property=\"og:image:height\" content=\"452\" \/>\n\t<meta property=\"og:image:type\" content=\"image\/jpeg\" \/>\n<meta name=\"author\" content=\"thomas.berner\" \/>\n<meta name=\"twitter:card\" content=\"summary_large_image\" \/>\n<meta name=\"twitter:title\" content=\"#Aktienregister und #Generalversammlungen digitalisieren\" \/>\n<meta name=\"twitter:description\" content=\"Die #Corona-Pandemie hat einen #Digitalisierungsschub ausgel\u00f6st, auch bei der virtuellen Durchf\u00fchrungen von #Generalversammlungen und beim #Aktienregister.\" \/>\n<meta name=\"twitter:image\" content=\"https:\/\/www.organisator.ch\/wp-content\/uploads\/2020\/06\/Aktienregister-und-Generalversammlungen-digitalisieren-1_Organisator.jpg\" \/>\n<script type=\"application\/ld+json\" class=\"yoast-schema-graph\">{\"@context\":\"https:\\\/\\\/schema.org\",\"@graph\":[{\"@type\":\"Article\",\"@id\":\"https:\\\/\\\/www.organisator.ch\\\/management\\\/finanzen_recht\\\/2020-06-29\\\/aktienregister-und-generalversammlungen-digitalisieren\\\/#article\",\"isPartOf\":{\"@id\":\"https:\\\/\\\/www.organisator.ch\\\/management\\\/finanzen_recht\\\/2020-06-29\\\/aktienregister-und-generalversammlungen-digitalisieren\\\/\"},\"author\":{\"name\":\"thomas.berner\",\"@id\":\"https:\\\/\\\/www.organisator.ch\\\/#\\\/schema\\\/person\\\/6f650f90b2842cd4c0cc334b4e36f67e\"},\"headline\":\"Aktienregister und Generalversammlungen digitalisieren\",\"datePublished\":\"2020-06-29T06:57:44+00:00\",\"mainEntityOfPage\":{\"@id\":\"https:\\\/\\\/www.organisator.ch\\\/management\\\/finanzen_recht\\\/2020-06-29\\\/aktienregister-und-generalversammlungen-digitalisieren\\\/\"},\"wordCount\":1097,\"publisher\":{\"@id\":\"https:\\\/\\\/www.organisator.ch\\\/#organization\"},\"image\":{\"@id\":\"https:\\\/\\\/www.organisator.ch\\\/management\\\/finanzen_recht\\\/2020-06-29\\\/aktienregister-und-generalversammlungen-digitalisieren\\\/#primaryimage\"},\"thumbnailUrl\":\"https:\\\/\\\/www.organisator.ch\\\/wp-content\\\/uploads\\\/2020\\\/06\\\/Aktienregister-und-Generalversammlungen-digitalisieren-1_Organisator.jpg\",\"keywords\":[\"Aktien\",\"Aktienrecht\",\"Digitalisierung\",\"Finanzen\\\/Recht\",\"Generalversammlungen\",\"Wertpapiere\"],\"articleSection\":[\"FINANZEN\\\/RECHT\"],\"inLanguage\":\"it-IT\"},{\"@type\":\"WebPage\",\"@id\":\"https:\\\/\\\/www.organisator.ch\\\/management\\\/finanzen_recht\\\/2020-06-29\\\/aktienregister-und-generalversammlungen-digitalisieren\\\/\",\"url\":\"https:\\\/\\\/www.organisator.ch\\\/management\\\/finanzen_recht\\\/2020-06-29\\\/aktienregister-und-generalversammlungen-digitalisieren\\\/\",\"name\":\"Aktienregister und Generalversammlungen digitalisieren - Organisator\",\"isPartOf\":{\"@id\":\"https:\\\/\\\/www.organisator.ch\\\/#website\"},\"primaryImageOfPage\":{\"@id\":\"https:\\\/\\\/www.organisator.ch\\\/management\\\/finanzen_recht\\\/2020-06-29\\\/aktienregister-und-generalversammlungen-digitalisieren\\\/#primaryimage\"},\"image\":{\"@id\":\"https:\\\/\\\/www.organisator.ch\\\/management\\\/finanzen_recht\\\/2020-06-29\\\/aktienregister-und-generalversammlungen-digitalisieren\\\/#primaryimage\"},\"thumbnailUrl\":\"https:\\\/\\\/www.organisator.ch\\\/wp-content\\\/uploads\\\/2020\\\/06\\\/Aktienregister-und-Generalversammlungen-digitalisieren-1_Organisator.jpg\",\"datePublished\":\"2020-06-29T06:57:44+00:00\",\"description\":\"Die Corona-Pandemie hat einen Digitalisierungsschub ausgel\u00f6st, auch bei der virtuellen Durchf\u00fchrungen von Generalversammlungen und beim Aktienregister.\",\"breadcrumb\":{\"@id\":\"https:\\\/\\\/www.organisator.ch\\\/management\\\/finanzen_recht\\\/2020-06-29\\\/aktienregister-und-generalversammlungen-digitalisieren\\\/#breadcrumb\"},\"inLanguage\":\"it-IT\",\"potentialAction\":[{\"@type\":\"ReadAction\",\"target\":[\"https:\\\/\\\/www.organisator.ch\\\/management\\\/finanzen_recht\\\/2020-06-29\\\/aktienregister-und-generalversammlungen-digitalisieren\\\/\"]}]},{\"@type\":\"ImageObject\",\"inLanguage\":\"it-IT\",\"@id\":\"https:\\\/\\\/www.organisator.ch\\\/management\\\/finanzen_recht\\\/2020-06-29\\\/aktienregister-und-generalversammlungen-digitalisieren\\\/#primaryimage\",\"url\":\"https:\\\/\\\/www.organisator.ch\\\/wp-content\\\/uploads\\\/2020\\\/06\\\/Aktienregister-und-Generalversammlungen-digitalisieren-1_Organisator.jpg\",\"contentUrl\":\"https:\\\/\\\/www.organisator.ch\\\/wp-content\\\/uploads\\\/2020\\\/06\\\/Aktienregister-und-Generalversammlungen-digitalisieren-1_Organisator.jpg\",\"width\":680,\"height\":452,\"caption\":\"Per Smartphone-App immer Zugriff auf das Aktienregister haben: So sieht Digitalisierung in der Wertschriftenverwaltung aus. (Bild: Pixabay.com)\"},{\"@type\":\"BreadcrumbList\",\"@id\":\"https:\\\/\\\/www.organisator.ch\\\/management\\\/finanzen_recht\\\/2020-06-29\\\/aktienregister-und-generalversammlungen-digitalisieren\\\/#breadcrumb\",\"itemListElement\":[{\"@type\":\"ListItem\",\"position\":1,\"name\":\"Home\",\"item\":\"https:\\\/\\\/www.organisator.ch\\\/\"},{\"@type\":\"ListItem\",\"position\":2,\"name\":\"Aktienregister und Generalversammlungen digitalisieren\"}]},{\"@type\":\"WebSite\",\"@id\":\"https:\\\/\\\/www.organisator.ch\\\/#website\",\"url\":\"https:\\\/\\\/www.organisator.ch\\\/\",\"name\":\"Organisator\",\"description\":\"Kompetent. Praxisnah. Der ORGANISATOR bereitet in 10 Ausgaben pro Jahr die wesentlichen Themen f\u00fcr F\u00fchrungskr\u00e4fte von KMU auf.\",\"publisher\":{\"@id\":\"https:\\\/\\\/www.organisator.ch\\\/#organization\"},\"potentialAction\":[{\"@type\":\"SearchAction\",\"target\":{\"@type\":\"EntryPoint\",\"urlTemplate\":\"https:\\\/\\\/www.organisator.ch\\\/?s={search_term_string}\"},\"query-input\":{\"@type\":\"PropertyValueSpecification\",\"valueRequired\":true,\"valueName\":\"search_term_string\"}}],\"inLanguage\":\"it-IT\"},{\"@type\":\"Organization\",\"@id\":\"https:\\\/\\\/www.organisator.ch\\\/#organization\",\"name\":\"Organisator\",\"url\":\"https:\\\/\\\/www.organisator.ch\\\/\",\"logo\":{\"@type\":\"ImageObject\",\"inLanguage\":\"it-IT\",\"@id\":\"https:\\\/\\\/www.organisator.ch\\\/#\\\/schema\\\/logo\\\/image\\\/\",\"url\":\"https:\\\/\\\/www.organisator.ch\\\/wp-content\\\/uploads\\\/2022\\\/01\\\/Logo_Organisator_Website.png\",\"contentUrl\":\"https:\\\/\\\/www.organisator.ch\\\/wp-content\\\/uploads\\\/2022\\\/01\\\/Logo_Organisator_Website.png\",\"width\":800,\"height\":77,\"caption\":\"Organisator\"},\"image\":{\"@id\":\"https:\\\/\\\/www.organisator.ch\\\/#\\\/schema\\\/logo\\\/image\\\/\"},\"sameAs\":[\"https:\\\/\\\/www.facebook.com\\\/OrganisatorFachmagazin\",\"https:\\\/\\\/www.linkedin.com\\\/showcase\\\/organisator-das-magazin-fr-kmu\",\"https:\\\/\\\/www.xing.com\\\/news\\\/pages\\\/organisator-ch-695\",\"https:\\\/\\\/www.youtube.com\\\/channel\\\/UCGP2Sq0iWaZwT3BdIAQFYpw\"]},{\"@type\":\"Person\",\"@id\":\"https:\\\/\\\/www.organisator.ch\\\/#\\\/schema\\\/person\\\/6f650f90b2842cd4c0cc334b4e36f67e\",\"name\":\"thomas.berner\",\"image\":{\"@type\":\"ImageObject\",\"inLanguage\":\"it-IT\",\"@id\":\"https:\\\/\\\/secure.gravatar.com\\\/avatar\\\/ac5001d2a36cb6c6cd3e50789007ffca834b477b74a2144564522e944eabff61?s=96&d=mm&r=g\",\"url\":\"https:\\\/\\\/secure.gravatar.com\\\/avatar\\\/ac5001d2a36cb6c6cd3e50789007ffca834b477b74a2144564522e944eabff61?s=96&d=mm&r=g\",\"contentUrl\":\"https:\\\/\\\/secure.gravatar.com\\\/avatar\\\/ac5001d2a36cb6c6cd3e50789007ffca834b477b74a2144564522e944eabff61?s=96&d=mm&r=g\",\"caption\":\"thomas.berner\"},\"url\":\"https:\\\/\\\/www.organisator.ch\\\/it\\\/author\\\/thomas-berner\\\/\"}]}<\/script>\n<!-- \/ Yoast SEO plugin. -->","yoast_head_json":{"title":"Digitalizzare i registri azionari e le assemblee generali - Organizzatore","description":"La pandemia di Corona ha innescato una spinta alla digitalizzazione, anche nello svolgimento virtuale delle assemblee generali e del registro delle azioni.","robots":{"index":"index","follow":"follow","max-snippet":"max-snippet:-1","max-image-preview":"max-image-preview:large","max-video-preview":"max-video-preview:-1"},"canonical":"https:\/\/www.organisator.ch\/it\/gestione-2\/finanzen_recht\/2020-06-29\/aktienregister-und-generalversammlungen-digitalisieren\/","og_locale":"it_IT","og_type":"article","og_title":"Aktienregister und Generalversammlungen digitalisieren","og_description":"Die Corona-Pandemie hat einen Digitalisierungsschub ausgel\u00f6st, auch bei der virtuellen Durchf\u00fchrungen von Generalversammlungen und beim Aktienregister.","og_url":"https:\/\/www.organisator.ch\/it\/gestione-2\/finanzen_recht\/2020-06-29\/aktienregister-und-generalversammlungen-digitalisieren\/","og_site_name":"Organisator","article_publisher":"https:\/\/www.facebook.com\/OrganisatorFachmagazin","article_published_time":"2020-06-29T06:57:44+00:00","og_image":[{"width":680,"height":452,"url":"https:\/\/www.organisator.ch\/wp-content\/uploads\/2020\/06\/Aktienregister-und-Generalversammlungen-digitalisieren-1_Organisator.jpg","type":"image\/jpeg"}],"author":"thomas.berner","twitter_card":"summary_large_image","twitter_title":"#Aktienregister und #Generalversammlungen digitalisieren","twitter_description":"Die #Corona-Pandemie hat einen #Digitalisierungsschub ausgel\u00f6st, auch bei der virtuellen Durchf\u00fchrungen von #Generalversammlungen und beim #Aktienregister.","twitter_image":"https:\/\/www.organisator.ch\/wp-content\/uploads\/2020\/06\/Aktienregister-und-Generalversammlungen-digitalisieren-1_Organisator.jpg","schema":{"@context":"https:\/\/schema.org","@graph":[{"@type":"Article","@id":"https:\/\/www.organisator.ch\/management\/finanzen_recht\/2020-06-29\/aktienregister-und-generalversammlungen-digitalisieren\/#article","isPartOf":{"@id":"https:\/\/www.organisator.ch\/management\/finanzen_recht\/2020-06-29\/aktienregister-und-generalversammlungen-digitalisieren\/"},"author":{"name":"thomas.berner","@id":"https:\/\/www.organisator.ch\/#\/schema\/person\/6f650f90b2842cd4c0cc334b4e36f67e"},"headline":"Aktienregister und Generalversammlungen digitalisieren","datePublished":"2020-06-29T06:57:44+00:00","mainEntityOfPage":{"@id":"https:\/\/www.organisator.ch\/management\/finanzen_recht\/2020-06-29\/aktienregister-und-generalversammlungen-digitalisieren\/"},"wordCount":1097,"publisher":{"@id":"https:\/\/www.organisator.ch\/#organization"},"image":{"@id":"https:\/\/www.organisator.ch\/management\/finanzen_recht\/2020-06-29\/aktienregister-und-generalversammlungen-digitalisieren\/#primaryimage"},"thumbnailUrl":"https:\/\/www.organisator.ch\/wp-content\/uploads\/2020\/06\/Aktienregister-und-Generalversammlungen-digitalisieren-1_Organisator.jpg","keywords":["Aktien","Aktienrecht","Digitalisierung","Finanzen\/Recht","Generalversammlungen","Wertpapiere"],"articleSection":["FINANZEN\/RECHT"],"inLanguage":"it-IT"},{"@type":"WebPage","@id":"https:\/\/www.organisator.ch\/management\/finanzen_recht\/2020-06-29\/aktienregister-und-generalversammlungen-digitalisieren\/","url":"https:\/\/www.organisator.ch\/management\/finanzen_recht\/2020-06-29\/aktienregister-und-generalversammlungen-digitalisieren\/","name":"Digitalizzare i registri azionari e le assemblee generali - Organizzatore","isPartOf":{"@id":"https:\/\/www.organisator.ch\/#website"},"primaryImageOfPage":{"@id":"https:\/\/www.organisator.ch\/management\/finanzen_recht\/2020-06-29\/aktienregister-und-generalversammlungen-digitalisieren\/#primaryimage"},"image":{"@id":"https:\/\/www.organisator.ch\/management\/finanzen_recht\/2020-06-29\/aktienregister-und-generalversammlungen-digitalisieren\/#primaryimage"},"thumbnailUrl":"https:\/\/www.organisator.ch\/wp-content\/uploads\/2020\/06\/Aktienregister-und-Generalversammlungen-digitalisieren-1_Organisator.jpg","datePublished":"2020-06-29T06:57:44+00:00","description":"La pandemia di Corona ha innescato una spinta alla digitalizzazione, anche nello svolgimento virtuale delle assemblee generali e del registro delle azioni.","breadcrumb":{"@id":"https:\/\/www.organisator.ch\/management\/finanzen_recht\/2020-06-29\/aktienregister-und-generalversammlungen-digitalisieren\/#breadcrumb"},"inLanguage":"it-IT","potentialAction":[{"@type":"ReadAction","target":["https:\/\/www.organisator.ch\/management\/finanzen_recht\/2020-06-29\/aktienregister-und-generalversammlungen-digitalisieren\/"]}]},{"@type":"ImageObject","inLanguage":"it-IT","@id":"https:\/\/www.organisator.ch\/management\/finanzen_recht\/2020-06-29\/aktienregister-und-generalversammlungen-digitalisieren\/#primaryimage","url":"https:\/\/www.organisator.ch\/wp-content\/uploads\/2020\/06\/Aktienregister-und-Generalversammlungen-digitalisieren-1_Organisator.jpg","contentUrl":"https:\/\/www.organisator.ch\/wp-content\/uploads\/2020\/06\/Aktienregister-und-Generalversammlungen-digitalisieren-1_Organisator.jpg","width":680,"height":452,"caption":"Per Smartphone-App immer Zugriff auf das Aktienregister haben: So sieht Digitalisierung in der Wertschriftenverwaltung aus. (Bild: Pixabay.com)"},{"@type":"BreadcrumbList","@id":"https:\/\/www.organisator.ch\/management\/finanzen_recht\/2020-06-29\/aktienregister-und-generalversammlungen-digitalisieren\/#breadcrumb","itemListElement":[{"@type":"ListItem","position":1,"name":"Home","item":"https:\/\/www.organisator.ch\/"},{"@type":"ListItem","position":2,"name":"Aktienregister und Generalversammlungen digitalisieren"}]},{"@type":"WebSite","@id":"https:\/\/www.organisator.ch\/#website","url":"https:\/\/www.organisator.ch\/","name":"Organizzatore","description":"Competente. Pratico. In 10 numeri all'anno, ORGANISATOR presenta i temi essenziali per i manager delle PMI.","publisher":{"@id":"https:\/\/www.organisator.ch\/#organization"},"potentialAction":[{"@type":"SearchAction","target":{"@type":"EntryPoint","urlTemplate":"https:\/\/www.organisator.ch\/?s={search_term_string}"},"query-input":{"@type":"PropertyValueSpecification","valueRequired":true,"valueName":"search_term_string"}}],"inLanguage":"it-IT"},{"@type":"Organization","@id":"https:\/\/www.organisator.ch\/#organization","name":"Organizzatore","url":"https:\/\/www.organisator.ch\/","logo":{"@type":"ImageObject","inLanguage":"it-IT","@id":"https:\/\/www.organisator.ch\/#\/schema\/logo\/image\/","url":"https:\/\/www.organisator.ch\/wp-content\/uploads\/2022\/01\/Logo_Organisator_Website.png","contentUrl":"https:\/\/www.organisator.ch\/wp-content\/uploads\/2022\/01\/Logo_Organisator_Website.png","width":800,"height":77,"caption":"Organisator"},"image":{"@id":"https:\/\/www.organisator.ch\/#\/schema\/logo\/image\/"},"sameAs":["https:\/\/www.facebook.com\/OrganisatorFachmagazin","https:\/\/www.linkedin.com\/showcase\/organisator-das-magazin-fr-kmu","https:\/\/www.xing.com\/news\/pages\/organisator-ch-695","https:\/\/www.youtube.com\/channel\/UCGP2Sq0iWaZwT3BdIAQFYpw"]},{"@type":"Person","@id":"https:\/\/www.organisator.ch\/#\/schema\/person\/6f650f90b2842cd4c0cc334b4e36f67e","name":"Tommaso.berner","image":{"@type":"ImageObject","inLanguage":"it-IT","@id":"https:\/\/secure.gravatar.com\/avatar\/ac5001d2a36cb6c6cd3e50789007ffca834b477b74a2144564522e944eabff61?s=96&d=mm&r=g","url":"https:\/\/secure.gravatar.com\/avatar\/ac5001d2a36cb6c6cd3e50789007ffca834b477b74a2144564522e944eabff61?s=96&d=mm&r=g","contentUrl":"https:\/\/secure.gravatar.com\/avatar\/ac5001d2a36cb6c6cd3e50789007ffca834b477b74a2144564522e944eabff61?s=96&d=mm&r=g","caption":"thomas.berner"},"url":"https:\/\/www.organisator.ch\/it\/author\/thomas-berner\/"}]}},"_links":{"self":[{"href":"https:\/\/www.organisator.ch\/it\/wp-json\/wp\/v2\/posts\/6881","targetHints":{"allow":["GET"]}}],"collection":[{"href":"https:\/\/www.organisator.ch\/it\/wp-json\/wp\/v2\/posts"}],"about":[{"href":"https:\/\/www.organisator.ch\/it\/wp-json\/wp\/v2\/types\/post"}],"author":[{"embeddable":true,"href":"https:\/\/www.organisator.ch\/it\/wp-json\/wp\/v2\/users\/4"}],"replies":[{"embeddable":true,"href":"https:\/\/www.organisator.ch\/it\/wp-json\/wp\/v2\/comments?post=6881"}],"version-history":[{"count":0,"href":"https:\/\/www.organisator.ch\/it\/wp-json\/wp\/v2\/posts\/6881\/revisions"}],"wp:featuredmedia":[{"embeddable":true,"href":"https:\/\/www.organisator.ch\/it\/wp-json\/wp\/v2\/media\/6882"}],"wp:attachment":[{"href":"https:\/\/www.organisator.ch\/it\/wp-json\/wp\/v2\/media?parent=6881"}],"wp:term":[{"taxonomy":"category","embeddable":true,"href":"https:\/\/www.organisator.ch\/it\/wp-json\/wp\/v2\/categories?post=6881"},{"taxonomy":"post_tag","embeddable":true,"href":"https:\/\/www.organisator.ch\/it\/wp-json\/wp\/v2\/tags?post=6881"}],"curies":[{"name":"wp","href":"https:\/\/api.w.org\/{rel}","templated":true}]}}