{"id":6887,"date":"2020-06-30T10:54:32","date_gmt":"2020-06-30T08:54:32","guid":{"rendered":"https:\/\/www.organisator.ch\/?p=6887"},"modified":"2020-06-30T10:54:32","modified_gmt":"2020-06-30T08:54:32","slug":"salaerstudie-finanzen-faire-und-marktgerechte-salaere-gefordert","status":"publish","type":"post","link":"https:\/\/www.organisator.ch\/it\/management\/finanzen_recht\/2020-06-30\/salaerstudie-finanzen-faire-und-marktgerechte-salaere-gefordert\/","title":{"rendered":"Studio salariale Finanza: Salari equi e orientati al mercato richiesti"},"content":{"rendered":"<figure id=\"attachment_6888\" aria-describedby=\"caption-attachment-6888\" style=\"width: 680px\" class=\"wp-caption alignnone\"><img loading=\"lazy\" decoding=\"async\" class=\"size-medium wp-image-6888\" src=\"https:\/\/www.organisator.ch\/wp-content\/uploads\/2020\/06\/Salaerstudie-Finanzen-Faire-und-marktgerechte-Salaere-gefordert_Organisator.jpg\" alt=\"\" width=\"680\" height=\"455\" srcset=\"https:\/\/www.organisator.ch\/wp-content\/uploads\/2020\/06\/Salaerstudie-Finanzen-Faire-und-marktgerechte-Salaere-gefordert_Organisator.jpg 680w, https:\/\/www.organisator.ch\/wp-content\/uploads\/2020\/06\/Salaerstudie-Finanzen-Faire-und-marktgerechte-Salaere-gefordert_Organisator-16x12.jpg 16w, https:\/\/www.organisator.ch\/wp-content\/uploads\/2020\/06\/Salaerstudie-Finanzen-Faire-und-marktgerechte-Salaere-gefordert_Organisator-262x175.jpg 262w, https:\/\/www.organisator.ch\/wp-content\/uploads\/2020\/06\/Salaerstudie-Finanzen-Faire-und-marktgerechte-Salaere-gefordert_Organisator-523x350.jpg 523w, https:\/\/www.organisator.ch\/wp-content\/uploads\/2020\/06\/Salaerstudie-Finanzen-Faire-und-marktgerechte-Salaere-gefordert_Organisator-300x201.jpg 300w\" sizes=\"auto, (max-width: 680px) 100vw, 680px\" \/><figcaption id=\"caption-attachment-6888\" class=\"wp-caption-text\">La formazione continua e l'esperienza professionale pagano nel settore finanziario: Uno studio di Careerplus mostra fattori di salari in linea con il mercato. (Immagine: Pixabay.com)<\/figcaption><\/figure>\n<p>Con 90.000 franchi svizzeri, il salario annuo mediano del settore finanziario \u00e8 del 14,7 per cento superiore alla media svizzera. La formazione continua, la conoscenza delle lingue straniere e l'esperienza manageriale contribuiscono significativamente all'aumento del salario. La conoscenza delle lingue straniere ha guadagnato importanza: Due anni fa, questi erano ancora secondari nello stesso studio. Nel frattempo, la padronanza di una lingua straniera, soprattutto l'inglese, \u00e8 diventata indispensabile per profili di lavoro come il contabile e il controllore. Se un controllore parla almeno una lingua supplementare, il suo salario mediano \u00e8 di circa 115.000 franchi svizzeri, senza conoscenze di lingue straniere \u00e8 di 105.000 franchi svizzeri.<\/p>\n<h2>L'esperienza professionale e la formazione continua ripagano<\/h2>\n<p>Per quanto riguarda l'arco di gestione, di solito c'\u00e8 un salto da cinque dipendenti in poi: Per esempio, se un Head of Finance\/CFO ha pi\u00f9 di quattro dipendenti nel suo team, il suo stipendio aumenta in media di 16 500 franchi all'anno. Con un salario annuo di 150.000 franchi, i CFO sono i primi a guadagnare nel settore finanziario, seguiti dai capi del controlling, che guadagnano 145.000 franchi all'anno. Un altro risultato dello studio: chi si affida all'esperienza professionale combinata con un'ulteriore formazione \u00e8 ben consigliato. In particolare, un'ulteriore formazione specifica per diventare un esperto, un revisore o un fiduciario certificato a livello federale di solito porta a uno stipendio pi\u00f9 alto. Per esempio, un CFO con una formazione complementare come contabile certificato guadagna in media 10.000 franchi in pi\u00f9 del suo collega con una laurea senza tale formazione complementare.<\/p>\n<h2>Guida per gli stipendi in linea con il mercato<\/h2>\n<p>Lo studio rappresentativo, che Careerplus pubblica ogni due anni, esamina l'impatto delle competenze in lingua straniera, l'istruzione e la formazione, l'arco di gestione e l'et\u00e0 sul salario mediano per ogni profilo di lavoro. Informazioni aggiuntive come i criteri di assunzione e i prossimi passi di carriera completano i capitoli dei profili professionali corrispondenti. I dieci profili professionali sono principalmente rappresentati nelle PMI: Impiegato contabile, contabile, capo della contabilit\u00e0, capo delle finanze\/CFO, controllore junior, controllore, capo del controllo, impiegato fiduciario, fiduciario e revisore.<\/p>\n<p>Il sondaggio salariale contiene anche un modulo per il calcolo individuale di un salario, che pu\u00f2 essere utilizzato per calcolare per livello salariale, et\u00e0 e settore economico se il proprio salario o quello dei dipendenti \u00e8 in linea con il mercato e giusto.<\/p>\n<p><em>Fonte: <a href=\"http:\/\/www.careerplus.ch\">Careerplus<\/a><\/em><\/p>","protected":false},"excerpt":{"rendered":"<p>Mit 90 000 Franken liegt der Medianjahreslohn f\u00fcr den Bereich Finanzen 14,7 Prozent \u00fcber dem schweizerischen Durchschnitt. Weiterbildung, Fremdsprachenkenntnisse und F\u00fchrungsspanne tragen massgeblich zu einer Lohnerh\u00f6hung bei. An Bedeutung zugelegt haben dabei die Fremdsprachenkenntnisse: Vor zwei Jahren waren diese in der gleichen Studie noch sekund\u00e4r. Mittlerweile ist das Beherrschen einer Fremdsprache, meistens Englisch, f\u00fcr Jobprofile [&hellip;]<\/p>\n","protected":false},"author":4,"featured_media":6888,"comment_status":"closed","ping_status":"closed","sticky":false,"template":"","format":"standard","meta":{"_acf_changed":false,"_yoast_wpseo_focuskw":"marktgerechte Sal\u00e4re","_yoast_wpseo_metadesc":"Was sind marktgerechte Sal\u00e4re? Die Personalberatung Careerplus beantwortet diese Frage mit ihrer neusten Sal\u00e4rstudie f\u00fcr den Bereich Finanzen.","articlekey":"","footnotes":""},"categories":[24],"tags":[62,254,329,331],"class_list":["post-6887","post","type-post","status-publish","format-standard","has-post-thumbnail","hentry","category-finanzen_recht","tag-aus-weiterbildung","tag-hrm","tag-loehne","tag-lohnstudie"],"acf":[],"yoast_head":"<!-- This site is optimized with the Yoast SEO plugin v27.5 - https:\/\/yoast.com\/product\/yoast-seo-wordpress\/ -->\n<title>Sal\u00e4rstudie Finanzen: Faire und marktgerechte Sal\u00e4re gefordert - Organisator<\/title>\n<meta name=\"description\" content=\"Was sind marktgerechte Sal\u00e4re? Die Personalberatung Careerplus beantwortet diese Frage mit ihrer neusten Sal\u00e4rstudie f\u00fcr den Bereich Finanzen.\" \/>\n<meta name=\"robots\" content=\"index, follow, max-snippet:-1, max-image-preview:large, max-video-preview:-1\" \/>\n<link rel=\"canonical\" href=\"https:\/\/www.organisator.ch\/it\/gestione-2\/finanzen_recht\/2020-06-30\/salaerstudie-finanzen-faire-und-marktgerechte-salaere-gefordert\/\" \/>\n<meta property=\"og:locale\" content=\"it_IT\" \/>\n<meta property=\"og:type\" content=\"article\" \/>\n<meta property=\"og:title\" content=\"Sal\u00e4rstudie Finanzen: Faire und marktgerechte Sal\u00e4re gefordert\" \/>\n<meta property=\"og:description\" content=\"Was sind marktgerechte Sal\u00e4re? Die Personalberatung Careerplus beantwortet diese Frage mit ihrer neusten Sal\u00e4rstudie f\u00fcr den Bereich Finanzen.\" \/>\n<meta property=\"og:url\" content=\"https:\/\/www.organisator.ch\/it\/gestione-2\/finanzen_recht\/2020-06-30\/salaerstudie-finanzen-faire-und-marktgerechte-salaere-gefordert\/\" \/>\n<meta property=\"og:site_name\" content=\"Organisator\" \/>\n<meta property=\"article:publisher\" content=\"https:\/\/www.facebook.com\/OrganisatorFachmagazin\" \/>\n<meta property=\"article:published_time\" content=\"2020-06-30T08:54:32+00:00\" \/>\n<meta property=\"og:image\" content=\"https:\/\/www.organisator.ch\/wp-content\/uploads\/2020\/06\/Salaerstudie-Finanzen-Faire-und-marktgerechte-Salaere-gefordert_Organisator.jpg\" \/>\n\t<meta property=\"og:image:width\" content=\"680\" \/>\n\t<meta property=\"og:image:height\" content=\"455\" \/>\n\t<meta property=\"og:image:type\" content=\"image\/jpeg\" \/>\n<meta name=\"author\" content=\"thomas.berner\" \/>\n<meta name=\"twitter:card\" content=\"summary_large_image\" \/>\n<meta name=\"twitter:title\" content=\"#Sal\u00e4rstudie Finanzen: Faire und marktgerechte #Sal\u00e4re gefordert\" \/>\n<meta name=\"twitter:description\" content=\"Was sind marktgerechte #Sal\u00e4re? Die Personalberatung #Careerplus beantwortet diese Frage mit ihrer neusten #Sal\u00e4rstudie f\u00fcr den Bereich Finanzen.\" \/>\n<meta name=\"twitter:image\" content=\"https:\/\/www.organisator.ch\/wp-content\/uploads\/2020\/06\/Salaerstudie-Finanzen-Faire-und-marktgerechte-Salaere-gefordert_Organisator.jpg\" \/>\n<script type=\"application\/ld+json\" class=\"yoast-schema-graph\">{\"@context\":\"https:\\\/\\\/schema.org\",\"@graph\":[{\"@type\":\"Article\",\"@id\":\"https:\\\/\\\/www.organisator.ch\\\/management\\\/finanzen_recht\\\/2020-06-30\\\/salaerstudie-finanzen-faire-und-marktgerechte-salaere-gefordert\\\/#article\",\"isPartOf\":{\"@id\":\"https:\\\/\\\/www.organisator.ch\\\/management\\\/finanzen_recht\\\/2020-06-30\\\/salaerstudie-finanzen-faire-und-marktgerechte-salaere-gefordert\\\/\"},\"author\":{\"name\":\"thomas.berner\",\"@id\":\"https:\\\/\\\/www.organisator.ch\\\/#\\\/schema\\\/person\\\/6f650f90b2842cd4c0cc334b4e36f67e\"},\"headline\":\"Sal\u00e4rstudie Finanzen: Faire und marktgerechte Sal\u00e4re gefordert\",\"datePublished\":\"2020-06-30T08:54:32+00:00\",\"mainEntityOfPage\":{\"@id\":\"https:\\\/\\\/www.organisator.ch\\\/management\\\/finanzen_recht\\\/2020-06-30\\\/salaerstudie-finanzen-faire-und-marktgerechte-salaere-gefordert\\\/\"},\"wordCount\":360,\"publisher\":{\"@id\":\"https:\\\/\\\/www.organisator.ch\\\/#organization\"},\"image\":{\"@id\":\"https:\\\/\\\/www.organisator.ch\\\/management\\\/finanzen_recht\\\/2020-06-30\\\/salaerstudie-finanzen-faire-und-marktgerechte-salaere-gefordert\\\/#primaryimage\"},\"thumbnailUrl\":\"https:\\\/\\\/www.organisator.ch\\\/wp-content\\\/uploads\\\/2020\\\/06\\\/Salaerstudie-Finanzen-Faire-und-marktgerechte-Salaere-gefordert_Organisator.jpg\",\"keywords\":[\"Aus-\\\/Weiterbildung\",\"HRM\",\"L\u00f6hne\",\"Lohnstudie\"],\"articleSection\":[\"FINANZEN\\\/RECHT\"],\"inLanguage\":\"it-IT\"},{\"@type\":\"WebPage\",\"@id\":\"https:\\\/\\\/www.organisator.ch\\\/management\\\/finanzen_recht\\\/2020-06-30\\\/salaerstudie-finanzen-faire-und-marktgerechte-salaere-gefordert\\\/\",\"url\":\"https:\\\/\\\/www.organisator.ch\\\/management\\\/finanzen_recht\\\/2020-06-30\\\/salaerstudie-finanzen-faire-und-marktgerechte-salaere-gefordert\\\/\",\"name\":\"Sal\u00e4rstudie Finanzen: Faire und marktgerechte Sal\u00e4re gefordert - Organisator\",\"isPartOf\":{\"@id\":\"https:\\\/\\\/www.organisator.ch\\\/#website\"},\"primaryImageOfPage\":{\"@id\":\"https:\\\/\\\/www.organisator.ch\\\/management\\\/finanzen_recht\\\/2020-06-30\\\/salaerstudie-finanzen-faire-und-marktgerechte-salaere-gefordert\\\/#primaryimage\"},\"image\":{\"@id\":\"https:\\\/\\\/www.organisator.ch\\\/management\\\/finanzen_recht\\\/2020-06-30\\\/salaerstudie-finanzen-faire-und-marktgerechte-salaere-gefordert\\\/#primaryimage\"},\"thumbnailUrl\":\"https:\\\/\\\/www.organisator.ch\\\/wp-content\\\/uploads\\\/2020\\\/06\\\/Salaerstudie-Finanzen-Faire-und-marktgerechte-Salaere-gefordert_Organisator.jpg\",\"datePublished\":\"2020-06-30T08:54:32+00:00\",\"description\":\"Was sind marktgerechte Sal\u00e4re? Die Personalberatung Careerplus beantwortet diese Frage mit ihrer neusten Sal\u00e4rstudie f\u00fcr den Bereich Finanzen.\",\"breadcrumb\":{\"@id\":\"https:\\\/\\\/www.organisator.ch\\\/management\\\/finanzen_recht\\\/2020-06-30\\\/salaerstudie-finanzen-faire-und-marktgerechte-salaere-gefordert\\\/#breadcrumb\"},\"inLanguage\":\"it-IT\",\"potentialAction\":[{\"@type\":\"ReadAction\",\"target\":[\"https:\\\/\\\/www.organisator.ch\\\/management\\\/finanzen_recht\\\/2020-06-30\\\/salaerstudie-finanzen-faire-und-marktgerechte-salaere-gefordert\\\/\"]}]},{\"@type\":\"ImageObject\",\"inLanguage\":\"it-IT\",\"@id\":\"https:\\\/\\\/www.organisator.ch\\\/management\\\/finanzen_recht\\\/2020-06-30\\\/salaerstudie-finanzen-faire-und-marktgerechte-salaere-gefordert\\\/#primaryimage\",\"url\":\"https:\\\/\\\/www.organisator.ch\\\/wp-content\\\/uploads\\\/2020\\\/06\\\/Salaerstudie-Finanzen-Faire-und-marktgerechte-Salaere-gefordert_Organisator.jpg\",\"contentUrl\":\"https:\\\/\\\/www.organisator.ch\\\/wp-content\\\/uploads\\\/2020\\\/06\\\/Salaerstudie-Finanzen-Faire-und-marktgerechte-Salaere-gefordert_Organisator.jpg\",\"width\":680,\"height\":455,\"caption\":\"Weiterbildung und Berufserfahrung zahlen sich im Finanzbereich aus: Eine Studie von Careerplus zeigt Faktoren f\u00fcr marktgerechte Sal\u00e4re auf. (Bild: Pixabay.com)\"},{\"@type\":\"BreadcrumbList\",\"@id\":\"https:\\\/\\\/www.organisator.ch\\\/management\\\/finanzen_recht\\\/2020-06-30\\\/salaerstudie-finanzen-faire-und-marktgerechte-salaere-gefordert\\\/#breadcrumb\",\"itemListElement\":[{\"@type\":\"ListItem\",\"position\":1,\"name\":\"Home\",\"item\":\"https:\\\/\\\/www.organisator.ch\\\/\"},{\"@type\":\"ListItem\",\"position\":2,\"name\":\"Sal\u00e4rstudie Finanzen: Faire und marktgerechte Sal\u00e4re gefordert\"}]},{\"@type\":\"WebSite\",\"@id\":\"https:\\\/\\\/www.organisator.ch\\\/#website\",\"url\":\"https:\\\/\\\/www.organisator.ch\\\/\",\"name\":\"Organisator\",\"description\":\"Kompetent. Praxisnah. Der ORGANISATOR bereitet in 10 Ausgaben pro Jahr die wesentlichen Themen f\u00fcr F\u00fchrungskr\u00e4fte von KMU auf.\",\"publisher\":{\"@id\":\"https:\\\/\\\/www.organisator.ch\\\/#organization\"},\"potentialAction\":[{\"@type\":\"SearchAction\",\"target\":{\"@type\":\"EntryPoint\",\"urlTemplate\":\"https:\\\/\\\/www.organisator.ch\\\/?s={search_term_string}\"},\"query-input\":{\"@type\":\"PropertyValueSpecification\",\"valueRequired\":true,\"valueName\":\"search_term_string\"}}],\"inLanguage\":\"it-IT\"},{\"@type\":\"Organization\",\"@id\":\"https:\\\/\\\/www.organisator.ch\\\/#organization\",\"name\":\"Organisator\",\"url\":\"https:\\\/\\\/www.organisator.ch\\\/\",\"logo\":{\"@type\":\"ImageObject\",\"inLanguage\":\"it-IT\",\"@id\":\"https:\\\/\\\/www.organisator.ch\\\/#\\\/schema\\\/logo\\\/image\\\/\",\"url\":\"https:\\\/\\\/www.organisator.ch\\\/wp-content\\\/uploads\\\/2022\\\/01\\\/Logo_Organisator_Website.png\",\"contentUrl\":\"https:\\\/\\\/www.organisator.ch\\\/wp-content\\\/uploads\\\/2022\\\/01\\\/Logo_Organisator_Website.png\",\"width\":800,\"height\":77,\"caption\":\"Organisator\"},\"image\":{\"@id\":\"https:\\\/\\\/www.organisator.ch\\\/#\\\/schema\\\/logo\\\/image\\\/\"},\"sameAs\":[\"https:\\\/\\\/www.facebook.com\\\/OrganisatorFachmagazin\",\"https:\\\/\\\/www.linkedin.com\\\/showcase\\\/organisator-das-magazin-fr-kmu\",\"https:\\\/\\\/www.xing.com\\\/news\\\/pages\\\/organisator-ch-695\",\"https:\\\/\\\/www.youtube.com\\\/channel\\\/UCGP2Sq0iWaZwT3BdIAQFYpw\"]},{\"@type\":\"Person\",\"@id\":\"https:\\\/\\\/www.organisator.ch\\\/#\\\/schema\\\/person\\\/6f650f90b2842cd4c0cc334b4e36f67e\",\"name\":\"thomas.berner\",\"image\":{\"@type\":\"ImageObject\",\"inLanguage\":\"it-IT\",\"@id\":\"https:\\\/\\\/secure.gravatar.com\\\/avatar\\\/ac5001d2a36cb6c6cd3e50789007ffca834b477b74a2144564522e944eabff61?s=96&d=mm&r=g\",\"url\":\"https:\\\/\\\/secure.gravatar.com\\\/avatar\\\/ac5001d2a36cb6c6cd3e50789007ffca834b477b74a2144564522e944eabff61?s=96&d=mm&r=g\",\"contentUrl\":\"https:\\\/\\\/secure.gravatar.com\\\/avatar\\\/ac5001d2a36cb6c6cd3e50789007ffca834b477b74a2144564522e944eabff61?s=96&d=mm&r=g\",\"caption\":\"thomas.berner\"},\"url\":\"https:\\\/\\\/www.organisator.ch\\\/it\\\/author\\\/thomas-berner\\\/\"}]}<\/script>\n<!-- \/ Yoast SEO plugin. -->","yoast_head_json":{"title":"Studio salariale Finanza: Si chiedono salari equi e orientati al mercato - Organizzatore","description":"Quali sono gli stipendi in linea con il mercato? La societ\u00e0 di consulenza HR Careerplus risponde a questa domanda con il suo ultimo studio sulle retribuzioni nel settore finanziario.","robots":{"index":"index","follow":"follow","max-snippet":"max-snippet:-1","max-image-preview":"max-image-preview:large","max-video-preview":"max-video-preview:-1"},"canonical":"https:\/\/www.organisator.ch\/it\/gestione-2\/finanzen_recht\/2020-06-30\/salaerstudie-finanzen-faire-und-marktgerechte-salaere-gefordert\/","og_locale":"it_IT","og_type":"article","og_title":"Sal\u00e4rstudie Finanzen: Faire und marktgerechte Sal\u00e4re gefordert","og_description":"Was sind marktgerechte Sal\u00e4re? Die Personalberatung Careerplus beantwortet diese Frage mit ihrer neusten Sal\u00e4rstudie f\u00fcr den Bereich Finanzen.","og_url":"https:\/\/www.organisator.ch\/it\/gestione-2\/finanzen_recht\/2020-06-30\/salaerstudie-finanzen-faire-und-marktgerechte-salaere-gefordert\/","og_site_name":"Organisator","article_publisher":"https:\/\/www.facebook.com\/OrganisatorFachmagazin","article_published_time":"2020-06-30T08:54:32+00:00","og_image":[{"width":680,"height":455,"url":"https:\/\/www.organisator.ch\/wp-content\/uploads\/2020\/06\/Salaerstudie-Finanzen-Faire-und-marktgerechte-Salaere-gefordert_Organisator.jpg","type":"image\/jpeg"}],"author":"thomas.berner","twitter_card":"summary_large_image","twitter_title":"#Sal\u00e4rstudie Finanzen: Faire und marktgerechte #Sal\u00e4re gefordert","twitter_description":"Was sind marktgerechte #Sal\u00e4re? Die Personalberatung #Careerplus beantwortet diese Frage mit ihrer neusten #Sal\u00e4rstudie f\u00fcr den Bereich Finanzen.","twitter_image":"https:\/\/www.organisator.ch\/wp-content\/uploads\/2020\/06\/Salaerstudie-Finanzen-Faire-und-marktgerechte-Salaere-gefordert_Organisator.jpg","schema":{"@context":"https:\/\/schema.org","@graph":[{"@type":"Article","@id":"https:\/\/www.organisator.ch\/management\/finanzen_recht\/2020-06-30\/salaerstudie-finanzen-faire-und-marktgerechte-salaere-gefordert\/#article","isPartOf":{"@id":"https:\/\/www.organisator.ch\/management\/finanzen_recht\/2020-06-30\/salaerstudie-finanzen-faire-und-marktgerechte-salaere-gefordert\/"},"author":{"name":"thomas.berner","@id":"https:\/\/www.organisator.ch\/#\/schema\/person\/6f650f90b2842cd4c0cc334b4e36f67e"},"headline":"Sal\u00e4rstudie Finanzen: Faire und marktgerechte Sal\u00e4re gefordert","datePublished":"2020-06-30T08:54:32+00:00","mainEntityOfPage":{"@id":"https:\/\/www.organisator.ch\/management\/finanzen_recht\/2020-06-30\/salaerstudie-finanzen-faire-und-marktgerechte-salaere-gefordert\/"},"wordCount":360,"publisher":{"@id":"https:\/\/www.organisator.ch\/#organization"},"image":{"@id":"https:\/\/www.organisator.ch\/management\/finanzen_recht\/2020-06-30\/salaerstudie-finanzen-faire-und-marktgerechte-salaere-gefordert\/#primaryimage"},"thumbnailUrl":"https:\/\/www.organisator.ch\/wp-content\/uploads\/2020\/06\/Salaerstudie-Finanzen-Faire-und-marktgerechte-Salaere-gefordert_Organisator.jpg","keywords":["Aus-\/Weiterbildung","HRM","L\u00f6hne","Lohnstudie"],"articleSection":["FINANZEN\/RECHT"],"inLanguage":"it-IT"},{"@type":"WebPage","@id":"https:\/\/www.organisator.ch\/management\/finanzen_recht\/2020-06-30\/salaerstudie-finanzen-faire-und-marktgerechte-salaere-gefordert\/","url":"https:\/\/www.organisator.ch\/management\/finanzen_recht\/2020-06-30\/salaerstudie-finanzen-faire-und-marktgerechte-salaere-gefordert\/","name":"Studio salariale Finanza: Si chiedono salari equi e orientati al mercato - Organizzatore","isPartOf":{"@id":"https:\/\/www.organisator.ch\/#website"},"primaryImageOfPage":{"@id":"https:\/\/www.organisator.ch\/management\/finanzen_recht\/2020-06-30\/salaerstudie-finanzen-faire-und-marktgerechte-salaere-gefordert\/#primaryimage"},"image":{"@id":"https:\/\/www.organisator.ch\/management\/finanzen_recht\/2020-06-30\/salaerstudie-finanzen-faire-und-marktgerechte-salaere-gefordert\/#primaryimage"},"thumbnailUrl":"https:\/\/www.organisator.ch\/wp-content\/uploads\/2020\/06\/Salaerstudie-Finanzen-Faire-und-marktgerechte-Salaere-gefordert_Organisator.jpg","datePublished":"2020-06-30T08:54:32+00:00","description":"Quali sono gli stipendi in linea con il mercato? La societ\u00e0 di consulenza HR Careerplus risponde a questa domanda con il suo ultimo studio sulle retribuzioni nel settore finanziario.","breadcrumb":{"@id":"https:\/\/www.organisator.ch\/management\/finanzen_recht\/2020-06-30\/salaerstudie-finanzen-faire-und-marktgerechte-salaere-gefordert\/#breadcrumb"},"inLanguage":"it-IT","potentialAction":[{"@type":"ReadAction","target":["https:\/\/www.organisator.ch\/management\/finanzen_recht\/2020-06-30\/salaerstudie-finanzen-faire-und-marktgerechte-salaere-gefordert\/"]}]},{"@type":"ImageObject","inLanguage":"it-IT","@id":"https:\/\/www.organisator.ch\/management\/finanzen_recht\/2020-06-30\/salaerstudie-finanzen-faire-und-marktgerechte-salaere-gefordert\/#primaryimage","url":"https:\/\/www.organisator.ch\/wp-content\/uploads\/2020\/06\/Salaerstudie-Finanzen-Faire-und-marktgerechte-Salaere-gefordert_Organisator.jpg","contentUrl":"https:\/\/www.organisator.ch\/wp-content\/uploads\/2020\/06\/Salaerstudie-Finanzen-Faire-und-marktgerechte-Salaere-gefordert_Organisator.jpg","width":680,"height":455,"caption":"Weiterbildung und Berufserfahrung zahlen sich im Finanzbereich aus: Eine Studie von Careerplus zeigt Faktoren f\u00fcr marktgerechte Sal\u00e4re auf. (Bild: Pixabay.com)"},{"@type":"BreadcrumbList","@id":"https:\/\/www.organisator.ch\/management\/finanzen_recht\/2020-06-30\/salaerstudie-finanzen-faire-und-marktgerechte-salaere-gefordert\/#breadcrumb","itemListElement":[{"@type":"ListItem","position":1,"name":"Home","item":"https:\/\/www.organisator.ch\/"},{"@type":"ListItem","position":2,"name":"Sal\u00e4rstudie Finanzen: Faire und marktgerechte Sal\u00e4re gefordert"}]},{"@type":"WebSite","@id":"https:\/\/www.organisator.ch\/#website","url":"https:\/\/www.organisator.ch\/","name":"Organizzatore","description":"Competente. Pratico. In 10 numeri all'anno, ORGANISATOR presenta i temi essenziali per i manager delle PMI.","publisher":{"@id":"https:\/\/www.organisator.ch\/#organization"},"potentialAction":[{"@type":"SearchAction","target":{"@type":"EntryPoint","urlTemplate":"https:\/\/www.organisator.ch\/?s={search_term_string}"},"query-input":{"@type":"PropertyValueSpecification","valueRequired":true,"valueName":"search_term_string"}}],"inLanguage":"it-IT"},{"@type":"Organization","@id":"https:\/\/www.organisator.ch\/#organization","name":"Organizzatore","url":"https:\/\/www.organisator.ch\/","logo":{"@type":"ImageObject","inLanguage":"it-IT","@id":"https:\/\/www.organisator.ch\/#\/schema\/logo\/image\/","url":"https:\/\/www.organisator.ch\/wp-content\/uploads\/2022\/01\/Logo_Organisator_Website.png","contentUrl":"https:\/\/www.organisator.ch\/wp-content\/uploads\/2022\/01\/Logo_Organisator_Website.png","width":800,"height":77,"caption":"Organisator"},"image":{"@id":"https:\/\/www.organisator.ch\/#\/schema\/logo\/image\/"},"sameAs":["https:\/\/www.facebook.com\/OrganisatorFachmagazin","https:\/\/www.linkedin.com\/showcase\/organisator-das-magazin-fr-kmu","https:\/\/www.xing.com\/news\/pages\/organisator-ch-695","https:\/\/www.youtube.com\/channel\/UCGP2Sq0iWaZwT3BdIAQFYpw"]},{"@type":"Person","@id":"https:\/\/www.organisator.ch\/#\/schema\/person\/6f650f90b2842cd4c0cc334b4e36f67e","name":"Tommaso.berner","image":{"@type":"ImageObject","inLanguage":"it-IT","@id":"https:\/\/secure.gravatar.com\/avatar\/ac5001d2a36cb6c6cd3e50789007ffca834b477b74a2144564522e944eabff61?s=96&d=mm&r=g","url":"https:\/\/secure.gravatar.com\/avatar\/ac5001d2a36cb6c6cd3e50789007ffca834b477b74a2144564522e944eabff61?s=96&d=mm&r=g","contentUrl":"https:\/\/secure.gravatar.com\/avatar\/ac5001d2a36cb6c6cd3e50789007ffca834b477b74a2144564522e944eabff61?s=96&d=mm&r=g","caption":"thomas.berner"},"url":"https:\/\/www.organisator.ch\/it\/author\/thomas-berner\/"}]}},"_links":{"self":[{"href":"https:\/\/www.organisator.ch\/it\/wp-json\/wp\/v2\/posts\/6887","targetHints":{"allow":["GET"]}}],"collection":[{"href":"https:\/\/www.organisator.ch\/it\/wp-json\/wp\/v2\/posts"}],"about":[{"href":"https:\/\/www.organisator.ch\/it\/wp-json\/wp\/v2\/types\/post"}],"author":[{"embeddable":true,"href":"https:\/\/www.organisator.ch\/it\/wp-json\/wp\/v2\/users\/4"}],"replies":[{"embeddable":true,"href":"https:\/\/www.organisator.ch\/it\/wp-json\/wp\/v2\/comments?post=6887"}],"version-history":[{"count":0,"href":"https:\/\/www.organisator.ch\/it\/wp-json\/wp\/v2\/posts\/6887\/revisions"}],"wp:featuredmedia":[{"embeddable":true,"href":"https:\/\/www.organisator.ch\/it\/wp-json\/wp\/v2\/media\/6888"}],"wp:attachment":[{"href":"https:\/\/www.organisator.ch\/it\/wp-json\/wp\/v2\/media?parent=6887"}],"wp:term":[{"taxonomy":"category","embeddable":true,"href":"https:\/\/www.organisator.ch\/it\/wp-json\/wp\/v2\/categories?post=6887"},{"taxonomy":"post_tag","embeddable":true,"href":"https:\/\/www.organisator.ch\/it\/wp-json\/wp\/v2\/tags?post=6887"}],"curies":[{"name":"wp","href":"https:\/\/api.w.org\/{rel}","templated":true}]}}