{"id":693,"date":"2017-01-27T11:25:45","date_gmt":"2017-01-27T10:25:45","guid":{"rendered":"https:\/\/umweltperspektiven.ch\/?p=693"},"modified":"2022-02-09T11:10:13","modified_gmt":"2022-02-09T10:10:13","slug":"swiss-ethics-award-2018-jetzt-bewerben","status":"publish","type":"post","link":"https:\/\/www.organisator.ch\/it\/sustainability\/2017-01-27\/swiss-ethics-award-2018-jetzt-bewerben\/","title":{"rendered":"Premio svizzero di etica 2018: candidarsi ora"},"content":{"rendered":"<figure id=\"attachment_694\" aria-describedby=\"caption-attachment-694\" style=\"width: 680px\" class=\"wp-caption alignnone\"><img loading=\"lazy\" decoding=\"async\" class=\"wp-image-694 size-medium\" src=\"\/\/www.umweltperspektiven.ch\/wp-content\/uploads\/2017\/01\/Swiss-Ethics-Award.jpg\" width=\"680\" height=\"383\" \/><figcaption id=\"caption-attachment-694\" class=\"wp-caption-text\">Weleda ha vinto il premio etico svizzero 2016<\/figcaption><\/figure>\n<p>Lo Swiss Ethics Award \u00e8 un riconoscimento per la performance etica negli affari e viene assegnato dallo Swiss Excellence Forum dal 2005. Il premio 2016 \u00e8 andato a Weleda AG. Le aziende e le organizzazioni interessate sono invitate a presentare la loro domanda entro il 30 settembre 2017. Il premio riconosce i risultati di organizzazioni e aziende che si assumono la responsabilit\u00e0 in modo speciale e si impegnano per una governance aziendale sostenibile. Il premio sar\u00e0 consegnato il 26 aprile 2018 al KKL di Lucerna nell'ambito della Swiss Entrepreneur Conference.<\/p>\n<p>I moduli di candidatura sono disponibili presso lo Swiss Excellence Forum e possono essere scaricati dalla homepage. <a href=\"\/\/www.swiss-excellence-forum.ch\/de\/leistungen\/business-ethics\/swiss-ethics-award\">www.swiss-excellence-forum.ch <\/a>pu\u00f2 essere scaricato.<\/p>\n<p>Ulteriori informazioni e registrazione:<br \/>\nForum svizzero d'eccellenza<br \/>\nRuth Buholzer<br \/>\nVicolo 1 A\/B<br \/>\n6210 Sursee<br \/>\nTel. 041 229 30 40<br \/>\n<a href=\"mailto:swiss@excellence-forum.ch\">swiss@excellence-forum.ch<\/a><\/p>","protected":false},"excerpt":{"rendered":"<p>Der Swiss Ethics Award ist die Anerkennung f\u00fcr ethische Leistungen in der Wirtschaft und wird seit 2005 vom Swiss Excellence Forum\u00a0verliehen. Der Award 2016 ging an die Weleda AG. Interessierte Unternehmen und Organisationen sind eingeladen, ihre Bewerbung bis am 30. September 2017 einzureichen. Ausgezeichnet werden Leistungen von Organisationen und Unternehmen, die in besonderer Weise Verantwortung [&hellip;]<\/p>\n","protected":false},"author":1,"featured_media":9456,"comment_status":"open","ping_status":"open","sticky":false,"template":"","format":"standard","meta":{"_acf_changed":false,"_yoast_wpseo_focuskw":"AwardSwiss Ethics Award","_yoast_wpseo_metadesc":"Swiss Ethics Award: Bis zum 30. September k\u00f6nnen sich interessierte Unternehmen und Organisationen um den Award bewerben.","articlekey":"","footnotes":""},"categories":[580],"tags":[],"class_list":["post-693","post","type-post","status-publish","format-standard","has-post-thumbnail","hentry","category-sustainability"],"acf":[],"yoast_head":"<!-- This site is optimized with the Yoast SEO plugin v27.5 - https:\/\/yoast.com\/product\/yoast-seo-wordpress\/ -->\n<title>Swiss Ethics Award 2018: Jetzt bewerben - Organisator<\/title>\n<meta name=\"description\" content=\"Swiss Ethics Award: Bis zum 30. September k\u00f6nnen sich interessierte Unternehmen und Organisationen um den Award bewerben.\" \/>\n<meta name=\"robots\" content=\"index, follow, max-snippet:-1, max-image-preview:large, max-video-preview:-1\" \/>\n<link rel=\"canonical\" href=\"https:\/\/www.organisator.ch\/it\/sostenibilita\/2017-01-27\/swiss-ethics-award-2018-jetzt-bewerben\/\" \/>\n<meta property=\"og:locale\" content=\"it_IT\" \/>\n<meta property=\"og:type\" content=\"article\" \/>\n<meta property=\"og:title\" content=\"Swiss Ethics Award 2018: Jetzt bewerben - Organisator\" \/>\n<meta property=\"og:description\" content=\"Swiss Ethics Award: Bis zum 30. September k\u00f6nnen sich interessierte Unternehmen und Organisationen um den Award bewerben.\" \/>\n<meta property=\"og:url\" content=\"https:\/\/www.organisator.ch\/it\/sostenibilita\/2017-01-27\/swiss-ethics-award-2018-jetzt-bewerben\/\" \/>\n<meta property=\"og:site_name\" content=\"Organisator\" \/>\n<meta property=\"article:publisher\" content=\"https:\/\/www.facebook.com\/OrganisatorFachmagazin\" \/>\n<meta property=\"article:published_time\" content=\"2017-01-27T10:25:45+00:00\" \/>\n<meta property=\"article:modified_time\" content=\"2022-02-09T10:10:13+00:00\" \/>\n<meta property=\"og:image\" content=\"https:\/\/www.organisator.ch\/wp-content\/uploads\/2017\/01\/Swiss-Ethics-Award.jpg\" \/>\n\t<meta property=\"og:image:width\" content=\"2000\" \/>\n\t<meta property=\"og:image:height\" content=\"1125\" \/>\n\t<meta property=\"og:image:type\" content=\"image\/jpeg\" \/>\n<meta name=\"author\" content=\"admin\" \/>\n<meta name=\"twitter:card\" content=\"summary_large_image\" \/>\n<script type=\"application\/ld+json\" class=\"yoast-schema-graph\">{\"@context\":\"https:\\\/\\\/schema.org\",\"@graph\":[{\"@type\":\"Article\",\"@id\":\"https:\\\/\\\/www.organisator.ch\\\/sustainability\\\/2017-01-27\\\/swiss-ethics-award-2018-jetzt-bewerben\\\/#article\",\"isPartOf\":{\"@id\":\"https:\\\/\\\/www.organisator.ch\\\/sustainability\\\/2017-01-27\\\/swiss-ethics-award-2018-jetzt-bewerben\\\/\"},\"author\":{\"name\":\"admin\",\"@id\":\"https:\\\/\\\/www.organisator.ch\\\/#\\\/schema\\\/person\\\/aa2bace6c5c5aad60102004a50c4eb1c\"},\"headline\":\"Swiss Ethics Award 2018: Jetzt bewerben\",\"datePublished\":\"2017-01-27T10:25:45+00:00\",\"dateModified\":\"2022-02-09T10:10:13+00:00\",\"mainEntityOfPage\":{\"@id\":\"https:\\\/\\\/www.organisator.ch\\\/sustainability\\\/2017-01-27\\\/swiss-ethics-award-2018-jetzt-bewerben\\\/\"},\"wordCount\":133,\"commentCount\":0,\"publisher\":{\"@id\":\"https:\\\/\\\/www.organisator.ch\\\/#organization\"},\"image\":{\"@id\":\"https:\\\/\\\/www.organisator.ch\\\/sustainability\\\/2017-01-27\\\/swiss-ethics-award-2018-jetzt-bewerben\\\/#primaryimage\"},\"thumbnailUrl\":\"https:\\\/\\\/www.organisator.ch\\\/wp-content\\\/uploads\\\/2017\\\/01\\\/Swiss-Ethics-Award.jpg\",\"articleSection\":[\"SUSTAINABILITY\"],\"inLanguage\":\"it-IT\"},{\"@type\":\"WebPage\",\"@id\":\"https:\\\/\\\/www.organisator.ch\\\/sustainability\\\/2017-01-27\\\/swiss-ethics-award-2018-jetzt-bewerben\\\/\",\"url\":\"https:\\\/\\\/www.organisator.ch\\\/sustainability\\\/2017-01-27\\\/swiss-ethics-award-2018-jetzt-bewerben\\\/\",\"name\":\"Swiss Ethics Award 2018: Jetzt bewerben - Organisator\",\"isPartOf\":{\"@id\":\"https:\\\/\\\/www.organisator.ch\\\/#website\"},\"primaryImageOfPage\":{\"@id\":\"https:\\\/\\\/www.organisator.ch\\\/sustainability\\\/2017-01-27\\\/swiss-ethics-award-2018-jetzt-bewerben\\\/#primaryimage\"},\"image\":{\"@id\":\"https:\\\/\\\/www.organisator.ch\\\/sustainability\\\/2017-01-27\\\/swiss-ethics-award-2018-jetzt-bewerben\\\/#primaryimage\"},\"thumbnailUrl\":\"https:\\\/\\\/www.organisator.ch\\\/wp-content\\\/uploads\\\/2017\\\/01\\\/Swiss-Ethics-Award.jpg\",\"datePublished\":\"2017-01-27T10:25:45+00:00\",\"dateModified\":\"2022-02-09T10:10:13+00:00\",\"description\":\"Swiss Ethics Award: Bis zum 30. September k\u00f6nnen sich interessierte Unternehmen und Organisationen um den Award bewerben.\",\"breadcrumb\":{\"@id\":\"https:\\\/\\\/www.organisator.ch\\\/sustainability\\\/2017-01-27\\\/swiss-ethics-award-2018-jetzt-bewerben\\\/#breadcrumb\"},\"inLanguage\":\"it-IT\",\"potentialAction\":[{\"@type\":\"ReadAction\",\"target\":[\"https:\\\/\\\/www.organisator.ch\\\/sustainability\\\/2017-01-27\\\/swiss-ethics-award-2018-jetzt-bewerben\\\/\"]}]},{\"@type\":\"ImageObject\",\"inLanguage\":\"it-IT\",\"@id\":\"https:\\\/\\\/www.organisator.ch\\\/sustainability\\\/2017-01-27\\\/swiss-ethics-award-2018-jetzt-bewerben\\\/#primaryimage\",\"url\":\"https:\\\/\\\/www.organisator.ch\\\/wp-content\\\/uploads\\\/2017\\\/01\\\/Swiss-Ethics-Award.jpg\",\"contentUrl\":\"https:\\\/\\\/www.organisator.ch\\\/wp-content\\\/uploads\\\/2017\\\/01\\\/Swiss-Ethics-Award.jpg\",\"width\":2000,\"height\":1125,\"caption\":\"Die Weleda gewann den Swiss Ethics Award 2016\"},{\"@type\":\"BreadcrumbList\",\"@id\":\"https:\\\/\\\/www.organisator.ch\\\/sustainability\\\/2017-01-27\\\/swiss-ethics-award-2018-jetzt-bewerben\\\/#breadcrumb\",\"itemListElement\":[{\"@type\":\"ListItem\",\"position\":1,\"name\":\"Home\",\"item\":\"https:\\\/\\\/www.organisator.ch\\\/\"},{\"@type\":\"ListItem\",\"position\":2,\"name\":\"Swiss Ethics Award 2018: Jetzt bewerben\"}]},{\"@type\":\"WebSite\",\"@id\":\"https:\\\/\\\/www.organisator.ch\\\/#website\",\"url\":\"https:\\\/\\\/www.organisator.ch\\\/\",\"name\":\"Organisator\",\"description\":\"Kompetent. Praxisnah. Der ORGANISATOR bereitet in 10 Ausgaben pro Jahr die wesentlichen Themen f\u00fcr F\u00fchrungskr\u00e4fte von KMU auf.\",\"publisher\":{\"@id\":\"https:\\\/\\\/www.organisator.ch\\\/#organization\"},\"potentialAction\":[{\"@type\":\"SearchAction\",\"target\":{\"@type\":\"EntryPoint\",\"urlTemplate\":\"https:\\\/\\\/www.organisator.ch\\\/?s={search_term_string}\"},\"query-input\":{\"@type\":\"PropertyValueSpecification\",\"valueRequired\":true,\"valueName\":\"search_term_string\"}}],\"inLanguage\":\"it-IT\"},{\"@type\":\"Organization\",\"@id\":\"https:\\\/\\\/www.organisator.ch\\\/#organization\",\"name\":\"Organisator\",\"url\":\"https:\\\/\\\/www.organisator.ch\\\/\",\"logo\":{\"@type\":\"ImageObject\",\"inLanguage\":\"it-IT\",\"@id\":\"https:\\\/\\\/www.organisator.ch\\\/#\\\/schema\\\/logo\\\/image\\\/\",\"url\":\"https:\\\/\\\/www.organisator.ch\\\/wp-content\\\/uploads\\\/2022\\\/01\\\/Logo_Organisator_Website.png\",\"contentUrl\":\"https:\\\/\\\/www.organisator.ch\\\/wp-content\\\/uploads\\\/2022\\\/01\\\/Logo_Organisator_Website.png\",\"width\":800,\"height\":77,\"caption\":\"Organisator\"},\"image\":{\"@id\":\"https:\\\/\\\/www.organisator.ch\\\/#\\\/schema\\\/logo\\\/image\\\/\"},\"sameAs\":[\"https:\\\/\\\/www.facebook.com\\\/OrganisatorFachmagazin\",\"https:\\\/\\\/www.linkedin.com\\\/showcase\\\/organisator-das-magazin-fr-kmu\",\"https:\\\/\\\/www.xing.com\\\/news\\\/pages\\\/organisator-ch-695\",\"https:\\\/\\\/www.youtube.com\\\/channel\\\/UCGP2Sq0iWaZwT3BdIAQFYpw\"]},{\"@type\":\"Person\",\"@id\":\"https:\\\/\\\/www.organisator.ch\\\/#\\\/schema\\\/person\\\/aa2bace6c5c5aad60102004a50c4eb1c\",\"name\":\"admin\",\"image\":{\"@type\":\"ImageObject\",\"inLanguage\":\"it-IT\",\"@id\":\"https:\\\/\\\/secure.gravatar.com\\\/avatar\\\/ae2f4d718e6c49043e314ce431e7e645d646302a24a5ef5a8bc8e3f5a032e319?s=96&d=mm&r=g\",\"url\":\"https:\\\/\\\/secure.gravatar.com\\\/avatar\\\/ae2f4d718e6c49043e314ce431e7e645d646302a24a5ef5a8bc8e3f5a032e319?s=96&d=mm&r=g\",\"contentUrl\":\"https:\\\/\\\/secure.gravatar.com\\\/avatar\\\/ae2f4d718e6c49043e314ce431e7e645d646302a24a5ef5a8bc8e3f5a032e319?s=96&d=mm&r=g\",\"caption\":\"admin\"},\"sameAs\":[\"https:\\\/\\\/www.organisator.ch\"],\"url\":\"https:\\\/\\\/www.organisator.ch\\\/it\\\/author\\\/admin\\\/\"}]}<\/script>\n<!-- \/ Yoast SEO plugin. -->","yoast_head_json":{"title":"Premio svizzero di etica 2018: candidarsi ora - Organizzatore","description":"Premio svizzero di etica: le aziende e le organizzazioni interessate possono candidarsi al premio fino al 30 settembre.","robots":{"index":"index","follow":"follow","max-snippet":"max-snippet:-1","max-image-preview":"max-image-preview:large","max-video-preview":"max-video-preview:-1"},"canonical":"https:\/\/www.organisator.ch\/it\/sostenibilita\/2017-01-27\/swiss-ethics-award-2018-jetzt-bewerben\/","og_locale":"it_IT","og_type":"article","og_title":"Swiss Ethics Award 2018: Jetzt bewerben - Organisator","og_description":"Swiss Ethics Award: Bis zum 30. September k\u00f6nnen sich interessierte Unternehmen und Organisationen um den Award bewerben.","og_url":"https:\/\/www.organisator.ch\/it\/sostenibilita\/2017-01-27\/swiss-ethics-award-2018-jetzt-bewerben\/","og_site_name":"Organisator","article_publisher":"https:\/\/www.facebook.com\/OrganisatorFachmagazin","article_published_time":"2017-01-27T10:25:45+00:00","article_modified_time":"2022-02-09T10:10:13+00:00","og_image":[{"width":2000,"height":1125,"url":"https:\/\/www.organisator.ch\/wp-content\/uploads\/2017\/01\/Swiss-Ethics-Award.jpg","type":"image\/jpeg"}],"author":"admin","twitter_card":"summary_large_image","schema":{"@context":"https:\/\/schema.org","@graph":[{"@type":"Article","@id":"https:\/\/www.organisator.ch\/sustainability\/2017-01-27\/swiss-ethics-award-2018-jetzt-bewerben\/#article","isPartOf":{"@id":"https:\/\/www.organisator.ch\/sustainability\/2017-01-27\/swiss-ethics-award-2018-jetzt-bewerben\/"},"author":{"name":"admin","@id":"https:\/\/www.organisator.ch\/#\/schema\/person\/aa2bace6c5c5aad60102004a50c4eb1c"},"headline":"Swiss Ethics Award 2018: Jetzt bewerben","datePublished":"2017-01-27T10:25:45+00:00","dateModified":"2022-02-09T10:10:13+00:00","mainEntityOfPage":{"@id":"https:\/\/www.organisator.ch\/sustainability\/2017-01-27\/swiss-ethics-award-2018-jetzt-bewerben\/"},"wordCount":133,"commentCount":0,"publisher":{"@id":"https:\/\/www.organisator.ch\/#organization"},"image":{"@id":"https:\/\/www.organisator.ch\/sustainability\/2017-01-27\/swiss-ethics-award-2018-jetzt-bewerben\/#primaryimage"},"thumbnailUrl":"https:\/\/www.organisator.ch\/wp-content\/uploads\/2017\/01\/Swiss-Ethics-Award.jpg","articleSection":["SUSTAINABILITY"],"inLanguage":"it-IT"},{"@type":"WebPage","@id":"https:\/\/www.organisator.ch\/sustainability\/2017-01-27\/swiss-ethics-award-2018-jetzt-bewerben\/","url":"https:\/\/www.organisator.ch\/sustainability\/2017-01-27\/swiss-ethics-award-2018-jetzt-bewerben\/","name":"Premio svizzero di etica 2018: candidarsi ora - Organizzatore","isPartOf":{"@id":"https:\/\/www.organisator.ch\/#website"},"primaryImageOfPage":{"@id":"https:\/\/www.organisator.ch\/sustainability\/2017-01-27\/swiss-ethics-award-2018-jetzt-bewerben\/#primaryimage"},"image":{"@id":"https:\/\/www.organisator.ch\/sustainability\/2017-01-27\/swiss-ethics-award-2018-jetzt-bewerben\/#primaryimage"},"thumbnailUrl":"https:\/\/www.organisator.ch\/wp-content\/uploads\/2017\/01\/Swiss-Ethics-Award.jpg","datePublished":"2017-01-27T10:25:45+00:00","dateModified":"2022-02-09T10:10:13+00:00","description":"Premio svizzero di etica: le aziende e le organizzazioni interessate possono candidarsi al premio fino al 30 settembre.","breadcrumb":{"@id":"https:\/\/www.organisator.ch\/sustainability\/2017-01-27\/swiss-ethics-award-2018-jetzt-bewerben\/#breadcrumb"},"inLanguage":"it-IT","potentialAction":[{"@type":"ReadAction","target":["https:\/\/www.organisator.ch\/sustainability\/2017-01-27\/swiss-ethics-award-2018-jetzt-bewerben\/"]}]},{"@type":"ImageObject","inLanguage":"it-IT","@id":"https:\/\/www.organisator.ch\/sustainability\/2017-01-27\/swiss-ethics-award-2018-jetzt-bewerben\/#primaryimage","url":"https:\/\/www.organisator.ch\/wp-content\/uploads\/2017\/01\/Swiss-Ethics-Award.jpg","contentUrl":"https:\/\/www.organisator.ch\/wp-content\/uploads\/2017\/01\/Swiss-Ethics-Award.jpg","width":2000,"height":1125,"caption":"Die Weleda gewann den Swiss Ethics Award 2016"},{"@type":"BreadcrumbList","@id":"https:\/\/www.organisator.ch\/sustainability\/2017-01-27\/swiss-ethics-award-2018-jetzt-bewerben\/#breadcrumb","itemListElement":[{"@type":"ListItem","position":1,"name":"Home","item":"https:\/\/www.organisator.ch\/"},{"@type":"ListItem","position":2,"name":"Swiss Ethics Award 2018: Jetzt bewerben"}]},{"@type":"WebSite","@id":"https:\/\/www.organisator.ch\/#website","url":"https:\/\/www.organisator.ch\/","name":"Organizzatore","description":"Competente. Pratico. In 10 numeri all'anno, ORGANISATOR presenta i temi essenziali per i manager delle PMI.","publisher":{"@id":"https:\/\/www.organisator.ch\/#organization"},"potentialAction":[{"@type":"SearchAction","target":{"@type":"EntryPoint","urlTemplate":"https:\/\/www.organisator.ch\/?s={search_term_string}"},"query-input":{"@type":"PropertyValueSpecification","valueRequired":true,"valueName":"search_term_string"}}],"inLanguage":"it-IT"},{"@type":"Organization","@id":"https:\/\/www.organisator.ch\/#organization","name":"Organizzatore","url":"https:\/\/www.organisator.ch\/","logo":{"@type":"ImageObject","inLanguage":"it-IT","@id":"https:\/\/www.organisator.ch\/#\/schema\/logo\/image\/","url":"https:\/\/www.organisator.ch\/wp-content\/uploads\/2022\/01\/Logo_Organisator_Website.png","contentUrl":"https:\/\/www.organisator.ch\/wp-content\/uploads\/2022\/01\/Logo_Organisator_Website.png","width":800,"height":77,"caption":"Organisator"},"image":{"@id":"https:\/\/www.organisator.ch\/#\/schema\/logo\/image\/"},"sameAs":["https:\/\/www.facebook.com\/OrganisatorFachmagazin","https:\/\/www.linkedin.com\/showcase\/organisator-das-magazin-fr-kmu","https:\/\/www.xing.com\/news\/pages\/organisator-ch-695","https:\/\/www.youtube.com\/channel\/UCGP2Sq0iWaZwT3BdIAQFYpw"]},{"@type":"Person","@id":"https:\/\/www.organisator.ch\/#\/schema\/person\/aa2bace6c5c5aad60102004a50c4eb1c","name":"amministratore","image":{"@type":"ImageObject","inLanguage":"it-IT","@id":"https:\/\/secure.gravatar.com\/avatar\/ae2f4d718e6c49043e314ce431e7e645d646302a24a5ef5a8bc8e3f5a032e319?s=96&d=mm&r=g","url":"https:\/\/secure.gravatar.com\/avatar\/ae2f4d718e6c49043e314ce431e7e645d646302a24a5ef5a8bc8e3f5a032e319?s=96&d=mm&r=g","contentUrl":"https:\/\/secure.gravatar.com\/avatar\/ae2f4d718e6c49043e314ce431e7e645d646302a24a5ef5a8bc8e3f5a032e319?s=96&d=mm&r=g","caption":"admin"},"sameAs":["https:\/\/www.organisator.ch"],"url":"https:\/\/www.organisator.ch\/it\/author\/admin\/"}]}},"_links":{"self":[{"href":"https:\/\/www.organisator.ch\/it\/wp-json\/wp\/v2\/posts\/693","targetHints":{"allow":["GET"]}}],"collection":[{"href":"https:\/\/www.organisator.ch\/it\/wp-json\/wp\/v2\/posts"}],"about":[{"href":"https:\/\/www.organisator.ch\/it\/wp-json\/wp\/v2\/types\/post"}],"author":[{"embeddable":true,"href":"https:\/\/www.organisator.ch\/it\/wp-json\/wp\/v2\/users\/1"}],"replies":[{"embeddable":true,"href":"https:\/\/www.organisator.ch\/it\/wp-json\/wp\/v2\/comments?post=693"}],"version-history":[{"count":1,"href":"https:\/\/www.organisator.ch\/it\/wp-json\/wp\/v2\/posts\/693\/revisions"}],"predecessor-version":[{"id":10954,"href":"https:\/\/www.organisator.ch\/it\/wp-json\/wp\/v2\/posts\/693\/revisions\/10954"}],"wp:featuredmedia":[{"embeddable":true,"href":"https:\/\/www.organisator.ch\/it\/wp-json\/wp\/v2\/media\/9456"}],"wp:attachment":[{"href":"https:\/\/www.organisator.ch\/it\/wp-json\/wp\/v2\/media?parent=693"}],"wp:term":[{"taxonomy":"category","embeddable":true,"href":"https:\/\/www.organisator.ch\/it\/wp-json\/wp\/v2\/categories?post=693"},{"taxonomy":"post_tag","embeddable":true,"href":"https:\/\/www.organisator.ch\/it\/wp-json\/wp\/v2\/tags?post=693"}],"curies":[{"name":"wp","href":"https:\/\/api.w.org\/{rel}","templated":true}]}}