{"id":694,"date":"2016-10-07T14:46:21","date_gmt":"2016-10-07T12:46:21","guid":{"rendered":"http:\/\/dev.organisator.ch\/?p=694"},"modified":"2016-10-07T14:46:21","modified_gmt":"2016-10-07T12:46:21","slug":"der-fachkraeftemangel-bedroht-die-produktivitaet","status":"publish","type":"post","link":"https:\/\/www.organisator.ch\/it\/human-resources\/hrm\/2016-10-07\/der-fachkraeftemangel-bedroht-die-produktivitaet\/","title":{"rendered":"La carenza di lavoratori qualificati minaccia la produttivit\u00e0"},"content":{"rendered":"<figure id=\"attachment_695\" aria-describedby=\"caption-attachment-695\" style=\"width: 325px\" class=\"wp-caption alignnone\"><img loading=\"lazy\" decoding=\"async\" class=\"size-full wp-image-695\" src=\"https:\/\/www.organisator.ch\/wp-content\/uploads\/2016\/12\/Der-Fachkraeftemangel-bedroht-die-Produktivitaet-organisator.jpg\" alt=\"\" width=\"325\" height=\"359\" srcset=\"https:\/\/www.organisator.ch\/wp-content\/uploads\/2016\/12\/Der-Fachkraeftemangel-bedroht-die-Produktivitaet-organisator.jpg 325w, https:\/\/www.organisator.ch\/wp-content\/uploads\/2016\/12\/Der-Fachkraeftemangel-bedroht-die-Produktivitaet-organisator-11x12.jpg 11w, https:\/\/www.organisator.ch\/wp-content\/uploads\/2016\/12\/Der-Fachkraeftemangel-bedroht-die-Produktivitaet-organisator-158x175.jpg 158w, https:\/\/www.organisator.ch\/wp-content\/uploads\/2016\/12\/Der-Fachkraeftemangel-bedroht-die-Produktivitaet-organisator-317x350.jpg 317w, https:\/\/www.organisator.ch\/wp-content\/uploads\/2016\/12\/Der-Fachkraeftemangel-bedroht-die-Produktivitaet-organisator-300x331.jpg 300w\" sizes=\"auto, (max-width: 325px) 100vw, 325px\" \/><figcaption id=\"caption-attachment-695\" class=\"wp-caption-text\">Global Skills Index 2016 - Valori per la Svizzera (Grafico: Hays)<\/figcaption><\/figure>\n<blockquote><p>L'Hays Global Skills Index calcola un punteggio tra 0 e 10 per ogni paese dal 2012 per misurare le tensioni che affronta nel suo mercato delle competenze. Il punteggio \u00e8 calcolato analizzando sette criteri relativi a diversi aspetti delle dinamiche del mercato del lavoro, che coprono aree come il livello di istruzione, la flessibilit\u00e0 del mercato del lavoro e la pressione salariale per i lavoratori qualificati. Un punteggio superiore a 5,0 indica un mercato del lavoro rigido. Per la Svizzera, nel 2016 \u00e8 stato calcolato un indice di 4,3.<\/p><\/blockquote>\n<p>In Europa, il divario di competenze tra i profili dei requisiti delle aziende e i profili delle prestazioni dei lavoratori qualificati \u00e8 aumentato del 14% negli ultimi cinque anni. Per trovare e mantenere i dipendenti adatti, i datori di lavoro sono costretti ad aumentare gli stipendi. La crescita e la produttivit\u00e0 dell'azienda sono sempre pi\u00f9 minacciate da questo. Queste sono le conclusioni dell'Hays Global Skills Index 2016, che \u00e8 stato compilato e pubblicato per la quinta volta dalla societ\u00e0 di reclutamento internazionale Hays PLC in collaborazione con Oxford Economics. Il rapporto, intitolato \"The Global Skills Landscape - a complex puzzle\", si basa su un'analisi dei mercati del lavoro in 33 nazioni economiche.<\/p>\n<p><strong>Mercato del lavoro svizzero con un futuro incerto<\/strong><\/p>\n<p>La situazione sul mercato del lavoro svizzero \u00e8 leggermente diminuita rispetto all'anno scorso, secondo l'ultimo rapporto. Gli autori si aspettano una crescita debole del PIL e un aumento della disoccupazione fino alla fine del 2016. La pressione esercitata sul mercato del lavoro dal basso tasso di occupazione e dalla crescente disoccupazione di lunga durata, in particolare, \u00e8 compensata da un leggero allentamento della carenza di lavoratori qualificati e dal calo della pressione salariale generale. \"Anche se il tasso di disoccupazione era previsto in aumento nella seconda met\u00e0 del 2016, ci aspettiamo un graduale miglioramento del mercato del lavoro svizzero nel 2017 grazie alla ripresa economica\", afferma Marc Lutz, direttore generale di Hays Svizzera. \"Tuttavia, i mercati del lavoro dei singoli settori si svilupperanno in modo diverso - in linea con i fattori di rischio a cui sono attualmente esposti. Si tratta soprattutto dell'attuazione dell'iniziativa sull'immigrazione di massa in Svizzera, che \u00e8 ancora in fase di elaborazione, e l'incertezza in Europa, che porter\u00e0 a un'ulteriore pressione al rialzo sul franco svizzero\".<\/p>\n<p><strong>L'automazione crea posti di lavoro qualificati<\/strong><\/p>\n<p>Il rapporto mostra anche che l'automazione e la robotica offrono il potenziale per compensare la carenza di lavoratori qualificati e influenzare il mercato del lavoro. Per esempio, queste tecnologie stanno prendendo sempre pi\u00f9 il sopravvento su compiti non routinari come scrivere testi legali o fare diagnosi. In questo modo, i robot stanno sostituendo le competenze che mancano in tutto il mondo.<\/p>\n<p>L'intero \"Hays Global Skills Index 2016\" e i dati relativi alla Svizzera sono disponibili online all'indirizzo: <a href=\"http:\/\/www.hays-index.com\" data-cke-saved-href=\"http:\/\/www.hays-index.com\">http:\/\/www.hays-index.com<\/a><\/p>\n<p><em>Fonte: <a href=\"http:\/\/www.hays.ch\" data-cke-saved-href=\"http:\/\/www.hays.ch\">www.hays.ch<\/a><\/em><\/p>","protected":false},"excerpt":{"rendered":"<p>Der Hays Global Skills Index ermittelt seit 2012 f\u00fcr jedes Land eine Punktzahl zwischen 0 und 10 zur Messung der Spannungen, denen es auf seinem Fachkr\u00e4ftemarkt ausgesetzt ist. Die Punktzahl berechnet sich durch eine Analyse von sieben Kriterien, die sich auf unterschiedliche Aspekte der Arbeitsmarktdynamik beziehen und Bereiche wie Bildungsstand, Arbeitsmarktflexibilit\u00e4t und den Lohndruck f\u00fcr [&hellip;]<\/p>\n","protected":false},"author":1,"featured_media":695,"comment_status":"open","ping_status":"open","sticky":false,"template":"","format":"standard","meta":{"_acf_changed":false,"_yoast_wpseo_focuskw":"Fachkr\u00e4ftemangel","_yoast_wpseo_metadesc":"Der Fachkr\u00e4ftemangel beeinflusst das Unternehmenswachstum und die Produktivit\u00e4t in Europa. Dies ist ein Fazit des Hays Global Skills Index 2016.","articlekey":"","footnotes":""},"categories":[26],"tags":[62,254,496],"class_list":["post-694","post","type-post","status-publish","format-standard","has-post-thumbnail","hentry","category-hrm","tag-aus-weiterbildung","tag-hrm","tag-unternehmensfuehrung"],"acf":[],"yoast_head":"<!-- This site is optimized with the Yoast SEO plugin v27.5 - https:\/\/yoast.com\/product\/yoast-seo-wordpress\/ -->\n<title>Der Fachkr\u00e4ftemangel bedroht die Produktivit\u00e4t - Organisator<\/title>\n<meta name=\"description\" content=\"Der Fachkr\u00e4ftemangel beeinflusst das Unternehmenswachstum und die Produktivit\u00e4t in Europa. Dies ist ein Fazit des Hays Global Skills Index 2016.\" \/>\n<meta name=\"robots\" content=\"index, follow, max-snippet:-1, max-image-preview:large, max-video-preview:-1\" \/>\n<link rel=\"canonical\" href=\"https:\/\/www.organisator.ch\/it\/risorse-umane\/hrm\/2016-10-07\/der-fachkraeftemangel-bedroht-die-produktivitaet\/\" \/>\n<meta property=\"og:locale\" content=\"it_IT\" \/>\n<meta property=\"og:type\" content=\"article\" \/>\n<meta property=\"og:title\" content=\"Der Fachkr\u00e4ftemangel bedroht die Produktivit\u00e4t\" \/>\n<meta property=\"og:description\" content=\"Der Fachkr\u00e4ftemangel beeinflusst das Unternehmenswachstum und die Produktivit\u00e4t in Europa. Dies ist ein Fazit des Hays Global Skills Index 2016. Der Schweizer Arbeitsmarkt hat sich ein wenig entspannt, die ungewissen Folgen der Umsetzung der Masseneinwanderungsinitiative und der starke Franken stellen jedoch weiterhin Risikofaktoren dar.\" \/>\n<meta property=\"og:url\" content=\"https:\/\/www.organisator.ch\/it\/risorse-umane\/hrm\/2016-10-07\/der-fachkraeftemangel-bedroht-die-produktivitaet\/\" \/>\n<meta property=\"og:site_name\" content=\"Organisator\" \/>\n<meta property=\"article:publisher\" content=\"https:\/\/www.facebook.com\/OrganisatorFachmagazin\" \/>\n<meta property=\"article:published_time\" content=\"2016-10-07T12:46:21+00:00\" \/>\n<meta name=\"author\" content=\"admin\" \/>\n<meta name=\"twitter:card\" content=\"summary_large_image\" \/>\n<meta name=\"twitter:image\" content=\"https:\/\/www.organisator.ch\/wp-content\/uploads\/2016\/12\/Der-Fachkraeftemangel-bedroht-die-Produktivitaet-organisator.jpg\" \/>\n<script type=\"application\/ld+json\" class=\"yoast-schema-graph\">{\"@context\":\"https:\\\/\\\/schema.org\",\"@graph\":[{\"@type\":\"Article\",\"@id\":\"https:\\\/\\\/www.organisator.ch\\\/human-resources\\\/hrm\\\/2016-10-07\\\/der-fachkraeftemangel-bedroht-die-produktivitaet\\\/#article\",\"isPartOf\":{\"@id\":\"https:\\\/\\\/www.organisator.ch\\\/human-resources\\\/hrm\\\/2016-10-07\\\/der-fachkraeftemangel-bedroht-die-produktivitaet\\\/\"},\"author\":{\"name\":\"admin\",\"@id\":\"https:\\\/\\\/www.organisator.ch\\\/#\\\/schema\\\/person\\\/aa2bace6c5c5aad60102004a50c4eb1c\"},\"headline\":\"Der Fachkr\u00e4ftemangel bedroht die Produktivit\u00e4t\",\"datePublished\":\"2016-10-07T12:46:21+00:00\",\"mainEntityOfPage\":{\"@id\":\"https:\\\/\\\/www.organisator.ch\\\/human-resources\\\/hrm\\\/2016-10-07\\\/der-fachkraeftemangel-bedroht-die-produktivitaet\\\/\"},\"wordCount\":450,\"commentCount\":0,\"publisher\":{\"@id\":\"https:\\\/\\\/www.organisator.ch\\\/#organization\"},\"image\":{\"@id\":\"https:\\\/\\\/www.organisator.ch\\\/human-resources\\\/hrm\\\/2016-10-07\\\/der-fachkraeftemangel-bedroht-die-produktivitaet\\\/#primaryimage\"},\"thumbnailUrl\":\"https:\\\/\\\/www.organisator.ch\\\/wp-content\\\/uploads\\\/2016\\\/12\\\/Der-Fachkraeftemangel-bedroht-die-Produktivitaet-organisator.jpg\",\"keywords\":[\"Aus-\\\/Weiterbildung\",\"HRM\",\"Unternehmensf\u00fchrung\"],\"articleSection\":[\"HRM\"],\"inLanguage\":\"it-IT\"},{\"@type\":\"WebPage\",\"@id\":\"https:\\\/\\\/www.organisator.ch\\\/human-resources\\\/hrm\\\/2016-10-07\\\/der-fachkraeftemangel-bedroht-die-produktivitaet\\\/\",\"url\":\"https:\\\/\\\/www.organisator.ch\\\/human-resources\\\/hrm\\\/2016-10-07\\\/der-fachkraeftemangel-bedroht-die-produktivitaet\\\/\",\"name\":\"Der Fachkr\u00e4ftemangel bedroht die Produktivit\u00e4t - Organisator\",\"isPartOf\":{\"@id\":\"https:\\\/\\\/www.organisator.ch\\\/#website\"},\"primaryImageOfPage\":{\"@id\":\"https:\\\/\\\/www.organisator.ch\\\/human-resources\\\/hrm\\\/2016-10-07\\\/der-fachkraeftemangel-bedroht-die-produktivitaet\\\/#primaryimage\"},\"image\":{\"@id\":\"https:\\\/\\\/www.organisator.ch\\\/human-resources\\\/hrm\\\/2016-10-07\\\/der-fachkraeftemangel-bedroht-die-produktivitaet\\\/#primaryimage\"},\"thumbnailUrl\":\"https:\\\/\\\/www.organisator.ch\\\/wp-content\\\/uploads\\\/2016\\\/12\\\/Der-Fachkraeftemangel-bedroht-die-Produktivitaet-organisator.jpg\",\"datePublished\":\"2016-10-07T12:46:21+00:00\",\"description\":\"Der Fachkr\u00e4ftemangel beeinflusst das Unternehmenswachstum und die Produktivit\u00e4t in Europa. Dies ist ein Fazit des Hays Global Skills Index 2016.\",\"breadcrumb\":{\"@id\":\"https:\\\/\\\/www.organisator.ch\\\/human-resources\\\/hrm\\\/2016-10-07\\\/der-fachkraeftemangel-bedroht-die-produktivitaet\\\/#breadcrumb\"},\"inLanguage\":\"it-IT\",\"potentialAction\":[{\"@type\":\"ReadAction\",\"target\":[\"https:\\\/\\\/www.organisator.ch\\\/human-resources\\\/hrm\\\/2016-10-07\\\/der-fachkraeftemangel-bedroht-die-produktivitaet\\\/\"]}]},{\"@type\":\"ImageObject\",\"inLanguage\":\"it-IT\",\"@id\":\"https:\\\/\\\/www.organisator.ch\\\/human-resources\\\/hrm\\\/2016-10-07\\\/der-fachkraeftemangel-bedroht-die-produktivitaet\\\/#primaryimage\",\"url\":\"https:\\\/\\\/www.organisator.ch\\\/wp-content\\\/uploads\\\/2016\\\/12\\\/Der-Fachkraeftemangel-bedroht-die-Produktivitaet-organisator.jpg\",\"contentUrl\":\"https:\\\/\\\/www.organisator.ch\\\/wp-content\\\/uploads\\\/2016\\\/12\\\/Der-Fachkraeftemangel-bedroht-die-Produktivitaet-organisator.jpg\",\"width\":325,\"height\":359,\"caption\":\"Global Skills Index 2016 - Werte f\u00fcr die Schweiz (Grafik: Hays)\"},{\"@type\":\"BreadcrumbList\",\"@id\":\"https:\\\/\\\/www.organisator.ch\\\/human-resources\\\/hrm\\\/2016-10-07\\\/der-fachkraeftemangel-bedroht-die-produktivitaet\\\/#breadcrumb\",\"itemListElement\":[{\"@type\":\"ListItem\",\"position\":1,\"name\":\"Home\",\"item\":\"https:\\\/\\\/www.organisator.ch\\\/\"},{\"@type\":\"ListItem\",\"position\":2,\"name\":\"Der Fachkr\u00e4ftemangel bedroht die Produktivit\u00e4t\"}]},{\"@type\":\"WebSite\",\"@id\":\"https:\\\/\\\/www.organisator.ch\\\/#website\",\"url\":\"https:\\\/\\\/www.organisator.ch\\\/\",\"name\":\"Organisator\",\"description\":\"Kompetent. Praxisnah. Der ORGANISATOR bereitet in 10 Ausgaben pro Jahr die wesentlichen Themen f\u00fcr F\u00fchrungskr\u00e4fte von KMU auf.\",\"publisher\":{\"@id\":\"https:\\\/\\\/www.organisator.ch\\\/#organization\"},\"potentialAction\":[{\"@type\":\"SearchAction\",\"target\":{\"@type\":\"EntryPoint\",\"urlTemplate\":\"https:\\\/\\\/www.organisator.ch\\\/?s={search_term_string}\"},\"query-input\":{\"@type\":\"PropertyValueSpecification\",\"valueRequired\":true,\"valueName\":\"search_term_string\"}}],\"inLanguage\":\"it-IT\"},{\"@type\":\"Organization\",\"@id\":\"https:\\\/\\\/www.organisator.ch\\\/#organization\",\"name\":\"Organisator\",\"url\":\"https:\\\/\\\/www.organisator.ch\\\/\",\"logo\":{\"@type\":\"ImageObject\",\"inLanguage\":\"it-IT\",\"@id\":\"https:\\\/\\\/www.organisator.ch\\\/#\\\/schema\\\/logo\\\/image\\\/\",\"url\":\"https:\\\/\\\/www.organisator.ch\\\/wp-content\\\/uploads\\\/2022\\\/01\\\/Logo_Organisator_Website.png\",\"contentUrl\":\"https:\\\/\\\/www.organisator.ch\\\/wp-content\\\/uploads\\\/2022\\\/01\\\/Logo_Organisator_Website.png\",\"width\":800,\"height\":77,\"caption\":\"Organisator\"},\"image\":{\"@id\":\"https:\\\/\\\/www.organisator.ch\\\/#\\\/schema\\\/logo\\\/image\\\/\"},\"sameAs\":[\"https:\\\/\\\/www.facebook.com\\\/OrganisatorFachmagazin\",\"https:\\\/\\\/www.linkedin.com\\\/showcase\\\/organisator-das-magazin-fr-kmu\",\"https:\\\/\\\/www.xing.com\\\/news\\\/pages\\\/organisator-ch-695\",\"https:\\\/\\\/www.youtube.com\\\/channel\\\/UCGP2Sq0iWaZwT3BdIAQFYpw\"]},{\"@type\":\"Person\",\"@id\":\"https:\\\/\\\/www.organisator.ch\\\/#\\\/schema\\\/person\\\/aa2bace6c5c5aad60102004a50c4eb1c\",\"name\":\"admin\",\"image\":{\"@type\":\"ImageObject\",\"inLanguage\":\"it-IT\",\"@id\":\"https:\\\/\\\/secure.gravatar.com\\\/avatar\\\/ae2f4d718e6c49043e314ce431e7e645d646302a24a5ef5a8bc8e3f5a032e319?s=96&d=mm&r=g\",\"url\":\"https:\\\/\\\/secure.gravatar.com\\\/avatar\\\/ae2f4d718e6c49043e314ce431e7e645d646302a24a5ef5a8bc8e3f5a032e319?s=96&d=mm&r=g\",\"contentUrl\":\"https:\\\/\\\/secure.gravatar.com\\\/avatar\\\/ae2f4d718e6c49043e314ce431e7e645d646302a24a5ef5a8bc8e3f5a032e319?s=96&d=mm&r=g\",\"caption\":\"admin\"},\"sameAs\":[\"https:\\\/\\\/www.organisator.ch\"],\"url\":\"https:\\\/\\\/www.organisator.ch\\\/it\\\/author\\\/admin\\\/\"}]}<\/script>\n<!-- \/ Yoast SEO plugin. -->","yoast_head_json":{"title":"La carenza di competenze minaccia la produttivit\u00e0 - Organizzatore","description":"La carenza di competenze incide sulla crescita delle imprese e sulla produttivit\u00e0 in Europa. Questa \u00e8 una delle conclusioni dell'Hays Global Skills Index 2016.","robots":{"index":"index","follow":"follow","max-snippet":"max-snippet:-1","max-image-preview":"max-image-preview:large","max-video-preview":"max-video-preview:-1"},"canonical":"https:\/\/www.organisator.ch\/it\/risorse-umane\/hrm\/2016-10-07\/der-fachkraeftemangel-bedroht-die-produktivitaet\/","og_locale":"it_IT","og_type":"article","og_title":"Der Fachkr\u00e4ftemangel bedroht die Produktivit\u00e4t","og_description":"Der Fachkr\u00e4ftemangel beeinflusst das Unternehmenswachstum und die Produktivit\u00e4t in Europa. Dies ist ein Fazit des Hays Global Skills Index 2016. Der Schweizer Arbeitsmarkt hat sich ein wenig entspannt, die ungewissen Folgen der Umsetzung der Masseneinwanderungsinitiative und der starke Franken stellen jedoch weiterhin Risikofaktoren dar.","og_url":"https:\/\/www.organisator.ch\/it\/risorse-umane\/hrm\/2016-10-07\/der-fachkraeftemangel-bedroht-die-produktivitaet\/","og_site_name":"Organisator","article_publisher":"https:\/\/www.facebook.com\/OrganisatorFachmagazin","article_published_time":"2016-10-07T12:46:21+00:00","author":"admin","twitter_card":"summary_large_image","twitter_image":"https:\/\/www.organisator.ch\/wp-content\/uploads\/2016\/12\/Der-Fachkraeftemangel-bedroht-die-Produktivitaet-organisator.jpg","schema":{"@context":"https:\/\/schema.org","@graph":[{"@type":"Article","@id":"https:\/\/www.organisator.ch\/human-resources\/hrm\/2016-10-07\/der-fachkraeftemangel-bedroht-die-produktivitaet\/#article","isPartOf":{"@id":"https:\/\/www.organisator.ch\/human-resources\/hrm\/2016-10-07\/der-fachkraeftemangel-bedroht-die-produktivitaet\/"},"author":{"name":"admin","@id":"https:\/\/www.organisator.ch\/#\/schema\/person\/aa2bace6c5c5aad60102004a50c4eb1c"},"headline":"Der Fachkr\u00e4ftemangel bedroht die Produktivit\u00e4t","datePublished":"2016-10-07T12:46:21+00:00","mainEntityOfPage":{"@id":"https:\/\/www.organisator.ch\/human-resources\/hrm\/2016-10-07\/der-fachkraeftemangel-bedroht-die-produktivitaet\/"},"wordCount":450,"commentCount":0,"publisher":{"@id":"https:\/\/www.organisator.ch\/#organization"},"image":{"@id":"https:\/\/www.organisator.ch\/human-resources\/hrm\/2016-10-07\/der-fachkraeftemangel-bedroht-die-produktivitaet\/#primaryimage"},"thumbnailUrl":"https:\/\/www.organisator.ch\/wp-content\/uploads\/2016\/12\/Der-Fachkraeftemangel-bedroht-die-Produktivitaet-organisator.jpg","keywords":["Aus-\/Weiterbildung","HRM","Unternehmensf\u00fchrung"],"articleSection":["HRM"],"inLanguage":"it-IT"},{"@type":"WebPage","@id":"https:\/\/www.organisator.ch\/human-resources\/hrm\/2016-10-07\/der-fachkraeftemangel-bedroht-die-produktivitaet\/","url":"https:\/\/www.organisator.ch\/human-resources\/hrm\/2016-10-07\/der-fachkraeftemangel-bedroht-die-produktivitaet\/","name":"La carenza di competenze minaccia la produttivit\u00e0 - Organizzatore","isPartOf":{"@id":"https:\/\/www.organisator.ch\/#website"},"primaryImageOfPage":{"@id":"https:\/\/www.organisator.ch\/human-resources\/hrm\/2016-10-07\/der-fachkraeftemangel-bedroht-die-produktivitaet\/#primaryimage"},"image":{"@id":"https:\/\/www.organisator.ch\/human-resources\/hrm\/2016-10-07\/der-fachkraeftemangel-bedroht-die-produktivitaet\/#primaryimage"},"thumbnailUrl":"https:\/\/www.organisator.ch\/wp-content\/uploads\/2016\/12\/Der-Fachkraeftemangel-bedroht-die-Produktivitaet-organisator.jpg","datePublished":"2016-10-07T12:46:21+00:00","description":"La carenza di competenze incide sulla crescita delle imprese e sulla produttivit\u00e0 in Europa. Questa \u00e8 una delle conclusioni dell'Hays Global Skills Index 2016.","breadcrumb":{"@id":"https:\/\/www.organisator.ch\/human-resources\/hrm\/2016-10-07\/der-fachkraeftemangel-bedroht-die-produktivitaet\/#breadcrumb"},"inLanguage":"it-IT","potentialAction":[{"@type":"ReadAction","target":["https:\/\/www.organisator.ch\/human-resources\/hrm\/2016-10-07\/der-fachkraeftemangel-bedroht-die-produktivitaet\/"]}]},{"@type":"ImageObject","inLanguage":"it-IT","@id":"https:\/\/www.organisator.ch\/human-resources\/hrm\/2016-10-07\/der-fachkraeftemangel-bedroht-die-produktivitaet\/#primaryimage","url":"https:\/\/www.organisator.ch\/wp-content\/uploads\/2016\/12\/Der-Fachkraeftemangel-bedroht-die-Produktivitaet-organisator.jpg","contentUrl":"https:\/\/www.organisator.ch\/wp-content\/uploads\/2016\/12\/Der-Fachkraeftemangel-bedroht-die-Produktivitaet-organisator.jpg","width":325,"height":359,"caption":"Global Skills Index 2016 - Werte f\u00fcr die Schweiz (Grafik: Hays)"},{"@type":"BreadcrumbList","@id":"https:\/\/www.organisator.ch\/human-resources\/hrm\/2016-10-07\/der-fachkraeftemangel-bedroht-die-produktivitaet\/#breadcrumb","itemListElement":[{"@type":"ListItem","position":1,"name":"Home","item":"https:\/\/www.organisator.ch\/"},{"@type":"ListItem","position":2,"name":"Der Fachkr\u00e4ftemangel bedroht die Produktivit\u00e4t"}]},{"@type":"WebSite","@id":"https:\/\/www.organisator.ch\/#website","url":"https:\/\/www.organisator.ch\/","name":"Organizzatore","description":"Competente. Pratico. In 10 numeri all'anno, ORGANISATOR presenta i temi essenziali per i manager delle PMI.","publisher":{"@id":"https:\/\/www.organisator.ch\/#organization"},"potentialAction":[{"@type":"SearchAction","target":{"@type":"EntryPoint","urlTemplate":"https:\/\/www.organisator.ch\/?s={search_term_string}"},"query-input":{"@type":"PropertyValueSpecification","valueRequired":true,"valueName":"search_term_string"}}],"inLanguage":"it-IT"},{"@type":"Organization","@id":"https:\/\/www.organisator.ch\/#organization","name":"Organizzatore","url":"https:\/\/www.organisator.ch\/","logo":{"@type":"ImageObject","inLanguage":"it-IT","@id":"https:\/\/www.organisator.ch\/#\/schema\/logo\/image\/","url":"https:\/\/www.organisator.ch\/wp-content\/uploads\/2022\/01\/Logo_Organisator_Website.png","contentUrl":"https:\/\/www.organisator.ch\/wp-content\/uploads\/2022\/01\/Logo_Organisator_Website.png","width":800,"height":77,"caption":"Organisator"},"image":{"@id":"https:\/\/www.organisator.ch\/#\/schema\/logo\/image\/"},"sameAs":["https:\/\/www.facebook.com\/OrganisatorFachmagazin","https:\/\/www.linkedin.com\/showcase\/organisator-das-magazin-fr-kmu","https:\/\/www.xing.com\/news\/pages\/organisator-ch-695","https:\/\/www.youtube.com\/channel\/UCGP2Sq0iWaZwT3BdIAQFYpw"]},{"@type":"Person","@id":"https:\/\/www.organisator.ch\/#\/schema\/person\/aa2bace6c5c5aad60102004a50c4eb1c","name":"amministratore","image":{"@type":"ImageObject","inLanguage":"it-IT","@id":"https:\/\/secure.gravatar.com\/avatar\/ae2f4d718e6c49043e314ce431e7e645d646302a24a5ef5a8bc8e3f5a032e319?s=96&d=mm&r=g","url":"https:\/\/secure.gravatar.com\/avatar\/ae2f4d718e6c49043e314ce431e7e645d646302a24a5ef5a8bc8e3f5a032e319?s=96&d=mm&r=g","contentUrl":"https:\/\/secure.gravatar.com\/avatar\/ae2f4d718e6c49043e314ce431e7e645d646302a24a5ef5a8bc8e3f5a032e319?s=96&d=mm&r=g","caption":"admin"},"sameAs":["https:\/\/www.organisator.ch"],"url":"https:\/\/www.organisator.ch\/it\/author\/admin\/"}]}},"_links":{"self":[{"href":"https:\/\/www.organisator.ch\/it\/wp-json\/wp\/v2\/posts\/694","targetHints":{"allow":["GET"]}}],"collection":[{"href":"https:\/\/www.organisator.ch\/it\/wp-json\/wp\/v2\/posts"}],"about":[{"href":"https:\/\/www.organisator.ch\/it\/wp-json\/wp\/v2\/types\/post"}],"author":[{"embeddable":true,"href":"https:\/\/www.organisator.ch\/it\/wp-json\/wp\/v2\/users\/1"}],"replies":[{"embeddable":true,"href":"https:\/\/www.organisator.ch\/it\/wp-json\/wp\/v2\/comments?post=694"}],"version-history":[{"count":0,"href":"https:\/\/www.organisator.ch\/it\/wp-json\/wp\/v2\/posts\/694\/revisions"}],"wp:featuredmedia":[{"embeddable":true,"href":"https:\/\/www.organisator.ch\/it\/wp-json\/wp\/v2\/media\/695"}],"wp:attachment":[{"href":"https:\/\/www.organisator.ch\/it\/wp-json\/wp\/v2\/media?parent=694"}],"wp:term":[{"taxonomy":"category","embeddable":true,"href":"https:\/\/www.organisator.ch\/it\/wp-json\/wp\/v2\/categories?post=694"},{"taxonomy":"post_tag","embeddable":true,"href":"https:\/\/www.organisator.ch\/it\/wp-json\/wp\/v2\/tags?post=694"}],"curies":[{"name":"wp","href":"https:\/\/api.w.org\/{rel}","templated":true}]}}