{"id":6991,"date":"2020-08-04T11:07:30","date_gmt":"2020-08-04T09:07:30","guid":{"rendered":"https:\/\/www.organisator.ch\/?p=6991"},"modified":"2020-08-04T11:07:30","modified_gmt":"2020-08-04T09:07:30","slug":"der-kaufmaennische-verband-verzichtet-auf-lohnforderungen","status":"publish","type":"post","link":"https:\/\/www.organisator.ch\/it\/management\/2020-08-04\/der-kaufmaennische-verband-verzichtet-auf-lohnforderungen\/","title":{"rendered":"L'Associazione Commerciale rinuncia alle richieste salariali"},"content":{"rendered":"<figure id=\"attachment_6992\" aria-describedby=\"caption-attachment-6992\" style=\"width: 680px\" class=\"wp-caption alignnone\"><img loading=\"lazy\" decoding=\"async\" class=\"size-medium wp-image-6992\" src=\"https:\/\/www.organisator.ch\/wp-content\/uploads\/2020\/08\/Der-Kaufmaennische-Verband-verzichtet-auf-Lohnforderungen_Organisator.jpg\" alt=\"\" width=\"680\" height=\"482\" srcset=\"https:\/\/www.organisator.ch\/wp-content\/uploads\/2020\/08\/Der-Kaufmaennische-Verband-verzichtet-auf-Lohnforderungen_Organisator.jpg 680w, https:\/\/www.organisator.ch\/wp-content\/uploads\/2020\/08\/Der-Kaufmaennische-Verband-verzichtet-auf-Lohnforderungen_Organisator-16x12.jpg 16w, https:\/\/www.organisator.ch\/wp-content\/uploads\/2020\/08\/Der-Kaufmaennische-Verband-verzichtet-auf-Lohnforderungen_Organisator-247x175.jpg 247w, https:\/\/www.organisator.ch\/wp-content\/uploads\/2020\/08\/Der-Kaufmaennische-Verband-verzichtet-auf-Lohnforderungen_Organisator-494x350.jpg 494w, https:\/\/www.organisator.ch\/wp-content\/uploads\/2020\/08\/Der-Kaufmaennische-Verband-verzichtet-auf-Lohnforderungen_Organisator-300x213.jpg 300w\" sizes=\"auto, (max-width: 680px) 100vw, 680px\" \/><figcaption id=\"caption-attachment-6992\" class=\"wp-caption-text\">La Federazione degli impiegati del commercio chiede pi\u00f9 investimenti nella formazione continua, ma rinuncia alle richieste salariali a causa della crisi di Corona. (Immagine: Fotolia.com)<\/figcaption><\/figure>\n<p>Anche quest'anno la Kaufm\u00e4nnische Verband ha analizzato la crescita del PIL prevista dalla Segreteria di Stato dell'economia SECO e dagli esperti della Confederazione, nonch\u00e9 l'inflazione e i relativi costi per i dipendenti (livello dei prezzi, costi sanitari, affitto, ecc.). Normalmente, ne ricava raccomandazioni salariali specifiche per il settore, al fine di contrastare una perdita di potere d'acquisto e di permettere ai dipendenti di partecipare a una maggiore produttivit\u00e0 e a un aumento della redditivit\u00e0. Tuttavia, a causa della crisi di Corona e dell'attuale situazione economica, l'Associazione Commerciale non chieder\u00e0 salari pi\u00f9 alti per i singoli settori nel 2021. Piuttosto, si impegna a preservare il maggior numero possibile di posti di lavoro e a salvaguardare i redditi. Inoltre, chiede ai datori di lavoro di investire nel rafforzamento delle competenze dei dipendenti e dei manager sul mercato del lavoro attraverso la formazione continua, tra le altre cose. Tuttavia, le imprese sono incoraggiate a concedere aumenti salariali se hanno un alto valore aggiunto e non stanno affrontando problemi esistenziali.<\/p>\n<h2>Mantenere i posti di lavoro e i salari a lungo termine<\/h2>\n<p>\"Alla luce dell'attuale difficile situazione economica, non sembra opportuno che la Kaufm\u00e4nnischer Verband chieda salari pi\u00f9 alti in tutti i settori\", dice Caroline Schubiger, responsabile dell'occupazione e della consulenza della Kaufm\u00e4nnischer Verband. Il blocco nella primavera del 2020 avr\u00e0 un impatto negativo sulla situazione economica e sul mercato del lavoro, come previsto dal centro di ricerca economica del Politecnico di Zurigo e dalla SECO. Ora \u00e8 particolarmente importante assicurare i posti di lavoro e il reddito a lungo termine, in modo da mantenere il potere d'acquisto e rafforzare il consumo e l'economia. \"Una sfida particolare \u00e8 la conservazione dei posti di lavoro nei settori che devono fare i conti con gli effetti a lungo termine della pandemia di Corona sul volume di lavoro, come il trasporto aereo\", dice Schubiger. \"Se non \u00e8 possibile evitare i tagli di posti di lavoro, lavoreremo per soluzioni socialmente accettabili e sosterremo attivamente i dipendenti colpiti\".<\/p>\n<h2>La formazione continua rafforza le competenze del mercato del lavoro<\/h2>\n<p>Nel mondo di oggi, le competenze apprese diventano rapidamente obsolete. Nuove competenze come la competenza sul cambiamento, l'auto-organizzazione o le capacit\u00e0 decisionali sono necessarie per rimanere agili. La spinta alla digitalizzazione portata dalla crisi di Corona dimostra anche che le competenze digitali, metodologiche, sociali e personali stanno diventando sempre pi\u00f9 importanti in questo mondo del lavoro. Sono proprio queste competenze su cui l'associazione commerciale si concentra nella riforma dell'apprendistato KV (Kaufleute 2022). Tuttavia, non solo i giovani professionisti, ma anche i professionisti esperti e i dipendenti pi\u00f9 anziani hanno bisogno di sviluppare queste competenze. \"\u00c8 particolarmente importante ora investire nella formazione continua. Solo in questo modo \u00e8 possibile per i dipendenti svilupparsi professionalmente e rafforzare cos\u00ec la loro commerciabilit\u00e0 e quella dell'azienda\", dice Schubiger. L'associazione commerciale invita quindi le aziende a motivare e sostenere i dipendenti nella formazione continua. Ci\u00f2 significa che le aziende sono tenute a creare condizioni quadro adeguate e un clima di fiducia, in modo che la formazione continua diventi parte della carriera professionale e dell'orario di lavoro. Inoltre, gli impiegati e i dirigenti dovrebbero essere resi consapevoli dell'importanza dell'apprendimento permanente.<\/p>\n<h2>L'associazione commerciale offre un supporto completo<\/h2>\n<p>La Federazione degli impiegati del commercio offre una consulenza completa ai dipendenti e li sostiene nelle questioni relative all'istruzione e al lavoro. Inoltre, in vista della crisi di Corona, ha ampliato la sua raccolta annuale di fondi per aiutare i membri che sono colpiti dalla perdita di reddito e dalle restrizioni finanziarie. I membri che desiderano proseguire gli studi, ma non hanno i mezzi finanziari per farlo, possono anche richiedere un sostegno finanziario per la loro ulteriore istruzione.<\/p>\n<p><em>Fonte e ulteriori informazioni: <a href=\"http:\/\/www.kfmv.ch\">www.kfmv.ch<\/a><\/em><\/p>","protected":false},"excerpt":{"rendered":"<p>Der Kaufm\u00e4nnische Verband hat auch dieses Jahr das vom Staatssekretariat f\u00fcr Wirtschaft SECO und den Experten des Bundes prognostizierte BIP-Wachstum sowie die Teuerung und die damit verbundenen Kosten f\u00fcr Arbeitnehmende (Preisniveau, Gesundheitskosten, Miete usw.) analysiert. Normalerweise leitet er daraus branchenspezifische Lohnempfehlungen ab, um einem Kaufkraftverlust entgegenzuwirken und Mitarbeitende an einer h\u00f6heren Produktivit\u00e4t sowie an einer [&hellip;]<\/p>\n","protected":false},"author":4,"featured_media":6992,"comment_status":"closed","ping_status":"closed","sticky":false,"template":"","format":"standard","meta":{"_acf_changed":false,"_yoast_wpseo_focuskw":"Der Kaufm\u00e4nnische Verband","_yoast_wpseo_metadesc":"F\u00fcr die Lohnrunde 2021 verzichtet der Kaufm\u00e4nnische Verband auf die Forderung nach mehr Lohn. Vielmehr fordert er Investitionen in die Weiterbildung.","articlekey":"","footnotes":""},"categories":[28],"tags":[329,335,503,531],"class_list":["post-6991","post","type-post","status-publish","format-standard","has-post-thumbnail","hentry","category-management","tag-loehne","tag-management-und-unternehmensfuehrung","tag-verbaende","tag-wirtschaftspolitik"],"acf":[],"yoast_head":"<!-- This site is optimized with the Yoast SEO plugin v27.5 - https:\/\/yoast.com\/product\/yoast-seo-wordpress\/ -->\n<title>Der Kaufm\u00e4nnische Verband verzichtet auf Lohnforderungen - Organisator<\/title>\n<meta name=\"description\" content=\"F\u00fcr die Lohnrunde 2021 verzichtet der Kaufm\u00e4nnische Verband auf die Forderung nach mehr Lohn. Vielmehr fordert er Investitionen in die Weiterbildung.\" \/>\n<meta name=\"robots\" content=\"index, follow, max-snippet:-1, max-image-preview:large, max-video-preview:-1\" \/>\n<link rel=\"canonical\" href=\"https:\/\/www.organisator.ch\/it\/gestione-2\/2020-08-04\/der-kaufmaennische-verband-verzichtet-auf-lohnforderungen\/\" \/>\n<meta property=\"og:locale\" content=\"it_IT\" \/>\n<meta property=\"og:type\" content=\"article\" \/>\n<meta property=\"og:title\" content=\"Der Kaufm\u00e4nnische Verband verzichtet auf Lohnforderungen\" \/>\n<meta property=\"og:description\" content=\"F\u00fcr die Lohnrunde 2021 verzichtet der Kaufm\u00e4nnische Verband auf die Forderung nach mehr Lohn. Vielmehr fordert er Investitionen in die Weiterbildung.\" \/>\n<meta property=\"og:url\" content=\"https:\/\/www.organisator.ch\/it\/gestione-2\/2020-08-04\/der-kaufmaennische-verband-verzichtet-auf-lohnforderungen\/\" \/>\n<meta property=\"og:site_name\" content=\"Organisator\" \/>\n<meta property=\"article:publisher\" content=\"https:\/\/www.facebook.com\/OrganisatorFachmagazin\" \/>\n<meta property=\"article:published_time\" content=\"2020-08-04T09:07:30+00:00\" \/>\n<meta property=\"og:image\" content=\"https:\/\/www.organisator.ch\/wp-content\/uploads\/2020\/08\/Der-Kaufmaennische-Verband-verzichtet-auf-Lohnforderungen_Organisator.jpg\" \/>\n\t<meta property=\"og:image:width\" content=\"680\" \/>\n\t<meta property=\"og:image:height\" content=\"482\" \/>\n\t<meta property=\"og:image:type\" content=\"image\/jpeg\" \/>\n<meta name=\"author\" content=\"thomas.berner\" \/>\n<meta name=\"twitter:card\" content=\"summary_large_image\" \/>\n<meta name=\"twitter:title\" content=\"Der Kaufm\u00e4nnische Verband #kfmv verzichtet auf #Lohnforderungen\" \/>\n<meta name=\"twitter:description\" content=\"F\u00fcr die #Lohnrunde 2021 verzichtet der Kaufm\u00e4nnische Verband auf die Forderung nach mehr #Lohn. Vielmehr fordert er Investitionen in die #Weiterbildung.\" \/>\n<meta name=\"twitter:image\" content=\"https:\/\/www.organisator.ch\/wp-content\/uploads\/2020\/08\/Der-Kaufmaennische-Verband-verzichtet-auf-Lohnforderungen_Organisator.jpg\" \/>\n<script type=\"application\/ld+json\" class=\"yoast-schema-graph\">{\"@context\":\"https:\\\/\\\/schema.org\",\"@graph\":[{\"@type\":\"Article\",\"@id\":\"https:\\\/\\\/www.organisator.ch\\\/management\\\/2020-08-04\\\/der-kaufmaennische-verband-verzichtet-auf-lohnforderungen\\\/#article\",\"isPartOf\":{\"@id\":\"https:\\\/\\\/www.organisator.ch\\\/management\\\/2020-08-04\\\/der-kaufmaennische-verband-verzichtet-auf-lohnforderungen\\\/\"},\"author\":{\"name\":\"thomas.berner\",\"@id\":\"https:\\\/\\\/www.organisator.ch\\\/#\\\/schema\\\/person\\\/6f650f90b2842cd4c0cc334b4e36f67e\"},\"headline\":\"Der Kaufm\u00e4nnische Verband verzichtet auf Lohnforderungen\",\"datePublished\":\"2020-08-04T09:07:30+00:00\",\"mainEntityOfPage\":{\"@id\":\"https:\\\/\\\/www.organisator.ch\\\/management\\\/2020-08-04\\\/der-kaufmaennische-verband-verzichtet-auf-lohnforderungen\\\/\"},\"wordCount\":604,\"publisher\":{\"@id\":\"https:\\\/\\\/www.organisator.ch\\\/#organization\"},\"image\":{\"@id\":\"https:\\\/\\\/www.organisator.ch\\\/management\\\/2020-08-04\\\/der-kaufmaennische-verband-verzichtet-auf-lohnforderungen\\\/#primaryimage\"},\"thumbnailUrl\":\"https:\\\/\\\/www.organisator.ch\\\/wp-content\\\/uploads\\\/2020\\\/08\\\/Der-Kaufmaennische-Verband-verzichtet-auf-Lohnforderungen_Organisator.jpg\",\"keywords\":[\"L\u00f6hne\",\"Management und Unternehmensf\u00fchrung\",\"Verb\u00e4nde\",\"Wirtschaftspolitik\"],\"articleSection\":[\"MANAGEMENT\"],\"inLanguage\":\"it-IT\"},{\"@type\":\"WebPage\",\"@id\":\"https:\\\/\\\/www.organisator.ch\\\/management\\\/2020-08-04\\\/der-kaufmaennische-verband-verzichtet-auf-lohnforderungen\\\/\",\"url\":\"https:\\\/\\\/www.organisator.ch\\\/management\\\/2020-08-04\\\/der-kaufmaennische-verband-verzichtet-auf-lohnforderungen\\\/\",\"name\":\"Der Kaufm\u00e4nnische Verband verzichtet auf Lohnforderungen - Organisator\",\"isPartOf\":{\"@id\":\"https:\\\/\\\/www.organisator.ch\\\/#website\"},\"primaryImageOfPage\":{\"@id\":\"https:\\\/\\\/www.organisator.ch\\\/management\\\/2020-08-04\\\/der-kaufmaennische-verband-verzichtet-auf-lohnforderungen\\\/#primaryimage\"},\"image\":{\"@id\":\"https:\\\/\\\/www.organisator.ch\\\/management\\\/2020-08-04\\\/der-kaufmaennische-verband-verzichtet-auf-lohnforderungen\\\/#primaryimage\"},\"thumbnailUrl\":\"https:\\\/\\\/www.organisator.ch\\\/wp-content\\\/uploads\\\/2020\\\/08\\\/Der-Kaufmaennische-Verband-verzichtet-auf-Lohnforderungen_Organisator.jpg\",\"datePublished\":\"2020-08-04T09:07:30+00:00\",\"description\":\"F\u00fcr die Lohnrunde 2021 verzichtet der Kaufm\u00e4nnische Verband auf die Forderung nach mehr Lohn. Vielmehr fordert er Investitionen in die Weiterbildung.\",\"breadcrumb\":{\"@id\":\"https:\\\/\\\/www.organisator.ch\\\/management\\\/2020-08-04\\\/der-kaufmaennische-verband-verzichtet-auf-lohnforderungen\\\/#breadcrumb\"},\"inLanguage\":\"it-IT\",\"potentialAction\":[{\"@type\":\"ReadAction\",\"target\":[\"https:\\\/\\\/www.organisator.ch\\\/management\\\/2020-08-04\\\/der-kaufmaennische-verband-verzichtet-auf-lohnforderungen\\\/\"]}]},{\"@type\":\"ImageObject\",\"inLanguage\":\"it-IT\",\"@id\":\"https:\\\/\\\/www.organisator.ch\\\/management\\\/2020-08-04\\\/der-kaufmaennische-verband-verzichtet-auf-lohnforderungen\\\/#primaryimage\",\"url\":\"https:\\\/\\\/www.organisator.ch\\\/wp-content\\\/uploads\\\/2020\\\/08\\\/Der-Kaufmaennische-Verband-verzichtet-auf-Lohnforderungen_Organisator.jpg\",\"contentUrl\":\"https:\\\/\\\/www.organisator.ch\\\/wp-content\\\/uploads\\\/2020\\\/08\\\/Der-Kaufmaennische-Verband-verzichtet-auf-Lohnforderungen_Organisator.jpg\",\"width\":680,\"height\":482,\"caption\":\"Der Kaufm\u00e4nnische Verband fordert mehr Investitionen in die Weiterbildung, verzichtet daf\u00fcr wegen der Corona-Krise auf Lohnforderungen. (Bild: Fotolia.com)\"},{\"@type\":\"BreadcrumbList\",\"@id\":\"https:\\\/\\\/www.organisator.ch\\\/management\\\/2020-08-04\\\/der-kaufmaennische-verband-verzichtet-auf-lohnforderungen\\\/#breadcrumb\",\"itemListElement\":[{\"@type\":\"ListItem\",\"position\":1,\"name\":\"Home\",\"item\":\"https:\\\/\\\/www.organisator.ch\\\/\"},{\"@type\":\"ListItem\",\"position\":2,\"name\":\"Der Kaufm\u00e4nnische Verband verzichtet auf Lohnforderungen\"}]},{\"@type\":\"WebSite\",\"@id\":\"https:\\\/\\\/www.organisator.ch\\\/#website\",\"url\":\"https:\\\/\\\/www.organisator.ch\\\/\",\"name\":\"Organisator\",\"description\":\"Kompetent. Praxisnah. Der ORGANISATOR bereitet in 10 Ausgaben pro Jahr die wesentlichen Themen f\u00fcr F\u00fchrungskr\u00e4fte von KMU auf.\",\"publisher\":{\"@id\":\"https:\\\/\\\/www.organisator.ch\\\/#organization\"},\"potentialAction\":[{\"@type\":\"SearchAction\",\"target\":{\"@type\":\"EntryPoint\",\"urlTemplate\":\"https:\\\/\\\/www.organisator.ch\\\/?s={search_term_string}\"},\"query-input\":{\"@type\":\"PropertyValueSpecification\",\"valueRequired\":true,\"valueName\":\"search_term_string\"}}],\"inLanguage\":\"it-IT\"},{\"@type\":\"Organization\",\"@id\":\"https:\\\/\\\/www.organisator.ch\\\/#organization\",\"name\":\"Organisator\",\"url\":\"https:\\\/\\\/www.organisator.ch\\\/\",\"logo\":{\"@type\":\"ImageObject\",\"inLanguage\":\"it-IT\",\"@id\":\"https:\\\/\\\/www.organisator.ch\\\/#\\\/schema\\\/logo\\\/image\\\/\",\"url\":\"https:\\\/\\\/www.organisator.ch\\\/wp-content\\\/uploads\\\/2022\\\/01\\\/Logo_Organisator_Website.png\",\"contentUrl\":\"https:\\\/\\\/www.organisator.ch\\\/wp-content\\\/uploads\\\/2022\\\/01\\\/Logo_Organisator_Website.png\",\"width\":800,\"height\":77,\"caption\":\"Organisator\"},\"image\":{\"@id\":\"https:\\\/\\\/www.organisator.ch\\\/#\\\/schema\\\/logo\\\/image\\\/\"},\"sameAs\":[\"https:\\\/\\\/www.facebook.com\\\/OrganisatorFachmagazin\",\"https:\\\/\\\/www.linkedin.com\\\/showcase\\\/organisator-das-magazin-fr-kmu\",\"https:\\\/\\\/www.xing.com\\\/news\\\/pages\\\/organisator-ch-695\",\"https:\\\/\\\/www.youtube.com\\\/channel\\\/UCGP2Sq0iWaZwT3BdIAQFYpw\"]},{\"@type\":\"Person\",\"@id\":\"https:\\\/\\\/www.organisator.ch\\\/#\\\/schema\\\/person\\\/6f650f90b2842cd4c0cc334b4e36f67e\",\"name\":\"thomas.berner\",\"image\":{\"@type\":\"ImageObject\",\"inLanguage\":\"it-IT\",\"@id\":\"https:\\\/\\\/secure.gravatar.com\\\/avatar\\\/ac5001d2a36cb6c6cd3e50789007ffca834b477b74a2144564522e944eabff61?s=96&d=mm&r=g\",\"url\":\"https:\\\/\\\/secure.gravatar.com\\\/avatar\\\/ac5001d2a36cb6c6cd3e50789007ffca834b477b74a2144564522e944eabff61?s=96&d=mm&r=g\",\"contentUrl\":\"https:\\\/\\\/secure.gravatar.com\\\/avatar\\\/ac5001d2a36cb6c6cd3e50789007ffca834b477b74a2144564522e944eabff61?s=96&d=mm&r=g\",\"caption\":\"thomas.berner\"},\"url\":\"https:\\\/\\\/www.organisator.ch\\\/it\\\/author\\\/thomas-berner\\\/\"}]}<\/script>\n<!-- \/ Yoast SEO plugin. -->","yoast_head_json":{"title":"L'Associazione commerciale rinuncia alle richieste salariali - Organizzatore","description":"Per la tornata salariale del 2021, l'Associazione commerciale si astiene dal chiedere un aumento dei salari. Chiede invece di investire nella formazione continua.","robots":{"index":"index","follow":"follow","max-snippet":"max-snippet:-1","max-image-preview":"max-image-preview:large","max-video-preview":"max-video-preview:-1"},"canonical":"https:\/\/www.organisator.ch\/it\/gestione-2\/2020-08-04\/der-kaufmaennische-verband-verzichtet-auf-lohnforderungen\/","og_locale":"it_IT","og_type":"article","og_title":"Der Kaufm\u00e4nnische Verband verzichtet auf Lohnforderungen","og_description":"F\u00fcr die Lohnrunde 2021 verzichtet der Kaufm\u00e4nnische Verband auf die Forderung nach mehr Lohn. Vielmehr fordert er Investitionen in die Weiterbildung.","og_url":"https:\/\/www.organisator.ch\/it\/gestione-2\/2020-08-04\/der-kaufmaennische-verband-verzichtet-auf-lohnforderungen\/","og_site_name":"Organisator","article_publisher":"https:\/\/www.facebook.com\/OrganisatorFachmagazin","article_published_time":"2020-08-04T09:07:30+00:00","og_image":[{"width":680,"height":482,"url":"https:\/\/www.organisator.ch\/wp-content\/uploads\/2020\/08\/Der-Kaufmaennische-Verband-verzichtet-auf-Lohnforderungen_Organisator.jpg","type":"image\/jpeg"}],"author":"thomas.berner","twitter_card":"summary_large_image","twitter_title":"Der Kaufm\u00e4nnische Verband #kfmv verzichtet auf #Lohnforderungen","twitter_description":"F\u00fcr die #Lohnrunde 2021 verzichtet der Kaufm\u00e4nnische Verband auf die Forderung nach mehr #Lohn. Vielmehr fordert er Investitionen in die #Weiterbildung.","twitter_image":"https:\/\/www.organisator.ch\/wp-content\/uploads\/2020\/08\/Der-Kaufmaennische-Verband-verzichtet-auf-Lohnforderungen_Organisator.jpg","schema":{"@context":"https:\/\/schema.org","@graph":[{"@type":"Article","@id":"https:\/\/www.organisator.ch\/management\/2020-08-04\/der-kaufmaennische-verband-verzichtet-auf-lohnforderungen\/#article","isPartOf":{"@id":"https:\/\/www.organisator.ch\/management\/2020-08-04\/der-kaufmaennische-verband-verzichtet-auf-lohnforderungen\/"},"author":{"name":"thomas.berner","@id":"https:\/\/www.organisator.ch\/#\/schema\/person\/6f650f90b2842cd4c0cc334b4e36f67e"},"headline":"Der Kaufm\u00e4nnische Verband verzichtet auf Lohnforderungen","datePublished":"2020-08-04T09:07:30+00:00","mainEntityOfPage":{"@id":"https:\/\/www.organisator.ch\/management\/2020-08-04\/der-kaufmaennische-verband-verzichtet-auf-lohnforderungen\/"},"wordCount":604,"publisher":{"@id":"https:\/\/www.organisator.ch\/#organization"},"image":{"@id":"https:\/\/www.organisator.ch\/management\/2020-08-04\/der-kaufmaennische-verband-verzichtet-auf-lohnforderungen\/#primaryimage"},"thumbnailUrl":"https:\/\/www.organisator.ch\/wp-content\/uploads\/2020\/08\/Der-Kaufmaennische-Verband-verzichtet-auf-Lohnforderungen_Organisator.jpg","keywords":["L\u00f6hne","Management und Unternehmensf\u00fchrung","Verb\u00e4nde","Wirtschaftspolitik"],"articleSection":["MANAGEMENT"],"inLanguage":"it-IT"},{"@type":"WebPage","@id":"https:\/\/www.organisator.ch\/management\/2020-08-04\/der-kaufmaennische-verband-verzichtet-auf-lohnforderungen\/","url":"https:\/\/www.organisator.ch\/management\/2020-08-04\/der-kaufmaennische-verband-verzichtet-auf-lohnforderungen\/","name":"L'Associazione commerciale rinuncia alle richieste salariali - Organizzatore","isPartOf":{"@id":"https:\/\/www.organisator.ch\/#website"},"primaryImageOfPage":{"@id":"https:\/\/www.organisator.ch\/management\/2020-08-04\/der-kaufmaennische-verband-verzichtet-auf-lohnforderungen\/#primaryimage"},"image":{"@id":"https:\/\/www.organisator.ch\/management\/2020-08-04\/der-kaufmaennische-verband-verzichtet-auf-lohnforderungen\/#primaryimage"},"thumbnailUrl":"https:\/\/www.organisator.ch\/wp-content\/uploads\/2020\/08\/Der-Kaufmaennische-Verband-verzichtet-auf-Lohnforderungen_Organisator.jpg","datePublished":"2020-08-04T09:07:30+00:00","description":"Per la tornata salariale del 2021, l'Associazione commerciale si astiene dal chiedere un aumento dei salari. Chiede invece di investire nella formazione continua.","breadcrumb":{"@id":"https:\/\/www.organisator.ch\/management\/2020-08-04\/der-kaufmaennische-verband-verzichtet-auf-lohnforderungen\/#breadcrumb"},"inLanguage":"it-IT","potentialAction":[{"@type":"ReadAction","target":["https:\/\/www.organisator.ch\/management\/2020-08-04\/der-kaufmaennische-verband-verzichtet-auf-lohnforderungen\/"]}]},{"@type":"ImageObject","inLanguage":"it-IT","@id":"https:\/\/www.organisator.ch\/management\/2020-08-04\/der-kaufmaennische-verband-verzichtet-auf-lohnforderungen\/#primaryimage","url":"https:\/\/www.organisator.ch\/wp-content\/uploads\/2020\/08\/Der-Kaufmaennische-Verband-verzichtet-auf-Lohnforderungen_Organisator.jpg","contentUrl":"https:\/\/www.organisator.ch\/wp-content\/uploads\/2020\/08\/Der-Kaufmaennische-Verband-verzichtet-auf-Lohnforderungen_Organisator.jpg","width":680,"height":482,"caption":"Der Kaufm\u00e4nnische Verband fordert mehr Investitionen in die Weiterbildung, verzichtet daf\u00fcr wegen der Corona-Krise auf Lohnforderungen. (Bild: Fotolia.com)"},{"@type":"BreadcrumbList","@id":"https:\/\/www.organisator.ch\/management\/2020-08-04\/der-kaufmaennische-verband-verzichtet-auf-lohnforderungen\/#breadcrumb","itemListElement":[{"@type":"ListItem","position":1,"name":"Home","item":"https:\/\/www.organisator.ch\/"},{"@type":"ListItem","position":2,"name":"Der Kaufm\u00e4nnische Verband verzichtet auf Lohnforderungen"}]},{"@type":"WebSite","@id":"https:\/\/www.organisator.ch\/#website","url":"https:\/\/www.organisator.ch\/","name":"Organizzatore","description":"Competente. Pratico. In 10 numeri all'anno, ORGANISATOR presenta i temi essenziali per i manager delle PMI.","publisher":{"@id":"https:\/\/www.organisator.ch\/#organization"},"potentialAction":[{"@type":"SearchAction","target":{"@type":"EntryPoint","urlTemplate":"https:\/\/www.organisator.ch\/?s={search_term_string}"},"query-input":{"@type":"PropertyValueSpecification","valueRequired":true,"valueName":"search_term_string"}}],"inLanguage":"it-IT"},{"@type":"Organization","@id":"https:\/\/www.organisator.ch\/#organization","name":"Organizzatore","url":"https:\/\/www.organisator.ch\/","logo":{"@type":"ImageObject","inLanguage":"it-IT","@id":"https:\/\/www.organisator.ch\/#\/schema\/logo\/image\/","url":"https:\/\/www.organisator.ch\/wp-content\/uploads\/2022\/01\/Logo_Organisator_Website.png","contentUrl":"https:\/\/www.organisator.ch\/wp-content\/uploads\/2022\/01\/Logo_Organisator_Website.png","width":800,"height":77,"caption":"Organisator"},"image":{"@id":"https:\/\/www.organisator.ch\/#\/schema\/logo\/image\/"},"sameAs":["https:\/\/www.facebook.com\/OrganisatorFachmagazin","https:\/\/www.linkedin.com\/showcase\/organisator-das-magazin-fr-kmu","https:\/\/www.xing.com\/news\/pages\/organisator-ch-695","https:\/\/www.youtube.com\/channel\/UCGP2Sq0iWaZwT3BdIAQFYpw"]},{"@type":"Person","@id":"https:\/\/www.organisator.ch\/#\/schema\/person\/6f650f90b2842cd4c0cc334b4e36f67e","name":"Tommaso.berner","image":{"@type":"ImageObject","inLanguage":"it-IT","@id":"https:\/\/secure.gravatar.com\/avatar\/ac5001d2a36cb6c6cd3e50789007ffca834b477b74a2144564522e944eabff61?s=96&d=mm&r=g","url":"https:\/\/secure.gravatar.com\/avatar\/ac5001d2a36cb6c6cd3e50789007ffca834b477b74a2144564522e944eabff61?s=96&d=mm&r=g","contentUrl":"https:\/\/secure.gravatar.com\/avatar\/ac5001d2a36cb6c6cd3e50789007ffca834b477b74a2144564522e944eabff61?s=96&d=mm&r=g","caption":"thomas.berner"},"url":"https:\/\/www.organisator.ch\/it\/author\/thomas-berner\/"}]}},"_links":{"self":[{"href":"https:\/\/www.organisator.ch\/it\/wp-json\/wp\/v2\/posts\/6991","targetHints":{"allow":["GET"]}}],"collection":[{"href":"https:\/\/www.organisator.ch\/it\/wp-json\/wp\/v2\/posts"}],"about":[{"href":"https:\/\/www.organisator.ch\/it\/wp-json\/wp\/v2\/types\/post"}],"author":[{"embeddable":true,"href":"https:\/\/www.organisator.ch\/it\/wp-json\/wp\/v2\/users\/4"}],"replies":[{"embeddable":true,"href":"https:\/\/www.organisator.ch\/it\/wp-json\/wp\/v2\/comments?post=6991"}],"version-history":[{"count":0,"href":"https:\/\/www.organisator.ch\/it\/wp-json\/wp\/v2\/posts\/6991\/revisions"}],"wp:featuredmedia":[{"embeddable":true,"href":"https:\/\/www.organisator.ch\/it\/wp-json\/wp\/v2\/media\/6992"}],"wp:attachment":[{"href":"https:\/\/www.organisator.ch\/it\/wp-json\/wp\/v2\/media?parent=6991"}],"wp:term":[{"taxonomy":"category","embeddable":true,"href":"https:\/\/www.organisator.ch\/it\/wp-json\/wp\/v2\/categories?post=6991"},{"taxonomy":"post_tag","embeddable":true,"href":"https:\/\/www.organisator.ch\/it\/wp-json\/wp\/v2\/tags?post=6991"}],"curies":[{"name":"wp","href":"https:\/\/api.w.org\/{rel}","templated":true}]}}