{"id":700,"date":"2017-02-01T10:54:52","date_gmt":"2017-02-01T09:54:52","guid":{"rendered":"https:\/\/www.umweltperspektiven.ch\/?p=700"},"modified":"2022-02-09T11:10:13","modified_gmt":"2022-02-09T10:10:13","slug":"kampagne-fuer-schweizer-holz","status":"publish","type":"post","link":"https:\/\/www.organisator.ch\/it\/sustainability\/2017-02-01\/kampagne-fuer-schweizer-holz\/","title":{"rendered":"Campagna per il legno svizzero"},"content":{"rendered":"<p>La gestione delle foreste ha un impatto positivo sui servizi forestali: Una foresta ben curata e sana pu\u00f2 soddisfare le richieste poste, per esempio, come area ricreativa, per la protezione contro i pericoli naturali, per assicurare un'alta qualit\u00e0 dell'acqua potabile, nel sequestro dell'anidride carbonica o per la conservazione dei posti di lavoro nel settore forestale e del legname. Circa 5 milioni di metri cubi di legno vengono raccolti ogni anno dalle foreste svizzere. Senza che le foreste siano sovrasfruttate, circa un terzo in pi\u00f9 potrebbe essere utilizzato.<\/p>\n<p><strong> Incontri di legno<\/strong><\/p>\n<p>Il fulcro della campagna di sensibilizzazione lanciata dall'industria forestale e del legno e dall'Ufficio federale dell'ambiente UFAM <a href=\"\/\/www.woodvetia.ch\">#WOODVETIA<\/a> sono figure a grandezza naturale di personalit\u00e0 svizzere. Ognuno di essi \u00e8 fatto con un tipo di legno che proviene dalla regione d'origine della persona ritratta. L'artista zurighese Inigo Gheyselinck crea le statue con il coinvolgimento di vari partner dell'industria forestale e del legno. Boscaioli, segantini e tornitori sono tra coloro che sono coinvolti nel processo artistico. La selezione delle statue \u00e8 stata effettuata da una giuria composta da rappresentanti del settore forestale e del legno e dall'UFAM.<\/p>\n<p>Marie Tussaud, la fondatrice del famoso museo delle cere, \u00e8 la prima personalit\u00e0 svizzera a dare il via alla serie di figure #WOODVETIA. La figura \u00e8 stata scolpita da un tiglio invernale bernese. Secondo lei, Tussaud \u00e8 nato a Berna, anche se il suo luogo di nascita ufficiale \u00e8 Strasburgo.<\/p>\n<p>Durante tutto l'anno, nuove figure di legno vengono ripetutamente collocate negli spazi pubblici di tutta la Svizzera, in modo che la popolazione le incontri in luoghi sorprendenti. Le cifre sono sempre liberamente accessibili. Perch\u00e9 solo quando le persone toccano e annusano le statue possono sperimentare il legno, materia prima sostenibile, in modo sensuale ed esserne entusiasti. Alla fine del 2017, tutte le cifre - non riveliamo quante saranno - saranno presentate insieme a Berna. Fino ad allora, il sito web <a href=\"\/\/www.woodvetia.ch\">www.woodvetia.ch<\/a> Informazioni sull'ubicazione delle statue. Ulteriori informazioni sul legno svizzero si trovano anche sulla stessa pagina.<\/p>\n<p><strong>Aumentare la domanda di legno svizzero<\/strong><\/p>\n<p>La campagna #WOODVETIA mira a incoraggiare i consumatori a scegliere il legno svizzero. Il \"marchio d'origine legno svizzero\" identifica questo materiale a colpo d'occhio. In questo modo, dovrebbero essere sensibilizzati sull'importanza del legno svizzero nelle nuove costruzioni, nei progetti di conversione o di ampliamento, nell'arredamento interno o nell'acquisto di mobili. Solo in questo modo la catena del valore che collega le fasi di lavorazione del legno - dalla foresta al cliente finale - pu\u00f2 rimanere intatta. In concreto: se la domanda di legno svizzero da parte della popolazione \u00e8 alta, le segherie in Svizzera, per esempio, possono vendere molto legno svizzero a clienti come costruttori di legname o falegnami per un'ulteriore lavorazione. In definitiva, i proprietari delle foreste ne beneficiano. Il reddito del legname d\u00e0 un contributo importante al funzionamento della gestione forestale, perch\u00e9 la gestione forestale ha un effetto positivo sui servizi forestali.<\/p>\n<p>Fonte: Iniziativa Holz Svizzera<\/p>","protected":false},"excerpt":{"rendered":"<p>Die Waldbewirtschaftung wirkt sich positiv auf die Waldleistungen aus: Ein gepflegter und gesunder Wald kann die an ihn gestellten Anforderungen etwa als Erholungsraum, zum Schutz vor Naturgefahren, zur Sicherung hoher Trinkwasserqualit\u00e4t, bei der Bindung von Kohlendioxid oder zur Erhaltung von Arbeitspl\u00e4tzen der Wald- und Holzbranche erf\u00fcllen. In Schweizer W\u00e4ldern werden j\u00e4hrlich rund 5 Mio. Kubikmeter\u00a0Holz [&hellip;]<\/p>\n","protected":false},"author":1,"featured_media":701,"comment_status":"open","ping_status":"open","sticky":false,"template":"","format":"standard","meta":{"_acf_changed":false,"_yoast_wpseo_focuskw":"Holz","_yoast_wpseo_metadesc":"Geschnitzte Holzfiguren bekannter Schweizer Pers\u00f6nlichkeiten sollen die Schweizer Bev\u00f6lkerung f\u00fcr den nachhaltigen, einheimischen Rohstoff Holz begeistern.","articlekey":"","footnotes":""},"categories":[580],"tags":[762,1369,293,2499],"class_list":["post-700","post","type-post","status-publish","format-standard","has-post-thumbnail","hentry","category-sustainability","tag-bafu","tag-holz","tag-kampagne","tag-wald"],"acf":[],"yoast_head":"<!-- This site is optimized with the Yoast SEO plugin v27.4 - https:\/\/yoast.com\/product\/yoast-seo-wordpress\/ -->\n<title>Kampagne f\u00fcr Schweizer Holz - Organisator<\/title>\n<meta name=\"description\" content=\"Geschnitzte Holzfiguren bekannter Schweizer Pers\u00f6nlichkeiten sollen die Schweizer Bev\u00f6lkerung f\u00fcr den nachhaltigen, einheimischen Rohstoff Holz begeistern.\" \/>\n<meta name=\"robots\" content=\"index, follow, max-snippet:-1, max-image-preview:large, max-video-preview:-1\" \/>\n<link rel=\"canonical\" href=\"https:\/\/www.organisator.ch\/it\/sostenibilita\/2017-02-01\/kampagne-fuer-schweizer-holz\/\" \/>\n<meta property=\"og:locale\" content=\"it_IT\" \/>\n<meta property=\"og:type\" content=\"article\" \/>\n<meta property=\"og:title\" content=\"Kampagne f\u00fcr Schweizer Holz - Organisator\" \/>\n<meta property=\"og:description\" content=\"Geschnitzte Holzfiguren bekannter Schweizer Pers\u00f6nlichkeiten sollen die Schweizer Bev\u00f6lkerung f\u00fcr den nachhaltigen, einheimischen Rohstoff Holz begeistern.\" \/>\n<meta property=\"og:url\" content=\"https:\/\/www.organisator.ch\/it\/sostenibilita\/2017-02-01\/kampagne-fuer-schweizer-holz\/\" \/>\n<meta property=\"og:site_name\" content=\"Organisator\" \/>\n<meta property=\"article:publisher\" content=\"https:\/\/www.facebook.com\/OrganisatorFachmagazin\" \/>\n<meta property=\"article:published_time\" content=\"2017-02-01T09:54:52+00:00\" \/>\n<meta property=\"article:modified_time\" content=\"2022-02-09T10:10:13+00:00\" \/>\n<meta property=\"og:image\" content=\"https:\/\/www.organisator.ch\/wp-content\/uploads\/2017\/02\/4_Tussaud_Atelier_Quer-scaled.jpg\" \/>\n\t<meta property=\"og:image:width\" content=\"2560\" \/>\n\t<meta property=\"og:image:height\" content=\"1919\" \/>\n\t<meta property=\"og:image:type\" content=\"image\/jpeg\" \/>\n<meta name=\"author\" content=\"admin\" \/>\n<meta name=\"twitter:card\" content=\"summary_large_image\" \/>\n<script type=\"application\/ld+json\" class=\"yoast-schema-graph\">{\"@context\":\"https:\\\/\\\/schema.org\",\"@graph\":[{\"@type\":\"Article\",\"@id\":\"https:\\\/\\\/www.organisator.ch\\\/sustainability\\\/2017-02-01\\\/kampagne-fuer-schweizer-holz\\\/#article\",\"isPartOf\":{\"@id\":\"https:\\\/\\\/www.organisator.ch\\\/sustainability\\\/2017-02-01\\\/kampagne-fuer-schweizer-holz\\\/\"},\"author\":{\"name\":\"admin\",\"@id\":\"https:\\\/\\\/www.organisator.ch\\\/#\\\/schema\\\/person\\\/aa2bace6c5c5aad60102004a50c4eb1c\"},\"headline\":\"Kampagne f\u00fcr Schweizer Holz\",\"datePublished\":\"2017-02-01T09:54:52+00:00\",\"dateModified\":\"2022-02-09T10:10:13+00:00\",\"mainEntityOfPage\":{\"@id\":\"https:\\\/\\\/www.organisator.ch\\\/sustainability\\\/2017-02-01\\\/kampagne-fuer-schweizer-holz\\\/\"},\"wordCount\":479,\"commentCount\":0,\"publisher\":{\"@id\":\"https:\\\/\\\/www.organisator.ch\\\/#organization\"},\"image\":{\"@id\":\"https:\\\/\\\/www.organisator.ch\\\/sustainability\\\/2017-02-01\\\/kampagne-fuer-schweizer-holz\\\/#primaryimage\"},\"thumbnailUrl\":\"https:\\\/\\\/www.organisator.ch\\\/wp-content\\\/uploads\\\/2017\\\/02\\\/4_Tussaud_Atelier_Quer-scaled.jpg\",\"keywords\":[\"BAFU\",\"Holz\",\"Kampagne\",\"Wald\"],\"articleSection\":[\"SUSTAINABILITY\"],\"inLanguage\":\"it-IT\"},{\"@type\":\"WebPage\",\"@id\":\"https:\\\/\\\/www.organisator.ch\\\/sustainability\\\/2017-02-01\\\/kampagne-fuer-schweizer-holz\\\/\",\"url\":\"https:\\\/\\\/www.organisator.ch\\\/sustainability\\\/2017-02-01\\\/kampagne-fuer-schweizer-holz\\\/\",\"name\":\"Kampagne f\u00fcr Schweizer Holz - Organisator\",\"isPartOf\":{\"@id\":\"https:\\\/\\\/www.organisator.ch\\\/#website\"},\"primaryImageOfPage\":{\"@id\":\"https:\\\/\\\/www.organisator.ch\\\/sustainability\\\/2017-02-01\\\/kampagne-fuer-schweizer-holz\\\/#primaryimage\"},\"image\":{\"@id\":\"https:\\\/\\\/www.organisator.ch\\\/sustainability\\\/2017-02-01\\\/kampagne-fuer-schweizer-holz\\\/#primaryimage\"},\"thumbnailUrl\":\"https:\\\/\\\/www.organisator.ch\\\/wp-content\\\/uploads\\\/2017\\\/02\\\/4_Tussaud_Atelier_Quer-scaled.jpg\",\"datePublished\":\"2017-02-01T09:54:52+00:00\",\"dateModified\":\"2022-02-09T10:10:13+00:00\",\"description\":\"Geschnitzte Holzfiguren bekannter Schweizer Pers\u00f6nlichkeiten sollen die Schweizer Bev\u00f6lkerung f\u00fcr den nachhaltigen, einheimischen Rohstoff Holz begeistern.\",\"breadcrumb\":{\"@id\":\"https:\\\/\\\/www.organisator.ch\\\/sustainability\\\/2017-02-01\\\/kampagne-fuer-schweizer-holz\\\/#breadcrumb\"},\"inLanguage\":\"it-IT\",\"potentialAction\":[{\"@type\":\"ReadAction\",\"target\":[\"https:\\\/\\\/www.organisator.ch\\\/sustainability\\\/2017-02-01\\\/kampagne-fuer-schweizer-holz\\\/\"]}]},{\"@type\":\"ImageObject\",\"inLanguage\":\"it-IT\",\"@id\":\"https:\\\/\\\/www.organisator.ch\\\/sustainability\\\/2017-02-01\\\/kampagne-fuer-schweizer-holz\\\/#primaryimage\",\"url\":\"https:\\\/\\\/www.organisator.ch\\\/wp-content\\\/uploads\\\/2017\\\/02\\\/4_Tussaud_Atelier_Quer-scaled.jpg\",\"contentUrl\":\"https:\\\/\\\/www.organisator.ch\\\/wp-content\\\/uploads\\\/2017\\\/02\\\/4_Tussaud_Atelier_Quer-scaled.jpg\",\"width\":2560,\"height\":1919,\"caption\":\"Mit Holzfiguren von Schweizer Pers\u00f6nlichkeiten soll die Begeisterung f\u00fcr heimisches Holz geweckt werden.\"},{\"@type\":\"BreadcrumbList\",\"@id\":\"https:\\\/\\\/www.organisator.ch\\\/sustainability\\\/2017-02-01\\\/kampagne-fuer-schweizer-holz\\\/#breadcrumb\",\"itemListElement\":[{\"@type\":\"ListItem\",\"position\":1,\"name\":\"Home\",\"item\":\"https:\\\/\\\/www.organisator.ch\\\/\"},{\"@type\":\"ListItem\",\"position\":2,\"name\":\"Kampagne f\u00fcr Schweizer Holz\"}]},{\"@type\":\"WebSite\",\"@id\":\"https:\\\/\\\/www.organisator.ch\\\/#website\",\"url\":\"https:\\\/\\\/www.organisator.ch\\\/\",\"name\":\"Organisator\",\"description\":\"Kompetent. Praxisnah. Der ORGANISATOR bereitet in 10 Ausgaben pro Jahr die wesentlichen Themen f\u00fcr F\u00fchrungskr\u00e4fte von KMU auf.\",\"publisher\":{\"@id\":\"https:\\\/\\\/www.organisator.ch\\\/#organization\"},\"potentialAction\":[{\"@type\":\"SearchAction\",\"target\":{\"@type\":\"EntryPoint\",\"urlTemplate\":\"https:\\\/\\\/www.organisator.ch\\\/?s={search_term_string}\"},\"query-input\":{\"@type\":\"PropertyValueSpecification\",\"valueRequired\":true,\"valueName\":\"search_term_string\"}}],\"inLanguage\":\"it-IT\"},{\"@type\":\"Organization\",\"@id\":\"https:\\\/\\\/www.organisator.ch\\\/#organization\",\"name\":\"Organisator\",\"url\":\"https:\\\/\\\/www.organisator.ch\\\/\",\"logo\":{\"@type\":\"ImageObject\",\"inLanguage\":\"it-IT\",\"@id\":\"https:\\\/\\\/www.organisator.ch\\\/#\\\/schema\\\/logo\\\/image\\\/\",\"url\":\"https:\\\/\\\/www.organisator.ch\\\/wp-content\\\/uploads\\\/2022\\\/01\\\/Logo_Organisator_Website.png\",\"contentUrl\":\"https:\\\/\\\/www.organisator.ch\\\/wp-content\\\/uploads\\\/2022\\\/01\\\/Logo_Organisator_Website.png\",\"width\":800,\"height\":77,\"caption\":\"Organisator\"},\"image\":{\"@id\":\"https:\\\/\\\/www.organisator.ch\\\/#\\\/schema\\\/logo\\\/image\\\/\"},\"sameAs\":[\"https:\\\/\\\/www.facebook.com\\\/OrganisatorFachmagazin\",\"https:\\\/\\\/www.linkedin.com\\\/showcase\\\/organisator-das-magazin-fr-kmu\",\"https:\\\/\\\/www.xing.com\\\/news\\\/pages\\\/organisator-ch-695\",\"https:\\\/\\\/www.youtube.com\\\/channel\\\/UCGP2Sq0iWaZwT3BdIAQFYpw\"]},{\"@type\":\"Person\",\"@id\":\"https:\\\/\\\/www.organisator.ch\\\/#\\\/schema\\\/person\\\/aa2bace6c5c5aad60102004a50c4eb1c\",\"name\":\"admin\",\"image\":{\"@type\":\"ImageObject\",\"inLanguage\":\"it-IT\",\"@id\":\"https:\\\/\\\/secure.gravatar.com\\\/avatar\\\/ae2f4d718e6c49043e314ce431e7e645d646302a24a5ef5a8bc8e3f5a032e319?s=96&d=mm&r=g\",\"url\":\"https:\\\/\\\/secure.gravatar.com\\\/avatar\\\/ae2f4d718e6c49043e314ce431e7e645d646302a24a5ef5a8bc8e3f5a032e319?s=96&d=mm&r=g\",\"contentUrl\":\"https:\\\/\\\/secure.gravatar.com\\\/avatar\\\/ae2f4d718e6c49043e314ce431e7e645d646302a24a5ef5a8bc8e3f5a032e319?s=96&d=mm&r=g\",\"caption\":\"admin\"},\"sameAs\":[\"https:\\\/\\\/www.organisator.ch\"],\"url\":\"https:\\\/\\\/www.organisator.ch\\\/it\\\/author\\\/admin\\\/\"}]}<\/script>\n<!-- \/ Yoast SEO plugin. -->","yoast_head_json":{"title":"Campagna per il legno svizzero - Organizzatore","description":"Le figure in legno intagliato di note personalit\u00e0 svizzere hanno lo scopo di ispirare la popolazione svizzera per il legno, materia prima autoctona e sostenibile.","robots":{"index":"index","follow":"follow","max-snippet":"max-snippet:-1","max-image-preview":"max-image-preview:large","max-video-preview":"max-video-preview:-1"},"canonical":"https:\/\/www.organisator.ch\/it\/sostenibilita\/2017-02-01\/kampagne-fuer-schweizer-holz\/","og_locale":"it_IT","og_type":"article","og_title":"Kampagne f\u00fcr Schweizer Holz - Organisator","og_description":"Geschnitzte Holzfiguren bekannter Schweizer Pers\u00f6nlichkeiten sollen die Schweizer Bev\u00f6lkerung f\u00fcr den nachhaltigen, einheimischen Rohstoff Holz begeistern.","og_url":"https:\/\/www.organisator.ch\/it\/sostenibilita\/2017-02-01\/kampagne-fuer-schweizer-holz\/","og_site_name":"Organisator","article_publisher":"https:\/\/www.facebook.com\/OrganisatorFachmagazin","article_published_time":"2017-02-01T09:54:52+00:00","article_modified_time":"2022-02-09T10:10:13+00:00","og_image":[{"width":2560,"height":1919,"url":"https:\/\/www.organisator.ch\/wp-content\/uploads\/2017\/02\/4_Tussaud_Atelier_Quer-scaled.jpg","type":"image\/jpeg"}],"author":"admin","twitter_card":"summary_large_image","schema":{"@context":"https:\/\/schema.org","@graph":[{"@type":"Article","@id":"https:\/\/www.organisator.ch\/sustainability\/2017-02-01\/kampagne-fuer-schweizer-holz\/#article","isPartOf":{"@id":"https:\/\/www.organisator.ch\/sustainability\/2017-02-01\/kampagne-fuer-schweizer-holz\/"},"author":{"name":"admin","@id":"https:\/\/www.organisator.ch\/#\/schema\/person\/aa2bace6c5c5aad60102004a50c4eb1c"},"headline":"Kampagne f\u00fcr Schweizer Holz","datePublished":"2017-02-01T09:54:52+00:00","dateModified":"2022-02-09T10:10:13+00:00","mainEntityOfPage":{"@id":"https:\/\/www.organisator.ch\/sustainability\/2017-02-01\/kampagne-fuer-schweizer-holz\/"},"wordCount":479,"commentCount":0,"publisher":{"@id":"https:\/\/www.organisator.ch\/#organization"},"image":{"@id":"https:\/\/www.organisator.ch\/sustainability\/2017-02-01\/kampagne-fuer-schweizer-holz\/#primaryimage"},"thumbnailUrl":"https:\/\/www.organisator.ch\/wp-content\/uploads\/2017\/02\/4_Tussaud_Atelier_Quer-scaled.jpg","keywords":["BAFU","Holz","Kampagne","Wald"],"articleSection":["SUSTAINABILITY"],"inLanguage":"it-IT"},{"@type":"WebPage","@id":"https:\/\/www.organisator.ch\/sustainability\/2017-02-01\/kampagne-fuer-schweizer-holz\/","url":"https:\/\/www.organisator.ch\/sustainability\/2017-02-01\/kampagne-fuer-schweizer-holz\/","name":"Campagna per il legno svizzero - Organizzatore","isPartOf":{"@id":"https:\/\/www.organisator.ch\/#website"},"primaryImageOfPage":{"@id":"https:\/\/www.organisator.ch\/sustainability\/2017-02-01\/kampagne-fuer-schweizer-holz\/#primaryimage"},"image":{"@id":"https:\/\/www.organisator.ch\/sustainability\/2017-02-01\/kampagne-fuer-schweizer-holz\/#primaryimage"},"thumbnailUrl":"https:\/\/www.organisator.ch\/wp-content\/uploads\/2017\/02\/4_Tussaud_Atelier_Quer-scaled.jpg","datePublished":"2017-02-01T09:54:52+00:00","dateModified":"2022-02-09T10:10:13+00:00","description":"Le figure in legno intagliato di note personalit\u00e0 svizzere hanno lo scopo di ispirare la popolazione svizzera per il legno, materia prima autoctona e sostenibile.","breadcrumb":{"@id":"https:\/\/www.organisator.ch\/sustainability\/2017-02-01\/kampagne-fuer-schweizer-holz\/#breadcrumb"},"inLanguage":"it-IT","potentialAction":[{"@type":"ReadAction","target":["https:\/\/www.organisator.ch\/sustainability\/2017-02-01\/kampagne-fuer-schweizer-holz\/"]}]},{"@type":"ImageObject","inLanguage":"it-IT","@id":"https:\/\/www.organisator.ch\/sustainability\/2017-02-01\/kampagne-fuer-schweizer-holz\/#primaryimage","url":"https:\/\/www.organisator.ch\/wp-content\/uploads\/2017\/02\/4_Tussaud_Atelier_Quer-scaled.jpg","contentUrl":"https:\/\/www.organisator.ch\/wp-content\/uploads\/2017\/02\/4_Tussaud_Atelier_Quer-scaled.jpg","width":2560,"height":1919,"caption":"Mit Holzfiguren von Schweizer Pers\u00f6nlichkeiten soll die Begeisterung f\u00fcr heimisches Holz geweckt werden."},{"@type":"BreadcrumbList","@id":"https:\/\/www.organisator.ch\/sustainability\/2017-02-01\/kampagne-fuer-schweizer-holz\/#breadcrumb","itemListElement":[{"@type":"ListItem","position":1,"name":"Home","item":"https:\/\/www.organisator.ch\/"},{"@type":"ListItem","position":2,"name":"Kampagne f\u00fcr Schweizer Holz"}]},{"@type":"WebSite","@id":"https:\/\/www.organisator.ch\/#website","url":"https:\/\/www.organisator.ch\/","name":"Organizzatore","description":"Competente. Pratico. In 10 numeri all'anno, ORGANISATOR presenta i temi essenziali per i manager delle PMI.","publisher":{"@id":"https:\/\/www.organisator.ch\/#organization"},"potentialAction":[{"@type":"SearchAction","target":{"@type":"EntryPoint","urlTemplate":"https:\/\/www.organisator.ch\/?s={search_term_string}"},"query-input":{"@type":"PropertyValueSpecification","valueRequired":true,"valueName":"search_term_string"}}],"inLanguage":"it-IT"},{"@type":"Organization","@id":"https:\/\/www.organisator.ch\/#organization","name":"Organizzatore","url":"https:\/\/www.organisator.ch\/","logo":{"@type":"ImageObject","inLanguage":"it-IT","@id":"https:\/\/www.organisator.ch\/#\/schema\/logo\/image\/","url":"https:\/\/www.organisator.ch\/wp-content\/uploads\/2022\/01\/Logo_Organisator_Website.png","contentUrl":"https:\/\/www.organisator.ch\/wp-content\/uploads\/2022\/01\/Logo_Organisator_Website.png","width":800,"height":77,"caption":"Organisator"},"image":{"@id":"https:\/\/www.organisator.ch\/#\/schema\/logo\/image\/"},"sameAs":["https:\/\/www.facebook.com\/OrganisatorFachmagazin","https:\/\/www.linkedin.com\/showcase\/organisator-das-magazin-fr-kmu","https:\/\/www.xing.com\/news\/pages\/organisator-ch-695","https:\/\/www.youtube.com\/channel\/UCGP2Sq0iWaZwT3BdIAQFYpw"]},{"@type":"Person","@id":"https:\/\/www.organisator.ch\/#\/schema\/person\/aa2bace6c5c5aad60102004a50c4eb1c","name":"amministratore","image":{"@type":"ImageObject","inLanguage":"it-IT","@id":"https:\/\/secure.gravatar.com\/avatar\/ae2f4d718e6c49043e314ce431e7e645d646302a24a5ef5a8bc8e3f5a032e319?s=96&d=mm&r=g","url":"https:\/\/secure.gravatar.com\/avatar\/ae2f4d718e6c49043e314ce431e7e645d646302a24a5ef5a8bc8e3f5a032e319?s=96&d=mm&r=g","contentUrl":"https:\/\/secure.gravatar.com\/avatar\/ae2f4d718e6c49043e314ce431e7e645d646302a24a5ef5a8bc8e3f5a032e319?s=96&d=mm&r=g","caption":"admin"},"sameAs":["https:\/\/www.organisator.ch"],"url":"https:\/\/www.organisator.ch\/it\/author\/admin\/"}]}},"_links":{"self":[{"href":"https:\/\/www.organisator.ch\/it\/wp-json\/wp\/v2\/posts\/700","targetHints":{"allow":["GET"]}}],"collection":[{"href":"https:\/\/www.organisator.ch\/it\/wp-json\/wp\/v2\/posts"}],"about":[{"href":"https:\/\/www.organisator.ch\/it\/wp-json\/wp\/v2\/types\/post"}],"author":[{"embeddable":true,"href":"https:\/\/www.organisator.ch\/it\/wp-json\/wp\/v2\/users\/1"}],"replies":[{"embeddable":true,"href":"https:\/\/www.organisator.ch\/it\/wp-json\/wp\/v2\/comments?post=700"}],"version-history":[{"count":1,"href":"https:\/\/www.organisator.ch\/it\/wp-json\/wp\/v2\/posts\/700\/revisions"}],"predecessor-version":[{"id":10952,"href":"https:\/\/www.organisator.ch\/it\/wp-json\/wp\/v2\/posts\/700\/revisions\/10952"}],"wp:featuredmedia":[{"embeddable":true,"href":"https:\/\/www.organisator.ch\/it\/wp-json\/wp\/v2\/media\/701"}],"wp:attachment":[{"href":"https:\/\/www.organisator.ch\/it\/wp-json\/wp\/v2\/media?parent=700"}],"wp:term":[{"taxonomy":"category","embeddable":true,"href":"https:\/\/www.organisator.ch\/it\/wp-json\/wp\/v2\/categories?post=700"},{"taxonomy":"post_tag","embeddable":true,"href":"https:\/\/www.organisator.ch\/it\/wp-json\/wp\/v2\/tags?post=700"}],"curies":[{"name":"wp","href":"https:\/\/api.w.org\/{rel}","templated":true}]}}