{"id":7017,"date":"2020-08-19T12:00:44","date_gmt":"2020-08-19T10:00:44","guid":{"rendered":"https:\/\/www.organisator.ch\/?p=7017"},"modified":"2020-08-19T12:00:44","modified_gmt":"2020-08-19T10:00:44","slug":"bank-bsu-vermeldet-solides-halbjahresergebnis","status":"publish","type":"post","link":"https:\/\/www.organisator.ch\/it\/management\/finanzen_recht\/2020-08-19\/bank-bsu-vermeldet-solides-halbjahresergebnis\/","title":{"rendered":"La Banca BSU riporta un solido risultato semestrale"},"content":{"rendered":"<figure id=\"attachment_7018\" aria-describedby=\"caption-attachment-7018\" style=\"width: 680px\" class=\"wp-caption alignnone\"><img loading=\"lazy\" decoding=\"async\" class=\"size-medium wp-image-7018\" src=\"https:\/\/www.organisator.ch\/wp-content\/uploads\/2020\/08\/Bank-BSU-vermeldet-solides-Halbjahresergebnis_Organisator.jpg\" alt=\"\" width=\"680\" height=\"453\" srcset=\"https:\/\/www.organisator.ch\/wp-content\/uploads\/2020\/08\/Bank-BSU-vermeldet-solides-Halbjahresergebnis_Organisator.jpg 680w, https:\/\/www.organisator.ch\/wp-content\/uploads\/2020\/08\/Bank-BSU-vermeldet-solides-Halbjahresergebnis_Organisator-16x12.jpg 16w, https:\/\/www.organisator.ch\/wp-content\/uploads\/2020\/08\/Bank-BSU-vermeldet-solides-Halbjahresergebnis_Organisator-263x175.jpg 263w, https:\/\/www.organisator.ch\/wp-content\/uploads\/2020\/08\/Bank-BSU-vermeldet-solides-Halbjahresergebnis_Organisator-525x350.jpg 525w, https:\/\/www.organisator.ch\/wp-content\/uploads\/2020\/08\/Bank-BSU-vermeldet-solides-Halbjahresergebnis_Organisator-300x200.jpg 300w\" sizes=\"auto, (max-width: 680px) 100vw, 680px\" \/><figcaption id=\"caption-attachment-7018\" class=\"wp-caption-text\">A causa di Covid-19, Bank BSU ha dovuto tenere la sua AGM \"in un piccolo cerchio\". (Immagine: Banca BSU)<\/figcaption><\/figure>\n<p>A causa delle misure del Consiglio federale, molte assemblee generali hanno dovuto essere tenute su scala ridotta, compresa quella della Banca BSU. Il 23 giugno 2020 si \u00e8 tenuta l'assemblea generale annuale ordinaria con il consiglio di amministrazione, la direzione e il delegato indipendente nella zona clienti di Uster. I membri della cooperativa hanno potuto inviare in anticipo i loro voti per iscritto al delegato indipendente. Tutte le proposte sono state accettate. Anche la signora Allegra Sosso \u00e8 stata brillantemente eletta come nuovo membro del consiglio di amministrazione. La signora Sosso ha completato i suoi studi di diritto all'Universit\u00e0 di San Gallo nel 2003 ed \u00e8 stata ammessa all'ordine nel 2007. Fino al 2019 \u00e8 stata avvocato presso il rinomato studio legale Niederer Kraft Frey AG e dal 2019 \u00e8 comproprietaria e partner dello studio legale Quadra Rechtsanw\u00e4lte AG a Zurigo. La signora Sosso \u00e8 sposata, madre di due bambini e vive a Zurigo.<\/p>\n<h2>Solido risultato semestrale e forte base azionaria<\/h2>\n<p>La Banca BSU - attiva nella regione di Uster - Volketswil - D\u00fcbendorf - ha registrato nel primo semestre una crescita degli attivi totali di 16,8 milioni di CHF o +1,6%. I prestiti alla clientela sono aumentati di 1,9% a CHF 914,8 milioni. Nonostante il perdurare della fase di bassi tassi d'interesse e il corrispondente restringimento dei margini, l'utile lordo dell'attivit\u00e0 d'interesse \u00e8 aumentato del 2,2% rispetto all'anno precedente, raggiungendo attualmente CHF 4,9 milioni. Ci\u00f2 \u00e8 dovuto principalmente al calo dei costi di rifinanziamento sui mercati monetari e dei capitali. Nell'attivit\u00e0 di commissione, il reddito dell'attivit\u00e0 di titoli e investimenti \u00e8 migliorato di CHF 28,4% rispetto all'anno precedente. L'aumento della volatilit\u00e0 sui mercati finanziari ha portato a un numero significativamente pi\u00f9 alto di transazioni di titoli. Allo stesso tempo, i costi di commissione sono stati ottimizzati e ridotti di T\u20ac 23,21. La voce \"altri ricavi ordinari\" \u00e8 stata aumentata di +33,5% e quindi di 0,205 milioni di CHF a 0,817 milioni di CHF. Questo miglioramento \u00e8 dovuto principalmente alla vendita di una parte degli investimenti finanziari e quindi alla realizzazione degli utili di prezzo. Le spese per il personale sono rimaste invariate rispetto all'anno precedente a 2,4 milioni di CHF. D'altro canto, le spese generali e amministrative di 2,1 milioni di CHF sono state leggermente superiori a quelle dell'anno precedente di circa 0,1 milioni di CHF. L'utile operativo di CHF 1,24 milioni \u00e8 stato mantenuto rispetto allo stesso periodo dell'anno precedente, nonostante il calo del reddito da interessi nel core business.<\/p>\n<p>Il capitale proprio ammissibile mostra un valore di 83,1 milioni di CHF. Questo corrisponde a un rapporto di capitale ponderato di 18,0%, legalmente richiesto 10,5%. La Banca BSU supera cos\u00ec nettamente i requisiti regolamentari con un fattore di 1,7 e sottolinea la sua politica di prestito prudente per quanto riguarda la qualit\u00e0 del finanziamento.<\/p>\n<h2>COVID-19: Impatto sulle attivit\u00e0 della banca BSU<\/h2>\n<p>In poche ore dal lancio del programma di aiuti da parte del governo federale e delle banche, la Banca BSU ha registrato una domanda relativamente alta di prestiti COVID 19. Al 31 luglio 2020 erano stati concessi ai clienti 108 prestiti per un totale di 9,4 milioni di franchi.<\/p>\n<p>Durante questo periodo turbolento, circa 50% dei dipendenti hanno lavorato in home office fino ad oggi, il che ha ridotto significativamente il numero di personale negli uffici locali. Anche i team interni sono stati divisi per motivi di sicurezza e distribuiti tra gli uffici di Uster, D\u00fcbendorf e Volketswil. Allo stesso modo, l'UFSP ha definito il numero di persone per metro quadrato di spazio commerciale, il che ha portato a restrizioni significative nell'uso delle zone clienti. Durante questo periodo, anche il comportamento dei clienti \u00e8 cambiato. Il numero di clienti e quindi le transazioni in contanti agli sportelli sono diminuite significativamente; in cambio, la Banca BSU ha registrato un aumento significativo del numero di nuovi contratti di e-banking nella prima met\u00e0 dell'anno con un plus di 18%. Anche il servizio TWINT (pagamento senza contanti tramite cellulare), offerto dal 2016, ha goduto di una crescente popolarit\u00e0 dall'inizio dell'anno. Invece di dieci o venti nuovi utenti all'anno, Bank BSU ha registrato fino a dieci nuove registrazioni al giorno nel primo semestre del 2020.<\/p>\n<p><a href=\"https:\/\/www.bankbsu.ch\/ueber-bsu\/uebersicht\"><em>Ulteriori informazioni<\/em><\/a><\/p>","protected":false},"excerpt":{"rendered":"<p>Aufgrund der bundesr\u00e4tlichen Massnahmen mussten viele Generalversammlungen in kleinem Rahmen durchgef\u00fchrt werden, so auch diejenige der Bank BSU. Am 23. Juni 2020 wurde die ordentliche, j\u00e4hrliche Generalversammlung mit dem Verwaltungsrat, der Gesch\u00e4ftsleitung und dem unabh\u00e4ngigen Stimmrechtsvertreter in der Kundenzone Uster durchgef\u00fchrt. Die Genossenschafterinnen und Genossenschafter konnten im Vorfeld ihre Stimmen schriftlich dem unabh\u00e4ngigen Stimmrechtsvertreter zustellen. [&hellip;]<\/p>\n","protected":false},"author":4,"featured_media":7018,"comment_status":"closed","ping_status":"closed","sticky":false,"template":"","format":"standard","meta":{"_acf_changed":false,"_yoast_wpseo_focuskw":"Bank BSU","_yoast_wpseo_metadesc":"Nach der COVID-19 bedingten Durchf\u00fchrung der Generalversammlung im kleinen Rahmen pr\u00e4sentiert die Regionalbank Bank BSU ein solides Halbjahresergebnis.","articlekey":"","footnotes":""},"categories":[24],"tags":[202,335,492],"class_list":["post-7017","post","type-post","status-publish","format-standard","has-post-thumbnail","hentry","category-finanzen_recht","tag-finanzenrecht","tag-management-und-unternehmensfuehrung","tag-unternehmen"],"acf":[],"yoast_head":"<!-- This site is optimized with the Yoast SEO plugin v27.5 - https:\/\/yoast.com\/product\/yoast-seo-wordpress\/ -->\n<title>Bank BSU vermeldet solides Halbjahresergebnis - Organisator<\/title>\n<meta name=\"description\" content=\"Nach der COVID-19 bedingten Durchf\u00fchrung der Generalversammlung im kleinen Rahmen pr\u00e4sentiert die Regionalbank Bank BSU ein solides Halbjahresergebnis.\" \/>\n<meta name=\"robots\" content=\"index, follow, max-snippet:-1, max-image-preview:large, max-video-preview:-1\" \/>\n<link rel=\"canonical\" href=\"https:\/\/www.organisator.ch\/it\/gestione-2\/finanzen_recht\/2020-08-19\/bank-bsu-vermeldet-solides-halbjahresergebnis\/\" \/>\n<meta property=\"og:locale\" content=\"it_IT\" \/>\n<meta property=\"og:type\" content=\"article\" \/>\n<meta property=\"og:title\" content=\"Bank BSU vermeldet solides Halbjahresergebnis\" \/>\n<meta property=\"og:description\" content=\"Nach der COVID-19 bedingten Durchf\u00fchrung der Generalversammlung im kleinen Rahmen pr\u00e4sentiert die Regionalbank Bank BSU ein solides Halbjahresergebnis.\" \/>\n<meta property=\"og:url\" content=\"https:\/\/www.organisator.ch\/it\/gestione-2\/finanzen_recht\/2020-08-19\/bank-bsu-vermeldet-solides-halbjahresergebnis\/\" \/>\n<meta property=\"og:site_name\" content=\"Organisator\" \/>\n<meta property=\"article:publisher\" content=\"https:\/\/www.facebook.com\/OrganisatorFachmagazin\" \/>\n<meta property=\"article:published_time\" content=\"2020-08-19T10:00:44+00:00\" \/>\n<meta property=\"og:image\" content=\"https:\/\/www.organisator.ch\/wp-content\/uploads\/2020\/08\/Bank-BSU-vermeldet-solides-Halbjahresergebnis_Organisator.jpg\" \/>\n\t<meta property=\"og:image:width\" content=\"680\" \/>\n\t<meta property=\"og:image:height\" content=\"453\" \/>\n\t<meta property=\"og:image:type\" content=\"image\/jpeg\" \/>\n<meta name=\"author\" content=\"thomas.berner\" \/>\n<meta name=\"twitter:card\" content=\"summary_large_image\" \/>\n<meta name=\"twitter:title\" content=\"Bank #BSU vermeldet solides Halbjahresergebnis\" \/>\n<meta name=\"twitter:description\" content=\"Nach der #COVID-19 bedingten Durchf\u00fchrung der #Generalversammlung im kleinen Rahmen pr\u00e4sentiert die Regionalbank Bank #BSU ein solides Halbjahresergebnis.\" \/>\n<meta name=\"twitter:image\" content=\"https:\/\/www.organisator.ch\/wp-content\/uploads\/2020\/08\/Bank-BSU-vermeldet-solides-Halbjahresergebnis_Organisator.jpg\" \/>\n<script type=\"application\/ld+json\" class=\"yoast-schema-graph\">{\"@context\":\"https:\\\/\\\/schema.org\",\"@graph\":[{\"@type\":\"Article\",\"@id\":\"https:\\\/\\\/www.organisator.ch\\\/management\\\/finanzen_recht\\\/2020-08-19\\\/bank-bsu-vermeldet-solides-halbjahresergebnis\\\/#article\",\"isPartOf\":{\"@id\":\"https:\\\/\\\/www.organisator.ch\\\/management\\\/finanzen_recht\\\/2020-08-19\\\/bank-bsu-vermeldet-solides-halbjahresergebnis\\\/\"},\"author\":{\"name\":\"thomas.berner\",\"@id\":\"https:\\\/\\\/www.organisator.ch\\\/#\\\/schema\\\/person\\\/6f650f90b2842cd4c0cc334b4e36f67e\"},\"headline\":\"Bank BSU vermeldet solides Halbjahresergebnis\",\"datePublished\":\"2020-08-19T10:00:44+00:00\",\"mainEntityOfPage\":{\"@id\":\"https:\\\/\\\/www.organisator.ch\\\/management\\\/finanzen_recht\\\/2020-08-19\\\/bank-bsu-vermeldet-solides-halbjahresergebnis\\\/\"},\"wordCount\":651,\"publisher\":{\"@id\":\"https:\\\/\\\/www.organisator.ch\\\/#organization\"},\"image\":{\"@id\":\"https:\\\/\\\/www.organisator.ch\\\/management\\\/finanzen_recht\\\/2020-08-19\\\/bank-bsu-vermeldet-solides-halbjahresergebnis\\\/#primaryimage\"},\"thumbnailUrl\":\"https:\\\/\\\/www.organisator.ch\\\/wp-content\\\/uploads\\\/2020\\\/08\\\/Bank-BSU-vermeldet-solides-Halbjahresergebnis_Organisator.jpg\",\"keywords\":[\"Finanzen\\\/Recht\",\"Management und Unternehmensf\u00fchrung\",\"Unternehmen\"],\"articleSection\":[\"FINANZEN\\\/RECHT\"],\"inLanguage\":\"it-IT\"},{\"@type\":\"WebPage\",\"@id\":\"https:\\\/\\\/www.organisator.ch\\\/management\\\/finanzen_recht\\\/2020-08-19\\\/bank-bsu-vermeldet-solides-halbjahresergebnis\\\/\",\"url\":\"https:\\\/\\\/www.organisator.ch\\\/management\\\/finanzen_recht\\\/2020-08-19\\\/bank-bsu-vermeldet-solides-halbjahresergebnis\\\/\",\"name\":\"Bank BSU vermeldet solides Halbjahresergebnis - Organisator\",\"isPartOf\":{\"@id\":\"https:\\\/\\\/www.organisator.ch\\\/#website\"},\"primaryImageOfPage\":{\"@id\":\"https:\\\/\\\/www.organisator.ch\\\/management\\\/finanzen_recht\\\/2020-08-19\\\/bank-bsu-vermeldet-solides-halbjahresergebnis\\\/#primaryimage\"},\"image\":{\"@id\":\"https:\\\/\\\/www.organisator.ch\\\/management\\\/finanzen_recht\\\/2020-08-19\\\/bank-bsu-vermeldet-solides-halbjahresergebnis\\\/#primaryimage\"},\"thumbnailUrl\":\"https:\\\/\\\/www.organisator.ch\\\/wp-content\\\/uploads\\\/2020\\\/08\\\/Bank-BSU-vermeldet-solides-Halbjahresergebnis_Organisator.jpg\",\"datePublished\":\"2020-08-19T10:00:44+00:00\",\"description\":\"Nach der COVID-19 bedingten Durchf\u00fchrung der Generalversammlung im kleinen Rahmen pr\u00e4sentiert die Regionalbank Bank BSU ein solides Halbjahresergebnis.\",\"breadcrumb\":{\"@id\":\"https:\\\/\\\/www.organisator.ch\\\/management\\\/finanzen_recht\\\/2020-08-19\\\/bank-bsu-vermeldet-solides-halbjahresergebnis\\\/#breadcrumb\"},\"inLanguage\":\"it-IT\",\"potentialAction\":[{\"@type\":\"ReadAction\",\"target\":[\"https:\\\/\\\/www.organisator.ch\\\/management\\\/finanzen_recht\\\/2020-08-19\\\/bank-bsu-vermeldet-solides-halbjahresergebnis\\\/\"]}]},{\"@type\":\"ImageObject\",\"inLanguage\":\"it-IT\",\"@id\":\"https:\\\/\\\/www.organisator.ch\\\/management\\\/finanzen_recht\\\/2020-08-19\\\/bank-bsu-vermeldet-solides-halbjahresergebnis\\\/#primaryimage\",\"url\":\"https:\\\/\\\/www.organisator.ch\\\/wp-content\\\/uploads\\\/2020\\\/08\\\/Bank-BSU-vermeldet-solides-Halbjahresergebnis_Organisator.jpg\",\"contentUrl\":\"https:\\\/\\\/www.organisator.ch\\\/wp-content\\\/uploads\\\/2020\\\/08\\\/Bank-BSU-vermeldet-solides-Halbjahresergebnis_Organisator.jpg\",\"width\":680,\"height\":453,\"caption\":\"GV \\\"im kleinen Kreis\\\": Die Bank BSU erh\u00e4lt mit Allegra Sosso ein neues Verwaltungsratsmitglied. (Bild: Bank BSU)\"},{\"@type\":\"BreadcrumbList\",\"@id\":\"https:\\\/\\\/www.organisator.ch\\\/management\\\/finanzen_recht\\\/2020-08-19\\\/bank-bsu-vermeldet-solides-halbjahresergebnis\\\/#breadcrumb\",\"itemListElement\":[{\"@type\":\"ListItem\",\"position\":1,\"name\":\"Home\",\"item\":\"https:\\\/\\\/www.organisator.ch\\\/\"},{\"@type\":\"ListItem\",\"position\":2,\"name\":\"Bank BSU vermeldet solides Halbjahresergebnis\"}]},{\"@type\":\"WebSite\",\"@id\":\"https:\\\/\\\/www.organisator.ch\\\/#website\",\"url\":\"https:\\\/\\\/www.organisator.ch\\\/\",\"name\":\"Organisator\",\"description\":\"Kompetent. Praxisnah. Der ORGANISATOR bereitet in 10 Ausgaben pro Jahr die wesentlichen Themen f\u00fcr F\u00fchrungskr\u00e4fte von KMU auf.\",\"publisher\":{\"@id\":\"https:\\\/\\\/www.organisator.ch\\\/#organization\"},\"potentialAction\":[{\"@type\":\"SearchAction\",\"target\":{\"@type\":\"EntryPoint\",\"urlTemplate\":\"https:\\\/\\\/www.organisator.ch\\\/?s={search_term_string}\"},\"query-input\":{\"@type\":\"PropertyValueSpecification\",\"valueRequired\":true,\"valueName\":\"search_term_string\"}}],\"inLanguage\":\"it-IT\"},{\"@type\":\"Organization\",\"@id\":\"https:\\\/\\\/www.organisator.ch\\\/#organization\",\"name\":\"Organisator\",\"url\":\"https:\\\/\\\/www.organisator.ch\\\/\",\"logo\":{\"@type\":\"ImageObject\",\"inLanguage\":\"it-IT\",\"@id\":\"https:\\\/\\\/www.organisator.ch\\\/#\\\/schema\\\/logo\\\/image\\\/\",\"url\":\"https:\\\/\\\/www.organisator.ch\\\/wp-content\\\/uploads\\\/2022\\\/01\\\/Logo_Organisator_Website.png\",\"contentUrl\":\"https:\\\/\\\/www.organisator.ch\\\/wp-content\\\/uploads\\\/2022\\\/01\\\/Logo_Organisator_Website.png\",\"width\":800,\"height\":77,\"caption\":\"Organisator\"},\"image\":{\"@id\":\"https:\\\/\\\/www.organisator.ch\\\/#\\\/schema\\\/logo\\\/image\\\/\"},\"sameAs\":[\"https:\\\/\\\/www.facebook.com\\\/OrganisatorFachmagazin\",\"https:\\\/\\\/www.linkedin.com\\\/showcase\\\/organisator-das-magazin-fr-kmu\",\"https:\\\/\\\/www.xing.com\\\/news\\\/pages\\\/organisator-ch-695\",\"https:\\\/\\\/www.youtube.com\\\/channel\\\/UCGP2Sq0iWaZwT3BdIAQFYpw\"]},{\"@type\":\"Person\",\"@id\":\"https:\\\/\\\/www.organisator.ch\\\/#\\\/schema\\\/person\\\/6f650f90b2842cd4c0cc334b4e36f67e\",\"name\":\"thomas.berner\",\"image\":{\"@type\":\"ImageObject\",\"inLanguage\":\"it-IT\",\"@id\":\"https:\\\/\\\/secure.gravatar.com\\\/avatar\\\/ac5001d2a36cb6c6cd3e50789007ffca834b477b74a2144564522e944eabff61?s=96&d=mm&r=g\",\"url\":\"https:\\\/\\\/secure.gravatar.com\\\/avatar\\\/ac5001d2a36cb6c6cd3e50789007ffca834b477b74a2144564522e944eabff61?s=96&d=mm&r=g\",\"contentUrl\":\"https:\\\/\\\/secure.gravatar.com\\\/avatar\\\/ac5001d2a36cb6c6cd3e50789007ffca834b477b74a2144564522e944eabff61?s=96&d=mm&r=g\",\"caption\":\"thomas.berner\"},\"url\":\"https:\\\/\\\/www.organisator.ch\\\/it\\\/author\\\/thomas-berner\\\/\"}]}<\/script>\n<!-- \/ Yoast SEO plugin. -->","yoast_head_json":{"title":"Banca BSU riporta solidi risultati semestrali - Organizzatore","description":"Dopo lo svolgimento condizionato dell'Assemblea generale in un ambiente ristretto, la banca regionale Bank BSU presenta un solido risultato semestrale.","robots":{"index":"index","follow":"follow","max-snippet":"max-snippet:-1","max-image-preview":"max-image-preview:large","max-video-preview":"max-video-preview:-1"},"canonical":"https:\/\/www.organisator.ch\/it\/gestione-2\/finanzen_recht\/2020-08-19\/bank-bsu-vermeldet-solides-halbjahresergebnis\/","og_locale":"it_IT","og_type":"article","og_title":"Bank BSU vermeldet solides Halbjahresergebnis","og_description":"Nach der COVID-19 bedingten Durchf\u00fchrung der Generalversammlung im kleinen Rahmen pr\u00e4sentiert die Regionalbank Bank BSU ein solides Halbjahresergebnis.","og_url":"https:\/\/www.organisator.ch\/it\/gestione-2\/finanzen_recht\/2020-08-19\/bank-bsu-vermeldet-solides-halbjahresergebnis\/","og_site_name":"Organisator","article_publisher":"https:\/\/www.facebook.com\/OrganisatorFachmagazin","article_published_time":"2020-08-19T10:00:44+00:00","og_image":[{"width":680,"height":453,"url":"https:\/\/www.organisator.ch\/wp-content\/uploads\/2020\/08\/Bank-BSU-vermeldet-solides-Halbjahresergebnis_Organisator.jpg","type":"image\/jpeg"}],"author":"thomas.berner","twitter_card":"summary_large_image","twitter_title":"Bank #BSU vermeldet solides Halbjahresergebnis","twitter_description":"Nach der #COVID-19 bedingten Durchf\u00fchrung der #Generalversammlung im kleinen Rahmen pr\u00e4sentiert die Regionalbank Bank #BSU ein solides Halbjahresergebnis.","twitter_image":"https:\/\/www.organisator.ch\/wp-content\/uploads\/2020\/08\/Bank-BSU-vermeldet-solides-Halbjahresergebnis_Organisator.jpg","schema":{"@context":"https:\/\/schema.org","@graph":[{"@type":"Article","@id":"https:\/\/www.organisator.ch\/management\/finanzen_recht\/2020-08-19\/bank-bsu-vermeldet-solides-halbjahresergebnis\/#article","isPartOf":{"@id":"https:\/\/www.organisator.ch\/management\/finanzen_recht\/2020-08-19\/bank-bsu-vermeldet-solides-halbjahresergebnis\/"},"author":{"name":"thomas.berner","@id":"https:\/\/www.organisator.ch\/#\/schema\/person\/6f650f90b2842cd4c0cc334b4e36f67e"},"headline":"Bank BSU vermeldet solides Halbjahresergebnis","datePublished":"2020-08-19T10:00:44+00:00","mainEntityOfPage":{"@id":"https:\/\/www.organisator.ch\/management\/finanzen_recht\/2020-08-19\/bank-bsu-vermeldet-solides-halbjahresergebnis\/"},"wordCount":651,"publisher":{"@id":"https:\/\/www.organisator.ch\/#organization"},"image":{"@id":"https:\/\/www.organisator.ch\/management\/finanzen_recht\/2020-08-19\/bank-bsu-vermeldet-solides-halbjahresergebnis\/#primaryimage"},"thumbnailUrl":"https:\/\/www.organisator.ch\/wp-content\/uploads\/2020\/08\/Bank-BSU-vermeldet-solides-Halbjahresergebnis_Organisator.jpg","keywords":["Finanzen\/Recht","Management und Unternehmensf\u00fchrung","Unternehmen"],"articleSection":["FINANZEN\/RECHT"],"inLanguage":"it-IT"},{"@type":"WebPage","@id":"https:\/\/www.organisator.ch\/management\/finanzen_recht\/2020-08-19\/bank-bsu-vermeldet-solides-halbjahresergebnis\/","url":"https:\/\/www.organisator.ch\/management\/finanzen_recht\/2020-08-19\/bank-bsu-vermeldet-solides-halbjahresergebnis\/","name":"Banca BSU riporta solidi risultati semestrali - Organizzatore","isPartOf":{"@id":"https:\/\/www.organisator.ch\/#website"},"primaryImageOfPage":{"@id":"https:\/\/www.organisator.ch\/management\/finanzen_recht\/2020-08-19\/bank-bsu-vermeldet-solides-halbjahresergebnis\/#primaryimage"},"image":{"@id":"https:\/\/www.organisator.ch\/management\/finanzen_recht\/2020-08-19\/bank-bsu-vermeldet-solides-halbjahresergebnis\/#primaryimage"},"thumbnailUrl":"https:\/\/www.organisator.ch\/wp-content\/uploads\/2020\/08\/Bank-BSU-vermeldet-solides-Halbjahresergebnis_Organisator.jpg","datePublished":"2020-08-19T10:00:44+00:00","description":"Dopo lo svolgimento condizionato dell'Assemblea generale in un ambiente ristretto, la banca regionale Bank BSU presenta un solido risultato semestrale.","breadcrumb":{"@id":"https:\/\/www.organisator.ch\/management\/finanzen_recht\/2020-08-19\/bank-bsu-vermeldet-solides-halbjahresergebnis\/#breadcrumb"},"inLanguage":"it-IT","potentialAction":[{"@type":"ReadAction","target":["https:\/\/www.organisator.ch\/management\/finanzen_recht\/2020-08-19\/bank-bsu-vermeldet-solides-halbjahresergebnis\/"]}]},{"@type":"ImageObject","inLanguage":"it-IT","@id":"https:\/\/www.organisator.ch\/management\/finanzen_recht\/2020-08-19\/bank-bsu-vermeldet-solides-halbjahresergebnis\/#primaryimage","url":"https:\/\/www.organisator.ch\/wp-content\/uploads\/2020\/08\/Bank-BSU-vermeldet-solides-Halbjahresergebnis_Organisator.jpg","contentUrl":"https:\/\/www.organisator.ch\/wp-content\/uploads\/2020\/08\/Bank-BSU-vermeldet-solides-Halbjahresergebnis_Organisator.jpg","width":680,"height":453,"caption":"GV \"im kleinen Kreis\": Die Bank BSU erh\u00e4lt mit Allegra Sosso ein neues Verwaltungsratsmitglied. (Bild: Bank BSU)"},{"@type":"BreadcrumbList","@id":"https:\/\/www.organisator.ch\/management\/finanzen_recht\/2020-08-19\/bank-bsu-vermeldet-solides-halbjahresergebnis\/#breadcrumb","itemListElement":[{"@type":"ListItem","position":1,"name":"Home","item":"https:\/\/www.organisator.ch\/"},{"@type":"ListItem","position":2,"name":"Bank BSU vermeldet solides Halbjahresergebnis"}]},{"@type":"WebSite","@id":"https:\/\/www.organisator.ch\/#website","url":"https:\/\/www.organisator.ch\/","name":"Organizzatore","description":"Competente. Pratico. In 10 numeri all'anno, ORGANISATOR presenta i temi essenziali per i manager delle PMI.","publisher":{"@id":"https:\/\/www.organisator.ch\/#organization"},"potentialAction":[{"@type":"SearchAction","target":{"@type":"EntryPoint","urlTemplate":"https:\/\/www.organisator.ch\/?s={search_term_string}"},"query-input":{"@type":"PropertyValueSpecification","valueRequired":true,"valueName":"search_term_string"}}],"inLanguage":"it-IT"},{"@type":"Organization","@id":"https:\/\/www.organisator.ch\/#organization","name":"Organizzatore","url":"https:\/\/www.organisator.ch\/","logo":{"@type":"ImageObject","inLanguage":"it-IT","@id":"https:\/\/www.organisator.ch\/#\/schema\/logo\/image\/","url":"https:\/\/www.organisator.ch\/wp-content\/uploads\/2022\/01\/Logo_Organisator_Website.png","contentUrl":"https:\/\/www.organisator.ch\/wp-content\/uploads\/2022\/01\/Logo_Organisator_Website.png","width":800,"height":77,"caption":"Organisator"},"image":{"@id":"https:\/\/www.organisator.ch\/#\/schema\/logo\/image\/"},"sameAs":["https:\/\/www.facebook.com\/OrganisatorFachmagazin","https:\/\/www.linkedin.com\/showcase\/organisator-das-magazin-fr-kmu","https:\/\/www.xing.com\/news\/pages\/organisator-ch-695","https:\/\/www.youtube.com\/channel\/UCGP2Sq0iWaZwT3BdIAQFYpw"]},{"@type":"Person","@id":"https:\/\/www.organisator.ch\/#\/schema\/person\/6f650f90b2842cd4c0cc334b4e36f67e","name":"Tommaso.berner","image":{"@type":"ImageObject","inLanguage":"it-IT","@id":"https:\/\/secure.gravatar.com\/avatar\/ac5001d2a36cb6c6cd3e50789007ffca834b477b74a2144564522e944eabff61?s=96&d=mm&r=g","url":"https:\/\/secure.gravatar.com\/avatar\/ac5001d2a36cb6c6cd3e50789007ffca834b477b74a2144564522e944eabff61?s=96&d=mm&r=g","contentUrl":"https:\/\/secure.gravatar.com\/avatar\/ac5001d2a36cb6c6cd3e50789007ffca834b477b74a2144564522e944eabff61?s=96&d=mm&r=g","caption":"thomas.berner"},"url":"https:\/\/www.organisator.ch\/it\/author\/thomas-berner\/"}]}},"_links":{"self":[{"href":"https:\/\/www.organisator.ch\/it\/wp-json\/wp\/v2\/posts\/7017","targetHints":{"allow":["GET"]}}],"collection":[{"href":"https:\/\/www.organisator.ch\/it\/wp-json\/wp\/v2\/posts"}],"about":[{"href":"https:\/\/www.organisator.ch\/it\/wp-json\/wp\/v2\/types\/post"}],"author":[{"embeddable":true,"href":"https:\/\/www.organisator.ch\/it\/wp-json\/wp\/v2\/users\/4"}],"replies":[{"embeddable":true,"href":"https:\/\/www.organisator.ch\/it\/wp-json\/wp\/v2\/comments?post=7017"}],"version-history":[{"count":0,"href":"https:\/\/www.organisator.ch\/it\/wp-json\/wp\/v2\/posts\/7017\/revisions"}],"wp:featuredmedia":[{"embeddable":true,"href":"https:\/\/www.organisator.ch\/it\/wp-json\/wp\/v2\/media\/7018"}],"wp:attachment":[{"href":"https:\/\/www.organisator.ch\/it\/wp-json\/wp\/v2\/media?parent=7017"}],"wp:term":[{"taxonomy":"category","embeddable":true,"href":"https:\/\/www.organisator.ch\/it\/wp-json\/wp\/v2\/categories?post=7017"},{"taxonomy":"post_tag","embeddable":true,"href":"https:\/\/www.organisator.ch\/it\/wp-json\/wp\/v2\/tags?post=7017"}],"curies":[{"name":"wp","href":"https:\/\/api.w.org\/{rel}","templated":true}]}}