{"id":7035,"date":"2020-08-20T14:27:51","date_gmt":"2020-08-20T12:27:51","guid":{"rendered":"https:\/\/www.organisator.ch\/?p=7035"},"modified":"2020-08-20T14:27:51","modified_gmt":"2020-08-20T12:27:51","slug":"fuehrungswechsel-bei-der-schibli-gruppe-von-jan-schibli-zu-stefan-witzig","status":"publish","type":"post","link":"https:\/\/www.organisator.ch\/it\/management\/2020-08-20\/fuehrungswechsel-bei-der-schibli-gruppe-von-jan-schibli-zu-stefan-witzig\/","title":{"rendered":"Cambio di leadership al Gruppo Schibli: da Jan Schibli a Stefan Witzig"},"content":{"rendered":"<figure id=\"attachment_7036\" aria-describedby=\"caption-attachment-7036\" style=\"width: 680px\" class=\"wp-caption alignnone\"><img loading=\"lazy\" decoding=\"async\" class=\"size-medium wp-image-7036\" src=\"https:\/\/www.organisator.ch\/wp-content\/uploads\/2020\/08\/Fuehrungswechsel-bei-der-Schibli-Gruppe-Von-Jan-Schibli-zu-Stefan-Witzig_Organisator.jpg\" alt=\"\" width=\"680\" height=\"497\" srcset=\"https:\/\/www.organisator.ch\/wp-content\/uploads\/2020\/08\/Fuehrungswechsel-bei-der-Schibli-Gruppe-Von-Jan-Schibli-zu-Stefan-Witzig_Organisator.jpg 680w, https:\/\/www.organisator.ch\/wp-content\/uploads\/2020\/08\/Fuehrungswechsel-bei-der-Schibli-Gruppe-Von-Jan-Schibli-zu-Stefan-Witzig_Organisator-16x12.jpg 16w, https:\/\/www.organisator.ch\/wp-content\/uploads\/2020\/08\/Fuehrungswechsel-bei-der-Schibli-Gruppe-Von-Jan-Schibli-zu-Stefan-Witzig_Organisator-239x175.jpg 239w, https:\/\/www.organisator.ch\/wp-content\/uploads\/2020\/08\/Fuehrungswechsel-bei-der-Schibli-Gruppe-Von-Jan-Schibli-zu-Stefan-Witzig_Organisator-479x350.jpg 479w, https:\/\/www.organisator.ch\/wp-content\/uploads\/2020\/08\/Fuehrungswechsel-bei-der-Schibli-Gruppe-Von-Jan-Schibli-zu-Stefan-Witzig_Organisator-300x219.jpg 300w\" sizes=\"auto, (max-width: 680px) 100vw, 680px\" \/><figcaption id=\"caption-attachment-7036\" class=\"wp-caption-text\">Jan Schibli (a sinistra) cede la responsabilit\u00e0 operativa del Gruppo Schibli a Stefan Witzig. (Immagine: zVg)<\/figcaption><\/figure>\n<p>Jan Schibli ha assunto la direzione della Hans K. Schibli AG dal padre Hans J\u00f6rg Schibli nel corso del 2003 come rappresentante della terza generazione e dall'inizio del 2004 guida l'azienda come CEO della direzione del gruppo. Dal 2011 \u00e8 l'unico proprietario dell'azienda zurighese ricca di tradizione, fondata nel 1937 dal prozio Hans K. Schibli. Durante questo periodo, ha sviluppato l'azienda da puro installatore elettrico a fornitore di servizi completi di ingegneria elettrica con una situazione di guadagno sostenibile e finanziariamente sana. Oggi il Gruppo Schibli riunisce sotto un unico tetto aziende dei settori elettrotecnica, tecnologia degli edifici, IT\/comunicazione, automazione ed energie rinnovabili e impiega circa 550 persone in 16 sedi in Svizzera e Germania, tra cui circa 100 apprendisti.<\/p>\n<h2>Trasformazione in un'azienda orientata al mercato<\/h2>\n<p>Jan Schibli commenta cos\u00ec la sua decisione: \"Negli ultimi anni siamo riusciti a sviluppare l'azienda familiare Schibli in un gruppo completo e in un'azienda orientata al mercato, con una gestione agile e un grande senso della comunit\u00e0. Ci\u00f2 ha richiesto e continua a richiedere un profondo ripensamento, l'abbandono della gerarchia tradizionale, la delega di competenze e responsabilit\u00e0 a tutti i livelli. Oggi il Gruppo Schibli \u00e8 pronto a compiere il passo successivo, verso una struttura aziendale moderna con team di competenza sempre pi\u00f9 basati sull'expertise. Si tratta di mettere il meglio nel posto migliore. Questo vale anche per me e quindi, nel corso della nostra trasformazione in corso, \u00e8 il momento giusto per assumere un nuovo ruolo anche per me.\"<\/p>\n<h2>Rappresentante del Gruppo Schibli verso il mondo esterno<\/h2>\n<p>Jan Schibli ceder\u00e0 le sue responsabilit\u00e0 al precedente vice direttore generale Stefan Witzig a partire dal 1\u00b0 settembre. In qualit\u00e0 di rappresentante della terza generazione di imprenditori della famiglia fondatrice, in futuro si concentrer\u00e0 sulle questioni strategiche e sulla cura degli interessi dei proprietari nella sua funzione di delegato del consiglio di amministrazione. Continuer\u00e0 a essere responsabile operativo delle societ\u00e0 del gruppo Immobilen AG Rotula e Schibli Elektrotechnik GmbH a Dresda (D), nonch\u00e9 amministratore della previdenza sociale per il regime pensionistico del Gruppo Schibli. Nel suo nuovo ruolo, tuttavia, rappresenter\u00e0 sempre pi\u00f9 il Gruppo Schibli all'esterno in occasione di eventi di networking e contribuir\u00e0 alla presenza sul mercato e alle attivit\u00e0 del gruppo con la sua ampia rete di contatti.<\/p>\n<h2>Stefan Witzig succede a Jan Schibli<\/h2>\n<p>\"In qualit\u00e0 di leader impegnato e rispettato, con un'impressionante esperienza di oltre 12 anni come membro del Consiglio Direttivo del Gruppo Schibli, nonch\u00e9 mio precedente vice, Stefan Witzig ha le qualifiche ideali per guidare il Consiglio Direttivo del Gruppo Schibli\", afferma il proprietario Jan Schibli. \"Negli ultimi anni ha contribuito in modo significativo all'aspetto attuale del Gruppo Schibli e conosce ed esemplifica i valori e la cultura del gruppo. Ci riteniamo fortunati di essere riusciti ad aggiudicarci un successore interno come CEO del Gruppo e siamo convinti che, insieme a un team di gestione impegnato, riuscir\u00e0 a dominare le prossime sfide dei nostri clienti e della nostra azienda e a guidare con successo il Gruppo Schibli verso il futuro.\"<\/p>\n<h2>Proseguire la trasformazione con i team di competenza<\/h2>\n<p>Stefan Witzig \u00e8 entrato a far parte del Gruppo Schibli e della direzione nel 2008 e da allora ha contribuito in modo determinante allo sviluppo della competenza informatica, allora appena avviata. La societ\u00e0 del gruppo che ne \u00e8 nata, Entec AG, \u00e8 oggi un attore noto nel mercato ICT con 45 dipendenti ed \u00e8 specializzata in infrastrutture, cloud e soluzioni di storage. Nel suo ruolo attuale, Stefan Witzig \u00e8 responsabile delle aree specialistiche della tecnologia edilizia e dell'IT\/comunicazione, nonch\u00e9 dell'organizzazione, del marketing e della consulenza del gruppo. Dal 2014 conosce anche il ruolo e i compiti del Comitato esecutivo del Gruppo come sostituto di Jan Schibli. La nomina a CEO del Gruppo \u00e8 quindi anche un passo logico nel corso della trasformazione in corso e della nuova distribuzione dei ruoli.<\/p>\n<p><em>Fonte: <a href=\"http:\/\/www.schibli.com\">Schibli Holding AG<\/a><\/em><\/p>","protected":false},"excerpt":{"rendered":"<p>Jan Schibli hat im Verlaufe des Jahres 2003 als Vertreter der dritten Generation von seinem Vater Hans J\u00f6rg Schibli die Gesch\u00e4ftsleitung der Hans K. Schibli AG \u00fcbernommen und f\u00fchrt seit Anfang 2004 das Unternehmen als CEO der Gruppengesch\u00e4ftsleitung. Seit 2011 ist er Alleininhaber des traditionsreichen Z\u00fcrcher Unternehmens, das 1937 von seinem Grossonkel Hans K. Schibli [&hellip;]<\/p>\n","protected":false},"author":4,"featured_media":7036,"comment_status":"closed","ping_status":"closed","sticky":false,"template":"","format":"standard","meta":{"_acf_changed":false,"_yoast_wpseo_focuskw":"Jan Schibli","_yoast_wpseo_metadesc":"Jan Schibli, Inhaber und CEO der Schibli-Gruppe, hat sich entschieden, die operative Verantwortung f\u00fcr die Schibli-Gruppe abzugeben.","articlekey":"","footnotes":""},"categories":[28],"tags":[335,381,492],"class_list":["post-7035","post","type-post","status-publish","format-standard","has-post-thumbnail","hentry","category-management","tag-management-und-unternehmensfuehrung","tag-personalia","tag-unternehmen"],"acf":[],"yoast_head":"<!-- This site is optimized with the Yoast SEO plugin v27.4 - https:\/\/yoast.com\/product\/yoast-seo-wordpress\/ -->\n<title>F\u00fchrungswechsel bei der Schibli-Gruppe: Von Jan Schibli zu Stefan Witzig - Organisator<\/title>\n<meta name=\"description\" content=\"Jan Schibli, Inhaber und CEO der Schibli-Gruppe, hat sich entschieden, die operative Verantwortung f\u00fcr die Schibli-Gruppe abzugeben.\" \/>\n<meta name=\"robots\" content=\"index, follow, max-snippet:-1, max-image-preview:large, max-video-preview:-1\" \/>\n<link rel=\"canonical\" href=\"https:\/\/www.organisator.ch\/it\/gestione-2\/2020-08-20\/fuehrungswechsel-bei-der-schibli-gruppe-von-jan-schibli-zu-stefan-witzig\/\" \/>\n<meta property=\"og:locale\" content=\"it_IT\" \/>\n<meta property=\"og:type\" content=\"article\" \/>\n<meta property=\"og:title\" content=\"F\u00fchrungswechsel bei der Schibli-Gruppe: Von Jan Schibli zu Stefan Witzig\" \/>\n<meta property=\"og:description\" content=\"Jan Schibli, Inhaber und CEO der Schibli-Gruppe, hat sich entschieden, die operative Verantwortung f\u00fcr die Schibli-Gruppe abzugeben.\" \/>\n<meta property=\"og:url\" content=\"https:\/\/www.organisator.ch\/it\/gestione-2\/2020-08-20\/fuehrungswechsel-bei-der-schibli-gruppe-von-jan-schibli-zu-stefan-witzig\/\" \/>\n<meta property=\"og:site_name\" content=\"Organisator\" \/>\n<meta property=\"article:publisher\" content=\"https:\/\/www.facebook.com\/OrganisatorFachmagazin\" \/>\n<meta property=\"article:published_time\" content=\"2020-08-20T12:27:51+00:00\" \/>\n<meta property=\"og:image\" content=\"https:\/\/www.organisator.ch\/wp-content\/uploads\/2020\/08\/Fuehrungswechsel-bei-der-Schibli-Gruppe-Von-Jan-Schibli-zu-Stefan-Witzig_Organisator.jpg\" \/>\n\t<meta property=\"og:image:width\" content=\"680\" \/>\n\t<meta property=\"og:image:height\" content=\"497\" \/>\n\t<meta property=\"og:image:type\" content=\"image\/jpeg\" \/>\n<meta name=\"author\" content=\"thomas.berner\" \/>\n<meta name=\"twitter:card\" content=\"summary_large_image\" \/>\n<meta name=\"twitter:title\" content=\"F\u00fchrungswechsel bei der #Schibli-Gruppe: Von Jan Schibli zu Stefan Witzig\" \/>\n<meta name=\"twitter:description\" content=\"Jan Schibli, Inhaber und CEO der #Schibli-Gruppe, hat sich entschieden, die operative Verantwortung f\u00fcr die Schibli-Gruppe abzugeben.\" \/>\n<meta name=\"twitter:image\" content=\"https:\/\/www.organisator.ch\/wp-content\/uploads\/2020\/08\/Fuehrungswechsel-bei-der-Schibli-Gruppe-Von-Jan-Schibli-zu-Stefan-Witzig_Organisator.jpg\" \/>\n<script type=\"application\/ld+json\" class=\"yoast-schema-graph\">{\"@context\":\"https:\\\/\\\/schema.org\",\"@graph\":[{\"@type\":\"Article\",\"@id\":\"https:\\\/\\\/www.organisator.ch\\\/management\\\/2020-08-20\\\/fuehrungswechsel-bei-der-schibli-gruppe-von-jan-schibli-zu-stefan-witzig\\\/#article\",\"isPartOf\":{\"@id\":\"https:\\\/\\\/www.organisator.ch\\\/management\\\/2020-08-20\\\/fuehrungswechsel-bei-der-schibli-gruppe-von-jan-schibli-zu-stefan-witzig\\\/\"},\"author\":{\"name\":\"thomas.berner\",\"@id\":\"https:\\\/\\\/www.organisator.ch\\\/#\\\/schema\\\/person\\\/6f650f90b2842cd4c0cc334b4e36f67e\"},\"headline\":\"F\u00fchrungswechsel bei der Schibli-Gruppe: Von Jan Schibli zu Stefan Witzig\",\"datePublished\":\"2020-08-20T12:27:51+00:00\",\"mainEntityOfPage\":{\"@id\":\"https:\\\/\\\/www.organisator.ch\\\/management\\\/2020-08-20\\\/fuehrungswechsel-bei-der-schibli-gruppe-von-jan-schibli-zu-stefan-witzig\\\/\"},\"wordCount\":647,\"publisher\":{\"@id\":\"https:\\\/\\\/www.organisator.ch\\\/#organization\"},\"image\":{\"@id\":\"https:\\\/\\\/www.organisator.ch\\\/management\\\/2020-08-20\\\/fuehrungswechsel-bei-der-schibli-gruppe-von-jan-schibli-zu-stefan-witzig\\\/#primaryimage\"},\"thumbnailUrl\":\"https:\\\/\\\/www.organisator.ch\\\/wp-content\\\/uploads\\\/2020\\\/08\\\/Fuehrungswechsel-bei-der-Schibli-Gruppe-Von-Jan-Schibli-zu-Stefan-Witzig_Organisator.jpg\",\"keywords\":[\"Management und Unternehmensf\u00fchrung\",\"Personalia\",\"Unternehmen\"],\"articleSection\":[\"MANAGEMENT\"],\"inLanguage\":\"it-IT\"},{\"@type\":\"WebPage\",\"@id\":\"https:\\\/\\\/www.organisator.ch\\\/management\\\/2020-08-20\\\/fuehrungswechsel-bei-der-schibli-gruppe-von-jan-schibli-zu-stefan-witzig\\\/\",\"url\":\"https:\\\/\\\/www.organisator.ch\\\/management\\\/2020-08-20\\\/fuehrungswechsel-bei-der-schibli-gruppe-von-jan-schibli-zu-stefan-witzig\\\/\",\"name\":\"F\u00fchrungswechsel bei der Schibli-Gruppe: Von Jan Schibli zu Stefan Witzig - Organisator\",\"isPartOf\":{\"@id\":\"https:\\\/\\\/www.organisator.ch\\\/#website\"},\"primaryImageOfPage\":{\"@id\":\"https:\\\/\\\/www.organisator.ch\\\/management\\\/2020-08-20\\\/fuehrungswechsel-bei-der-schibli-gruppe-von-jan-schibli-zu-stefan-witzig\\\/#primaryimage\"},\"image\":{\"@id\":\"https:\\\/\\\/www.organisator.ch\\\/management\\\/2020-08-20\\\/fuehrungswechsel-bei-der-schibli-gruppe-von-jan-schibli-zu-stefan-witzig\\\/#primaryimage\"},\"thumbnailUrl\":\"https:\\\/\\\/www.organisator.ch\\\/wp-content\\\/uploads\\\/2020\\\/08\\\/Fuehrungswechsel-bei-der-Schibli-Gruppe-Von-Jan-Schibli-zu-Stefan-Witzig_Organisator.jpg\",\"datePublished\":\"2020-08-20T12:27:51+00:00\",\"description\":\"Jan Schibli, Inhaber und CEO der Schibli-Gruppe, hat sich entschieden, die operative Verantwortung f\u00fcr die Schibli-Gruppe abzugeben.\",\"breadcrumb\":{\"@id\":\"https:\\\/\\\/www.organisator.ch\\\/management\\\/2020-08-20\\\/fuehrungswechsel-bei-der-schibli-gruppe-von-jan-schibli-zu-stefan-witzig\\\/#breadcrumb\"},\"inLanguage\":\"it-IT\",\"potentialAction\":[{\"@type\":\"ReadAction\",\"target\":[\"https:\\\/\\\/www.organisator.ch\\\/management\\\/2020-08-20\\\/fuehrungswechsel-bei-der-schibli-gruppe-von-jan-schibli-zu-stefan-witzig\\\/\"]}]},{\"@type\":\"ImageObject\",\"inLanguage\":\"it-IT\",\"@id\":\"https:\\\/\\\/www.organisator.ch\\\/management\\\/2020-08-20\\\/fuehrungswechsel-bei-der-schibli-gruppe-von-jan-schibli-zu-stefan-witzig\\\/#primaryimage\",\"url\":\"https:\\\/\\\/www.organisator.ch\\\/wp-content\\\/uploads\\\/2020\\\/08\\\/Fuehrungswechsel-bei-der-Schibli-Gruppe-Von-Jan-Schibli-zu-Stefan-Witzig_Organisator.jpg\",\"contentUrl\":\"https:\\\/\\\/www.organisator.ch\\\/wp-content\\\/uploads\\\/2020\\\/08\\\/Fuehrungswechsel-bei-der-Schibli-Gruppe-Von-Jan-Schibli-zu-Stefan-Witzig_Organisator.jpg\",\"width\":680,\"height\":497,\"caption\":\"Jan Schibli (links) \u00fcbergibt die operative Verantwortung f\u00fcr die Schibli-Gruppe an Stefan Witzig. (Bild: zVg)\"},{\"@type\":\"BreadcrumbList\",\"@id\":\"https:\\\/\\\/www.organisator.ch\\\/management\\\/2020-08-20\\\/fuehrungswechsel-bei-der-schibli-gruppe-von-jan-schibli-zu-stefan-witzig\\\/#breadcrumb\",\"itemListElement\":[{\"@type\":\"ListItem\",\"position\":1,\"name\":\"Home\",\"item\":\"https:\\\/\\\/www.organisator.ch\\\/\"},{\"@type\":\"ListItem\",\"position\":2,\"name\":\"F\u00fchrungswechsel bei der Schibli-Gruppe: Von Jan Schibli zu Stefan Witzig\"}]},{\"@type\":\"WebSite\",\"@id\":\"https:\\\/\\\/www.organisator.ch\\\/#website\",\"url\":\"https:\\\/\\\/www.organisator.ch\\\/\",\"name\":\"Organisator\",\"description\":\"Kompetent. Praxisnah. Der ORGANISATOR bereitet in 10 Ausgaben pro Jahr die wesentlichen Themen f\u00fcr F\u00fchrungskr\u00e4fte von KMU auf.\",\"publisher\":{\"@id\":\"https:\\\/\\\/www.organisator.ch\\\/#organization\"},\"potentialAction\":[{\"@type\":\"SearchAction\",\"target\":{\"@type\":\"EntryPoint\",\"urlTemplate\":\"https:\\\/\\\/www.organisator.ch\\\/?s={search_term_string}\"},\"query-input\":{\"@type\":\"PropertyValueSpecification\",\"valueRequired\":true,\"valueName\":\"search_term_string\"}}],\"inLanguage\":\"it-IT\"},{\"@type\":\"Organization\",\"@id\":\"https:\\\/\\\/www.organisator.ch\\\/#organization\",\"name\":\"Organisator\",\"url\":\"https:\\\/\\\/www.organisator.ch\\\/\",\"logo\":{\"@type\":\"ImageObject\",\"inLanguage\":\"it-IT\",\"@id\":\"https:\\\/\\\/www.organisator.ch\\\/#\\\/schema\\\/logo\\\/image\\\/\",\"url\":\"https:\\\/\\\/www.organisator.ch\\\/wp-content\\\/uploads\\\/2022\\\/01\\\/Logo_Organisator_Website.png\",\"contentUrl\":\"https:\\\/\\\/www.organisator.ch\\\/wp-content\\\/uploads\\\/2022\\\/01\\\/Logo_Organisator_Website.png\",\"width\":800,\"height\":77,\"caption\":\"Organisator\"},\"image\":{\"@id\":\"https:\\\/\\\/www.organisator.ch\\\/#\\\/schema\\\/logo\\\/image\\\/\"},\"sameAs\":[\"https:\\\/\\\/www.facebook.com\\\/OrganisatorFachmagazin\",\"https:\\\/\\\/www.linkedin.com\\\/showcase\\\/organisator-das-magazin-fr-kmu\",\"https:\\\/\\\/www.xing.com\\\/news\\\/pages\\\/organisator-ch-695\",\"https:\\\/\\\/www.youtube.com\\\/channel\\\/UCGP2Sq0iWaZwT3BdIAQFYpw\"]},{\"@type\":\"Person\",\"@id\":\"https:\\\/\\\/www.organisator.ch\\\/#\\\/schema\\\/person\\\/6f650f90b2842cd4c0cc334b4e36f67e\",\"name\":\"thomas.berner\",\"image\":{\"@type\":\"ImageObject\",\"inLanguage\":\"it-IT\",\"@id\":\"https:\\\/\\\/secure.gravatar.com\\\/avatar\\\/ac5001d2a36cb6c6cd3e50789007ffca834b477b74a2144564522e944eabff61?s=96&d=mm&r=g\",\"url\":\"https:\\\/\\\/secure.gravatar.com\\\/avatar\\\/ac5001d2a36cb6c6cd3e50789007ffca834b477b74a2144564522e944eabff61?s=96&d=mm&r=g\",\"contentUrl\":\"https:\\\/\\\/secure.gravatar.com\\\/avatar\\\/ac5001d2a36cb6c6cd3e50789007ffca834b477b74a2144564522e944eabff61?s=96&d=mm&r=g\",\"caption\":\"thomas.berner\"},\"url\":\"https:\\\/\\\/www.organisator.ch\\\/it\\\/author\\\/thomas-berner\\\/\"}]}<\/script>\n<!-- \/ Yoast SEO plugin. -->","yoast_head_json":{"title":"Cambio di leadership nel Gruppo Schibli: da Jan Schibli a Stefan Witzig - Organizzatore","description":"Jan Schibli, proprietario e CEO del Gruppo Schibli, ha deciso di cedere la responsabilit\u00e0 operativa del Gruppo Schibli.","robots":{"index":"index","follow":"follow","max-snippet":"max-snippet:-1","max-image-preview":"max-image-preview:large","max-video-preview":"max-video-preview:-1"},"canonical":"https:\/\/www.organisator.ch\/it\/gestione-2\/2020-08-20\/fuehrungswechsel-bei-der-schibli-gruppe-von-jan-schibli-zu-stefan-witzig\/","og_locale":"it_IT","og_type":"article","og_title":"F\u00fchrungswechsel bei der Schibli-Gruppe: Von Jan Schibli zu Stefan Witzig","og_description":"Jan Schibli, Inhaber und CEO der Schibli-Gruppe, hat sich entschieden, die operative Verantwortung f\u00fcr die Schibli-Gruppe abzugeben.","og_url":"https:\/\/www.organisator.ch\/it\/gestione-2\/2020-08-20\/fuehrungswechsel-bei-der-schibli-gruppe-von-jan-schibli-zu-stefan-witzig\/","og_site_name":"Organisator","article_publisher":"https:\/\/www.facebook.com\/OrganisatorFachmagazin","article_published_time":"2020-08-20T12:27:51+00:00","og_image":[{"width":680,"height":497,"url":"https:\/\/www.organisator.ch\/wp-content\/uploads\/2020\/08\/Fuehrungswechsel-bei-der-Schibli-Gruppe-Von-Jan-Schibli-zu-Stefan-Witzig_Organisator.jpg","type":"image\/jpeg"}],"author":"thomas.berner","twitter_card":"summary_large_image","twitter_title":"F\u00fchrungswechsel bei der #Schibli-Gruppe: Von Jan Schibli zu Stefan Witzig","twitter_description":"Jan Schibli, Inhaber und CEO der #Schibli-Gruppe, hat sich entschieden, die operative Verantwortung f\u00fcr die Schibli-Gruppe abzugeben.","twitter_image":"https:\/\/www.organisator.ch\/wp-content\/uploads\/2020\/08\/Fuehrungswechsel-bei-der-Schibli-Gruppe-Von-Jan-Schibli-zu-Stefan-Witzig_Organisator.jpg","schema":{"@context":"https:\/\/schema.org","@graph":[{"@type":"Article","@id":"https:\/\/www.organisator.ch\/management\/2020-08-20\/fuehrungswechsel-bei-der-schibli-gruppe-von-jan-schibli-zu-stefan-witzig\/#article","isPartOf":{"@id":"https:\/\/www.organisator.ch\/management\/2020-08-20\/fuehrungswechsel-bei-der-schibli-gruppe-von-jan-schibli-zu-stefan-witzig\/"},"author":{"name":"thomas.berner","@id":"https:\/\/www.organisator.ch\/#\/schema\/person\/6f650f90b2842cd4c0cc334b4e36f67e"},"headline":"F\u00fchrungswechsel bei der Schibli-Gruppe: Von Jan Schibli zu Stefan Witzig","datePublished":"2020-08-20T12:27:51+00:00","mainEntityOfPage":{"@id":"https:\/\/www.organisator.ch\/management\/2020-08-20\/fuehrungswechsel-bei-der-schibli-gruppe-von-jan-schibli-zu-stefan-witzig\/"},"wordCount":647,"publisher":{"@id":"https:\/\/www.organisator.ch\/#organization"},"image":{"@id":"https:\/\/www.organisator.ch\/management\/2020-08-20\/fuehrungswechsel-bei-der-schibli-gruppe-von-jan-schibli-zu-stefan-witzig\/#primaryimage"},"thumbnailUrl":"https:\/\/www.organisator.ch\/wp-content\/uploads\/2020\/08\/Fuehrungswechsel-bei-der-Schibli-Gruppe-Von-Jan-Schibli-zu-Stefan-Witzig_Organisator.jpg","keywords":["Management und Unternehmensf\u00fchrung","Personalia","Unternehmen"],"articleSection":["MANAGEMENT"],"inLanguage":"it-IT"},{"@type":"WebPage","@id":"https:\/\/www.organisator.ch\/management\/2020-08-20\/fuehrungswechsel-bei-der-schibli-gruppe-von-jan-schibli-zu-stefan-witzig\/","url":"https:\/\/www.organisator.ch\/management\/2020-08-20\/fuehrungswechsel-bei-der-schibli-gruppe-von-jan-schibli-zu-stefan-witzig\/","name":"Cambio di leadership nel Gruppo Schibli: da Jan Schibli a Stefan Witzig - Organizzatore","isPartOf":{"@id":"https:\/\/www.organisator.ch\/#website"},"primaryImageOfPage":{"@id":"https:\/\/www.organisator.ch\/management\/2020-08-20\/fuehrungswechsel-bei-der-schibli-gruppe-von-jan-schibli-zu-stefan-witzig\/#primaryimage"},"image":{"@id":"https:\/\/www.organisator.ch\/management\/2020-08-20\/fuehrungswechsel-bei-der-schibli-gruppe-von-jan-schibli-zu-stefan-witzig\/#primaryimage"},"thumbnailUrl":"https:\/\/www.organisator.ch\/wp-content\/uploads\/2020\/08\/Fuehrungswechsel-bei-der-Schibli-Gruppe-Von-Jan-Schibli-zu-Stefan-Witzig_Organisator.jpg","datePublished":"2020-08-20T12:27:51+00:00","description":"Jan Schibli, proprietario e CEO del Gruppo Schibli, ha deciso di cedere la responsabilit\u00e0 operativa del Gruppo Schibli.","breadcrumb":{"@id":"https:\/\/www.organisator.ch\/management\/2020-08-20\/fuehrungswechsel-bei-der-schibli-gruppe-von-jan-schibli-zu-stefan-witzig\/#breadcrumb"},"inLanguage":"it-IT","potentialAction":[{"@type":"ReadAction","target":["https:\/\/www.organisator.ch\/management\/2020-08-20\/fuehrungswechsel-bei-der-schibli-gruppe-von-jan-schibli-zu-stefan-witzig\/"]}]},{"@type":"ImageObject","inLanguage":"it-IT","@id":"https:\/\/www.organisator.ch\/management\/2020-08-20\/fuehrungswechsel-bei-der-schibli-gruppe-von-jan-schibli-zu-stefan-witzig\/#primaryimage","url":"https:\/\/www.organisator.ch\/wp-content\/uploads\/2020\/08\/Fuehrungswechsel-bei-der-Schibli-Gruppe-Von-Jan-Schibli-zu-Stefan-Witzig_Organisator.jpg","contentUrl":"https:\/\/www.organisator.ch\/wp-content\/uploads\/2020\/08\/Fuehrungswechsel-bei-der-Schibli-Gruppe-Von-Jan-Schibli-zu-Stefan-Witzig_Organisator.jpg","width":680,"height":497,"caption":"Jan Schibli (links) \u00fcbergibt die operative Verantwortung f\u00fcr die Schibli-Gruppe an Stefan Witzig. (Bild: zVg)"},{"@type":"BreadcrumbList","@id":"https:\/\/www.organisator.ch\/management\/2020-08-20\/fuehrungswechsel-bei-der-schibli-gruppe-von-jan-schibli-zu-stefan-witzig\/#breadcrumb","itemListElement":[{"@type":"ListItem","position":1,"name":"Home","item":"https:\/\/www.organisator.ch\/"},{"@type":"ListItem","position":2,"name":"F\u00fchrungswechsel bei der Schibli-Gruppe: Von Jan Schibli zu Stefan Witzig"}]},{"@type":"WebSite","@id":"https:\/\/www.organisator.ch\/#website","url":"https:\/\/www.organisator.ch\/","name":"Organizzatore","description":"Competente. Pratico. In 10 numeri all'anno, ORGANISATOR presenta i temi essenziali per i manager delle PMI.","publisher":{"@id":"https:\/\/www.organisator.ch\/#organization"},"potentialAction":[{"@type":"SearchAction","target":{"@type":"EntryPoint","urlTemplate":"https:\/\/www.organisator.ch\/?s={search_term_string}"},"query-input":{"@type":"PropertyValueSpecification","valueRequired":true,"valueName":"search_term_string"}}],"inLanguage":"it-IT"},{"@type":"Organization","@id":"https:\/\/www.organisator.ch\/#organization","name":"Organizzatore","url":"https:\/\/www.organisator.ch\/","logo":{"@type":"ImageObject","inLanguage":"it-IT","@id":"https:\/\/www.organisator.ch\/#\/schema\/logo\/image\/","url":"https:\/\/www.organisator.ch\/wp-content\/uploads\/2022\/01\/Logo_Organisator_Website.png","contentUrl":"https:\/\/www.organisator.ch\/wp-content\/uploads\/2022\/01\/Logo_Organisator_Website.png","width":800,"height":77,"caption":"Organisator"},"image":{"@id":"https:\/\/www.organisator.ch\/#\/schema\/logo\/image\/"},"sameAs":["https:\/\/www.facebook.com\/OrganisatorFachmagazin","https:\/\/www.linkedin.com\/showcase\/organisator-das-magazin-fr-kmu","https:\/\/www.xing.com\/news\/pages\/organisator-ch-695","https:\/\/www.youtube.com\/channel\/UCGP2Sq0iWaZwT3BdIAQFYpw"]},{"@type":"Person","@id":"https:\/\/www.organisator.ch\/#\/schema\/person\/6f650f90b2842cd4c0cc334b4e36f67e","name":"Tommaso.berner","image":{"@type":"ImageObject","inLanguage":"it-IT","@id":"https:\/\/secure.gravatar.com\/avatar\/ac5001d2a36cb6c6cd3e50789007ffca834b477b74a2144564522e944eabff61?s=96&d=mm&r=g","url":"https:\/\/secure.gravatar.com\/avatar\/ac5001d2a36cb6c6cd3e50789007ffca834b477b74a2144564522e944eabff61?s=96&d=mm&r=g","contentUrl":"https:\/\/secure.gravatar.com\/avatar\/ac5001d2a36cb6c6cd3e50789007ffca834b477b74a2144564522e944eabff61?s=96&d=mm&r=g","caption":"thomas.berner"},"url":"https:\/\/www.organisator.ch\/it\/author\/thomas-berner\/"}]}},"_links":{"self":[{"href":"https:\/\/www.organisator.ch\/it\/wp-json\/wp\/v2\/posts\/7035","targetHints":{"allow":["GET"]}}],"collection":[{"href":"https:\/\/www.organisator.ch\/it\/wp-json\/wp\/v2\/posts"}],"about":[{"href":"https:\/\/www.organisator.ch\/it\/wp-json\/wp\/v2\/types\/post"}],"author":[{"embeddable":true,"href":"https:\/\/www.organisator.ch\/it\/wp-json\/wp\/v2\/users\/4"}],"replies":[{"embeddable":true,"href":"https:\/\/www.organisator.ch\/it\/wp-json\/wp\/v2\/comments?post=7035"}],"version-history":[{"count":0,"href":"https:\/\/www.organisator.ch\/it\/wp-json\/wp\/v2\/posts\/7035\/revisions"}],"wp:featuredmedia":[{"embeddable":true,"href":"https:\/\/www.organisator.ch\/it\/wp-json\/wp\/v2\/media\/7036"}],"wp:attachment":[{"href":"https:\/\/www.organisator.ch\/it\/wp-json\/wp\/v2\/media?parent=7035"}],"wp:term":[{"taxonomy":"category","embeddable":true,"href":"https:\/\/www.organisator.ch\/it\/wp-json\/wp\/v2\/categories?post=7035"},{"taxonomy":"post_tag","embeddable":true,"href":"https:\/\/www.organisator.ch\/it\/wp-json\/wp\/v2\/tags?post=7035"}],"curies":[{"name":"wp","href":"https:\/\/api.w.org\/{rel}","templated":true}]}}