{"id":705,"date":"2016-10-05T15:42:14","date_gmt":"2016-10-05T13:42:14","guid":{"rendered":"http:\/\/dev.organisator.ch\/?p=705"},"modified":"2016-10-05T15:42:14","modified_gmt":"2016-10-05T13:42:14","slug":"prof-bruckner-neuer-ceo-des-zfu-international-business-school","status":"publish","type":"post","link":"https:\/\/www.organisator.ch\/it\/allgemein\/2016-10-05\/prof-bruckner-neuer-ceo-des-zfu-international-business-school\/","title":{"rendered":"Prof. Bruckner nuovo CEO della ZfU International Business School"},"content":{"rendered":"<figure id=\"attachment_706\" aria-describedby=\"caption-attachment-706\" style=\"width: 470px\" class=\"wp-caption alignnone\"><img loading=\"lazy\" decoding=\"async\" class=\"size-full wp-image-706\" src=\"https:\/\/www.organisator.ch\/wp-content\/uploads\/2016\/12\/Prof.-Bruckner-neuer-CEO-des-ZfU-International-Business-School-organisator.jpg\" alt=\"\" width=\"470\" height=\"640\" srcset=\"https:\/\/www.organisator.ch\/wp-content\/uploads\/2016\/12\/Prof.-Bruckner-neuer-CEO-des-ZfU-International-Business-School-organisator.jpg 470w, https:\/\/www.organisator.ch\/wp-content\/uploads\/2016\/12\/Prof.-Bruckner-neuer-CEO-des-ZfU-International-Business-School-organisator-9x12.jpg 9w, https:\/\/www.organisator.ch\/wp-content\/uploads\/2016\/12\/Prof.-Bruckner-neuer-CEO-des-ZfU-International-Business-School-organisator-129x175.jpg 129w, https:\/\/www.organisator.ch\/wp-content\/uploads\/2016\/12\/Prof.-Bruckner-neuer-CEO-des-ZfU-International-Business-School-organisator-257x350.jpg 257w, https:\/\/www.organisator.ch\/wp-content\/uploads\/2016\/12\/Prof.-Bruckner-neuer-CEO-des-ZfU-International-Business-School-organisator-300x409.jpg 300w\" sizes=\"auto, (max-width: 470px) 100vw, 470px\" \/><figcaption id=\"caption-attachment-706\" class=\"wp-caption-text\">Prof. Dr. J\u00f6rg Bruckner (Immagine: obs\/WEKA Holding GmbH &amp; Co)<\/figcaption><\/figure>\n<p>Bruckner ha studiato e ottenuto il suo dottorato all'Universit\u00e0 di San Gallo (HSG) e poi ha lavorato per molti anni in varie posizioni di management per la grande banca svizzera UBS AG a Zurigo, prima di passare nel 2009 alla ZHAW (Universit\u00e0 di Scienze Applicate di Zurigo) come capo del corso di Business Administration e poi nel 2013 alla HWZ (Universit\u00e0 di Scienze Applicate di Zurigo), dove \u00e8 stato nominato professore nello stesso anno. Le principali aree di lavoro e di ricerca di Bruckner includono il business digitale, il marketing e la gestione strategica.<\/p>\n<p><strong>ZfU Scuola Internazionale di Business<\/strong><\/p>\n<p>Dal 2011, la ZfU International Business School di Thalwil \u00e8 una parte indipendente del gruppo tedesco WEKA, che in Svizzera comprende anche WEKA Business Media AG (Zurigo) e Lernwerkstatt Olten GmbH (Olten). Werner Pehland, delegato del consiglio di amministrazione della ZfU: \"Sono lieto che con il Prof. Bruckner siamo riusciti a conquistare un esperto di provata esperienza per la gestione e lo sviluppo strategico della ZfU.  Sono convinto che con il Prof. Bruckner faremo progredire l'ulteriore sviluppo della ZfU, soprattutto per quanto riguarda la digitalizzazione e lo sviluppo di programmi di istruzione e formazione individuali, e quindi consolidare ed espandere ulteriormente la posizione della ZfU come una delle principali business school internazionali nella regione di lingua tedesca\".<\/p>\n<p><a href=\"http:\/\/www.zfu.ch\" target=\"_blank\" rel=\"noreferrer noopener\" data-cke-saved-href=\"http:\/\/www.zfu.ch\">www.zfu.ch<\/a><\/p>","protected":false},"excerpt":{"rendered":"<p>Bruckner\u00a0 studierte und promovierte an der Universit\u00e4t St. Gallen (HSG) und\u00a0 arbeitete danach lange Jahre in verschiedenen leitenden Positionen f\u00fcr die Schweizer Grossbank UBS AG in Z\u00fcrich, bevor er 2009 als\u00a0 Studiengangsleiter Betriebs\u00f6konomie zuerst an die ZHAW (Z\u00fcrcher Hochschule f\u00fcr Angewandte Wissenschaften) und 2013 an die HWZ\u00a0 (Hochschule f\u00fcr Wirtschaft Z\u00fcrich) wechselte, wo er im [&hellip;]<\/p>\n","protected":false},"author":1,"featured_media":706,"comment_status":"open","ping_status":"open","sticky":false,"template":"","format":"standard","meta":{"_acf_changed":false,"_yoast_wpseo_focuskw":"ZfU International Business School","_yoast_wpseo_metadesc":"Der renommierte Schweizer Wirtschaftswissenschaftler Prof. Dr. J\u00f6rg Bruckner wird CEO des ZfU International Business School in Thalwil.","articlekey":"","footnotes":""},"categories":[1],"tags":[381],"class_list":["post-705","post","type-post","status-publish","format-standard","has-post-thumbnail","hentry","category-allgemein","tag-personalia"],"acf":[],"yoast_head":"<!-- This site is optimized with the Yoast SEO plugin v27.5 - https:\/\/yoast.com\/product\/yoast-seo-wordpress\/ -->\n<title>Prof. Bruckner neuer CEO des ZfU International Business School - Organisator<\/title>\n<meta name=\"description\" content=\"Der renommierte Schweizer Wirtschaftswissenschaftler Prof. Dr. J\u00f6rg Bruckner wird CEO des ZfU International Business School in Thalwil.\" \/>\n<meta name=\"robots\" content=\"index, follow, max-snippet:-1, max-image-preview:large, max-video-preview:-1\" \/>\n<link rel=\"canonical\" href=\"https:\/\/www.organisator.ch\/it\/generale\/2016-10-05\/prof-bruckner-neuer-ceo-des-zfu-international-business-school\/\" \/>\n<meta property=\"og:locale\" content=\"it_IT\" \/>\n<meta property=\"og:type\" content=\"article\" \/>\n<meta property=\"og:title\" content=\"Prof. Bruckner neuer CEO des ZfU International Business School\" \/>\n<meta property=\"og:description\" content=\"Der renommierte Schweizer Wirtschaftswissenschaftler Prof. Dr. J\u00f6rg Bruckner verl\u00e4sst seine Position als Vorstandsmitglied und Leiter Ausbildung an der HWZ (Hochschule f\u00fcr Wirtschaft, Z\u00fcrich) und wird CEO des ZfU International Business School in Thalwil.\" \/>\n<meta property=\"og:url\" content=\"https:\/\/www.organisator.ch\/it\/generale\/2016-10-05\/prof-bruckner-neuer-ceo-des-zfu-international-business-school\/\" \/>\n<meta property=\"og:site_name\" content=\"Organisator\" \/>\n<meta property=\"article:publisher\" content=\"https:\/\/www.facebook.com\/OrganisatorFachmagazin\" \/>\n<meta property=\"article:published_time\" content=\"2016-10-05T13:42:14+00:00\" \/>\n<meta name=\"author\" content=\"admin\" \/>\n<meta name=\"twitter:card\" content=\"summary_large_image\" \/>\n<meta name=\"twitter:image\" content=\"https:\/\/www.organisator.ch\/wp-content\/uploads\/2016\/12\/Prof.-Bruckner-neuer-CEO-des-ZfU-International-Business-School-organisator.jpg\" \/>\n<script type=\"application\/ld+json\" class=\"yoast-schema-graph\">{\"@context\":\"https:\\\/\\\/schema.org\",\"@graph\":[{\"@type\":\"Article\",\"@id\":\"https:\\\/\\\/www.organisator.ch\\\/de\\\/allgemein\\\/2016-10-05\\\/prof-bruckner-neuer-ceo-des-zfu-international-business-school\\\/#article\",\"isPartOf\":{\"@id\":\"https:\\\/\\\/www.organisator.ch\\\/de\\\/allgemein\\\/2016-10-05\\\/prof-bruckner-neuer-ceo-des-zfu-international-business-school\\\/\"},\"author\":{\"name\":\"admin\",\"@id\":\"https:\\\/\\\/www.organisator.ch\\\/#\\\/schema\\\/person\\\/aa2bace6c5c5aad60102004a50c4eb1c\"},\"headline\":\"Prof. Bruckner neuer CEO des ZfU International Business School\",\"datePublished\":\"2016-10-05T13:42:14+00:00\",\"mainEntityOfPage\":{\"@id\":\"https:\\\/\\\/www.organisator.ch\\\/de\\\/allgemein\\\/2016-10-05\\\/prof-bruckner-neuer-ceo-des-zfu-international-business-school\\\/\"},\"wordCount\":237,\"commentCount\":0,\"publisher\":{\"@id\":\"https:\\\/\\\/www.organisator.ch\\\/#organization\"},\"image\":{\"@id\":\"https:\\\/\\\/www.organisator.ch\\\/de\\\/allgemein\\\/2016-10-05\\\/prof-bruckner-neuer-ceo-des-zfu-international-business-school\\\/#primaryimage\"},\"thumbnailUrl\":\"https:\\\/\\\/www.organisator.ch\\\/wp-content\\\/uploads\\\/2016\\\/12\\\/Prof.-Bruckner-neuer-CEO-des-ZfU-International-Business-School-organisator.jpg\",\"keywords\":[\"Personalia\"],\"articleSection\":[\"Allgemein\"],\"inLanguage\":\"it-IT\"},{\"@type\":\"WebPage\",\"@id\":\"https:\\\/\\\/www.organisator.ch\\\/de\\\/allgemein\\\/2016-10-05\\\/prof-bruckner-neuer-ceo-des-zfu-international-business-school\\\/\",\"url\":\"https:\\\/\\\/www.organisator.ch\\\/de\\\/allgemein\\\/2016-10-05\\\/prof-bruckner-neuer-ceo-des-zfu-international-business-school\\\/\",\"name\":\"Prof. Bruckner neuer CEO des ZfU International Business School - Organisator\",\"isPartOf\":{\"@id\":\"https:\\\/\\\/www.organisator.ch\\\/#website\"},\"primaryImageOfPage\":{\"@id\":\"https:\\\/\\\/www.organisator.ch\\\/de\\\/allgemein\\\/2016-10-05\\\/prof-bruckner-neuer-ceo-des-zfu-international-business-school\\\/#primaryimage\"},\"image\":{\"@id\":\"https:\\\/\\\/www.organisator.ch\\\/de\\\/allgemein\\\/2016-10-05\\\/prof-bruckner-neuer-ceo-des-zfu-international-business-school\\\/#primaryimage\"},\"thumbnailUrl\":\"https:\\\/\\\/www.organisator.ch\\\/wp-content\\\/uploads\\\/2016\\\/12\\\/Prof.-Bruckner-neuer-CEO-des-ZfU-International-Business-School-organisator.jpg\",\"datePublished\":\"2016-10-05T13:42:14+00:00\",\"description\":\"Der renommierte Schweizer Wirtschaftswissenschaftler Prof. Dr. J\u00f6rg Bruckner wird CEO des ZfU International Business School in Thalwil.\",\"breadcrumb\":{\"@id\":\"https:\\\/\\\/www.organisator.ch\\\/de\\\/allgemein\\\/2016-10-05\\\/prof-bruckner-neuer-ceo-des-zfu-international-business-school\\\/#breadcrumb\"},\"inLanguage\":\"it-IT\",\"potentialAction\":[{\"@type\":\"ReadAction\",\"target\":[\"https:\\\/\\\/www.organisator.ch\\\/de\\\/allgemein\\\/2016-10-05\\\/prof-bruckner-neuer-ceo-des-zfu-international-business-school\\\/\"]}]},{\"@type\":\"ImageObject\",\"inLanguage\":\"it-IT\",\"@id\":\"https:\\\/\\\/www.organisator.ch\\\/de\\\/allgemein\\\/2016-10-05\\\/prof-bruckner-neuer-ceo-des-zfu-international-business-school\\\/#primaryimage\",\"url\":\"https:\\\/\\\/www.organisator.ch\\\/wp-content\\\/uploads\\\/2016\\\/12\\\/Prof.-Bruckner-neuer-CEO-des-ZfU-International-Business-School-organisator.jpg\",\"contentUrl\":\"https:\\\/\\\/www.organisator.ch\\\/wp-content\\\/uploads\\\/2016\\\/12\\\/Prof.-Bruckner-neuer-CEO-des-ZfU-International-Business-School-organisator.jpg\",\"width\":470,\"height\":640,\"caption\":\"Prof. Dr. J\u00f6rg Bruckner (Bild: obs\\\/WEKA Holding GmbH & Co)\"},{\"@type\":\"BreadcrumbList\",\"@id\":\"https:\\\/\\\/www.organisator.ch\\\/de\\\/allgemein\\\/2016-10-05\\\/prof-bruckner-neuer-ceo-des-zfu-international-business-school\\\/#breadcrumb\",\"itemListElement\":[{\"@type\":\"ListItem\",\"position\":1,\"name\":\"Home\",\"item\":\"https:\\\/\\\/www.organisator.ch\\\/\"},{\"@type\":\"ListItem\",\"position\":2,\"name\":\"Prof. Bruckner neuer CEO des ZfU International Business School\"}]},{\"@type\":\"WebSite\",\"@id\":\"https:\\\/\\\/www.organisator.ch\\\/#website\",\"url\":\"https:\\\/\\\/www.organisator.ch\\\/\",\"name\":\"Organisator\",\"description\":\"Kompetent. Praxisnah. Der ORGANISATOR bereitet in 10 Ausgaben pro Jahr die wesentlichen Themen f\u00fcr F\u00fchrungskr\u00e4fte von KMU auf.\",\"publisher\":{\"@id\":\"https:\\\/\\\/www.organisator.ch\\\/#organization\"},\"potentialAction\":[{\"@type\":\"SearchAction\",\"target\":{\"@type\":\"EntryPoint\",\"urlTemplate\":\"https:\\\/\\\/www.organisator.ch\\\/?s={search_term_string}\"},\"query-input\":{\"@type\":\"PropertyValueSpecification\",\"valueRequired\":true,\"valueName\":\"search_term_string\"}}],\"inLanguage\":\"it-IT\"},{\"@type\":\"Organization\",\"@id\":\"https:\\\/\\\/www.organisator.ch\\\/#organization\",\"name\":\"Organisator\",\"url\":\"https:\\\/\\\/www.organisator.ch\\\/\",\"logo\":{\"@type\":\"ImageObject\",\"inLanguage\":\"it-IT\",\"@id\":\"https:\\\/\\\/www.organisator.ch\\\/#\\\/schema\\\/logo\\\/image\\\/\",\"url\":\"https:\\\/\\\/www.organisator.ch\\\/wp-content\\\/uploads\\\/2022\\\/01\\\/Logo_Organisator_Website.png\",\"contentUrl\":\"https:\\\/\\\/www.organisator.ch\\\/wp-content\\\/uploads\\\/2022\\\/01\\\/Logo_Organisator_Website.png\",\"width\":800,\"height\":77,\"caption\":\"Organisator\"},\"image\":{\"@id\":\"https:\\\/\\\/www.organisator.ch\\\/#\\\/schema\\\/logo\\\/image\\\/\"},\"sameAs\":[\"https:\\\/\\\/www.facebook.com\\\/OrganisatorFachmagazin\",\"https:\\\/\\\/www.linkedin.com\\\/showcase\\\/organisator-das-magazin-fr-kmu\",\"https:\\\/\\\/www.xing.com\\\/news\\\/pages\\\/organisator-ch-695\",\"https:\\\/\\\/www.youtube.com\\\/channel\\\/UCGP2Sq0iWaZwT3BdIAQFYpw\"]},{\"@type\":\"Person\",\"@id\":\"https:\\\/\\\/www.organisator.ch\\\/#\\\/schema\\\/person\\\/aa2bace6c5c5aad60102004a50c4eb1c\",\"name\":\"admin\",\"image\":{\"@type\":\"ImageObject\",\"inLanguage\":\"it-IT\",\"@id\":\"https:\\\/\\\/secure.gravatar.com\\\/avatar\\\/ae2f4d718e6c49043e314ce431e7e645d646302a24a5ef5a8bc8e3f5a032e319?s=96&d=mm&r=g\",\"url\":\"https:\\\/\\\/secure.gravatar.com\\\/avatar\\\/ae2f4d718e6c49043e314ce431e7e645d646302a24a5ef5a8bc8e3f5a032e319?s=96&d=mm&r=g\",\"contentUrl\":\"https:\\\/\\\/secure.gravatar.com\\\/avatar\\\/ae2f4d718e6c49043e314ce431e7e645d646302a24a5ef5a8bc8e3f5a032e319?s=96&d=mm&r=g\",\"caption\":\"admin\"},\"sameAs\":[\"https:\\\/\\\/www.organisator.ch\"],\"url\":\"https:\\\/\\\/www.organisator.ch\\\/it\\\/author\\\/admin\\\/\"}]}<\/script>\n<!-- \/ Yoast SEO plugin. -->","yoast_head_json":{"title":"Il Prof. Bruckner nuovo CEO della ZfU International Business School - Organizzatore","description":"Il famoso economista svizzero Prof. Dr. J\u00f6rg Bruckner diventa CEO della ZfU International Business School di Thalwil.","robots":{"index":"index","follow":"follow","max-snippet":"max-snippet:-1","max-image-preview":"max-image-preview:large","max-video-preview":"max-video-preview:-1"},"canonical":"https:\/\/www.organisator.ch\/it\/generale\/2016-10-05\/prof-bruckner-neuer-ceo-des-zfu-international-business-school\/","og_locale":"it_IT","og_type":"article","og_title":"Prof. Bruckner neuer CEO des ZfU International Business School","og_description":"Der renommierte Schweizer Wirtschaftswissenschaftler Prof. Dr. J\u00f6rg Bruckner verl\u00e4sst seine Position als Vorstandsmitglied und Leiter Ausbildung an der HWZ (Hochschule f\u00fcr Wirtschaft, Z\u00fcrich) und wird CEO des ZfU International Business School in Thalwil.","og_url":"https:\/\/www.organisator.ch\/it\/generale\/2016-10-05\/prof-bruckner-neuer-ceo-des-zfu-international-business-school\/","og_site_name":"Organisator","article_publisher":"https:\/\/www.facebook.com\/OrganisatorFachmagazin","article_published_time":"2016-10-05T13:42:14+00:00","author":"admin","twitter_card":"summary_large_image","twitter_image":"https:\/\/www.organisator.ch\/wp-content\/uploads\/2016\/12\/Prof.-Bruckner-neuer-CEO-des-ZfU-International-Business-School-organisator.jpg","schema":{"@context":"https:\/\/schema.org","@graph":[{"@type":"Article","@id":"https:\/\/www.organisator.ch\/de\/allgemein\/2016-10-05\/prof-bruckner-neuer-ceo-des-zfu-international-business-school\/#article","isPartOf":{"@id":"https:\/\/www.organisator.ch\/de\/allgemein\/2016-10-05\/prof-bruckner-neuer-ceo-des-zfu-international-business-school\/"},"author":{"name":"admin","@id":"https:\/\/www.organisator.ch\/#\/schema\/person\/aa2bace6c5c5aad60102004a50c4eb1c"},"headline":"Prof. Bruckner neuer CEO des ZfU International Business School","datePublished":"2016-10-05T13:42:14+00:00","mainEntityOfPage":{"@id":"https:\/\/www.organisator.ch\/de\/allgemein\/2016-10-05\/prof-bruckner-neuer-ceo-des-zfu-international-business-school\/"},"wordCount":237,"commentCount":0,"publisher":{"@id":"https:\/\/www.organisator.ch\/#organization"},"image":{"@id":"https:\/\/www.organisator.ch\/de\/allgemein\/2016-10-05\/prof-bruckner-neuer-ceo-des-zfu-international-business-school\/#primaryimage"},"thumbnailUrl":"https:\/\/www.organisator.ch\/wp-content\/uploads\/2016\/12\/Prof.-Bruckner-neuer-CEO-des-ZfU-International-Business-School-organisator.jpg","keywords":["Personalia"],"articleSection":["Allgemein"],"inLanguage":"it-IT"},{"@type":"WebPage","@id":"https:\/\/www.organisator.ch\/de\/allgemein\/2016-10-05\/prof-bruckner-neuer-ceo-des-zfu-international-business-school\/","url":"https:\/\/www.organisator.ch\/de\/allgemein\/2016-10-05\/prof-bruckner-neuer-ceo-des-zfu-international-business-school\/","name":"Il Prof. Bruckner nuovo CEO della ZfU International Business School - Organizzatore","isPartOf":{"@id":"https:\/\/www.organisator.ch\/#website"},"primaryImageOfPage":{"@id":"https:\/\/www.organisator.ch\/de\/allgemein\/2016-10-05\/prof-bruckner-neuer-ceo-des-zfu-international-business-school\/#primaryimage"},"image":{"@id":"https:\/\/www.organisator.ch\/de\/allgemein\/2016-10-05\/prof-bruckner-neuer-ceo-des-zfu-international-business-school\/#primaryimage"},"thumbnailUrl":"https:\/\/www.organisator.ch\/wp-content\/uploads\/2016\/12\/Prof.-Bruckner-neuer-CEO-des-ZfU-International-Business-School-organisator.jpg","datePublished":"2016-10-05T13:42:14+00:00","description":"Il famoso economista svizzero Prof. Dr. J\u00f6rg Bruckner diventa CEO della ZfU International Business School di Thalwil.","breadcrumb":{"@id":"https:\/\/www.organisator.ch\/de\/allgemein\/2016-10-05\/prof-bruckner-neuer-ceo-des-zfu-international-business-school\/#breadcrumb"},"inLanguage":"it-IT","potentialAction":[{"@type":"ReadAction","target":["https:\/\/www.organisator.ch\/de\/allgemein\/2016-10-05\/prof-bruckner-neuer-ceo-des-zfu-international-business-school\/"]}]},{"@type":"ImageObject","inLanguage":"it-IT","@id":"https:\/\/www.organisator.ch\/de\/allgemein\/2016-10-05\/prof-bruckner-neuer-ceo-des-zfu-international-business-school\/#primaryimage","url":"https:\/\/www.organisator.ch\/wp-content\/uploads\/2016\/12\/Prof.-Bruckner-neuer-CEO-des-ZfU-International-Business-School-organisator.jpg","contentUrl":"https:\/\/www.organisator.ch\/wp-content\/uploads\/2016\/12\/Prof.-Bruckner-neuer-CEO-des-ZfU-International-Business-School-organisator.jpg","width":470,"height":640,"caption":"Prof. Dr. J\u00f6rg Bruckner (Bild: obs\/WEKA Holding GmbH & Co)"},{"@type":"BreadcrumbList","@id":"https:\/\/www.organisator.ch\/de\/allgemein\/2016-10-05\/prof-bruckner-neuer-ceo-des-zfu-international-business-school\/#breadcrumb","itemListElement":[{"@type":"ListItem","position":1,"name":"Home","item":"https:\/\/www.organisator.ch\/"},{"@type":"ListItem","position":2,"name":"Prof. Bruckner neuer CEO des ZfU International Business School"}]},{"@type":"WebSite","@id":"https:\/\/www.organisator.ch\/#website","url":"https:\/\/www.organisator.ch\/","name":"Organizzatore","description":"Competente. Pratico. In 10 numeri all'anno, ORGANISATOR presenta i temi essenziali per i manager delle PMI.","publisher":{"@id":"https:\/\/www.organisator.ch\/#organization"},"potentialAction":[{"@type":"SearchAction","target":{"@type":"EntryPoint","urlTemplate":"https:\/\/www.organisator.ch\/?s={search_term_string}"},"query-input":{"@type":"PropertyValueSpecification","valueRequired":true,"valueName":"search_term_string"}}],"inLanguage":"it-IT"},{"@type":"Organization","@id":"https:\/\/www.organisator.ch\/#organization","name":"Organizzatore","url":"https:\/\/www.organisator.ch\/","logo":{"@type":"ImageObject","inLanguage":"it-IT","@id":"https:\/\/www.organisator.ch\/#\/schema\/logo\/image\/","url":"https:\/\/www.organisator.ch\/wp-content\/uploads\/2022\/01\/Logo_Organisator_Website.png","contentUrl":"https:\/\/www.organisator.ch\/wp-content\/uploads\/2022\/01\/Logo_Organisator_Website.png","width":800,"height":77,"caption":"Organisator"},"image":{"@id":"https:\/\/www.organisator.ch\/#\/schema\/logo\/image\/"},"sameAs":["https:\/\/www.facebook.com\/OrganisatorFachmagazin","https:\/\/www.linkedin.com\/showcase\/organisator-das-magazin-fr-kmu","https:\/\/www.xing.com\/news\/pages\/organisator-ch-695","https:\/\/www.youtube.com\/channel\/UCGP2Sq0iWaZwT3BdIAQFYpw"]},{"@type":"Person","@id":"https:\/\/www.organisator.ch\/#\/schema\/person\/aa2bace6c5c5aad60102004a50c4eb1c","name":"amministratore","image":{"@type":"ImageObject","inLanguage":"it-IT","@id":"https:\/\/secure.gravatar.com\/avatar\/ae2f4d718e6c49043e314ce431e7e645d646302a24a5ef5a8bc8e3f5a032e319?s=96&d=mm&r=g","url":"https:\/\/secure.gravatar.com\/avatar\/ae2f4d718e6c49043e314ce431e7e645d646302a24a5ef5a8bc8e3f5a032e319?s=96&d=mm&r=g","contentUrl":"https:\/\/secure.gravatar.com\/avatar\/ae2f4d718e6c49043e314ce431e7e645d646302a24a5ef5a8bc8e3f5a032e319?s=96&d=mm&r=g","caption":"admin"},"sameAs":["https:\/\/www.organisator.ch"],"url":"https:\/\/www.organisator.ch\/it\/author\/admin\/"}]}},"_links":{"self":[{"href":"https:\/\/www.organisator.ch\/it\/wp-json\/wp\/v2\/posts\/705","targetHints":{"allow":["GET"]}}],"collection":[{"href":"https:\/\/www.organisator.ch\/it\/wp-json\/wp\/v2\/posts"}],"about":[{"href":"https:\/\/www.organisator.ch\/it\/wp-json\/wp\/v2\/types\/post"}],"author":[{"embeddable":true,"href":"https:\/\/www.organisator.ch\/it\/wp-json\/wp\/v2\/users\/1"}],"replies":[{"embeddable":true,"href":"https:\/\/www.organisator.ch\/it\/wp-json\/wp\/v2\/comments?post=705"}],"version-history":[{"count":0,"href":"https:\/\/www.organisator.ch\/it\/wp-json\/wp\/v2\/posts\/705\/revisions"}],"wp:featuredmedia":[{"embeddable":true,"href":"https:\/\/www.organisator.ch\/it\/wp-json\/wp\/v2\/media\/706"}],"wp:attachment":[{"href":"https:\/\/www.organisator.ch\/it\/wp-json\/wp\/v2\/media?parent=705"}],"wp:term":[{"taxonomy":"category","embeddable":true,"href":"https:\/\/www.organisator.ch\/it\/wp-json\/wp\/v2\/categories?post=705"},{"taxonomy":"post_tag","embeddable":true,"href":"https:\/\/www.organisator.ch\/it\/wp-json\/wp\/v2\/tags?post=705"}],"curies":[{"name":"wp","href":"https:\/\/api.w.org\/{rel}","templated":true}]}}