{"id":7065,"date":"2020-09-01T14:11:01","date_gmt":"2020-09-01T12:11:01","guid":{"rendered":"https:\/\/www.organisator.ch\/?p=7065"},"modified":"2020-09-01T14:11:01","modified_gmt":"2020-09-01T12:11:01","slug":"produktivitaet-im-homeoffice-eine-frage-der-mentalitaet","status":"publish","type":"post","link":"https:\/\/www.organisator.ch\/it\/human-resources\/fit_im_job\/2020-09-01\/produktivitaet-im-homeoffice-eine-frage-der-mentalitaet\/","title":{"rendered":"Produttivit\u00e0 nell'home office: una questione di mentalit\u00e0"},"content":{"rendered":"<figure id=\"attachment_7066\" aria-describedby=\"caption-attachment-7066\" style=\"width: 680px\" class=\"wp-caption alignnone\"><img loading=\"lazy\" decoding=\"async\" class=\"size-medium wp-image-7066\" src=\"https:\/\/www.organisator.ch\/wp-content\/uploads\/2020\/09\/Produktivitaet-im-Homeoffice-Eine-Frage-der-Mentalitaet_Organisator.jpg\" alt=\"\" width=\"680\" height=\"451\" srcset=\"https:\/\/www.organisator.ch\/wp-content\/uploads\/2020\/09\/Produktivitaet-im-Homeoffice-Eine-Frage-der-Mentalitaet_Organisator.jpg 680w, https:\/\/www.organisator.ch\/wp-content\/uploads\/2020\/09\/Produktivitaet-im-Homeoffice-Eine-Frage-der-Mentalitaet_Organisator-16x12.jpg 16w, https:\/\/www.organisator.ch\/wp-content\/uploads\/2020\/09\/Produktivitaet-im-Homeoffice-Eine-Frage-der-Mentalitaet_Organisator-264x175.jpg 264w, https:\/\/www.organisator.ch\/wp-content\/uploads\/2020\/09\/Produktivitaet-im-Homeoffice-Eine-Frage-der-Mentalitaet_Organisator-528x350.jpg 528w, https:\/\/www.organisator.ch\/wp-content\/uploads\/2020\/09\/Produktivitaet-im-Homeoffice-Eine-Frage-der-Mentalitaet_Organisator-300x199.jpg 300w\" sizes=\"auto, (max-width: 680px) 100vw, 680px\" \/><figcaption id=\"caption-attachment-7066\" class=\"wp-caption-text\">La produttivit\u00e0 nell'home office dipende da vari fattori. Ma l'atteggiamento personale dei dipendenti gioca un ruolo importante, come mostra un recente studio. (Immagine: Pixabay.com)<\/figcaption><\/figure>\n<p>Qual \u00e8 l'atteggiamento di base dei dipendenti rispetto al tema dell'home office? Quali emozioni hanno provato quando hanno dovuto lavorare in un ufficio domestico? E che dire della loro produttivit\u00e0 nell'home office? Questi argomenti sono stati studiati durante cinque settimane da met\u00e0 aprile a met\u00e0 maggio 2020, durante le quali molti dipendenti hanno lavorato da casa per la prima volta a causa del blocco COVID-19.<\/p>\n<h2>Lo studio conferma: L'atteggiamento positivo promuove la produttivit\u00e0 nell'ufficio a casa<\/h2>\n<p>In termini di mentalit\u00e0, le persone intervistate sono state differenziate a seconda che credano che le abilit\u00e0 per lavorare a casa siano innate (mentalit\u00e0 fissa) o che credano che questa nuova abilit\u00e0 possa essere appresa (mentalit\u00e0 di crescita). Quelle persone che presumono che le abilit\u00e0 siano innate (Fixed Mindset) hanno visto l'home office come una nuova sfida di cui non sono all'altezza. Hanno sperimentato pi\u00f9 emozioni negative, come frustrazione, senso di colpa o ansia, e poche emozioni positive, che hanno avuto un impatto diretto sulla loro produttivit\u00e0 percepita: gli individui con forti emozioni negative hanno raggiunto 31% meno obiettivi nella stessa settimana e 19% meno obiettivi nella settimana successiva rispetto agli individui con deboli emozioni negative. D'altra parte, le persone con un Growth Mindset erano significativamente pi\u00f9 motivate e produttive nell'home office, secondo lo studio. I dipendenti con i sentimenti positivi pi\u00f9 forti avevano raggiunto una media di 43% di obiettivi in pi\u00f9 nella stessa settimana rispetto a quelli senza sentimenti positivi.<\/p>\n<h2>Le aziende possono migliorare la competitivit\u00e0<\/h2>\n<p>\"Se l'home office deve durare a lungo, le aziende devono essere consapevoli di ci\u00f2 che rende i loro dipendenti felici e produttivi quando lo fanno. Il nostro studio suggerisce che un certo atteggiamento personale verso il lavoro da casa \u00e8 un fattore cruciale\", dice l'autore principale dello studio, la dottoressa Lauren Howe dell'Universit\u00e0 di Zurigo. \"Quando i dipendenti sono felici, la loro produttivit\u00e0 aumenta in modo misurabile. Le aziende hanno quindi un grande incentivo a sostenere il pi\u00f9 possibile i loro dipendenti nel nuovo ambiente di lavoro\", dice Marco Meister, co-fondatore e CEO di atwork. \"In futuro, le aziende che avranno successo saranno quelle che conosceranno meglio le difficolt\u00e0 e le sfide dei loro dipendenti e reagiranno con misure mirate. Questo permetter\u00e0 loro di aumentare la produttivit\u00e0 dell'azienda e di migliorare la loro competitivit\u00e0\".<\/p>\n<p>Lo studio \u00e8 stato condotto da Lauren Howe e Jochen Menges dell'Universit\u00e0 di Zurigo e co-sviluppato dalla ZHAW e da atwork. Nel processo, 113 impiegati dell'ufficio a domicilio sono stati intervistati con quattro sondaggi ciascuno.<\/p>\n<p><em>Fonte: <a href=\"https:\/\/www.atwork.ai\/\">al lavoro<\/a><\/em><\/p>","protected":false},"excerpt":{"rendered":"<p>Wie stellen sich Mitarbeitende grunds\u00e4tzlich dem Thema Homeoffice? Welche Emotionen haben sie versp\u00fcrt, als sie im Heimb\u00fcro arbeiten mussten? Und wie stand es um ihre Produktivit\u00e4t im Homeoffice? Diese Themen wurde w\u00e4hrend f\u00fcnf Wochen von Mitte April bis Mitte Mai 2020 untersucht, in der viele Mitarbeitende wegen des Lockdowns durch COVID-19 zum ersten Mal von [&hellip;]<\/p>\n","protected":false},"author":4,"featured_media":7066,"comment_status":"closed","ping_status":"closed","sticky":false,"template":"","format":"standard","meta":{"_acf_changed":false,"_yoast_wpseo_focuskw":"Produktivit\u00e4t im Homeoffice","_yoast_wpseo_metadesc":"Die Produktivit\u00e4t im Homeoffice w\u00e4hrend der COVID-19 Pandemie korreliert stark mit dem Mindset der Mitarbeitenden. Dies best\u00e4tigt eine neue Studie.","articlekey":"","footnotes":""},"categories":[25],"tags":[51,132,251,459],"class_list":["post-7065","post","type-post","status-publish","format-standard","has-post-thumbnail","hentry","category-fit_im_job","tag-arbeitsplatzgestaltung","tag-coronavirus","tag-homeoffice","tag-studie"],"acf":[],"yoast_head":"<!-- This site is optimized with the Yoast SEO plugin v27.4 - https:\/\/yoast.com\/product\/yoast-seo-wordpress\/ -->\n<title>Produktivit\u00e4t im Homeoffice: Eine Frage der Mentalit\u00e4t - Organisator<\/title>\n<meta name=\"description\" content=\"Die Produktivit\u00e4t im Homeoffice w\u00e4hrend der COVID-19 Pandemie korreliert stark mit dem Mindset der Mitarbeitenden. Dies best\u00e4tigt eine neue Studie.\" \/>\n<meta name=\"robots\" content=\"index, follow, max-snippet:-1, max-image-preview:large, max-video-preview:-1\" \/>\n<link rel=\"canonical\" href=\"https:\/\/www.organisator.ch\/it\/risorse-umane\/fit_im_job\/2020-09-01\/produktivitaet-im-homeoffice-eine-frage-der-mentalitaet\/\" \/>\n<meta property=\"og:locale\" content=\"it_IT\" \/>\n<meta property=\"og:type\" content=\"article\" \/>\n<meta property=\"og:title\" content=\"Produktivit\u00e4t im Homeoffice: Eine Frage der Mentalit\u00e4t\" \/>\n<meta property=\"og:description\" content=\"Die Produktivit\u00e4t im Homeoffice w\u00e4hrend der COVID-19 Pandemie korreliert stark mit dem Mindset der Mitarbeitenden. Dies best\u00e4tigt eine neue Studie.\" \/>\n<meta property=\"og:url\" content=\"https:\/\/www.organisator.ch\/it\/risorse-umane\/fit_im_job\/2020-09-01\/produktivitaet-im-homeoffice-eine-frage-der-mentalitaet\/\" \/>\n<meta property=\"og:site_name\" content=\"Organisator\" \/>\n<meta property=\"article:publisher\" content=\"https:\/\/www.facebook.com\/OrganisatorFachmagazin\" \/>\n<meta property=\"article:published_time\" content=\"2020-09-01T12:11:01+00:00\" \/>\n<meta property=\"og:image\" content=\"https:\/\/www.organisator.ch\/wp-content\/uploads\/2020\/09\/Produktivitaet-im-Homeoffice-Eine-Frage-der-Mentalitaet_Organisator.jpg\" \/>\n\t<meta property=\"og:image:width\" content=\"680\" \/>\n\t<meta property=\"og:image:height\" content=\"451\" \/>\n\t<meta property=\"og:image:type\" content=\"image\/jpeg\" \/>\n<meta name=\"author\" content=\"thomas.berner\" \/>\n<meta name=\"twitter:card\" content=\"summary_large_image\" \/>\n<meta name=\"twitter:title\" content=\"Produktivit\u00e4t im #Homeoffice: Eine Frage der #Mentalit\u00e4t\" \/>\n<meta name=\"twitter:description\" content=\"Die Produktivit\u00e4t im #Homeoffice w\u00e4hrend der #COVID-19 Pandemie korreliert stark mit dem #Mindset der Mitarbeitenden. Dies best\u00e4tigt eine neue Studie.\" \/>\n<meta name=\"twitter:image\" content=\"https:\/\/www.organisator.ch\/wp-content\/uploads\/2020\/09\/Produktivitaet-im-Homeoffice-Eine-Frage-der-Mentalitaet_Organisator.jpg\" \/>\n<script type=\"application\/ld+json\" class=\"yoast-schema-graph\">{\"@context\":\"https:\\\/\\\/schema.org\",\"@graph\":[{\"@type\":\"Article\",\"@id\":\"https:\\\/\\\/www.organisator.ch\\\/human-resources\\\/fit_im_job\\\/2020-09-01\\\/produktivitaet-im-homeoffice-eine-frage-der-mentalitaet\\\/#article\",\"isPartOf\":{\"@id\":\"https:\\\/\\\/www.organisator.ch\\\/human-resources\\\/fit_im_job\\\/2020-09-01\\\/produktivitaet-im-homeoffice-eine-frage-der-mentalitaet\\\/\"},\"author\":{\"name\":\"thomas.berner\",\"@id\":\"https:\\\/\\\/www.organisator.ch\\\/#\\\/schema\\\/person\\\/6f650f90b2842cd4c0cc334b4e36f67e\"},\"headline\":\"Produktivit\u00e4t im Homeoffice: Eine Frage der Mentalit\u00e4t\",\"datePublished\":\"2020-09-01T12:11:01+00:00\",\"mainEntityOfPage\":{\"@id\":\"https:\\\/\\\/www.organisator.ch\\\/human-resources\\\/fit_im_job\\\/2020-09-01\\\/produktivitaet-im-homeoffice-eine-frage-der-mentalitaet\\\/\"},\"wordCount\":456,\"publisher\":{\"@id\":\"https:\\\/\\\/www.organisator.ch\\\/#organization\"},\"image\":{\"@id\":\"https:\\\/\\\/www.organisator.ch\\\/human-resources\\\/fit_im_job\\\/2020-09-01\\\/produktivitaet-im-homeoffice-eine-frage-der-mentalitaet\\\/#primaryimage\"},\"thumbnailUrl\":\"https:\\\/\\\/www.organisator.ch\\\/wp-content\\\/uploads\\\/2020\\\/09\\\/Produktivitaet-im-Homeoffice-Eine-Frage-der-Mentalitaet_Organisator.jpg\",\"keywords\":[\"Arbeitsplatzgestaltung\",\"Coronavirus\",\"Homeoffice\",\"Studie\"],\"articleSection\":[\"FIT IM JOB\"],\"inLanguage\":\"it-IT\"},{\"@type\":\"WebPage\",\"@id\":\"https:\\\/\\\/www.organisator.ch\\\/human-resources\\\/fit_im_job\\\/2020-09-01\\\/produktivitaet-im-homeoffice-eine-frage-der-mentalitaet\\\/\",\"url\":\"https:\\\/\\\/www.organisator.ch\\\/human-resources\\\/fit_im_job\\\/2020-09-01\\\/produktivitaet-im-homeoffice-eine-frage-der-mentalitaet\\\/\",\"name\":\"Produktivit\u00e4t im Homeoffice: Eine Frage der Mentalit\u00e4t - Organisator\",\"isPartOf\":{\"@id\":\"https:\\\/\\\/www.organisator.ch\\\/#website\"},\"primaryImageOfPage\":{\"@id\":\"https:\\\/\\\/www.organisator.ch\\\/human-resources\\\/fit_im_job\\\/2020-09-01\\\/produktivitaet-im-homeoffice-eine-frage-der-mentalitaet\\\/#primaryimage\"},\"image\":{\"@id\":\"https:\\\/\\\/www.organisator.ch\\\/human-resources\\\/fit_im_job\\\/2020-09-01\\\/produktivitaet-im-homeoffice-eine-frage-der-mentalitaet\\\/#primaryimage\"},\"thumbnailUrl\":\"https:\\\/\\\/www.organisator.ch\\\/wp-content\\\/uploads\\\/2020\\\/09\\\/Produktivitaet-im-Homeoffice-Eine-Frage-der-Mentalitaet_Organisator.jpg\",\"datePublished\":\"2020-09-01T12:11:01+00:00\",\"description\":\"Die Produktivit\u00e4t im Homeoffice w\u00e4hrend der COVID-19 Pandemie korreliert stark mit dem Mindset der Mitarbeitenden. Dies best\u00e4tigt eine neue Studie.\",\"breadcrumb\":{\"@id\":\"https:\\\/\\\/www.organisator.ch\\\/human-resources\\\/fit_im_job\\\/2020-09-01\\\/produktivitaet-im-homeoffice-eine-frage-der-mentalitaet\\\/#breadcrumb\"},\"inLanguage\":\"it-IT\",\"potentialAction\":[{\"@type\":\"ReadAction\",\"target\":[\"https:\\\/\\\/www.organisator.ch\\\/human-resources\\\/fit_im_job\\\/2020-09-01\\\/produktivitaet-im-homeoffice-eine-frage-der-mentalitaet\\\/\"]}]},{\"@type\":\"ImageObject\",\"inLanguage\":\"it-IT\",\"@id\":\"https:\\\/\\\/www.organisator.ch\\\/human-resources\\\/fit_im_job\\\/2020-09-01\\\/produktivitaet-im-homeoffice-eine-frage-der-mentalitaet\\\/#primaryimage\",\"url\":\"https:\\\/\\\/www.organisator.ch\\\/wp-content\\\/uploads\\\/2020\\\/09\\\/Produktivitaet-im-Homeoffice-Eine-Frage-der-Mentalitaet_Organisator.jpg\",\"contentUrl\":\"https:\\\/\\\/www.organisator.ch\\\/wp-content\\\/uploads\\\/2020\\\/09\\\/Produktivitaet-im-Homeoffice-Eine-Frage-der-Mentalitaet_Organisator.jpg\",\"width\":680,\"height\":451,\"caption\":\"Die Produktivit\u00e4t im Homeoffice h\u00e4ngt von verschiedenen Faktoren ab. Doch eine wichtige Rolle spielt die pers\u00f6nliche Einstellung der Mitarbeitenden, wie eine aktuelle Studie zeigt. (Bild: Pixabay.com)\"},{\"@type\":\"BreadcrumbList\",\"@id\":\"https:\\\/\\\/www.organisator.ch\\\/human-resources\\\/fit_im_job\\\/2020-09-01\\\/produktivitaet-im-homeoffice-eine-frage-der-mentalitaet\\\/#breadcrumb\",\"itemListElement\":[{\"@type\":\"ListItem\",\"position\":1,\"name\":\"Home\",\"item\":\"https:\\\/\\\/www.organisator.ch\\\/\"},{\"@type\":\"ListItem\",\"position\":2,\"name\":\"Produktivit\u00e4t im Homeoffice: Eine Frage der Mentalit\u00e4t\"}]},{\"@type\":\"WebSite\",\"@id\":\"https:\\\/\\\/www.organisator.ch\\\/#website\",\"url\":\"https:\\\/\\\/www.organisator.ch\\\/\",\"name\":\"Organisator\",\"description\":\"Kompetent. Praxisnah. Der ORGANISATOR bereitet in 10 Ausgaben pro Jahr die wesentlichen Themen f\u00fcr F\u00fchrungskr\u00e4fte von KMU auf.\",\"publisher\":{\"@id\":\"https:\\\/\\\/www.organisator.ch\\\/#organization\"},\"potentialAction\":[{\"@type\":\"SearchAction\",\"target\":{\"@type\":\"EntryPoint\",\"urlTemplate\":\"https:\\\/\\\/www.organisator.ch\\\/?s={search_term_string}\"},\"query-input\":{\"@type\":\"PropertyValueSpecification\",\"valueRequired\":true,\"valueName\":\"search_term_string\"}}],\"inLanguage\":\"it-IT\"},{\"@type\":\"Organization\",\"@id\":\"https:\\\/\\\/www.organisator.ch\\\/#organization\",\"name\":\"Organisator\",\"url\":\"https:\\\/\\\/www.organisator.ch\\\/\",\"logo\":{\"@type\":\"ImageObject\",\"inLanguage\":\"it-IT\",\"@id\":\"https:\\\/\\\/www.organisator.ch\\\/#\\\/schema\\\/logo\\\/image\\\/\",\"url\":\"https:\\\/\\\/www.organisator.ch\\\/wp-content\\\/uploads\\\/2022\\\/01\\\/Logo_Organisator_Website.png\",\"contentUrl\":\"https:\\\/\\\/www.organisator.ch\\\/wp-content\\\/uploads\\\/2022\\\/01\\\/Logo_Organisator_Website.png\",\"width\":800,\"height\":77,\"caption\":\"Organisator\"},\"image\":{\"@id\":\"https:\\\/\\\/www.organisator.ch\\\/#\\\/schema\\\/logo\\\/image\\\/\"},\"sameAs\":[\"https:\\\/\\\/www.facebook.com\\\/OrganisatorFachmagazin\",\"https:\\\/\\\/www.linkedin.com\\\/showcase\\\/organisator-das-magazin-fr-kmu\",\"https:\\\/\\\/www.xing.com\\\/news\\\/pages\\\/organisator-ch-695\",\"https:\\\/\\\/www.youtube.com\\\/channel\\\/UCGP2Sq0iWaZwT3BdIAQFYpw\"]},{\"@type\":\"Person\",\"@id\":\"https:\\\/\\\/www.organisator.ch\\\/#\\\/schema\\\/person\\\/6f650f90b2842cd4c0cc334b4e36f67e\",\"name\":\"thomas.berner\",\"image\":{\"@type\":\"ImageObject\",\"inLanguage\":\"it-IT\",\"@id\":\"https:\\\/\\\/secure.gravatar.com\\\/avatar\\\/ac5001d2a36cb6c6cd3e50789007ffca834b477b74a2144564522e944eabff61?s=96&d=mm&r=g\",\"url\":\"https:\\\/\\\/secure.gravatar.com\\\/avatar\\\/ac5001d2a36cb6c6cd3e50789007ffca834b477b74a2144564522e944eabff61?s=96&d=mm&r=g\",\"contentUrl\":\"https:\\\/\\\/secure.gravatar.com\\\/avatar\\\/ac5001d2a36cb6c6cd3e50789007ffca834b477b74a2144564522e944eabff61?s=96&d=mm&r=g\",\"caption\":\"thomas.berner\"},\"url\":\"https:\\\/\\\/www.organisator.ch\\\/it\\\/author\\\/thomas-berner\\\/\"}]}<\/script>\n<!-- \/ Yoast SEO plugin. -->","yoast_head_json":{"title":"Produttivit\u00e0 in ufficio: una questione di mentalit\u00e0 - Organiser","description":"La produttivit\u00e0 dell'ufficio domestico durante la pandemia COVID-19 \u00e8 fortemente correlata alla mentalit\u00e0 dei dipendenti. Lo conferma un nuovo studio.","robots":{"index":"index","follow":"follow","max-snippet":"max-snippet:-1","max-image-preview":"max-image-preview:large","max-video-preview":"max-video-preview:-1"},"canonical":"https:\/\/www.organisator.ch\/it\/risorse-umane\/fit_im_job\/2020-09-01\/produktivitaet-im-homeoffice-eine-frage-der-mentalitaet\/","og_locale":"it_IT","og_type":"article","og_title":"Produktivit\u00e4t im Homeoffice: Eine Frage der Mentalit\u00e4t","og_description":"Die Produktivit\u00e4t im Homeoffice w\u00e4hrend der COVID-19 Pandemie korreliert stark mit dem Mindset der Mitarbeitenden. Dies best\u00e4tigt eine neue Studie.","og_url":"https:\/\/www.organisator.ch\/it\/risorse-umane\/fit_im_job\/2020-09-01\/produktivitaet-im-homeoffice-eine-frage-der-mentalitaet\/","og_site_name":"Organisator","article_publisher":"https:\/\/www.facebook.com\/OrganisatorFachmagazin","article_published_time":"2020-09-01T12:11:01+00:00","og_image":[{"width":680,"height":451,"url":"https:\/\/www.organisator.ch\/wp-content\/uploads\/2020\/09\/Produktivitaet-im-Homeoffice-Eine-Frage-der-Mentalitaet_Organisator.jpg","type":"image\/jpeg"}],"author":"thomas.berner","twitter_card":"summary_large_image","twitter_title":"Produktivit\u00e4t im #Homeoffice: Eine Frage der #Mentalit\u00e4t","twitter_description":"Die Produktivit\u00e4t im #Homeoffice w\u00e4hrend der #COVID-19 Pandemie korreliert stark mit dem #Mindset der Mitarbeitenden. Dies best\u00e4tigt eine neue Studie.","twitter_image":"https:\/\/www.organisator.ch\/wp-content\/uploads\/2020\/09\/Produktivitaet-im-Homeoffice-Eine-Frage-der-Mentalitaet_Organisator.jpg","schema":{"@context":"https:\/\/schema.org","@graph":[{"@type":"Article","@id":"https:\/\/www.organisator.ch\/human-resources\/fit_im_job\/2020-09-01\/produktivitaet-im-homeoffice-eine-frage-der-mentalitaet\/#article","isPartOf":{"@id":"https:\/\/www.organisator.ch\/human-resources\/fit_im_job\/2020-09-01\/produktivitaet-im-homeoffice-eine-frage-der-mentalitaet\/"},"author":{"name":"thomas.berner","@id":"https:\/\/www.organisator.ch\/#\/schema\/person\/6f650f90b2842cd4c0cc334b4e36f67e"},"headline":"Produktivit\u00e4t im Homeoffice: Eine Frage der Mentalit\u00e4t","datePublished":"2020-09-01T12:11:01+00:00","mainEntityOfPage":{"@id":"https:\/\/www.organisator.ch\/human-resources\/fit_im_job\/2020-09-01\/produktivitaet-im-homeoffice-eine-frage-der-mentalitaet\/"},"wordCount":456,"publisher":{"@id":"https:\/\/www.organisator.ch\/#organization"},"image":{"@id":"https:\/\/www.organisator.ch\/human-resources\/fit_im_job\/2020-09-01\/produktivitaet-im-homeoffice-eine-frage-der-mentalitaet\/#primaryimage"},"thumbnailUrl":"https:\/\/www.organisator.ch\/wp-content\/uploads\/2020\/09\/Produktivitaet-im-Homeoffice-Eine-Frage-der-Mentalitaet_Organisator.jpg","keywords":["Arbeitsplatzgestaltung","Coronavirus","Homeoffice","Studie"],"articleSection":["FIT IM JOB"],"inLanguage":"it-IT"},{"@type":"WebPage","@id":"https:\/\/www.organisator.ch\/human-resources\/fit_im_job\/2020-09-01\/produktivitaet-im-homeoffice-eine-frage-der-mentalitaet\/","url":"https:\/\/www.organisator.ch\/human-resources\/fit_im_job\/2020-09-01\/produktivitaet-im-homeoffice-eine-frage-der-mentalitaet\/","name":"Produttivit\u00e0 in ufficio: una questione di mentalit\u00e0 - Organiser","isPartOf":{"@id":"https:\/\/www.organisator.ch\/#website"},"primaryImageOfPage":{"@id":"https:\/\/www.organisator.ch\/human-resources\/fit_im_job\/2020-09-01\/produktivitaet-im-homeoffice-eine-frage-der-mentalitaet\/#primaryimage"},"image":{"@id":"https:\/\/www.organisator.ch\/human-resources\/fit_im_job\/2020-09-01\/produktivitaet-im-homeoffice-eine-frage-der-mentalitaet\/#primaryimage"},"thumbnailUrl":"https:\/\/www.organisator.ch\/wp-content\/uploads\/2020\/09\/Produktivitaet-im-Homeoffice-Eine-Frage-der-Mentalitaet_Organisator.jpg","datePublished":"2020-09-01T12:11:01+00:00","description":"La produttivit\u00e0 dell'ufficio domestico durante la pandemia COVID-19 \u00e8 fortemente correlata alla mentalit\u00e0 dei dipendenti. Lo conferma un nuovo studio.","breadcrumb":{"@id":"https:\/\/www.organisator.ch\/human-resources\/fit_im_job\/2020-09-01\/produktivitaet-im-homeoffice-eine-frage-der-mentalitaet\/#breadcrumb"},"inLanguage":"it-IT","potentialAction":[{"@type":"ReadAction","target":["https:\/\/www.organisator.ch\/human-resources\/fit_im_job\/2020-09-01\/produktivitaet-im-homeoffice-eine-frage-der-mentalitaet\/"]}]},{"@type":"ImageObject","inLanguage":"it-IT","@id":"https:\/\/www.organisator.ch\/human-resources\/fit_im_job\/2020-09-01\/produktivitaet-im-homeoffice-eine-frage-der-mentalitaet\/#primaryimage","url":"https:\/\/www.organisator.ch\/wp-content\/uploads\/2020\/09\/Produktivitaet-im-Homeoffice-Eine-Frage-der-Mentalitaet_Organisator.jpg","contentUrl":"https:\/\/www.organisator.ch\/wp-content\/uploads\/2020\/09\/Produktivitaet-im-Homeoffice-Eine-Frage-der-Mentalitaet_Organisator.jpg","width":680,"height":451,"caption":"Die Produktivit\u00e4t im Homeoffice h\u00e4ngt von verschiedenen Faktoren ab. Doch eine wichtige Rolle spielt die pers\u00f6nliche Einstellung der Mitarbeitenden, wie eine aktuelle Studie zeigt. (Bild: Pixabay.com)"},{"@type":"BreadcrumbList","@id":"https:\/\/www.organisator.ch\/human-resources\/fit_im_job\/2020-09-01\/produktivitaet-im-homeoffice-eine-frage-der-mentalitaet\/#breadcrumb","itemListElement":[{"@type":"ListItem","position":1,"name":"Home","item":"https:\/\/www.organisator.ch\/"},{"@type":"ListItem","position":2,"name":"Produktivit\u00e4t im Homeoffice: Eine Frage der Mentalit\u00e4t"}]},{"@type":"WebSite","@id":"https:\/\/www.organisator.ch\/#website","url":"https:\/\/www.organisator.ch\/","name":"Organizzatore","description":"Competente. Pratico. In 10 numeri all'anno, ORGANISATOR presenta i temi essenziali per i manager delle PMI.","publisher":{"@id":"https:\/\/www.organisator.ch\/#organization"},"potentialAction":[{"@type":"SearchAction","target":{"@type":"EntryPoint","urlTemplate":"https:\/\/www.organisator.ch\/?s={search_term_string}"},"query-input":{"@type":"PropertyValueSpecification","valueRequired":true,"valueName":"search_term_string"}}],"inLanguage":"it-IT"},{"@type":"Organization","@id":"https:\/\/www.organisator.ch\/#organization","name":"Organizzatore","url":"https:\/\/www.organisator.ch\/","logo":{"@type":"ImageObject","inLanguage":"it-IT","@id":"https:\/\/www.organisator.ch\/#\/schema\/logo\/image\/","url":"https:\/\/www.organisator.ch\/wp-content\/uploads\/2022\/01\/Logo_Organisator_Website.png","contentUrl":"https:\/\/www.organisator.ch\/wp-content\/uploads\/2022\/01\/Logo_Organisator_Website.png","width":800,"height":77,"caption":"Organisator"},"image":{"@id":"https:\/\/www.organisator.ch\/#\/schema\/logo\/image\/"},"sameAs":["https:\/\/www.facebook.com\/OrganisatorFachmagazin","https:\/\/www.linkedin.com\/showcase\/organisator-das-magazin-fr-kmu","https:\/\/www.xing.com\/news\/pages\/organisator-ch-695","https:\/\/www.youtube.com\/channel\/UCGP2Sq0iWaZwT3BdIAQFYpw"]},{"@type":"Person","@id":"https:\/\/www.organisator.ch\/#\/schema\/person\/6f650f90b2842cd4c0cc334b4e36f67e","name":"Tommaso.berner","image":{"@type":"ImageObject","inLanguage":"it-IT","@id":"https:\/\/secure.gravatar.com\/avatar\/ac5001d2a36cb6c6cd3e50789007ffca834b477b74a2144564522e944eabff61?s=96&d=mm&r=g","url":"https:\/\/secure.gravatar.com\/avatar\/ac5001d2a36cb6c6cd3e50789007ffca834b477b74a2144564522e944eabff61?s=96&d=mm&r=g","contentUrl":"https:\/\/secure.gravatar.com\/avatar\/ac5001d2a36cb6c6cd3e50789007ffca834b477b74a2144564522e944eabff61?s=96&d=mm&r=g","caption":"thomas.berner"},"url":"https:\/\/www.organisator.ch\/it\/author\/thomas-berner\/"}]}},"_links":{"self":[{"href":"https:\/\/www.organisator.ch\/it\/wp-json\/wp\/v2\/posts\/7065","targetHints":{"allow":["GET"]}}],"collection":[{"href":"https:\/\/www.organisator.ch\/it\/wp-json\/wp\/v2\/posts"}],"about":[{"href":"https:\/\/www.organisator.ch\/it\/wp-json\/wp\/v2\/types\/post"}],"author":[{"embeddable":true,"href":"https:\/\/www.organisator.ch\/it\/wp-json\/wp\/v2\/users\/4"}],"replies":[{"embeddable":true,"href":"https:\/\/www.organisator.ch\/it\/wp-json\/wp\/v2\/comments?post=7065"}],"version-history":[{"count":0,"href":"https:\/\/www.organisator.ch\/it\/wp-json\/wp\/v2\/posts\/7065\/revisions"}],"wp:featuredmedia":[{"embeddable":true,"href":"https:\/\/www.organisator.ch\/it\/wp-json\/wp\/v2\/media\/7066"}],"wp:attachment":[{"href":"https:\/\/www.organisator.ch\/it\/wp-json\/wp\/v2\/media?parent=7065"}],"wp:term":[{"taxonomy":"category","embeddable":true,"href":"https:\/\/www.organisator.ch\/it\/wp-json\/wp\/v2\/categories?post=7065"},{"taxonomy":"post_tag","embeddable":true,"href":"https:\/\/www.organisator.ch\/it\/wp-json\/wp\/v2\/tags?post=7065"}],"curies":[{"name":"wp","href":"https:\/\/api.w.org\/{rel}","templated":true}]}}