{"id":7068,"date":"2020-09-01T14:25:30","date_gmt":"2020-09-01T12:25:30","guid":{"rendered":"https:\/\/www.organisator.ch\/?p=7068"},"modified":"2020-09-01T14:25:30","modified_gmt":"2020-09-01T12:25:30","slug":"die-weiblichsten-unternehmen-2020-in-der-schweiz","status":"publish","type":"post","link":"https:\/\/www.organisator.ch\/it\/management\/2020-09-01\/die-weiblichsten-unternehmen-2020-in-der-schweiz\/","title":{"rendered":"Le aziende pi\u00f9 femminili in Svizzera nel 2020"},"content":{"rendered":"<p>Queste sono le aziende pi\u00f9 femminili in Svizzera nel 2020: Adval Tech (settore: industria), IKEA (settore: beni di consumo &amp; retail), Biogen Switzerland (settore: scienze della vita), Sympany (settore: assicurazioni) e l'Ufficio federale del personale (settore: aziende federali) Zuger Kantonalbank (settore: banche) Ringier (settore: ICT) Der Touristik Suisse (settore: trasporti\/logistica\/turismo) sono leader nel loro settore e hanno attualmente la pi\u00f9 alta percentuale di donne nel consiglio di amministrazione. Biogen con una quota di donne nel consiglio di amministrazione di 70%, Pfizer con 57%, cos\u00ec come dsm, Eidg. Personalamt, Der Touristik Suisse con 50% guidano la classifica generale delle 270 aziende intervistate.<\/p>\n<h2>Le aziende pi\u00f9 femminili 2020: la lista<\/h2>\n<figure id=\"attachment_7069\" aria-describedby=\"caption-attachment-7069\" style=\"width: 680px\" class=\"wp-caption alignnone\"><img loading=\"lazy\" decoding=\"async\" class=\"size-medium wp-image-7069\" src=\"https:\/\/www.organisator.ch\/wp-content\/uploads\/2020\/09\/Die-weiblichsten-Unternehmen-2020-in-der-Schweiz_Organisator.jpg\" alt=\"\" width=\"680\" height=\"418\" srcset=\"https:\/\/www.organisator.ch\/wp-content\/uploads\/2020\/09\/Die-weiblichsten-Unternehmen-2020-in-der-Schweiz_Organisator.jpg 680w, https:\/\/www.organisator.ch\/wp-content\/uploads\/2020\/09\/Die-weiblichsten-Unternehmen-2020-in-der-Schweiz_Organisator-16x10.jpg 16w, https:\/\/www.organisator.ch\/wp-content\/uploads\/2020\/09\/Die-weiblichsten-Unternehmen-2020-in-der-Schweiz_Organisator-285x175.jpg 285w, https:\/\/www.organisator.ch\/wp-content\/uploads\/2020\/09\/Die-weiblichsten-Unternehmen-2020-in-der-Schweiz_Organisator-569x350.jpg 569w, https:\/\/www.organisator.ch\/wp-content\/uploads\/2020\/09\/Die-weiblichsten-Unternehmen-2020-in-der-Schweiz_Organisator-300x184.jpg 300w\" sizes=\"auto, (max-width: 680px) 100vw, 680px\" \/><figcaption id=\"caption-attachment-7069\" class=\"wp-caption-text\">(Fonte: DOIT smart Gender Diversity Consulting)<\/figcaption><\/figure>\n<p>L'analisi si basa sui dati pubblicamente disponibili delle aziende ed \u00e8 stata condotta tra gennaio e agosto 2020.<\/p>\n<h2>I consigli di amministrazione sono pi\u00f9 femminili dei consigli esecutivi<\/h2>\n<p>La proporzione di donne \u00e8 leggermente aumentata rispetto al primo sondaggio (2018) e ora \u00e8 di 10%. Questa \u00e8 una tendenza piacevole, che \u00e8 anche confermata dall'attuale rapporto Schilling. Ciononostante, in pi\u00f9 della met\u00e0 delle aziende studiate, si cerca invano la presenza di donne nel consiglio di amministrazione. La situazione \u00e8 migliore nei consigli di amministrazione, con almeno 85% delle aziende intervistate che hanno almeno una donna nel consiglio.<\/p>\n<p>In un confronto settoriale, le aziende federali sono le meglio posizionate con una quota media di donne nel GL di 22%. Il settore delle scienze della vita segue con 18% e le assicurazioni con 13%. Nel settore dei beni di consumo e del commercio al dettaglio, cos\u00ec come nelle banche, il rapporto \u00e8 10%. L'ICT, cos\u00ec come il settore dei trasporti, della logistica e del turismo, hanno una quota media di donne di 9%. Il settore industriale \u00e8 in coda con solo 5%.<\/p>\n<p>Di solito non c'\u00e8 l'intenzione diretta di mantenere deliberatamente bassa la proporzione di donne nel management. Tuttavia, molte aziende hanno poca voglia di rimediare a questa situazione. Stereotipi e pregiudizi sono spesso fortemente pronunciati e questi schemi di pensiero inconsci possono difficilmente essere superati con metodi convenzionali.<\/p>\n<p><em>Una panoramica delle aziende (inclusa la classifica) \u00e8 disponibile sulla Homepage di DOIT-smart <a href=\"http:\/\/www.doit-smart.org\/frauenanteil-uebersicht\/\">http:\/\/www.doit-smart.org\/frauenanteil-uebersicht\/<\/a> pubblicato.<\/em><\/p>","protected":false},"excerpt":{"rendered":"<p>Das sind die weiblichsten Unternehmen 2020 in der Schweiz: Adval Tech (Branche: Industrie), IKEA (Branche: Konsumg\u00fcter &amp; Retail), Biogen Schweiz (Branche: Life Sciences), Sympany (Branche: Versicherungen) sowie Eidg. Personalamt (Branche: Bundesnahe Unternehmen) Zuger Kantonalbank (Branche Banken) Ringier (Branche ICT) Der Touristik Suisse (Branche Transport\/Logistik\/Tourismus) sind die Spitzenreiter ihrer Branche und weisen aktuell die h\u00f6chsten Frauenanteile [&hellip;]<\/p>\n","protected":false},"author":4,"featured_media":7069,"comment_status":"closed","ping_status":"closed","sticky":false,"template":"","format":"standard","meta":{"_acf_changed":false,"_yoast_wpseo_focuskw":"Die weiblichsten Unternehmen 2020","_yoast_wpseo_metadesc":"Wer sind die weiblichsten Unternehmen 2020 in der Schweiz? Dies untersucht im Zweijahresrhythmus das Gender Diversity Beratungsunternehmen DOIT-smart.","articlekey":"","footnotes":""},"categories":[28],"tags":[159,335,459],"class_list":["post-7068","post","type-post","status-publish","format-standard","has-post-thumbnail","hentry","category-management","tag-diversity","tag-management-und-unternehmensfuehrung","tag-studie"],"acf":[],"yoast_head":"<!-- This site is optimized with the Yoast SEO plugin v27.4 - https:\/\/yoast.com\/product\/yoast-seo-wordpress\/ -->\n<title>Die weiblichsten Unternehmen 2020 in der Schweiz - Organisator<\/title>\n<meta name=\"description\" content=\"Wer sind die weiblichsten Unternehmen 2020 in der Schweiz? Dies untersucht im Zweijahresrhythmus das Gender Diversity Beratungsunternehmen DOIT-smart.\" \/>\n<meta name=\"robots\" content=\"index, follow, max-snippet:-1, max-image-preview:large, max-video-preview:-1\" \/>\n<link rel=\"canonical\" href=\"https:\/\/www.organisator.ch\/it\/gestione-2\/2020-09-01\/die-weiblichsten-unternehmen-2020-in-der-schweiz\/\" \/>\n<meta property=\"og:locale\" content=\"it_IT\" \/>\n<meta property=\"og:type\" content=\"article\" \/>\n<meta property=\"og:title\" content=\"Die weiblichsten Unternehmen 2020 in der Schweiz\" \/>\n<meta property=\"og:description\" content=\"Wer sind die weiblichsten Unternehmen 2020 in der Schweiz? Dies untersucht im Zweijahresrhythmus das Gender Diversity Beratungsunternehmen DOIT-smart.\" \/>\n<meta property=\"og:url\" content=\"https:\/\/www.organisator.ch\/it\/gestione-2\/2020-09-01\/die-weiblichsten-unternehmen-2020-in-der-schweiz\/\" \/>\n<meta property=\"og:site_name\" content=\"Organisator\" \/>\n<meta property=\"article:publisher\" content=\"https:\/\/www.facebook.com\/OrganisatorFachmagazin\" \/>\n<meta property=\"article:published_time\" content=\"2020-09-01T12:25:30+00:00\" \/>\n<meta property=\"og:image\" content=\"https:\/\/www.organisator.ch\/wp-content\/uploads\/2020\/09\/Die-weiblichsten-Unternehmen-2020-in-der-Schweiz_Organisator.jpg\" \/>\n\t<meta property=\"og:image:width\" content=\"680\" \/>\n\t<meta property=\"og:image:height\" content=\"418\" \/>\n\t<meta property=\"og:image:type\" content=\"image\/jpeg\" \/>\n<meta name=\"author\" content=\"thomas.berner\" \/>\n<meta name=\"twitter:card\" content=\"summary_large_image\" \/>\n<meta name=\"twitter:title\" content=\"Die weiblichsten Unternehmen 2020 in der Schweiz\" \/>\n<meta name=\"twitter:description\" content=\"Wer sind die weiblichsten Unternehmen 2020 in der Schweiz? Dies untersucht im Zweijahresrhythmus das Gender Diversity Beratungsunternehmen DOIT-smart.\" \/>\n<meta name=\"twitter:image\" content=\"https:\/\/www.organisator.ch\/wp-content\/uploads\/2020\/09\/Die-weiblichsten-Unternehmen-2020-in-der-Schweiz_Organisator.jpg\" \/>\n<script type=\"application\/ld+json\" class=\"yoast-schema-graph\">{\"@context\":\"https:\\\/\\\/schema.org\",\"@graph\":[{\"@type\":\"Article\",\"@id\":\"https:\\\/\\\/www.organisator.ch\\\/management\\\/2020-09-01\\\/die-weiblichsten-unternehmen-2020-in-der-schweiz\\\/#article\",\"isPartOf\":{\"@id\":\"https:\\\/\\\/www.organisator.ch\\\/management\\\/2020-09-01\\\/die-weiblichsten-unternehmen-2020-in-der-schweiz\\\/\"},\"author\":{\"name\":\"thomas.berner\",\"@id\":\"https:\\\/\\\/www.organisator.ch\\\/#\\\/schema\\\/person\\\/6f650f90b2842cd4c0cc334b4e36f67e\"},\"headline\":\"Die weiblichsten Unternehmen 2020 in der Schweiz\",\"datePublished\":\"2020-09-01T12:25:30+00:00\",\"mainEntityOfPage\":{\"@id\":\"https:\\\/\\\/www.organisator.ch\\\/management\\\/2020-09-01\\\/die-weiblichsten-unternehmen-2020-in-der-schweiz\\\/\"},\"wordCount\":326,\"publisher\":{\"@id\":\"https:\\\/\\\/www.organisator.ch\\\/#organization\"},\"image\":{\"@id\":\"https:\\\/\\\/www.organisator.ch\\\/management\\\/2020-09-01\\\/die-weiblichsten-unternehmen-2020-in-der-schweiz\\\/#primaryimage\"},\"thumbnailUrl\":\"https:\\\/\\\/www.organisator.ch\\\/wp-content\\\/uploads\\\/2020\\\/09\\\/Die-weiblichsten-Unternehmen-2020-in-der-Schweiz_Organisator.jpg\",\"keywords\":[\"Diversity\",\"Management und Unternehmensf\u00fchrung\",\"Studie\"],\"articleSection\":[\"MANAGEMENT\"],\"inLanguage\":\"it-IT\"},{\"@type\":\"WebPage\",\"@id\":\"https:\\\/\\\/www.organisator.ch\\\/management\\\/2020-09-01\\\/die-weiblichsten-unternehmen-2020-in-der-schweiz\\\/\",\"url\":\"https:\\\/\\\/www.organisator.ch\\\/management\\\/2020-09-01\\\/die-weiblichsten-unternehmen-2020-in-der-schweiz\\\/\",\"name\":\"Die weiblichsten Unternehmen 2020 in der Schweiz - Organisator\",\"isPartOf\":{\"@id\":\"https:\\\/\\\/www.organisator.ch\\\/#website\"},\"primaryImageOfPage\":{\"@id\":\"https:\\\/\\\/www.organisator.ch\\\/management\\\/2020-09-01\\\/die-weiblichsten-unternehmen-2020-in-der-schweiz\\\/#primaryimage\"},\"image\":{\"@id\":\"https:\\\/\\\/www.organisator.ch\\\/management\\\/2020-09-01\\\/die-weiblichsten-unternehmen-2020-in-der-schweiz\\\/#primaryimage\"},\"thumbnailUrl\":\"https:\\\/\\\/www.organisator.ch\\\/wp-content\\\/uploads\\\/2020\\\/09\\\/Die-weiblichsten-Unternehmen-2020-in-der-Schweiz_Organisator.jpg\",\"datePublished\":\"2020-09-01T12:25:30+00:00\",\"description\":\"Wer sind die weiblichsten Unternehmen 2020 in der Schweiz? Dies untersucht im Zweijahresrhythmus das Gender Diversity Beratungsunternehmen DOIT-smart.\",\"breadcrumb\":{\"@id\":\"https:\\\/\\\/www.organisator.ch\\\/management\\\/2020-09-01\\\/die-weiblichsten-unternehmen-2020-in-der-schweiz\\\/#breadcrumb\"},\"inLanguage\":\"it-IT\",\"potentialAction\":[{\"@type\":\"ReadAction\",\"target\":[\"https:\\\/\\\/www.organisator.ch\\\/management\\\/2020-09-01\\\/die-weiblichsten-unternehmen-2020-in-der-schweiz\\\/\"]}]},{\"@type\":\"ImageObject\",\"inLanguage\":\"it-IT\",\"@id\":\"https:\\\/\\\/www.organisator.ch\\\/management\\\/2020-09-01\\\/die-weiblichsten-unternehmen-2020-in-der-schweiz\\\/#primaryimage\",\"url\":\"https:\\\/\\\/www.organisator.ch\\\/wp-content\\\/uploads\\\/2020\\\/09\\\/Die-weiblichsten-Unternehmen-2020-in-der-Schweiz_Organisator.jpg\",\"contentUrl\":\"https:\\\/\\\/www.organisator.ch\\\/wp-content\\\/uploads\\\/2020\\\/09\\\/Die-weiblichsten-Unternehmen-2020-in-der-Schweiz_Organisator.jpg\",\"width\":680,\"height\":418,\"caption\":\"(Quelle: DOIT smart Gender Diversity Consulting)\"},{\"@type\":\"BreadcrumbList\",\"@id\":\"https:\\\/\\\/www.organisator.ch\\\/management\\\/2020-09-01\\\/die-weiblichsten-unternehmen-2020-in-der-schweiz\\\/#breadcrumb\",\"itemListElement\":[{\"@type\":\"ListItem\",\"position\":1,\"name\":\"Home\",\"item\":\"https:\\\/\\\/www.organisator.ch\\\/\"},{\"@type\":\"ListItem\",\"position\":2,\"name\":\"Die weiblichsten Unternehmen 2020 in der Schweiz\"}]},{\"@type\":\"WebSite\",\"@id\":\"https:\\\/\\\/www.organisator.ch\\\/#website\",\"url\":\"https:\\\/\\\/www.organisator.ch\\\/\",\"name\":\"Organisator\",\"description\":\"Kompetent. Praxisnah. Der ORGANISATOR bereitet in 10 Ausgaben pro Jahr die wesentlichen Themen f\u00fcr F\u00fchrungskr\u00e4fte von KMU auf.\",\"publisher\":{\"@id\":\"https:\\\/\\\/www.organisator.ch\\\/#organization\"},\"potentialAction\":[{\"@type\":\"SearchAction\",\"target\":{\"@type\":\"EntryPoint\",\"urlTemplate\":\"https:\\\/\\\/www.organisator.ch\\\/?s={search_term_string}\"},\"query-input\":{\"@type\":\"PropertyValueSpecification\",\"valueRequired\":true,\"valueName\":\"search_term_string\"}}],\"inLanguage\":\"it-IT\"},{\"@type\":\"Organization\",\"@id\":\"https:\\\/\\\/www.organisator.ch\\\/#organization\",\"name\":\"Organisator\",\"url\":\"https:\\\/\\\/www.organisator.ch\\\/\",\"logo\":{\"@type\":\"ImageObject\",\"inLanguage\":\"it-IT\",\"@id\":\"https:\\\/\\\/www.organisator.ch\\\/#\\\/schema\\\/logo\\\/image\\\/\",\"url\":\"https:\\\/\\\/www.organisator.ch\\\/wp-content\\\/uploads\\\/2022\\\/01\\\/Logo_Organisator_Website.png\",\"contentUrl\":\"https:\\\/\\\/www.organisator.ch\\\/wp-content\\\/uploads\\\/2022\\\/01\\\/Logo_Organisator_Website.png\",\"width\":800,\"height\":77,\"caption\":\"Organisator\"},\"image\":{\"@id\":\"https:\\\/\\\/www.organisator.ch\\\/#\\\/schema\\\/logo\\\/image\\\/\"},\"sameAs\":[\"https:\\\/\\\/www.facebook.com\\\/OrganisatorFachmagazin\",\"https:\\\/\\\/www.linkedin.com\\\/showcase\\\/organisator-das-magazin-fr-kmu\",\"https:\\\/\\\/www.xing.com\\\/news\\\/pages\\\/organisator-ch-695\",\"https:\\\/\\\/www.youtube.com\\\/channel\\\/UCGP2Sq0iWaZwT3BdIAQFYpw\"]},{\"@type\":\"Person\",\"@id\":\"https:\\\/\\\/www.organisator.ch\\\/#\\\/schema\\\/person\\\/6f650f90b2842cd4c0cc334b4e36f67e\",\"name\":\"thomas.berner\",\"image\":{\"@type\":\"ImageObject\",\"inLanguage\":\"it-IT\",\"@id\":\"https:\\\/\\\/secure.gravatar.com\\\/avatar\\\/ac5001d2a36cb6c6cd3e50789007ffca834b477b74a2144564522e944eabff61?s=96&d=mm&r=g\",\"url\":\"https:\\\/\\\/secure.gravatar.com\\\/avatar\\\/ac5001d2a36cb6c6cd3e50789007ffca834b477b74a2144564522e944eabff61?s=96&d=mm&r=g\",\"contentUrl\":\"https:\\\/\\\/secure.gravatar.com\\\/avatar\\\/ac5001d2a36cb6c6cd3e50789007ffca834b477b74a2144564522e944eabff61?s=96&d=mm&r=g\",\"caption\":\"thomas.berner\"},\"url\":\"https:\\\/\\\/www.organisator.ch\\\/it\\\/author\\\/thomas-berner\\\/\"}]}<\/script>\n<!-- \/ Yoast SEO plugin. -->","yoast_head_json":{"title":"Le aziende pi\u00f9 femminili 2020 in Svizzera - Organizzatore","description":"Quali sono le aziende pi\u00f9 femminili in Svizzera nel 2020? Questo \u00e8 ci\u00f2 che la societ\u00e0 di consulenza sulla diversit\u00e0 di genere DOIT-smart studia ogni due anni.","robots":{"index":"index","follow":"follow","max-snippet":"max-snippet:-1","max-image-preview":"max-image-preview:large","max-video-preview":"max-video-preview:-1"},"canonical":"https:\/\/www.organisator.ch\/it\/gestione-2\/2020-09-01\/die-weiblichsten-unternehmen-2020-in-der-schweiz\/","og_locale":"it_IT","og_type":"article","og_title":"Die weiblichsten Unternehmen 2020 in der Schweiz","og_description":"Wer sind die weiblichsten Unternehmen 2020 in der Schweiz? Dies untersucht im Zweijahresrhythmus das Gender Diversity Beratungsunternehmen DOIT-smart.","og_url":"https:\/\/www.organisator.ch\/it\/gestione-2\/2020-09-01\/die-weiblichsten-unternehmen-2020-in-der-schweiz\/","og_site_name":"Organisator","article_publisher":"https:\/\/www.facebook.com\/OrganisatorFachmagazin","article_published_time":"2020-09-01T12:25:30+00:00","og_image":[{"width":680,"height":418,"url":"https:\/\/www.organisator.ch\/wp-content\/uploads\/2020\/09\/Die-weiblichsten-Unternehmen-2020-in-der-Schweiz_Organisator.jpg","type":"image\/jpeg"}],"author":"thomas.berner","twitter_card":"summary_large_image","twitter_title":"Die weiblichsten Unternehmen 2020 in der Schweiz","twitter_description":"Wer sind die weiblichsten Unternehmen 2020 in der Schweiz? Dies untersucht im Zweijahresrhythmus das Gender Diversity Beratungsunternehmen DOIT-smart.","twitter_image":"https:\/\/www.organisator.ch\/wp-content\/uploads\/2020\/09\/Die-weiblichsten-Unternehmen-2020-in-der-Schweiz_Organisator.jpg","schema":{"@context":"https:\/\/schema.org","@graph":[{"@type":"Article","@id":"https:\/\/www.organisator.ch\/management\/2020-09-01\/die-weiblichsten-unternehmen-2020-in-der-schweiz\/#article","isPartOf":{"@id":"https:\/\/www.organisator.ch\/management\/2020-09-01\/die-weiblichsten-unternehmen-2020-in-der-schweiz\/"},"author":{"name":"thomas.berner","@id":"https:\/\/www.organisator.ch\/#\/schema\/person\/6f650f90b2842cd4c0cc334b4e36f67e"},"headline":"Die weiblichsten Unternehmen 2020 in der Schweiz","datePublished":"2020-09-01T12:25:30+00:00","mainEntityOfPage":{"@id":"https:\/\/www.organisator.ch\/management\/2020-09-01\/die-weiblichsten-unternehmen-2020-in-der-schweiz\/"},"wordCount":326,"publisher":{"@id":"https:\/\/www.organisator.ch\/#organization"},"image":{"@id":"https:\/\/www.organisator.ch\/management\/2020-09-01\/die-weiblichsten-unternehmen-2020-in-der-schweiz\/#primaryimage"},"thumbnailUrl":"https:\/\/www.organisator.ch\/wp-content\/uploads\/2020\/09\/Die-weiblichsten-Unternehmen-2020-in-der-Schweiz_Organisator.jpg","keywords":["Diversity","Management und Unternehmensf\u00fchrung","Studie"],"articleSection":["MANAGEMENT"],"inLanguage":"it-IT"},{"@type":"WebPage","@id":"https:\/\/www.organisator.ch\/management\/2020-09-01\/die-weiblichsten-unternehmen-2020-in-der-schweiz\/","url":"https:\/\/www.organisator.ch\/management\/2020-09-01\/die-weiblichsten-unternehmen-2020-in-der-schweiz\/","name":"Le aziende pi\u00f9 femminili 2020 in Svizzera - Organizzatore","isPartOf":{"@id":"https:\/\/www.organisator.ch\/#website"},"primaryImageOfPage":{"@id":"https:\/\/www.organisator.ch\/management\/2020-09-01\/die-weiblichsten-unternehmen-2020-in-der-schweiz\/#primaryimage"},"image":{"@id":"https:\/\/www.organisator.ch\/management\/2020-09-01\/die-weiblichsten-unternehmen-2020-in-der-schweiz\/#primaryimage"},"thumbnailUrl":"https:\/\/www.organisator.ch\/wp-content\/uploads\/2020\/09\/Die-weiblichsten-Unternehmen-2020-in-der-Schweiz_Organisator.jpg","datePublished":"2020-09-01T12:25:30+00:00","description":"Quali sono le aziende pi\u00f9 femminili in Svizzera nel 2020? Questo \u00e8 ci\u00f2 che la societ\u00e0 di consulenza sulla diversit\u00e0 di genere DOIT-smart studia ogni due anni.","breadcrumb":{"@id":"https:\/\/www.organisator.ch\/management\/2020-09-01\/die-weiblichsten-unternehmen-2020-in-der-schweiz\/#breadcrumb"},"inLanguage":"it-IT","potentialAction":[{"@type":"ReadAction","target":["https:\/\/www.organisator.ch\/management\/2020-09-01\/die-weiblichsten-unternehmen-2020-in-der-schweiz\/"]}]},{"@type":"ImageObject","inLanguage":"it-IT","@id":"https:\/\/www.organisator.ch\/management\/2020-09-01\/die-weiblichsten-unternehmen-2020-in-der-schweiz\/#primaryimage","url":"https:\/\/www.organisator.ch\/wp-content\/uploads\/2020\/09\/Die-weiblichsten-Unternehmen-2020-in-der-Schweiz_Organisator.jpg","contentUrl":"https:\/\/www.organisator.ch\/wp-content\/uploads\/2020\/09\/Die-weiblichsten-Unternehmen-2020-in-der-Schweiz_Organisator.jpg","width":680,"height":418,"caption":"(Quelle: DOIT smart Gender Diversity Consulting)"},{"@type":"BreadcrumbList","@id":"https:\/\/www.organisator.ch\/management\/2020-09-01\/die-weiblichsten-unternehmen-2020-in-der-schweiz\/#breadcrumb","itemListElement":[{"@type":"ListItem","position":1,"name":"Home","item":"https:\/\/www.organisator.ch\/"},{"@type":"ListItem","position":2,"name":"Die weiblichsten Unternehmen 2020 in der Schweiz"}]},{"@type":"WebSite","@id":"https:\/\/www.organisator.ch\/#website","url":"https:\/\/www.organisator.ch\/","name":"Organizzatore","description":"Competente. Pratico. In 10 numeri all'anno, ORGANISATOR presenta i temi essenziali per i manager delle PMI.","publisher":{"@id":"https:\/\/www.organisator.ch\/#organization"},"potentialAction":[{"@type":"SearchAction","target":{"@type":"EntryPoint","urlTemplate":"https:\/\/www.organisator.ch\/?s={search_term_string}"},"query-input":{"@type":"PropertyValueSpecification","valueRequired":true,"valueName":"search_term_string"}}],"inLanguage":"it-IT"},{"@type":"Organization","@id":"https:\/\/www.organisator.ch\/#organization","name":"Organizzatore","url":"https:\/\/www.organisator.ch\/","logo":{"@type":"ImageObject","inLanguage":"it-IT","@id":"https:\/\/www.organisator.ch\/#\/schema\/logo\/image\/","url":"https:\/\/www.organisator.ch\/wp-content\/uploads\/2022\/01\/Logo_Organisator_Website.png","contentUrl":"https:\/\/www.organisator.ch\/wp-content\/uploads\/2022\/01\/Logo_Organisator_Website.png","width":800,"height":77,"caption":"Organisator"},"image":{"@id":"https:\/\/www.organisator.ch\/#\/schema\/logo\/image\/"},"sameAs":["https:\/\/www.facebook.com\/OrganisatorFachmagazin","https:\/\/www.linkedin.com\/showcase\/organisator-das-magazin-fr-kmu","https:\/\/www.xing.com\/news\/pages\/organisator-ch-695","https:\/\/www.youtube.com\/channel\/UCGP2Sq0iWaZwT3BdIAQFYpw"]},{"@type":"Person","@id":"https:\/\/www.organisator.ch\/#\/schema\/person\/6f650f90b2842cd4c0cc334b4e36f67e","name":"Tommaso.berner","image":{"@type":"ImageObject","inLanguage":"it-IT","@id":"https:\/\/secure.gravatar.com\/avatar\/ac5001d2a36cb6c6cd3e50789007ffca834b477b74a2144564522e944eabff61?s=96&d=mm&r=g","url":"https:\/\/secure.gravatar.com\/avatar\/ac5001d2a36cb6c6cd3e50789007ffca834b477b74a2144564522e944eabff61?s=96&d=mm&r=g","contentUrl":"https:\/\/secure.gravatar.com\/avatar\/ac5001d2a36cb6c6cd3e50789007ffca834b477b74a2144564522e944eabff61?s=96&d=mm&r=g","caption":"thomas.berner"},"url":"https:\/\/www.organisator.ch\/it\/author\/thomas-berner\/"}]}},"_links":{"self":[{"href":"https:\/\/www.organisator.ch\/it\/wp-json\/wp\/v2\/posts\/7068","targetHints":{"allow":["GET"]}}],"collection":[{"href":"https:\/\/www.organisator.ch\/it\/wp-json\/wp\/v2\/posts"}],"about":[{"href":"https:\/\/www.organisator.ch\/it\/wp-json\/wp\/v2\/types\/post"}],"author":[{"embeddable":true,"href":"https:\/\/www.organisator.ch\/it\/wp-json\/wp\/v2\/users\/4"}],"replies":[{"embeddable":true,"href":"https:\/\/www.organisator.ch\/it\/wp-json\/wp\/v2\/comments?post=7068"}],"version-history":[{"count":0,"href":"https:\/\/www.organisator.ch\/it\/wp-json\/wp\/v2\/posts\/7068\/revisions"}],"wp:featuredmedia":[{"embeddable":true,"href":"https:\/\/www.organisator.ch\/it\/wp-json\/wp\/v2\/media\/7069"}],"wp:attachment":[{"href":"https:\/\/www.organisator.ch\/it\/wp-json\/wp\/v2\/media?parent=7068"}],"wp:term":[{"taxonomy":"category","embeddable":true,"href":"https:\/\/www.organisator.ch\/it\/wp-json\/wp\/v2\/categories?post=7068"},{"taxonomy":"post_tag","embeddable":true,"href":"https:\/\/www.organisator.ch\/it\/wp-json\/wp\/v2\/tags?post=7068"}],"curies":[{"name":"wp","href":"https:\/\/api.w.org\/{rel}","templated":true}]}}