{"id":7071,"date":"2020-09-04T09:59:37","date_gmt":"2020-09-04T07:59:37","guid":{"rendered":"https:\/\/www.organisator.ch\/?p=7071"},"modified":"2020-09-04T09:59:37","modified_gmt":"2020-09-04T07:59:37","slug":"kmu-swiss-podium-2020-kultur-ist-keine-projektarbeit","status":"publish","type":"post","link":"https:\/\/www.organisator.ch\/it\/management\/2020-09-04\/kmu-swiss-podium-2020-kultur-ist-keine-projektarbeit\/","title":{"rendered":"KMU Swiss Podium 2020: \"La cultura non \u00e8 un lavoro a progetto\"."},"content":{"rendered":"<figure id=\"attachment_7072\" aria-describedby=\"caption-attachment-7072\" style=\"width: 680px\" class=\"wp-caption alignnone\"><img loading=\"lazy\" decoding=\"async\" class=\"size-medium wp-image-7072\" src=\"https:\/\/www.organisator.ch\/wp-content\/uploads\/2020\/09\/KMU-Swiss-Podium-2020-Kultur-ist-keine-Projektarbeit-1_Organisator.jpg\" alt=\"\" width=\"680\" height=\"452\" srcset=\"https:\/\/www.organisator.ch\/wp-content\/uploads\/2020\/09\/KMU-Swiss-Podium-2020-Kultur-ist-keine-Projektarbeit-1_Organisator.jpg 680w, https:\/\/www.organisator.ch\/wp-content\/uploads\/2020\/09\/KMU-Swiss-Podium-2020-Kultur-ist-keine-Projektarbeit-1_Organisator-16x12.jpg 16w, https:\/\/www.organisator.ch\/wp-content\/uploads\/2020\/09\/KMU-Swiss-Podium-2020-Kultur-ist-keine-Projektarbeit-1_Organisator-263x175.jpg 263w, https:\/\/www.organisator.ch\/wp-content\/uploads\/2020\/09\/KMU-Swiss-Podium-2020-Kultur-ist-keine-Projektarbeit-1_Organisator-527x350.jpg 527w, https:\/\/www.organisator.ch\/wp-content\/uploads\/2020\/09\/KMU-Swiss-Podium-2020-Kultur-ist-keine-Projektarbeit-1_Organisator-300x199.jpg 300w\" sizes=\"auto, (max-width: 680px) 100vw, 680px\" \/><figcaption id=\"caption-attachment-7072\" class=\"wp-caption-text\">Armin Baumann d\u00e0 il benvenuto agli ospiti e ai relatori del KMU Swiss Podium 2020. (Foto: Thomas Berner)<\/figcaption><\/figure>\n<p>Lo hanno notato sia l'organizzatore Armin Baumann di KMU SWISS AG che molti degli ospiti: Le persone hanno apprezzato il fatto di incontrarsi di nuovo faccia a faccia e di conversare lontano da uffici domestici e videoconferenze. Gli organizzatori hanno fatto tutto il possibile per garantire le norme igieniche, le regole di distanza e la tracciabilit\u00e0 dei contatti, ma i \"sacrifici\" associati alla spontaneit\u00e0 erano gestibili. \u00c8 stato dimostrato che i grandi eventi dal vivo possono essere organizzati pi\u00f9 o meno senza problemi e che la partecipazione a tali eventi non dovrebbe rappresentare un rischio.<\/p>\n<p>Il fatto che eventi come il KMU Swiss Podium 2020 rispondano a un'esigenza \u00e8 stato evidente dalla presenza di circa 250 ospiti. \"Le persone vogliono unirsi\", ha detto Armin Baumann nella sua introduzione. Il mondo digitale non \u00e8 tutto, ma ha comunque prevalso \"un po'\", ha continuato Baumann. Ma non potr\u00e0 mai sostituire il contatto personale. Da questo punto di vista, il motto della conferenza \"Culto e cultura\" era appropriato, perch\u00e9 le conversazioni personali fanno parte della nostra cultura.<\/p>\n<h2>Innovazione: anche una questione di cultura<\/h2>\n<p>La prima presentazione, tuttavia, ha riguardato un aspetto diverso: \"La gestione dell'innovazione come cambiamento culturale\" \u00e8 stato il tema del dottor Harald Brodbeck (Fernfachhochschule Schweiz FFHS) e di Sabrina Ernst (Neosight AG). Hanno sottolineato che la cultura non pu\u00f2 essere semplicemente impartita a un'azienda attraverso il lavoro di progetto. Soprattutto se si vuole far emergere una cultura dell'innovazione. Idealmente, tuttavia, la cultura consente l'innovazione e l'innovazione, a sua volta, modella la cultura. Questo ciclo deve essere attivato in modo diverso. I relatori lo hanno dimostrato con quattro leve: strategia di innovazione (\u00e8 necessaria la chiarezza degli obiettivi), strutture di innovazione, processi di innovazione e strumenti di innovazione. Quest'ultima richiede anche l'esistenza di una cultura dell'errore, cosa che, secondo l'esperienza di entrambi i relatori, molte aziende ancora combattono.<\/p>\n<figure id=\"attachment_7073\" aria-describedby=\"caption-attachment-7073\" style=\"width: 680px\" class=\"wp-caption alignnone\"><img loading=\"lazy\" decoding=\"async\" class=\"size-medium wp-image-7073\" src=\"https:\/\/www.organisator.ch\/wp-content\/uploads\/2020\/09\/KMU-Swiss-Podium-2020-Kultur-ist-keine-Projektarbeit-2_Organisator.jpg\" alt=\"\" width=\"680\" height=\"465\" srcset=\"https:\/\/www.organisator.ch\/wp-content\/uploads\/2020\/09\/KMU-Swiss-Podium-2020-Kultur-ist-keine-Projektarbeit-2_Organisator.jpg 680w, https:\/\/www.organisator.ch\/wp-content\/uploads\/2020\/09\/KMU-Swiss-Podium-2020-Kultur-ist-keine-Projektarbeit-2_Organisator-16x12.jpg 16w, https:\/\/www.organisator.ch\/wp-content\/uploads\/2020\/09\/KMU-Swiss-Podium-2020-Kultur-ist-keine-Projektarbeit-2_Organisator-256x175.jpg 256w, https:\/\/www.organisator.ch\/wp-content\/uploads\/2020\/09\/KMU-Swiss-Podium-2020-Kultur-ist-keine-Projektarbeit-2_Organisator-512x350.jpg 512w, https:\/\/www.organisator.ch\/wp-content\/uploads\/2020\/09\/KMU-Swiss-Podium-2020-Kultur-ist-keine-Projektarbeit-2_Organisator-300x205.jpg 300w\" sizes=\"auto, (max-width: 680px) 100vw, 680px\" \/><figcaption id=\"caption-attachment-7073\" class=\"wp-caption-text\">Il dottor Harald Brodbeck mostra le diverse culture dell'innovazione. (Immagine: Thomas Berner)<\/figcaption><\/figure>\n<p>Thomas Matter, SVP Consigliere Nazionale e socio fondatore di Helvetic Bank, ha poi riflettuto sul tema \"cultura aziendale contro cultura delle PMI\". Ha sottolineato che l'economia, creando posti di lavoro e garantendo cos\u00ec il sostentamento di molte persone, sta dando un enorme contributo culturale. Ha tracciato una netta linea di demarcazione tra gli imprenditori che si assumono la propria responsabilit\u00e0 sociale e creano posti di lavoro e i manager che \"si arricchiscono di denaro che non gli appartiene\". E non ha nascosto la sua opinione sul rapporto del nostro Paese con l'UE e sulla libera circolazione delle persone, anche se non \u00e8 riuscito a conquistare l'intera platea.<\/p>\n<h2>Un altro tema del KMU Swiss Podium 2020: l'intelligenza artificiale.<\/h2>\n<p>Nessun evento \u00e8 completo senza il tema dell'\"intelligenza artificiale\": questo non \u00e8 stato diverso al PMI Swiss Podium 2020. Nino Weingart di BSI Business Systems Integration AG ha spiegato come e dove le PMI possono utilizzare l'intelligenza artificiale. Devono essere soddisfatti quattro prerequisiti: in primo luogo, deve esistere un business case adeguato, che l'azienda deve conoscere perfettamente. \"Non fate mai un progetto di IA se potete farlo senza\", \u00e8 stato il consiglio dell'esperto. In secondo luogo, si tratta di dati e della loro disponibilit\u00e0 e qualit\u00e0, in terzo luogo, del team giusto e, in quarto luogo, del budget. Tuttavia, sono poche le PMI che dispongono delle relative risorse, per cui l'\"AI come servizio\" \u00e8 un buon approccio.<\/p>\n<figure id=\"attachment_7074\" aria-describedby=\"caption-attachment-7074\" style=\"width: 680px\" class=\"wp-caption alignnone\"><img loading=\"lazy\" decoding=\"async\" class=\"size-medium wp-image-7074\" src=\"https:\/\/www.organisator.ch\/wp-content\/uploads\/2020\/09\/KMU-Swiss-Podium-2020-Kultur-ist-keine-Projektarbeit-3_Organisator.jpg\" alt=\"\" width=\"680\" height=\"452\" srcset=\"https:\/\/www.organisator.ch\/wp-content\/uploads\/2020\/09\/KMU-Swiss-Podium-2020-Kultur-ist-keine-Projektarbeit-3_Organisator.jpg 680w, https:\/\/www.organisator.ch\/wp-content\/uploads\/2020\/09\/KMU-Swiss-Podium-2020-Kultur-ist-keine-Projektarbeit-3_Organisator-16x12.jpg 16w, https:\/\/www.organisator.ch\/wp-content\/uploads\/2020\/09\/KMU-Swiss-Podium-2020-Kultur-ist-keine-Projektarbeit-3_Organisator-263x175.jpg 263w, https:\/\/www.organisator.ch\/wp-content\/uploads\/2020\/09\/KMU-Swiss-Podium-2020-Kultur-ist-keine-Projektarbeit-3_Organisator-527x350.jpg 527w, https:\/\/www.organisator.ch\/wp-content\/uploads\/2020\/09\/KMU-Swiss-Podium-2020-Kultur-ist-keine-Projektarbeit-3_Organisator-300x199.jpg 300w\" sizes=\"auto, (max-width: 680px) 100vw, 680px\" \/><figcaption id=\"caption-attachment-7074\" class=\"wp-caption-text\">Il relatore Michael Sokoll (a sinistra) a colloquio con Nino Weingart sul tema dell'intelligenza artificiale. (Immagine: Thomas Berner)<\/figcaption><\/figure>\n<p>Molte PMI sono attive a livello internazionale e quindi hanno successo. Simone Wyss Fedele, CEO di Switzerland Global Enterprise (S-GE), ha dimostrato che la strada per il successo all'estero pu\u00f2 anche essere accidentata. Ha sottolineato che le differenze culturali tra i Paesi sono spesso sottovalutate, soprattutto all'inizio. Utilizzando esempi dagli Stati Uniti, dalla Cina, dalla Corea del Sud e dal Medio Oriente, ha mostrato a cosa prestare attenzione se si vuole fare affari con successo in questi Paesi.<\/p>\n<h2>E infine un ospite d'eccezione<\/h2>\n<p>L'ultima parte del pomeriggio \u00e8 stata introdotta da Urs Hoffmann, membro del governo cantonale di Argovia, con il suo intervento su \"Donne e uomini innovativi in Argovia\". In seguito, la tavola rotonda condotta dal moderatore Michael Sokoll con lui e la vera e propria \"star guest\", l'attrice, presentatrice (\"RTL Samstagnacht\") e regista Esther Schweins, ha costituito il momento finale. Il duo \"inmot!on\" ha anche fornito un intrattenimento spettacolare tra i singoli blocchi di carte con i loro intermezzi di spettacolo con yo-yo, bastoni luminosi e altri \"giocattoli\".<\/p>\n<p><a href=\"http:\/\/www.kmuswiss.ch\/\"><em>www.kmuswiss.ch<\/em><\/a><\/p>","protected":false},"excerpt":{"rendered":"<p>Es war sowohl Veranstalter Armin Baumann von KMU SWISS AG wie auch vielen G\u00e4sten anzumerken: Man genoss es, sich wieder einmal von Angesicht zu Angesicht zu treffen und Gespr\u00e4che zu f\u00fchren abseits von Homeoffice und Videokonferenzen. Die Organisatoren unternahmen alles, um die Hygienevorschriften, Abstandsregeln und das Contact Tracing zu gew\u00e4hrleisten, die damit verbundenen \u00abAbstriche\u00bb an [&hellip;]<\/p>\n","protected":false},"author":4,"featured_media":7072,"comment_status":"closed","ping_status":"closed","sticky":false,"template":"","format":"standard","meta":{"_acf_changed":false,"_yoast_wpseo_focuskw":"KMU Swiss Podium 2020","_yoast_wpseo_metadesc":"Ein weiterer Wirtschaftsanlass unter \u00abCorona-Bedingungen\u00bb fand am 3. September 2020 im Campussaal Brugg\/Windisch statt: Das KMU Swiss Podium 2020.","articlekey":"","footnotes":""},"categories":[28],"tags":[193,320,335,469,508],"class_list":["post-7071","post","type-post","status-publish","format-standard","has-post-thumbnail","hentry","category-management","tag-fachkongressfachmesse","tag-leadership","tag-management-und-unternehmensfuehrung","tag-tagungen-events","tag-vermischtes"],"acf":[],"yoast_head":"<!-- This site is optimized with the Yoast SEO plugin v27.5 - https:\/\/yoast.com\/product\/yoast-seo-wordpress\/ -->\n<title>KMU Swiss Podium 2020: \u00abKultur ist keine Projektarbeit\u00bb - Organisator<\/title>\n<meta name=\"description\" content=\"Ein weiterer Wirtschaftsanlass unter \u00abCorona-Bedingungen\u00bb fand am 3. September 2020 im Campussaal Brugg\/Windisch statt: Das KMU Swiss Podium 2020.\" \/>\n<meta name=\"robots\" content=\"index, follow, max-snippet:-1, max-image-preview:large, max-video-preview:-1\" \/>\n<link rel=\"canonical\" href=\"https:\/\/www.organisator.ch\/it\/gestione-2\/2020-09-04\/kmu-swiss-podium-2020-kultur-ist-keine-projektarbeit\/\" \/>\n<meta property=\"og:locale\" content=\"it_IT\" \/>\n<meta property=\"og:type\" content=\"article\" \/>\n<meta property=\"og:title\" content=\"KMU Swiss Podium 2020: \u00abKultur ist keine Projektarbeit\u00bb\" \/>\n<meta property=\"og:description\" content=\"Ein weiterer Wirtschaftsanlass unter \u00abCorona-Bedingungen\u00bb fand am 3. September 2020 im Campussaal Brugg\/Windisch statt: Das KMU Swiss Podium 2020.\" \/>\n<meta property=\"og:url\" content=\"https:\/\/www.organisator.ch\/it\/gestione-2\/2020-09-04\/kmu-swiss-podium-2020-kultur-ist-keine-projektarbeit\/\" \/>\n<meta property=\"og:site_name\" content=\"Organisator\" \/>\n<meta property=\"article:publisher\" content=\"https:\/\/www.facebook.com\/OrganisatorFachmagazin\" \/>\n<meta property=\"article:published_time\" content=\"2020-09-04T07:59:37+00:00\" \/>\n<meta property=\"og:image\" content=\"https:\/\/www.organisator.ch\/wp-content\/uploads\/2020\/09\/KMU-Swiss-Podium-2020-Kultur-ist-keine-Projektarbeit-1_Organisator.jpg\" \/>\n\t<meta property=\"og:image:width\" content=\"680\" \/>\n\t<meta property=\"og:image:height\" content=\"452\" \/>\n\t<meta property=\"og:image:type\" content=\"image\/jpeg\" \/>\n<meta name=\"author\" content=\"thomas.berner\" \/>\n<meta name=\"twitter:card\" content=\"summary_large_image\" \/>\n<meta name=\"twitter:title\" content=\"#KMUSwiss Podium 2020: \u00abKultur ist keine #Projektarbeit\u00bb\" \/>\n<meta name=\"twitter:description\" content=\"Ein weiterer #Wirtschaftsanlass unter \u00ab#Corona-Bedingungen\u00bb fand am 3. September 2020 im #Campussaal Brugg\/Windisch statt: Das #KMUSwiss Podium 2020.\" \/>\n<meta name=\"twitter:image\" content=\"https:\/\/www.organisator.ch\/wp-content\/uploads\/2020\/09\/KMU-Swiss-Podium-2020-Kultur-ist-keine-Projektarbeit-1_Organisator.jpg\" \/>\n<script type=\"application\/ld+json\" class=\"yoast-schema-graph\">{\"@context\":\"https:\\\/\\\/schema.org\",\"@graph\":[{\"@type\":\"Article\",\"@id\":\"https:\\\/\\\/www.organisator.ch\\\/management\\\/2020-09-04\\\/kmu-swiss-podium-2020-kultur-ist-keine-projektarbeit\\\/#article\",\"isPartOf\":{\"@id\":\"https:\\\/\\\/www.organisator.ch\\\/management\\\/2020-09-04\\\/kmu-swiss-podium-2020-kultur-ist-keine-projektarbeit\\\/\"},\"author\":{\"name\":\"thomas.berner\",\"@id\":\"https:\\\/\\\/www.organisator.ch\\\/#\\\/schema\\\/person\\\/6f650f90b2842cd4c0cc334b4e36f67e\"},\"headline\":\"KMU Swiss Podium 2020: \u00abKultur ist keine Projektarbeit\u00bb\",\"datePublished\":\"2020-09-04T07:59:37+00:00\",\"mainEntityOfPage\":{\"@id\":\"https:\\\/\\\/www.organisator.ch\\\/management\\\/2020-09-04\\\/kmu-swiss-podium-2020-kultur-ist-keine-projektarbeit\\\/\"},\"wordCount\":750,\"publisher\":{\"@id\":\"https:\\\/\\\/www.organisator.ch\\\/#organization\"},\"image\":{\"@id\":\"https:\\\/\\\/www.organisator.ch\\\/management\\\/2020-09-04\\\/kmu-swiss-podium-2020-kultur-ist-keine-projektarbeit\\\/#primaryimage\"},\"thumbnailUrl\":\"https:\\\/\\\/www.organisator.ch\\\/wp-content\\\/uploads\\\/2020\\\/09\\\/KMU-Swiss-Podium-2020-Kultur-ist-keine-Projektarbeit-1_Organisator.jpg\",\"keywords\":[\"Fachkongress\\\/Fachmesse\",\"Leadership\",\"Management und Unternehmensf\u00fchrung\",\"Tagungen &amp; Events\",\"Vermischtes\"],\"articleSection\":[\"MANAGEMENT\"],\"inLanguage\":\"it-IT\"},{\"@type\":\"WebPage\",\"@id\":\"https:\\\/\\\/www.organisator.ch\\\/management\\\/2020-09-04\\\/kmu-swiss-podium-2020-kultur-ist-keine-projektarbeit\\\/\",\"url\":\"https:\\\/\\\/www.organisator.ch\\\/management\\\/2020-09-04\\\/kmu-swiss-podium-2020-kultur-ist-keine-projektarbeit\\\/\",\"name\":\"KMU Swiss Podium 2020: \u00abKultur ist keine Projektarbeit\u00bb - Organisator\",\"isPartOf\":{\"@id\":\"https:\\\/\\\/www.organisator.ch\\\/#website\"},\"primaryImageOfPage\":{\"@id\":\"https:\\\/\\\/www.organisator.ch\\\/management\\\/2020-09-04\\\/kmu-swiss-podium-2020-kultur-ist-keine-projektarbeit\\\/#primaryimage\"},\"image\":{\"@id\":\"https:\\\/\\\/www.organisator.ch\\\/management\\\/2020-09-04\\\/kmu-swiss-podium-2020-kultur-ist-keine-projektarbeit\\\/#primaryimage\"},\"thumbnailUrl\":\"https:\\\/\\\/www.organisator.ch\\\/wp-content\\\/uploads\\\/2020\\\/09\\\/KMU-Swiss-Podium-2020-Kultur-ist-keine-Projektarbeit-1_Organisator.jpg\",\"datePublished\":\"2020-09-04T07:59:37+00:00\",\"description\":\"Ein weiterer Wirtschaftsanlass unter \u00abCorona-Bedingungen\u00bb fand am 3. September 2020 im Campussaal Brugg\\\/Windisch statt: Das KMU Swiss Podium 2020.\",\"breadcrumb\":{\"@id\":\"https:\\\/\\\/www.organisator.ch\\\/management\\\/2020-09-04\\\/kmu-swiss-podium-2020-kultur-ist-keine-projektarbeit\\\/#breadcrumb\"},\"inLanguage\":\"it-IT\",\"potentialAction\":[{\"@type\":\"ReadAction\",\"target\":[\"https:\\\/\\\/www.organisator.ch\\\/management\\\/2020-09-04\\\/kmu-swiss-podium-2020-kultur-ist-keine-projektarbeit\\\/\"]}]},{\"@type\":\"ImageObject\",\"inLanguage\":\"it-IT\",\"@id\":\"https:\\\/\\\/www.organisator.ch\\\/management\\\/2020-09-04\\\/kmu-swiss-podium-2020-kultur-ist-keine-projektarbeit\\\/#primaryimage\",\"url\":\"https:\\\/\\\/www.organisator.ch\\\/wp-content\\\/uploads\\\/2020\\\/09\\\/KMU-Swiss-Podium-2020-Kultur-ist-keine-Projektarbeit-1_Organisator.jpg\",\"contentUrl\":\"https:\\\/\\\/www.organisator.ch\\\/wp-content\\\/uploads\\\/2020\\\/09\\\/KMU-Swiss-Podium-2020-Kultur-ist-keine-Projektarbeit-1_Organisator.jpg\",\"width\":680,\"height\":452,\"caption\":\"Armin Baumann begr\u00fcsst die G\u00e4ste und Referenten am KMU Swiss Podium 2020. (Bild: Thomas Berner)\"},{\"@type\":\"BreadcrumbList\",\"@id\":\"https:\\\/\\\/www.organisator.ch\\\/management\\\/2020-09-04\\\/kmu-swiss-podium-2020-kultur-ist-keine-projektarbeit\\\/#breadcrumb\",\"itemListElement\":[{\"@type\":\"ListItem\",\"position\":1,\"name\":\"Home\",\"item\":\"https:\\\/\\\/www.organisator.ch\\\/\"},{\"@type\":\"ListItem\",\"position\":2,\"name\":\"KMU Swiss Podium 2020: \u00abKultur ist keine Projektarbeit\u00bb\"}]},{\"@type\":\"WebSite\",\"@id\":\"https:\\\/\\\/www.organisator.ch\\\/#website\",\"url\":\"https:\\\/\\\/www.organisator.ch\\\/\",\"name\":\"Organisator\",\"description\":\"Kompetent. Praxisnah. Der ORGANISATOR bereitet in 10 Ausgaben pro Jahr die wesentlichen Themen f\u00fcr F\u00fchrungskr\u00e4fte von KMU auf.\",\"publisher\":{\"@id\":\"https:\\\/\\\/www.organisator.ch\\\/#organization\"},\"potentialAction\":[{\"@type\":\"SearchAction\",\"target\":{\"@type\":\"EntryPoint\",\"urlTemplate\":\"https:\\\/\\\/www.organisator.ch\\\/?s={search_term_string}\"},\"query-input\":{\"@type\":\"PropertyValueSpecification\",\"valueRequired\":true,\"valueName\":\"search_term_string\"}}],\"inLanguage\":\"it-IT\"},{\"@type\":\"Organization\",\"@id\":\"https:\\\/\\\/www.organisator.ch\\\/#organization\",\"name\":\"Organisator\",\"url\":\"https:\\\/\\\/www.organisator.ch\\\/\",\"logo\":{\"@type\":\"ImageObject\",\"inLanguage\":\"it-IT\",\"@id\":\"https:\\\/\\\/www.organisator.ch\\\/#\\\/schema\\\/logo\\\/image\\\/\",\"url\":\"https:\\\/\\\/www.organisator.ch\\\/wp-content\\\/uploads\\\/2022\\\/01\\\/Logo_Organisator_Website.png\",\"contentUrl\":\"https:\\\/\\\/www.organisator.ch\\\/wp-content\\\/uploads\\\/2022\\\/01\\\/Logo_Organisator_Website.png\",\"width\":800,\"height\":77,\"caption\":\"Organisator\"},\"image\":{\"@id\":\"https:\\\/\\\/www.organisator.ch\\\/#\\\/schema\\\/logo\\\/image\\\/\"},\"sameAs\":[\"https:\\\/\\\/www.facebook.com\\\/OrganisatorFachmagazin\",\"https:\\\/\\\/www.linkedin.com\\\/showcase\\\/organisator-das-magazin-fr-kmu\",\"https:\\\/\\\/www.xing.com\\\/news\\\/pages\\\/organisator-ch-695\",\"https:\\\/\\\/www.youtube.com\\\/channel\\\/UCGP2Sq0iWaZwT3BdIAQFYpw\"]},{\"@type\":\"Person\",\"@id\":\"https:\\\/\\\/www.organisator.ch\\\/#\\\/schema\\\/person\\\/6f650f90b2842cd4c0cc334b4e36f67e\",\"name\":\"thomas.berner\",\"image\":{\"@type\":\"ImageObject\",\"inLanguage\":\"it-IT\",\"@id\":\"https:\\\/\\\/secure.gravatar.com\\\/avatar\\\/ac5001d2a36cb6c6cd3e50789007ffca834b477b74a2144564522e944eabff61?s=96&d=mm&r=g\",\"url\":\"https:\\\/\\\/secure.gravatar.com\\\/avatar\\\/ac5001d2a36cb6c6cd3e50789007ffca834b477b74a2144564522e944eabff61?s=96&d=mm&r=g\",\"contentUrl\":\"https:\\\/\\\/secure.gravatar.com\\\/avatar\\\/ac5001d2a36cb6c6cd3e50789007ffca834b477b74a2144564522e944eabff61?s=96&d=mm&r=g\",\"caption\":\"thomas.berner\"},\"url\":\"https:\\\/\\\/www.organisator.ch\\\/it\\\/author\\\/thomas-berner\\\/\"}]}<\/script>\n<!-- \/ Yoast SEO plugin. -->","yoast_head_json":{"title":"KMU Swiss Podium 2020: \"La cultura non \u00e8 un lavoro a progetto\" - Organizzatore","description":"Un altro evento commerciale alle \"condizioni Corona\" si \u00e8 svolto il 3 settembre 2020 nella Sala del Campus Brugg\/Windisch: Il podio svizzero KMU 2020.","robots":{"index":"index","follow":"follow","max-snippet":"max-snippet:-1","max-image-preview":"max-image-preview:large","max-video-preview":"max-video-preview:-1"},"canonical":"https:\/\/www.organisator.ch\/it\/gestione-2\/2020-09-04\/kmu-swiss-podium-2020-kultur-ist-keine-projektarbeit\/","og_locale":"it_IT","og_type":"article","og_title":"KMU Swiss Podium 2020: \u00abKultur ist keine Projektarbeit\u00bb","og_description":"Ein weiterer Wirtschaftsanlass unter \u00abCorona-Bedingungen\u00bb fand am 3. September 2020 im Campussaal Brugg\/Windisch statt: Das KMU Swiss Podium 2020.","og_url":"https:\/\/www.organisator.ch\/it\/gestione-2\/2020-09-04\/kmu-swiss-podium-2020-kultur-ist-keine-projektarbeit\/","og_site_name":"Organisator","article_publisher":"https:\/\/www.facebook.com\/OrganisatorFachmagazin","article_published_time":"2020-09-04T07:59:37+00:00","og_image":[{"width":680,"height":452,"url":"https:\/\/www.organisator.ch\/wp-content\/uploads\/2020\/09\/KMU-Swiss-Podium-2020-Kultur-ist-keine-Projektarbeit-1_Organisator.jpg","type":"image\/jpeg"}],"author":"thomas.berner","twitter_card":"summary_large_image","twitter_title":"#KMUSwiss Podium 2020: \u00abKultur ist keine #Projektarbeit\u00bb","twitter_description":"Ein weiterer #Wirtschaftsanlass unter \u00ab#Corona-Bedingungen\u00bb fand am 3. September 2020 im #Campussaal Brugg\/Windisch statt: Das #KMUSwiss Podium 2020.","twitter_image":"https:\/\/www.organisator.ch\/wp-content\/uploads\/2020\/09\/KMU-Swiss-Podium-2020-Kultur-ist-keine-Projektarbeit-1_Organisator.jpg","schema":{"@context":"https:\/\/schema.org","@graph":[{"@type":"Article","@id":"https:\/\/www.organisator.ch\/management\/2020-09-04\/kmu-swiss-podium-2020-kultur-ist-keine-projektarbeit\/#article","isPartOf":{"@id":"https:\/\/www.organisator.ch\/management\/2020-09-04\/kmu-swiss-podium-2020-kultur-ist-keine-projektarbeit\/"},"author":{"name":"thomas.berner","@id":"https:\/\/www.organisator.ch\/#\/schema\/person\/6f650f90b2842cd4c0cc334b4e36f67e"},"headline":"KMU Swiss Podium 2020: \u00abKultur ist keine Projektarbeit\u00bb","datePublished":"2020-09-04T07:59:37+00:00","mainEntityOfPage":{"@id":"https:\/\/www.organisator.ch\/management\/2020-09-04\/kmu-swiss-podium-2020-kultur-ist-keine-projektarbeit\/"},"wordCount":750,"publisher":{"@id":"https:\/\/www.organisator.ch\/#organization"},"image":{"@id":"https:\/\/www.organisator.ch\/management\/2020-09-04\/kmu-swiss-podium-2020-kultur-ist-keine-projektarbeit\/#primaryimage"},"thumbnailUrl":"https:\/\/www.organisator.ch\/wp-content\/uploads\/2020\/09\/KMU-Swiss-Podium-2020-Kultur-ist-keine-Projektarbeit-1_Organisator.jpg","keywords":["Fachkongress\/Fachmesse","Leadership","Management und Unternehmensf\u00fchrung","Tagungen &amp; Events","Vermischtes"],"articleSection":["MANAGEMENT"],"inLanguage":"it-IT"},{"@type":"WebPage","@id":"https:\/\/www.organisator.ch\/management\/2020-09-04\/kmu-swiss-podium-2020-kultur-ist-keine-projektarbeit\/","url":"https:\/\/www.organisator.ch\/management\/2020-09-04\/kmu-swiss-podium-2020-kultur-ist-keine-projektarbeit\/","name":"KMU Swiss Podium 2020: \"La cultura non \u00e8 un lavoro a progetto\" - Organizzatore","isPartOf":{"@id":"https:\/\/www.organisator.ch\/#website"},"primaryImageOfPage":{"@id":"https:\/\/www.organisator.ch\/management\/2020-09-04\/kmu-swiss-podium-2020-kultur-ist-keine-projektarbeit\/#primaryimage"},"image":{"@id":"https:\/\/www.organisator.ch\/management\/2020-09-04\/kmu-swiss-podium-2020-kultur-ist-keine-projektarbeit\/#primaryimage"},"thumbnailUrl":"https:\/\/www.organisator.ch\/wp-content\/uploads\/2020\/09\/KMU-Swiss-Podium-2020-Kultur-ist-keine-Projektarbeit-1_Organisator.jpg","datePublished":"2020-09-04T07:59:37+00:00","description":"Un altro evento commerciale alle \"condizioni Corona\" si \u00e8 svolto il 3 settembre 2020 nella Sala del Campus Brugg\/Windisch: Il podio svizzero KMU 2020.","breadcrumb":{"@id":"https:\/\/www.organisator.ch\/management\/2020-09-04\/kmu-swiss-podium-2020-kultur-ist-keine-projektarbeit\/#breadcrumb"},"inLanguage":"it-IT","potentialAction":[{"@type":"ReadAction","target":["https:\/\/www.organisator.ch\/management\/2020-09-04\/kmu-swiss-podium-2020-kultur-ist-keine-projektarbeit\/"]}]},{"@type":"ImageObject","inLanguage":"it-IT","@id":"https:\/\/www.organisator.ch\/management\/2020-09-04\/kmu-swiss-podium-2020-kultur-ist-keine-projektarbeit\/#primaryimage","url":"https:\/\/www.organisator.ch\/wp-content\/uploads\/2020\/09\/KMU-Swiss-Podium-2020-Kultur-ist-keine-Projektarbeit-1_Organisator.jpg","contentUrl":"https:\/\/www.organisator.ch\/wp-content\/uploads\/2020\/09\/KMU-Swiss-Podium-2020-Kultur-ist-keine-Projektarbeit-1_Organisator.jpg","width":680,"height":452,"caption":"Armin Baumann begr\u00fcsst die G\u00e4ste und Referenten am KMU Swiss Podium 2020. (Bild: Thomas Berner)"},{"@type":"BreadcrumbList","@id":"https:\/\/www.organisator.ch\/management\/2020-09-04\/kmu-swiss-podium-2020-kultur-ist-keine-projektarbeit\/#breadcrumb","itemListElement":[{"@type":"ListItem","position":1,"name":"Home","item":"https:\/\/www.organisator.ch\/"},{"@type":"ListItem","position":2,"name":"KMU Swiss Podium 2020: \u00abKultur ist keine Projektarbeit\u00bb"}]},{"@type":"WebSite","@id":"https:\/\/www.organisator.ch\/#website","url":"https:\/\/www.organisator.ch\/","name":"Organizzatore","description":"Competente. Pratico. In 10 numeri all'anno, ORGANISATOR presenta i temi essenziali per i manager delle PMI.","publisher":{"@id":"https:\/\/www.organisator.ch\/#organization"},"potentialAction":[{"@type":"SearchAction","target":{"@type":"EntryPoint","urlTemplate":"https:\/\/www.organisator.ch\/?s={search_term_string}"},"query-input":{"@type":"PropertyValueSpecification","valueRequired":true,"valueName":"search_term_string"}}],"inLanguage":"it-IT"},{"@type":"Organization","@id":"https:\/\/www.organisator.ch\/#organization","name":"Organizzatore","url":"https:\/\/www.organisator.ch\/","logo":{"@type":"ImageObject","inLanguage":"it-IT","@id":"https:\/\/www.organisator.ch\/#\/schema\/logo\/image\/","url":"https:\/\/www.organisator.ch\/wp-content\/uploads\/2022\/01\/Logo_Organisator_Website.png","contentUrl":"https:\/\/www.organisator.ch\/wp-content\/uploads\/2022\/01\/Logo_Organisator_Website.png","width":800,"height":77,"caption":"Organisator"},"image":{"@id":"https:\/\/www.organisator.ch\/#\/schema\/logo\/image\/"},"sameAs":["https:\/\/www.facebook.com\/OrganisatorFachmagazin","https:\/\/www.linkedin.com\/showcase\/organisator-das-magazin-fr-kmu","https:\/\/www.xing.com\/news\/pages\/organisator-ch-695","https:\/\/www.youtube.com\/channel\/UCGP2Sq0iWaZwT3BdIAQFYpw"]},{"@type":"Person","@id":"https:\/\/www.organisator.ch\/#\/schema\/person\/6f650f90b2842cd4c0cc334b4e36f67e","name":"Tommaso.berner","image":{"@type":"ImageObject","inLanguage":"it-IT","@id":"https:\/\/secure.gravatar.com\/avatar\/ac5001d2a36cb6c6cd3e50789007ffca834b477b74a2144564522e944eabff61?s=96&d=mm&r=g","url":"https:\/\/secure.gravatar.com\/avatar\/ac5001d2a36cb6c6cd3e50789007ffca834b477b74a2144564522e944eabff61?s=96&d=mm&r=g","contentUrl":"https:\/\/secure.gravatar.com\/avatar\/ac5001d2a36cb6c6cd3e50789007ffca834b477b74a2144564522e944eabff61?s=96&d=mm&r=g","caption":"thomas.berner"},"url":"https:\/\/www.organisator.ch\/it\/author\/thomas-berner\/"}]}},"_links":{"self":[{"href":"https:\/\/www.organisator.ch\/it\/wp-json\/wp\/v2\/posts\/7071","targetHints":{"allow":["GET"]}}],"collection":[{"href":"https:\/\/www.organisator.ch\/it\/wp-json\/wp\/v2\/posts"}],"about":[{"href":"https:\/\/www.organisator.ch\/it\/wp-json\/wp\/v2\/types\/post"}],"author":[{"embeddable":true,"href":"https:\/\/www.organisator.ch\/it\/wp-json\/wp\/v2\/users\/4"}],"replies":[{"embeddable":true,"href":"https:\/\/www.organisator.ch\/it\/wp-json\/wp\/v2\/comments?post=7071"}],"version-history":[{"count":0,"href":"https:\/\/www.organisator.ch\/it\/wp-json\/wp\/v2\/posts\/7071\/revisions"}],"wp:featuredmedia":[{"embeddable":true,"href":"https:\/\/www.organisator.ch\/it\/wp-json\/wp\/v2\/media\/7072"}],"wp:attachment":[{"href":"https:\/\/www.organisator.ch\/it\/wp-json\/wp\/v2\/media?parent=7071"}],"wp:term":[{"taxonomy":"category","embeddable":true,"href":"https:\/\/www.organisator.ch\/it\/wp-json\/wp\/v2\/categories?post=7071"},{"taxonomy":"post_tag","embeddable":true,"href":"https:\/\/www.organisator.ch\/it\/wp-json\/wp\/v2\/tags?post=7071"}],"curies":[{"name":"wp","href":"https:\/\/api.w.org\/{rel}","templated":true}]}}