{"id":7080,"date":"2020-09-04T11:04:51","date_gmt":"2020-09-04T09:04:51","guid":{"rendered":"https:\/\/www.organisator.ch\/?p=7080"},"modified":"2020-09-04T11:04:51","modified_gmt":"2020-09-04T09:04:51","slug":"christoph-maeder-neuer-praesident-von-economiesuisse","status":"publish","type":"post","link":"https:\/\/www.organisator.ch\/it\/management\/2020-09-04\/christoph-maeder-neuer-praesident-von-economiesuisse\/","title":{"rendered":"Christoph M\u00e4der nuovo presidente di economiesuisse"},"content":{"rendered":"<div class=\"container--small\">\n<div class=\"article__lead\">\n<div class=\"field field--name-field-lead field--type-text-long field--label-hidden field--item\">\n<figure id=\"attachment_7081\" aria-describedby=\"caption-attachment-7081\" style=\"width: 680px\" class=\"wp-caption alignnone\"><img loading=\"lazy\" decoding=\"async\" class=\"size-medium wp-image-7081\" src=\"https:\/\/www.organisator.ch\/wp-content\/uploads\/2020\/09\/Christoph-Maeder-neuer-Praesident-von-economiesuisse_Organisator.jpg\" alt=\"\" width=\"680\" height=\"470\" srcset=\"https:\/\/www.organisator.ch\/wp-content\/uploads\/2020\/09\/Christoph-Maeder-neuer-Praesident-von-economiesuisse_Organisator.jpg 680w, https:\/\/www.organisator.ch\/wp-content\/uploads\/2020\/09\/Christoph-Maeder-neuer-Praesident-von-economiesuisse_Organisator-16x12.jpg 16w, https:\/\/www.organisator.ch\/wp-content\/uploads\/2020\/09\/Christoph-Maeder-neuer-Praesident-von-economiesuisse_Organisator-253x175.jpg 253w, https:\/\/www.organisator.ch\/wp-content\/uploads\/2020\/09\/Christoph-Maeder-neuer-Praesident-von-economiesuisse_Organisator-506x350.jpg 506w, https:\/\/www.organisator.ch\/wp-content\/uploads\/2020\/09\/Christoph-Maeder-neuer-Praesident-von-economiesuisse_Organisator-300x207.jpg 300w\" sizes=\"auto, (max-width: 680px) 100vw, 680px\" \/><figcaption id=\"caption-attachment-7081\" class=\"wp-caption-text\">Christoph M\u00e4der assumer\u00e0 la presidenza di economiesuisse il 1\u00b0 ottobre 2020. (Immagine: zVg)<\/figcaption><\/figure>\n<p>Oltre alla nuova presidenza, l'assemblea generale di economiesuisse ha eletto sette nuovi membri del consiglio. E l'organizzazione ombrello delle imprese accoglie anche un nuovo membro: IG Landesflugh\u00e4fen.<\/p>\n<h2>Christoph M\u00e4der, un presidente delle \"nostre file<\/h2>\n<\/div>\n<\/div>\n<\/div>\n<div class=\"container--small\">\n<div class=\"row taxonomy-tags-wrapper\">\n<div class=\"taxonomy-tag\">Christoph M\u00e4der conosce gi\u00e0 molto bene economiesuisse: \u00e8 stato membro del comitato direttivo dal 2008 al 2019 e vicepresidente dell'associazione dal 2011 al 2017. Come membro del consiglio di amministrazione di diverse aziende nazionali e internazionali come B\u00e2loise Holding AG, Ems-Chemie Holding AG e Lonza Group AG, Christoph M\u00e4der sa quanto siano importanti le condizioni quadro competitive per un'economia svizzera forte e collegata a livello internazionale. \u00c8 un ambasciatore credibile e impegnato per un luogo d'affari prospero e orientato al futuro e ha una chiara bussola liberale.<\/div>\n<\/div>\n<div class=\"field field--name-body field--type-text-with-summary field--label-hidden field--item\">\n<p>Christoph M\u00e4der ha detto di essere determinato a sviluppare e rafforzare ulteriormente economiesuisse insieme ai suoi membri. Lavorer\u00e0 per assicurare che l'associazione continui a concentrarsi su importanti dossier di politica economica e che difenda l'economia con impegno - in modo responsabile, basato sui fatti e con coraggio. E ancora: \"Negli affari, nella politica e nella societ\u00e0, vogliamo essere presenti come una forte voce del business ed essere rispettati\".<\/p>\n<p>Christoph M\u00e4der entrer\u00e0 in carica il 1\u00b0 ottobre 2020. Succede a Heinz Karrer, che si dedicher\u00e0 a nuovi compiti dopo dodici anni nel consiglio di amministrazione di economiesuisse, sette dei quali come presidente. Fino alla fine di settembre, Heinz Karrer continuer\u00e0 ad essere pienamente impegnata ad opporsi all'iniziativa di licenziamento.<\/p>\n<h2>Ulteriori cambiamenti nel comitato esecutivo<\/h2>\n<p>Alla riunione generale di quest'anno, sette nuovi membri sono stati eletti nel consiglio:<\/p>\n<ul>\n<li><strong>Thomas Bucher<\/strong>, responsabile dei servizi finanziari (CFO), membro della direzione di Alpiq Holding SA.<\/li>\n<li><strong>Peter Derendinger<\/strong>, Presidente del Consiglio di Amministrazione di Credit Suisse (Svizzera) Ltd.<\/li>\n<li><strong>Carl Illi<\/strong>, Proprietario CWC Textil AG, Presidente Swiss Textiles<\/li>\n<li><strong>Annette Luther<\/strong>, Segretario Generale Roche<\/li>\n<li><strong>Christoph M\u00e4der<\/strong>, membro del consiglio di amministrazione della Basilese Holding Ltd<\/li>\n<li><strong>Emmanuel Raffner<\/strong>, Proprietario Industrie Lauener SA, Boudry<\/li>\n<li><strong>Thomas Wellauer<\/strong>, Presidente del Consiglio di Amministrazione SIX Group Ltd<\/li>\n<\/ul>\n<p><strong>Peter Derendinger\u00a0<\/strong>\u00e8 ora anche membro del comitato direttivo di economiesuisse. In qualit\u00e0 di rappresentante dell'Associazione svizzera dei banchieri, sostituisce l'ex membro del comitato direttivo\u00a0<strong>Lukas G\u00e4hwiler<\/strong>che rimane nel consiglio di amministrazione. <strong>Heinz Karrer<\/strong>\u00a0(Presidente, fino al 30 settembre 2020) e\u00a0<strong>Rolf D\u00f6rig<\/strong>\u00a0(Questore, un altro termine della carica) sono stati confermati nei loro uffici.<\/p>\n<h2><strong>Nuovo membro dell'associazione<\/strong><\/h2>\n<p>Gi\u00e0 nell'autunno 2019, il consiglio di economiesuisse ha accettato un nuovo membro nell'organizzazione ombrello. Questo \u00e8 IG Landesflugh\u00e4fen BSL, GVA, ZRH. I tre aeroporti nazionali EuroAirport Basel-Mulhouse-Freiburg, Gen\u00e8ve A\u00e9roport e Zurich Airport erano gi\u00e0 membri di economiesuisse insieme agli aeroporti regionali tramite la Swiss International Airports Association (SIAA). La SIAA si \u00e8 dissolta de facto l'anno scorso e si \u00e8 ritirata dall'adesione a economiesuisse. Poich\u00e9 i tre aeroporti nazionali desiderano partecipare anche in futuro alla definizione delle condizioni quadro per le infrastrutture del trasporto aereo in Svizzera, si sono riorganizzati come IG Landesflugh\u00e4fen. economiesuisse d\u00e0 il benvenuto al nuovo membro e si augura di poter lavorare insieme.<\/p>\n<p><em>Ulteriori informazioni: <a href=\"https:\/\/www.economiesuisse.ch\/de\/tags\/economiesuisse\" hreflang=\"de\">economiesuisse<\/a><\/em><\/p>\n<\/div>\n<\/div>","protected":false},"excerpt":{"rendered":"<p>Neben dem neuen Pr\u00e4sidium hat die Mitgliederversammlung der economiesuisse sieben neue Vorstandsmitglieder gew\u00e4hlt. Und ebenfalls heisst der Wirtschafts-Dachverband ein neues Mitglied\u00a0 willkommen: die IG Landesflugh\u00e4fen. Christoph M\u00e4der, ein Pr\u00e4sident aus den &#8222;eigenen Reihen&#8220; Christoph M\u00e4der kennt economiesuisse bereits hervorragend: Von 2008 bis 2019 war er Mitglied des Vorstandsausschusses und von 2011 bis 2017 war er [&hellip;]<\/p>\n","protected":false},"author":4,"featured_media":7081,"comment_status":"closed","ping_status":"closed","sticky":false,"template":"","format":"standard","meta":{"_acf_changed":false,"_yoast_wpseo_focuskw":"Christoph M\u00e4der","_yoast_wpseo_metadesc":"Der Vorstand von economiesuisse hat Christoph M\u00e4der einstimmig zum neuen Pr\u00e4sidenten des Wirtschaftsdachverbands gew\u00e4hlt.","articlekey":"","footnotes":""},"categories":[28],"tags":[381,503,531],"class_list":["post-7080","post","type-post","status-publish","format-standard","has-post-thumbnail","hentry","category-management","tag-personalia","tag-verbaende","tag-wirtschaftspolitik"],"acf":[],"yoast_head":"<!-- This site is optimized with the Yoast SEO plugin v27.4 - https:\/\/yoast.com\/product\/yoast-seo-wordpress\/ -->\n<title>Christoph M\u00e4der neuer Pr\u00e4sident von economiesuisse - Organisator<\/title>\n<meta name=\"description\" content=\"Der Vorstand von economiesuisse hat Christoph M\u00e4der einstimmig zum neuen Pr\u00e4sidenten des Wirtschaftsdachverbands gew\u00e4hlt.\" \/>\n<meta name=\"robots\" content=\"index, follow, max-snippet:-1, max-image-preview:large, max-video-preview:-1\" \/>\n<link rel=\"canonical\" href=\"https:\/\/www.organisator.ch\/it\/gestione-2\/2020-09-04\/christoph-maeder-neuer-praesident-von-economiesuisse\/\" \/>\n<meta property=\"og:locale\" content=\"it_IT\" \/>\n<meta property=\"og:type\" content=\"article\" \/>\n<meta property=\"og:title\" content=\"Christoph M\u00e4der neuer Pr\u00e4sident von economiesuisse\" \/>\n<meta property=\"og:description\" content=\"Der Vorstand von economiesuisse hat Christoph M\u00e4der einstimmig zum neuen Pr\u00e4sidenten des Wirtschaftsdachverbands gew\u00e4hlt.\" \/>\n<meta property=\"og:url\" content=\"https:\/\/www.organisator.ch\/it\/gestione-2\/2020-09-04\/christoph-maeder-neuer-praesident-von-economiesuisse\/\" \/>\n<meta property=\"og:site_name\" content=\"Organisator\" \/>\n<meta property=\"article:publisher\" content=\"https:\/\/www.facebook.com\/OrganisatorFachmagazin\" \/>\n<meta property=\"article:published_time\" content=\"2020-09-04T09:04:51+00:00\" \/>\n<meta property=\"og:image\" content=\"https:\/\/www.organisator.ch\/wp-content\/uploads\/2020\/09\/Christoph-Maeder-neuer-Praesident-von-economiesuisse_Organisator.jpg\" \/>\n\t<meta property=\"og:image:width\" content=\"680\" \/>\n\t<meta property=\"og:image:height\" content=\"470\" \/>\n\t<meta property=\"og:image:type\" content=\"image\/jpeg\" \/>\n<meta name=\"author\" content=\"thomas.berner\" \/>\n<meta name=\"twitter:card\" content=\"summary_large_image\" \/>\n<meta name=\"twitter:title\" content=\"Christoph M\u00e4der neuer Pr\u00e4sident von #economiesuisse\" \/>\n<meta name=\"twitter:description\" content=\"Der Vorstand von #economiesuisse hat Christoph M\u00e4der einstimmig zum neuen Pr\u00e4sidenten des #Wirtschaftsdachverbands gew\u00e4hlt.\" \/>\n<meta name=\"twitter:image\" content=\"https:\/\/www.organisator.ch\/wp-content\/uploads\/2020\/09\/Christoph-Maeder-neuer-Praesident-von-economiesuisse_Organisator.jpg\" \/>\n<script type=\"application\/ld+json\" class=\"yoast-schema-graph\">{\"@context\":\"https:\\\/\\\/schema.org\",\"@graph\":[{\"@type\":\"Article\",\"@id\":\"https:\\\/\\\/www.organisator.ch\\\/management\\\/2020-09-04\\\/christoph-maeder-neuer-praesident-von-economiesuisse\\\/#article\",\"isPartOf\":{\"@id\":\"https:\\\/\\\/www.organisator.ch\\\/management\\\/2020-09-04\\\/christoph-maeder-neuer-praesident-von-economiesuisse\\\/\"},\"author\":{\"name\":\"thomas.berner\",\"@id\":\"https:\\\/\\\/www.organisator.ch\\\/#\\\/schema\\\/person\\\/6f650f90b2842cd4c0cc334b4e36f67e\"},\"headline\":\"Christoph M\u00e4der neuer Pr\u00e4sident von economiesuisse\",\"datePublished\":\"2020-09-04T09:04:51+00:00\",\"mainEntityOfPage\":{\"@id\":\"https:\\\/\\\/www.organisator.ch\\\/management\\\/2020-09-04\\\/christoph-maeder-neuer-praesident-von-economiesuisse\\\/\"},\"wordCount\":520,\"publisher\":{\"@id\":\"https:\\\/\\\/www.organisator.ch\\\/#organization\"},\"image\":{\"@id\":\"https:\\\/\\\/www.organisator.ch\\\/management\\\/2020-09-04\\\/christoph-maeder-neuer-praesident-von-economiesuisse\\\/#primaryimage\"},\"thumbnailUrl\":\"https:\\\/\\\/www.organisator.ch\\\/wp-content\\\/uploads\\\/2020\\\/09\\\/Christoph-Maeder-neuer-Praesident-von-economiesuisse_Organisator.jpg\",\"keywords\":[\"Personalia\",\"Verb\u00e4nde\",\"Wirtschaftspolitik\"],\"articleSection\":[\"MANAGEMENT\"],\"inLanguage\":\"it-IT\"},{\"@type\":\"WebPage\",\"@id\":\"https:\\\/\\\/www.organisator.ch\\\/management\\\/2020-09-04\\\/christoph-maeder-neuer-praesident-von-economiesuisse\\\/\",\"url\":\"https:\\\/\\\/www.organisator.ch\\\/management\\\/2020-09-04\\\/christoph-maeder-neuer-praesident-von-economiesuisse\\\/\",\"name\":\"Christoph M\u00e4der neuer Pr\u00e4sident von economiesuisse - Organisator\",\"isPartOf\":{\"@id\":\"https:\\\/\\\/www.organisator.ch\\\/#website\"},\"primaryImageOfPage\":{\"@id\":\"https:\\\/\\\/www.organisator.ch\\\/management\\\/2020-09-04\\\/christoph-maeder-neuer-praesident-von-economiesuisse\\\/#primaryimage\"},\"image\":{\"@id\":\"https:\\\/\\\/www.organisator.ch\\\/management\\\/2020-09-04\\\/christoph-maeder-neuer-praesident-von-economiesuisse\\\/#primaryimage\"},\"thumbnailUrl\":\"https:\\\/\\\/www.organisator.ch\\\/wp-content\\\/uploads\\\/2020\\\/09\\\/Christoph-Maeder-neuer-Praesident-von-economiesuisse_Organisator.jpg\",\"datePublished\":\"2020-09-04T09:04:51+00:00\",\"description\":\"Der Vorstand von economiesuisse hat Christoph M\u00e4der einstimmig zum neuen Pr\u00e4sidenten des Wirtschaftsdachverbands gew\u00e4hlt.\",\"breadcrumb\":{\"@id\":\"https:\\\/\\\/www.organisator.ch\\\/management\\\/2020-09-04\\\/christoph-maeder-neuer-praesident-von-economiesuisse\\\/#breadcrumb\"},\"inLanguage\":\"it-IT\",\"potentialAction\":[{\"@type\":\"ReadAction\",\"target\":[\"https:\\\/\\\/www.organisator.ch\\\/management\\\/2020-09-04\\\/christoph-maeder-neuer-praesident-von-economiesuisse\\\/\"]}]},{\"@type\":\"ImageObject\",\"inLanguage\":\"it-IT\",\"@id\":\"https:\\\/\\\/www.organisator.ch\\\/management\\\/2020-09-04\\\/christoph-maeder-neuer-praesident-von-economiesuisse\\\/#primaryimage\",\"url\":\"https:\\\/\\\/www.organisator.ch\\\/wp-content\\\/uploads\\\/2020\\\/09\\\/Christoph-Maeder-neuer-Praesident-von-economiesuisse_Organisator.jpg\",\"contentUrl\":\"https:\\\/\\\/www.organisator.ch\\\/wp-content\\\/uploads\\\/2020\\\/09\\\/Christoph-Maeder-neuer-Praesident-von-economiesuisse_Organisator.jpg\",\"width\":680,\"height\":470,\"caption\":\"Christoph M\u00e4der \u00fcbernimmt per 1. Oktober 2020 das Pr\u00e4sidium von economiesuisse. (Bild: zVg)\"},{\"@type\":\"BreadcrumbList\",\"@id\":\"https:\\\/\\\/www.organisator.ch\\\/management\\\/2020-09-04\\\/christoph-maeder-neuer-praesident-von-economiesuisse\\\/#breadcrumb\",\"itemListElement\":[{\"@type\":\"ListItem\",\"position\":1,\"name\":\"Home\",\"item\":\"https:\\\/\\\/www.organisator.ch\\\/\"},{\"@type\":\"ListItem\",\"position\":2,\"name\":\"Christoph M\u00e4der neuer Pr\u00e4sident von economiesuisse\"}]},{\"@type\":\"WebSite\",\"@id\":\"https:\\\/\\\/www.organisator.ch\\\/#website\",\"url\":\"https:\\\/\\\/www.organisator.ch\\\/\",\"name\":\"Organisator\",\"description\":\"Kompetent. Praxisnah. Der ORGANISATOR bereitet in 10 Ausgaben pro Jahr die wesentlichen Themen f\u00fcr F\u00fchrungskr\u00e4fte von KMU auf.\",\"publisher\":{\"@id\":\"https:\\\/\\\/www.organisator.ch\\\/#organization\"},\"potentialAction\":[{\"@type\":\"SearchAction\",\"target\":{\"@type\":\"EntryPoint\",\"urlTemplate\":\"https:\\\/\\\/www.organisator.ch\\\/?s={search_term_string}\"},\"query-input\":{\"@type\":\"PropertyValueSpecification\",\"valueRequired\":true,\"valueName\":\"search_term_string\"}}],\"inLanguage\":\"it-IT\"},{\"@type\":\"Organization\",\"@id\":\"https:\\\/\\\/www.organisator.ch\\\/#organization\",\"name\":\"Organisator\",\"url\":\"https:\\\/\\\/www.organisator.ch\\\/\",\"logo\":{\"@type\":\"ImageObject\",\"inLanguage\":\"it-IT\",\"@id\":\"https:\\\/\\\/www.organisator.ch\\\/#\\\/schema\\\/logo\\\/image\\\/\",\"url\":\"https:\\\/\\\/www.organisator.ch\\\/wp-content\\\/uploads\\\/2022\\\/01\\\/Logo_Organisator_Website.png\",\"contentUrl\":\"https:\\\/\\\/www.organisator.ch\\\/wp-content\\\/uploads\\\/2022\\\/01\\\/Logo_Organisator_Website.png\",\"width\":800,\"height\":77,\"caption\":\"Organisator\"},\"image\":{\"@id\":\"https:\\\/\\\/www.organisator.ch\\\/#\\\/schema\\\/logo\\\/image\\\/\"},\"sameAs\":[\"https:\\\/\\\/www.facebook.com\\\/OrganisatorFachmagazin\",\"https:\\\/\\\/www.linkedin.com\\\/showcase\\\/organisator-das-magazin-fr-kmu\",\"https:\\\/\\\/www.xing.com\\\/news\\\/pages\\\/organisator-ch-695\",\"https:\\\/\\\/www.youtube.com\\\/channel\\\/UCGP2Sq0iWaZwT3BdIAQFYpw\"]},{\"@type\":\"Person\",\"@id\":\"https:\\\/\\\/www.organisator.ch\\\/#\\\/schema\\\/person\\\/6f650f90b2842cd4c0cc334b4e36f67e\",\"name\":\"thomas.berner\",\"image\":{\"@type\":\"ImageObject\",\"inLanguage\":\"it-IT\",\"@id\":\"https:\\\/\\\/secure.gravatar.com\\\/avatar\\\/ac5001d2a36cb6c6cd3e50789007ffca834b477b74a2144564522e944eabff61?s=96&d=mm&r=g\",\"url\":\"https:\\\/\\\/secure.gravatar.com\\\/avatar\\\/ac5001d2a36cb6c6cd3e50789007ffca834b477b74a2144564522e944eabff61?s=96&d=mm&r=g\",\"contentUrl\":\"https:\\\/\\\/secure.gravatar.com\\\/avatar\\\/ac5001d2a36cb6c6cd3e50789007ffca834b477b74a2144564522e944eabff61?s=96&d=mm&r=g\",\"caption\":\"thomas.berner\"},\"url\":\"https:\\\/\\\/www.organisator.ch\\\/it\\\/author\\\/thomas-berner\\\/\"}]}<\/script>\n<!-- \/ Yoast SEO plugin. -->","yoast_head_json":{"title":"Christoph M\u00e4der nuovo presidente di economiesuisse - Organizzatore","description":"Il consiglio di amministrazione di economiesuisse ha eletto all'unanimit\u00e0 Christoph M\u00e4der nuovo presidente dell'associazione di categoria.","robots":{"index":"index","follow":"follow","max-snippet":"max-snippet:-1","max-image-preview":"max-image-preview:large","max-video-preview":"max-video-preview:-1"},"canonical":"https:\/\/www.organisator.ch\/it\/gestione-2\/2020-09-04\/christoph-maeder-neuer-praesident-von-economiesuisse\/","og_locale":"it_IT","og_type":"article","og_title":"Christoph M\u00e4der neuer Pr\u00e4sident von economiesuisse","og_description":"Der Vorstand von economiesuisse hat Christoph M\u00e4der einstimmig zum neuen Pr\u00e4sidenten des Wirtschaftsdachverbands gew\u00e4hlt.","og_url":"https:\/\/www.organisator.ch\/it\/gestione-2\/2020-09-04\/christoph-maeder-neuer-praesident-von-economiesuisse\/","og_site_name":"Organisator","article_publisher":"https:\/\/www.facebook.com\/OrganisatorFachmagazin","article_published_time":"2020-09-04T09:04:51+00:00","og_image":[{"width":680,"height":470,"url":"https:\/\/www.organisator.ch\/wp-content\/uploads\/2020\/09\/Christoph-Maeder-neuer-Praesident-von-economiesuisse_Organisator.jpg","type":"image\/jpeg"}],"author":"thomas.berner","twitter_card":"summary_large_image","twitter_title":"Christoph M\u00e4der neuer Pr\u00e4sident von #economiesuisse","twitter_description":"Der Vorstand von #economiesuisse hat Christoph M\u00e4der einstimmig zum neuen Pr\u00e4sidenten des #Wirtschaftsdachverbands gew\u00e4hlt.","twitter_image":"https:\/\/www.organisator.ch\/wp-content\/uploads\/2020\/09\/Christoph-Maeder-neuer-Praesident-von-economiesuisse_Organisator.jpg","schema":{"@context":"https:\/\/schema.org","@graph":[{"@type":"Article","@id":"https:\/\/www.organisator.ch\/management\/2020-09-04\/christoph-maeder-neuer-praesident-von-economiesuisse\/#article","isPartOf":{"@id":"https:\/\/www.organisator.ch\/management\/2020-09-04\/christoph-maeder-neuer-praesident-von-economiesuisse\/"},"author":{"name":"thomas.berner","@id":"https:\/\/www.organisator.ch\/#\/schema\/person\/6f650f90b2842cd4c0cc334b4e36f67e"},"headline":"Christoph M\u00e4der neuer Pr\u00e4sident von economiesuisse","datePublished":"2020-09-04T09:04:51+00:00","mainEntityOfPage":{"@id":"https:\/\/www.organisator.ch\/management\/2020-09-04\/christoph-maeder-neuer-praesident-von-economiesuisse\/"},"wordCount":520,"publisher":{"@id":"https:\/\/www.organisator.ch\/#organization"},"image":{"@id":"https:\/\/www.organisator.ch\/management\/2020-09-04\/christoph-maeder-neuer-praesident-von-economiesuisse\/#primaryimage"},"thumbnailUrl":"https:\/\/www.organisator.ch\/wp-content\/uploads\/2020\/09\/Christoph-Maeder-neuer-Praesident-von-economiesuisse_Organisator.jpg","keywords":["Personalia","Verb\u00e4nde","Wirtschaftspolitik"],"articleSection":["MANAGEMENT"],"inLanguage":"it-IT"},{"@type":"WebPage","@id":"https:\/\/www.organisator.ch\/management\/2020-09-04\/christoph-maeder-neuer-praesident-von-economiesuisse\/","url":"https:\/\/www.organisator.ch\/management\/2020-09-04\/christoph-maeder-neuer-praesident-von-economiesuisse\/","name":"Christoph M\u00e4der nuovo presidente di economiesuisse - Organizzatore","isPartOf":{"@id":"https:\/\/www.organisator.ch\/#website"},"primaryImageOfPage":{"@id":"https:\/\/www.organisator.ch\/management\/2020-09-04\/christoph-maeder-neuer-praesident-von-economiesuisse\/#primaryimage"},"image":{"@id":"https:\/\/www.organisator.ch\/management\/2020-09-04\/christoph-maeder-neuer-praesident-von-economiesuisse\/#primaryimage"},"thumbnailUrl":"https:\/\/www.organisator.ch\/wp-content\/uploads\/2020\/09\/Christoph-Maeder-neuer-Praesident-von-economiesuisse_Organisator.jpg","datePublished":"2020-09-04T09:04:51+00:00","description":"Il consiglio di amministrazione di economiesuisse ha eletto all'unanimit\u00e0 Christoph M\u00e4der nuovo presidente dell'associazione di categoria.","breadcrumb":{"@id":"https:\/\/www.organisator.ch\/management\/2020-09-04\/christoph-maeder-neuer-praesident-von-economiesuisse\/#breadcrumb"},"inLanguage":"it-IT","potentialAction":[{"@type":"ReadAction","target":["https:\/\/www.organisator.ch\/management\/2020-09-04\/christoph-maeder-neuer-praesident-von-economiesuisse\/"]}]},{"@type":"ImageObject","inLanguage":"it-IT","@id":"https:\/\/www.organisator.ch\/management\/2020-09-04\/christoph-maeder-neuer-praesident-von-economiesuisse\/#primaryimage","url":"https:\/\/www.organisator.ch\/wp-content\/uploads\/2020\/09\/Christoph-Maeder-neuer-Praesident-von-economiesuisse_Organisator.jpg","contentUrl":"https:\/\/www.organisator.ch\/wp-content\/uploads\/2020\/09\/Christoph-Maeder-neuer-Praesident-von-economiesuisse_Organisator.jpg","width":680,"height":470,"caption":"Christoph M\u00e4der \u00fcbernimmt per 1. Oktober 2020 das Pr\u00e4sidium von economiesuisse. (Bild: zVg)"},{"@type":"BreadcrumbList","@id":"https:\/\/www.organisator.ch\/management\/2020-09-04\/christoph-maeder-neuer-praesident-von-economiesuisse\/#breadcrumb","itemListElement":[{"@type":"ListItem","position":1,"name":"Home","item":"https:\/\/www.organisator.ch\/"},{"@type":"ListItem","position":2,"name":"Christoph M\u00e4der neuer Pr\u00e4sident von economiesuisse"}]},{"@type":"WebSite","@id":"https:\/\/www.organisator.ch\/#website","url":"https:\/\/www.organisator.ch\/","name":"Organizzatore","description":"Competente. Pratico. In 10 numeri all'anno, ORGANISATOR presenta i temi essenziali per i manager delle PMI.","publisher":{"@id":"https:\/\/www.organisator.ch\/#organization"},"potentialAction":[{"@type":"SearchAction","target":{"@type":"EntryPoint","urlTemplate":"https:\/\/www.organisator.ch\/?s={search_term_string}"},"query-input":{"@type":"PropertyValueSpecification","valueRequired":true,"valueName":"search_term_string"}}],"inLanguage":"it-IT"},{"@type":"Organization","@id":"https:\/\/www.organisator.ch\/#organization","name":"Organizzatore","url":"https:\/\/www.organisator.ch\/","logo":{"@type":"ImageObject","inLanguage":"it-IT","@id":"https:\/\/www.organisator.ch\/#\/schema\/logo\/image\/","url":"https:\/\/www.organisator.ch\/wp-content\/uploads\/2022\/01\/Logo_Organisator_Website.png","contentUrl":"https:\/\/www.organisator.ch\/wp-content\/uploads\/2022\/01\/Logo_Organisator_Website.png","width":800,"height":77,"caption":"Organisator"},"image":{"@id":"https:\/\/www.organisator.ch\/#\/schema\/logo\/image\/"},"sameAs":["https:\/\/www.facebook.com\/OrganisatorFachmagazin","https:\/\/www.linkedin.com\/showcase\/organisator-das-magazin-fr-kmu","https:\/\/www.xing.com\/news\/pages\/organisator-ch-695","https:\/\/www.youtube.com\/channel\/UCGP2Sq0iWaZwT3BdIAQFYpw"]},{"@type":"Person","@id":"https:\/\/www.organisator.ch\/#\/schema\/person\/6f650f90b2842cd4c0cc334b4e36f67e","name":"Tommaso.berner","image":{"@type":"ImageObject","inLanguage":"it-IT","@id":"https:\/\/secure.gravatar.com\/avatar\/ac5001d2a36cb6c6cd3e50789007ffca834b477b74a2144564522e944eabff61?s=96&d=mm&r=g","url":"https:\/\/secure.gravatar.com\/avatar\/ac5001d2a36cb6c6cd3e50789007ffca834b477b74a2144564522e944eabff61?s=96&d=mm&r=g","contentUrl":"https:\/\/secure.gravatar.com\/avatar\/ac5001d2a36cb6c6cd3e50789007ffca834b477b74a2144564522e944eabff61?s=96&d=mm&r=g","caption":"thomas.berner"},"url":"https:\/\/www.organisator.ch\/it\/author\/thomas-berner\/"}]}},"_links":{"self":[{"href":"https:\/\/www.organisator.ch\/it\/wp-json\/wp\/v2\/posts\/7080","targetHints":{"allow":["GET"]}}],"collection":[{"href":"https:\/\/www.organisator.ch\/it\/wp-json\/wp\/v2\/posts"}],"about":[{"href":"https:\/\/www.organisator.ch\/it\/wp-json\/wp\/v2\/types\/post"}],"author":[{"embeddable":true,"href":"https:\/\/www.organisator.ch\/it\/wp-json\/wp\/v2\/users\/4"}],"replies":[{"embeddable":true,"href":"https:\/\/www.organisator.ch\/it\/wp-json\/wp\/v2\/comments?post=7080"}],"version-history":[{"count":0,"href":"https:\/\/www.organisator.ch\/it\/wp-json\/wp\/v2\/posts\/7080\/revisions"}],"wp:featuredmedia":[{"embeddable":true,"href":"https:\/\/www.organisator.ch\/it\/wp-json\/wp\/v2\/media\/7081"}],"wp:attachment":[{"href":"https:\/\/www.organisator.ch\/it\/wp-json\/wp\/v2\/media?parent=7080"}],"wp:term":[{"taxonomy":"category","embeddable":true,"href":"https:\/\/www.organisator.ch\/it\/wp-json\/wp\/v2\/categories?post=7080"},{"taxonomy":"post_tag","embeddable":true,"href":"https:\/\/www.organisator.ch\/it\/wp-json\/wp\/v2\/tags?post=7080"}],"curies":[{"name":"wp","href":"https:\/\/api.w.org\/{rel}","templated":true}]}}