{"id":7100,"date":"2020-09-09T08:27:05","date_gmt":"2020-09-09T06:27:05","guid":{"rendered":"https:\/\/www.organisator.ch\/?p=7100"},"modified":"2020-09-09T08:27:05","modified_gmt":"2020-09-09T06:27:05","slug":"andrea-ming-wird-neue-direktorin-des-campus-sursee","status":"publish","type":"post","link":"https:\/\/www.organisator.ch\/it\/management\/2020-09-09\/andrea-ming-wird-neue-direktorin-des-campus-sursee\/","title":{"rendered":"Andrea Ming diventa il nuovo direttore del Campus Sursee"},"content":{"rendered":"<figure id=\"attachment_7101\" aria-describedby=\"caption-attachment-7101\" style=\"width: 680px\" class=\"wp-caption alignnone\"><img loading=\"lazy\" decoding=\"async\" class=\"size-medium wp-image-7101\" src=\"https:\/\/www.organisator.ch\/wp-content\/uploads\/2020\/09\/Andrea-Ming-wird-neue-Direktorin-des-Campus-Sursee_Organisator.jpg\" alt=\"\" width=\"680\" height=\"388\" srcset=\"https:\/\/www.organisator.ch\/wp-content\/uploads\/2020\/09\/Andrea-Ming-wird-neue-Direktorin-des-Campus-Sursee_Organisator.jpg 680w, https:\/\/www.organisator.ch\/wp-content\/uploads\/2020\/09\/Andrea-Ming-wird-neue-Direktorin-des-Campus-Sursee_Organisator-16x9.jpg 16w, https:\/\/www.organisator.ch\/wp-content\/uploads\/2020\/09\/Andrea-Ming-wird-neue-Direktorin-des-Campus-Sursee_Organisator-307x175.jpg 307w, https:\/\/www.organisator.ch\/wp-content\/uploads\/2020\/09\/Andrea-Ming-wird-neue-Direktorin-des-Campus-Sursee_Organisator-613x350.jpg 613w, https:\/\/www.organisator.ch\/wp-content\/uploads\/2020\/09\/Andrea-Ming-wird-neue-Direktorin-des-Campus-Sursee_Organisator-300x171.jpg 300w\" sizes=\"auto, (max-width: 680px) 100vw, 680px\" \/><figcaption id=\"caption-attachment-7101\" class=\"wp-caption-text\">Il nuovo direttore del Campus Sursee da marzo 2021: Andrea Ming. (Immagine: zVg)<\/figcaption><\/figure>\n<p>Il Consiglio di amministrazione del Sursee Campus ha eletto Andrea Ming nuovo direttore del Sursee Campus. Assumer\u00e0 l'incarico il 1\u00b0 marzo 2021. Andrea Ming \u00e8 responsabile della Direzione Scuole Club e Strutture per il tempo libero della Federazione delle Cooperative Migros (MGB) dal 2012. In precedenza, ha ricoperto per cinque anni il ruolo di responsabile delle strutture per il tempo libero. Si \u00e8 diplomata come insegnante federale di sport presso il Politecnico di Zurigo e ha conseguito un Executive MBA presso l'Universit\u00e0 di San Gallo. Ming succede a Daniel Suter, andato in pensione alla fine di luglio 2020. Dall'agosto 2020, Thomas Stocker, vicedirettore e amministratore delegato del Centro di formazione per l'edilizia, dirige ad interim il campus di Sursee.<\/p>\n<h2>Definire la rotta strategica<\/h2>\n<p>Gian-Luca Lardi, Presidente del Consiglio di Fondazione, \u00e8 soddisfatto dell'elezione. \"Con Andrea Ming, abbiamo a bordo un leader integrato con una lunga esperienza nel campo dell'istruzione e dello sport. La sua personalit\u00e0 vincente e comunicativa \u00e8 ideale per il campus di Sursee\". Il compito di Ming sar\u00e0, tra l'altro, quello di definire e attuare il percorso strategico per i prossimi anni in stretta collaborazione con il Consiglio di Fondazione. L'attenzione sar\u00e0 rivolta all'istruzione e alla formazione per l'industria delle costruzioni. Naturalmente, anche il palazzetto dello sport e il centro seminariale, entrato in funzione un anno fa, svolgeranno un ruolo importante. Ci\u00f2 consentir\u00e0 al campus di Sursee di rivolgersi a un'ampia clientela nazionale.<\/p>\n<h2>Successione \"dall'interno dei ranghi<\/h2>\n<p>Andrea Ming era membro del Consiglio della Fondazione Sursee Campus dal 1\u00b0 agosto 2019; si \u00e8 dimessa da questa posizione alla fine di agosto. Ci sar\u00e0 quindi un periodo di riflessione di sei mesi fino all'assunzione dell'incarico.<\/p>\n<p>Andrea Ming ha 46 anni e vive a Edlibach, nel cantone di Zugo. Il Consiglio di Amministrazione \u00e8 lieto di averla tra le sue fila ed \u00e8 convinto che insieme condurranno il Campus Sursee verso un futuro di successo.<\/p>\n<p><em>Fonte e ulteriori informazioni: <a href=\"http:\/\/www.campus-sursee.ch\">Campus Sursee<\/a><\/em><\/p>","protected":false},"excerpt":{"rendered":"<p>Der Stiftungsrat des Campus Sursee hat Andrea Ming zur neuen Direktorin des Campus Sursee gew\u00e4hlt. Sie nimmt ihre T\u00e4tigkeit am 1. M\u00e4rz 2021 auf. Andrea Ming ist seit 2012 Leiterin der Direktion Klubschulen und Freizeitanlagen beim Migros-Genossenschafts-Bund (MGB). Zuvor hatte sie dort w\u00e4hrend f\u00fcnf Jahren die Position als Leiterin Freizeit und Freizeitanlagen inne. Sie absolvierte [&hellip;]<\/p>\n","protected":false},"author":4,"featured_media":7101,"comment_status":"closed","ping_status":"closed","sticky":false,"template":"","format":"standard","meta":{"_acf_changed":false,"_yoast_wpseo_focuskw":"Andrea Ming","_yoast_wpseo_metadesc":"Ab 1. M\u00e4rz 2021 \u00fcbernimmt Andrea Ming die Direktion des Campus Sursee. Sie tritt die Nachfolge von Daniel Suter an, der Ende Juli 2020 in Pension ging.","articlekey":"","footnotes":""},"categories":[28],"tags":[335,381,492],"class_list":["post-7100","post","type-post","status-publish","format-standard","has-post-thumbnail","hentry","category-management","tag-management-und-unternehmensfuehrung","tag-personalia","tag-unternehmen"],"acf":[],"yoast_head":"<!-- This site is optimized with the Yoast SEO plugin v27.5 - https:\/\/yoast.com\/product\/yoast-seo-wordpress\/ -->\n<title>Andrea Ming wird neue Direktorin des Campus Sursee - Organisator<\/title>\n<meta name=\"description\" content=\"Ab 1. M\u00e4rz 2021 \u00fcbernimmt Andrea Ming die Direktion des Campus Sursee. Sie tritt die Nachfolge von Daniel Suter an, der Ende Juli 2020 in Pension ging.\" \/>\n<meta name=\"robots\" content=\"index, follow, max-snippet:-1, max-image-preview:large, max-video-preview:-1\" \/>\n<link rel=\"canonical\" href=\"https:\/\/www.organisator.ch\/it\/gestione-2\/2020-09-09\/andrea-ming-wird-neue-direktorin-des-campus-sursee\/\" \/>\n<meta property=\"og:locale\" content=\"it_IT\" \/>\n<meta property=\"og:type\" content=\"article\" \/>\n<meta property=\"og:title\" content=\"Andrea Ming wird neue Direktorin des Campus Sursee\" \/>\n<meta property=\"og:description\" content=\"Ab 1. M\u00e4rz 2021 \u00fcbernimmt Andrea Ming die Direktion des Campus Sursee. Sie tritt die Nachfolge von Daniel Suter an, der Ende Juli 2020 in Pension ging.\" \/>\n<meta property=\"og:url\" content=\"https:\/\/www.organisator.ch\/it\/gestione-2\/2020-09-09\/andrea-ming-wird-neue-direktorin-des-campus-sursee\/\" \/>\n<meta property=\"og:site_name\" content=\"Organisator\" \/>\n<meta property=\"article:publisher\" content=\"https:\/\/www.facebook.com\/OrganisatorFachmagazin\" \/>\n<meta property=\"article:published_time\" content=\"2020-09-09T06:27:05+00:00\" \/>\n<meta property=\"og:image\" content=\"https:\/\/www.organisator.ch\/wp-content\/uploads\/2020\/09\/Andrea-Ming-wird-neue-Direktorin-des-Campus-Sursee_Organisator.jpg\" \/>\n\t<meta property=\"og:image:width\" content=\"680\" \/>\n\t<meta property=\"og:image:height\" content=\"388\" \/>\n\t<meta property=\"og:image:type\" content=\"image\/jpeg\" \/>\n<meta name=\"author\" content=\"thomas.berner\" \/>\n<meta name=\"twitter:card\" content=\"summary_large_image\" \/>\n<meta name=\"twitter:title\" content=\"#AndreaMing wird neue Direktorin des #CampusSursee\" \/>\n<meta name=\"twitter:description\" content=\"Ab 1. M\u00e4rz 2021 \u00fcbernimmt Andrea Ming die Direktion des Campus Sursee. Sie tritt die Nachfolge von Daniel Suter an, der Ende Juli 2020 in Pension ging.\" \/>\n<meta name=\"twitter:image\" content=\"https:\/\/www.organisator.ch\/wp-content\/uploads\/2020\/09\/Andrea-Ming-wird-neue-Direktorin-des-Campus-Sursee_Organisator.jpg\" \/>\n<script type=\"application\/ld+json\" class=\"yoast-schema-graph\">{\"@context\":\"https:\\\/\\\/schema.org\",\"@graph\":[{\"@type\":\"Article\",\"@id\":\"https:\\\/\\\/www.organisator.ch\\\/management\\\/2020-09-09\\\/andrea-ming-wird-neue-direktorin-des-campus-sursee\\\/#article\",\"isPartOf\":{\"@id\":\"https:\\\/\\\/www.organisator.ch\\\/management\\\/2020-09-09\\\/andrea-ming-wird-neue-direktorin-des-campus-sursee\\\/\"},\"author\":{\"name\":\"thomas.berner\",\"@id\":\"https:\\\/\\\/www.organisator.ch\\\/#\\\/schema\\\/person\\\/6f650f90b2842cd4c0cc334b4e36f67e\"},\"headline\":\"Andrea Ming wird neue Direktorin des Campus Sursee\",\"datePublished\":\"2020-09-09T06:27:05+00:00\",\"mainEntityOfPage\":{\"@id\":\"https:\\\/\\\/www.organisator.ch\\\/management\\\/2020-09-09\\\/andrea-ming-wird-neue-direktorin-des-campus-sursee\\\/\"},\"wordCount\":335,\"publisher\":{\"@id\":\"https:\\\/\\\/www.organisator.ch\\\/#organization\"},\"image\":{\"@id\":\"https:\\\/\\\/www.organisator.ch\\\/management\\\/2020-09-09\\\/andrea-ming-wird-neue-direktorin-des-campus-sursee\\\/#primaryimage\"},\"thumbnailUrl\":\"https:\\\/\\\/www.organisator.ch\\\/wp-content\\\/uploads\\\/2020\\\/09\\\/Andrea-Ming-wird-neue-Direktorin-des-Campus-Sursee_Organisator.jpg\",\"keywords\":[\"Management und Unternehmensf\u00fchrung\",\"Personalia\",\"Unternehmen\"],\"articleSection\":[\"MANAGEMENT\"],\"inLanguage\":\"it-IT\"},{\"@type\":\"WebPage\",\"@id\":\"https:\\\/\\\/www.organisator.ch\\\/management\\\/2020-09-09\\\/andrea-ming-wird-neue-direktorin-des-campus-sursee\\\/\",\"url\":\"https:\\\/\\\/www.organisator.ch\\\/management\\\/2020-09-09\\\/andrea-ming-wird-neue-direktorin-des-campus-sursee\\\/\",\"name\":\"Andrea Ming wird neue Direktorin des Campus Sursee - Organisator\",\"isPartOf\":{\"@id\":\"https:\\\/\\\/www.organisator.ch\\\/#website\"},\"primaryImageOfPage\":{\"@id\":\"https:\\\/\\\/www.organisator.ch\\\/management\\\/2020-09-09\\\/andrea-ming-wird-neue-direktorin-des-campus-sursee\\\/#primaryimage\"},\"image\":{\"@id\":\"https:\\\/\\\/www.organisator.ch\\\/management\\\/2020-09-09\\\/andrea-ming-wird-neue-direktorin-des-campus-sursee\\\/#primaryimage\"},\"thumbnailUrl\":\"https:\\\/\\\/www.organisator.ch\\\/wp-content\\\/uploads\\\/2020\\\/09\\\/Andrea-Ming-wird-neue-Direktorin-des-Campus-Sursee_Organisator.jpg\",\"datePublished\":\"2020-09-09T06:27:05+00:00\",\"description\":\"Ab 1. M\u00e4rz 2021 \u00fcbernimmt Andrea Ming die Direktion des Campus Sursee. Sie tritt die Nachfolge von Daniel Suter an, der Ende Juli 2020 in Pension ging.\",\"breadcrumb\":{\"@id\":\"https:\\\/\\\/www.organisator.ch\\\/management\\\/2020-09-09\\\/andrea-ming-wird-neue-direktorin-des-campus-sursee\\\/#breadcrumb\"},\"inLanguage\":\"it-IT\",\"potentialAction\":[{\"@type\":\"ReadAction\",\"target\":[\"https:\\\/\\\/www.organisator.ch\\\/management\\\/2020-09-09\\\/andrea-ming-wird-neue-direktorin-des-campus-sursee\\\/\"]}]},{\"@type\":\"ImageObject\",\"inLanguage\":\"it-IT\",\"@id\":\"https:\\\/\\\/www.organisator.ch\\\/management\\\/2020-09-09\\\/andrea-ming-wird-neue-direktorin-des-campus-sursee\\\/#primaryimage\",\"url\":\"https:\\\/\\\/www.organisator.ch\\\/wp-content\\\/uploads\\\/2020\\\/09\\\/Andrea-Ming-wird-neue-Direktorin-des-Campus-Sursee_Organisator.jpg\",\"contentUrl\":\"https:\\\/\\\/www.organisator.ch\\\/wp-content\\\/uploads\\\/2020\\\/09\\\/Andrea-Ming-wird-neue-Direktorin-des-Campus-Sursee_Organisator.jpg\",\"width\":680,\"height\":388,\"caption\":\"Ab M\u00e4rz 2021 die neue Direktorin von Campus Sursee: Andrea Ming. (Bild: zVg)\"},{\"@type\":\"BreadcrumbList\",\"@id\":\"https:\\\/\\\/www.organisator.ch\\\/management\\\/2020-09-09\\\/andrea-ming-wird-neue-direktorin-des-campus-sursee\\\/#breadcrumb\",\"itemListElement\":[{\"@type\":\"ListItem\",\"position\":1,\"name\":\"Home\",\"item\":\"https:\\\/\\\/www.organisator.ch\\\/\"},{\"@type\":\"ListItem\",\"position\":2,\"name\":\"Andrea Ming wird neue Direktorin des Campus Sursee\"}]},{\"@type\":\"WebSite\",\"@id\":\"https:\\\/\\\/www.organisator.ch\\\/#website\",\"url\":\"https:\\\/\\\/www.organisator.ch\\\/\",\"name\":\"Organisator\",\"description\":\"Kompetent. Praxisnah. Der ORGANISATOR bereitet in 10 Ausgaben pro Jahr die wesentlichen Themen f\u00fcr F\u00fchrungskr\u00e4fte von KMU auf.\",\"publisher\":{\"@id\":\"https:\\\/\\\/www.organisator.ch\\\/#organization\"},\"potentialAction\":[{\"@type\":\"SearchAction\",\"target\":{\"@type\":\"EntryPoint\",\"urlTemplate\":\"https:\\\/\\\/www.organisator.ch\\\/?s={search_term_string}\"},\"query-input\":{\"@type\":\"PropertyValueSpecification\",\"valueRequired\":true,\"valueName\":\"search_term_string\"}}],\"inLanguage\":\"it-IT\"},{\"@type\":\"Organization\",\"@id\":\"https:\\\/\\\/www.organisator.ch\\\/#organization\",\"name\":\"Organisator\",\"url\":\"https:\\\/\\\/www.organisator.ch\\\/\",\"logo\":{\"@type\":\"ImageObject\",\"inLanguage\":\"it-IT\",\"@id\":\"https:\\\/\\\/www.organisator.ch\\\/#\\\/schema\\\/logo\\\/image\\\/\",\"url\":\"https:\\\/\\\/www.organisator.ch\\\/wp-content\\\/uploads\\\/2022\\\/01\\\/Logo_Organisator_Website.png\",\"contentUrl\":\"https:\\\/\\\/www.organisator.ch\\\/wp-content\\\/uploads\\\/2022\\\/01\\\/Logo_Organisator_Website.png\",\"width\":800,\"height\":77,\"caption\":\"Organisator\"},\"image\":{\"@id\":\"https:\\\/\\\/www.organisator.ch\\\/#\\\/schema\\\/logo\\\/image\\\/\"},\"sameAs\":[\"https:\\\/\\\/www.facebook.com\\\/OrganisatorFachmagazin\",\"https:\\\/\\\/www.linkedin.com\\\/showcase\\\/organisator-das-magazin-fr-kmu\",\"https:\\\/\\\/www.xing.com\\\/news\\\/pages\\\/organisator-ch-695\",\"https:\\\/\\\/www.youtube.com\\\/channel\\\/UCGP2Sq0iWaZwT3BdIAQFYpw\"]},{\"@type\":\"Person\",\"@id\":\"https:\\\/\\\/www.organisator.ch\\\/#\\\/schema\\\/person\\\/6f650f90b2842cd4c0cc334b4e36f67e\",\"name\":\"thomas.berner\",\"image\":{\"@type\":\"ImageObject\",\"inLanguage\":\"it-IT\",\"@id\":\"https:\\\/\\\/secure.gravatar.com\\\/avatar\\\/ac5001d2a36cb6c6cd3e50789007ffca834b477b74a2144564522e944eabff61?s=96&d=mm&r=g\",\"url\":\"https:\\\/\\\/secure.gravatar.com\\\/avatar\\\/ac5001d2a36cb6c6cd3e50789007ffca834b477b74a2144564522e944eabff61?s=96&d=mm&r=g\",\"contentUrl\":\"https:\\\/\\\/secure.gravatar.com\\\/avatar\\\/ac5001d2a36cb6c6cd3e50789007ffca834b477b74a2144564522e944eabff61?s=96&d=mm&r=g\",\"caption\":\"thomas.berner\"},\"url\":\"https:\\\/\\\/www.organisator.ch\\\/it\\\/author\\\/thomas-berner\\\/\"}]}<\/script>\n<!-- \/ Yoast SEO plugin. -->","yoast_head_json":{"title":"Andrea Ming diventa il nuovo direttore del Sursee Campus - Organizzatore","description":"Dal 1\u00b0 marzo 2021, Andrea Ming assumer\u00e0 la direzione del Sursee Campus. Succede a Daniel Suter, che \u00e8 andato in pensione alla fine di luglio 2020.","robots":{"index":"index","follow":"follow","max-snippet":"max-snippet:-1","max-image-preview":"max-image-preview:large","max-video-preview":"max-video-preview:-1"},"canonical":"https:\/\/www.organisator.ch\/it\/gestione-2\/2020-09-09\/andrea-ming-wird-neue-direktorin-des-campus-sursee\/","og_locale":"it_IT","og_type":"article","og_title":"Andrea Ming wird neue Direktorin des Campus Sursee","og_description":"Ab 1. M\u00e4rz 2021 \u00fcbernimmt Andrea Ming die Direktion des Campus Sursee. Sie tritt die Nachfolge von Daniel Suter an, der Ende Juli 2020 in Pension ging.","og_url":"https:\/\/www.organisator.ch\/it\/gestione-2\/2020-09-09\/andrea-ming-wird-neue-direktorin-des-campus-sursee\/","og_site_name":"Organisator","article_publisher":"https:\/\/www.facebook.com\/OrganisatorFachmagazin","article_published_time":"2020-09-09T06:27:05+00:00","og_image":[{"width":680,"height":388,"url":"https:\/\/www.organisator.ch\/wp-content\/uploads\/2020\/09\/Andrea-Ming-wird-neue-Direktorin-des-Campus-Sursee_Organisator.jpg","type":"image\/jpeg"}],"author":"thomas.berner","twitter_card":"summary_large_image","twitter_title":"#AndreaMing wird neue Direktorin des #CampusSursee","twitter_description":"Ab 1. M\u00e4rz 2021 \u00fcbernimmt Andrea Ming die Direktion des Campus Sursee. Sie tritt die Nachfolge von Daniel Suter an, der Ende Juli 2020 in Pension ging.","twitter_image":"https:\/\/www.organisator.ch\/wp-content\/uploads\/2020\/09\/Andrea-Ming-wird-neue-Direktorin-des-Campus-Sursee_Organisator.jpg","schema":{"@context":"https:\/\/schema.org","@graph":[{"@type":"Article","@id":"https:\/\/www.organisator.ch\/management\/2020-09-09\/andrea-ming-wird-neue-direktorin-des-campus-sursee\/#article","isPartOf":{"@id":"https:\/\/www.organisator.ch\/management\/2020-09-09\/andrea-ming-wird-neue-direktorin-des-campus-sursee\/"},"author":{"name":"thomas.berner","@id":"https:\/\/www.organisator.ch\/#\/schema\/person\/6f650f90b2842cd4c0cc334b4e36f67e"},"headline":"Andrea Ming wird neue Direktorin des Campus Sursee","datePublished":"2020-09-09T06:27:05+00:00","mainEntityOfPage":{"@id":"https:\/\/www.organisator.ch\/management\/2020-09-09\/andrea-ming-wird-neue-direktorin-des-campus-sursee\/"},"wordCount":335,"publisher":{"@id":"https:\/\/www.organisator.ch\/#organization"},"image":{"@id":"https:\/\/www.organisator.ch\/management\/2020-09-09\/andrea-ming-wird-neue-direktorin-des-campus-sursee\/#primaryimage"},"thumbnailUrl":"https:\/\/www.organisator.ch\/wp-content\/uploads\/2020\/09\/Andrea-Ming-wird-neue-Direktorin-des-Campus-Sursee_Organisator.jpg","keywords":["Management und Unternehmensf\u00fchrung","Personalia","Unternehmen"],"articleSection":["MANAGEMENT"],"inLanguage":"it-IT"},{"@type":"WebPage","@id":"https:\/\/www.organisator.ch\/management\/2020-09-09\/andrea-ming-wird-neue-direktorin-des-campus-sursee\/","url":"https:\/\/www.organisator.ch\/management\/2020-09-09\/andrea-ming-wird-neue-direktorin-des-campus-sursee\/","name":"Andrea Ming diventa il nuovo direttore del Sursee Campus - Organizzatore","isPartOf":{"@id":"https:\/\/www.organisator.ch\/#website"},"primaryImageOfPage":{"@id":"https:\/\/www.organisator.ch\/management\/2020-09-09\/andrea-ming-wird-neue-direktorin-des-campus-sursee\/#primaryimage"},"image":{"@id":"https:\/\/www.organisator.ch\/management\/2020-09-09\/andrea-ming-wird-neue-direktorin-des-campus-sursee\/#primaryimage"},"thumbnailUrl":"https:\/\/www.organisator.ch\/wp-content\/uploads\/2020\/09\/Andrea-Ming-wird-neue-Direktorin-des-Campus-Sursee_Organisator.jpg","datePublished":"2020-09-09T06:27:05+00:00","description":"Dal 1\u00b0 marzo 2021, Andrea Ming assumer\u00e0 la direzione del Sursee Campus. Succede a Daniel Suter, che \u00e8 andato in pensione alla fine di luglio 2020.","breadcrumb":{"@id":"https:\/\/www.organisator.ch\/management\/2020-09-09\/andrea-ming-wird-neue-direktorin-des-campus-sursee\/#breadcrumb"},"inLanguage":"it-IT","potentialAction":[{"@type":"ReadAction","target":["https:\/\/www.organisator.ch\/management\/2020-09-09\/andrea-ming-wird-neue-direktorin-des-campus-sursee\/"]}]},{"@type":"ImageObject","inLanguage":"it-IT","@id":"https:\/\/www.organisator.ch\/management\/2020-09-09\/andrea-ming-wird-neue-direktorin-des-campus-sursee\/#primaryimage","url":"https:\/\/www.organisator.ch\/wp-content\/uploads\/2020\/09\/Andrea-Ming-wird-neue-Direktorin-des-Campus-Sursee_Organisator.jpg","contentUrl":"https:\/\/www.organisator.ch\/wp-content\/uploads\/2020\/09\/Andrea-Ming-wird-neue-Direktorin-des-Campus-Sursee_Organisator.jpg","width":680,"height":388,"caption":"Ab M\u00e4rz 2021 die neue Direktorin von Campus Sursee: Andrea Ming. (Bild: zVg)"},{"@type":"BreadcrumbList","@id":"https:\/\/www.organisator.ch\/management\/2020-09-09\/andrea-ming-wird-neue-direktorin-des-campus-sursee\/#breadcrumb","itemListElement":[{"@type":"ListItem","position":1,"name":"Home","item":"https:\/\/www.organisator.ch\/"},{"@type":"ListItem","position":2,"name":"Andrea Ming wird neue Direktorin des Campus Sursee"}]},{"@type":"WebSite","@id":"https:\/\/www.organisator.ch\/#website","url":"https:\/\/www.organisator.ch\/","name":"Organizzatore","description":"Competente. Pratico. In 10 numeri all'anno, ORGANISATOR presenta i temi essenziali per i manager delle PMI.","publisher":{"@id":"https:\/\/www.organisator.ch\/#organization"},"potentialAction":[{"@type":"SearchAction","target":{"@type":"EntryPoint","urlTemplate":"https:\/\/www.organisator.ch\/?s={search_term_string}"},"query-input":{"@type":"PropertyValueSpecification","valueRequired":true,"valueName":"search_term_string"}}],"inLanguage":"it-IT"},{"@type":"Organization","@id":"https:\/\/www.organisator.ch\/#organization","name":"Organizzatore","url":"https:\/\/www.organisator.ch\/","logo":{"@type":"ImageObject","inLanguage":"it-IT","@id":"https:\/\/www.organisator.ch\/#\/schema\/logo\/image\/","url":"https:\/\/www.organisator.ch\/wp-content\/uploads\/2022\/01\/Logo_Organisator_Website.png","contentUrl":"https:\/\/www.organisator.ch\/wp-content\/uploads\/2022\/01\/Logo_Organisator_Website.png","width":800,"height":77,"caption":"Organisator"},"image":{"@id":"https:\/\/www.organisator.ch\/#\/schema\/logo\/image\/"},"sameAs":["https:\/\/www.facebook.com\/OrganisatorFachmagazin","https:\/\/www.linkedin.com\/showcase\/organisator-das-magazin-fr-kmu","https:\/\/www.xing.com\/news\/pages\/organisator-ch-695","https:\/\/www.youtube.com\/channel\/UCGP2Sq0iWaZwT3BdIAQFYpw"]},{"@type":"Person","@id":"https:\/\/www.organisator.ch\/#\/schema\/person\/6f650f90b2842cd4c0cc334b4e36f67e","name":"Tommaso.berner","image":{"@type":"ImageObject","inLanguage":"it-IT","@id":"https:\/\/secure.gravatar.com\/avatar\/ac5001d2a36cb6c6cd3e50789007ffca834b477b74a2144564522e944eabff61?s=96&d=mm&r=g","url":"https:\/\/secure.gravatar.com\/avatar\/ac5001d2a36cb6c6cd3e50789007ffca834b477b74a2144564522e944eabff61?s=96&d=mm&r=g","contentUrl":"https:\/\/secure.gravatar.com\/avatar\/ac5001d2a36cb6c6cd3e50789007ffca834b477b74a2144564522e944eabff61?s=96&d=mm&r=g","caption":"thomas.berner"},"url":"https:\/\/www.organisator.ch\/it\/author\/thomas-berner\/"}]}},"_links":{"self":[{"href":"https:\/\/www.organisator.ch\/it\/wp-json\/wp\/v2\/posts\/7100","targetHints":{"allow":["GET"]}}],"collection":[{"href":"https:\/\/www.organisator.ch\/it\/wp-json\/wp\/v2\/posts"}],"about":[{"href":"https:\/\/www.organisator.ch\/it\/wp-json\/wp\/v2\/types\/post"}],"author":[{"embeddable":true,"href":"https:\/\/www.organisator.ch\/it\/wp-json\/wp\/v2\/users\/4"}],"replies":[{"embeddable":true,"href":"https:\/\/www.organisator.ch\/it\/wp-json\/wp\/v2\/comments?post=7100"}],"version-history":[{"count":0,"href":"https:\/\/www.organisator.ch\/it\/wp-json\/wp\/v2\/posts\/7100\/revisions"}],"wp:featuredmedia":[{"embeddable":true,"href":"https:\/\/www.organisator.ch\/it\/wp-json\/wp\/v2\/media\/7101"}],"wp:attachment":[{"href":"https:\/\/www.organisator.ch\/it\/wp-json\/wp\/v2\/media?parent=7100"}],"wp:term":[{"taxonomy":"category","embeddable":true,"href":"https:\/\/www.organisator.ch\/it\/wp-json\/wp\/v2\/categories?post=7100"},{"taxonomy":"post_tag","embeddable":true,"href":"https:\/\/www.organisator.ch\/it\/wp-json\/wp\/v2\/tags?post=7100"}],"curies":[{"name":"wp","href":"https:\/\/api.w.org\/{rel}","templated":true}]}}