{"id":7127,"date":"2020-09-16T09:18:22","date_gmt":"2020-09-16T07:18:22","guid":{"rendered":"https:\/\/www.organisator.ch\/?p=7127"},"modified":"2020-09-16T09:18:22","modified_gmt":"2020-09-16T07:18:22","slug":"buchtipp-echte-querdenker-gesucht","status":"publish","type":"post","link":"https:\/\/www.organisator.ch\/it\/management\/2020-09-16\/buchtipp-echte-querdenker-gesucht\/","title":{"rendered":"Consiglio del libro: Cercasi veri pensatori laterali"},"content":{"rendered":"<figure id=\"attachment_7128\" aria-describedby=\"caption-attachment-7128\" style=\"width: 664px\" class=\"wp-caption alignnone\"><img loading=\"lazy\" decoding=\"async\" class=\"wp-image-7128 size-medium\" src=\"https:\/\/www.organisator.ch\/wp-content\/uploads\/2020\/09\/Buchtipp-Echte-Querdenker-gesucht_Organisator-664x1000.jpg\" alt=\"\" width=\"664\" height=\"1000\" srcset=\"https:\/\/www.organisator.ch\/wp-content\/uploads\/2020\/09\/Buchtipp-Echte-Querdenker-gesucht_Organisator-664x1000.jpg 664w, https:\/\/www.organisator.ch\/wp-content\/uploads\/2020\/09\/Buchtipp-Echte-Querdenker-gesucht_Organisator-8x12.jpg 8w, https:\/\/www.organisator.ch\/wp-content\/uploads\/2020\/09\/Buchtipp-Echte-Querdenker-gesucht_Organisator-116x175.jpg 116w, https:\/\/www.organisator.ch\/wp-content\/uploads\/2020\/09\/Buchtipp-Echte-Querdenker-gesucht_Organisator-232x350.jpg 232w, https:\/\/www.organisator.ch\/wp-content\/uploads\/2020\/09\/Buchtipp-Echte-Querdenker-gesucht_Organisator-531x800.jpg 531w, https:\/\/www.organisator.ch\/wp-content\/uploads\/2020\/09\/Buchtipp-Echte-Querdenker-gesucht_Organisator-300x452.jpg 300w, https:\/\/www.organisator.ch\/wp-content\/uploads\/2020\/09\/Buchtipp-Echte-Querdenker-gesucht_Organisator.jpg 680w\" sizes=\"auto, (max-width: 664px) 100vw, 664px\" \/><figcaption id=\"caption-attachment-7128\" class=\"wp-caption-text\">Cercasi pensatori laterali: Anne M. Sch\u00fcller mostra perch\u00e9 il futuro delle aziende \u00e8 nelle mani di generatori di idee non convenzionali nel suo nuovo libro. (Immagine: zVg)<\/figcaption><\/figure>\n<p>Se volete raggiungere il futuro, avete bisogno di nuove idee. Altre idee. Idee migliori. Idee audaci. Idee che nessuno ha mai avuto prima. \u00c8 qui che entrano in gioco i pensatori laterali. Sono mediatori tra pratiche superate e nuovi approcci, piloti di una nuova era. Scuotono le cose, le rendono diverse, le portano avanti. Forniscono una boccata d'aria fresca e portano avanti iniziative importanti con grande impegno perch\u00e9 hanno davvero a cuore il progresso del loro datore di lavoro. Eppure in molte organizzazioni, i pensatori laterali sono considerati fastidiosi e indesiderabili. Questo \u00e8 pericoloso. Dove non si permette ai pensatori laterali di essere veramente attivi, le tendenze all'inerzia aumentano. Stagnazione, irrilevanza e declino sono il risultato. Al contrario, la pensatrice di management e pluripremiata autrice di bestseller Anne M. Sch\u00fcller mostra nel suo nuovo libro in modo incisivo e pratico come il salto nel futuro possa essere effettivamente realizzato con l'aiuto di buoni pensatori laterali.<\/p>\n<p>Le aziende hanno bisogno di pensatori laterali pi\u00f9 che mai. Perch\u00e9? Siamo nel mezzo del pi\u00f9 grande processo di cambiamento di sempre. In tutto il mondo, i visionari stanno ridefinendo ci\u00f2 che \u00e8 possibile. Solo gli operatori di mercato agili, intelligenti e innovativi con idee audaci, non convenzionali e rilevanti per il mercato sopravviveranno. Eccellenti pensatori laterali, a volte chiamati ribelli organizzativi, sono quindi strategicamente cruciali. Questo rende indispensabile una forte cultura del pensiero laterale. Le domande cruciali: in quale tipo di organizzazione pu\u00f2 avere successo? Quali strumenti sono necessari per questo? Come puoi renderti attraente per i pensatori laterali? Dove e come possono essere impiegati i pensatori laterali per passare dal pensiero all'azione? Cosa fare per evitare di allontanare i buoni pensatori laterali che avete? Come pu\u00f2 un pensatore laterale mettere in scena le sue idee in modo che diventino accettabili? E da cosa dovrebbe stare lontano anche il pensatore laterale pi\u00f9 appassionato? Questo libro ha le risposte giuste pronte: sia per i responsabili delle aziende che per gli stessi pensatori laterali.<\/p>\n<p><strong><em>Informazioni sul libro:<\/em><\/strong><\/p>\n<p><em>Anne M. Sch\u00fcller<\/em><br \/>\n<em>I pensatori laterali hanno cercato disperatamente<\/em><br \/>\n<em>Perch\u00e9 il futuro del business sta nel<\/em><br \/>\n<em>Nelle mani di generatori di idee non convenzionali<\/em><br \/>\n<em>(con una prefazione di Gunter Dueck)<\/em><br \/>\n<em>Gabal Verlag 2020, 240 pagine, 29,90 Euro<\/em><br \/>\n<em>ISBN: 978 3 86936 998 3<\/em><\/p>\n<p><a href=\"http:\/\/www.anneschueller.de\"><em>www.anneschueller.de<\/em><\/a><\/p>","protected":false},"excerpt":{"rendered":"<p>Wer die Zukunft erreichen will, braucht neue Ideen. Andere Ideen. Bessere Ideen. K\u00fchne Ideen. Ideen, die bislang noch niemand hatte. Hier kommen die Querdenker ins Spiel. Sie sind Mittler zwischen veraltetem Tun und neuen Vorgehensweisen, Lotsen in eine neue Zeit. Sie sind Wachr\u00fcttler, Andersmacher, Vorw\u00e4rtsbringer. Sie sorgen f\u00fcr frischen Wind und treiben wichtige Initiativen mit [&hellip;]<\/p>\n","protected":false},"author":4,"featured_media":7128,"comment_status":"closed","ping_status":"closed","sticky":false,"template":"","format":"standard","meta":{"_acf_changed":false,"_yoast_wpseo_focuskw":"Querdenker gesucht","_yoast_wpseo_metadesc":"Querdenker gesucht: Warum die Zukunft der Unternehmen in den H\u00e4nden von unkonventionellen Ideengebern liegt, zeigt Anne M. Sch\u00fcller in ihrem neuen Buch.","articlekey":"","footnotes":""},"categories":[28],"tags":[92,95,274,335],"class_list":["post-7127","post","type-post","status-publish","format-standard","has-post-thumbnail","hentry","category-management","tag-buch","tag-buchtipps","tag-innovation","tag-management-und-unternehmensfuehrung"],"acf":[],"yoast_head":"<!-- This site is optimized with the Yoast SEO plugin v27.5 - https:\/\/yoast.com\/product\/yoast-seo-wordpress\/ -->\n<title>Buchtipp: Echte Querdenker gesucht - Organisator<\/title>\n<meta name=\"description\" content=\"Querdenker gesucht: Warum die Zukunft der Unternehmen in den H\u00e4nden von unkonventionellen Ideengebern liegt, zeigt Anne M. Sch\u00fcller in ihrem neuen Buch.\" \/>\n<meta name=\"robots\" content=\"index, follow, max-snippet:-1, max-image-preview:large, max-video-preview:-1\" \/>\n<link rel=\"canonical\" href=\"https:\/\/www.organisator.ch\/it\/gestione-2\/2020-09-16\/buchtipp-echte-querdenker-gesucht\/\" \/>\n<meta property=\"og:locale\" content=\"it_IT\" \/>\n<meta property=\"og:type\" content=\"article\" \/>\n<meta property=\"og:title\" content=\"Buchtipp: Echte Querdenker gesucht\" \/>\n<meta property=\"og:description\" content=\"Querdenker gesucht: Warum die Zukunft der Unternehmen in den H\u00e4nden von unkonventionellen Ideengebern liegt, zeigt Anne M. Sch\u00fcller in ihrem neuen Buch.\" \/>\n<meta property=\"og:url\" content=\"https:\/\/www.organisator.ch\/it\/gestione-2\/2020-09-16\/buchtipp-echte-querdenker-gesucht\/\" \/>\n<meta property=\"og:site_name\" content=\"Organisator\" \/>\n<meta property=\"article:publisher\" content=\"https:\/\/www.facebook.com\/OrganisatorFachmagazin\" \/>\n<meta property=\"article:published_time\" content=\"2020-09-16T07:18:22+00:00\" \/>\n<meta property=\"og:image\" content=\"https:\/\/www.organisator.ch\/wp-content\/uploads\/2020\/09\/Buchtipp-Echte-Querdenker-gesucht_Organisator.jpg\" \/>\n\t<meta property=\"og:image:width\" content=\"680\" \/>\n\t<meta property=\"og:image:height\" content=\"1024\" \/>\n\t<meta property=\"og:image:type\" content=\"image\/jpeg\" \/>\n<meta name=\"author\" content=\"thomas.berner\" \/>\n<meta name=\"twitter:card\" content=\"summary_large_image\" \/>\n<meta name=\"twitter:title\" content=\"Buchtipp: Echte #Querdenker gesucht\" \/>\n<meta name=\"twitter:description\" content=\"#Querdenker gesucht: Warum die Zukunft der #Unternehmen in den H\u00e4nden von unkonventionellen #Ideengebern liegt, zeigt Anne M. Sch\u00fcller in ihrem neuen Buch.\" \/>\n<meta name=\"twitter:image\" content=\"https:\/\/www.organisator.ch\/wp-content\/uploads\/2020\/09\/Buchtipp-Echte-Querdenker-gesucht_Organisator.jpg\" \/>\n<script type=\"application\/ld+json\" class=\"yoast-schema-graph\">{\"@context\":\"https:\\\/\\\/schema.org\",\"@graph\":[{\"@type\":\"Article\",\"@id\":\"https:\\\/\\\/www.organisator.ch\\\/management\\\/2020-09-16\\\/buchtipp-echte-querdenker-gesucht\\\/#article\",\"isPartOf\":{\"@id\":\"https:\\\/\\\/www.organisator.ch\\\/management\\\/2020-09-16\\\/buchtipp-echte-querdenker-gesucht\\\/\"},\"author\":{\"name\":\"thomas.berner\",\"@id\":\"https:\\\/\\\/www.organisator.ch\\\/#\\\/schema\\\/person\\\/6f650f90b2842cd4c0cc334b4e36f67e\"},\"headline\":\"Buchtipp: Echte Querdenker gesucht\",\"datePublished\":\"2020-09-16T07:18:22+00:00\",\"mainEntityOfPage\":{\"@id\":\"https:\\\/\\\/www.organisator.ch\\\/management\\\/2020-09-16\\\/buchtipp-echte-querdenker-gesucht\\\/\"},\"wordCount\":379,\"publisher\":{\"@id\":\"https:\\\/\\\/www.organisator.ch\\\/#organization\"},\"image\":{\"@id\":\"https:\\\/\\\/www.organisator.ch\\\/management\\\/2020-09-16\\\/buchtipp-echte-querdenker-gesucht\\\/#primaryimage\"},\"thumbnailUrl\":\"https:\\\/\\\/www.organisator.ch\\\/wp-content\\\/uploads\\\/2020\\\/09\\\/Buchtipp-Echte-Querdenker-gesucht_Organisator.jpg\",\"keywords\":[\"Buch\",\"Buchtipps\",\"Innovation\",\"Management und Unternehmensf\u00fchrung\"],\"articleSection\":[\"MANAGEMENT\"],\"inLanguage\":\"it-IT\"},{\"@type\":\"WebPage\",\"@id\":\"https:\\\/\\\/www.organisator.ch\\\/management\\\/2020-09-16\\\/buchtipp-echte-querdenker-gesucht\\\/\",\"url\":\"https:\\\/\\\/www.organisator.ch\\\/management\\\/2020-09-16\\\/buchtipp-echte-querdenker-gesucht\\\/\",\"name\":\"Buchtipp: Echte Querdenker gesucht - Organisator\",\"isPartOf\":{\"@id\":\"https:\\\/\\\/www.organisator.ch\\\/#website\"},\"primaryImageOfPage\":{\"@id\":\"https:\\\/\\\/www.organisator.ch\\\/management\\\/2020-09-16\\\/buchtipp-echte-querdenker-gesucht\\\/#primaryimage\"},\"image\":{\"@id\":\"https:\\\/\\\/www.organisator.ch\\\/management\\\/2020-09-16\\\/buchtipp-echte-querdenker-gesucht\\\/#primaryimage\"},\"thumbnailUrl\":\"https:\\\/\\\/www.organisator.ch\\\/wp-content\\\/uploads\\\/2020\\\/09\\\/Buchtipp-Echte-Querdenker-gesucht_Organisator.jpg\",\"datePublished\":\"2020-09-16T07:18:22+00:00\",\"description\":\"Querdenker gesucht: Warum die Zukunft der Unternehmen in den H\u00e4nden von unkonventionellen Ideengebern liegt, zeigt Anne M. Sch\u00fcller in ihrem neuen Buch.\",\"breadcrumb\":{\"@id\":\"https:\\\/\\\/www.organisator.ch\\\/management\\\/2020-09-16\\\/buchtipp-echte-querdenker-gesucht\\\/#breadcrumb\"},\"inLanguage\":\"it-IT\",\"potentialAction\":[{\"@type\":\"ReadAction\",\"target\":[\"https:\\\/\\\/www.organisator.ch\\\/management\\\/2020-09-16\\\/buchtipp-echte-querdenker-gesucht\\\/\"]}]},{\"@type\":\"ImageObject\",\"inLanguage\":\"it-IT\",\"@id\":\"https:\\\/\\\/www.organisator.ch\\\/management\\\/2020-09-16\\\/buchtipp-echte-querdenker-gesucht\\\/#primaryimage\",\"url\":\"https:\\\/\\\/www.organisator.ch\\\/wp-content\\\/uploads\\\/2020\\\/09\\\/Buchtipp-Echte-Querdenker-gesucht_Organisator.jpg\",\"contentUrl\":\"https:\\\/\\\/www.organisator.ch\\\/wp-content\\\/uploads\\\/2020\\\/09\\\/Buchtipp-Echte-Querdenker-gesucht_Organisator.jpg\",\"width\":680,\"height\":1024},{\"@type\":\"BreadcrumbList\",\"@id\":\"https:\\\/\\\/www.organisator.ch\\\/management\\\/2020-09-16\\\/buchtipp-echte-querdenker-gesucht\\\/#breadcrumb\",\"itemListElement\":[{\"@type\":\"ListItem\",\"position\":1,\"name\":\"Home\",\"item\":\"https:\\\/\\\/www.organisator.ch\\\/\"},{\"@type\":\"ListItem\",\"position\":2,\"name\":\"Buchtipp: Echte Querdenker gesucht\"}]},{\"@type\":\"WebSite\",\"@id\":\"https:\\\/\\\/www.organisator.ch\\\/#website\",\"url\":\"https:\\\/\\\/www.organisator.ch\\\/\",\"name\":\"Organisator\",\"description\":\"Kompetent. Praxisnah. Der ORGANISATOR bereitet in 10 Ausgaben pro Jahr die wesentlichen Themen f\u00fcr F\u00fchrungskr\u00e4fte von KMU auf.\",\"publisher\":{\"@id\":\"https:\\\/\\\/www.organisator.ch\\\/#organization\"},\"potentialAction\":[{\"@type\":\"SearchAction\",\"target\":{\"@type\":\"EntryPoint\",\"urlTemplate\":\"https:\\\/\\\/www.organisator.ch\\\/?s={search_term_string}\"},\"query-input\":{\"@type\":\"PropertyValueSpecification\",\"valueRequired\":true,\"valueName\":\"search_term_string\"}}],\"inLanguage\":\"it-IT\"},{\"@type\":\"Organization\",\"@id\":\"https:\\\/\\\/www.organisator.ch\\\/#organization\",\"name\":\"Organisator\",\"url\":\"https:\\\/\\\/www.organisator.ch\\\/\",\"logo\":{\"@type\":\"ImageObject\",\"inLanguage\":\"it-IT\",\"@id\":\"https:\\\/\\\/www.organisator.ch\\\/#\\\/schema\\\/logo\\\/image\\\/\",\"url\":\"https:\\\/\\\/www.organisator.ch\\\/wp-content\\\/uploads\\\/2022\\\/01\\\/Logo_Organisator_Website.png\",\"contentUrl\":\"https:\\\/\\\/www.organisator.ch\\\/wp-content\\\/uploads\\\/2022\\\/01\\\/Logo_Organisator_Website.png\",\"width\":800,\"height\":77,\"caption\":\"Organisator\"},\"image\":{\"@id\":\"https:\\\/\\\/www.organisator.ch\\\/#\\\/schema\\\/logo\\\/image\\\/\"},\"sameAs\":[\"https:\\\/\\\/www.facebook.com\\\/OrganisatorFachmagazin\",\"https:\\\/\\\/www.linkedin.com\\\/showcase\\\/organisator-das-magazin-fr-kmu\",\"https:\\\/\\\/www.xing.com\\\/news\\\/pages\\\/organisator-ch-695\",\"https:\\\/\\\/www.youtube.com\\\/channel\\\/UCGP2Sq0iWaZwT3BdIAQFYpw\"]},{\"@type\":\"Person\",\"@id\":\"https:\\\/\\\/www.organisator.ch\\\/#\\\/schema\\\/person\\\/6f650f90b2842cd4c0cc334b4e36f67e\",\"name\":\"thomas.berner\",\"image\":{\"@type\":\"ImageObject\",\"inLanguage\":\"it-IT\",\"@id\":\"https:\\\/\\\/secure.gravatar.com\\\/avatar\\\/ac5001d2a36cb6c6cd3e50789007ffca834b477b74a2144564522e944eabff61?s=96&d=mm&r=g\",\"url\":\"https:\\\/\\\/secure.gravatar.com\\\/avatar\\\/ac5001d2a36cb6c6cd3e50789007ffca834b477b74a2144564522e944eabff61?s=96&d=mm&r=g\",\"contentUrl\":\"https:\\\/\\\/secure.gravatar.com\\\/avatar\\\/ac5001d2a36cb6c6cd3e50789007ffca834b477b74a2144564522e944eabff61?s=96&d=mm&r=g\",\"caption\":\"thomas.berner\"},\"url\":\"https:\\\/\\\/www.organisator.ch\\\/it\\\/author\\\/thomas-berner\\\/\"}]}<\/script>\n<!-- \/ Yoast SEO plugin. -->","yoast_head_json":{"title":"Suggerimento per il libro: Cercasi veri pensatori laterali - Organizzatore","description":"Cercasi pensatori laterali: Anne M. Sch\u00fcller mostra perch\u00e9 il futuro delle aziende \u00e8 nelle mani di pensatori non convenzionali nel suo nuovo libro.","robots":{"index":"index","follow":"follow","max-snippet":"max-snippet:-1","max-image-preview":"max-image-preview:large","max-video-preview":"max-video-preview:-1"},"canonical":"https:\/\/www.organisator.ch\/it\/gestione-2\/2020-09-16\/buchtipp-echte-querdenker-gesucht\/","og_locale":"it_IT","og_type":"article","og_title":"Buchtipp: Echte Querdenker gesucht","og_description":"Querdenker gesucht: Warum die Zukunft der Unternehmen in den H\u00e4nden von unkonventionellen Ideengebern liegt, zeigt Anne M. Sch\u00fcller in ihrem neuen Buch.","og_url":"https:\/\/www.organisator.ch\/it\/gestione-2\/2020-09-16\/buchtipp-echte-querdenker-gesucht\/","og_site_name":"Organisator","article_publisher":"https:\/\/www.facebook.com\/OrganisatorFachmagazin","article_published_time":"2020-09-16T07:18:22+00:00","og_image":[{"width":680,"height":1024,"url":"https:\/\/www.organisator.ch\/wp-content\/uploads\/2020\/09\/Buchtipp-Echte-Querdenker-gesucht_Organisator.jpg","type":"image\/jpeg"}],"author":"thomas.berner","twitter_card":"summary_large_image","twitter_title":"Buchtipp: Echte #Querdenker gesucht","twitter_description":"#Querdenker gesucht: Warum die Zukunft der #Unternehmen in den H\u00e4nden von unkonventionellen #Ideengebern liegt, zeigt Anne M. Sch\u00fcller in ihrem neuen Buch.","twitter_image":"https:\/\/www.organisator.ch\/wp-content\/uploads\/2020\/09\/Buchtipp-Echte-Querdenker-gesucht_Organisator.jpg","schema":{"@context":"https:\/\/schema.org","@graph":[{"@type":"Article","@id":"https:\/\/www.organisator.ch\/management\/2020-09-16\/buchtipp-echte-querdenker-gesucht\/#article","isPartOf":{"@id":"https:\/\/www.organisator.ch\/management\/2020-09-16\/buchtipp-echte-querdenker-gesucht\/"},"author":{"name":"thomas.berner","@id":"https:\/\/www.organisator.ch\/#\/schema\/person\/6f650f90b2842cd4c0cc334b4e36f67e"},"headline":"Buchtipp: Echte Querdenker gesucht","datePublished":"2020-09-16T07:18:22+00:00","mainEntityOfPage":{"@id":"https:\/\/www.organisator.ch\/management\/2020-09-16\/buchtipp-echte-querdenker-gesucht\/"},"wordCount":379,"publisher":{"@id":"https:\/\/www.organisator.ch\/#organization"},"image":{"@id":"https:\/\/www.organisator.ch\/management\/2020-09-16\/buchtipp-echte-querdenker-gesucht\/#primaryimage"},"thumbnailUrl":"https:\/\/www.organisator.ch\/wp-content\/uploads\/2020\/09\/Buchtipp-Echte-Querdenker-gesucht_Organisator.jpg","keywords":["Buch","Buchtipps","Innovation","Management und Unternehmensf\u00fchrung"],"articleSection":["MANAGEMENT"],"inLanguage":"it-IT"},{"@type":"WebPage","@id":"https:\/\/www.organisator.ch\/management\/2020-09-16\/buchtipp-echte-querdenker-gesucht\/","url":"https:\/\/www.organisator.ch\/management\/2020-09-16\/buchtipp-echte-querdenker-gesucht\/","name":"Suggerimento per il libro: Cercasi veri pensatori laterali - Organizzatore","isPartOf":{"@id":"https:\/\/www.organisator.ch\/#website"},"primaryImageOfPage":{"@id":"https:\/\/www.organisator.ch\/management\/2020-09-16\/buchtipp-echte-querdenker-gesucht\/#primaryimage"},"image":{"@id":"https:\/\/www.organisator.ch\/management\/2020-09-16\/buchtipp-echte-querdenker-gesucht\/#primaryimage"},"thumbnailUrl":"https:\/\/www.organisator.ch\/wp-content\/uploads\/2020\/09\/Buchtipp-Echte-Querdenker-gesucht_Organisator.jpg","datePublished":"2020-09-16T07:18:22+00:00","description":"Cercasi pensatori laterali: Anne M. Sch\u00fcller mostra perch\u00e9 il futuro delle aziende \u00e8 nelle mani di pensatori non convenzionali nel suo nuovo libro.","breadcrumb":{"@id":"https:\/\/www.organisator.ch\/management\/2020-09-16\/buchtipp-echte-querdenker-gesucht\/#breadcrumb"},"inLanguage":"it-IT","potentialAction":[{"@type":"ReadAction","target":["https:\/\/www.organisator.ch\/management\/2020-09-16\/buchtipp-echte-querdenker-gesucht\/"]}]},{"@type":"ImageObject","inLanguage":"it-IT","@id":"https:\/\/www.organisator.ch\/management\/2020-09-16\/buchtipp-echte-querdenker-gesucht\/#primaryimage","url":"https:\/\/www.organisator.ch\/wp-content\/uploads\/2020\/09\/Buchtipp-Echte-Querdenker-gesucht_Organisator.jpg","contentUrl":"https:\/\/www.organisator.ch\/wp-content\/uploads\/2020\/09\/Buchtipp-Echte-Querdenker-gesucht_Organisator.jpg","width":680,"height":1024},{"@type":"BreadcrumbList","@id":"https:\/\/www.organisator.ch\/management\/2020-09-16\/buchtipp-echte-querdenker-gesucht\/#breadcrumb","itemListElement":[{"@type":"ListItem","position":1,"name":"Home","item":"https:\/\/www.organisator.ch\/"},{"@type":"ListItem","position":2,"name":"Buchtipp: Echte Querdenker gesucht"}]},{"@type":"WebSite","@id":"https:\/\/www.organisator.ch\/#website","url":"https:\/\/www.organisator.ch\/","name":"Organizzatore","description":"Competente. Pratico. In 10 numeri all'anno, ORGANISATOR presenta i temi essenziali per i manager delle PMI.","publisher":{"@id":"https:\/\/www.organisator.ch\/#organization"},"potentialAction":[{"@type":"SearchAction","target":{"@type":"EntryPoint","urlTemplate":"https:\/\/www.organisator.ch\/?s={search_term_string}"},"query-input":{"@type":"PropertyValueSpecification","valueRequired":true,"valueName":"search_term_string"}}],"inLanguage":"it-IT"},{"@type":"Organization","@id":"https:\/\/www.organisator.ch\/#organization","name":"Organizzatore","url":"https:\/\/www.organisator.ch\/","logo":{"@type":"ImageObject","inLanguage":"it-IT","@id":"https:\/\/www.organisator.ch\/#\/schema\/logo\/image\/","url":"https:\/\/www.organisator.ch\/wp-content\/uploads\/2022\/01\/Logo_Organisator_Website.png","contentUrl":"https:\/\/www.organisator.ch\/wp-content\/uploads\/2022\/01\/Logo_Organisator_Website.png","width":800,"height":77,"caption":"Organisator"},"image":{"@id":"https:\/\/www.organisator.ch\/#\/schema\/logo\/image\/"},"sameAs":["https:\/\/www.facebook.com\/OrganisatorFachmagazin","https:\/\/www.linkedin.com\/showcase\/organisator-das-magazin-fr-kmu","https:\/\/www.xing.com\/news\/pages\/organisator-ch-695","https:\/\/www.youtube.com\/channel\/UCGP2Sq0iWaZwT3BdIAQFYpw"]},{"@type":"Person","@id":"https:\/\/www.organisator.ch\/#\/schema\/person\/6f650f90b2842cd4c0cc334b4e36f67e","name":"Tommaso.berner","image":{"@type":"ImageObject","inLanguage":"it-IT","@id":"https:\/\/secure.gravatar.com\/avatar\/ac5001d2a36cb6c6cd3e50789007ffca834b477b74a2144564522e944eabff61?s=96&d=mm&r=g","url":"https:\/\/secure.gravatar.com\/avatar\/ac5001d2a36cb6c6cd3e50789007ffca834b477b74a2144564522e944eabff61?s=96&d=mm&r=g","contentUrl":"https:\/\/secure.gravatar.com\/avatar\/ac5001d2a36cb6c6cd3e50789007ffca834b477b74a2144564522e944eabff61?s=96&d=mm&r=g","caption":"thomas.berner"},"url":"https:\/\/www.organisator.ch\/it\/author\/thomas-berner\/"}]}},"_links":{"self":[{"href":"https:\/\/www.organisator.ch\/it\/wp-json\/wp\/v2\/posts\/7127","targetHints":{"allow":["GET"]}}],"collection":[{"href":"https:\/\/www.organisator.ch\/it\/wp-json\/wp\/v2\/posts"}],"about":[{"href":"https:\/\/www.organisator.ch\/it\/wp-json\/wp\/v2\/types\/post"}],"author":[{"embeddable":true,"href":"https:\/\/www.organisator.ch\/it\/wp-json\/wp\/v2\/users\/4"}],"replies":[{"embeddable":true,"href":"https:\/\/www.organisator.ch\/it\/wp-json\/wp\/v2\/comments?post=7127"}],"version-history":[{"count":0,"href":"https:\/\/www.organisator.ch\/it\/wp-json\/wp\/v2\/posts\/7127\/revisions"}],"wp:featuredmedia":[{"embeddable":true,"href":"https:\/\/www.organisator.ch\/it\/wp-json\/wp\/v2\/media\/7128"}],"wp:attachment":[{"href":"https:\/\/www.organisator.ch\/it\/wp-json\/wp\/v2\/media?parent=7127"}],"wp:term":[{"taxonomy":"category","embeddable":true,"href":"https:\/\/www.organisator.ch\/it\/wp-json\/wp\/v2\/categories?post=7127"},{"taxonomy":"post_tag","embeddable":true,"href":"https:\/\/www.organisator.ch\/it\/wp-json\/wp\/v2\/tags?post=7127"}],"curies":[{"name":"wp","href":"https:\/\/api.w.org\/{rel}","templated":true}]}}