{"id":7131,"date":"2020-09-17T08:16:08","date_gmt":"2020-09-17T06:16:08","guid":{"rendered":"https:\/\/www.organisator.ch\/?p=7131"},"modified":"2020-09-17T08:16:08","modified_gmt":"2020-09-17T06:16:08","slug":"rueckblick-expertsuisse-jahrestagung-2020-sicher-in-unsicheren-zeiten","status":"publish","type":"post","link":"https:\/\/www.organisator.ch\/it\/management\/finanzen_recht\/2020-09-17\/rueckblick-expertsuisse-jahrestagung-2020-sicher-in-unsicheren-zeiten\/","title":{"rendered":"Recensione della conferenza annuale EXPERTsuisse 2020: \"Sicuro in tempi incerti\"."},"content":{"rendered":"<figure id=\"attachment_7132\" aria-describedby=\"caption-attachment-7132\" style=\"width: 680px\" class=\"wp-caption alignnone\"><img loading=\"lazy\" decoding=\"async\" class=\"size-medium wp-image-7132\" src=\"https:\/\/www.organisator.ch\/wp-content\/uploads\/2020\/09\/Rueckblick-EXPERTsuisse-Jahrestagung-2020-Sicher-in-unsicheren-Zeiten_Organisator.jpg\" alt=\"\" width=\"680\" height=\"320\" srcset=\"https:\/\/www.organisator.ch\/wp-content\/uploads\/2020\/09\/Rueckblick-EXPERTsuisse-Jahrestagung-2020-Sicher-in-unsicheren-Zeiten_Organisator.jpg 680w, https:\/\/www.organisator.ch\/wp-content\/uploads\/2020\/09\/Rueckblick-EXPERTsuisse-Jahrestagung-2020-Sicher-in-unsicheren-Zeiten_Organisator-16x8.jpg 16w, https:\/\/www.organisator.ch\/wp-content\/uploads\/2020\/09\/Rueckblick-EXPERTsuisse-Jahrestagung-2020-Sicher-in-unsicheren-Zeiten_Organisator-372x175.jpg 372w, https:\/\/www.organisator.ch\/wp-content\/uploads\/2020\/09\/Rueckblick-EXPERTsuisse-Jahrestagung-2020-Sicher-in-unsicheren-Zeiten_Organisator-300x141.jpg 300w\" sizes=\"auto, (max-width: 680px) 100vw, 680px\" \/><figcaption id=\"caption-attachment-7132\" class=\"wp-caption-text\">Gruppo di discussione alla Conferenza annuale EXPERTsuisse 2020 (da sinistra a destra): Victor Balli, Monika R\u00fchl, la moderatrice Patrizia Laeri e Martin Nay. (Immagine: EXPERTsuisse)<\/figcaption><\/figure>\n<p>Il motto della conferenza \"Sicuri in tempi incerti\" ha assunto un significato completamente diverso quest'anno. Per questo motivo il 15 settembre si \u00e8 tenuta per la prima volta la Conferenza annuale 2020 di EXPERTsuisse come evento ibrido: Nel Kursaal di Berna, 300 ospiti hanno seguito l'evento in loco rispettando le severe misure di sicurezza, integrati da 300 ospiti, membri di EXPERTsuisse, politici e giornalisti che hanno seguito l'evento online.<\/p>\n<h2>In vista della conferenza annuale 2020 di EXPERTsuisse: invece del lavoro a orario ridotto, in molti luoghi si lavora a lungo<\/h2>\n<p>Peter Ritter, presidente di EXPERTsuisse, ha salutato gli oltre 600 partecipanti con un grande ringraziamento per il grande lavoro extra svolto in molti luoghi dai circa 10'000 revisori dei conti ed esperti fiscali e fiduciari dell'associazione in tutta la Svizzera negli ultimi sei mesi. \"Invece del lavoro a orario ridotto, in molti luoghi\" aveva caratterizzato il lavoro a sostegno dei clienti. Cos\u00ec, fiduciari, consulenti fiscali e revisori sono stati molto chiamati ad essere in prima linea per sostenere la nuova situazione, fino ad allora sconosciuta, dell'economia svizzera. \"Siamo tutti sfidati a trovare nuove soluzioni in condizioni quadro mutate\", ha detto Peter Ritter. Il membro del Consiglio degli Stati Erich Ettlin ha sottolineato nel suo intervento sull'attualit\u00e0 della Confederazione che EXPERTsuisse ha partecipato in modo utile alle discussioni politiche sulle nuove condizioni quadro per affrontare la crisi del COVID19.<\/p>\n<h2>Il trust \"Triple A\" - Audit, Assurance, Advisory<\/h2>\n<p>\"In tempi incerti, \u00e8 importante offrire ai nostri clienti, all'economia e alla societ\u00e0 la massima sicurezza possibile\", ha dichiarato Marius Klauser, direttore e CEO di EXPERTsuisse. A tal fine, i servizi fiduciari dei membri di EXPERTsuisse - Audit, Assurance, Advisory - sono particolarmente importanti. Questa cosiddetta \"Tripla A\" crea fiducia e la fiducia muove mercati, aziende e persone. Questo \u00e8 particolarmente rilevante in tempi incerti. Con la campagna www.confidence.swiss, l'associazione industriale vorrebbe avvicinare questi argomenti a un pubblico interessato e in particolare anche ai politici, ai giornalisti e ad altre parti interessate.<\/p>\n<h2>Fattore di rischio umano<\/h2>\n<p>Le presentazioni esterne sono state inaugurate da Solange Ghernaouti, professoressa e direttrice dello Swiss Cybersecurity Advisory &amp; Research Group HEC - UNIL e Ivano Somaini, ingegnere sociale ed esperto di sicurezza informatica. Hanno esplorato la questione di quali rischi informatici sono pi\u00f9 rilevanti per la pratica delle aziende in Svizzera e come le imprese possono proteggersi meglio. Le forze criminali, alcune delle quali sono molto ben organizzate, prendono di mira un punto debole molto specifico: le persone. Un fattore di rischio che \u00e8 anche una delle maggiori incertezze nel lavoro quotidiano di revisori ed esperti fiscali e fiduciari.<\/p>\n<h2>Una governance generale efficace<\/h2>\n<p>Nel quadro della governance globale, la situazione dei rischi deve essere adeguatamente valutata e la conformit\u00e0 deve essere assicurata attraverso misure appropriate. In una governance globale efficace, le linee di difesa interne sono di grande importanza prima che i meccanismi complementari come le autorit\u00e0 speciali, i revisori e le autorit\u00e0 di vigilanza possano svolgere il loro ruolo nella governance globale. Ci\u00f2 \u00e8 emerso chiaramente anche durante la tavola rotonda a cui hanno partecipato Monika R\u00fchl (presidente della direzione di economiesuisse), Victor Balli (consiglio d'amministrazione dell'ASR) e Martin Nay (presidente del settore Revisione di EXPERTsuisse). In questo contesto, \u00e8 stata anche discussa la necessit\u00e0 di una specificazione del Codice svizzero di buone pratiche per la governance aziendale. Un obiettivo aziendale deve essere la protezione dei beni materiali e immateriali. Tuttavia, la pratica dimostra che il potenziale di un sistema di controllo interno aziendale implementato (ICS) \u00e8 ancora sottovalutato.<\/p>\n<h2>Ispirare le donne per le professioni eccitanti<\/h2>\n<p>Ruth Metzler, ex consigliera federale, presidente e membro di consigli di amministrazione e fondazioni e patrona di \"EXPERTsuisse FrauenNetz\", e Bernadette Koch, commercialista, membro di diversi consigli di amministrazione e promotrice di \"EXPERTsuisse FrauenNetz\", hanno poi fornito spunti sull'importante tema della promozione dei giovani talenti e delle donne. L'attenzione si \u00e8 concentrata sulla questione della promozione della formazione delle donne nelle professioni di revisione, consulenza fiscale e fiduciaria, e su come attirare i talenti giusti verso queste professioni interessanti e rendere possibili carriere attraenti.<\/p>\n<h2>Conclusione della conferenza annuale EXPERTsuisse 2020: le persone non sono solo un rischio<\/h2>\n<p>In tempi incerti, la capacit\u00e0 di pianificare continua a diminuire e l'importanza della sperimentazione aumenta. Gerhard Fehr, CEO di FehrAdvice &amp; Partners, ha dimostrato in un modo scientificamente valido e praticamente testato come la formazione e la verifica delle ipotesi in un contesto imprenditoriale porta al guadagno di conoscenza e all'apprendimento continuo. Nel suo discorso conclusivo, Marius Klauser, direttore di EXPERTsuisse, ha sottolineato quanto siano importanti le alleanze e le cooperazioni quando si sperimenta in tempi incerti e come EXPERTsuisse si sia posizionata e messa in rete in questo senso - ad esempio con l'alleanza denkplatz schweiz, lanciata nel 2016, e la nuova alleanza e-tax schweiz.<\/p>\n<p>La conclusione delle varie presentazioni e delle tavole rotonde della conferenza annuale di EXPERTsuisse \u00e8 che l'essere umano al centro di ogni attivit\u00e0 economica \u00e8 e rimarr\u00e0 probabilmente il fattore di rischio pi\u00f9 grande, ma \u00e8 anche solo l'essere umano che pu\u00f2 soddisfare il bisogno di trasparenza e quindi creare fiducia.<\/p>\n<p><em>Fonte e informazioni: <\/em><em><a href=\"https:\/\/mandrillapp.com\/track\/click\/30906935\/www.expertsuisse.ch?p=eyJzIjoiek5TNmdpMGNnbHRGME5iOEt2TldFdUZSWDN3IiwidiI6MSwicCI6IntcInVcIjozMDkwNjkzNSxcInZcIjoxLFwidXJsXCI6XCJodHRwOlxcXC9cXFwvd3d3LmV4cGVydHN1aXNzZS5jaFwiLFwiaWRcIjpcIjUwYTIwMzRiODVhYjRhMjI4YzczY2Y4Nzg2MzQwNmExXCIsXCJ1cmxfaWRzXCI6W1wiMDY1NmM1NmUyNmRlM2IxZjkyY2I4MmQ3ZmNmZWYxMThlNTc1ZDc1MlwiXX0ifQ\">www.expertsuisse.ch<\/a><\/em><\/p>","protected":false},"excerpt":{"rendered":"<p>Das Tagungsmotto \u201cSicher in unsicheren Zeiten\u201d hat in diesem Jahr nochmal eine ganz andere Bedeutung erfahren. Deshalb wurde die EXPERTsuisse Jahrestagung 2020 am 15. September erstmalig als Hybrid- Veranstaltung durchgef\u00fchrt: Im Kursaal in Bern verfolgten 300 G\u00e4ste vor Ort unter Einhaltung strikter Schutzmassnahmen den Anlass, erg\u00e4nzt um 300 G\u00e4ste, Mitglieder von EXPERTsuisse, Politiker und Journalisten, [&hellip;]<\/p>\n","protected":false},"author":4,"featured_media":7132,"comment_status":"closed","ping_status":"closed","sticky":false,"template":"","format":"standard","meta":{"_acf_changed":false,"_yoast_wpseo_focuskw":"EXPERTsuisse Jahrestagung 2020","_yoast_wpseo_metadesc":"An der EXPERTsuisse Jahrestagung 2020 in Bern beleuchtete und diskutierte der Expertenverband die Rolle des Menschen im Governance-System.","articlekey":"","footnotes":""},"categories":[24],"tags":[193,202,418,503],"class_list":["post-7131","post","type-post","status-publish","format-standard","has-post-thumbnail","hentry","category-finanzen_recht","tag-fachkongressfachmesse","tag-finanzenrecht","tag-risikomanagement","tag-verbaende"],"acf":[],"yoast_head":"<!-- This site is optimized with the Yoast SEO plugin v27.5 - https:\/\/yoast.com\/product\/yoast-seo-wordpress\/ -->\n<title>R\u00fcckblick EXPERTsuisse Jahrestagung 2020: \u00abSicher in unsicheren Zeiten\u00bb - Organisator<\/title>\n<meta name=\"description\" content=\"An der EXPERTsuisse Jahrestagung 2020 in Bern beleuchtete und diskutierte der Expertenverband die Rolle des Menschen im Governance-System.\" \/>\n<meta name=\"robots\" content=\"index, follow, max-snippet:-1, max-image-preview:large, max-video-preview:-1\" \/>\n<link rel=\"canonical\" href=\"https:\/\/www.organisator.ch\/it\/gestione-2\/finanzen_recht\/2020-09-17\/rueckblick-expertsuisse-jahrestagung-2020-sicher-in-unsicheren-zeiten\/\" \/>\n<meta property=\"og:locale\" content=\"it_IT\" \/>\n<meta property=\"og:type\" content=\"article\" \/>\n<meta property=\"og:title\" content=\"R\u00fcckblick EXPERTsuisse Jahrestagung 2020: \u00abSicher in unsicheren Zeiten\u00bb\" \/>\n<meta property=\"og:description\" content=\"An der EXPERTsuisse Jahrestagung 2020 in Bern beleuchtete und diskutierte der Expertenverband die Rolle des Menschen im Governance-System.\" \/>\n<meta property=\"og:url\" content=\"https:\/\/www.organisator.ch\/it\/gestione-2\/finanzen_recht\/2020-09-17\/rueckblick-expertsuisse-jahrestagung-2020-sicher-in-unsicheren-zeiten\/\" \/>\n<meta property=\"og:site_name\" content=\"Organisator\" \/>\n<meta property=\"article:publisher\" content=\"https:\/\/www.facebook.com\/OrganisatorFachmagazin\" \/>\n<meta property=\"article:published_time\" content=\"2020-09-17T06:16:08+00:00\" \/>\n<meta property=\"og:image\" content=\"https:\/\/www.organisator.ch\/wp-content\/uploads\/2020\/09\/Rueckblick-EXPERTsuisse-Jahrestagung-2020-Sicher-in-unsicheren-Zeiten_Organisator.jpg\" \/>\n\t<meta property=\"og:image:width\" content=\"680\" \/>\n\t<meta property=\"og:image:height\" content=\"320\" \/>\n\t<meta property=\"og:image:type\" content=\"image\/jpeg\" \/>\n<meta name=\"author\" content=\"thomas.berner\" \/>\n<meta name=\"twitter:card\" content=\"summary_large_image\" \/>\n<meta name=\"twitter:title\" content=\"R\u00fcckblick #EXPERTsuisse Jahrestagung 2020: \u00abSicher in unsicheren Zeiten\u00bb\" \/>\n<meta name=\"twitter:description\" content=\"An der #EXPERTsuisse Jahrestagung 2020 in Bern beleuchtete und diskutierte der Expertenverband die Rolle des Menschen im #Governance-System.\" \/>\n<meta name=\"twitter:image\" content=\"https:\/\/www.organisator.ch\/wp-content\/uploads\/2020\/09\/Rueckblick-EXPERTsuisse-Jahrestagung-2020-Sicher-in-unsicheren-Zeiten_Organisator.jpg\" \/>\n<script type=\"application\/ld+json\" class=\"yoast-schema-graph\">{\"@context\":\"https:\\\/\\\/schema.org\",\"@graph\":[{\"@type\":\"Article\",\"@id\":\"https:\\\/\\\/www.organisator.ch\\\/management\\\/finanzen_recht\\\/2020-09-17\\\/rueckblick-expertsuisse-jahrestagung-2020-sicher-in-unsicheren-zeiten\\\/#article\",\"isPartOf\":{\"@id\":\"https:\\\/\\\/www.organisator.ch\\\/management\\\/finanzen_recht\\\/2020-09-17\\\/rueckblick-expertsuisse-jahrestagung-2020-sicher-in-unsicheren-zeiten\\\/\"},\"author\":{\"name\":\"thomas.berner\",\"@id\":\"https:\\\/\\\/www.organisator.ch\\\/#\\\/schema\\\/person\\\/6f650f90b2842cd4c0cc334b4e36f67e\"},\"headline\":\"R\u00fcckblick EXPERTsuisse Jahrestagung 2020: \u00abSicher in unsicheren Zeiten\u00bb\",\"datePublished\":\"2020-09-17T06:16:08+00:00\",\"mainEntityOfPage\":{\"@id\":\"https:\\\/\\\/www.organisator.ch\\\/management\\\/finanzen_recht\\\/2020-09-17\\\/rueckblick-expertsuisse-jahrestagung-2020-sicher-in-unsicheren-zeiten\\\/\"},\"wordCount\":824,\"publisher\":{\"@id\":\"https:\\\/\\\/www.organisator.ch\\\/#organization\"},\"image\":{\"@id\":\"https:\\\/\\\/www.organisator.ch\\\/management\\\/finanzen_recht\\\/2020-09-17\\\/rueckblick-expertsuisse-jahrestagung-2020-sicher-in-unsicheren-zeiten\\\/#primaryimage\"},\"thumbnailUrl\":\"https:\\\/\\\/www.organisator.ch\\\/wp-content\\\/uploads\\\/2020\\\/09\\\/Rueckblick-EXPERTsuisse-Jahrestagung-2020-Sicher-in-unsicheren-Zeiten_Organisator.jpg\",\"keywords\":[\"Fachkongress\\\/Fachmesse\",\"Finanzen\\\/Recht\",\"Risikomanagement\",\"Verb\u00e4nde\"],\"articleSection\":[\"FINANZEN\\\/RECHT\"],\"inLanguage\":\"it-IT\"},{\"@type\":\"WebPage\",\"@id\":\"https:\\\/\\\/www.organisator.ch\\\/management\\\/finanzen_recht\\\/2020-09-17\\\/rueckblick-expertsuisse-jahrestagung-2020-sicher-in-unsicheren-zeiten\\\/\",\"url\":\"https:\\\/\\\/www.organisator.ch\\\/management\\\/finanzen_recht\\\/2020-09-17\\\/rueckblick-expertsuisse-jahrestagung-2020-sicher-in-unsicheren-zeiten\\\/\",\"name\":\"R\u00fcckblick EXPERTsuisse Jahrestagung 2020: \u00abSicher in unsicheren Zeiten\u00bb - Organisator\",\"isPartOf\":{\"@id\":\"https:\\\/\\\/www.organisator.ch\\\/#website\"},\"primaryImageOfPage\":{\"@id\":\"https:\\\/\\\/www.organisator.ch\\\/management\\\/finanzen_recht\\\/2020-09-17\\\/rueckblick-expertsuisse-jahrestagung-2020-sicher-in-unsicheren-zeiten\\\/#primaryimage\"},\"image\":{\"@id\":\"https:\\\/\\\/www.organisator.ch\\\/management\\\/finanzen_recht\\\/2020-09-17\\\/rueckblick-expertsuisse-jahrestagung-2020-sicher-in-unsicheren-zeiten\\\/#primaryimage\"},\"thumbnailUrl\":\"https:\\\/\\\/www.organisator.ch\\\/wp-content\\\/uploads\\\/2020\\\/09\\\/Rueckblick-EXPERTsuisse-Jahrestagung-2020-Sicher-in-unsicheren-Zeiten_Organisator.jpg\",\"datePublished\":\"2020-09-17T06:16:08+00:00\",\"description\":\"An der EXPERTsuisse Jahrestagung 2020 in Bern beleuchtete und diskutierte der Expertenverband die Rolle des Menschen im Governance-System.\",\"breadcrumb\":{\"@id\":\"https:\\\/\\\/www.organisator.ch\\\/management\\\/finanzen_recht\\\/2020-09-17\\\/rueckblick-expertsuisse-jahrestagung-2020-sicher-in-unsicheren-zeiten\\\/#breadcrumb\"},\"inLanguage\":\"it-IT\",\"potentialAction\":[{\"@type\":\"ReadAction\",\"target\":[\"https:\\\/\\\/www.organisator.ch\\\/management\\\/finanzen_recht\\\/2020-09-17\\\/rueckblick-expertsuisse-jahrestagung-2020-sicher-in-unsicheren-zeiten\\\/\"]}]},{\"@type\":\"ImageObject\",\"inLanguage\":\"it-IT\",\"@id\":\"https:\\\/\\\/www.organisator.ch\\\/management\\\/finanzen_recht\\\/2020-09-17\\\/rueckblick-expertsuisse-jahrestagung-2020-sicher-in-unsicheren-zeiten\\\/#primaryimage\",\"url\":\"https:\\\/\\\/www.organisator.ch\\\/wp-content\\\/uploads\\\/2020\\\/09\\\/Rueckblick-EXPERTsuisse-Jahrestagung-2020-Sicher-in-unsicheren-Zeiten_Organisator.jpg\",\"contentUrl\":\"https:\\\/\\\/www.organisator.ch\\\/wp-content\\\/uploads\\\/2020\\\/09\\\/Rueckblick-EXPERTsuisse-Jahrestagung-2020-Sicher-in-unsicheren-Zeiten_Organisator.jpg\",\"width\":680,\"height\":320,\"caption\":\"Diskussionsrunde an der EXPERTsuisse Jahrestagung 2020: Victor Balli, Monika R\u00fchl, Moderatorin Patrizia Laeri und Martin Nay. (Bild: EXPERTsuisse)\"},{\"@type\":\"BreadcrumbList\",\"@id\":\"https:\\\/\\\/www.organisator.ch\\\/management\\\/finanzen_recht\\\/2020-09-17\\\/rueckblick-expertsuisse-jahrestagung-2020-sicher-in-unsicheren-zeiten\\\/#breadcrumb\",\"itemListElement\":[{\"@type\":\"ListItem\",\"position\":1,\"name\":\"Home\",\"item\":\"https:\\\/\\\/www.organisator.ch\\\/\"},{\"@type\":\"ListItem\",\"position\":2,\"name\":\"R\u00fcckblick EXPERTsuisse Jahrestagung 2020: \u00abSicher in unsicheren Zeiten\u00bb\"}]},{\"@type\":\"WebSite\",\"@id\":\"https:\\\/\\\/www.organisator.ch\\\/#website\",\"url\":\"https:\\\/\\\/www.organisator.ch\\\/\",\"name\":\"Organisator\",\"description\":\"Kompetent. Praxisnah. Der ORGANISATOR bereitet in 10 Ausgaben pro Jahr die wesentlichen Themen f\u00fcr F\u00fchrungskr\u00e4fte von KMU auf.\",\"publisher\":{\"@id\":\"https:\\\/\\\/www.organisator.ch\\\/#organization\"},\"potentialAction\":[{\"@type\":\"SearchAction\",\"target\":{\"@type\":\"EntryPoint\",\"urlTemplate\":\"https:\\\/\\\/www.organisator.ch\\\/?s={search_term_string}\"},\"query-input\":{\"@type\":\"PropertyValueSpecification\",\"valueRequired\":true,\"valueName\":\"search_term_string\"}}],\"inLanguage\":\"it-IT\"},{\"@type\":\"Organization\",\"@id\":\"https:\\\/\\\/www.organisator.ch\\\/#organization\",\"name\":\"Organisator\",\"url\":\"https:\\\/\\\/www.organisator.ch\\\/\",\"logo\":{\"@type\":\"ImageObject\",\"inLanguage\":\"it-IT\",\"@id\":\"https:\\\/\\\/www.organisator.ch\\\/#\\\/schema\\\/logo\\\/image\\\/\",\"url\":\"https:\\\/\\\/www.organisator.ch\\\/wp-content\\\/uploads\\\/2022\\\/01\\\/Logo_Organisator_Website.png\",\"contentUrl\":\"https:\\\/\\\/www.organisator.ch\\\/wp-content\\\/uploads\\\/2022\\\/01\\\/Logo_Organisator_Website.png\",\"width\":800,\"height\":77,\"caption\":\"Organisator\"},\"image\":{\"@id\":\"https:\\\/\\\/www.organisator.ch\\\/#\\\/schema\\\/logo\\\/image\\\/\"},\"sameAs\":[\"https:\\\/\\\/www.facebook.com\\\/OrganisatorFachmagazin\",\"https:\\\/\\\/www.linkedin.com\\\/showcase\\\/organisator-das-magazin-fr-kmu\",\"https:\\\/\\\/www.xing.com\\\/news\\\/pages\\\/organisator-ch-695\",\"https:\\\/\\\/www.youtube.com\\\/channel\\\/UCGP2Sq0iWaZwT3BdIAQFYpw\"]},{\"@type\":\"Person\",\"@id\":\"https:\\\/\\\/www.organisator.ch\\\/#\\\/schema\\\/person\\\/6f650f90b2842cd4c0cc334b4e36f67e\",\"name\":\"thomas.berner\",\"image\":{\"@type\":\"ImageObject\",\"inLanguage\":\"it-IT\",\"@id\":\"https:\\\/\\\/secure.gravatar.com\\\/avatar\\\/ac5001d2a36cb6c6cd3e50789007ffca834b477b74a2144564522e944eabff61?s=96&d=mm&r=g\",\"url\":\"https:\\\/\\\/secure.gravatar.com\\\/avatar\\\/ac5001d2a36cb6c6cd3e50789007ffca834b477b74a2144564522e944eabff61?s=96&d=mm&r=g\",\"contentUrl\":\"https:\\\/\\\/secure.gravatar.com\\\/avatar\\\/ac5001d2a36cb6c6cd3e50789007ffca834b477b74a2144564522e944eabff61?s=96&d=mm&r=g\",\"caption\":\"thomas.berner\"},\"url\":\"https:\\\/\\\/www.organisator.ch\\\/it\\\/author\\\/thomas-berner\\\/\"}]}<\/script>\n<!-- \/ Yoast SEO plugin. -->","yoast_head_json":{"title":"Rassegna Conferenza annuale EXPERTsuisse 2020: \"Sicurezza in tempi incerti\" - Organizzatore","description":"In occasione della Conferenza annuale EXPERTsuisse 2020 a Berna, l'associazione di esperti ha evidenziato e discusso il ruolo delle persone nel sistema di governance.","robots":{"index":"index","follow":"follow","max-snippet":"max-snippet:-1","max-image-preview":"max-image-preview:large","max-video-preview":"max-video-preview:-1"},"canonical":"https:\/\/www.organisator.ch\/it\/gestione-2\/finanzen_recht\/2020-09-17\/rueckblick-expertsuisse-jahrestagung-2020-sicher-in-unsicheren-zeiten\/","og_locale":"it_IT","og_type":"article","og_title":"R\u00fcckblick EXPERTsuisse Jahrestagung 2020: \u00abSicher in unsicheren Zeiten\u00bb","og_description":"An der EXPERTsuisse Jahrestagung 2020 in Bern beleuchtete und diskutierte der Expertenverband die Rolle des Menschen im Governance-System.","og_url":"https:\/\/www.organisator.ch\/it\/gestione-2\/finanzen_recht\/2020-09-17\/rueckblick-expertsuisse-jahrestagung-2020-sicher-in-unsicheren-zeiten\/","og_site_name":"Organisator","article_publisher":"https:\/\/www.facebook.com\/OrganisatorFachmagazin","article_published_time":"2020-09-17T06:16:08+00:00","og_image":[{"width":680,"height":320,"url":"https:\/\/www.organisator.ch\/wp-content\/uploads\/2020\/09\/Rueckblick-EXPERTsuisse-Jahrestagung-2020-Sicher-in-unsicheren-Zeiten_Organisator.jpg","type":"image\/jpeg"}],"author":"thomas.berner","twitter_card":"summary_large_image","twitter_title":"R\u00fcckblick #EXPERTsuisse Jahrestagung 2020: \u00abSicher in unsicheren Zeiten\u00bb","twitter_description":"An der #EXPERTsuisse Jahrestagung 2020 in Bern beleuchtete und diskutierte der Expertenverband die Rolle des Menschen im #Governance-System.","twitter_image":"https:\/\/www.organisator.ch\/wp-content\/uploads\/2020\/09\/Rueckblick-EXPERTsuisse-Jahrestagung-2020-Sicher-in-unsicheren-Zeiten_Organisator.jpg","schema":{"@context":"https:\/\/schema.org","@graph":[{"@type":"Article","@id":"https:\/\/www.organisator.ch\/management\/finanzen_recht\/2020-09-17\/rueckblick-expertsuisse-jahrestagung-2020-sicher-in-unsicheren-zeiten\/#article","isPartOf":{"@id":"https:\/\/www.organisator.ch\/management\/finanzen_recht\/2020-09-17\/rueckblick-expertsuisse-jahrestagung-2020-sicher-in-unsicheren-zeiten\/"},"author":{"name":"thomas.berner","@id":"https:\/\/www.organisator.ch\/#\/schema\/person\/6f650f90b2842cd4c0cc334b4e36f67e"},"headline":"R\u00fcckblick EXPERTsuisse Jahrestagung 2020: \u00abSicher in unsicheren Zeiten\u00bb","datePublished":"2020-09-17T06:16:08+00:00","mainEntityOfPage":{"@id":"https:\/\/www.organisator.ch\/management\/finanzen_recht\/2020-09-17\/rueckblick-expertsuisse-jahrestagung-2020-sicher-in-unsicheren-zeiten\/"},"wordCount":824,"publisher":{"@id":"https:\/\/www.organisator.ch\/#organization"},"image":{"@id":"https:\/\/www.organisator.ch\/management\/finanzen_recht\/2020-09-17\/rueckblick-expertsuisse-jahrestagung-2020-sicher-in-unsicheren-zeiten\/#primaryimage"},"thumbnailUrl":"https:\/\/www.organisator.ch\/wp-content\/uploads\/2020\/09\/Rueckblick-EXPERTsuisse-Jahrestagung-2020-Sicher-in-unsicheren-Zeiten_Organisator.jpg","keywords":["Fachkongress\/Fachmesse","Finanzen\/Recht","Risikomanagement","Verb\u00e4nde"],"articleSection":["FINANZEN\/RECHT"],"inLanguage":"it-IT"},{"@type":"WebPage","@id":"https:\/\/www.organisator.ch\/management\/finanzen_recht\/2020-09-17\/rueckblick-expertsuisse-jahrestagung-2020-sicher-in-unsicheren-zeiten\/","url":"https:\/\/www.organisator.ch\/management\/finanzen_recht\/2020-09-17\/rueckblick-expertsuisse-jahrestagung-2020-sicher-in-unsicheren-zeiten\/","name":"Rassegna Conferenza annuale EXPERTsuisse 2020: \"Sicurezza in tempi incerti\" - Organizzatore","isPartOf":{"@id":"https:\/\/www.organisator.ch\/#website"},"primaryImageOfPage":{"@id":"https:\/\/www.organisator.ch\/management\/finanzen_recht\/2020-09-17\/rueckblick-expertsuisse-jahrestagung-2020-sicher-in-unsicheren-zeiten\/#primaryimage"},"image":{"@id":"https:\/\/www.organisator.ch\/management\/finanzen_recht\/2020-09-17\/rueckblick-expertsuisse-jahrestagung-2020-sicher-in-unsicheren-zeiten\/#primaryimage"},"thumbnailUrl":"https:\/\/www.organisator.ch\/wp-content\/uploads\/2020\/09\/Rueckblick-EXPERTsuisse-Jahrestagung-2020-Sicher-in-unsicheren-Zeiten_Organisator.jpg","datePublished":"2020-09-17T06:16:08+00:00","description":"In occasione della Conferenza annuale EXPERTsuisse 2020 a Berna, l'associazione di esperti ha evidenziato e discusso il ruolo delle persone nel sistema di governance.","breadcrumb":{"@id":"https:\/\/www.organisator.ch\/management\/finanzen_recht\/2020-09-17\/rueckblick-expertsuisse-jahrestagung-2020-sicher-in-unsicheren-zeiten\/#breadcrumb"},"inLanguage":"it-IT","potentialAction":[{"@type":"ReadAction","target":["https:\/\/www.organisator.ch\/management\/finanzen_recht\/2020-09-17\/rueckblick-expertsuisse-jahrestagung-2020-sicher-in-unsicheren-zeiten\/"]}]},{"@type":"ImageObject","inLanguage":"it-IT","@id":"https:\/\/www.organisator.ch\/management\/finanzen_recht\/2020-09-17\/rueckblick-expertsuisse-jahrestagung-2020-sicher-in-unsicheren-zeiten\/#primaryimage","url":"https:\/\/www.organisator.ch\/wp-content\/uploads\/2020\/09\/Rueckblick-EXPERTsuisse-Jahrestagung-2020-Sicher-in-unsicheren-Zeiten_Organisator.jpg","contentUrl":"https:\/\/www.organisator.ch\/wp-content\/uploads\/2020\/09\/Rueckblick-EXPERTsuisse-Jahrestagung-2020-Sicher-in-unsicheren-Zeiten_Organisator.jpg","width":680,"height":320,"caption":"Diskussionsrunde an der EXPERTsuisse Jahrestagung 2020: Victor Balli, Monika R\u00fchl, Moderatorin Patrizia Laeri und Martin Nay. (Bild: EXPERTsuisse)"},{"@type":"BreadcrumbList","@id":"https:\/\/www.organisator.ch\/management\/finanzen_recht\/2020-09-17\/rueckblick-expertsuisse-jahrestagung-2020-sicher-in-unsicheren-zeiten\/#breadcrumb","itemListElement":[{"@type":"ListItem","position":1,"name":"Home","item":"https:\/\/www.organisator.ch\/"},{"@type":"ListItem","position":2,"name":"R\u00fcckblick EXPERTsuisse Jahrestagung 2020: \u00abSicher in unsicheren Zeiten\u00bb"}]},{"@type":"WebSite","@id":"https:\/\/www.organisator.ch\/#website","url":"https:\/\/www.organisator.ch\/","name":"Organizzatore","description":"Competente. Pratico. In 10 numeri all'anno, ORGANISATOR presenta i temi essenziali per i manager delle PMI.","publisher":{"@id":"https:\/\/www.organisator.ch\/#organization"},"potentialAction":[{"@type":"SearchAction","target":{"@type":"EntryPoint","urlTemplate":"https:\/\/www.organisator.ch\/?s={search_term_string}"},"query-input":{"@type":"PropertyValueSpecification","valueRequired":true,"valueName":"search_term_string"}}],"inLanguage":"it-IT"},{"@type":"Organization","@id":"https:\/\/www.organisator.ch\/#organization","name":"Organizzatore","url":"https:\/\/www.organisator.ch\/","logo":{"@type":"ImageObject","inLanguage":"it-IT","@id":"https:\/\/www.organisator.ch\/#\/schema\/logo\/image\/","url":"https:\/\/www.organisator.ch\/wp-content\/uploads\/2022\/01\/Logo_Organisator_Website.png","contentUrl":"https:\/\/www.organisator.ch\/wp-content\/uploads\/2022\/01\/Logo_Organisator_Website.png","width":800,"height":77,"caption":"Organisator"},"image":{"@id":"https:\/\/www.organisator.ch\/#\/schema\/logo\/image\/"},"sameAs":["https:\/\/www.facebook.com\/OrganisatorFachmagazin","https:\/\/www.linkedin.com\/showcase\/organisator-das-magazin-fr-kmu","https:\/\/www.xing.com\/news\/pages\/organisator-ch-695","https:\/\/www.youtube.com\/channel\/UCGP2Sq0iWaZwT3BdIAQFYpw"]},{"@type":"Person","@id":"https:\/\/www.organisator.ch\/#\/schema\/person\/6f650f90b2842cd4c0cc334b4e36f67e","name":"Tommaso.berner","image":{"@type":"ImageObject","inLanguage":"it-IT","@id":"https:\/\/secure.gravatar.com\/avatar\/ac5001d2a36cb6c6cd3e50789007ffca834b477b74a2144564522e944eabff61?s=96&d=mm&r=g","url":"https:\/\/secure.gravatar.com\/avatar\/ac5001d2a36cb6c6cd3e50789007ffca834b477b74a2144564522e944eabff61?s=96&d=mm&r=g","contentUrl":"https:\/\/secure.gravatar.com\/avatar\/ac5001d2a36cb6c6cd3e50789007ffca834b477b74a2144564522e944eabff61?s=96&d=mm&r=g","caption":"thomas.berner"},"url":"https:\/\/www.organisator.ch\/it\/author\/thomas-berner\/"}]}},"_links":{"self":[{"href":"https:\/\/www.organisator.ch\/it\/wp-json\/wp\/v2\/posts\/7131","targetHints":{"allow":["GET"]}}],"collection":[{"href":"https:\/\/www.organisator.ch\/it\/wp-json\/wp\/v2\/posts"}],"about":[{"href":"https:\/\/www.organisator.ch\/it\/wp-json\/wp\/v2\/types\/post"}],"author":[{"embeddable":true,"href":"https:\/\/www.organisator.ch\/it\/wp-json\/wp\/v2\/users\/4"}],"replies":[{"embeddable":true,"href":"https:\/\/www.organisator.ch\/it\/wp-json\/wp\/v2\/comments?post=7131"}],"version-history":[{"count":0,"href":"https:\/\/www.organisator.ch\/it\/wp-json\/wp\/v2\/posts\/7131\/revisions"}],"wp:featuredmedia":[{"embeddable":true,"href":"https:\/\/www.organisator.ch\/it\/wp-json\/wp\/v2\/media\/7132"}],"wp:attachment":[{"href":"https:\/\/www.organisator.ch\/it\/wp-json\/wp\/v2\/media?parent=7131"}],"wp:term":[{"taxonomy":"category","embeddable":true,"href":"https:\/\/www.organisator.ch\/it\/wp-json\/wp\/v2\/categories?post=7131"},{"taxonomy":"post_tag","embeddable":true,"href":"https:\/\/www.organisator.ch\/it\/wp-json\/wp\/v2\/tags?post=7131"}],"curies":[{"name":"wp","href":"https:\/\/api.w.org\/{rel}","templated":true}]}}