{"id":7134,"date":"2020-09-18T09:58:31","date_gmt":"2020-09-18T07:58:31","guid":{"rendered":"https:\/\/www.organisator.ch\/?p=7134"},"modified":"2020-09-18T09:58:31","modified_gmt":"2020-09-18T07:58:31","slug":"sprachliche-vielfalt-als-chance-nutzen","status":"publish","type":"post","link":"https:\/\/www.organisator.ch\/it\/management\/2020-09-18\/sprachliche-vielfalt-als-chance-nutzen\/","title":{"rendered":"Usare la diversit\u00e0 linguistica come un'opportunit\u00e0"},"content":{"rendered":"<figure id=\"attachment_7135\" aria-describedby=\"caption-attachment-7135\" style=\"width: 680px\" class=\"wp-caption alignnone\"><img loading=\"lazy\" decoding=\"async\" class=\"size-medium wp-image-7135\" src=\"https:\/\/www.organisator.ch\/wp-content\/uploads\/2020\/09\/Sprachliche-Vielfalt-als-Chance-nutzen_Organisator.jpg\" alt=\"\" width=\"680\" height=\"496\" srcset=\"https:\/\/www.organisator.ch\/wp-content\/uploads\/2020\/09\/Sprachliche-Vielfalt-als-Chance-nutzen_Organisator.jpg 680w, https:\/\/www.organisator.ch\/wp-content\/uploads\/2020\/09\/Sprachliche-Vielfalt-als-Chance-nutzen_Organisator-16x12.jpg 16w, https:\/\/www.organisator.ch\/wp-content\/uploads\/2020\/09\/Sprachliche-Vielfalt-als-Chance-nutzen_Organisator-240x175.jpg 240w, https:\/\/www.organisator.ch\/wp-content\/uploads\/2020\/09\/Sprachliche-Vielfalt-als-Chance-nutzen_Organisator-480x350.jpg 480w, https:\/\/www.organisator.ch\/wp-content\/uploads\/2020\/09\/Sprachliche-Vielfalt-als-Chance-nutzen_Organisator-300x219.jpg 300w\" sizes=\"auto, (max-width: 680px) 100vw, 680px\" \/><figcaption id=\"caption-attachment-7135\" class=\"wp-caption-text\">Tavola rotonda allo SKO LeaderCircle del 16 settembre 2020 sulla diversit\u00e0 linguistica della Svizzera: il moderatore Stefan Barmettler (all'estrema sinistra) in conversazione con Bakel Walden, Corina Casanova, Virginie Borel e Antoinette Hunziker-Ebneter (da sinistra a destra). (Foto: Thomas Berner)<\/figcaption><\/figure>\n<p>La Svizzera funziona pi\u00f9 come una nazione di scopo che come una nazione di volont\u00e0: l'amministratore delegato di SKO J\u00fcrg Eggenberger ha introdotto l'evento Feierabend al SIX Convention Point di Zurigo con questa tesi spesso citata. Spesso le quattro lingue nazionali in Svizzera sono percepite pi\u00f9 accanto che insieme. \u00c8 davvero questo il caso? E in che misura la diversit\u00e0 culturale e linguistica della Svizzera \u00e8 anche un problema di gestione nelle aziende?<\/p>\n<h2><strong>Imparare le lingue per andare avanti economicamente<\/strong><\/h2>\n<p>A queste domande hanno risposto uno dopo l'altro i quattro ospiti - intervistati da Stefan Barmettler, caporedattore della Handelszeitung. L'ex cancelliera federale Corina Casanova, cresciuta nella Bassa Engadina di lingua retoromanza, ha condiviso la sua esperienza di come ha dovuto imparare il tedesco molto rapidamente dopo la sua lingua madre. \"Dobbiamo imparare altre lingue per andare avanti economicamente\", ha detto Casanova. Vede la diversit\u00e0 linguistica e culturale come il cemento della nostra societ\u00e0 e fa appello ai dirigenti per essere sensibili alle altre lingue e per essere aperti alle altre culture.<\/p>\n<h2><strong>Mettere in pratica la diversit\u00e0 linguistica<\/strong><\/h2>\n<p>Virginie Borel, responsabile del Forum Bilingue di Bienne, l'unica citt\u00e0 ufficialmente bilingue della Svizzera, ha anche incoraggiato i manager ad essere pi\u00f9 consapevoli delle competenze linguistiche dei loro dipendenti. \"\u00c8 meglio comunicare con errori in una lingua straniera che rimanere in silenzio senza errori\", \u00e8 stato il suo appello al pubblico. La propria competenza linguistica \u00e8 troppo spesso sottovalutata.<\/p>\n<p>Qualcosa che Antoinette Hunziker-Ebneter, CEO di Forma Futura Invest AG e presidente del consiglio di amministrazione della Berner Kantonalbank BEKB, ha potuto sottolineare. Il bilinguismo (tedesco e francese) \u00e8 centrale. La addolora ogni volta che banchieri di Zurigo e banchieri di Ginevra finiscono per parlare in inglese, ha ammesso.<\/p>\n<h2><strong>La SSR come riflesso linguistico della Svizzera? <\/strong><\/h2>\n<p>Infine, Bakel Walden, direttore dello sviluppo e delle offerte della SSR, ha riferito su come la Radiotelevisione svizzera adempie al suo mandato di coprire tutte le lingue nazionali con le trasmissioni. La diversit\u00e0 linguistica alla SSR sta diventando sempre pi\u00f9 importante, ha detto Walden. Per cos\u00ec dire, l'affermazione dell'ex SSR \"id\u00e9e suisse\" dovrebbe essere presa alla lettera. Con il progetto \"Play Suisse\", una piattaforma di streaming che sar\u00e0 lanciata nel novembre 2020, si vuole ottenere un maggiore scambio tra le regioni linguistiche. Grazie alla tecnologia digitale avanzata, i programmi in lingua straniera saranno disponibili con i sottotitoli.<\/p>\n<h2><strong>Le lingue come elemento integratore - e un mandato educativo<\/strong><\/h2>\n<p>Nella tavola rotonda che \u00e8 seguita, \u00e8 stata sottolineata ancora una volta l'importanza del nostro multilinguismo. \"I migranti ci hanno mostrato come adattarci rapidamente\", ha detto Virginie Borel. Le PMI potrebbero anche utilizzare molto meglio il potenziale linguistico dei migranti, ha aggiunto. Bakel Walden, d'altra parte, nota che tra le giovani generazioni, la competenza della lingua inglese \u00e8 superiore a quella di un'altra lingua nazionale. Forse si dovrebbero prendere pi\u00f9 contromisure a questo proposito. Questo \u00e8 un compito per il sistema educativo, come \u00e8 emerso anche da alcuni voti del pubblico: Perch\u00e9 non aumentare lo scambio di alunni e insegnanti tra le regioni linguistiche?<\/p>\n<p><em>Maggiori informazioni sugli eventi SKO: <a href=\"http:\/\/www.sko.ch\">www.sko.ch<\/a><\/em><\/p>","protected":false},"excerpt":{"rendered":"<p>Die Schweiz funktioniere mehr als eine Zweck- denn als eine Willensnation: Mit dieser oft zitierten These f\u00fchrte SKO-Gesch\u00e4ftsf\u00fchrer J\u00fcrg Eggenberger in die Feierabend-Veranstaltung im SIX Convention Point in Z\u00fcrich ein. Oft w\u00fcrden die vier Landessprachen in der Schweiz mehr nebeneinander als miteinander wahrgenommen. Ist dem wirklich so? Und inwieweit ist die kulturelle und sprachliche Vielfalt [&hellip;]<\/p>\n","protected":false},"author":4,"featured_media":7135,"comment_status":"closed","ping_status":"closed","sticky":false,"template":"","format":"standard","meta":{"_acf_changed":false,"_yoast_wpseo_focuskw":"sprachliche Vielfalt","_yoast_wpseo_metadesc":"Nach einer corona-bedingten Pause fand am 16. September 2020 erstmals wieder ein SKO LeaderCircle statt. Thema: Die sprachliche Vielfalt in der Schweiz.","articlekey":"","footnotes":""},"categories":[28],"tags":[193,335,503,508],"class_list":["post-7134","post","type-post","status-publish","format-standard","has-post-thumbnail","hentry","category-management","tag-fachkongressfachmesse","tag-management-und-unternehmensfuehrung","tag-verbaende","tag-vermischtes"],"acf":[],"yoast_head":"<!-- This site is optimized with the Yoast SEO plugin v27.4 - https:\/\/yoast.com\/product\/yoast-seo-wordpress\/ -->\n<title>Sprachliche Vielfalt als Chance nutzen - Organisator<\/title>\n<meta name=\"description\" content=\"Nach einer corona-bedingten Pause fand am 16. September 2020 erstmals wieder ein SKO LeaderCircle statt. Thema: Die sprachliche Vielfalt in der Schweiz.\" \/>\n<meta name=\"robots\" content=\"index, follow, max-snippet:-1, max-image-preview:large, max-video-preview:-1\" \/>\n<link rel=\"canonical\" href=\"https:\/\/www.organisator.ch\/it\/gestione-2\/2020-09-18\/sprachliche-vielfalt-als-chance-nutzen\/\" \/>\n<meta property=\"og:locale\" content=\"it_IT\" \/>\n<meta property=\"og:type\" content=\"article\" \/>\n<meta property=\"og:title\" content=\"Sprachliche Vielfalt als Chance nutzen\" \/>\n<meta property=\"og:description\" content=\"Nach einer corona-bedingten Pause fand am 16. September 2020 erstmals wieder ein SKO LeaderCircle statt. Thema: Die sprachliche Vielfalt in der Schweiz.\" \/>\n<meta property=\"og:url\" content=\"https:\/\/www.organisator.ch\/it\/gestione-2\/2020-09-18\/sprachliche-vielfalt-als-chance-nutzen\/\" \/>\n<meta property=\"og:site_name\" content=\"Organisator\" \/>\n<meta property=\"article:publisher\" content=\"https:\/\/www.facebook.com\/OrganisatorFachmagazin\" \/>\n<meta property=\"article:published_time\" content=\"2020-09-18T07:58:31+00:00\" \/>\n<meta property=\"og:image\" content=\"https:\/\/www.organisator.ch\/wp-content\/uploads\/2020\/09\/Sprachliche-Vielfalt-als-Chance-nutzen_Organisator.jpg\" \/>\n\t<meta property=\"og:image:width\" content=\"680\" \/>\n\t<meta property=\"og:image:height\" content=\"496\" \/>\n\t<meta property=\"og:image:type\" content=\"image\/jpeg\" \/>\n<meta name=\"author\" content=\"thomas.berner\" \/>\n<meta name=\"twitter:card\" content=\"summary_large_image\" \/>\n<meta name=\"twitter:title\" content=\"Sprachliche Vielfalt als #Chance nutzen\" \/>\n<meta name=\"twitter:description\" content=\"Nach einer corona-bedingten Pause fand am 16. September 2020 erstmals wieder ein #SKO #LeaderCircle statt. Thema: Die sprachliche Vielfalt in der Schweiz.\" \/>\n<meta name=\"twitter:image\" content=\"https:\/\/www.organisator.ch\/wp-content\/uploads\/2020\/09\/Sprachliche-Vielfalt-als-Chance-nutzen_Organisator.jpg\" \/>\n<script type=\"application\/ld+json\" class=\"yoast-schema-graph\">{\"@context\":\"https:\\\/\\\/schema.org\",\"@graph\":[{\"@type\":\"Article\",\"@id\":\"https:\\\/\\\/www.organisator.ch\\\/management\\\/2020-09-18\\\/sprachliche-vielfalt-als-chance-nutzen\\\/#article\",\"isPartOf\":{\"@id\":\"https:\\\/\\\/www.organisator.ch\\\/management\\\/2020-09-18\\\/sprachliche-vielfalt-als-chance-nutzen\\\/\"},\"author\":{\"name\":\"thomas.berner\",\"@id\":\"https:\\\/\\\/www.organisator.ch\\\/#\\\/schema\\\/person\\\/6f650f90b2842cd4c0cc334b4e36f67e\"},\"headline\":\"Sprachliche Vielfalt als Chance nutzen\",\"datePublished\":\"2020-09-18T07:58:31+00:00\",\"mainEntityOfPage\":{\"@id\":\"https:\\\/\\\/www.organisator.ch\\\/management\\\/2020-09-18\\\/sprachliche-vielfalt-als-chance-nutzen\\\/\"},\"wordCount\":528,\"publisher\":{\"@id\":\"https:\\\/\\\/www.organisator.ch\\\/#organization\"},\"image\":{\"@id\":\"https:\\\/\\\/www.organisator.ch\\\/management\\\/2020-09-18\\\/sprachliche-vielfalt-als-chance-nutzen\\\/#primaryimage\"},\"thumbnailUrl\":\"https:\\\/\\\/www.organisator.ch\\\/wp-content\\\/uploads\\\/2020\\\/09\\\/Sprachliche-Vielfalt-als-Chance-nutzen_Organisator.jpg\",\"keywords\":[\"Fachkongress\\\/Fachmesse\",\"Management und Unternehmensf\u00fchrung\",\"Verb\u00e4nde\",\"Vermischtes\"],\"articleSection\":[\"MANAGEMENT\"],\"inLanguage\":\"it-IT\"},{\"@type\":\"WebPage\",\"@id\":\"https:\\\/\\\/www.organisator.ch\\\/management\\\/2020-09-18\\\/sprachliche-vielfalt-als-chance-nutzen\\\/\",\"url\":\"https:\\\/\\\/www.organisator.ch\\\/management\\\/2020-09-18\\\/sprachliche-vielfalt-als-chance-nutzen\\\/\",\"name\":\"Sprachliche Vielfalt als Chance nutzen - Organisator\",\"isPartOf\":{\"@id\":\"https:\\\/\\\/www.organisator.ch\\\/#website\"},\"primaryImageOfPage\":{\"@id\":\"https:\\\/\\\/www.organisator.ch\\\/management\\\/2020-09-18\\\/sprachliche-vielfalt-als-chance-nutzen\\\/#primaryimage\"},\"image\":{\"@id\":\"https:\\\/\\\/www.organisator.ch\\\/management\\\/2020-09-18\\\/sprachliche-vielfalt-als-chance-nutzen\\\/#primaryimage\"},\"thumbnailUrl\":\"https:\\\/\\\/www.organisator.ch\\\/wp-content\\\/uploads\\\/2020\\\/09\\\/Sprachliche-Vielfalt-als-Chance-nutzen_Organisator.jpg\",\"datePublished\":\"2020-09-18T07:58:31+00:00\",\"description\":\"Nach einer corona-bedingten Pause fand am 16. September 2020 erstmals wieder ein SKO LeaderCircle statt. Thema: Die sprachliche Vielfalt in der Schweiz.\",\"breadcrumb\":{\"@id\":\"https:\\\/\\\/www.organisator.ch\\\/management\\\/2020-09-18\\\/sprachliche-vielfalt-als-chance-nutzen\\\/#breadcrumb\"},\"inLanguage\":\"it-IT\",\"potentialAction\":[{\"@type\":\"ReadAction\",\"target\":[\"https:\\\/\\\/www.organisator.ch\\\/management\\\/2020-09-18\\\/sprachliche-vielfalt-als-chance-nutzen\\\/\"]}]},{\"@type\":\"ImageObject\",\"inLanguage\":\"it-IT\",\"@id\":\"https:\\\/\\\/www.organisator.ch\\\/management\\\/2020-09-18\\\/sprachliche-vielfalt-als-chance-nutzen\\\/#primaryimage\",\"url\":\"https:\\\/\\\/www.organisator.ch\\\/wp-content\\\/uploads\\\/2020\\\/09\\\/Sprachliche-Vielfalt-als-Chance-nutzen_Organisator.jpg\",\"contentUrl\":\"https:\\\/\\\/www.organisator.ch\\\/wp-content\\\/uploads\\\/2020\\\/09\\\/Sprachliche-Vielfalt-als-Chance-nutzen_Organisator.jpg\",\"width\":680,\"height\":496,\"caption\":\"Podiumsdiskussion am SKO LeaderCircle vom 16. September 2020 \u00fcber die sprachliche Vielfalt der Schweiz: Moderator Stefan Barmettler (ganz links) im Gespr\u00e4ch mit Corina Casanova, Bakel Walden, Virginie Borel und Antoinette Hunziker-Ebneter. (Bild: Thomas Berner)\"},{\"@type\":\"BreadcrumbList\",\"@id\":\"https:\\\/\\\/www.organisator.ch\\\/management\\\/2020-09-18\\\/sprachliche-vielfalt-als-chance-nutzen\\\/#breadcrumb\",\"itemListElement\":[{\"@type\":\"ListItem\",\"position\":1,\"name\":\"Home\",\"item\":\"https:\\\/\\\/www.organisator.ch\\\/\"},{\"@type\":\"ListItem\",\"position\":2,\"name\":\"Sprachliche Vielfalt als Chance nutzen\"}]},{\"@type\":\"WebSite\",\"@id\":\"https:\\\/\\\/www.organisator.ch\\\/#website\",\"url\":\"https:\\\/\\\/www.organisator.ch\\\/\",\"name\":\"Organisator\",\"description\":\"Kompetent. Praxisnah. Der ORGANISATOR bereitet in 10 Ausgaben pro Jahr die wesentlichen Themen f\u00fcr F\u00fchrungskr\u00e4fte von KMU auf.\",\"publisher\":{\"@id\":\"https:\\\/\\\/www.organisator.ch\\\/#organization\"},\"potentialAction\":[{\"@type\":\"SearchAction\",\"target\":{\"@type\":\"EntryPoint\",\"urlTemplate\":\"https:\\\/\\\/www.organisator.ch\\\/?s={search_term_string}\"},\"query-input\":{\"@type\":\"PropertyValueSpecification\",\"valueRequired\":true,\"valueName\":\"search_term_string\"}}],\"inLanguage\":\"it-IT\"},{\"@type\":\"Organization\",\"@id\":\"https:\\\/\\\/www.organisator.ch\\\/#organization\",\"name\":\"Organisator\",\"url\":\"https:\\\/\\\/www.organisator.ch\\\/\",\"logo\":{\"@type\":\"ImageObject\",\"inLanguage\":\"it-IT\",\"@id\":\"https:\\\/\\\/www.organisator.ch\\\/#\\\/schema\\\/logo\\\/image\\\/\",\"url\":\"https:\\\/\\\/www.organisator.ch\\\/wp-content\\\/uploads\\\/2022\\\/01\\\/Logo_Organisator_Website.png\",\"contentUrl\":\"https:\\\/\\\/www.organisator.ch\\\/wp-content\\\/uploads\\\/2022\\\/01\\\/Logo_Organisator_Website.png\",\"width\":800,\"height\":77,\"caption\":\"Organisator\"},\"image\":{\"@id\":\"https:\\\/\\\/www.organisator.ch\\\/#\\\/schema\\\/logo\\\/image\\\/\"},\"sameAs\":[\"https:\\\/\\\/www.facebook.com\\\/OrganisatorFachmagazin\",\"https:\\\/\\\/www.linkedin.com\\\/showcase\\\/organisator-das-magazin-fr-kmu\",\"https:\\\/\\\/www.xing.com\\\/news\\\/pages\\\/organisator-ch-695\",\"https:\\\/\\\/www.youtube.com\\\/channel\\\/UCGP2Sq0iWaZwT3BdIAQFYpw\"]},{\"@type\":\"Person\",\"@id\":\"https:\\\/\\\/www.organisator.ch\\\/#\\\/schema\\\/person\\\/6f650f90b2842cd4c0cc334b4e36f67e\",\"name\":\"thomas.berner\",\"image\":{\"@type\":\"ImageObject\",\"inLanguage\":\"it-IT\",\"@id\":\"https:\\\/\\\/secure.gravatar.com\\\/avatar\\\/ac5001d2a36cb6c6cd3e50789007ffca834b477b74a2144564522e944eabff61?s=96&d=mm&r=g\",\"url\":\"https:\\\/\\\/secure.gravatar.com\\\/avatar\\\/ac5001d2a36cb6c6cd3e50789007ffca834b477b74a2144564522e944eabff61?s=96&d=mm&r=g\",\"contentUrl\":\"https:\\\/\\\/secure.gravatar.com\\\/avatar\\\/ac5001d2a36cb6c6cd3e50789007ffca834b477b74a2144564522e944eabff61?s=96&d=mm&r=g\",\"caption\":\"thomas.berner\"},\"url\":\"https:\\\/\\\/www.organisator.ch\\\/it\\\/author\\\/thomas-berner\\\/\"}]}<\/script>\n<!-- \/ Yoast SEO plugin. -->","yoast_head_json":{"title":"Sfruttare la diversit\u00e0 linguistica come opportunit\u00e0 - Organizzatore","description":"Dopo una pausa dovuta alla corona, il 16 settembre 2020 si \u00e8 tenuto per la prima volta uno SKO LeaderCircle. Il tema: La diversit\u00e0 linguistica in Svizzera.","robots":{"index":"index","follow":"follow","max-snippet":"max-snippet:-1","max-image-preview":"max-image-preview:large","max-video-preview":"max-video-preview:-1"},"canonical":"https:\/\/www.organisator.ch\/it\/gestione-2\/2020-09-18\/sprachliche-vielfalt-als-chance-nutzen\/","og_locale":"it_IT","og_type":"article","og_title":"Sprachliche Vielfalt als Chance nutzen","og_description":"Nach einer corona-bedingten Pause fand am 16. September 2020 erstmals wieder ein SKO LeaderCircle statt. Thema: Die sprachliche Vielfalt in der Schweiz.","og_url":"https:\/\/www.organisator.ch\/it\/gestione-2\/2020-09-18\/sprachliche-vielfalt-als-chance-nutzen\/","og_site_name":"Organisator","article_publisher":"https:\/\/www.facebook.com\/OrganisatorFachmagazin","article_published_time":"2020-09-18T07:58:31+00:00","og_image":[{"width":680,"height":496,"url":"https:\/\/www.organisator.ch\/wp-content\/uploads\/2020\/09\/Sprachliche-Vielfalt-als-Chance-nutzen_Organisator.jpg","type":"image\/jpeg"}],"author":"thomas.berner","twitter_card":"summary_large_image","twitter_title":"Sprachliche Vielfalt als #Chance nutzen","twitter_description":"Nach einer corona-bedingten Pause fand am 16. September 2020 erstmals wieder ein #SKO #LeaderCircle statt. Thema: Die sprachliche Vielfalt in der Schweiz.","twitter_image":"https:\/\/www.organisator.ch\/wp-content\/uploads\/2020\/09\/Sprachliche-Vielfalt-als-Chance-nutzen_Organisator.jpg","schema":{"@context":"https:\/\/schema.org","@graph":[{"@type":"Article","@id":"https:\/\/www.organisator.ch\/management\/2020-09-18\/sprachliche-vielfalt-als-chance-nutzen\/#article","isPartOf":{"@id":"https:\/\/www.organisator.ch\/management\/2020-09-18\/sprachliche-vielfalt-als-chance-nutzen\/"},"author":{"name":"thomas.berner","@id":"https:\/\/www.organisator.ch\/#\/schema\/person\/6f650f90b2842cd4c0cc334b4e36f67e"},"headline":"Sprachliche Vielfalt als Chance nutzen","datePublished":"2020-09-18T07:58:31+00:00","mainEntityOfPage":{"@id":"https:\/\/www.organisator.ch\/management\/2020-09-18\/sprachliche-vielfalt-als-chance-nutzen\/"},"wordCount":528,"publisher":{"@id":"https:\/\/www.organisator.ch\/#organization"},"image":{"@id":"https:\/\/www.organisator.ch\/management\/2020-09-18\/sprachliche-vielfalt-als-chance-nutzen\/#primaryimage"},"thumbnailUrl":"https:\/\/www.organisator.ch\/wp-content\/uploads\/2020\/09\/Sprachliche-Vielfalt-als-Chance-nutzen_Organisator.jpg","keywords":["Fachkongress\/Fachmesse","Management und Unternehmensf\u00fchrung","Verb\u00e4nde","Vermischtes"],"articleSection":["MANAGEMENT"],"inLanguage":"it-IT"},{"@type":"WebPage","@id":"https:\/\/www.organisator.ch\/management\/2020-09-18\/sprachliche-vielfalt-als-chance-nutzen\/","url":"https:\/\/www.organisator.ch\/management\/2020-09-18\/sprachliche-vielfalt-als-chance-nutzen\/","name":"Sfruttare la diversit\u00e0 linguistica come opportunit\u00e0 - Organizzatore","isPartOf":{"@id":"https:\/\/www.organisator.ch\/#website"},"primaryImageOfPage":{"@id":"https:\/\/www.organisator.ch\/management\/2020-09-18\/sprachliche-vielfalt-als-chance-nutzen\/#primaryimage"},"image":{"@id":"https:\/\/www.organisator.ch\/management\/2020-09-18\/sprachliche-vielfalt-als-chance-nutzen\/#primaryimage"},"thumbnailUrl":"https:\/\/www.organisator.ch\/wp-content\/uploads\/2020\/09\/Sprachliche-Vielfalt-als-Chance-nutzen_Organisator.jpg","datePublished":"2020-09-18T07:58:31+00:00","description":"Dopo una pausa dovuta alla corona, il 16 settembre 2020 si \u00e8 tenuto per la prima volta uno SKO LeaderCircle. Il tema: La diversit\u00e0 linguistica in Svizzera.","breadcrumb":{"@id":"https:\/\/www.organisator.ch\/management\/2020-09-18\/sprachliche-vielfalt-als-chance-nutzen\/#breadcrumb"},"inLanguage":"it-IT","potentialAction":[{"@type":"ReadAction","target":["https:\/\/www.organisator.ch\/management\/2020-09-18\/sprachliche-vielfalt-als-chance-nutzen\/"]}]},{"@type":"ImageObject","inLanguage":"it-IT","@id":"https:\/\/www.organisator.ch\/management\/2020-09-18\/sprachliche-vielfalt-als-chance-nutzen\/#primaryimage","url":"https:\/\/www.organisator.ch\/wp-content\/uploads\/2020\/09\/Sprachliche-Vielfalt-als-Chance-nutzen_Organisator.jpg","contentUrl":"https:\/\/www.organisator.ch\/wp-content\/uploads\/2020\/09\/Sprachliche-Vielfalt-als-Chance-nutzen_Organisator.jpg","width":680,"height":496,"caption":"Podiumsdiskussion am SKO LeaderCircle vom 16. September 2020 \u00fcber die sprachliche Vielfalt der Schweiz: Moderator Stefan Barmettler (ganz links) im Gespr\u00e4ch mit Corina Casanova, Bakel Walden, Virginie Borel und Antoinette Hunziker-Ebneter. (Bild: Thomas Berner)"},{"@type":"BreadcrumbList","@id":"https:\/\/www.organisator.ch\/management\/2020-09-18\/sprachliche-vielfalt-als-chance-nutzen\/#breadcrumb","itemListElement":[{"@type":"ListItem","position":1,"name":"Home","item":"https:\/\/www.organisator.ch\/"},{"@type":"ListItem","position":2,"name":"Sprachliche Vielfalt als Chance nutzen"}]},{"@type":"WebSite","@id":"https:\/\/www.organisator.ch\/#website","url":"https:\/\/www.organisator.ch\/","name":"Organizzatore","description":"Competente. Pratico. In 10 numeri all'anno, ORGANISATOR presenta i temi essenziali per i manager delle PMI.","publisher":{"@id":"https:\/\/www.organisator.ch\/#organization"},"potentialAction":[{"@type":"SearchAction","target":{"@type":"EntryPoint","urlTemplate":"https:\/\/www.organisator.ch\/?s={search_term_string}"},"query-input":{"@type":"PropertyValueSpecification","valueRequired":true,"valueName":"search_term_string"}}],"inLanguage":"it-IT"},{"@type":"Organization","@id":"https:\/\/www.organisator.ch\/#organization","name":"Organizzatore","url":"https:\/\/www.organisator.ch\/","logo":{"@type":"ImageObject","inLanguage":"it-IT","@id":"https:\/\/www.organisator.ch\/#\/schema\/logo\/image\/","url":"https:\/\/www.organisator.ch\/wp-content\/uploads\/2022\/01\/Logo_Organisator_Website.png","contentUrl":"https:\/\/www.organisator.ch\/wp-content\/uploads\/2022\/01\/Logo_Organisator_Website.png","width":800,"height":77,"caption":"Organisator"},"image":{"@id":"https:\/\/www.organisator.ch\/#\/schema\/logo\/image\/"},"sameAs":["https:\/\/www.facebook.com\/OrganisatorFachmagazin","https:\/\/www.linkedin.com\/showcase\/organisator-das-magazin-fr-kmu","https:\/\/www.xing.com\/news\/pages\/organisator-ch-695","https:\/\/www.youtube.com\/channel\/UCGP2Sq0iWaZwT3BdIAQFYpw"]},{"@type":"Person","@id":"https:\/\/www.organisator.ch\/#\/schema\/person\/6f650f90b2842cd4c0cc334b4e36f67e","name":"Tommaso.berner","image":{"@type":"ImageObject","inLanguage":"it-IT","@id":"https:\/\/secure.gravatar.com\/avatar\/ac5001d2a36cb6c6cd3e50789007ffca834b477b74a2144564522e944eabff61?s=96&d=mm&r=g","url":"https:\/\/secure.gravatar.com\/avatar\/ac5001d2a36cb6c6cd3e50789007ffca834b477b74a2144564522e944eabff61?s=96&d=mm&r=g","contentUrl":"https:\/\/secure.gravatar.com\/avatar\/ac5001d2a36cb6c6cd3e50789007ffca834b477b74a2144564522e944eabff61?s=96&d=mm&r=g","caption":"thomas.berner"},"url":"https:\/\/www.organisator.ch\/it\/author\/thomas-berner\/"}]}},"_links":{"self":[{"href":"https:\/\/www.organisator.ch\/it\/wp-json\/wp\/v2\/posts\/7134","targetHints":{"allow":["GET"]}}],"collection":[{"href":"https:\/\/www.organisator.ch\/it\/wp-json\/wp\/v2\/posts"}],"about":[{"href":"https:\/\/www.organisator.ch\/it\/wp-json\/wp\/v2\/types\/post"}],"author":[{"embeddable":true,"href":"https:\/\/www.organisator.ch\/it\/wp-json\/wp\/v2\/users\/4"}],"replies":[{"embeddable":true,"href":"https:\/\/www.organisator.ch\/it\/wp-json\/wp\/v2\/comments?post=7134"}],"version-history":[{"count":0,"href":"https:\/\/www.organisator.ch\/it\/wp-json\/wp\/v2\/posts\/7134\/revisions"}],"wp:featuredmedia":[{"embeddable":true,"href":"https:\/\/www.organisator.ch\/it\/wp-json\/wp\/v2\/media\/7135"}],"wp:attachment":[{"href":"https:\/\/www.organisator.ch\/it\/wp-json\/wp\/v2\/media?parent=7134"}],"wp:term":[{"taxonomy":"category","embeddable":true,"href":"https:\/\/www.organisator.ch\/it\/wp-json\/wp\/v2\/categories?post=7134"},{"taxonomy":"post_tag","embeddable":true,"href":"https:\/\/www.organisator.ch\/it\/wp-json\/wp\/v2\/tags?post=7134"}],"curies":[{"name":"wp","href":"https:\/\/api.w.org\/{rel}","templated":true}]}}