{"id":7158,"date":"2020-09-24T08:14:17","date_gmt":"2020-09-24T06:14:17","guid":{"rendered":"https:\/\/www.organisator.ch\/?p=7158"},"modified":"2020-09-24T08:14:17","modified_gmt":"2020-09-24T06:14:17","slug":"digitale-buchhaltung-schweizer-kmu-sind-weit-davon-entfernt","status":"publish","type":"post","link":"https:\/\/www.organisator.ch\/it\/management\/finanzen_recht\/2020-09-24\/digitale-buchhaltung-schweizer-kmu-sind-weit-davon-entfernt\/","title":{"rendered":"Contabilit\u00e0 digitale? - Le PMI svizzere sono ben lontane da questo"},"content":{"rendered":"<figure id=\"attachment_7159\" aria-describedby=\"caption-attachment-7159\" style=\"width: 680px\" class=\"wp-caption alignnone\"><img loading=\"lazy\" decoding=\"async\" class=\"size-medium wp-image-7159\" src=\"https:\/\/www.organisator.ch\/wp-content\/uploads\/2020\/09\/Digitale-Buchhaltung-Schweizer-KMU-sind-weit-davon-entfernt_Organisator.jpg\" alt=\"\" width=\"680\" height=\"401\" srcset=\"https:\/\/www.organisator.ch\/wp-content\/uploads\/2020\/09\/Digitale-Buchhaltung-Schweizer-KMU-sind-weit-davon-entfernt_Organisator.jpg 680w, https:\/\/www.organisator.ch\/wp-content\/uploads\/2020\/09\/Digitale-Buchhaltung-Schweizer-KMU-sind-weit-davon-entfernt_Organisator-16x9.jpg 16w, https:\/\/www.organisator.ch\/wp-content\/uploads\/2020\/09\/Digitale-Buchhaltung-Schweizer-KMU-sind-weit-davon-entfernt_Organisator-297x175.jpg 297w, https:\/\/www.organisator.ch\/wp-content\/uploads\/2020\/09\/Digitale-Buchhaltung-Schweizer-KMU-sind-weit-davon-entfernt_Organisator-594x350.jpg 594w, https:\/\/www.organisator.ch\/wp-content\/uploads\/2020\/09\/Digitale-Buchhaltung-Schweizer-KMU-sind-weit-davon-entfernt_Organisator-300x177.jpg 300w\" sizes=\"auto, (max-width: 680px) 100vw, 680px\" \/><figcaption id=\"caption-attachment-7159\" class=\"wp-caption-text\">\u00c8 questo l'aspetto della contabilit\u00e0 digitale nelle PMI svizzere? La realt\u00e0 \u00e8 che: C'\u00e8 ancora molta carta e software installato localmente. (Immagine: Pixabay.com)<\/figcaption><\/figure>\n<p>La contabilit\u00e0 nelle PMI svizzere non pu\u00f2 essere descritta come \"digitale\", come mostrano i risultati di un sondaggio di Run my Accounts e del portale di offerte GRYPS. Il sondaggio si \u00e8 svolto tra il 25 giugno e l'8 luglio 2020; 109 PMI hanno partecipato online.<\/p>\n<h2>La contabilit\u00e0 digitale \u00e8 ancora lontana dallo standard<\/h2>\n<p>Uno dei risultati pi\u00f9 importanti all'inizio: le ricevute cartacee sono ancora lo standard. Anche i programmi di contabilit\u00e0 online non sono la norma nel panorama delle PMI. I vantaggi della contabilit\u00e0 digitale, come i costi ridotti e i libri aggiornati e significativi, non sono ancora riconosciuti dalle PMI svizzere.<\/p>\n<p>Su una scala da 0 a 4, le PMI svizzere si classificano solo a 2,8 quando si tratta di utilizzare la contabilit\u00e0 per le decisioni aziendali (ad esempio l'assunzione di nuovi dipendenti, la decisione di investimenti). Le piccole PMI in particolare non utilizzano il potenziale strategico dei libri contabili; un'occhiata al conto in banca spesso deve bastare. Se le PMI definiscono importanti processi aziendali senza guardare i conti, questo aumenta direttamente il rischio di fallimento.<\/p>\n<h2><strong>Contabilit\u00e0: preferibilmente economica - e gestita dall'amministratore delegato<\/strong><\/h2>\n<p>Una soluzione contabile deve innanzitutto essere economica per le PMI svizzere: Le PMI citano i \"costi bassi\" come il fattore pi\u00f9 importante. La qualit\u00e0 e la conformit\u00e0 legale vengono al secondo posto. Non sorprende quindi che le PMI svizzere valutino la qualit\u00e0 della loro contabilit\u00e0 come mediocre: Su una scala da 1 a 5, le aziende si sono date solo un 3,3 per la qualit\u00e0 della loro contabilit\u00e0.<\/p>\n<p>I manager delle PMI preferiscono trattare con la contabilit\u00e0 piuttosto che con i loro clienti? Questo sembra essere vero. In 47% delle PMI intervistate, l'amministratore delegato si occupa personalmente della contabilit\u00e0 finanziaria. Un professionista fiduciario esterno si occupa della contabilit\u00e0 solo nel 19% delle PMI intervistate.<\/p>\n<h2><strong>Altri risultati del sondaggio<\/strong><\/h2>\n<p>Pi\u00f9 della met\u00e0 degli intervistati (55%) stimano che la proporzione di documenti cartacei nella loro PMI \u00e8 ancora almeno 60%. Ci\u00f2 significa che le ricevute digitali non sono ancora arrivate nelle PMI svizzere. Inoltre, 60% delle aziende intervistate fanno ancora la loro contabilit\u00e0 su software installato localmente. Le piccole PMI fino a 10 dipendenti e le grandi PMI con 51 o pi\u00f9 dipendenti preferiscono anche fare la loro contabilit\u00e0 internamente. L'outsourcing \u00e8 pi\u00f9 comune tra le PMI di medie dimensioni. Solo quando la complessit\u00e0 e il formalismo della contabilit\u00e0 aumentano, vengono chiamati esperti fiduciari, ad esempio per l'IVA (33%), i bilanci annuali (42%) o le imposte (45%).<\/p>\n<p>Conclusione: le PMI svizzere non hanno ancora realizzato i vantaggi della contabilit\u00e0 digitale. Invece della contabilit\u00e0, usano il conto bancario delle PMI per prendere decisioni aziendali. In contrasto con la contabilit\u00e0, questo non \u00e8 abbastanza significativo: solo una contabilit\u00e0 pulita riconosce ed evita le strozzature di liquidit\u00e0 e i fallimenti a lungo termine.<\/p>\n<p><em>Fonte: <a href=\"https:\/\/gryps.us8.list-manage.com\/track\/click?u=66b2112d1484743c8ab92f576&amp;id=4e6e7cec60&amp;e=a890e7a8b7\">www.gryps.ch<\/a> e <a href=\"https:\/\/gryps.us8.list-manage.com\/track\/click?u=66b2112d1484743c8ab92f576&amp;id=5887a803b6&amp;e=a890e7a8b7\">www.runmyaccounts.ch<\/a><\/em><\/p>","protected":false},"excerpt":{"rendered":"<p>Als \u201cdigital\u201d kann die Buchhaltung in Schweizer KMU nicht bezeichnet werden, wie die Ergebnisse einer Umfrage von Run my Accounts und dem Offertenportal GRYPS zeigen. Die Befragung fand zwischen dem 25. Juni bis 8. Juli 2020 statt; 109 KMU haben online daran teilgenommen. Digitale Buchhaltung noch l\u00e4ngst nicht Standard Eines der wichtigsten Resultate vorweg: Belege [&hellip;]<\/p>\n","protected":false},"author":4,"featured_media":7159,"comment_status":"closed","ping_status":"closed","sticky":false,"template":"","format":"standard","meta":{"_acf_changed":false,"_yoast_wpseo_focuskw":"Digitale Buchhaltung","_yoast_wpseo_metadesc":"Eine Umfrage der beiden Unternehmen Run my Accounts und GRYPS zeigt, wie es um das Thema \"digitale Buchhaltung\" in KMU steht. Ergebnis: Nicht gut...","articlekey":"","footnotes":""},"categories":[24],"tags":[94,202,487],"class_list":["post-7158","post","type-post","status-publish","format-standard","has-post-thumbnail","hentry","category-finanzen_recht","tag-buchhaltung","tag-finanzenrecht","tag-umfrage"],"acf":[],"yoast_head":"<!-- This site is optimized with the Yoast SEO plugin v27.5 - https:\/\/yoast.com\/product\/yoast-seo-wordpress\/ -->\n<title>Digitale Buchhaltung? \u2013 Schweizer KMU sind weit davon entfernt - Organisator<\/title>\n<meta name=\"description\" content=\"Eine Umfrage der beiden Unternehmen Run my Accounts und GRYPS zeigt, wie es um das Thema &quot;digitale Buchhaltung&quot; in KMU steht. Ergebnis: Nicht gut...\" \/>\n<meta name=\"robots\" content=\"index, follow, max-snippet:-1, max-image-preview:large, max-video-preview:-1\" \/>\n<link rel=\"canonical\" href=\"https:\/\/www.organisator.ch\/it\/gestione-2\/finanzen_recht\/2020-09-24\/digitale-buchhaltung-schweizer-kmu-sind-weit-davon-entfernt\/\" \/>\n<meta property=\"og:locale\" content=\"it_IT\" \/>\n<meta property=\"og:type\" content=\"article\" \/>\n<meta property=\"og:title\" content=\"Digitale Buchhaltung? \u2013 Schweizer KMU sind weit davon entfernt\" \/>\n<meta property=\"og:description\" content=\"Eine Umfrage der beiden Unternehmen Run my Accounts und GRYPS zeigt, wie es um das Thema &quot;digitale Buchhaltung&quot; in KMU steht. Ergebnis: Nicht gut...\" \/>\n<meta property=\"og:url\" content=\"https:\/\/www.organisator.ch\/it\/gestione-2\/finanzen_recht\/2020-09-24\/digitale-buchhaltung-schweizer-kmu-sind-weit-davon-entfernt\/\" \/>\n<meta property=\"og:site_name\" content=\"Organisator\" \/>\n<meta property=\"article:publisher\" content=\"https:\/\/www.facebook.com\/OrganisatorFachmagazin\" \/>\n<meta property=\"article:published_time\" content=\"2020-09-24T06:14:17+00:00\" \/>\n<meta property=\"og:image\" content=\"https:\/\/www.organisator.ch\/wp-content\/uploads\/2020\/09\/Digitale-Buchhaltung-Schweizer-KMU-sind-weit-davon-entfernt_Organisator.jpg\" \/>\n\t<meta property=\"og:image:width\" content=\"680\" \/>\n\t<meta property=\"og:image:height\" content=\"401\" \/>\n\t<meta property=\"og:image:type\" content=\"image\/jpeg\" \/>\n<meta name=\"author\" content=\"thomas.berner\" \/>\n<meta name=\"twitter:card\" content=\"summary_large_image\" \/>\n<meta name=\"twitter:title\" content=\"Digitale #Buchhaltung? \u2013 Schweizer KMU sind weit davon entfernt\" \/>\n<meta name=\"twitter:description\" content=\"Eine Umfrage der beiden Unternehmen Run my Accounts und GRYPS zeigt, wie es um das Thema &quot;digitale #Buchhaltung&quot; in KMU steht. Ergebnis: Nicht gut...\" \/>\n<meta name=\"twitter:image\" content=\"https:\/\/www.organisator.ch\/wp-content\/uploads\/2020\/09\/Digitale-Buchhaltung-Schweizer-KMU-sind-weit-davon-entfernt_Organisator.jpg\" \/>\n<script type=\"application\/ld+json\" class=\"yoast-schema-graph\">{\"@context\":\"https:\\\/\\\/schema.org\",\"@graph\":[{\"@type\":\"Article\",\"@id\":\"https:\\\/\\\/www.organisator.ch\\\/management\\\/finanzen_recht\\\/2020-09-24\\\/digitale-buchhaltung-schweizer-kmu-sind-weit-davon-entfernt\\\/#article\",\"isPartOf\":{\"@id\":\"https:\\\/\\\/www.organisator.ch\\\/management\\\/finanzen_recht\\\/2020-09-24\\\/digitale-buchhaltung-schweizer-kmu-sind-weit-davon-entfernt\\\/\"},\"author\":{\"name\":\"thomas.berner\",\"@id\":\"https:\\\/\\\/www.organisator.ch\\\/#\\\/schema\\\/person\\\/6f650f90b2842cd4c0cc334b4e36f67e\"},\"headline\":\"Digitale Buchhaltung? \u2013 Schweizer KMU sind weit davon entfernt\",\"datePublished\":\"2020-09-24T06:14:17+00:00\",\"mainEntityOfPage\":{\"@id\":\"https:\\\/\\\/www.organisator.ch\\\/management\\\/finanzen_recht\\\/2020-09-24\\\/digitale-buchhaltung-schweizer-kmu-sind-weit-davon-entfernt\\\/\"},\"wordCount\":495,\"publisher\":{\"@id\":\"https:\\\/\\\/www.organisator.ch\\\/#organization\"},\"image\":{\"@id\":\"https:\\\/\\\/www.organisator.ch\\\/management\\\/finanzen_recht\\\/2020-09-24\\\/digitale-buchhaltung-schweizer-kmu-sind-weit-davon-entfernt\\\/#primaryimage\"},\"thumbnailUrl\":\"https:\\\/\\\/www.organisator.ch\\\/wp-content\\\/uploads\\\/2020\\\/09\\\/Digitale-Buchhaltung-Schweizer-KMU-sind-weit-davon-entfernt_Organisator.jpg\",\"keywords\":[\"Buchhaltung\",\"Finanzen\\\/Recht\",\"Umfrage\"],\"articleSection\":[\"FINANZEN\\\/RECHT\"],\"inLanguage\":\"it-IT\"},{\"@type\":\"WebPage\",\"@id\":\"https:\\\/\\\/www.organisator.ch\\\/management\\\/finanzen_recht\\\/2020-09-24\\\/digitale-buchhaltung-schweizer-kmu-sind-weit-davon-entfernt\\\/\",\"url\":\"https:\\\/\\\/www.organisator.ch\\\/management\\\/finanzen_recht\\\/2020-09-24\\\/digitale-buchhaltung-schweizer-kmu-sind-weit-davon-entfernt\\\/\",\"name\":\"Digitale Buchhaltung? \u2013 Schweizer KMU sind weit davon entfernt - Organisator\",\"isPartOf\":{\"@id\":\"https:\\\/\\\/www.organisator.ch\\\/#website\"},\"primaryImageOfPage\":{\"@id\":\"https:\\\/\\\/www.organisator.ch\\\/management\\\/finanzen_recht\\\/2020-09-24\\\/digitale-buchhaltung-schweizer-kmu-sind-weit-davon-entfernt\\\/#primaryimage\"},\"image\":{\"@id\":\"https:\\\/\\\/www.organisator.ch\\\/management\\\/finanzen_recht\\\/2020-09-24\\\/digitale-buchhaltung-schweizer-kmu-sind-weit-davon-entfernt\\\/#primaryimage\"},\"thumbnailUrl\":\"https:\\\/\\\/www.organisator.ch\\\/wp-content\\\/uploads\\\/2020\\\/09\\\/Digitale-Buchhaltung-Schweizer-KMU-sind-weit-davon-entfernt_Organisator.jpg\",\"datePublished\":\"2020-09-24T06:14:17+00:00\",\"description\":\"Eine Umfrage der beiden Unternehmen Run my Accounts und GRYPS zeigt, wie es um das Thema \\\"digitale Buchhaltung\\\" in KMU steht. Ergebnis: Nicht gut...\",\"breadcrumb\":{\"@id\":\"https:\\\/\\\/www.organisator.ch\\\/management\\\/finanzen_recht\\\/2020-09-24\\\/digitale-buchhaltung-schweizer-kmu-sind-weit-davon-entfernt\\\/#breadcrumb\"},\"inLanguage\":\"it-IT\",\"potentialAction\":[{\"@type\":\"ReadAction\",\"target\":[\"https:\\\/\\\/www.organisator.ch\\\/management\\\/finanzen_recht\\\/2020-09-24\\\/digitale-buchhaltung-schweizer-kmu-sind-weit-davon-entfernt\\\/\"]}]},{\"@type\":\"ImageObject\",\"inLanguage\":\"it-IT\",\"@id\":\"https:\\\/\\\/www.organisator.ch\\\/management\\\/finanzen_recht\\\/2020-09-24\\\/digitale-buchhaltung-schweizer-kmu-sind-weit-davon-entfernt\\\/#primaryimage\",\"url\":\"https:\\\/\\\/www.organisator.ch\\\/wp-content\\\/uploads\\\/2020\\\/09\\\/Digitale-Buchhaltung-Schweizer-KMU-sind-weit-davon-entfernt_Organisator.jpg\",\"contentUrl\":\"https:\\\/\\\/www.organisator.ch\\\/wp-content\\\/uploads\\\/2020\\\/09\\\/Digitale-Buchhaltung-Schweizer-KMU-sind-weit-davon-entfernt_Organisator.jpg\",\"width\":680,\"height\":401,\"caption\":\"Sieht so die digitale Buchhaltung in Schweizer KMU aus? Die Realit\u00e4t ist: Noch herrscht viel Papier vor und lokal installierte Software. (Bild: Pixabay.com)\"},{\"@type\":\"BreadcrumbList\",\"@id\":\"https:\\\/\\\/www.organisator.ch\\\/management\\\/finanzen_recht\\\/2020-09-24\\\/digitale-buchhaltung-schweizer-kmu-sind-weit-davon-entfernt\\\/#breadcrumb\",\"itemListElement\":[{\"@type\":\"ListItem\",\"position\":1,\"name\":\"Home\",\"item\":\"https:\\\/\\\/www.organisator.ch\\\/\"},{\"@type\":\"ListItem\",\"position\":2,\"name\":\"Digitale Buchhaltung? \u2013 Schweizer KMU sind weit davon entfernt\"}]},{\"@type\":\"WebSite\",\"@id\":\"https:\\\/\\\/www.organisator.ch\\\/#website\",\"url\":\"https:\\\/\\\/www.organisator.ch\\\/\",\"name\":\"Organisator\",\"description\":\"Kompetent. Praxisnah. Der ORGANISATOR bereitet in 10 Ausgaben pro Jahr die wesentlichen Themen f\u00fcr F\u00fchrungskr\u00e4fte von KMU auf.\",\"publisher\":{\"@id\":\"https:\\\/\\\/www.organisator.ch\\\/#organization\"},\"potentialAction\":[{\"@type\":\"SearchAction\",\"target\":{\"@type\":\"EntryPoint\",\"urlTemplate\":\"https:\\\/\\\/www.organisator.ch\\\/?s={search_term_string}\"},\"query-input\":{\"@type\":\"PropertyValueSpecification\",\"valueRequired\":true,\"valueName\":\"search_term_string\"}}],\"inLanguage\":\"it-IT\"},{\"@type\":\"Organization\",\"@id\":\"https:\\\/\\\/www.organisator.ch\\\/#organization\",\"name\":\"Organisator\",\"url\":\"https:\\\/\\\/www.organisator.ch\\\/\",\"logo\":{\"@type\":\"ImageObject\",\"inLanguage\":\"it-IT\",\"@id\":\"https:\\\/\\\/www.organisator.ch\\\/#\\\/schema\\\/logo\\\/image\\\/\",\"url\":\"https:\\\/\\\/www.organisator.ch\\\/wp-content\\\/uploads\\\/2022\\\/01\\\/Logo_Organisator_Website.png\",\"contentUrl\":\"https:\\\/\\\/www.organisator.ch\\\/wp-content\\\/uploads\\\/2022\\\/01\\\/Logo_Organisator_Website.png\",\"width\":800,\"height\":77,\"caption\":\"Organisator\"},\"image\":{\"@id\":\"https:\\\/\\\/www.organisator.ch\\\/#\\\/schema\\\/logo\\\/image\\\/\"},\"sameAs\":[\"https:\\\/\\\/www.facebook.com\\\/OrganisatorFachmagazin\",\"https:\\\/\\\/www.linkedin.com\\\/showcase\\\/organisator-das-magazin-fr-kmu\",\"https:\\\/\\\/www.xing.com\\\/news\\\/pages\\\/organisator-ch-695\",\"https:\\\/\\\/www.youtube.com\\\/channel\\\/UCGP2Sq0iWaZwT3BdIAQFYpw\"]},{\"@type\":\"Person\",\"@id\":\"https:\\\/\\\/www.organisator.ch\\\/#\\\/schema\\\/person\\\/6f650f90b2842cd4c0cc334b4e36f67e\",\"name\":\"thomas.berner\",\"image\":{\"@type\":\"ImageObject\",\"inLanguage\":\"it-IT\",\"@id\":\"https:\\\/\\\/secure.gravatar.com\\\/avatar\\\/ac5001d2a36cb6c6cd3e50789007ffca834b477b74a2144564522e944eabff61?s=96&d=mm&r=g\",\"url\":\"https:\\\/\\\/secure.gravatar.com\\\/avatar\\\/ac5001d2a36cb6c6cd3e50789007ffca834b477b74a2144564522e944eabff61?s=96&d=mm&r=g\",\"contentUrl\":\"https:\\\/\\\/secure.gravatar.com\\\/avatar\\\/ac5001d2a36cb6c6cd3e50789007ffca834b477b74a2144564522e944eabff61?s=96&d=mm&r=g\",\"caption\":\"thomas.berner\"},\"url\":\"https:\\\/\\\/www.organisator.ch\\\/it\\\/author\\\/thomas-berner\\\/\"}]}<\/script>\n<!-- \/ Yoast SEO plugin. -->","yoast_head_json":{"title":"Contabilit\u00e0 digitale? - Le PMI svizzere sono lontane - Organizzatore","description":"Un'indagine condotta dalle due societ\u00e0 Run my Accounts e GRYPS mostra come si pone il tema della \"contabilit\u00e0 digitale\" nelle PMI. Risultato: non buono...","robots":{"index":"index","follow":"follow","max-snippet":"max-snippet:-1","max-image-preview":"max-image-preview:large","max-video-preview":"max-video-preview:-1"},"canonical":"https:\/\/www.organisator.ch\/it\/gestione-2\/finanzen_recht\/2020-09-24\/digitale-buchhaltung-schweizer-kmu-sind-weit-davon-entfernt\/","og_locale":"it_IT","og_type":"article","og_title":"Digitale Buchhaltung? \u2013 Schweizer KMU sind weit davon entfernt","og_description":"Eine Umfrage der beiden Unternehmen Run my Accounts und GRYPS zeigt, wie es um das Thema \"digitale Buchhaltung\" in KMU steht. Ergebnis: Nicht gut...","og_url":"https:\/\/www.organisator.ch\/it\/gestione-2\/finanzen_recht\/2020-09-24\/digitale-buchhaltung-schweizer-kmu-sind-weit-davon-entfernt\/","og_site_name":"Organisator","article_publisher":"https:\/\/www.facebook.com\/OrganisatorFachmagazin","article_published_time":"2020-09-24T06:14:17+00:00","og_image":[{"width":680,"height":401,"url":"https:\/\/www.organisator.ch\/wp-content\/uploads\/2020\/09\/Digitale-Buchhaltung-Schweizer-KMU-sind-weit-davon-entfernt_Organisator.jpg","type":"image\/jpeg"}],"author":"thomas.berner","twitter_card":"summary_large_image","twitter_title":"Digitale #Buchhaltung? \u2013 Schweizer KMU sind weit davon entfernt","twitter_description":"Eine Umfrage der beiden Unternehmen Run my Accounts und GRYPS zeigt, wie es um das Thema \"digitale #Buchhaltung\" in KMU steht. Ergebnis: Nicht gut...","twitter_image":"https:\/\/www.organisator.ch\/wp-content\/uploads\/2020\/09\/Digitale-Buchhaltung-Schweizer-KMU-sind-weit-davon-entfernt_Organisator.jpg","schema":{"@context":"https:\/\/schema.org","@graph":[{"@type":"Article","@id":"https:\/\/www.organisator.ch\/management\/finanzen_recht\/2020-09-24\/digitale-buchhaltung-schweizer-kmu-sind-weit-davon-entfernt\/#article","isPartOf":{"@id":"https:\/\/www.organisator.ch\/management\/finanzen_recht\/2020-09-24\/digitale-buchhaltung-schweizer-kmu-sind-weit-davon-entfernt\/"},"author":{"name":"thomas.berner","@id":"https:\/\/www.organisator.ch\/#\/schema\/person\/6f650f90b2842cd4c0cc334b4e36f67e"},"headline":"Digitale Buchhaltung? \u2013 Schweizer KMU sind weit davon entfernt","datePublished":"2020-09-24T06:14:17+00:00","mainEntityOfPage":{"@id":"https:\/\/www.organisator.ch\/management\/finanzen_recht\/2020-09-24\/digitale-buchhaltung-schweizer-kmu-sind-weit-davon-entfernt\/"},"wordCount":495,"publisher":{"@id":"https:\/\/www.organisator.ch\/#organization"},"image":{"@id":"https:\/\/www.organisator.ch\/management\/finanzen_recht\/2020-09-24\/digitale-buchhaltung-schweizer-kmu-sind-weit-davon-entfernt\/#primaryimage"},"thumbnailUrl":"https:\/\/www.organisator.ch\/wp-content\/uploads\/2020\/09\/Digitale-Buchhaltung-Schweizer-KMU-sind-weit-davon-entfernt_Organisator.jpg","keywords":["Buchhaltung","Finanzen\/Recht","Umfrage"],"articleSection":["FINANZEN\/RECHT"],"inLanguage":"it-IT"},{"@type":"WebPage","@id":"https:\/\/www.organisator.ch\/management\/finanzen_recht\/2020-09-24\/digitale-buchhaltung-schweizer-kmu-sind-weit-davon-entfernt\/","url":"https:\/\/www.organisator.ch\/management\/finanzen_recht\/2020-09-24\/digitale-buchhaltung-schweizer-kmu-sind-weit-davon-entfernt\/","name":"Contabilit\u00e0 digitale? - Le PMI svizzere sono lontane - Organizzatore","isPartOf":{"@id":"https:\/\/www.organisator.ch\/#website"},"primaryImageOfPage":{"@id":"https:\/\/www.organisator.ch\/management\/finanzen_recht\/2020-09-24\/digitale-buchhaltung-schweizer-kmu-sind-weit-davon-entfernt\/#primaryimage"},"image":{"@id":"https:\/\/www.organisator.ch\/management\/finanzen_recht\/2020-09-24\/digitale-buchhaltung-schweizer-kmu-sind-weit-davon-entfernt\/#primaryimage"},"thumbnailUrl":"https:\/\/www.organisator.ch\/wp-content\/uploads\/2020\/09\/Digitale-Buchhaltung-Schweizer-KMU-sind-weit-davon-entfernt_Organisator.jpg","datePublished":"2020-09-24T06:14:17+00:00","description":"Un'indagine condotta dalle due societ\u00e0 Run my Accounts e GRYPS mostra come si pone il tema della \"contabilit\u00e0 digitale\" nelle PMI. Risultato: non buono...","breadcrumb":{"@id":"https:\/\/www.organisator.ch\/management\/finanzen_recht\/2020-09-24\/digitale-buchhaltung-schweizer-kmu-sind-weit-davon-entfernt\/#breadcrumb"},"inLanguage":"it-IT","potentialAction":[{"@type":"ReadAction","target":["https:\/\/www.organisator.ch\/management\/finanzen_recht\/2020-09-24\/digitale-buchhaltung-schweizer-kmu-sind-weit-davon-entfernt\/"]}]},{"@type":"ImageObject","inLanguage":"it-IT","@id":"https:\/\/www.organisator.ch\/management\/finanzen_recht\/2020-09-24\/digitale-buchhaltung-schweizer-kmu-sind-weit-davon-entfernt\/#primaryimage","url":"https:\/\/www.organisator.ch\/wp-content\/uploads\/2020\/09\/Digitale-Buchhaltung-Schweizer-KMU-sind-weit-davon-entfernt_Organisator.jpg","contentUrl":"https:\/\/www.organisator.ch\/wp-content\/uploads\/2020\/09\/Digitale-Buchhaltung-Schweizer-KMU-sind-weit-davon-entfernt_Organisator.jpg","width":680,"height":401,"caption":"Sieht so die digitale Buchhaltung in Schweizer KMU aus? Die Realit\u00e4t ist: Noch herrscht viel Papier vor und lokal installierte Software. (Bild: Pixabay.com)"},{"@type":"BreadcrumbList","@id":"https:\/\/www.organisator.ch\/management\/finanzen_recht\/2020-09-24\/digitale-buchhaltung-schweizer-kmu-sind-weit-davon-entfernt\/#breadcrumb","itemListElement":[{"@type":"ListItem","position":1,"name":"Home","item":"https:\/\/www.organisator.ch\/"},{"@type":"ListItem","position":2,"name":"Digitale Buchhaltung? \u2013 Schweizer KMU sind weit davon entfernt"}]},{"@type":"WebSite","@id":"https:\/\/www.organisator.ch\/#website","url":"https:\/\/www.organisator.ch\/","name":"Organizzatore","description":"Competente. Pratico. In 10 numeri all'anno, ORGANISATOR presenta i temi essenziali per i manager delle PMI.","publisher":{"@id":"https:\/\/www.organisator.ch\/#organization"},"potentialAction":[{"@type":"SearchAction","target":{"@type":"EntryPoint","urlTemplate":"https:\/\/www.organisator.ch\/?s={search_term_string}"},"query-input":{"@type":"PropertyValueSpecification","valueRequired":true,"valueName":"search_term_string"}}],"inLanguage":"it-IT"},{"@type":"Organization","@id":"https:\/\/www.organisator.ch\/#organization","name":"Organizzatore","url":"https:\/\/www.organisator.ch\/","logo":{"@type":"ImageObject","inLanguage":"it-IT","@id":"https:\/\/www.organisator.ch\/#\/schema\/logo\/image\/","url":"https:\/\/www.organisator.ch\/wp-content\/uploads\/2022\/01\/Logo_Organisator_Website.png","contentUrl":"https:\/\/www.organisator.ch\/wp-content\/uploads\/2022\/01\/Logo_Organisator_Website.png","width":800,"height":77,"caption":"Organisator"},"image":{"@id":"https:\/\/www.organisator.ch\/#\/schema\/logo\/image\/"},"sameAs":["https:\/\/www.facebook.com\/OrganisatorFachmagazin","https:\/\/www.linkedin.com\/showcase\/organisator-das-magazin-fr-kmu","https:\/\/www.xing.com\/news\/pages\/organisator-ch-695","https:\/\/www.youtube.com\/channel\/UCGP2Sq0iWaZwT3BdIAQFYpw"]},{"@type":"Person","@id":"https:\/\/www.organisator.ch\/#\/schema\/person\/6f650f90b2842cd4c0cc334b4e36f67e","name":"Tommaso.berner","image":{"@type":"ImageObject","inLanguage":"it-IT","@id":"https:\/\/secure.gravatar.com\/avatar\/ac5001d2a36cb6c6cd3e50789007ffca834b477b74a2144564522e944eabff61?s=96&d=mm&r=g","url":"https:\/\/secure.gravatar.com\/avatar\/ac5001d2a36cb6c6cd3e50789007ffca834b477b74a2144564522e944eabff61?s=96&d=mm&r=g","contentUrl":"https:\/\/secure.gravatar.com\/avatar\/ac5001d2a36cb6c6cd3e50789007ffca834b477b74a2144564522e944eabff61?s=96&d=mm&r=g","caption":"thomas.berner"},"url":"https:\/\/www.organisator.ch\/it\/author\/thomas-berner\/"}]}},"_links":{"self":[{"href":"https:\/\/www.organisator.ch\/it\/wp-json\/wp\/v2\/posts\/7158","targetHints":{"allow":["GET"]}}],"collection":[{"href":"https:\/\/www.organisator.ch\/it\/wp-json\/wp\/v2\/posts"}],"about":[{"href":"https:\/\/www.organisator.ch\/it\/wp-json\/wp\/v2\/types\/post"}],"author":[{"embeddable":true,"href":"https:\/\/www.organisator.ch\/it\/wp-json\/wp\/v2\/users\/4"}],"replies":[{"embeddable":true,"href":"https:\/\/www.organisator.ch\/it\/wp-json\/wp\/v2\/comments?post=7158"}],"version-history":[{"count":0,"href":"https:\/\/www.organisator.ch\/it\/wp-json\/wp\/v2\/posts\/7158\/revisions"}],"wp:featuredmedia":[{"embeddable":true,"href":"https:\/\/www.organisator.ch\/it\/wp-json\/wp\/v2\/media\/7159"}],"wp:attachment":[{"href":"https:\/\/www.organisator.ch\/it\/wp-json\/wp\/v2\/media?parent=7158"}],"wp:term":[{"taxonomy":"category","embeddable":true,"href":"https:\/\/www.organisator.ch\/it\/wp-json\/wp\/v2\/categories?post=7158"},{"taxonomy":"post_tag","embeddable":true,"href":"https:\/\/www.organisator.ch\/it\/wp-json\/wp\/v2\/tags?post=7158"}],"curies":[{"name":"wp","href":"https:\/\/api.w.org\/{rel}","templated":true}]}}