{"id":7166,"date":"2020-09-28T08:05:58","date_gmt":"2020-09-28T06:05:58","guid":{"rendered":"https:\/\/www.organisator.ch\/?p=7166"},"modified":"2020-09-28T08:05:58","modified_gmt":"2020-09-28T06:05:58","slug":"griesser-ag-lays-fondazione-pietra-per-grande-progetto-edilizio-2","status":"publish","type":"post","link":"https:\/\/www.organisator.ch\/it\/management\/2020-09-28\/griesser-ag-legt-grundstein-fuer-grosses-bauprojekt\/","title":{"rendered":"Griesser AG posa la prima pietra per un grande progetto edilizio"},"content":{"rendered":"<figure id=\"attachment_7167\" aria-describedby=\"caption-attachment-7167\" style=\"width: 680px\" class=\"wp-caption alignnone\"><img loading=\"lazy\" decoding=\"async\" class=\"size-medium wp-image-7167\" src=\"https:\/\/www.organisator.ch\/wp-content\/uploads\/2020\/09\/Griesser-AG-legt-Grundstein-fuer-grosses-Bauprojekt_Organisator.jpg\" alt=\"\" width=\"680\" height=\"463\" srcset=\"https:\/\/www.organisator.ch\/wp-content\/uploads\/2020\/09\/Griesser-AG-legt-Grundstein-fuer-grosses-Bauprojekt_Organisator.jpg 680w, https:\/\/www.organisator.ch\/wp-content\/uploads\/2020\/09\/Griesser-AG-legt-Grundstein-fuer-grosses-Bauprojekt_Organisator-16x12.jpg 16w, https:\/\/www.organisator.ch\/wp-content\/uploads\/2020\/09\/Griesser-AG-legt-Grundstein-fuer-grosses-Bauprojekt_Organisator-257x175.jpg 257w, https:\/\/www.organisator.ch\/wp-content\/uploads\/2020\/09\/Griesser-AG-legt-Grundstein-fuer-grosses-Bauprojekt_Organisator-514x350.jpg 514w, https:\/\/www.organisator.ch\/wp-content\/uploads\/2020\/09\/Griesser-AG-legt-Grundstein-fuer-grosses-Bauprojekt_Organisator-300x204.jpg 300w\" sizes=\"auto, (max-width: 680px) 100vw, 680px\" \/><figcaption id=\"caption-attachment-7167\" class=\"wp-caption-text\">Posa della prima pietra: Urs Neuhauser (CEO Griesser), Walter Str\u00e4ssle (presidente del consiglio di amministrazione Griesser). (Immagine: Griesser AG)<\/figcaption><\/figure>\n<p>La Griesser AG ha sede ad Aadorf dal 1882 e da tempo si \u00e8 affermata come uno dei leader del mercato europeo per la protezione solare e dalle intemperie per finestre e terrazze. <a href=\"https:\/\/www.organisator.ch\/mit-mut-in-die-zukunft-griesser-ag-mit-spatenstich-fuer-neubau\/\">I lavori di costruzione sono iniziati nel giugno 2020<\/a> per l'espansione e la nuova costruzione della produzione.<\/p>\n<h2>Le fondamenta sono state gettate per una maggiore produttivit\u00e0<\/h2>\n<p>La demolizione e la ricostruzione di un capannone, l'espansione di un capannone di produzione esistente, la sostituzione dell'impianto di verniciatura a polvere esistente, che ha pi\u00f9 di 20 anni, e l'installazione di un magazzino automatico sono destinati ad aumentare la produttivit\u00e0 e migliorare l'efficienza energetica. Se tutto va secondo i piani, Griesser sar\u00e0 in grado di completare il progetto di costruzione entro l'estate 2021 e poi installare e mettere in funzione le nuove attrezzature.<\/p>\n<p>Il fatto che Griesser si attenga al calendario originale per il suo progetto di costruzione dimostra che l'azienda guarda coraggiosamente al futuro, anche in tempi di Corona. Ed \u00e8 un impegno a investire in Svizzera come luogo di produzione e quindi alla filosofia dell'azienda tradizionale.<\/p>\n<h2><strong>Anche radicata nel comune di Aadorf TG in futuro<\/strong><\/h2>\n<p>Nel suo discorso prima della posa simbolica della prima pietra, il CEO Urs Neuhauser ha sottolineato: \"Griesser \u00e8 rappresentata in 20 paesi. Tuttavia, la Svizzera \u00e8 e rimane il nostro luogo di produzione pi\u00f9 importante\". Matthias K\u00fcng, sindaco di Aadorf, ha sottolineato i 138 anni che il comune \u00e8 stato associato a Griesser. \"L'azienda tradizionale \u00e8 un datore di lavoro importante e gode di un alto livello di accettazione tra la popolazione\", ha detto K\u00fcng. \u00c8 particolarmente contento che Aadorf - nel 1999 il secondo comune della Turgovia a ricevere il marchio \"Citt\u00e0 dell'energia\" - e Griesser siano sulla stessa lunghezza d'onda in termini di sostenibilit\u00e0.<\/p>\n<h2>Lavori di costruzione con sfide<\/h2>\n<p>A causa della posizione dei locali dell'azienda, attraverso i quali scorre il torrente L\u00fctzelmurg e che \u00e8 sotterraneo all'edificio della fabbrica, il progetto di costruzione pone anche sfide molto speciali. \"Oltre ai lavori di trasformazione e di ampliamento veri e propri, sono stati necessari anche i permessi per l'area del corso d'acqua e per la protezione del corso d'acqua e delle piene\", ha spiegato la consigliera cantonale di Turgovia Carmen Haag del Dipartimento delle costruzioni e dell'ambiente. Ha elogiato la cooperazione sempre buona con Griesser durante la fase di pianificazione e approvazione.<\/p>\n<p>Dopo i discorsi, in un atto simbolico, una capsula del tempo contenente tutti i piani di costruzione e i concetti, nonch\u00e9 un numero corrente del quotidiano, \u00e8 stata cementata nel terreno sul sito del nuovo edificio dal presidente del consiglio di amministrazione Walter Str\u00e4ssle.<\/p>\n<p><em>Informazioni: <a href=\"http:\/\/www.griesser.ch\">Griesser AG<\/a><\/em><\/p>","protected":false},"excerpt":{"rendered":"<p>Seit 1882 befindet sich der Hauptsitz der Griesser AG in Aadorf und hat sich l\u00e4ngst als einer der Marktf\u00fchrer Europas f\u00fcr Sonnen- und Wetterschutz von Fenstern und Terrassen etabliert. Im Juni 2020 begannen die Bauarbeiten f\u00fcr den Aus- und Neubau der Produktion. Grundstein f\u00fcr Produktivit\u00e4tssteigerung gelegt Mit dem Abbruch und Wiederaufbau einer Werkshalle, der Erweiterung [&hellip;]<\/p>\n","protected":false},"author":4,"featured_media":7167,"comment_status":"closed","ping_status":"closed","sticky":false,"template":"","format":"standard","meta":{"_acf_changed":false,"_yoast_wpseo_focuskw":"Grundstein","_yoast_wpseo_metadesc":"Griesser AG baut das Areal am Hauptsitz in Aadorf um. Die Bauarbeiten sind im Juni 2020 gestartet worden. Am 23. September 2020 wurde der Grundstein gelegt.","articlekey":"","footnotes":""},"categories":[28],"tags":[335,492,508],"class_list":["post-7166","post","type-post","status-publish","format-standard","has-post-thumbnail","hentry","category-management","tag-management-und-unternehmensfuehrung","tag-unternehmen","tag-vermischtes"],"acf":[],"yoast_head":"<!-- This site is optimized with the Yoast SEO plugin v27.4 - https:\/\/yoast.com\/product\/yoast-seo-wordpress\/ -->\n<title>Griesser AG legt Grundstein f\u00fcr grosses Bauprojekt - Organisator<\/title>\n<meta name=\"description\" content=\"Griesser AG baut das Areal am Hauptsitz in Aadorf um. Die Bauarbeiten sind im Juni 2020 gestartet worden. Am 23. September 2020 wurde der Grundstein gelegt.\" \/>\n<meta name=\"robots\" content=\"index, follow, max-snippet:-1, max-image-preview:large, max-video-preview:-1\" \/>\n<link rel=\"canonical\" href=\"https:\/\/www.organisator.ch\/it\/gestione-2\/2020-09-28\/griesser-ag-lays-fondazione-pietra-per-grande-progetto-edilizio-2\/\" \/>\n<meta property=\"og:locale\" content=\"it_IT\" \/>\n<meta property=\"og:type\" content=\"article\" \/>\n<meta property=\"og:title\" content=\"Griesser AG legt Grundstein f\u00fcr grosses Bauprojekt\" \/>\n<meta property=\"og:description\" content=\"Griesser AG baut das Areal am Hauptsitz in Aadorf um. Die Bauarbeiten sind im Juni 2020 gestartet worden. Am 23. September 2020 wurde der Grundstein gelegt.\" \/>\n<meta property=\"og:url\" content=\"https:\/\/www.organisator.ch\/it\/gestione-2\/2020-09-28\/griesser-ag-lays-fondazione-pietra-per-grande-progetto-edilizio-2\/\" \/>\n<meta property=\"og:site_name\" content=\"Organisator\" \/>\n<meta property=\"article:publisher\" content=\"https:\/\/www.facebook.com\/OrganisatorFachmagazin\" \/>\n<meta property=\"article:published_time\" content=\"2020-09-28T06:05:58+00:00\" \/>\n<meta property=\"og:image\" content=\"https:\/\/www.organisator.ch\/wp-content\/uploads\/2020\/09\/Griesser-AG-legt-Grundstein-fuer-grosses-Bauprojekt_Organisator.jpg\" \/>\n\t<meta property=\"og:image:width\" content=\"680\" \/>\n\t<meta property=\"og:image:height\" content=\"463\" \/>\n\t<meta property=\"og:image:type\" content=\"image\/jpeg\" \/>\n<meta name=\"author\" content=\"thomas.berner\" \/>\n<meta name=\"twitter:card\" content=\"summary_large_image\" \/>\n<meta name=\"twitter:title\" content=\"#Griesser AG legt #Grundstein f\u00fcr grosses Bauprojekt\" \/>\n<meta name=\"twitter:description\" content=\"#Griesser AG baut das Areal am Hauptsitz in #Aadorf um. Die Bauarbeiten sind im Juni 2020 gestartet worden. Am 23. September 2020 wurde der #Grundstein gelegt.\" \/>\n<meta name=\"twitter:image\" content=\"https:\/\/www.organisator.ch\/wp-content\/uploads\/2020\/09\/Griesser-AG-legt-Grundstein-fuer-grosses-Bauprojekt_Organisator.jpg\" \/>\n<script type=\"application\/ld+json\" class=\"yoast-schema-graph\">{\"@context\":\"https:\\\/\\\/schema.org\",\"@graph\":[{\"@type\":\"Article\",\"@id\":\"https:\\\/\\\/www.organisator.ch\\\/management\\\/2020-09-28\\\/griesser-ag-legt-grundstein-fuer-grosses-bauprojekt\\\/#article\",\"isPartOf\":{\"@id\":\"https:\\\/\\\/www.organisator.ch\\\/management\\\/2020-09-28\\\/griesser-ag-legt-grundstein-fuer-grosses-bauprojekt\\\/\"},\"author\":{\"name\":\"thomas.berner\",\"@id\":\"https:\\\/\\\/www.organisator.ch\\\/#\\\/schema\\\/person\\\/6f650f90b2842cd4c0cc334b4e36f67e\"},\"headline\":\"Griesser AG legt Grundstein f\u00fcr grosses Bauprojekt\",\"datePublished\":\"2020-09-28T06:05:58+00:00\",\"mainEntityOfPage\":{\"@id\":\"https:\\\/\\\/www.organisator.ch\\\/management\\\/2020-09-28\\\/griesser-ag-legt-grundstein-fuer-grosses-bauprojekt\\\/\"},\"wordCount\":402,\"publisher\":{\"@id\":\"https:\\\/\\\/www.organisator.ch\\\/#organization\"},\"image\":{\"@id\":\"https:\\\/\\\/www.organisator.ch\\\/management\\\/2020-09-28\\\/griesser-ag-legt-grundstein-fuer-grosses-bauprojekt\\\/#primaryimage\"},\"thumbnailUrl\":\"https:\\\/\\\/www.organisator.ch\\\/wp-content\\\/uploads\\\/2020\\\/09\\\/Griesser-AG-legt-Grundstein-fuer-grosses-Bauprojekt_Organisator.jpg\",\"keywords\":[\"Management und Unternehmensf\u00fchrung\",\"Unternehmen\",\"Vermischtes\"],\"articleSection\":[\"MANAGEMENT\"],\"inLanguage\":\"it-IT\"},{\"@type\":\"WebPage\",\"@id\":\"https:\\\/\\\/www.organisator.ch\\\/management\\\/2020-09-28\\\/griesser-ag-legt-grundstein-fuer-grosses-bauprojekt\\\/\",\"url\":\"https:\\\/\\\/www.organisator.ch\\\/management\\\/2020-09-28\\\/griesser-ag-legt-grundstein-fuer-grosses-bauprojekt\\\/\",\"name\":\"Griesser AG legt Grundstein f\u00fcr grosses Bauprojekt - Organisator\",\"isPartOf\":{\"@id\":\"https:\\\/\\\/www.organisator.ch\\\/#website\"},\"primaryImageOfPage\":{\"@id\":\"https:\\\/\\\/www.organisator.ch\\\/management\\\/2020-09-28\\\/griesser-ag-legt-grundstein-fuer-grosses-bauprojekt\\\/#primaryimage\"},\"image\":{\"@id\":\"https:\\\/\\\/www.organisator.ch\\\/management\\\/2020-09-28\\\/griesser-ag-legt-grundstein-fuer-grosses-bauprojekt\\\/#primaryimage\"},\"thumbnailUrl\":\"https:\\\/\\\/www.organisator.ch\\\/wp-content\\\/uploads\\\/2020\\\/09\\\/Griesser-AG-legt-Grundstein-fuer-grosses-Bauprojekt_Organisator.jpg\",\"datePublished\":\"2020-09-28T06:05:58+00:00\",\"description\":\"Griesser AG baut das Areal am Hauptsitz in Aadorf um. Die Bauarbeiten sind im Juni 2020 gestartet worden. Am 23. September 2020 wurde der Grundstein gelegt.\",\"breadcrumb\":{\"@id\":\"https:\\\/\\\/www.organisator.ch\\\/management\\\/2020-09-28\\\/griesser-ag-legt-grundstein-fuer-grosses-bauprojekt\\\/#breadcrumb\"},\"inLanguage\":\"it-IT\",\"potentialAction\":[{\"@type\":\"ReadAction\",\"target\":[\"https:\\\/\\\/www.organisator.ch\\\/management\\\/2020-09-28\\\/griesser-ag-legt-grundstein-fuer-grosses-bauprojekt\\\/\"]}]},{\"@type\":\"ImageObject\",\"inLanguage\":\"it-IT\",\"@id\":\"https:\\\/\\\/www.organisator.ch\\\/management\\\/2020-09-28\\\/griesser-ag-legt-grundstein-fuer-grosses-bauprojekt\\\/#primaryimage\",\"url\":\"https:\\\/\\\/www.organisator.ch\\\/wp-content\\\/uploads\\\/2020\\\/09\\\/Griesser-AG-legt-Grundstein-fuer-grosses-Bauprojekt_Organisator.jpg\",\"contentUrl\":\"https:\\\/\\\/www.organisator.ch\\\/wp-content\\\/uploads\\\/2020\\\/09\\\/Griesser-AG-legt-Grundstein-fuer-grosses-Bauprojekt_Organisator.jpg\",\"width\":680,\"height\":463,\"caption\":\"Den Grundstein gelegt: Urs Neuhauser (CEO Griesser), Walter Str\u00e4ssle (Verwaltungsratspr\u00e4sident Griesser). (Bild: Griesser AG)\"},{\"@type\":\"BreadcrumbList\",\"@id\":\"https:\\\/\\\/www.organisator.ch\\\/management\\\/2020-09-28\\\/griesser-ag-legt-grundstein-fuer-grosses-bauprojekt\\\/#breadcrumb\",\"itemListElement\":[{\"@type\":\"ListItem\",\"position\":1,\"name\":\"Home\",\"item\":\"https:\\\/\\\/www.organisator.ch\\\/\"},{\"@type\":\"ListItem\",\"position\":2,\"name\":\"Griesser AG legt Grundstein f\u00fcr grosses Bauprojekt\"}]},{\"@type\":\"WebSite\",\"@id\":\"https:\\\/\\\/www.organisator.ch\\\/#website\",\"url\":\"https:\\\/\\\/www.organisator.ch\\\/\",\"name\":\"Organisator\",\"description\":\"Kompetent. Praxisnah. Der ORGANISATOR bereitet in 10 Ausgaben pro Jahr die wesentlichen Themen f\u00fcr F\u00fchrungskr\u00e4fte von KMU auf.\",\"publisher\":{\"@id\":\"https:\\\/\\\/www.organisator.ch\\\/#organization\"},\"potentialAction\":[{\"@type\":\"SearchAction\",\"target\":{\"@type\":\"EntryPoint\",\"urlTemplate\":\"https:\\\/\\\/www.organisator.ch\\\/?s={search_term_string}\"},\"query-input\":{\"@type\":\"PropertyValueSpecification\",\"valueRequired\":true,\"valueName\":\"search_term_string\"}}],\"inLanguage\":\"it-IT\"},{\"@type\":\"Organization\",\"@id\":\"https:\\\/\\\/www.organisator.ch\\\/#organization\",\"name\":\"Organisator\",\"url\":\"https:\\\/\\\/www.organisator.ch\\\/\",\"logo\":{\"@type\":\"ImageObject\",\"inLanguage\":\"it-IT\",\"@id\":\"https:\\\/\\\/www.organisator.ch\\\/#\\\/schema\\\/logo\\\/image\\\/\",\"url\":\"https:\\\/\\\/www.organisator.ch\\\/wp-content\\\/uploads\\\/2022\\\/01\\\/Logo_Organisator_Website.png\",\"contentUrl\":\"https:\\\/\\\/www.organisator.ch\\\/wp-content\\\/uploads\\\/2022\\\/01\\\/Logo_Organisator_Website.png\",\"width\":800,\"height\":77,\"caption\":\"Organisator\"},\"image\":{\"@id\":\"https:\\\/\\\/www.organisator.ch\\\/#\\\/schema\\\/logo\\\/image\\\/\"},\"sameAs\":[\"https:\\\/\\\/www.facebook.com\\\/OrganisatorFachmagazin\",\"https:\\\/\\\/www.linkedin.com\\\/showcase\\\/organisator-das-magazin-fr-kmu\",\"https:\\\/\\\/www.xing.com\\\/news\\\/pages\\\/organisator-ch-695\",\"https:\\\/\\\/www.youtube.com\\\/channel\\\/UCGP2Sq0iWaZwT3BdIAQFYpw\"]},{\"@type\":\"Person\",\"@id\":\"https:\\\/\\\/www.organisator.ch\\\/#\\\/schema\\\/person\\\/6f650f90b2842cd4c0cc334b4e36f67e\",\"name\":\"thomas.berner\",\"image\":{\"@type\":\"ImageObject\",\"inLanguage\":\"it-IT\",\"@id\":\"https:\\\/\\\/secure.gravatar.com\\\/avatar\\\/ac5001d2a36cb6c6cd3e50789007ffca834b477b74a2144564522e944eabff61?s=96&d=mm&r=g\",\"url\":\"https:\\\/\\\/secure.gravatar.com\\\/avatar\\\/ac5001d2a36cb6c6cd3e50789007ffca834b477b74a2144564522e944eabff61?s=96&d=mm&r=g\",\"contentUrl\":\"https:\\\/\\\/secure.gravatar.com\\\/avatar\\\/ac5001d2a36cb6c6cd3e50789007ffca834b477b74a2144564522e944eabff61?s=96&d=mm&r=g\",\"caption\":\"thomas.berner\"},\"url\":\"https:\\\/\\\/www.organisator.ch\\\/it\\\/author\\\/thomas-berner\\\/\"}]}<\/script>\n<!-- \/ Yoast SEO plugin. -->","yoast_head_json":{"title":"Griesser AG posa la prima pietra di un grande progetto di costruzione - Organizzatore","description":"Griesser AG sta convertendo l'area della sua sede centrale di Aadorf. I lavori di costruzione sono iniziati nel giugno 2020. La prima pietra \u00e8 stata posata il 23 settembre 2020.","robots":{"index":"index","follow":"follow","max-snippet":"max-snippet:-1","max-image-preview":"max-image-preview:large","max-video-preview":"max-video-preview:-1"},"canonical":"https:\/\/www.organisator.ch\/it\/gestione-2\/2020-09-28\/griesser-ag-lays-fondazione-pietra-per-grande-progetto-edilizio-2\/","og_locale":"it_IT","og_type":"article","og_title":"Griesser AG legt Grundstein f\u00fcr grosses Bauprojekt","og_description":"Griesser AG baut das Areal am Hauptsitz in Aadorf um. Die Bauarbeiten sind im Juni 2020 gestartet worden. Am 23. September 2020 wurde der Grundstein gelegt.","og_url":"https:\/\/www.organisator.ch\/it\/gestione-2\/2020-09-28\/griesser-ag-lays-fondazione-pietra-per-grande-progetto-edilizio-2\/","og_site_name":"Organisator","article_publisher":"https:\/\/www.facebook.com\/OrganisatorFachmagazin","article_published_time":"2020-09-28T06:05:58+00:00","og_image":[{"width":680,"height":463,"url":"https:\/\/www.organisator.ch\/wp-content\/uploads\/2020\/09\/Griesser-AG-legt-Grundstein-fuer-grosses-Bauprojekt_Organisator.jpg","type":"image\/jpeg"}],"author":"thomas.berner","twitter_card":"summary_large_image","twitter_title":"#Griesser AG legt #Grundstein f\u00fcr grosses Bauprojekt","twitter_description":"#Griesser AG baut das Areal am Hauptsitz in #Aadorf um. Die Bauarbeiten sind im Juni 2020 gestartet worden. Am 23. September 2020 wurde der #Grundstein gelegt.","twitter_image":"https:\/\/www.organisator.ch\/wp-content\/uploads\/2020\/09\/Griesser-AG-legt-Grundstein-fuer-grosses-Bauprojekt_Organisator.jpg","schema":{"@context":"https:\/\/schema.org","@graph":[{"@type":"Article","@id":"https:\/\/www.organisator.ch\/management\/2020-09-28\/griesser-ag-legt-grundstein-fuer-grosses-bauprojekt\/#article","isPartOf":{"@id":"https:\/\/www.organisator.ch\/management\/2020-09-28\/griesser-ag-legt-grundstein-fuer-grosses-bauprojekt\/"},"author":{"name":"thomas.berner","@id":"https:\/\/www.organisator.ch\/#\/schema\/person\/6f650f90b2842cd4c0cc334b4e36f67e"},"headline":"Griesser AG legt Grundstein f\u00fcr grosses Bauprojekt","datePublished":"2020-09-28T06:05:58+00:00","mainEntityOfPage":{"@id":"https:\/\/www.organisator.ch\/management\/2020-09-28\/griesser-ag-legt-grundstein-fuer-grosses-bauprojekt\/"},"wordCount":402,"publisher":{"@id":"https:\/\/www.organisator.ch\/#organization"},"image":{"@id":"https:\/\/www.organisator.ch\/management\/2020-09-28\/griesser-ag-legt-grundstein-fuer-grosses-bauprojekt\/#primaryimage"},"thumbnailUrl":"https:\/\/www.organisator.ch\/wp-content\/uploads\/2020\/09\/Griesser-AG-legt-Grundstein-fuer-grosses-Bauprojekt_Organisator.jpg","keywords":["Management und Unternehmensf\u00fchrung","Unternehmen","Vermischtes"],"articleSection":["MANAGEMENT"],"inLanguage":"it-IT"},{"@type":"WebPage","@id":"https:\/\/www.organisator.ch\/management\/2020-09-28\/griesser-ag-legt-grundstein-fuer-grosses-bauprojekt\/","url":"https:\/\/www.organisator.ch\/management\/2020-09-28\/griesser-ag-legt-grundstein-fuer-grosses-bauprojekt\/","name":"Griesser AG posa la prima pietra di un grande progetto di costruzione - Organizzatore","isPartOf":{"@id":"https:\/\/www.organisator.ch\/#website"},"primaryImageOfPage":{"@id":"https:\/\/www.organisator.ch\/management\/2020-09-28\/griesser-ag-legt-grundstein-fuer-grosses-bauprojekt\/#primaryimage"},"image":{"@id":"https:\/\/www.organisator.ch\/management\/2020-09-28\/griesser-ag-legt-grundstein-fuer-grosses-bauprojekt\/#primaryimage"},"thumbnailUrl":"https:\/\/www.organisator.ch\/wp-content\/uploads\/2020\/09\/Griesser-AG-legt-Grundstein-fuer-grosses-Bauprojekt_Organisator.jpg","datePublished":"2020-09-28T06:05:58+00:00","description":"Griesser AG sta convertendo l'area della sua sede centrale di Aadorf. I lavori di costruzione sono iniziati nel giugno 2020. La prima pietra \u00e8 stata posata il 23 settembre 2020.","breadcrumb":{"@id":"https:\/\/www.organisator.ch\/management\/2020-09-28\/griesser-ag-legt-grundstein-fuer-grosses-bauprojekt\/#breadcrumb"},"inLanguage":"it-IT","potentialAction":[{"@type":"ReadAction","target":["https:\/\/www.organisator.ch\/management\/2020-09-28\/griesser-ag-legt-grundstein-fuer-grosses-bauprojekt\/"]}]},{"@type":"ImageObject","inLanguage":"it-IT","@id":"https:\/\/www.organisator.ch\/management\/2020-09-28\/griesser-ag-legt-grundstein-fuer-grosses-bauprojekt\/#primaryimage","url":"https:\/\/www.organisator.ch\/wp-content\/uploads\/2020\/09\/Griesser-AG-legt-Grundstein-fuer-grosses-Bauprojekt_Organisator.jpg","contentUrl":"https:\/\/www.organisator.ch\/wp-content\/uploads\/2020\/09\/Griesser-AG-legt-Grundstein-fuer-grosses-Bauprojekt_Organisator.jpg","width":680,"height":463,"caption":"Den Grundstein gelegt: Urs Neuhauser (CEO Griesser), Walter Str\u00e4ssle (Verwaltungsratspr\u00e4sident Griesser). (Bild: Griesser AG)"},{"@type":"BreadcrumbList","@id":"https:\/\/www.organisator.ch\/management\/2020-09-28\/griesser-ag-legt-grundstein-fuer-grosses-bauprojekt\/#breadcrumb","itemListElement":[{"@type":"ListItem","position":1,"name":"Home","item":"https:\/\/www.organisator.ch\/"},{"@type":"ListItem","position":2,"name":"Griesser AG legt Grundstein f\u00fcr grosses Bauprojekt"}]},{"@type":"WebSite","@id":"https:\/\/www.organisator.ch\/#website","url":"https:\/\/www.organisator.ch\/","name":"Organizzatore","description":"Competente. Pratico. In 10 numeri all'anno, ORGANISATOR presenta i temi essenziali per i manager delle PMI.","publisher":{"@id":"https:\/\/www.organisator.ch\/#organization"},"potentialAction":[{"@type":"SearchAction","target":{"@type":"EntryPoint","urlTemplate":"https:\/\/www.organisator.ch\/?s={search_term_string}"},"query-input":{"@type":"PropertyValueSpecification","valueRequired":true,"valueName":"search_term_string"}}],"inLanguage":"it-IT"},{"@type":"Organization","@id":"https:\/\/www.organisator.ch\/#organization","name":"Organizzatore","url":"https:\/\/www.organisator.ch\/","logo":{"@type":"ImageObject","inLanguage":"it-IT","@id":"https:\/\/www.organisator.ch\/#\/schema\/logo\/image\/","url":"https:\/\/www.organisator.ch\/wp-content\/uploads\/2022\/01\/Logo_Organisator_Website.png","contentUrl":"https:\/\/www.organisator.ch\/wp-content\/uploads\/2022\/01\/Logo_Organisator_Website.png","width":800,"height":77,"caption":"Organisator"},"image":{"@id":"https:\/\/www.organisator.ch\/#\/schema\/logo\/image\/"},"sameAs":["https:\/\/www.facebook.com\/OrganisatorFachmagazin","https:\/\/www.linkedin.com\/showcase\/organisator-das-magazin-fr-kmu","https:\/\/www.xing.com\/news\/pages\/organisator-ch-695","https:\/\/www.youtube.com\/channel\/UCGP2Sq0iWaZwT3BdIAQFYpw"]},{"@type":"Person","@id":"https:\/\/www.organisator.ch\/#\/schema\/person\/6f650f90b2842cd4c0cc334b4e36f67e","name":"Tommaso.berner","image":{"@type":"ImageObject","inLanguage":"it-IT","@id":"https:\/\/secure.gravatar.com\/avatar\/ac5001d2a36cb6c6cd3e50789007ffca834b477b74a2144564522e944eabff61?s=96&d=mm&r=g","url":"https:\/\/secure.gravatar.com\/avatar\/ac5001d2a36cb6c6cd3e50789007ffca834b477b74a2144564522e944eabff61?s=96&d=mm&r=g","contentUrl":"https:\/\/secure.gravatar.com\/avatar\/ac5001d2a36cb6c6cd3e50789007ffca834b477b74a2144564522e944eabff61?s=96&d=mm&r=g","caption":"thomas.berner"},"url":"https:\/\/www.organisator.ch\/it\/author\/thomas-berner\/"}]}},"_links":{"self":[{"href":"https:\/\/www.organisator.ch\/it\/wp-json\/wp\/v2\/posts\/7166","targetHints":{"allow":["GET"]}}],"collection":[{"href":"https:\/\/www.organisator.ch\/it\/wp-json\/wp\/v2\/posts"}],"about":[{"href":"https:\/\/www.organisator.ch\/it\/wp-json\/wp\/v2\/types\/post"}],"author":[{"embeddable":true,"href":"https:\/\/www.organisator.ch\/it\/wp-json\/wp\/v2\/users\/4"}],"replies":[{"embeddable":true,"href":"https:\/\/www.organisator.ch\/it\/wp-json\/wp\/v2\/comments?post=7166"}],"version-history":[{"count":0,"href":"https:\/\/www.organisator.ch\/it\/wp-json\/wp\/v2\/posts\/7166\/revisions"}],"wp:featuredmedia":[{"embeddable":true,"href":"https:\/\/www.organisator.ch\/it\/wp-json\/wp\/v2\/media\/7167"}],"wp:attachment":[{"href":"https:\/\/www.organisator.ch\/it\/wp-json\/wp\/v2\/media?parent=7166"}],"wp:term":[{"taxonomy":"category","embeddable":true,"href":"https:\/\/www.organisator.ch\/it\/wp-json\/wp\/v2\/categories?post=7166"},{"taxonomy":"post_tag","embeddable":true,"href":"https:\/\/www.organisator.ch\/it\/wp-json\/wp\/v2\/tags?post=7166"}],"curies":[{"name":"wp","href":"https:\/\/api.w.org\/{rel}","templated":true}]}}