{"id":7202,"date":"2020-10-09T08:20:40","date_gmt":"2020-10-09T06:20:40","guid":{"rendered":"https:\/\/www.organisator.ch\/?p=7202"},"modified":"2020-10-09T08:20:40","modified_gmt":"2020-10-09T06:20:40","slug":"schweizer-unternehmen-wappnen-sich-fuer-die-bargeldlose-gesellschaft","status":"publish","type":"post","link":"https:\/\/www.organisator.ch\/it\/management\/finanzen_recht\/2020-10-09\/schweizer-unternehmen-wappnen-sich-fuer-die-bargeldlose-gesellschaft\/","title":{"rendered":"Le aziende svizzere si preparano alla societ\u00e0 senza contanti"},"content":{"rendered":"<figure id=\"attachment_7203\" aria-describedby=\"caption-attachment-7203\" style=\"width: 680px\" class=\"wp-caption alignnone\"><img loading=\"lazy\" decoding=\"async\" class=\"size-medium wp-image-7203\" src=\"https:\/\/www.organisator.ch\/wp-content\/uploads\/2020\/10\/Schweizer-Unternehmen-wappnen-sich-fuer-die-bargeldlose-Gesellschaft_Organisator.jpg\" alt=\"\" width=\"680\" height=\"407\" srcset=\"https:\/\/www.organisator.ch\/wp-content\/uploads\/2020\/10\/Schweizer-Unternehmen-wappnen-sich-fuer-die-bargeldlose-Gesellschaft_Organisator.jpg 680w, https:\/\/www.organisator.ch\/wp-content\/uploads\/2020\/10\/Schweizer-Unternehmen-wappnen-sich-fuer-die-bargeldlose-Gesellschaft_Organisator-16x10.jpg 16w, https:\/\/www.organisator.ch\/wp-content\/uploads\/2020\/10\/Schweizer-Unternehmen-wappnen-sich-fuer-die-bargeldlose-Gesellschaft_Organisator-292x175.jpg 292w, https:\/\/www.organisator.ch\/wp-content\/uploads\/2020\/10\/Schweizer-Unternehmen-wappnen-sich-fuer-die-bargeldlose-Gesellschaft_Organisator-585x350.jpg 585w, https:\/\/www.organisator.ch\/wp-content\/uploads\/2020\/10\/Schweizer-Unternehmen-wappnen-sich-fuer-die-bargeldlose-Gesellschaft_Organisator-300x180.jpg 300w\" sizes=\"auto, (max-width: 680px) 100vw, 680px\" \/><figcaption id=\"caption-attachment-7203\" class=\"wp-caption-text\">Tra cinque anni avremo una societ\u00e0 senza contanti? La maggioranza delle imprese svizzere ritiene: s\u00ec. Ma temono anche una recessione dovuta a Covid-19. (Immagine: Pixabay.com)<\/figcaption><\/figure>\n<p>L'80% delle aziende svizzere accetta tempi di pagamento pi\u00f9 lunghi perch\u00e9 non vuole mettere a rischio le relazioni con i clienti e perch\u00e9 i mancati pagamenti hanno un impatto enorme sulle aziende. Questo \u00e8 uno dei risultati del Country Report Switzerland nell'ambito dell'European Payment Report 2020, un'indagine statistica del fornitore di servizi di recupero crediti Intrum AG sui comportamenti di pagamento in Europa e in Svizzera.<\/p>\n<h2>Periodi di pagamento pi\u00f9 lunghi e loro conseguenze<\/h2>\n<p>8 aziende svizzere su 10 dichiarano di accettare termini di pagamento pi\u00f9 lunghi per non mettere a rischio le relazioni con i clienti. Si tratta dell'11% in pi\u00f9 rispetto alla media europea. Allo stesso tempo, tre quarti delle aziende considerano la puntualit\u00e0 dei pagamenti un fattore decisivo per costruire e mantenere la fiducia di partner e fornitori. Ma quali sono le conseguenze di periodi di pagamento pi\u00f9 lunghi? Pi\u00f9 della met\u00e0 delle aziende intervistate (PMI: 54%, grandi aziende: 51%) teme strozzature di liquidit\u00e0, che minacciano l'esistenza di quasi la met\u00e0 delle PMI (45%). Di conseguenza, il 44% delle PMI e il 49% delle grandi aziende stanno assumendo meno personale.<\/p>\n<h2>Maggiori investimenti nella prevenzione<\/h2>\n<p>E se non fosse cos\u00ec? Se le fatture delle aziende fossero pagate pi\u00f9 rapidamente? Il 67% delle aziende svizzere intervistate ha dichiarato che ci\u00f2 consentir\u00e0 loro di ampliare l'offerta di prodotti e servizi e di promuovere l'innovazione attraverso una strategia digitale (66%). Il 59% vorrebbe assumere pi\u00f9 dipendenti ed espandere geograficamente la propria area di mercato (64%). Rispetto alla media europea, la Svizzera si colloca al di sopra di tutti i valori: le aziende svizzere investono quindi maggiormente in misure preventive rispetto alle loro controparti europee, per evitare che si verifichino inadempienze nei pagamenti.<\/p>\n<p>La prevenzione viene effettuata tramite controlli del credito: il 40% delle aziende svizzere intervistate si affida a questa misura. Circa un terzo (36%) ricorre al recupero crediti o all'assicurazione del credito (30%). In Europa, un terzo (31%) ha dichiarato di utilizzare i pagamenti anticipati per la prevenzione, mentre in Svizzera questo strumento sembra essere meno diffuso: solo il 22% lo utilizza nel nostro Paese.<\/p>\n<h2>Possibili conseguenze di una recessione<\/h2>\n<p>Attualmente siamo gi\u00e0 in recessione? Il 92% delle aziende svizzere intervistate ha dichiarato che il nostro Paese \u00e8 gi\u00e0 in recessione o che se ne prevede una entro i prossimi due anni. Si tratta di una prospettiva pessimistica che invita alla cautela. Il 34% delle PMI e il 30% delle grandi aziende vogliono quindi identificare le aree di attivit\u00e0 particolarmente rischiose e assumere meno debiti (34%). Inoltre, soprattutto le grandi aziende stanno riducendo i costi: il 39% ha dichiarato di avere in programma misure di riduzione dei costi.<\/p>\n<h2>Societ\u00e0 senza contanti: presto, ma anche con rischi<\/h2>\n<p>Covid-19 \u00e8 un motore per una societ\u00e0 senza contanti: il 69% delle aziende svizzere intervistate prevede che la Svizzera sar\u00e0 senza contanti entro cinque anni. Si tratta del 20% in pi\u00f9 rispetto all'anno precedente e dimostra che l'attuale crisi sta portando molti cambiamenti a velocit\u00e0 record. Quali sono le possibili conseguenze di questo sviluppo? Il 64% teme rischi operativi o costi di transazione pi\u00f9 elevati (61%) e anche il rischio di attacchi informatici \u00e8 considerato relativamente alto (61%).<\/p>\n<p><em>Fonte e ulteriori informazioni: <a href=\"http:\/\/www.intrum.ch\">Intrum AG<\/a><\/em><\/p>","protected":false},"excerpt":{"rendered":"<p>80 Prozent der Schweizer Unternehmen akzeptieren l\u00e4ngere Zahlungsfristen, weil sie die Kundenbeziehung nicht gef\u00e4hrden m\u00f6chten, und weil Zahlungsausf\u00e4lle massive Auswirkungen auf die Unternehmen haben. So lautet einer der Befunde des L\u00e4nderreports Schweiz im Rahmen des European Payment Report 2020. Dies ist eine statistische Erhebung des Inkasso-Dienstleisters Intrum AG zum Zahlungsverhalten in Europa und in der [&hellip;]<\/p>\n","protected":false},"author":4,"featured_media":7203,"comment_status":"closed","ping_status":"closed","sticky":false,"template":"","format":"standard","meta":{"_acf_changed":false,"_yoast_wpseo_focuskw":"bargeldlose Gesellschaft","_yoast_wpseo_metadesc":"Neben dem sorgenvollen Blick in die Zukunft glaubt eine Mehrheit der Schweizer Unternehmen an eine bargeldlose Gesellschaft und r\u00fcstet sich entsprechend.","articlekey":"","footnotes":""},"categories":[24],"tags":[202,327,459],"class_list":["post-7202","post","type-post","status-publish","format-standard","has-post-thumbnail","hentry","category-finanzen_recht","tag-finanzenrecht","tag-liquiditaetsmanagement","tag-studie"],"acf":[],"yoast_head":"<!-- This site is optimized with the Yoast SEO plugin v27.4 - https:\/\/yoast.com\/product\/yoast-seo-wordpress\/ -->\n<title>Schweizer Unternehmen wappnen sich f\u00fcr die bargeldlose Gesellschaft - Organisator<\/title>\n<meta name=\"description\" content=\"Neben dem sorgenvollen Blick in die Zukunft glaubt eine Mehrheit der Schweizer Unternehmen an eine bargeldlose Gesellschaft und r\u00fcstet sich entsprechend.\" \/>\n<meta name=\"robots\" content=\"index, follow, max-snippet:-1, max-image-preview:large, max-video-preview:-1\" \/>\n<link rel=\"canonical\" href=\"https:\/\/www.organisator.ch\/it\/gestione-2\/finanzen_recht\/2020-10-09\/schweizer-unternehmen-wappnen-sich-fuer-die-bargeldlose-gesellschaft\/\" \/>\n<meta property=\"og:locale\" content=\"it_IT\" \/>\n<meta property=\"og:type\" content=\"article\" \/>\n<meta property=\"og:title\" content=\"Schweizer Unternehmen wappnen sich f\u00fcr die bargeldlose Gesellschaft\" \/>\n<meta property=\"og:description\" content=\"Neben dem sorgenvollen Blick in die Zukunft glaubt eine Mehrheit der Schweizer Unternehmen an eine bargeldlose Gesellschaft und r\u00fcstet sich entsprechend.\" \/>\n<meta property=\"og:url\" content=\"https:\/\/www.organisator.ch\/it\/gestione-2\/finanzen_recht\/2020-10-09\/schweizer-unternehmen-wappnen-sich-fuer-die-bargeldlose-gesellschaft\/\" \/>\n<meta property=\"og:site_name\" content=\"Organisator\" \/>\n<meta property=\"article:publisher\" content=\"https:\/\/www.facebook.com\/OrganisatorFachmagazin\" \/>\n<meta property=\"article:published_time\" content=\"2020-10-09T06:20:40+00:00\" \/>\n<meta property=\"og:image\" content=\"https:\/\/www.organisator.ch\/wp-content\/uploads\/2020\/10\/Schweizer-Unternehmen-wappnen-sich-fuer-die-bargeldlose-Gesellschaft_Organisator.jpg\" \/>\n\t<meta property=\"og:image:width\" content=\"680\" \/>\n\t<meta property=\"og:image:height\" content=\"407\" \/>\n\t<meta property=\"og:image:type\" content=\"image\/jpeg\" \/>\n<meta name=\"author\" content=\"thomas.berner\" \/>\n<meta name=\"twitter:card\" content=\"summary_large_image\" \/>\n<meta name=\"twitter:title\" content=\"Schweizer Unternehmen wappnen sich f\u00fcr die #bargeldlose Gesellschaft\" \/>\n<meta name=\"twitter:description\" content=\"Neben dem sorgenvollen Blick in die Zukunft glaubt eine Mehrheit der Schweizer Unternehmen an eine #bargeldlose Gesellschaft und r\u00fcstet sich entsprechend.\" \/>\n<meta name=\"twitter:image\" content=\"https:\/\/www.organisator.ch\/wp-content\/uploads\/2020\/10\/Schweizer-Unternehmen-wappnen-sich-fuer-die-bargeldlose-Gesellschaft_Organisator.jpg\" \/>\n<script type=\"application\/ld+json\" class=\"yoast-schema-graph\">{\"@context\":\"https:\\\/\\\/schema.org\",\"@graph\":[{\"@type\":\"Article\",\"@id\":\"https:\\\/\\\/www.organisator.ch\\\/management\\\/finanzen_recht\\\/2020-10-09\\\/schweizer-unternehmen-wappnen-sich-fuer-die-bargeldlose-gesellschaft\\\/#article\",\"isPartOf\":{\"@id\":\"https:\\\/\\\/www.organisator.ch\\\/management\\\/finanzen_recht\\\/2020-10-09\\\/schweizer-unternehmen-wappnen-sich-fuer-die-bargeldlose-gesellschaft\\\/\"},\"author\":{\"name\":\"thomas.berner\",\"@id\":\"https:\\\/\\\/www.organisator.ch\\\/#\\\/schema\\\/person\\\/6f650f90b2842cd4c0cc334b4e36f67e\"},\"headline\":\"Schweizer Unternehmen wappnen sich f\u00fcr die bargeldlose Gesellschaft\",\"datePublished\":\"2020-10-09T06:20:40+00:00\",\"mainEntityOfPage\":{\"@id\":\"https:\\\/\\\/www.organisator.ch\\\/management\\\/finanzen_recht\\\/2020-10-09\\\/schweizer-unternehmen-wappnen-sich-fuer-die-bargeldlose-gesellschaft\\\/\"},\"wordCount\":549,\"publisher\":{\"@id\":\"https:\\\/\\\/www.organisator.ch\\\/#organization\"},\"image\":{\"@id\":\"https:\\\/\\\/www.organisator.ch\\\/management\\\/finanzen_recht\\\/2020-10-09\\\/schweizer-unternehmen-wappnen-sich-fuer-die-bargeldlose-gesellschaft\\\/#primaryimage\"},\"thumbnailUrl\":\"https:\\\/\\\/www.organisator.ch\\\/wp-content\\\/uploads\\\/2020\\\/10\\\/Schweizer-Unternehmen-wappnen-sich-fuer-die-bargeldlose-Gesellschaft_Organisator.jpg\",\"keywords\":[\"Finanzen\\\/Recht\",\"Liquidit\u00e4tsmanagement\",\"Studie\"],\"articleSection\":[\"FINANZEN\\\/RECHT\"],\"inLanguage\":\"it-IT\"},{\"@type\":\"WebPage\",\"@id\":\"https:\\\/\\\/www.organisator.ch\\\/management\\\/finanzen_recht\\\/2020-10-09\\\/schweizer-unternehmen-wappnen-sich-fuer-die-bargeldlose-gesellschaft\\\/\",\"url\":\"https:\\\/\\\/www.organisator.ch\\\/management\\\/finanzen_recht\\\/2020-10-09\\\/schweizer-unternehmen-wappnen-sich-fuer-die-bargeldlose-gesellschaft\\\/\",\"name\":\"Schweizer Unternehmen wappnen sich f\u00fcr die bargeldlose Gesellschaft - Organisator\",\"isPartOf\":{\"@id\":\"https:\\\/\\\/www.organisator.ch\\\/#website\"},\"primaryImageOfPage\":{\"@id\":\"https:\\\/\\\/www.organisator.ch\\\/management\\\/finanzen_recht\\\/2020-10-09\\\/schweizer-unternehmen-wappnen-sich-fuer-die-bargeldlose-gesellschaft\\\/#primaryimage\"},\"image\":{\"@id\":\"https:\\\/\\\/www.organisator.ch\\\/management\\\/finanzen_recht\\\/2020-10-09\\\/schweizer-unternehmen-wappnen-sich-fuer-die-bargeldlose-gesellschaft\\\/#primaryimage\"},\"thumbnailUrl\":\"https:\\\/\\\/www.organisator.ch\\\/wp-content\\\/uploads\\\/2020\\\/10\\\/Schweizer-Unternehmen-wappnen-sich-fuer-die-bargeldlose-Gesellschaft_Organisator.jpg\",\"datePublished\":\"2020-10-09T06:20:40+00:00\",\"description\":\"Neben dem sorgenvollen Blick in die Zukunft glaubt eine Mehrheit der Schweizer Unternehmen an eine bargeldlose Gesellschaft und r\u00fcstet sich entsprechend.\",\"breadcrumb\":{\"@id\":\"https:\\\/\\\/www.organisator.ch\\\/management\\\/finanzen_recht\\\/2020-10-09\\\/schweizer-unternehmen-wappnen-sich-fuer-die-bargeldlose-gesellschaft\\\/#breadcrumb\"},\"inLanguage\":\"it-IT\",\"potentialAction\":[{\"@type\":\"ReadAction\",\"target\":[\"https:\\\/\\\/www.organisator.ch\\\/management\\\/finanzen_recht\\\/2020-10-09\\\/schweizer-unternehmen-wappnen-sich-fuer-die-bargeldlose-gesellschaft\\\/\"]}]},{\"@type\":\"ImageObject\",\"inLanguage\":\"it-IT\",\"@id\":\"https:\\\/\\\/www.organisator.ch\\\/management\\\/finanzen_recht\\\/2020-10-09\\\/schweizer-unternehmen-wappnen-sich-fuer-die-bargeldlose-gesellschaft\\\/#primaryimage\",\"url\":\"https:\\\/\\\/www.organisator.ch\\\/wp-content\\\/uploads\\\/2020\\\/10\\\/Schweizer-Unternehmen-wappnen-sich-fuer-die-bargeldlose-Gesellschaft_Organisator.jpg\",\"contentUrl\":\"https:\\\/\\\/www.organisator.ch\\\/wp-content\\\/uploads\\\/2020\\\/10\\\/Schweizer-Unternehmen-wappnen-sich-fuer-die-bargeldlose-Gesellschaft_Organisator.jpg\",\"width\":680,\"height\":407,\"caption\":\"Haben wir in f\u00fcnf Jahren die bargeldlose Gesellschaft? Eine Mehrheit der Schweizer Unternehmen glaubt: Ja. Aber sie f\u00fcrchten auch eine Rezession aufgrund von Covid-19. (Bild: Pixabay.com)\"},{\"@type\":\"BreadcrumbList\",\"@id\":\"https:\\\/\\\/www.organisator.ch\\\/management\\\/finanzen_recht\\\/2020-10-09\\\/schweizer-unternehmen-wappnen-sich-fuer-die-bargeldlose-gesellschaft\\\/#breadcrumb\",\"itemListElement\":[{\"@type\":\"ListItem\",\"position\":1,\"name\":\"Home\",\"item\":\"https:\\\/\\\/www.organisator.ch\\\/\"},{\"@type\":\"ListItem\",\"position\":2,\"name\":\"Schweizer Unternehmen wappnen sich f\u00fcr die bargeldlose Gesellschaft\"}]},{\"@type\":\"WebSite\",\"@id\":\"https:\\\/\\\/www.organisator.ch\\\/#website\",\"url\":\"https:\\\/\\\/www.organisator.ch\\\/\",\"name\":\"Organisator\",\"description\":\"Kompetent. Praxisnah. Der ORGANISATOR bereitet in 10 Ausgaben pro Jahr die wesentlichen Themen f\u00fcr F\u00fchrungskr\u00e4fte von KMU auf.\",\"publisher\":{\"@id\":\"https:\\\/\\\/www.organisator.ch\\\/#organization\"},\"potentialAction\":[{\"@type\":\"SearchAction\",\"target\":{\"@type\":\"EntryPoint\",\"urlTemplate\":\"https:\\\/\\\/www.organisator.ch\\\/?s={search_term_string}\"},\"query-input\":{\"@type\":\"PropertyValueSpecification\",\"valueRequired\":true,\"valueName\":\"search_term_string\"}}],\"inLanguage\":\"it-IT\"},{\"@type\":\"Organization\",\"@id\":\"https:\\\/\\\/www.organisator.ch\\\/#organization\",\"name\":\"Organisator\",\"url\":\"https:\\\/\\\/www.organisator.ch\\\/\",\"logo\":{\"@type\":\"ImageObject\",\"inLanguage\":\"it-IT\",\"@id\":\"https:\\\/\\\/www.organisator.ch\\\/#\\\/schema\\\/logo\\\/image\\\/\",\"url\":\"https:\\\/\\\/www.organisator.ch\\\/wp-content\\\/uploads\\\/2022\\\/01\\\/Logo_Organisator_Website.png\",\"contentUrl\":\"https:\\\/\\\/www.organisator.ch\\\/wp-content\\\/uploads\\\/2022\\\/01\\\/Logo_Organisator_Website.png\",\"width\":800,\"height\":77,\"caption\":\"Organisator\"},\"image\":{\"@id\":\"https:\\\/\\\/www.organisator.ch\\\/#\\\/schema\\\/logo\\\/image\\\/\"},\"sameAs\":[\"https:\\\/\\\/www.facebook.com\\\/OrganisatorFachmagazin\",\"https:\\\/\\\/www.linkedin.com\\\/showcase\\\/organisator-das-magazin-fr-kmu\",\"https:\\\/\\\/www.xing.com\\\/news\\\/pages\\\/organisator-ch-695\",\"https:\\\/\\\/www.youtube.com\\\/channel\\\/UCGP2Sq0iWaZwT3BdIAQFYpw\"]},{\"@type\":\"Person\",\"@id\":\"https:\\\/\\\/www.organisator.ch\\\/#\\\/schema\\\/person\\\/6f650f90b2842cd4c0cc334b4e36f67e\",\"name\":\"thomas.berner\",\"image\":{\"@type\":\"ImageObject\",\"inLanguage\":\"it-IT\",\"@id\":\"https:\\\/\\\/secure.gravatar.com\\\/avatar\\\/ac5001d2a36cb6c6cd3e50789007ffca834b477b74a2144564522e944eabff61?s=96&d=mm&r=g\",\"url\":\"https:\\\/\\\/secure.gravatar.com\\\/avatar\\\/ac5001d2a36cb6c6cd3e50789007ffca834b477b74a2144564522e944eabff61?s=96&d=mm&r=g\",\"contentUrl\":\"https:\\\/\\\/secure.gravatar.com\\\/avatar\\\/ac5001d2a36cb6c6cd3e50789007ffca834b477b74a2144564522e944eabff61?s=96&d=mm&r=g\",\"caption\":\"thomas.berner\"},\"url\":\"https:\\\/\\\/www.organisator.ch\\\/it\\\/author\\\/thomas-berner\\\/\"}]}<\/script>\n<!-- \/ Yoast SEO plugin. -->","yoast_head_json":{"title":"Le aziende svizzere si stanno attrezzando per la societ\u00e0 senza contanti - Organizzatore","description":"Oltre a guardare al futuro con preoccupazione, la maggioranza delle aziende svizzere crede in una societ\u00e0 senza contanti e si sta attrezzando di conseguenza.","robots":{"index":"index","follow":"follow","max-snippet":"max-snippet:-1","max-image-preview":"max-image-preview:large","max-video-preview":"max-video-preview:-1"},"canonical":"https:\/\/www.organisator.ch\/it\/gestione-2\/finanzen_recht\/2020-10-09\/schweizer-unternehmen-wappnen-sich-fuer-die-bargeldlose-gesellschaft\/","og_locale":"it_IT","og_type":"article","og_title":"Schweizer Unternehmen wappnen sich f\u00fcr die bargeldlose Gesellschaft","og_description":"Neben dem sorgenvollen Blick in die Zukunft glaubt eine Mehrheit der Schweizer Unternehmen an eine bargeldlose Gesellschaft und r\u00fcstet sich entsprechend.","og_url":"https:\/\/www.organisator.ch\/it\/gestione-2\/finanzen_recht\/2020-10-09\/schweizer-unternehmen-wappnen-sich-fuer-die-bargeldlose-gesellschaft\/","og_site_name":"Organisator","article_publisher":"https:\/\/www.facebook.com\/OrganisatorFachmagazin","article_published_time":"2020-10-09T06:20:40+00:00","og_image":[{"width":680,"height":407,"url":"https:\/\/www.organisator.ch\/wp-content\/uploads\/2020\/10\/Schweizer-Unternehmen-wappnen-sich-fuer-die-bargeldlose-Gesellschaft_Organisator.jpg","type":"image\/jpeg"}],"author":"thomas.berner","twitter_card":"summary_large_image","twitter_title":"Schweizer Unternehmen wappnen sich f\u00fcr die #bargeldlose Gesellschaft","twitter_description":"Neben dem sorgenvollen Blick in die Zukunft glaubt eine Mehrheit der Schweizer Unternehmen an eine #bargeldlose Gesellschaft und r\u00fcstet sich entsprechend.","twitter_image":"https:\/\/www.organisator.ch\/wp-content\/uploads\/2020\/10\/Schweizer-Unternehmen-wappnen-sich-fuer-die-bargeldlose-Gesellschaft_Organisator.jpg","schema":{"@context":"https:\/\/schema.org","@graph":[{"@type":"Article","@id":"https:\/\/www.organisator.ch\/management\/finanzen_recht\/2020-10-09\/schweizer-unternehmen-wappnen-sich-fuer-die-bargeldlose-gesellschaft\/#article","isPartOf":{"@id":"https:\/\/www.organisator.ch\/management\/finanzen_recht\/2020-10-09\/schweizer-unternehmen-wappnen-sich-fuer-die-bargeldlose-gesellschaft\/"},"author":{"name":"thomas.berner","@id":"https:\/\/www.organisator.ch\/#\/schema\/person\/6f650f90b2842cd4c0cc334b4e36f67e"},"headline":"Schweizer Unternehmen wappnen sich f\u00fcr die bargeldlose Gesellschaft","datePublished":"2020-10-09T06:20:40+00:00","mainEntityOfPage":{"@id":"https:\/\/www.organisator.ch\/management\/finanzen_recht\/2020-10-09\/schweizer-unternehmen-wappnen-sich-fuer-die-bargeldlose-gesellschaft\/"},"wordCount":549,"publisher":{"@id":"https:\/\/www.organisator.ch\/#organization"},"image":{"@id":"https:\/\/www.organisator.ch\/management\/finanzen_recht\/2020-10-09\/schweizer-unternehmen-wappnen-sich-fuer-die-bargeldlose-gesellschaft\/#primaryimage"},"thumbnailUrl":"https:\/\/www.organisator.ch\/wp-content\/uploads\/2020\/10\/Schweizer-Unternehmen-wappnen-sich-fuer-die-bargeldlose-Gesellschaft_Organisator.jpg","keywords":["Finanzen\/Recht","Liquidit\u00e4tsmanagement","Studie"],"articleSection":["FINANZEN\/RECHT"],"inLanguage":"it-IT"},{"@type":"WebPage","@id":"https:\/\/www.organisator.ch\/management\/finanzen_recht\/2020-10-09\/schweizer-unternehmen-wappnen-sich-fuer-die-bargeldlose-gesellschaft\/","url":"https:\/\/www.organisator.ch\/management\/finanzen_recht\/2020-10-09\/schweizer-unternehmen-wappnen-sich-fuer-die-bargeldlose-gesellschaft\/","name":"Le aziende svizzere si stanno attrezzando per la societ\u00e0 senza contanti - Organizzatore","isPartOf":{"@id":"https:\/\/www.organisator.ch\/#website"},"primaryImageOfPage":{"@id":"https:\/\/www.organisator.ch\/management\/finanzen_recht\/2020-10-09\/schweizer-unternehmen-wappnen-sich-fuer-die-bargeldlose-gesellschaft\/#primaryimage"},"image":{"@id":"https:\/\/www.organisator.ch\/management\/finanzen_recht\/2020-10-09\/schweizer-unternehmen-wappnen-sich-fuer-die-bargeldlose-gesellschaft\/#primaryimage"},"thumbnailUrl":"https:\/\/www.organisator.ch\/wp-content\/uploads\/2020\/10\/Schweizer-Unternehmen-wappnen-sich-fuer-die-bargeldlose-Gesellschaft_Organisator.jpg","datePublished":"2020-10-09T06:20:40+00:00","description":"Oltre a guardare al futuro con preoccupazione, la maggioranza delle aziende svizzere crede in una societ\u00e0 senza contanti e si sta attrezzando di conseguenza.","breadcrumb":{"@id":"https:\/\/www.organisator.ch\/management\/finanzen_recht\/2020-10-09\/schweizer-unternehmen-wappnen-sich-fuer-die-bargeldlose-gesellschaft\/#breadcrumb"},"inLanguage":"it-IT","potentialAction":[{"@type":"ReadAction","target":["https:\/\/www.organisator.ch\/management\/finanzen_recht\/2020-10-09\/schweizer-unternehmen-wappnen-sich-fuer-die-bargeldlose-gesellschaft\/"]}]},{"@type":"ImageObject","inLanguage":"it-IT","@id":"https:\/\/www.organisator.ch\/management\/finanzen_recht\/2020-10-09\/schweizer-unternehmen-wappnen-sich-fuer-die-bargeldlose-gesellschaft\/#primaryimage","url":"https:\/\/www.organisator.ch\/wp-content\/uploads\/2020\/10\/Schweizer-Unternehmen-wappnen-sich-fuer-die-bargeldlose-Gesellschaft_Organisator.jpg","contentUrl":"https:\/\/www.organisator.ch\/wp-content\/uploads\/2020\/10\/Schweizer-Unternehmen-wappnen-sich-fuer-die-bargeldlose-Gesellschaft_Organisator.jpg","width":680,"height":407,"caption":"Haben wir in f\u00fcnf Jahren die bargeldlose Gesellschaft? Eine Mehrheit der Schweizer Unternehmen glaubt: Ja. Aber sie f\u00fcrchten auch eine Rezession aufgrund von Covid-19. (Bild: Pixabay.com)"},{"@type":"BreadcrumbList","@id":"https:\/\/www.organisator.ch\/management\/finanzen_recht\/2020-10-09\/schweizer-unternehmen-wappnen-sich-fuer-die-bargeldlose-gesellschaft\/#breadcrumb","itemListElement":[{"@type":"ListItem","position":1,"name":"Home","item":"https:\/\/www.organisator.ch\/"},{"@type":"ListItem","position":2,"name":"Schweizer Unternehmen wappnen sich f\u00fcr die bargeldlose Gesellschaft"}]},{"@type":"WebSite","@id":"https:\/\/www.organisator.ch\/#website","url":"https:\/\/www.organisator.ch\/","name":"Organizzatore","description":"Competente. Pratico. In 10 numeri all'anno, ORGANISATOR presenta i temi essenziali per i manager delle PMI.","publisher":{"@id":"https:\/\/www.organisator.ch\/#organization"},"potentialAction":[{"@type":"SearchAction","target":{"@type":"EntryPoint","urlTemplate":"https:\/\/www.organisator.ch\/?s={search_term_string}"},"query-input":{"@type":"PropertyValueSpecification","valueRequired":true,"valueName":"search_term_string"}}],"inLanguage":"it-IT"},{"@type":"Organization","@id":"https:\/\/www.organisator.ch\/#organization","name":"Organizzatore","url":"https:\/\/www.organisator.ch\/","logo":{"@type":"ImageObject","inLanguage":"it-IT","@id":"https:\/\/www.organisator.ch\/#\/schema\/logo\/image\/","url":"https:\/\/www.organisator.ch\/wp-content\/uploads\/2022\/01\/Logo_Organisator_Website.png","contentUrl":"https:\/\/www.organisator.ch\/wp-content\/uploads\/2022\/01\/Logo_Organisator_Website.png","width":800,"height":77,"caption":"Organisator"},"image":{"@id":"https:\/\/www.organisator.ch\/#\/schema\/logo\/image\/"},"sameAs":["https:\/\/www.facebook.com\/OrganisatorFachmagazin","https:\/\/www.linkedin.com\/showcase\/organisator-das-magazin-fr-kmu","https:\/\/www.xing.com\/news\/pages\/organisator-ch-695","https:\/\/www.youtube.com\/channel\/UCGP2Sq0iWaZwT3BdIAQFYpw"]},{"@type":"Person","@id":"https:\/\/www.organisator.ch\/#\/schema\/person\/6f650f90b2842cd4c0cc334b4e36f67e","name":"Tommaso.berner","image":{"@type":"ImageObject","inLanguage":"it-IT","@id":"https:\/\/secure.gravatar.com\/avatar\/ac5001d2a36cb6c6cd3e50789007ffca834b477b74a2144564522e944eabff61?s=96&d=mm&r=g","url":"https:\/\/secure.gravatar.com\/avatar\/ac5001d2a36cb6c6cd3e50789007ffca834b477b74a2144564522e944eabff61?s=96&d=mm&r=g","contentUrl":"https:\/\/secure.gravatar.com\/avatar\/ac5001d2a36cb6c6cd3e50789007ffca834b477b74a2144564522e944eabff61?s=96&d=mm&r=g","caption":"thomas.berner"},"url":"https:\/\/www.organisator.ch\/it\/author\/thomas-berner\/"}]}},"_links":{"self":[{"href":"https:\/\/www.organisator.ch\/it\/wp-json\/wp\/v2\/posts\/7202","targetHints":{"allow":["GET"]}}],"collection":[{"href":"https:\/\/www.organisator.ch\/it\/wp-json\/wp\/v2\/posts"}],"about":[{"href":"https:\/\/www.organisator.ch\/it\/wp-json\/wp\/v2\/types\/post"}],"author":[{"embeddable":true,"href":"https:\/\/www.organisator.ch\/it\/wp-json\/wp\/v2\/users\/4"}],"replies":[{"embeddable":true,"href":"https:\/\/www.organisator.ch\/it\/wp-json\/wp\/v2\/comments?post=7202"}],"version-history":[{"count":0,"href":"https:\/\/www.organisator.ch\/it\/wp-json\/wp\/v2\/posts\/7202\/revisions"}],"wp:featuredmedia":[{"embeddable":true,"href":"https:\/\/www.organisator.ch\/it\/wp-json\/wp\/v2\/media\/7203"}],"wp:attachment":[{"href":"https:\/\/www.organisator.ch\/it\/wp-json\/wp\/v2\/media?parent=7202"}],"wp:term":[{"taxonomy":"category","embeddable":true,"href":"https:\/\/www.organisator.ch\/it\/wp-json\/wp\/v2\/categories?post=7202"},{"taxonomy":"post_tag","embeddable":true,"href":"https:\/\/www.organisator.ch\/it\/wp-json\/wp\/v2\/tags?post=7202"}],"curies":[{"name":"wp","href":"https:\/\/api.w.org\/{rel}","templated":true}]}}