{"id":7205,"date":"2020-10-09T08:42:47","date_gmt":"2020-10-09T06:42:47","guid":{"rendered":"https:\/\/www.organisator.ch\/?p=7205"},"modified":"2020-10-09T08:42:47","modified_gmt":"2020-10-09T06:42:47","slug":"tedxhwz-the-future-world-geht-online","status":"publish","type":"post","link":"https:\/\/www.organisator.ch\/it\/weiterbildung\/2020-10-09\/tedxhwz-the-future-world-geht-online\/","title":{"rendered":"TEDxHWZ: \"The Future World\" va online"},"content":{"rendered":"<figure id=\"attachment_7206\" aria-describedby=\"caption-attachment-7206\" style=\"width: 680px\" class=\"wp-caption alignnone\"><img loading=\"lazy\" decoding=\"async\" class=\"size-medium wp-image-7206\" src=\"https:\/\/www.organisator.ch\/wp-content\/uploads\/2020\/10\/TEDxHWZ-The-Future-World-geht-online_Organisator.jpg\" alt=\"\" width=\"680\" height=\"645\" srcset=\"https:\/\/www.organisator.ch\/wp-content\/uploads\/2020\/10\/TEDxHWZ-The-Future-World-geht-online_Organisator.jpg 680w, https:\/\/www.organisator.ch\/wp-content\/uploads\/2020\/10\/TEDxHWZ-The-Future-World-geht-online_Organisator-13x12.jpg 13w, https:\/\/www.organisator.ch\/wp-content\/uploads\/2020\/10\/TEDxHWZ-The-Future-World-geht-online_Organisator-184x175.jpg 184w, https:\/\/www.organisator.ch\/wp-content\/uploads\/2020\/10\/TEDxHWZ-The-Future-World-geht-online_Organisator-369x350.jpg 369w, https:\/\/www.organisator.ch\/wp-content\/uploads\/2020\/10\/TEDxHWZ-The-Future-World-geht-online_Organisator-300x285.jpg 300w\" sizes=\"auto, (max-width: 680px) 100vw, 680px\" \/><figcaption id=\"caption-attachment-7206\" class=\"wp-caption-text\">I leader e co-iniziatori del primo TEDxHWZ: Manuel P. Nappo e Sunnie J. Groeneveld. (Immagine: HWZ)<\/figcaption><\/figure>\n<p>Guidati dagli esperti di leadership digitale Sunnie J. Groeneveld, Manuel P. Nappo e Urs Bucher, dirigenti, apprendisti permanenti e driver di trasformazione portano il primo evento TEDxHWZ online al livello digitale. I docenti e i leader del programma ispirano e motivano i partecipanti all'Executive MBA Digital Leadership a sviluppare la propria prospettiva sulle capacit\u00e0 di leadership in un futuro digitale.<\/p>\n<h2>Networking come parte di un programma di studio<\/h2>\n<p>Con dodici contributi sul tema <strong>\"Il mondo futuro<\/strong> il 21 novembre 2020 tra le 9.00 e le 15.00, relatori affermati ispireranno ed eleveranno il loro pubblico con storie emozionanti, idee innovative e risultati tramite lo streaming in diretta su internet. In questo evento online, il pubblico beneficer\u00e0 dei numerosi e innovativi argomenti di discussione e dell'opportunit\u00e0 di scambiare interattivamente idee con i partecipanti e i relatori in forum di discussione digitale dal vivo. Questo promuove il networking personale in vista di future opportunit\u00e0 di cooperazione. L'HWZ \u00e8 la prima universit\u00e0 svizzera a incorporare questa sfida come componente fissa nel curriculum di un corso di laurea.<\/p>\n<h2><strong>Quali sono gli obiettivi <\/strong><strong>il <\/strong><strong>prima<\/strong> <strong>Evento TEDxHWZ?<\/strong><\/h2>\n<p>I relatori presenteranno la loro \"idea da diffondere\" in un massimo di 18 minuti ciascuno. Sia i relatori che gli organizzatori si sono impegnati a creare un'esperienza online unica per il pubblico. Il quadro digitale mostrer\u00e0 quanto sia enormemente importante il ruolo delle persone oggi e lo sar\u00e0 in futuro. TEDxHWZ segue un approccio sostenibile: per un prezzo del biglietto di 20 CHF, 50% del ricavato va all'organizzazione umanitaria Vision Himalaya. Questa organizzazione sostiene le persone nei paesi in via di sviluppo che soffrono di cataratta affinch\u00e9 possano riacquistare la vista. Oggi, 50 franchi sono sufficienti per ridare la vista a una persona con le ultime procedure laser: Con cinque biglietti venduti da TEDxHWZ, una persona cieca riceve una prospettiva per il futuro.<\/p>\n<h2><strong>Cos'\u00e8 TEDx?<\/strong><\/h2>\n<p>TED \u00e8 un'organizzazione no-profit dedicata alla diffusione di idee innovative. Alle conferenze TED, pensatori e operatori di primo piano come Elon Musk, Bill Gates o Jane Goodall sono invitati come oratori per presentare la loro \"idea che vale la pena diffondere\" in 18 minuti o meno. TEDx \u00e8 un'iniziativa di TED e permette a individui e gruppi di tenere eventi locali, auto-organizzati e indipendenti nel formato TED in tutto il mondo.<\/p>\n<h2>I relatori di TEDxHWZ<\/h2>\n<ul>\n<li>Claire Murigande, PhD, esperta di affari medici<\/li>\n<li>Emi Lorincz, direttore vendite e sviluppo commerciale di Ledger<\/li>\n<li>Bernhard Wolff, relatore di creativit\u00e0 e moderatore online<\/li>\n<li>Stefan Kl\u00f6ckl, Business Trainer, proprietario e creatore di significati alla Sinnfabrik<\/li>\n<li>Thomas Bosshard, imprenditore<\/li>\n<li>Florence Schelling, direttore generale<\/li>\n<li>Evelyn Eisenhauer, esperto di media<\/li>\n<li>Schoscho Rufener, imprenditore e allenatore<\/li>\n<li>Kantarama Gahigiri, regista e scrittore<\/li>\n<li>Barbara Bisko, appassionata di digitale<\/li>\n<li>Flavio Stragiotti, direttore marketing e inventore<\/li>\n<li>Frank &amp; Patrik Riklin, artisti concettuali e imprenditori dell'arte<\/li>\n<\/ul>","protected":false},"excerpt":{"rendered":"<p>Unter der Leitung der digital Leadership Experten Sunnie J. Groeneveld, Manuel P. Nappo und Urs Bucher bringen F\u00fchrungskr\u00e4fte, Lifelong Learners und Transformationstreibende den ersten Online-TEDxHWZ-Event auf das digitale Level. Dozierende und Studiengangsleitende inspirieren und motivieren die Teilnehmerinnen und Teilnehmer des Executive MBA Digital Leadership, eine eigene Perspektive f\u00fcr F\u00fchrungskompetenzen in einer digitalen Zukunft zu entwickeln. [&hellip;]<\/p>\n","protected":false},"author":4,"featured_media":7206,"comment_status":"closed","ping_status":"closed","sticky":false,"template":"","format":"standard","meta":{"_acf_changed":false,"_yoast_wpseo_focuskw":"TEDxHWZ","_yoast_wpseo_metadesc":"Eine Pionierklasse der Hochschule f\u00fcr Wirtschaft Z\u00fcrich organisiert im Rahmen ihres Executive MBA erstmals einen Online-TEDx-Anlass: Den TEDxHWZ.","articlekey":"","footnotes":""},"categories":[30],"tags":[62,156,193],"class_list":["post-7205","post","type-post","status-publish","format-standard","has-post-thumbnail","hentry","category-weiterbildung","tag-aus-weiterbildung","tag-digitalisierung","tag-fachkongressfachmesse"],"acf":[],"yoast_head":"<!-- This site is optimized with the Yoast SEO plugin v27.4 - https:\/\/yoast.com\/product\/yoast-seo-wordpress\/ -->\n<title>TEDxHWZ: \u00abThe Future World\u00bb geht online - Organisator<\/title>\n<meta name=\"description\" content=\"Eine Pionierklasse der Hochschule f\u00fcr Wirtschaft Z\u00fcrich organisiert im Rahmen ihres Executive MBA erstmals einen Online-TEDx-Anlass: Den TEDxHWZ.\" \/>\n<meta name=\"robots\" content=\"index, follow, max-snippet:-1, max-image-preview:large, max-video-preview:-1\" \/>\n<link rel=\"canonical\" href=\"https:\/\/www.organisator.ch\/it\/formazione-continua\/2020-10-09\/tedxhwz-the-future-world-geht-online\/\" \/>\n<meta property=\"og:locale\" content=\"it_IT\" \/>\n<meta property=\"og:type\" content=\"article\" \/>\n<meta property=\"og:title\" content=\"TEDxHWZ: \u00abThe Future World\u00bb geht online\" \/>\n<meta property=\"og:description\" content=\"Eine Pionierklasse der Hochschule f\u00fcr Wirtschaft Z\u00fcrich organisiert im Rahmen ihres Executive MBA erstmals einen Online-TEDx-Anlass: Den TEDxHWZ.\" \/>\n<meta property=\"og:url\" content=\"https:\/\/www.organisator.ch\/it\/formazione-continua\/2020-10-09\/tedxhwz-the-future-world-geht-online\/\" \/>\n<meta property=\"og:site_name\" content=\"Organisator\" \/>\n<meta property=\"article:publisher\" content=\"https:\/\/www.facebook.com\/OrganisatorFachmagazin\" \/>\n<meta property=\"article:published_time\" content=\"2020-10-09T06:42:47+00:00\" \/>\n<meta property=\"og:image\" content=\"https:\/\/www.organisator.ch\/wp-content\/uploads\/2020\/10\/TEDxHWZ-The-Future-World-geht-online_Organisator.jpg\" \/>\n\t<meta property=\"og:image:width\" content=\"680\" \/>\n\t<meta property=\"og:image:height\" content=\"645\" \/>\n\t<meta property=\"og:image:type\" content=\"image\/jpeg\" \/>\n<meta name=\"author\" content=\"thomas.berner\" \/>\n<meta name=\"twitter:card\" content=\"summary_large_image\" \/>\n<meta name=\"twitter:title\" content=\"#TEDxHWZ: \u00abThe Future World\u00bb geht online\" \/>\n<meta name=\"twitter:description\" content=\"Eine Pionierklasse der Hochschule f\u00fcr Wirtschaft Z\u00fcrich organisiert im Rahmen ihres Executive MBA erstmals einen #Online-TEDx-Anlass: Den #TEDxHWZ.\" \/>\n<meta name=\"twitter:image\" content=\"https:\/\/www.organisator.ch\/wp-content\/uploads\/2020\/10\/TEDxHWZ-The-Future-World-geht-online_Organisator.jpg\" \/>\n<script type=\"application\/ld+json\" class=\"yoast-schema-graph\">{\"@context\":\"https:\\\/\\\/schema.org\",\"@graph\":[{\"@type\":\"Article\",\"@id\":\"https:\\\/\\\/www.organisator.ch\\\/weiterbildung\\\/2020-10-09\\\/tedxhwz-the-future-world-geht-online\\\/#article\",\"isPartOf\":{\"@id\":\"https:\\\/\\\/www.organisator.ch\\\/weiterbildung\\\/2020-10-09\\\/tedxhwz-the-future-world-geht-online\\\/\"},\"author\":{\"name\":\"thomas.berner\",\"@id\":\"https:\\\/\\\/www.organisator.ch\\\/#\\\/schema\\\/person\\\/6f650f90b2842cd4c0cc334b4e36f67e\"},\"headline\":\"TEDxHWZ: \u00abThe Future World\u00bb geht online\",\"datePublished\":\"2020-10-09T06:42:47+00:00\",\"mainEntityOfPage\":{\"@id\":\"https:\\\/\\\/www.organisator.ch\\\/weiterbildung\\\/2020-10-09\\\/tedxhwz-the-future-world-geht-online\\\/\"},\"wordCount\":459,\"publisher\":{\"@id\":\"https:\\\/\\\/www.organisator.ch\\\/#organization\"},\"image\":{\"@id\":\"https:\\\/\\\/www.organisator.ch\\\/weiterbildung\\\/2020-10-09\\\/tedxhwz-the-future-world-geht-online\\\/#primaryimage\"},\"thumbnailUrl\":\"https:\\\/\\\/www.organisator.ch\\\/wp-content\\\/uploads\\\/2020\\\/10\\\/TEDxHWZ-The-Future-World-geht-online_Organisator.jpg\",\"keywords\":[\"Aus-\\\/Weiterbildung\",\"Digitalisierung\",\"Fachkongress\\\/Fachmesse\"],\"articleSection\":[\"WEITERBILDUNG\"],\"inLanguage\":\"it-IT\"},{\"@type\":\"WebPage\",\"@id\":\"https:\\\/\\\/www.organisator.ch\\\/weiterbildung\\\/2020-10-09\\\/tedxhwz-the-future-world-geht-online\\\/\",\"url\":\"https:\\\/\\\/www.organisator.ch\\\/weiterbildung\\\/2020-10-09\\\/tedxhwz-the-future-world-geht-online\\\/\",\"name\":\"TEDxHWZ: \u00abThe Future World\u00bb geht online - Organisator\",\"isPartOf\":{\"@id\":\"https:\\\/\\\/www.organisator.ch\\\/#website\"},\"primaryImageOfPage\":{\"@id\":\"https:\\\/\\\/www.organisator.ch\\\/weiterbildung\\\/2020-10-09\\\/tedxhwz-the-future-world-geht-online\\\/#primaryimage\"},\"image\":{\"@id\":\"https:\\\/\\\/www.organisator.ch\\\/weiterbildung\\\/2020-10-09\\\/tedxhwz-the-future-world-geht-online\\\/#primaryimage\"},\"thumbnailUrl\":\"https:\\\/\\\/www.organisator.ch\\\/wp-content\\\/uploads\\\/2020\\\/10\\\/TEDxHWZ-The-Future-World-geht-online_Organisator.jpg\",\"datePublished\":\"2020-10-09T06:42:47+00:00\",\"description\":\"Eine Pionierklasse der Hochschule f\u00fcr Wirtschaft Z\u00fcrich organisiert im Rahmen ihres Executive MBA erstmals einen Online-TEDx-Anlass: Den TEDxHWZ.\",\"breadcrumb\":{\"@id\":\"https:\\\/\\\/www.organisator.ch\\\/weiterbildung\\\/2020-10-09\\\/tedxhwz-the-future-world-geht-online\\\/#breadcrumb\"},\"inLanguage\":\"it-IT\",\"potentialAction\":[{\"@type\":\"ReadAction\",\"target\":[\"https:\\\/\\\/www.organisator.ch\\\/weiterbildung\\\/2020-10-09\\\/tedxhwz-the-future-world-geht-online\\\/\"]}]},{\"@type\":\"ImageObject\",\"inLanguage\":\"it-IT\",\"@id\":\"https:\\\/\\\/www.organisator.ch\\\/weiterbildung\\\/2020-10-09\\\/tedxhwz-the-future-world-geht-online\\\/#primaryimage\",\"url\":\"https:\\\/\\\/www.organisator.ch\\\/wp-content\\\/uploads\\\/2020\\\/10\\\/TEDxHWZ-The-Future-World-geht-online_Organisator.jpg\",\"contentUrl\":\"https:\\\/\\\/www.organisator.ch\\\/wp-content\\\/uploads\\\/2020\\\/10\\\/TEDxHWZ-The-Future-World-geht-online_Organisator.jpg\",\"width\":680,\"height\":645,\"caption\":\"Die Leiter und Mit-Initiatoren des ersten TEDxHWZ: Manuel Nappo und Sunnie Groeneveld. (Bild: HWZ)\"},{\"@type\":\"BreadcrumbList\",\"@id\":\"https:\\\/\\\/www.organisator.ch\\\/weiterbildung\\\/2020-10-09\\\/tedxhwz-the-future-world-geht-online\\\/#breadcrumb\",\"itemListElement\":[{\"@type\":\"ListItem\",\"position\":1,\"name\":\"Home\",\"item\":\"https:\\\/\\\/www.organisator.ch\\\/\"},{\"@type\":\"ListItem\",\"position\":2,\"name\":\"TEDxHWZ: \u00abThe Future World\u00bb geht online\"}]},{\"@type\":\"WebSite\",\"@id\":\"https:\\\/\\\/www.organisator.ch\\\/#website\",\"url\":\"https:\\\/\\\/www.organisator.ch\\\/\",\"name\":\"Organisator\",\"description\":\"Kompetent. Praxisnah. Der ORGANISATOR bereitet in 10 Ausgaben pro Jahr die wesentlichen Themen f\u00fcr F\u00fchrungskr\u00e4fte von KMU auf.\",\"publisher\":{\"@id\":\"https:\\\/\\\/www.organisator.ch\\\/#organization\"},\"potentialAction\":[{\"@type\":\"SearchAction\",\"target\":{\"@type\":\"EntryPoint\",\"urlTemplate\":\"https:\\\/\\\/www.organisator.ch\\\/?s={search_term_string}\"},\"query-input\":{\"@type\":\"PropertyValueSpecification\",\"valueRequired\":true,\"valueName\":\"search_term_string\"}}],\"inLanguage\":\"it-IT\"},{\"@type\":\"Organization\",\"@id\":\"https:\\\/\\\/www.organisator.ch\\\/#organization\",\"name\":\"Organisator\",\"url\":\"https:\\\/\\\/www.organisator.ch\\\/\",\"logo\":{\"@type\":\"ImageObject\",\"inLanguage\":\"it-IT\",\"@id\":\"https:\\\/\\\/www.organisator.ch\\\/#\\\/schema\\\/logo\\\/image\\\/\",\"url\":\"https:\\\/\\\/www.organisator.ch\\\/wp-content\\\/uploads\\\/2022\\\/01\\\/Logo_Organisator_Website.png\",\"contentUrl\":\"https:\\\/\\\/www.organisator.ch\\\/wp-content\\\/uploads\\\/2022\\\/01\\\/Logo_Organisator_Website.png\",\"width\":800,\"height\":77,\"caption\":\"Organisator\"},\"image\":{\"@id\":\"https:\\\/\\\/www.organisator.ch\\\/#\\\/schema\\\/logo\\\/image\\\/\"},\"sameAs\":[\"https:\\\/\\\/www.facebook.com\\\/OrganisatorFachmagazin\",\"https:\\\/\\\/www.linkedin.com\\\/showcase\\\/organisator-das-magazin-fr-kmu\",\"https:\\\/\\\/www.xing.com\\\/news\\\/pages\\\/organisator-ch-695\",\"https:\\\/\\\/www.youtube.com\\\/channel\\\/UCGP2Sq0iWaZwT3BdIAQFYpw\"]},{\"@type\":\"Person\",\"@id\":\"https:\\\/\\\/www.organisator.ch\\\/#\\\/schema\\\/person\\\/6f650f90b2842cd4c0cc334b4e36f67e\",\"name\":\"thomas.berner\",\"image\":{\"@type\":\"ImageObject\",\"inLanguage\":\"it-IT\",\"@id\":\"https:\\\/\\\/secure.gravatar.com\\\/avatar\\\/ac5001d2a36cb6c6cd3e50789007ffca834b477b74a2144564522e944eabff61?s=96&d=mm&r=g\",\"url\":\"https:\\\/\\\/secure.gravatar.com\\\/avatar\\\/ac5001d2a36cb6c6cd3e50789007ffca834b477b74a2144564522e944eabff61?s=96&d=mm&r=g\",\"contentUrl\":\"https:\\\/\\\/secure.gravatar.com\\\/avatar\\\/ac5001d2a36cb6c6cd3e50789007ffca834b477b74a2144564522e944eabff61?s=96&d=mm&r=g\",\"caption\":\"thomas.berner\"},\"url\":\"https:\\\/\\\/www.organisator.ch\\\/it\\\/author\\\/thomas-berner\\\/\"}]}<\/script>\n<!-- \/ Yoast SEO plugin. -->","yoast_head_json":{"title":"TEDxHWZ: \"Il mondo futuro\" va online - Organizzatore","description":"Una classe pionieristica della Zurich School of Business organizza per la prima volta un evento TEDx online nell'ambito del suo Executive MBA: TEDxHWZ.","robots":{"index":"index","follow":"follow","max-snippet":"max-snippet:-1","max-image-preview":"max-image-preview:large","max-video-preview":"max-video-preview:-1"},"canonical":"https:\/\/www.organisator.ch\/it\/formazione-continua\/2020-10-09\/tedxhwz-the-future-world-geht-online\/","og_locale":"it_IT","og_type":"article","og_title":"TEDxHWZ: \u00abThe Future World\u00bb geht online","og_description":"Eine Pionierklasse der Hochschule f\u00fcr Wirtschaft Z\u00fcrich organisiert im Rahmen ihres Executive MBA erstmals einen Online-TEDx-Anlass: Den TEDxHWZ.","og_url":"https:\/\/www.organisator.ch\/it\/formazione-continua\/2020-10-09\/tedxhwz-the-future-world-geht-online\/","og_site_name":"Organisator","article_publisher":"https:\/\/www.facebook.com\/OrganisatorFachmagazin","article_published_time":"2020-10-09T06:42:47+00:00","og_image":[{"width":680,"height":645,"url":"https:\/\/www.organisator.ch\/wp-content\/uploads\/2020\/10\/TEDxHWZ-The-Future-World-geht-online_Organisator.jpg","type":"image\/jpeg"}],"author":"thomas.berner","twitter_card":"summary_large_image","twitter_title":"#TEDxHWZ: \u00abThe Future World\u00bb geht online","twitter_description":"Eine Pionierklasse der Hochschule f\u00fcr Wirtschaft Z\u00fcrich organisiert im Rahmen ihres Executive MBA erstmals einen #Online-TEDx-Anlass: Den #TEDxHWZ.","twitter_image":"https:\/\/www.organisator.ch\/wp-content\/uploads\/2020\/10\/TEDxHWZ-The-Future-World-geht-online_Organisator.jpg","schema":{"@context":"https:\/\/schema.org","@graph":[{"@type":"Article","@id":"https:\/\/www.organisator.ch\/weiterbildung\/2020-10-09\/tedxhwz-the-future-world-geht-online\/#article","isPartOf":{"@id":"https:\/\/www.organisator.ch\/weiterbildung\/2020-10-09\/tedxhwz-the-future-world-geht-online\/"},"author":{"name":"thomas.berner","@id":"https:\/\/www.organisator.ch\/#\/schema\/person\/6f650f90b2842cd4c0cc334b4e36f67e"},"headline":"TEDxHWZ: \u00abThe Future World\u00bb geht online","datePublished":"2020-10-09T06:42:47+00:00","mainEntityOfPage":{"@id":"https:\/\/www.organisator.ch\/weiterbildung\/2020-10-09\/tedxhwz-the-future-world-geht-online\/"},"wordCount":459,"publisher":{"@id":"https:\/\/www.organisator.ch\/#organization"},"image":{"@id":"https:\/\/www.organisator.ch\/weiterbildung\/2020-10-09\/tedxhwz-the-future-world-geht-online\/#primaryimage"},"thumbnailUrl":"https:\/\/www.organisator.ch\/wp-content\/uploads\/2020\/10\/TEDxHWZ-The-Future-World-geht-online_Organisator.jpg","keywords":["Aus-\/Weiterbildung","Digitalisierung","Fachkongress\/Fachmesse"],"articleSection":["WEITERBILDUNG"],"inLanguage":"it-IT"},{"@type":"WebPage","@id":"https:\/\/www.organisator.ch\/weiterbildung\/2020-10-09\/tedxhwz-the-future-world-geht-online\/","url":"https:\/\/www.organisator.ch\/weiterbildung\/2020-10-09\/tedxhwz-the-future-world-geht-online\/","name":"TEDxHWZ: \"Il mondo futuro\" va online - Organizzatore","isPartOf":{"@id":"https:\/\/www.organisator.ch\/#website"},"primaryImageOfPage":{"@id":"https:\/\/www.organisator.ch\/weiterbildung\/2020-10-09\/tedxhwz-the-future-world-geht-online\/#primaryimage"},"image":{"@id":"https:\/\/www.organisator.ch\/weiterbildung\/2020-10-09\/tedxhwz-the-future-world-geht-online\/#primaryimage"},"thumbnailUrl":"https:\/\/www.organisator.ch\/wp-content\/uploads\/2020\/10\/TEDxHWZ-The-Future-World-geht-online_Organisator.jpg","datePublished":"2020-10-09T06:42:47+00:00","description":"Una classe pionieristica della Zurich School of Business organizza per la prima volta un evento TEDx online nell'ambito del suo Executive MBA: TEDxHWZ.","breadcrumb":{"@id":"https:\/\/www.organisator.ch\/weiterbildung\/2020-10-09\/tedxhwz-the-future-world-geht-online\/#breadcrumb"},"inLanguage":"it-IT","potentialAction":[{"@type":"ReadAction","target":["https:\/\/www.organisator.ch\/weiterbildung\/2020-10-09\/tedxhwz-the-future-world-geht-online\/"]}]},{"@type":"ImageObject","inLanguage":"it-IT","@id":"https:\/\/www.organisator.ch\/weiterbildung\/2020-10-09\/tedxhwz-the-future-world-geht-online\/#primaryimage","url":"https:\/\/www.organisator.ch\/wp-content\/uploads\/2020\/10\/TEDxHWZ-The-Future-World-geht-online_Organisator.jpg","contentUrl":"https:\/\/www.organisator.ch\/wp-content\/uploads\/2020\/10\/TEDxHWZ-The-Future-World-geht-online_Organisator.jpg","width":680,"height":645,"caption":"Die Leiter und Mit-Initiatoren des ersten TEDxHWZ: Manuel Nappo und Sunnie Groeneveld. (Bild: HWZ)"},{"@type":"BreadcrumbList","@id":"https:\/\/www.organisator.ch\/weiterbildung\/2020-10-09\/tedxhwz-the-future-world-geht-online\/#breadcrumb","itemListElement":[{"@type":"ListItem","position":1,"name":"Home","item":"https:\/\/www.organisator.ch\/"},{"@type":"ListItem","position":2,"name":"TEDxHWZ: \u00abThe Future World\u00bb geht online"}]},{"@type":"WebSite","@id":"https:\/\/www.organisator.ch\/#website","url":"https:\/\/www.organisator.ch\/","name":"Organizzatore","description":"Competente. Pratico. In 10 numeri all'anno, ORGANISATOR presenta i temi essenziali per i manager delle PMI.","publisher":{"@id":"https:\/\/www.organisator.ch\/#organization"},"potentialAction":[{"@type":"SearchAction","target":{"@type":"EntryPoint","urlTemplate":"https:\/\/www.organisator.ch\/?s={search_term_string}"},"query-input":{"@type":"PropertyValueSpecification","valueRequired":true,"valueName":"search_term_string"}}],"inLanguage":"it-IT"},{"@type":"Organization","@id":"https:\/\/www.organisator.ch\/#organization","name":"Organizzatore","url":"https:\/\/www.organisator.ch\/","logo":{"@type":"ImageObject","inLanguage":"it-IT","@id":"https:\/\/www.organisator.ch\/#\/schema\/logo\/image\/","url":"https:\/\/www.organisator.ch\/wp-content\/uploads\/2022\/01\/Logo_Organisator_Website.png","contentUrl":"https:\/\/www.organisator.ch\/wp-content\/uploads\/2022\/01\/Logo_Organisator_Website.png","width":800,"height":77,"caption":"Organisator"},"image":{"@id":"https:\/\/www.organisator.ch\/#\/schema\/logo\/image\/"},"sameAs":["https:\/\/www.facebook.com\/OrganisatorFachmagazin","https:\/\/www.linkedin.com\/showcase\/organisator-das-magazin-fr-kmu","https:\/\/www.xing.com\/news\/pages\/organisator-ch-695","https:\/\/www.youtube.com\/channel\/UCGP2Sq0iWaZwT3BdIAQFYpw"]},{"@type":"Person","@id":"https:\/\/www.organisator.ch\/#\/schema\/person\/6f650f90b2842cd4c0cc334b4e36f67e","name":"Tommaso.berner","image":{"@type":"ImageObject","inLanguage":"it-IT","@id":"https:\/\/secure.gravatar.com\/avatar\/ac5001d2a36cb6c6cd3e50789007ffca834b477b74a2144564522e944eabff61?s=96&d=mm&r=g","url":"https:\/\/secure.gravatar.com\/avatar\/ac5001d2a36cb6c6cd3e50789007ffca834b477b74a2144564522e944eabff61?s=96&d=mm&r=g","contentUrl":"https:\/\/secure.gravatar.com\/avatar\/ac5001d2a36cb6c6cd3e50789007ffca834b477b74a2144564522e944eabff61?s=96&d=mm&r=g","caption":"thomas.berner"},"url":"https:\/\/www.organisator.ch\/it\/author\/thomas-berner\/"}]}},"_links":{"self":[{"href":"https:\/\/www.organisator.ch\/it\/wp-json\/wp\/v2\/posts\/7205","targetHints":{"allow":["GET"]}}],"collection":[{"href":"https:\/\/www.organisator.ch\/it\/wp-json\/wp\/v2\/posts"}],"about":[{"href":"https:\/\/www.organisator.ch\/it\/wp-json\/wp\/v2\/types\/post"}],"author":[{"embeddable":true,"href":"https:\/\/www.organisator.ch\/it\/wp-json\/wp\/v2\/users\/4"}],"replies":[{"embeddable":true,"href":"https:\/\/www.organisator.ch\/it\/wp-json\/wp\/v2\/comments?post=7205"}],"version-history":[{"count":0,"href":"https:\/\/www.organisator.ch\/it\/wp-json\/wp\/v2\/posts\/7205\/revisions"}],"wp:featuredmedia":[{"embeddable":true,"href":"https:\/\/www.organisator.ch\/it\/wp-json\/wp\/v2\/media\/7206"}],"wp:attachment":[{"href":"https:\/\/www.organisator.ch\/it\/wp-json\/wp\/v2\/media?parent=7205"}],"wp:term":[{"taxonomy":"category","embeddable":true,"href":"https:\/\/www.organisator.ch\/it\/wp-json\/wp\/v2\/categories?post=7205"},{"taxonomy":"post_tag","embeddable":true,"href":"https:\/\/www.organisator.ch\/it\/wp-json\/wp\/v2\/tags?post=7205"}],"curies":[{"name":"wp","href":"https:\/\/api.w.org\/{rel}","templated":true}]}}