{"id":7215,"date":"2020-10-14T08:44:23","date_gmt":"2020-10-14T06:44:23","guid":{"rendered":"https:\/\/www.organisator.ch\/?p=7215"},"modified":"2020-10-14T08:44:23","modified_gmt":"2020-10-14T06:44:23","slug":"arbeit-mit-freizeit-verbinden-neue-idee-eines-schweizer-start-ups","status":"publish","type":"post","link":"https:\/\/www.organisator.ch\/it\/human-resources\/fit_im_job\/2020-10-14\/arbeit-mit-freizeit-verbinden-neue-idee-eines-schweizer-start-ups\/","title":{"rendered":"Combinare il lavoro con il tempo libero: Nuova idea di una start-up svizzera"},"content":{"rendered":"<figure id=\"attachment_7216\" aria-describedby=\"caption-attachment-7216\" style=\"width: 680px\" class=\"wp-caption alignnone\"><img loading=\"lazy\" decoding=\"async\" class=\"size-medium wp-image-7216\" src=\"https:\/\/www.organisator.ch\/wp-content\/uploads\/2020\/10\/Arbeit-mit-Freizeit-verbinden-Neue-Idee-eines-Schweizer-Start-ups_Organisator.jpg\" alt=\"\" width=\"680\" height=\"454\" srcset=\"https:\/\/www.organisator.ch\/wp-content\/uploads\/2020\/10\/Arbeit-mit-Freizeit-verbinden-Neue-Idee-eines-Schweizer-Start-ups_Organisator.jpg 680w, https:\/\/www.organisator.ch\/wp-content\/uploads\/2020\/10\/Arbeit-mit-Freizeit-verbinden-Neue-Idee-eines-Schweizer-Start-ups_Organisator-16x12.jpg 16w, https:\/\/www.organisator.ch\/wp-content\/uploads\/2020\/10\/Arbeit-mit-Freizeit-verbinden-Neue-Idee-eines-Schweizer-Start-ups_Organisator-262x175.jpg 262w, https:\/\/www.organisator.ch\/wp-content\/uploads\/2020\/10\/Arbeit-mit-Freizeit-verbinden-Neue-Idee-eines-Schweizer-Start-ups_Organisator-524x350.jpg 524w, https:\/\/www.organisator.ch\/wp-content\/uploads\/2020\/10\/Arbeit-mit-Freizeit-verbinden-Neue-Idee-eines-Schweizer-Start-ups_Organisator-300x200.jpg 300w\" sizes=\"auto, (max-width: 680px) 100vw, 680px\" \/><figcaption id=\"caption-attachment-7216\" class=\"wp-caption-text\">Combinare il lavoro con il tempo libero: Con l'idea di \"Workations\", la start-up Workplayz vuole rendere i datori di lavoro pi\u00f9 attraenti da un lato e promuovere il turismo dall'altro. (Immagine: \u00a9LAAX\/Iliano)<\/figcaption><\/figure>\n<p>La pandemia di covidi ha dato una spinta a nuove forme di lavoro. Nell'aprile 2020, il 52% della popolazione attiva svizzera lavorava da casa. Si tratta di 1,2 milioni di dipendenti che potrebbero essere potenziali \"turisti del lavoro\" che lavorano da un'altra destinazione invece che da casa. Un potenziale interessante per l'industria del turismo.<\/p>\n<h2>Lavorare dove gli altri vanno in vacanza<\/h2>\n<p>A causa del cambiamento climatico, della volatilit\u00e0 dei tassi di occupazione e, non da ultimo, della Covid-19, il settore del turismo sta affrontando grandi sfide. La start-up Workplayz, con sede a Trin (GR), cattura l'attuale zeitgeist del lavoro a distanza affrontando le difficolt\u00e0 del turismo svizzero. Reto Gurtner, visionario del turismo e membro del comitato consultivo della start-up: \"I turisti del lavoro - ospiti che lavorano in montagna in orari non di punta e allo stesso tempo si rilassano nella natura - sono un'opportunit\u00e0 per la trasformazione in imprese per tutto l'anno nelle regioni di montagna. Le lavorazioni si inseriscono perfettamente nella direzione strategica di Laax\".<\/p>\n<p>Workplayz offre pacchetti per un soggiorno di 3, 4 o 5 giorni in circa 15 diverse destinazioni svizzere, sia per team che per singoli dipendenti. I pacchetti includono l'alloggio con colazione, uno spazio di lavoro completamente attrezzato e varie attivit\u00e0 per il tempo libero.<\/p>\n<h2>Unire il lavoro al tempo libero<\/h2>\n<p>Non solo il turismo, ma anche i datori di lavoro stanno affrontando sfide crescenti. Alexandra K\u00fchn, amministratore delegato della Work Smart Initiative e anche membro del comitato consultivo della start-up: \"Le aziende sono in competizione per i migliori talenti. Per loro, il lavoro autodeterminato \u00e8 un bisogno crescente. Spesso manca la cultura aziendale di supporto. Con Workations, le aziende possono ancorare il lavoro mobile nella loro cultura aziendale in modo innovativo.<\/p>\n<p>Workplayz riprende la tendenza secondo la quale il lavoro e il tempo libero si fondono sempre pi\u00f9 e trasforma il lavoro in un'esperienza. Le stazioni di lavoro rimangono nella memoria per molto tempo. I dipendenti ne parlano nelle loro reti private e sui social media. Questo ha un effetto positivo sull'immagine del datore di lavoro e porta vantaggi nel reclutare e mantenere il personale. Inoltre, l'esperienza reale \u00e8 anche tempo di lavoro produttivo.<\/p>\n<h2>Wincasa si concentra sul lavoro interdisciplinare e orientato ai risultati<\/h2>\n<p>Wincasa - un fornitore di servizi immobiliari leader in Svizzera - \u00e8 uno dei primi clienti di Workplayz. Marco Kissling, Head of Business &amp; Digital Excellence, lavora da Laax a met\u00e0 ottobre insieme a un team interdisciplinare: \"Noi intendiamo il lavoro mobile come qualcosa di pi\u00f9 di un semplice home office. L'offerta Workplayz si adatta quindi bene alla nostra iniziativa #weworksmart. Durante il soggiorno a Laax, stiamo lavorando ad un progetto di innovazione per il futuro di Wincasa e ci siamo posti obiettivi chiari per i tre giorni. La posizione ispiratrice e il variegato programma sociale con yoga, un tour in bicicletta o un'escursione sulle montagne grigionesi dovrebbero aiutarci a guardare i progetti da una nuova angolazione e a crescere ancora pi\u00f9 vicini come squadra\".<\/p>\n<p><em>Ulteriori informazioni: <a href=\"http:\/\/www.workplayz.com\">www.workplayz.com<\/a><\/em><\/p>","protected":false},"excerpt":{"rendered":"<p>Die Covid-Pandemie hat neuen Arbeitsformen einen Schub verliehen. Im April 2020 arbeiteten 52% der Schweizer Arbeitsbev\u00f6lkerung von Zuhause aus. Das sind 1.2 Millionen Arbeitnehmende, die als potenzielle \u00abArbeitstouristen\u00bb statt von Zuhause von einer anderen Destination aus arbeiten k\u00f6nnten. Ein interessantes Potenzial f\u00fcr die Tourismusbranche. Arbeiten dort wo andere Ferien machen Aufgrund des Klimawandels, volatiler Auslastung [&hellip;]<\/p>\n","protected":false},"author":4,"featured_media":7216,"comment_status":"closed","ping_status":"closed","sticky":false,"template":"","format":"standard","meta":{"_acf_changed":false,"_yoast_wpseo_focuskw":"Arbeit mit Freizeit","_yoast_wpseo_metadesc":"Workplayz lanciert \u00abWorkations\u00bb, eine Art Verschmelzen von Arbeit mit Freizeit. Workations sind Arbeitsaufenthalte in einer touristischen Destination.","articlekey":"","footnotes":""},"categories":[25],"tags":[208,363,451,492,537],"class_list":["post-7215","post","type-post","status-publish","format-standard","has-post-thumbnail","hentry","category-fit_im_job","tag-fit-im-job","tag-new-work","tag-startups","tag-unternehmen","tag-work-smart"],"acf":[],"yoast_head":"<!-- This site is optimized with the Yoast SEO plugin v27.5 - https:\/\/yoast.com\/product\/yoast-seo-wordpress\/ -->\n<title>Arbeit mit Freizeit verbinden: Neue Idee eines Schweizer Start-ups - Organisator<\/title>\n<meta name=\"description\" content=\"Workplayz lanciert \u00abWorkations\u00bb, eine Art Verschmelzen von Arbeit mit Freizeit. Workations sind Arbeitsaufenthalte in einer touristischen Destination.\" \/>\n<meta name=\"robots\" content=\"index, follow, max-snippet:-1, max-image-preview:large, max-video-preview:-1\" \/>\n<link rel=\"canonical\" href=\"https:\/\/www.organisator.ch\/it\/risorse-umane\/fit_im_job\/2020-10-14\/arbeit-mit-freizeit-verbinden-neue-idee-eines-schweizer-start-ups\/\" \/>\n<meta property=\"og:locale\" content=\"it_IT\" \/>\n<meta property=\"og:type\" content=\"article\" \/>\n<meta property=\"og:title\" content=\"Arbeit mit Freizeit verbinden: Neue Idee eines Schweizer Start-ups\" \/>\n<meta property=\"og:description\" content=\"Workplayz lanciert \u00abWorkations\u00bb, eine Art Verschmelzen von Arbeit mit Freizeit. Workations sind Arbeitsaufenthalte in einer touristischen Destination.\" \/>\n<meta property=\"og:url\" content=\"https:\/\/www.organisator.ch\/it\/risorse-umane\/fit_im_job\/2020-10-14\/arbeit-mit-freizeit-verbinden-neue-idee-eines-schweizer-start-ups\/\" \/>\n<meta property=\"og:site_name\" content=\"Organisator\" \/>\n<meta property=\"article:publisher\" content=\"https:\/\/www.facebook.com\/OrganisatorFachmagazin\" \/>\n<meta property=\"article:published_time\" content=\"2020-10-14T06:44:23+00:00\" \/>\n<meta property=\"og:image\" content=\"https:\/\/www.organisator.ch\/wp-content\/uploads\/2020\/10\/Arbeit-mit-Freizeit-verbinden-Neue-Idee-eines-Schweizer-Start-ups_Organisator.jpg\" \/>\n\t<meta property=\"og:image:width\" content=\"680\" \/>\n\t<meta property=\"og:image:height\" content=\"454\" \/>\n\t<meta property=\"og:image:type\" content=\"image\/jpeg\" \/>\n<meta name=\"author\" content=\"thomas.berner\" \/>\n<meta name=\"twitter:card\" content=\"summary_large_image\" \/>\n<meta name=\"twitter:title\" content=\"Arbeit mit Freizeit verbinden: Neue Idee eines Schweizer Start-ups\" \/>\n<meta name=\"twitter:description\" content=\"Workplayz lanciert \u00abWorkations\u00bb, eine Art Verschmelzen von Arbeit mit Freizeit. Workations sind Arbeitsaufenthalte in einer touristischen Destination.\" \/>\n<meta name=\"twitter:image\" content=\"https:\/\/www.organisator.ch\/wp-content\/uploads\/2020\/10\/Arbeit-mit-Freizeit-verbinden-Neue-Idee-eines-Schweizer-Start-ups_Organisator.jpg\" \/>\n<script type=\"application\/ld+json\" class=\"yoast-schema-graph\">{\"@context\":\"https:\\\/\\\/schema.org\",\"@graph\":[{\"@type\":\"Article\",\"@id\":\"https:\\\/\\\/www.organisator.ch\\\/human-resources\\\/fit_im_job\\\/2020-10-14\\\/arbeit-mit-freizeit-verbinden-neue-idee-eines-schweizer-start-ups\\\/#article\",\"isPartOf\":{\"@id\":\"https:\\\/\\\/www.organisator.ch\\\/human-resources\\\/fit_im_job\\\/2020-10-14\\\/arbeit-mit-freizeit-verbinden-neue-idee-eines-schweizer-start-ups\\\/\"},\"author\":{\"name\":\"thomas.berner\",\"@id\":\"https:\\\/\\\/www.organisator.ch\\\/#\\\/schema\\\/person\\\/6f650f90b2842cd4c0cc334b4e36f67e\"},\"headline\":\"Arbeit mit Freizeit verbinden: Neue Idee eines Schweizer Start-ups\",\"datePublished\":\"2020-10-14T06:44:23+00:00\",\"mainEntityOfPage\":{\"@id\":\"https:\\\/\\\/www.organisator.ch\\\/human-resources\\\/fit_im_job\\\/2020-10-14\\\/arbeit-mit-freizeit-verbinden-neue-idee-eines-schweizer-start-ups\\\/\"},\"wordCount\":494,\"publisher\":{\"@id\":\"https:\\\/\\\/www.organisator.ch\\\/#organization\"},\"image\":{\"@id\":\"https:\\\/\\\/www.organisator.ch\\\/human-resources\\\/fit_im_job\\\/2020-10-14\\\/arbeit-mit-freizeit-verbinden-neue-idee-eines-schweizer-start-ups\\\/#primaryimage\"},\"thumbnailUrl\":\"https:\\\/\\\/www.organisator.ch\\\/wp-content\\\/uploads\\\/2020\\\/10\\\/Arbeit-mit-Freizeit-verbinden-Neue-Idee-eines-Schweizer-Start-ups_Organisator.jpg\",\"keywords\":[\"Fit im Job\",\"New Work\",\"Startups\",\"Unternehmen\",\"Work Smart\"],\"articleSection\":[\"FIT IM JOB\"],\"inLanguage\":\"it-IT\"},{\"@type\":\"WebPage\",\"@id\":\"https:\\\/\\\/www.organisator.ch\\\/human-resources\\\/fit_im_job\\\/2020-10-14\\\/arbeit-mit-freizeit-verbinden-neue-idee-eines-schweizer-start-ups\\\/\",\"url\":\"https:\\\/\\\/www.organisator.ch\\\/human-resources\\\/fit_im_job\\\/2020-10-14\\\/arbeit-mit-freizeit-verbinden-neue-idee-eines-schweizer-start-ups\\\/\",\"name\":\"Arbeit mit Freizeit verbinden: Neue Idee eines Schweizer Start-ups - Organisator\",\"isPartOf\":{\"@id\":\"https:\\\/\\\/www.organisator.ch\\\/#website\"},\"primaryImageOfPage\":{\"@id\":\"https:\\\/\\\/www.organisator.ch\\\/human-resources\\\/fit_im_job\\\/2020-10-14\\\/arbeit-mit-freizeit-verbinden-neue-idee-eines-schweizer-start-ups\\\/#primaryimage\"},\"image\":{\"@id\":\"https:\\\/\\\/www.organisator.ch\\\/human-resources\\\/fit_im_job\\\/2020-10-14\\\/arbeit-mit-freizeit-verbinden-neue-idee-eines-schweizer-start-ups\\\/#primaryimage\"},\"thumbnailUrl\":\"https:\\\/\\\/www.organisator.ch\\\/wp-content\\\/uploads\\\/2020\\\/10\\\/Arbeit-mit-Freizeit-verbinden-Neue-Idee-eines-Schweizer-Start-ups_Organisator.jpg\",\"datePublished\":\"2020-10-14T06:44:23+00:00\",\"description\":\"Workplayz lanciert \u00abWorkations\u00bb, eine Art Verschmelzen von Arbeit mit Freizeit. Workations sind Arbeitsaufenthalte in einer touristischen Destination.\",\"breadcrumb\":{\"@id\":\"https:\\\/\\\/www.organisator.ch\\\/human-resources\\\/fit_im_job\\\/2020-10-14\\\/arbeit-mit-freizeit-verbinden-neue-idee-eines-schweizer-start-ups\\\/#breadcrumb\"},\"inLanguage\":\"it-IT\",\"potentialAction\":[{\"@type\":\"ReadAction\",\"target\":[\"https:\\\/\\\/www.organisator.ch\\\/human-resources\\\/fit_im_job\\\/2020-10-14\\\/arbeit-mit-freizeit-verbinden-neue-idee-eines-schweizer-start-ups\\\/\"]}]},{\"@type\":\"ImageObject\",\"inLanguage\":\"it-IT\",\"@id\":\"https:\\\/\\\/www.organisator.ch\\\/human-resources\\\/fit_im_job\\\/2020-10-14\\\/arbeit-mit-freizeit-verbinden-neue-idee-eines-schweizer-start-ups\\\/#primaryimage\",\"url\":\"https:\\\/\\\/www.organisator.ch\\\/wp-content\\\/uploads\\\/2020\\\/10\\\/Arbeit-mit-Freizeit-verbinden-Neue-Idee-eines-Schweizer-Start-ups_Organisator.jpg\",\"contentUrl\":\"https:\\\/\\\/www.organisator.ch\\\/wp-content\\\/uploads\\\/2020\\\/10\\\/Arbeit-mit-Freizeit-verbinden-Neue-Idee-eines-Schweizer-Start-ups_Organisator.jpg\",\"width\":680,\"height\":454,\"caption\":\"Arbeit mit Freizeit verbinden: Mit der Idee von \\\"Workations\\\" will das Start-up Workplayz Arbeitgeber attraktiver machen und gleichzeitig den Tourismus f\u00f6rdern. (Bild: \u00a9LAAX\\\/Iliano)\"},{\"@type\":\"BreadcrumbList\",\"@id\":\"https:\\\/\\\/www.organisator.ch\\\/human-resources\\\/fit_im_job\\\/2020-10-14\\\/arbeit-mit-freizeit-verbinden-neue-idee-eines-schweizer-start-ups\\\/#breadcrumb\",\"itemListElement\":[{\"@type\":\"ListItem\",\"position\":1,\"name\":\"Home\",\"item\":\"https:\\\/\\\/www.organisator.ch\\\/\"},{\"@type\":\"ListItem\",\"position\":2,\"name\":\"Arbeit mit Freizeit verbinden: Neue Idee eines Schweizer Start-ups\"}]},{\"@type\":\"WebSite\",\"@id\":\"https:\\\/\\\/www.organisator.ch\\\/#website\",\"url\":\"https:\\\/\\\/www.organisator.ch\\\/\",\"name\":\"Organisator\",\"description\":\"Kompetent. Praxisnah. Der ORGANISATOR bereitet in 10 Ausgaben pro Jahr die wesentlichen Themen f\u00fcr F\u00fchrungskr\u00e4fte von KMU auf.\",\"publisher\":{\"@id\":\"https:\\\/\\\/www.organisator.ch\\\/#organization\"},\"potentialAction\":[{\"@type\":\"SearchAction\",\"target\":{\"@type\":\"EntryPoint\",\"urlTemplate\":\"https:\\\/\\\/www.organisator.ch\\\/?s={search_term_string}\"},\"query-input\":{\"@type\":\"PropertyValueSpecification\",\"valueRequired\":true,\"valueName\":\"search_term_string\"}}],\"inLanguage\":\"it-IT\"},{\"@type\":\"Organization\",\"@id\":\"https:\\\/\\\/www.organisator.ch\\\/#organization\",\"name\":\"Organisator\",\"url\":\"https:\\\/\\\/www.organisator.ch\\\/\",\"logo\":{\"@type\":\"ImageObject\",\"inLanguage\":\"it-IT\",\"@id\":\"https:\\\/\\\/www.organisator.ch\\\/#\\\/schema\\\/logo\\\/image\\\/\",\"url\":\"https:\\\/\\\/www.organisator.ch\\\/wp-content\\\/uploads\\\/2022\\\/01\\\/Logo_Organisator_Website.png\",\"contentUrl\":\"https:\\\/\\\/www.organisator.ch\\\/wp-content\\\/uploads\\\/2022\\\/01\\\/Logo_Organisator_Website.png\",\"width\":800,\"height\":77,\"caption\":\"Organisator\"},\"image\":{\"@id\":\"https:\\\/\\\/www.organisator.ch\\\/#\\\/schema\\\/logo\\\/image\\\/\"},\"sameAs\":[\"https:\\\/\\\/www.facebook.com\\\/OrganisatorFachmagazin\",\"https:\\\/\\\/www.linkedin.com\\\/showcase\\\/organisator-das-magazin-fr-kmu\",\"https:\\\/\\\/www.xing.com\\\/news\\\/pages\\\/organisator-ch-695\",\"https:\\\/\\\/www.youtube.com\\\/channel\\\/UCGP2Sq0iWaZwT3BdIAQFYpw\"]},{\"@type\":\"Person\",\"@id\":\"https:\\\/\\\/www.organisator.ch\\\/#\\\/schema\\\/person\\\/6f650f90b2842cd4c0cc334b4e36f67e\",\"name\":\"thomas.berner\",\"image\":{\"@type\":\"ImageObject\",\"inLanguage\":\"it-IT\",\"@id\":\"https:\\\/\\\/secure.gravatar.com\\\/avatar\\\/ac5001d2a36cb6c6cd3e50789007ffca834b477b74a2144564522e944eabff61?s=96&d=mm&r=g\",\"url\":\"https:\\\/\\\/secure.gravatar.com\\\/avatar\\\/ac5001d2a36cb6c6cd3e50789007ffca834b477b74a2144564522e944eabff61?s=96&d=mm&r=g\",\"contentUrl\":\"https:\\\/\\\/secure.gravatar.com\\\/avatar\\\/ac5001d2a36cb6c6cd3e50789007ffca834b477b74a2144564522e944eabff61?s=96&d=mm&r=g\",\"caption\":\"thomas.berner\"},\"url\":\"https:\\\/\\\/www.organisator.ch\\\/it\\\/author\\\/thomas-berner\\\/\"}]}<\/script>\n<!-- \/ Yoast SEO plugin. -->","yoast_head_json":{"title":"Combinare il lavoro con il tempo libero: Nuova idea di una start-up svizzera - Organizzatore","description":"Workplayz lancia \"Workations\", una sorta di fusione tra lavoro e tempo libero. I soggiorni di lavoro sono soggiorni di lavoro in una destinazione turistica.","robots":{"index":"index","follow":"follow","max-snippet":"max-snippet:-1","max-image-preview":"max-image-preview:large","max-video-preview":"max-video-preview:-1"},"canonical":"https:\/\/www.organisator.ch\/it\/risorse-umane\/fit_im_job\/2020-10-14\/arbeit-mit-freizeit-verbinden-neue-idee-eines-schweizer-start-ups\/","og_locale":"it_IT","og_type":"article","og_title":"Arbeit mit Freizeit verbinden: Neue Idee eines Schweizer Start-ups","og_description":"Workplayz lanciert \u00abWorkations\u00bb, eine Art Verschmelzen von Arbeit mit Freizeit. Workations sind Arbeitsaufenthalte in einer touristischen Destination.","og_url":"https:\/\/www.organisator.ch\/it\/risorse-umane\/fit_im_job\/2020-10-14\/arbeit-mit-freizeit-verbinden-neue-idee-eines-schweizer-start-ups\/","og_site_name":"Organisator","article_publisher":"https:\/\/www.facebook.com\/OrganisatorFachmagazin","article_published_time":"2020-10-14T06:44:23+00:00","og_image":[{"width":680,"height":454,"url":"https:\/\/www.organisator.ch\/wp-content\/uploads\/2020\/10\/Arbeit-mit-Freizeit-verbinden-Neue-Idee-eines-Schweizer-Start-ups_Organisator.jpg","type":"image\/jpeg"}],"author":"thomas.berner","twitter_card":"summary_large_image","twitter_title":"Arbeit mit Freizeit verbinden: Neue Idee eines Schweizer Start-ups","twitter_description":"Workplayz lanciert \u00abWorkations\u00bb, eine Art Verschmelzen von Arbeit mit Freizeit. Workations sind Arbeitsaufenthalte in einer touristischen Destination.","twitter_image":"https:\/\/www.organisator.ch\/wp-content\/uploads\/2020\/10\/Arbeit-mit-Freizeit-verbinden-Neue-Idee-eines-Schweizer-Start-ups_Organisator.jpg","schema":{"@context":"https:\/\/schema.org","@graph":[{"@type":"Article","@id":"https:\/\/www.organisator.ch\/human-resources\/fit_im_job\/2020-10-14\/arbeit-mit-freizeit-verbinden-neue-idee-eines-schweizer-start-ups\/#article","isPartOf":{"@id":"https:\/\/www.organisator.ch\/human-resources\/fit_im_job\/2020-10-14\/arbeit-mit-freizeit-verbinden-neue-idee-eines-schweizer-start-ups\/"},"author":{"name":"thomas.berner","@id":"https:\/\/www.organisator.ch\/#\/schema\/person\/6f650f90b2842cd4c0cc334b4e36f67e"},"headline":"Arbeit mit Freizeit verbinden: Neue Idee eines Schweizer Start-ups","datePublished":"2020-10-14T06:44:23+00:00","mainEntityOfPage":{"@id":"https:\/\/www.organisator.ch\/human-resources\/fit_im_job\/2020-10-14\/arbeit-mit-freizeit-verbinden-neue-idee-eines-schweizer-start-ups\/"},"wordCount":494,"publisher":{"@id":"https:\/\/www.organisator.ch\/#organization"},"image":{"@id":"https:\/\/www.organisator.ch\/human-resources\/fit_im_job\/2020-10-14\/arbeit-mit-freizeit-verbinden-neue-idee-eines-schweizer-start-ups\/#primaryimage"},"thumbnailUrl":"https:\/\/www.organisator.ch\/wp-content\/uploads\/2020\/10\/Arbeit-mit-Freizeit-verbinden-Neue-Idee-eines-Schweizer-Start-ups_Organisator.jpg","keywords":["Fit im Job","New Work","Startups","Unternehmen","Work Smart"],"articleSection":["FIT IM JOB"],"inLanguage":"it-IT"},{"@type":"WebPage","@id":"https:\/\/www.organisator.ch\/human-resources\/fit_im_job\/2020-10-14\/arbeit-mit-freizeit-verbinden-neue-idee-eines-schweizer-start-ups\/","url":"https:\/\/www.organisator.ch\/human-resources\/fit_im_job\/2020-10-14\/arbeit-mit-freizeit-verbinden-neue-idee-eines-schweizer-start-ups\/","name":"Combinare il lavoro con il tempo libero: Nuova idea di una start-up svizzera - Organizzatore","isPartOf":{"@id":"https:\/\/www.organisator.ch\/#website"},"primaryImageOfPage":{"@id":"https:\/\/www.organisator.ch\/human-resources\/fit_im_job\/2020-10-14\/arbeit-mit-freizeit-verbinden-neue-idee-eines-schweizer-start-ups\/#primaryimage"},"image":{"@id":"https:\/\/www.organisator.ch\/human-resources\/fit_im_job\/2020-10-14\/arbeit-mit-freizeit-verbinden-neue-idee-eines-schweizer-start-ups\/#primaryimage"},"thumbnailUrl":"https:\/\/www.organisator.ch\/wp-content\/uploads\/2020\/10\/Arbeit-mit-Freizeit-verbinden-Neue-Idee-eines-Schweizer-Start-ups_Organisator.jpg","datePublished":"2020-10-14T06:44:23+00:00","description":"Workplayz lancia \"Workations\", una sorta di fusione tra lavoro e tempo libero. I soggiorni di lavoro sono soggiorni di lavoro in una destinazione turistica.","breadcrumb":{"@id":"https:\/\/www.organisator.ch\/human-resources\/fit_im_job\/2020-10-14\/arbeit-mit-freizeit-verbinden-neue-idee-eines-schweizer-start-ups\/#breadcrumb"},"inLanguage":"it-IT","potentialAction":[{"@type":"ReadAction","target":["https:\/\/www.organisator.ch\/human-resources\/fit_im_job\/2020-10-14\/arbeit-mit-freizeit-verbinden-neue-idee-eines-schweizer-start-ups\/"]}]},{"@type":"ImageObject","inLanguage":"it-IT","@id":"https:\/\/www.organisator.ch\/human-resources\/fit_im_job\/2020-10-14\/arbeit-mit-freizeit-verbinden-neue-idee-eines-schweizer-start-ups\/#primaryimage","url":"https:\/\/www.organisator.ch\/wp-content\/uploads\/2020\/10\/Arbeit-mit-Freizeit-verbinden-Neue-Idee-eines-Schweizer-Start-ups_Organisator.jpg","contentUrl":"https:\/\/www.organisator.ch\/wp-content\/uploads\/2020\/10\/Arbeit-mit-Freizeit-verbinden-Neue-Idee-eines-Schweizer-Start-ups_Organisator.jpg","width":680,"height":454,"caption":"Arbeit mit Freizeit verbinden: Mit der Idee von \"Workations\" will das Start-up Workplayz Arbeitgeber attraktiver machen und gleichzeitig den Tourismus f\u00f6rdern. (Bild: \u00a9LAAX\/Iliano)"},{"@type":"BreadcrumbList","@id":"https:\/\/www.organisator.ch\/human-resources\/fit_im_job\/2020-10-14\/arbeit-mit-freizeit-verbinden-neue-idee-eines-schweizer-start-ups\/#breadcrumb","itemListElement":[{"@type":"ListItem","position":1,"name":"Home","item":"https:\/\/www.organisator.ch\/"},{"@type":"ListItem","position":2,"name":"Arbeit mit Freizeit verbinden: Neue Idee eines Schweizer Start-ups"}]},{"@type":"WebSite","@id":"https:\/\/www.organisator.ch\/#website","url":"https:\/\/www.organisator.ch\/","name":"Organizzatore","description":"Competente. Pratico. In 10 numeri all'anno, ORGANISATOR presenta i temi essenziali per i manager delle PMI.","publisher":{"@id":"https:\/\/www.organisator.ch\/#organization"},"potentialAction":[{"@type":"SearchAction","target":{"@type":"EntryPoint","urlTemplate":"https:\/\/www.organisator.ch\/?s={search_term_string}"},"query-input":{"@type":"PropertyValueSpecification","valueRequired":true,"valueName":"search_term_string"}}],"inLanguage":"it-IT"},{"@type":"Organization","@id":"https:\/\/www.organisator.ch\/#organization","name":"Organizzatore","url":"https:\/\/www.organisator.ch\/","logo":{"@type":"ImageObject","inLanguage":"it-IT","@id":"https:\/\/www.organisator.ch\/#\/schema\/logo\/image\/","url":"https:\/\/www.organisator.ch\/wp-content\/uploads\/2022\/01\/Logo_Organisator_Website.png","contentUrl":"https:\/\/www.organisator.ch\/wp-content\/uploads\/2022\/01\/Logo_Organisator_Website.png","width":800,"height":77,"caption":"Organisator"},"image":{"@id":"https:\/\/www.organisator.ch\/#\/schema\/logo\/image\/"},"sameAs":["https:\/\/www.facebook.com\/OrganisatorFachmagazin","https:\/\/www.linkedin.com\/showcase\/organisator-das-magazin-fr-kmu","https:\/\/www.xing.com\/news\/pages\/organisator-ch-695","https:\/\/www.youtube.com\/channel\/UCGP2Sq0iWaZwT3BdIAQFYpw"]},{"@type":"Person","@id":"https:\/\/www.organisator.ch\/#\/schema\/person\/6f650f90b2842cd4c0cc334b4e36f67e","name":"Tommaso.berner","image":{"@type":"ImageObject","inLanguage":"it-IT","@id":"https:\/\/secure.gravatar.com\/avatar\/ac5001d2a36cb6c6cd3e50789007ffca834b477b74a2144564522e944eabff61?s=96&d=mm&r=g","url":"https:\/\/secure.gravatar.com\/avatar\/ac5001d2a36cb6c6cd3e50789007ffca834b477b74a2144564522e944eabff61?s=96&d=mm&r=g","contentUrl":"https:\/\/secure.gravatar.com\/avatar\/ac5001d2a36cb6c6cd3e50789007ffca834b477b74a2144564522e944eabff61?s=96&d=mm&r=g","caption":"thomas.berner"},"url":"https:\/\/www.organisator.ch\/it\/author\/thomas-berner\/"}]}},"_links":{"self":[{"href":"https:\/\/www.organisator.ch\/it\/wp-json\/wp\/v2\/posts\/7215","targetHints":{"allow":["GET"]}}],"collection":[{"href":"https:\/\/www.organisator.ch\/it\/wp-json\/wp\/v2\/posts"}],"about":[{"href":"https:\/\/www.organisator.ch\/it\/wp-json\/wp\/v2\/types\/post"}],"author":[{"embeddable":true,"href":"https:\/\/www.organisator.ch\/it\/wp-json\/wp\/v2\/users\/4"}],"replies":[{"embeddable":true,"href":"https:\/\/www.organisator.ch\/it\/wp-json\/wp\/v2\/comments?post=7215"}],"version-history":[{"count":0,"href":"https:\/\/www.organisator.ch\/it\/wp-json\/wp\/v2\/posts\/7215\/revisions"}],"wp:featuredmedia":[{"embeddable":true,"href":"https:\/\/www.organisator.ch\/it\/wp-json\/wp\/v2\/media\/7216"}],"wp:attachment":[{"href":"https:\/\/www.organisator.ch\/it\/wp-json\/wp\/v2\/media?parent=7215"}],"wp:term":[{"taxonomy":"category","embeddable":true,"href":"https:\/\/www.organisator.ch\/it\/wp-json\/wp\/v2\/categories?post=7215"},{"taxonomy":"post_tag","embeddable":true,"href":"https:\/\/www.organisator.ch\/it\/wp-json\/wp\/v2\/tags?post=7215"}],"curies":[{"name":"wp","href":"https:\/\/api.w.org\/{rel}","templated":true}]}}