{"id":722,"date":"2016-09-26T16:27:27","date_gmt":"2016-09-26T14:27:27","guid":{"rendered":"http:\/\/dev.organisator.ch\/?p=722"},"modified":"2016-09-26T16:27:27","modified_gmt":"2016-09-26T14:27:27","slug":"vielfalt-ist-ein-strategischer-erfolgsfaktor","status":"publish","type":"post","link":"https:\/\/www.organisator.ch\/it\/allgemein\/2016-09-26\/vielfalt-ist-ein-strategischer-erfolgsfaktor\/","title":{"rendered":"La diversit\u00e0 \u00e8 un fattore strategico di successo"},"content":{"rendered":"<figure id=\"attachment_723\" aria-describedby=\"caption-attachment-723\" style=\"width: 480px\" class=\"wp-caption alignnone\"><img loading=\"lazy\" decoding=\"async\" class=\"wp-image-723 size-full\" src=\"https:\/\/www.organisator.ch\/wp-content\/uploads\/2016\/12\/Vielfalt-ist-ein-strategischer-Erfolgsfaktor-organisator.jpg\" width=\"480\" height=\"635\" srcset=\"https:\/\/www.organisator.ch\/wp-content\/uploads\/2016\/12\/Vielfalt-ist-ein-strategischer-Erfolgsfaktor-organisator.jpg 480w, https:\/\/www.organisator.ch\/wp-content\/uploads\/2016\/12\/Vielfalt-ist-ein-strategischer-Erfolgsfaktor-organisator-9x12.jpg 9w, https:\/\/www.organisator.ch\/wp-content\/uploads\/2016\/12\/Vielfalt-ist-ein-strategischer-Erfolgsfaktor-organisator-132x175.jpg 132w, https:\/\/www.organisator.ch\/wp-content\/uploads\/2016\/12\/Vielfalt-ist-ein-strategischer-Erfolgsfaktor-organisator-265x350.jpg 265w, https:\/\/www.organisator.ch\/wp-content\/uploads\/2016\/12\/Vielfalt-ist-ein-strategischer-Erfolgsfaktor-organisator-300x397.jpg 300w\" sizes=\"auto, (max-width: 480px) 100vw, 480px\" \/><figcaption id=\"caption-attachment-723\" class=\"wp-caption-text\">Carla Jane Kaufmann<\/figcaption><\/figure>\n<figure id=\"attachment_724\" aria-describedby=\"caption-attachment-724\" style=\"width: 399px\" class=\"wp-caption alignnone\"><img loading=\"lazy\" decoding=\"async\" class=\"wp-image-724 size-full\" src=\"https:\/\/www.organisator.ch\/wp-content\/uploads\/2016\/12\/Vielfalt-ist-ein-strategischer-Erfolgsfaktor2-organisator.jpg\" width=\"399\" height=\"480\" srcset=\"https:\/\/www.organisator.ch\/wp-content\/uploads\/2016\/12\/Vielfalt-ist-ein-strategischer-Erfolgsfaktor2-organisator.jpg 399w, https:\/\/www.organisator.ch\/wp-content\/uploads\/2016\/12\/Vielfalt-ist-ein-strategischer-Erfolgsfaktor2-organisator-10x12.jpg 10w, https:\/\/www.organisator.ch\/wp-content\/uploads\/2016\/12\/Vielfalt-ist-ein-strategischer-Erfolgsfaktor2-organisator-145x175.jpg 145w, https:\/\/www.organisator.ch\/wp-content\/uploads\/2016\/12\/Vielfalt-ist-ein-strategischer-Erfolgsfaktor2-organisator-291x350.jpg 291w, https:\/\/www.organisator.ch\/wp-content\/uploads\/2016\/12\/Vielfalt-ist-ein-strategischer-Erfolgsfaktor2-organisator-300x361.jpg 300w\" sizes=\"auto, (max-width: 399px) 100vw, 399px\" \/><figcaption id=\"caption-attachment-724\" class=\"wp-caption-text\">Esther Mirjam deBoer<\/figcaption><\/figure>\n<blockquote><p>Nuovo team di gestione ed espansione dei servizi di GetDiversity, l'agenzia svizzera di collocamento di consigli strategici misti.<\/p><\/blockquote>\n<p>Le due fondatrici, la dottoressa Barbara Rigassi e la dottoressa Mich\u00e8le Etienne, passano il testimone a due successori altrettanto competenti e impegnati il 1\u00b0 ottobre. Il nuovo team di gestione Kaufmann\/de Boer implementer\u00e0 i prossimi passi di sviluppo di GetDiversity. Ampliando i suoi servizi esistenti, l'agenzia di reclutamento mira a sostenere sempre pi\u00f9 le organizzazioni svizzere nel portare la diversit\u00e0 effettiva nei loro organi strategici.<\/p>\n<p>Il nuovo servizio di consulenza \"Diversity by Design\" si concentra sulla progettazione sistematica di processi di ricerca e selezione che aumentano i risultati a favore della diversit\u00e0 e della qualit\u00e0.<\/p>\n<p><strong>Le squadre miste hanno pi\u00f9 successo<\/strong><\/p>\n<p>Ora GetDiversity sta reclutando il proprio top management. I futuri proprietari e amministratori delegati sono gli esperti imprenditori e membri del consiglio Esther-Mirjam de Boer (47) e Carla Jane Kaufmann (36). \"Vogliamo espandere significativamente il concetto di diversit\u00e0 e fare un uso completo dei nuovi media. Allo stesso tempo, vogliamo continuare la visione dei due fondatori: Gli organi strategici danno forma al futuro. La diversit\u00e0 assicura che questo avvenga in modo completo e sostenibile. GetDiversity porta sistematicamente la diversit\u00e0 nei consigli strategici, perch\u00e9 \u00e8 un fattore strategico di successo per l'innovazione e l'evoluzione. In breve: le squadre miste portano pi\u00f9 successo\".<\/p>\n<p>A differenza delle societ\u00e0 di ricerca di dirigenti, GetDiversity mantiene una rete personale e attiva di oltre 100 donne membri del consiglio di amministrazione che si conoscono e condividono esperienze. Questa rete include donne con esperienza nei consigli di amministrazione e competenze strategiche da tutti i settori e gruppi professionali. Include decisori di grandi aziende, cos\u00ec come donne imprenditrici, donne amministratrici, esponenti di spicco di associazioni e gruppi d'interesse, e donne scienziate.<\/p>\n<p>Questa ampiezza \u00e8 unica in Svizzera ed \u00e8 convincente. Oltre ai consigli di amministrazione di imprese familiari, i nostri clienti soddisfatti includono consigli di amministrazione di PMI e grandi aziende, consigli di amministrazione, consigli consultivi, commissioni specializzate, comitati e gruppi di esperti.<\/p>\n<p>La dott.ssa Barbara Rigassi continuer\u00e0 ad essere a disposizione del nuovo team per lo sviluppo strategico, cos\u00ec come l'attuale comitato consultivo con Valentin Vogt (presidente dell'Associazione svizzera degli imprenditori, presidente della Burckhardt Compression AG e altri mandati), Monika Ribar (presidente del Consiglio di amministrazione delle FFS e altri mandati) e la dott.ssa Eva Jaisli (titolare e CEO della PB Swiss Tools, membro del Consiglio di amministrazione della Banca Cantonale Bernese e altri mandati).<\/p>\n<p><strong>Mediazione di personalit\u00e0<\/strong><\/p>\n<p>I servizi offerti da GetDiversity ad oggi includono il collocamento di donne e uomini strategicamente capaci - \"Diversity Search\" - cos\u00ec come l'inserimento mirato di candidate donne idonee nelle assunzioni interne all'azienda - \"Diversity in the Second Loop\".<\/p>\n<p>Il nuovo terzo obiettivo \u00e8 un servizio di consulenza chiamato \"Diversity by Design\" e si concentra sulla progettazione di processi di ricerca e selezione che aumentano sistematicamente la diversit\u00e0 del team come risultato dei processi di reclutamento e riducono i pregiudizi nelle decisioni. \u00c8 noto dalla ricerca comportamentale, per esempio, che le decisioni del personale sono prese a favore di una maggiore diversit\u00e0 quando i CV sono valutati in modo neutrale rispetto al genere.<\/p>\n<p>Per l'intera offerta GetDiversity, la nuova leadership attinge da un ampio spettro di competenze ed esperienze.<\/p>\n<p><a href=\"http:\/\/www.getdiversity.ch\" target=\"_blank\" rel=\"noreferrer noopener\" data-cke-saved-href=\"http:\/\/www.getdiversity.ch\">www.getdiversity.ch<\/a><\/p>","protected":false},"excerpt":{"rendered":"<p>Neues F\u00fchrungsteam und Leistungsausbau bei GetDiversity, der Schweizer Vermittlungsagentur f\u00fcr gemischte strategische Gremien. Die beiden Gr\u00fcnderinnen Dr. Barbara Rigassi und Dr. Mich\u00e8le Etienne \u00fcbergeben per 1. Oktober den Stab an zwei ebenso kompetente wie engagierte Nachfolgerinnen. Das neue F\u00fchrungsteam Kaufmann\/de Boer setzt die n\u00e4chsten Entwicklungsschritte von GetDiversity um. Mit dem Ausbau der bisherigen Leistungen will [&hellip;]<\/p>\n","protected":false},"author":1,"featured_media":723,"comment_status":"open","ping_status":"open","sticky":false,"template":"","format":"standard","meta":{"_acf_changed":false,"_yoast_wpseo_focuskw":"Vielfalt","_yoast_wpseo_metadesc":"Neue Inhaberinnen und Gesch\u00e4ftsf\u00fchrerinnen der GetDiversity GmbH sind ab 1. Oktober 2016 Esther-Mirjam de Boer und Carla Jane Kaufmann.","articlekey":"","footnotes":""},"categories":[1],"tags":[381],"class_list":["post-722","post","type-post","status-publish","format-standard","has-post-thumbnail","hentry","category-allgemein","tag-personalia"],"acf":[],"yoast_head":"<!-- This site is optimized with the Yoast SEO plugin v27.5 - https:\/\/yoast.com\/product\/yoast-seo-wordpress\/ -->\n<title>Vielfalt ist ein strategischer Erfolgsfaktor - Organisator<\/title>\n<meta name=\"description\" content=\"Neue Inhaberinnen und Gesch\u00e4ftsf\u00fchrerinnen der GetDiversity GmbH sind ab 1. Oktober 2016 Esther-Mirjam de Boer und Carla Jane Kaufmann.\" \/>\n<meta name=\"robots\" content=\"index, follow, max-snippet:-1, max-image-preview:large, max-video-preview:-1\" \/>\n<link rel=\"canonical\" href=\"https:\/\/www.organisator.ch\/it\/generale\/2016-09-26\/vielfalt-ist-ein-strategischer-erfolgsfaktor\/\" \/>\n<meta property=\"og:locale\" content=\"it_IT\" \/>\n<meta property=\"og:type\" content=\"article\" \/>\n<meta property=\"og:title\" content=\"Vielfalt ist ein strategischer Erfolgsfaktor\" \/>\n<meta property=\"og:description\" content=\"Neue Inhaberinnen und Gesch\u00e4ftsf\u00fchrerinnen der GetDiversity GmbH sind ab 1. Oktober 2016 die erfahrenen Unternehmerinnen und Verwaltungsr\u00e4tinnen Esther-Mirjam de Boer und Carla Jane Kaufmann.\" \/>\n<meta property=\"og:url\" content=\"https:\/\/www.organisator.ch\/it\/generale\/2016-09-26\/vielfalt-ist-ein-strategischer-erfolgsfaktor\/\" \/>\n<meta property=\"og:site_name\" content=\"Organisator\" \/>\n<meta property=\"article:publisher\" content=\"https:\/\/www.facebook.com\/OrganisatorFachmagazin\" \/>\n<meta property=\"article:published_time\" content=\"2016-09-26T14:27:27+00:00\" \/>\n<meta name=\"author\" content=\"admin\" \/>\n<meta name=\"twitter:card\" content=\"summary_large_image\" \/>\n<meta name=\"twitter:image\" content=\"https:\/\/www.organisator.ch\/wp-content\/uploads\/2016\/12\/Vielfalt-ist-ein-strategischer-Erfolgsfaktor-organisator.jpg\" \/>\n<script type=\"application\/ld+json\" class=\"yoast-schema-graph\">{\"@context\":\"https:\\\/\\\/schema.org\",\"@graph\":[{\"@type\":\"Article\",\"@id\":\"https:\\\/\\\/www.organisator.ch\\\/de\\\/allgemein\\\/2016-09-26\\\/vielfalt-ist-ein-strategischer-erfolgsfaktor\\\/#article\",\"isPartOf\":{\"@id\":\"https:\\\/\\\/www.organisator.ch\\\/de\\\/allgemein\\\/2016-09-26\\\/vielfalt-ist-ein-strategischer-erfolgsfaktor\\\/\"},\"author\":{\"name\":\"admin\",\"@id\":\"https:\\\/\\\/www.organisator.ch\\\/#\\\/schema\\\/person\\\/aa2bace6c5c5aad60102004a50c4eb1c\"},\"headline\":\"Vielfalt ist ein strategischer Erfolgsfaktor\",\"datePublished\":\"2016-09-26T14:27:27+00:00\",\"mainEntityOfPage\":{\"@id\":\"https:\\\/\\\/www.organisator.ch\\\/de\\\/allgemein\\\/2016-09-26\\\/vielfalt-ist-ein-strategischer-erfolgsfaktor\\\/\"},\"wordCount\":505,\"commentCount\":0,\"publisher\":{\"@id\":\"https:\\\/\\\/www.organisator.ch\\\/#organization\"},\"image\":{\"@id\":\"https:\\\/\\\/www.organisator.ch\\\/de\\\/allgemein\\\/2016-09-26\\\/vielfalt-ist-ein-strategischer-erfolgsfaktor\\\/#primaryimage\"},\"thumbnailUrl\":\"https:\\\/\\\/www.organisator.ch\\\/wp-content\\\/uploads\\\/2016\\\/12\\\/Vielfalt-ist-ein-strategischer-Erfolgsfaktor-organisator.jpg\",\"keywords\":[\"Personalia\"],\"articleSection\":[\"Allgemein\"],\"inLanguage\":\"it-IT\"},{\"@type\":\"WebPage\",\"@id\":\"https:\\\/\\\/www.organisator.ch\\\/de\\\/allgemein\\\/2016-09-26\\\/vielfalt-ist-ein-strategischer-erfolgsfaktor\\\/\",\"url\":\"https:\\\/\\\/www.organisator.ch\\\/de\\\/allgemein\\\/2016-09-26\\\/vielfalt-ist-ein-strategischer-erfolgsfaktor\\\/\",\"name\":\"Vielfalt ist ein strategischer Erfolgsfaktor - Organisator\",\"isPartOf\":{\"@id\":\"https:\\\/\\\/www.organisator.ch\\\/#website\"},\"primaryImageOfPage\":{\"@id\":\"https:\\\/\\\/www.organisator.ch\\\/de\\\/allgemein\\\/2016-09-26\\\/vielfalt-ist-ein-strategischer-erfolgsfaktor\\\/#primaryimage\"},\"image\":{\"@id\":\"https:\\\/\\\/www.organisator.ch\\\/de\\\/allgemein\\\/2016-09-26\\\/vielfalt-ist-ein-strategischer-erfolgsfaktor\\\/#primaryimage\"},\"thumbnailUrl\":\"https:\\\/\\\/www.organisator.ch\\\/wp-content\\\/uploads\\\/2016\\\/12\\\/Vielfalt-ist-ein-strategischer-Erfolgsfaktor-organisator.jpg\",\"datePublished\":\"2016-09-26T14:27:27+00:00\",\"description\":\"Neue Inhaberinnen und Gesch\u00e4ftsf\u00fchrerinnen der GetDiversity GmbH sind ab 1. Oktober 2016 Esther-Mirjam de Boer und Carla Jane Kaufmann.\",\"breadcrumb\":{\"@id\":\"https:\\\/\\\/www.organisator.ch\\\/de\\\/allgemein\\\/2016-09-26\\\/vielfalt-ist-ein-strategischer-erfolgsfaktor\\\/#breadcrumb\"},\"inLanguage\":\"it-IT\",\"potentialAction\":[{\"@type\":\"ReadAction\",\"target\":[\"https:\\\/\\\/www.organisator.ch\\\/de\\\/allgemein\\\/2016-09-26\\\/vielfalt-ist-ein-strategischer-erfolgsfaktor\\\/\"]}]},{\"@type\":\"ImageObject\",\"inLanguage\":\"it-IT\",\"@id\":\"https:\\\/\\\/www.organisator.ch\\\/de\\\/allgemein\\\/2016-09-26\\\/vielfalt-ist-ein-strategischer-erfolgsfaktor\\\/#primaryimage\",\"url\":\"https:\\\/\\\/www.organisator.ch\\\/wp-content\\\/uploads\\\/2016\\\/12\\\/Vielfalt-ist-ein-strategischer-Erfolgsfaktor-organisator.jpg\",\"contentUrl\":\"https:\\\/\\\/www.organisator.ch\\\/wp-content\\\/uploads\\\/2016\\\/12\\\/Vielfalt-ist-ein-strategischer-Erfolgsfaktor-organisator.jpg\",\"width\":480,\"height\":635,\"caption\":\"Carla Jane Kaufmann\"},{\"@type\":\"BreadcrumbList\",\"@id\":\"https:\\\/\\\/www.organisator.ch\\\/de\\\/allgemein\\\/2016-09-26\\\/vielfalt-ist-ein-strategischer-erfolgsfaktor\\\/#breadcrumb\",\"itemListElement\":[{\"@type\":\"ListItem\",\"position\":1,\"name\":\"Home\",\"item\":\"https:\\\/\\\/www.organisator.ch\\\/\"},{\"@type\":\"ListItem\",\"position\":2,\"name\":\"Vielfalt ist ein strategischer Erfolgsfaktor\"}]},{\"@type\":\"WebSite\",\"@id\":\"https:\\\/\\\/www.organisator.ch\\\/#website\",\"url\":\"https:\\\/\\\/www.organisator.ch\\\/\",\"name\":\"Organisator\",\"description\":\"Kompetent. Praxisnah. Der ORGANISATOR bereitet in 10 Ausgaben pro Jahr die wesentlichen Themen f\u00fcr F\u00fchrungskr\u00e4fte von KMU auf.\",\"publisher\":{\"@id\":\"https:\\\/\\\/www.organisator.ch\\\/#organization\"},\"potentialAction\":[{\"@type\":\"SearchAction\",\"target\":{\"@type\":\"EntryPoint\",\"urlTemplate\":\"https:\\\/\\\/www.organisator.ch\\\/?s={search_term_string}\"},\"query-input\":{\"@type\":\"PropertyValueSpecification\",\"valueRequired\":true,\"valueName\":\"search_term_string\"}}],\"inLanguage\":\"it-IT\"},{\"@type\":\"Organization\",\"@id\":\"https:\\\/\\\/www.organisator.ch\\\/#organization\",\"name\":\"Organisator\",\"url\":\"https:\\\/\\\/www.organisator.ch\\\/\",\"logo\":{\"@type\":\"ImageObject\",\"inLanguage\":\"it-IT\",\"@id\":\"https:\\\/\\\/www.organisator.ch\\\/#\\\/schema\\\/logo\\\/image\\\/\",\"url\":\"https:\\\/\\\/www.organisator.ch\\\/wp-content\\\/uploads\\\/2022\\\/01\\\/Logo_Organisator_Website.png\",\"contentUrl\":\"https:\\\/\\\/www.organisator.ch\\\/wp-content\\\/uploads\\\/2022\\\/01\\\/Logo_Organisator_Website.png\",\"width\":800,\"height\":77,\"caption\":\"Organisator\"},\"image\":{\"@id\":\"https:\\\/\\\/www.organisator.ch\\\/#\\\/schema\\\/logo\\\/image\\\/\"},\"sameAs\":[\"https:\\\/\\\/www.facebook.com\\\/OrganisatorFachmagazin\",\"https:\\\/\\\/www.linkedin.com\\\/showcase\\\/organisator-das-magazin-fr-kmu\",\"https:\\\/\\\/www.xing.com\\\/news\\\/pages\\\/organisator-ch-695\",\"https:\\\/\\\/www.youtube.com\\\/channel\\\/UCGP2Sq0iWaZwT3BdIAQFYpw\"]},{\"@type\":\"Person\",\"@id\":\"https:\\\/\\\/www.organisator.ch\\\/#\\\/schema\\\/person\\\/aa2bace6c5c5aad60102004a50c4eb1c\",\"name\":\"admin\",\"image\":{\"@type\":\"ImageObject\",\"inLanguage\":\"it-IT\",\"@id\":\"https:\\\/\\\/secure.gravatar.com\\\/avatar\\\/ae2f4d718e6c49043e314ce431e7e645d646302a24a5ef5a8bc8e3f5a032e319?s=96&d=mm&r=g\",\"url\":\"https:\\\/\\\/secure.gravatar.com\\\/avatar\\\/ae2f4d718e6c49043e314ce431e7e645d646302a24a5ef5a8bc8e3f5a032e319?s=96&d=mm&r=g\",\"contentUrl\":\"https:\\\/\\\/secure.gravatar.com\\\/avatar\\\/ae2f4d718e6c49043e314ce431e7e645d646302a24a5ef5a8bc8e3f5a032e319?s=96&d=mm&r=g\",\"caption\":\"admin\"},\"sameAs\":[\"https:\\\/\\\/www.organisator.ch\"],\"url\":\"https:\\\/\\\/www.organisator.ch\\\/it\\\/author\\\/admin\\\/\"}]}<\/script>\n<!-- \/ Yoast SEO plugin. -->","yoast_head_json":{"title":"La diversit\u00e0 \u00e8 un fattore strategico di successo - Organizzatore","description":"I nuovi proprietari e amministratori delegati di GetDiversity GmbH dal 1\u00b0 ottobre 2016 sono Esther-Mirjam de Boer e Carla Jane Kaufmann.","robots":{"index":"index","follow":"follow","max-snippet":"max-snippet:-1","max-image-preview":"max-image-preview:large","max-video-preview":"max-video-preview:-1"},"canonical":"https:\/\/www.organisator.ch\/it\/generale\/2016-09-26\/vielfalt-ist-ein-strategischer-erfolgsfaktor\/","og_locale":"it_IT","og_type":"article","og_title":"Vielfalt ist ein strategischer Erfolgsfaktor","og_description":"Neue Inhaberinnen und Gesch\u00e4ftsf\u00fchrerinnen der GetDiversity GmbH sind ab 1. Oktober 2016 die erfahrenen Unternehmerinnen und Verwaltungsr\u00e4tinnen Esther-Mirjam de Boer und Carla Jane Kaufmann.","og_url":"https:\/\/www.organisator.ch\/it\/generale\/2016-09-26\/vielfalt-ist-ein-strategischer-erfolgsfaktor\/","og_site_name":"Organisator","article_publisher":"https:\/\/www.facebook.com\/OrganisatorFachmagazin","article_published_time":"2016-09-26T14:27:27+00:00","author":"admin","twitter_card":"summary_large_image","twitter_image":"https:\/\/www.organisator.ch\/wp-content\/uploads\/2016\/12\/Vielfalt-ist-ein-strategischer-Erfolgsfaktor-organisator.jpg","schema":{"@context":"https:\/\/schema.org","@graph":[{"@type":"Article","@id":"https:\/\/www.organisator.ch\/de\/allgemein\/2016-09-26\/vielfalt-ist-ein-strategischer-erfolgsfaktor\/#article","isPartOf":{"@id":"https:\/\/www.organisator.ch\/de\/allgemein\/2016-09-26\/vielfalt-ist-ein-strategischer-erfolgsfaktor\/"},"author":{"name":"admin","@id":"https:\/\/www.organisator.ch\/#\/schema\/person\/aa2bace6c5c5aad60102004a50c4eb1c"},"headline":"Vielfalt ist ein strategischer Erfolgsfaktor","datePublished":"2016-09-26T14:27:27+00:00","mainEntityOfPage":{"@id":"https:\/\/www.organisator.ch\/de\/allgemein\/2016-09-26\/vielfalt-ist-ein-strategischer-erfolgsfaktor\/"},"wordCount":505,"commentCount":0,"publisher":{"@id":"https:\/\/www.organisator.ch\/#organization"},"image":{"@id":"https:\/\/www.organisator.ch\/de\/allgemein\/2016-09-26\/vielfalt-ist-ein-strategischer-erfolgsfaktor\/#primaryimage"},"thumbnailUrl":"https:\/\/www.organisator.ch\/wp-content\/uploads\/2016\/12\/Vielfalt-ist-ein-strategischer-Erfolgsfaktor-organisator.jpg","keywords":["Personalia"],"articleSection":["Allgemein"],"inLanguage":"it-IT"},{"@type":"WebPage","@id":"https:\/\/www.organisator.ch\/de\/allgemein\/2016-09-26\/vielfalt-ist-ein-strategischer-erfolgsfaktor\/","url":"https:\/\/www.organisator.ch\/de\/allgemein\/2016-09-26\/vielfalt-ist-ein-strategischer-erfolgsfaktor\/","name":"La diversit\u00e0 \u00e8 un fattore strategico di successo - Organizzatore","isPartOf":{"@id":"https:\/\/www.organisator.ch\/#website"},"primaryImageOfPage":{"@id":"https:\/\/www.organisator.ch\/de\/allgemein\/2016-09-26\/vielfalt-ist-ein-strategischer-erfolgsfaktor\/#primaryimage"},"image":{"@id":"https:\/\/www.organisator.ch\/de\/allgemein\/2016-09-26\/vielfalt-ist-ein-strategischer-erfolgsfaktor\/#primaryimage"},"thumbnailUrl":"https:\/\/www.organisator.ch\/wp-content\/uploads\/2016\/12\/Vielfalt-ist-ein-strategischer-Erfolgsfaktor-organisator.jpg","datePublished":"2016-09-26T14:27:27+00:00","description":"I nuovi proprietari e amministratori delegati di GetDiversity GmbH dal 1\u00b0 ottobre 2016 sono Esther-Mirjam de Boer e Carla Jane Kaufmann.","breadcrumb":{"@id":"https:\/\/www.organisator.ch\/de\/allgemein\/2016-09-26\/vielfalt-ist-ein-strategischer-erfolgsfaktor\/#breadcrumb"},"inLanguage":"it-IT","potentialAction":[{"@type":"ReadAction","target":["https:\/\/www.organisator.ch\/de\/allgemein\/2016-09-26\/vielfalt-ist-ein-strategischer-erfolgsfaktor\/"]}]},{"@type":"ImageObject","inLanguage":"it-IT","@id":"https:\/\/www.organisator.ch\/de\/allgemein\/2016-09-26\/vielfalt-ist-ein-strategischer-erfolgsfaktor\/#primaryimage","url":"https:\/\/www.organisator.ch\/wp-content\/uploads\/2016\/12\/Vielfalt-ist-ein-strategischer-Erfolgsfaktor-organisator.jpg","contentUrl":"https:\/\/www.organisator.ch\/wp-content\/uploads\/2016\/12\/Vielfalt-ist-ein-strategischer-Erfolgsfaktor-organisator.jpg","width":480,"height":635,"caption":"Carla Jane Kaufmann"},{"@type":"BreadcrumbList","@id":"https:\/\/www.organisator.ch\/de\/allgemein\/2016-09-26\/vielfalt-ist-ein-strategischer-erfolgsfaktor\/#breadcrumb","itemListElement":[{"@type":"ListItem","position":1,"name":"Home","item":"https:\/\/www.organisator.ch\/"},{"@type":"ListItem","position":2,"name":"Vielfalt ist ein strategischer Erfolgsfaktor"}]},{"@type":"WebSite","@id":"https:\/\/www.organisator.ch\/#website","url":"https:\/\/www.organisator.ch\/","name":"Organizzatore","description":"Competente. Pratico. In 10 numeri all'anno, ORGANISATOR presenta i temi essenziali per i manager delle PMI.","publisher":{"@id":"https:\/\/www.organisator.ch\/#organization"},"potentialAction":[{"@type":"SearchAction","target":{"@type":"EntryPoint","urlTemplate":"https:\/\/www.organisator.ch\/?s={search_term_string}"},"query-input":{"@type":"PropertyValueSpecification","valueRequired":true,"valueName":"search_term_string"}}],"inLanguage":"it-IT"},{"@type":"Organization","@id":"https:\/\/www.organisator.ch\/#organization","name":"Organizzatore","url":"https:\/\/www.organisator.ch\/","logo":{"@type":"ImageObject","inLanguage":"it-IT","@id":"https:\/\/www.organisator.ch\/#\/schema\/logo\/image\/","url":"https:\/\/www.organisator.ch\/wp-content\/uploads\/2022\/01\/Logo_Organisator_Website.png","contentUrl":"https:\/\/www.organisator.ch\/wp-content\/uploads\/2022\/01\/Logo_Organisator_Website.png","width":800,"height":77,"caption":"Organisator"},"image":{"@id":"https:\/\/www.organisator.ch\/#\/schema\/logo\/image\/"},"sameAs":["https:\/\/www.facebook.com\/OrganisatorFachmagazin","https:\/\/www.linkedin.com\/showcase\/organisator-das-magazin-fr-kmu","https:\/\/www.xing.com\/news\/pages\/organisator-ch-695","https:\/\/www.youtube.com\/channel\/UCGP2Sq0iWaZwT3BdIAQFYpw"]},{"@type":"Person","@id":"https:\/\/www.organisator.ch\/#\/schema\/person\/aa2bace6c5c5aad60102004a50c4eb1c","name":"amministratore","image":{"@type":"ImageObject","inLanguage":"it-IT","@id":"https:\/\/secure.gravatar.com\/avatar\/ae2f4d718e6c49043e314ce431e7e645d646302a24a5ef5a8bc8e3f5a032e319?s=96&d=mm&r=g","url":"https:\/\/secure.gravatar.com\/avatar\/ae2f4d718e6c49043e314ce431e7e645d646302a24a5ef5a8bc8e3f5a032e319?s=96&d=mm&r=g","contentUrl":"https:\/\/secure.gravatar.com\/avatar\/ae2f4d718e6c49043e314ce431e7e645d646302a24a5ef5a8bc8e3f5a032e319?s=96&d=mm&r=g","caption":"admin"},"sameAs":["https:\/\/www.organisator.ch"],"url":"https:\/\/www.organisator.ch\/it\/author\/admin\/"}]}},"_links":{"self":[{"href":"https:\/\/www.organisator.ch\/it\/wp-json\/wp\/v2\/posts\/722","targetHints":{"allow":["GET"]}}],"collection":[{"href":"https:\/\/www.organisator.ch\/it\/wp-json\/wp\/v2\/posts"}],"about":[{"href":"https:\/\/www.organisator.ch\/it\/wp-json\/wp\/v2\/types\/post"}],"author":[{"embeddable":true,"href":"https:\/\/www.organisator.ch\/it\/wp-json\/wp\/v2\/users\/1"}],"replies":[{"embeddable":true,"href":"https:\/\/www.organisator.ch\/it\/wp-json\/wp\/v2\/comments?post=722"}],"version-history":[{"count":0,"href":"https:\/\/www.organisator.ch\/it\/wp-json\/wp\/v2\/posts\/722\/revisions"}],"wp:featuredmedia":[{"embeddable":true,"href":"https:\/\/www.organisator.ch\/it\/wp-json\/wp\/v2\/media\/723"}],"wp:attachment":[{"href":"https:\/\/www.organisator.ch\/it\/wp-json\/wp\/v2\/media?parent=722"}],"wp:term":[{"taxonomy":"category","embeddable":true,"href":"https:\/\/www.organisator.ch\/it\/wp-json\/wp\/v2\/categories?post=722"},{"taxonomy":"post_tag","embeddable":true,"href":"https:\/\/www.organisator.ch\/it\/wp-json\/wp\/v2\/tags?post=722"}],"curies":[{"name":"wp","href":"https:\/\/api.w.org\/{rel}","templated":true}]}}