{"id":7221,"date":"2020-10-14T10:49:27","date_gmt":"2020-10-14T08:49:27","guid":{"rendered":"https:\/\/www.organisator.ch\/?p=7221"},"modified":"2020-10-14T10:49:27","modified_gmt":"2020-10-14T08:49:27","slug":"lueften-in-bueros-zum-nationalsport-machen","status":"publish","type":"post","link":"https:\/\/www.organisator.ch\/it\/human-resources\/fit_im_job\/2020-10-14\/lueften-in-bueros-zum-nationalsport-machen\/","title":{"rendered":"Rendere la ventilazione negli uffici uno sport nazionale"},"content":{"rendered":"<figure id=\"attachment_7222\" aria-describedby=\"caption-attachment-7222\" style=\"width: 680px\" class=\"wp-caption alignnone\"><img loading=\"lazy\" decoding=\"async\" class=\"size-medium wp-image-7222\" src=\"https:\/\/www.organisator.ch\/wp-content\/uploads\/2020\/10\/Lueften-in-Bueros-zum-Nationalsport-machen_Organisator.jpg\" alt=\"\" width=\"680\" height=\"304\" srcset=\"https:\/\/www.organisator.ch\/wp-content\/uploads\/2020\/10\/Lueften-in-Bueros-zum-Nationalsport-machen_Organisator.jpg 680w, https:\/\/www.organisator.ch\/wp-content\/uploads\/2020\/10\/Lueften-in-Bueros-zum-Nationalsport-machen_Organisator-16x7.jpg 16w, https:\/\/www.organisator.ch\/wp-content\/uploads\/2020\/10\/Lueften-in-Bueros-zum-Nationalsport-machen_Organisator-375x168.jpg 375w, https:\/\/www.organisator.ch\/wp-content\/uploads\/2020\/10\/Lueften-in-Bueros-zum-Nationalsport-machen_Organisator-300x134.jpg 300w\" sizes=\"auto, (max-width: 680px) 100vw, 680px\" \/><figcaption id=\"caption-attachment-7222\" class=\"wp-caption-text\">Il sensore di CO2 dell'aria CARU \u00e8 progettato per facilitare in modo giocoso la ventilazione negli uffici. (Immagine: CARU AG)<\/figcaption><\/figure>\n<p>Siamo stati a lungo professionisti nel mantenere le distanze, lavarci le mani e indossare maschere. La ventilazione, d'altra parte, \u00e8 qualcosa a cui molti di noi non pensano. Non ancora. Ma numerosi studi dimostrano che il coronavirus pu\u00f2 essere trasmesso anche tramite aerosol. La Germania \u00e8 stato il primo paese a dichiarare la ventilazione come una delle cinque misure principali per contenere il coronavirus. Dopo la chiusura in primavera, \u00e8 chiaro a molti che vogliamo poter continuare a visitare i nostri genitori e nonni nelle case di riposo e nelle case di cura, mandare i nostri figli a scuola e condividere l'ufficio con i nostri colleghi come un cambiamento dall'ufficio di casa.<\/p>\n<h2>Con aria fresca contro Corona<\/h2>\n<p>Soprattutto nelle stanze con molte persone, come aule, sale riunioni, uffici open space, spazi di co-working, ristoranti, ospedali e centri per anziani e di cura, una mancanza di aria fresca pu\u00f2 portare rapidamente a un aumento del rischio di infezione con il coronavirus. Anche se si mantiene la distanza e si lavano diligentemente le mani. Questo perch\u00e9 diffondiamo aerosol attraverso l'aria che respiriamo. Anche i coronavirus entrano nell'aria attraverso questi aerosol. Con la ventilazione, possiamo ridurre la quantit\u00e0 di aerosol nell'aria. E quindi anche il rischio di infezione con il coronavirus. Una corretta ventilazione negli uffici \u00e8 quindi il motto per i prossimi mesi autunnali e invernali. Per quanto semplice possa sembrare, una ventilazione corretta ed efficace non \u00e8 cos\u00ec facile.<\/p>\n<h2>Sapere quando \u00e8 il momento di mandare in onda gli uffici<\/h2>\n<p>La concentrazione di CO2 \u00e8 un indicatore affidabile di quando e quanta aria fresca \u00e8 necessaria. Ed \u00e8 proprio qui che entra in gioco CARU air. \"Con CARU air, non vogliamo solo misurare la concentrazione di CO2 nell'aria\", dice Susanne Dr\u00f6scher, Co-CEO di CARU AG. \"Vogliamo incorporare la ventilazione nella vita quotidiana in modo giocoso e renderla uno sport di squadra - per grandi e piccini\". Il misuratore di CO2 dell'aria CARU funziona come un semaforo: \u00e8 il momento di ventilare al pi\u00f9 presto quando \u00e8 giallo (1000 - 1399 ppm CO2) e al pi\u00f9 tardi quando \u00e8 rosso (&gt; 1400 ppm CO2). CARU air \u00e8 pi\u00f9 o meno un \"calcio laterale\" al prodotto principale di CARU AG, una chiamata di emergenza a controllo vocale per gli anziani con funzione di chat. \"Il passo da una chiamata di emergenza a comando vocale a un dispositivo di misurazione della CO2 pu\u00f2 sembrare grande dall'esterno. Infatti, traducendo la nostra visione nel prodotto di base, tutto il necessario per un misuratore di CO2 fresco era gi\u00e0 l\u00ec: un design premiato e un sensore di CO2 di alta qualit\u00e0 della Sensirion\", dice Thomas Helbling, Co-CEO di CARU AG. Il sensore di alta qualit\u00e0 del produttore leader mondiale di microsensori digitali con sede in Svizzera assicura che CARU air determini la concentrazione di CO2 in modo preciso e affidabile.<\/p>\n<h2>Le prime unit\u00e0 sono gi\u00e0 utilizzate con successo<\/h2>\n<p>Da qualche settimana, le prime CARU air sono state installate in scuole selezionate, istituti per anziani, uffici e studi medici. Il feedback: positivo su tutta la linea. Jan Hollenstein, amministratore delegato di<br \/>\nTertianum Residenz Segeten dice: \"Dalla primavera, le richieste riguardanti la pandemia sono aumentate costantemente per il personale. Devono prestare attenzione a molte cose allo stesso tempo. CARU air ci facilita la ventilazione e completa perfettamente il nostro concetto di protezione\". I primi preordini da grandi aziende come le unit\u00e0 del Politecnico di Zurigo sono gi\u00e0 arrivati. L'aria CARU pu\u00f2 essere comodamente ordinata online: <a href=\"http:\/\/www.caruair.com\">www.caruair.com<\/a>.<\/p>","protected":false},"excerpt":{"rendered":"<p>Im Abstand halten, H\u00e4nde waschen und Maske tragen sind wir l\u00e4ngst Profis. L\u00fcften hingegen haben viele von uns nicht im Blick. Noch nicht. Zahlreiche Studien zeigen aber: Das Coronavirus kann auch \u00fcber sogenannte Aerosole \u00fcbertragen werden. So hat Deutschland als erstes Land das L\u00fcften als eine der f\u00fcnf Hauptmassnahmen zur Eind\u00e4mmung des Coronavirus erkl\u00e4rt. Denn [&hellip;]<\/p>\n","protected":false},"author":4,"featured_media":7222,"comment_status":"closed","ping_status":"closed","sticky":false,"template":"","format":"standard","meta":{"_acf_changed":false,"_yoast_wpseo_focuskw":"L\u00fcften in B\u00fcros","_yoast_wpseo_metadesc":"Das Z\u00fcrcher Jungunternehmen CARU AG m\u00f6chte mit seinem j\u00fcngsten Produkt CARU air das L\u00fcften in B\u00fcros zum Nationalsport machen und Corona die Stirn bieten.","articlekey":"","footnotes":""},"categories":[25],"tags":[77,208,393,451],"class_list":["post-7221","post","type-post","status-publish","format-standard","has-post-thumbnail","hentry","category-fit_im_job","tag-betriebliches-gesundheitsmanagement","tag-fit-im-job","tag-produkte","tag-startups"],"acf":[],"yoast_head":"<!-- This site is optimized with the Yoast SEO plugin v27.5 - https:\/\/yoast.com\/product\/yoast-seo-wordpress\/ -->\n<title>L\u00fcften in B\u00fcros zum Nationalsport machen - Organisator<\/title>\n<meta name=\"description\" content=\"Das Z\u00fcrcher Jungunternehmen CARU AG m\u00f6chte mit seinem j\u00fcngsten Produkt CARU air das L\u00fcften in B\u00fcros zum Nationalsport machen und Corona die Stirn bieten.\" \/>\n<meta name=\"robots\" content=\"index, follow, max-snippet:-1, max-image-preview:large, max-video-preview:-1\" \/>\n<link rel=\"canonical\" href=\"https:\/\/www.organisator.ch\/it\/risorse-umane\/fit_im_job\/2020-10-14\/lueften-in-bueros-zum-nationalsport-machen\/\" \/>\n<meta property=\"og:locale\" content=\"it_IT\" \/>\n<meta property=\"og:type\" content=\"article\" \/>\n<meta property=\"og:title\" content=\"L\u00fcften in B\u00fcros zum Nationalsport machen\" \/>\n<meta property=\"og:description\" content=\"Das Z\u00fcrcher Jungunternehmen CARU AG m\u00f6chte mit seinem j\u00fcngsten Produkt CARU air das L\u00fcften in B\u00fcros zum Nationalsport machen und Corona die Stirn bieten.\" \/>\n<meta property=\"og:url\" content=\"https:\/\/www.organisator.ch\/it\/risorse-umane\/fit_im_job\/2020-10-14\/lueften-in-bueros-zum-nationalsport-machen\/\" \/>\n<meta property=\"og:site_name\" content=\"Organisator\" \/>\n<meta property=\"article:publisher\" content=\"https:\/\/www.facebook.com\/OrganisatorFachmagazin\" \/>\n<meta property=\"article:published_time\" content=\"2020-10-14T08:49:27+00:00\" \/>\n<meta property=\"og:image\" content=\"https:\/\/www.organisator.ch\/wp-content\/uploads\/2020\/10\/Lueften-in-Bueros-zum-Nationalsport-machen_Organisator.jpg\" \/>\n\t<meta property=\"og:image:width\" content=\"680\" \/>\n\t<meta property=\"og:image:height\" content=\"304\" \/>\n\t<meta property=\"og:image:type\" content=\"image\/jpeg\" \/>\n<meta name=\"author\" content=\"thomas.berner\" \/>\n<meta name=\"twitter:card\" content=\"summary_large_image\" \/>\n<meta name=\"twitter:title\" content=\"#L\u00fcften in B\u00fcros zum #Nationalsport machen\" \/>\n<meta name=\"twitter:description\" content=\"Das Z\u00fcrcher #Jungunternehmen #CARU AG m\u00f6chte mit seinem j\u00fcngsten Produkt CARU air das #L\u00fcften in B\u00fcros zum Nationalsport machen und Corona die Stirn bieten.\" \/>\n<meta name=\"twitter:image\" content=\"https:\/\/www.organisator.ch\/wp-content\/uploads\/2020\/10\/Lueften-in-Bueros-zum-Nationalsport-machen_Organisator.jpg\" \/>\n<script type=\"application\/ld+json\" class=\"yoast-schema-graph\">{\"@context\":\"https:\\\/\\\/schema.org\",\"@graph\":[{\"@type\":\"Article\",\"@id\":\"https:\\\/\\\/www.organisator.ch\\\/human-resources\\\/fit_im_job\\\/2020-10-14\\\/lueften-in-bueros-zum-nationalsport-machen\\\/#article\",\"isPartOf\":{\"@id\":\"https:\\\/\\\/www.organisator.ch\\\/human-resources\\\/fit_im_job\\\/2020-10-14\\\/lueften-in-bueros-zum-nationalsport-machen\\\/\"},\"author\":{\"name\":\"thomas.berner\",\"@id\":\"https:\\\/\\\/www.organisator.ch\\\/#\\\/schema\\\/person\\\/6f650f90b2842cd4c0cc334b4e36f67e\"},\"headline\":\"L\u00fcften in B\u00fcros zum Nationalsport machen\",\"datePublished\":\"2020-10-14T08:49:27+00:00\",\"mainEntityOfPage\":{\"@id\":\"https:\\\/\\\/www.organisator.ch\\\/human-resources\\\/fit_im_job\\\/2020-10-14\\\/lueften-in-bueros-zum-nationalsport-machen\\\/\"},\"wordCount\":587,\"publisher\":{\"@id\":\"https:\\\/\\\/www.organisator.ch\\\/#organization\"},\"image\":{\"@id\":\"https:\\\/\\\/www.organisator.ch\\\/human-resources\\\/fit_im_job\\\/2020-10-14\\\/lueften-in-bueros-zum-nationalsport-machen\\\/#primaryimage\"},\"thumbnailUrl\":\"https:\\\/\\\/www.organisator.ch\\\/wp-content\\\/uploads\\\/2020\\\/10\\\/Lueften-in-Bueros-zum-Nationalsport-machen_Organisator.jpg\",\"keywords\":[\"Betriebliches Gesundheitsmanagement\",\"Fit im Job\",\"Produkte\",\"Startups\"],\"articleSection\":[\"FIT IM JOB\"],\"inLanguage\":\"it-IT\"},{\"@type\":\"WebPage\",\"@id\":\"https:\\\/\\\/www.organisator.ch\\\/human-resources\\\/fit_im_job\\\/2020-10-14\\\/lueften-in-bueros-zum-nationalsport-machen\\\/\",\"url\":\"https:\\\/\\\/www.organisator.ch\\\/human-resources\\\/fit_im_job\\\/2020-10-14\\\/lueften-in-bueros-zum-nationalsport-machen\\\/\",\"name\":\"L\u00fcften in B\u00fcros zum Nationalsport machen - Organisator\",\"isPartOf\":{\"@id\":\"https:\\\/\\\/www.organisator.ch\\\/#website\"},\"primaryImageOfPage\":{\"@id\":\"https:\\\/\\\/www.organisator.ch\\\/human-resources\\\/fit_im_job\\\/2020-10-14\\\/lueften-in-bueros-zum-nationalsport-machen\\\/#primaryimage\"},\"image\":{\"@id\":\"https:\\\/\\\/www.organisator.ch\\\/human-resources\\\/fit_im_job\\\/2020-10-14\\\/lueften-in-bueros-zum-nationalsport-machen\\\/#primaryimage\"},\"thumbnailUrl\":\"https:\\\/\\\/www.organisator.ch\\\/wp-content\\\/uploads\\\/2020\\\/10\\\/Lueften-in-Bueros-zum-Nationalsport-machen_Organisator.jpg\",\"datePublished\":\"2020-10-14T08:49:27+00:00\",\"description\":\"Das Z\u00fcrcher Jungunternehmen CARU AG m\u00f6chte mit seinem j\u00fcngsten Produkt CARU air das L\u00fcften in B\u00fcros zum Nationalsport machen und Corona die Stirn bieten.\",\"breadcrumb\":{\"@id\":\"https:\\\/\\\/www.organisator.ch\\\/human-resources\\\/fit_im_job\\\/2020-10-14\\\/lueften-in-bueros-zum-nationalsport-machen\\\/#breadcrumb\"},\"inLanguage\":\"it-IT\",\"potentialAction\":[{\"@type\":\"ReadAction\",\"target\":[\"https:\\\/\\\/www.organisator.ch\\\/human-resources\\\/fit_im_job\\\/2020-10-14\\\/lueften-in-bueros-zum-nationalsport-machen\\\/\"]}]},{\"@type\":\"ImageObject\",\"inLanguage\":\"it-IT\",\"@id\":\"https:\\\/\\\/www.organisator.ch\\\/human-resources\\\/fit_im_job\\\/2020-10-14\\\/lueften-in-bueros-zum-nationalsport-machen\\\/#primaryimage\",\"url\":\"https:\\\/\\\/www.organisator.ch\\\/wp-content\\\/uploads\\\/2020\\\/10\\\/Lueften-in-Bueros-zum-Nationalsport-machen_Organisator.jpg\",\"contentUrl\":\"https:\\\/\\\/www.organisator.ch\\\/wp-content\\\/uploads\\\/2020\\\/10\\\/Lueften-in-Bueros-zum-Nationalsport-machen_Organisator.jpg\",\"width\":680,\"height\":304,\"caption\":\"Soll L\u00fcften in B\u00fcros spielerisch erleichtern: Der CO2-Sensor CARU air. (Bild: CARU AG)\"},{\"@type\":\"BreadcrumbList\",\"@id\":\"https:\\\/\\\/www.organisator.ch\\\/human-resources\\\/fit_im_job\\\/2020-10-14\\\/lueften-in-bueros-zum-nationalsport-machen\\\/#breadcrumb\",\"itemListElement\":[{\"@type\":\"ListItem\",\"position\":1,\"name\":\"Home\",\"item\":\"https:\\\/\\\/www.organisator.ch\\\/\"},{\"@type\":\"ListItem\",\"position\":2,\"name\":\"L\u00fcften in B\u00fcros zum Nationalsport machen\"}]},{\"@type\":\"WebSite\",\"@id\":\"https:\\\/\\\/www.organisator.ch\\\/#website\",\"url\":\"https:\\\/\\\/www.organisator.ch\\\/\",\"name\":\"Organisator\",\"description\":\"Kompetent. Praxisnah. Der ORGANISATOR bereitet in 10 Ausgaben pro Jahr die wesentlichen Themen f\u00fcr F\u00fchrungskr\u00e4fte von KMU auf.\",\"publisher\":{\"@id\":\"https:\\\/\\\/www.organisator.ch\\\/#organization\"},\"potentialAction\":[{\"@type\":\"SearchAction\",\"target\":{\"@type\":\"EntryPoint\",\"urlTemplate\":\"https:\\\/\\\/www.organisator.ch\\\/?s={search_term_string}\"},\"query-input\":{\"@type\":\"PropertyValueSpecification\",\"valueRequired\":true,\"valueName\":\"search_term_string\"}}],\"inLanguage\":\"it-IT\"},{\"@type\":\"Organization\",\"@id\":\"https:\\\/\\\/www.organisator.ch\\\/#organization\",\"name\":\"Organisator\",\"url\":\"https:\\\/\\\/www.organisator.ch\\\/\",\"logo\":{\"@type\":\"ImageObject\",\"inLanguage\":\"it-IT\",\"@id\":\"https:\\\/\\\/www.organisator.ch\\\/#\\\/schema\\\/logo\\\/image\\\/\",\"url\":\"https:\\\/\\\/www.organisator.ch\\\/wp-content\\\/uploads\\\/2022\\\/01\\\/Logo_Organisator_Website.png\",\"contentUrl\":\"https:\\\/\\\/www.organisator.ch\\\/wp-content\\\/uploads\\\/2022\\\/01\\\/Logo_Organisator_Website.png\",\"width\":800,\"height\":77,\"caption\":\"Organisator\"},\"image\":{\"@id\":\"https:\\\/\\\/www.organisator.ch\\\/#\\\/schema\\\/logo\\\/image\\\/\"},\"sameAs\":[\"https:\\\/\\\/www.facebook.com\\\/OrganisatorFachmagazin\",\"https:\\\/\\\/www.linkedin.com\\\/showcase\\\/organisator-das-magazin-fr-kmu\",\"https:\\\/\\\/www.xing.com\\\/news\\\/pages\\\/organisator-ch-695\",\"https:\\\/\\\/www.youtube.com\\\/channel\\\/UCGP2Sq0iWaZwT3BdIAQFYpw\"]},{\"@type\":\"Person\",\"@id\":\"https:\\\/\\\/www.organisator.ch\\\/#\\\/schema\\\/person\\\/6f650f90b2842cd4c0cc334b4e36f67e\",\"name\":\"thomas.berner\",\"image\":{\"@type\":\"ImageObject\",\"inLanguage\":\"it-IT\",\"@id\":\"https:\\\/\\\/secure.gravatar.com\\\/avatar\\\/ac5001d2a36cb6c6cd3e50789007ffca834b477b74a2144564522e944eabff61?s=96&d=mm&r=g\",\"url\":\"https:\\\/\\\/secure.gravatar.com\\\/avatar\\\/ac5001d2a36cb6c6cd3e50789007ffca834b477b74a2144564522e944eabff61?s=96&d=mm&r=g\",\"contentUrl\":\"https:\\\/\\\/secure.gravatar.com\\\/avatar\\\/ac5001d2a36cb6c6cd3e50789007ffca834b477b74a2144564522e944eabff61?s=96&d=mm&r=g\",\"caption\":\"thomas.berner\"},\"url\":\"https:\\\/\\\/www.organisator.ch\\\/it\\\/author\\\/thomas-berner\\\/\"}]}<\/script>\n<!-- \/ Yoast SEO plugin. -->","yoast_head_json":{"title":"Rendere gli uffici di messa in onda uno sport nazionale - Organizzatore","description":"Con il suo ultimo prodotto, CARU air, la start-up zurighese CARU AG vuole trasformare la ventilazione degli uffici in uno sport nazionale e dare filo da torcere a Corona.","robots":{"index":"index","follow":"follow","max-snippet":"max-snippet:-1","max-image-preview":"max-image-preview:large","max-video-preview":"max-video-preview:-1"},"canonical":"https:\/\/www.organisator.ch\/it\/risorse-umane\/fit_im_job\/2020-10-14\/lueften-in-bueros-zum-nationalsport-machen\/","og_locale":"it_IT","og_type":"article","og_title":"L\u00fcften in B\u00fcros zum Nationalsport machen","og_description":"Das Z\u00fcrcher Jungunternehmen CARU AG m\u00f6chte mit seinem j\u00fcngsten Produkt CARU air das L\u00fcften in B\u00fcros zum Nationalsport machen und Corona die Stirn bieten.","og_url":"https:\/\/www.organisator.ch\/it\/risorse-umane\/fit_im_job\/2020-10-14\/lueften-in-bueros-zum-nationalsport-machen\/","og_site_name":"Organisator","article_publisher":"https:\/\/www.facebook.com\/OrganisatorFachmagazin","article_published_time":"2020-10-14T08:49:27+00:00","og_image":[{"width":680,"height":304,"url":"https:\/\/www.organisator.ch\/wp-content\/uploads\/2020\/10\/Lueften-in-Bueros-zum-Nationalsport-machen_Organisator.jpg","type":"image\/jpeg"}],"author":"thomas.berner","twitter_card":"summary_large_image","twitter_title":"#L\u00fcften in B\u00fcros zum #Nationalsport machen","twitter_description":"Das Z\u00fcrcher #Jungunternehmen #CARU AG m\u00f6chte mit seinem j\u00fcngsten Produkt CARU air das #L\u00fcften in B\u00fcros zum Nationalsport machen und Corona die Stirn bieten.","twitter_image":"https:\/\/www.organisator.ch\/wp-content\/uploads\/2020\/10\/Lueften-in-Bueros-zum-Nationalsport-machen_Organisator.jpg","schema":{"@context":"https:\/\/schema.org","@graph":[{"@type":"Article","@id":"https:\/\/www.organisator.ch\/human-resources\/fit_im_job\/2020-10-14\/lueften-in-bueros-zum-nationalsport-machen\/#article","isPartOf":{"@id":"https:\/\/www.organisator.ch\/human-resources\/fit_im_job\/2020-10-14\/lueften-in-bueros-zum-nationalsport-machen\/"},"author":{"name":"thomas.berner","@id":"https:\/\/www.organisator.ch\/#\/schema\/person\/6f650f90b2842cd4c0cc334b4e36f67e"},"headline":"L\u00fcften in B\u00fcros zum Nationalsport machen","datePublished":"2020-10-14T08:49:27+00:00","mainEntityOfPage":{"@id":"https:\/\/www.organisator.ch\/human-resources\/fit_im_job\/2020-10-14\/lueften-in-bueros-zum-nationalsport-machen\/"},"wordCount":587,"publisher":{"@id":"https:\/\/www.organisator.ch\/#organization"},"image":{"@id":"https:\/\/www.organisator.ch\/human-resources\/fit_im_job\/2020-10-14\/lueften-in-bueros-zum-nationalsport-machen\/#primaryimage"},"thumbnailUrl":"https:\/\/www.organisator.ch\/wp-content\/uploads\/2020\/10\/Lueften-in-Bueros-zum-Nationalsport-machen_Organisator.jpg","keywords":["Betriebliches Gesundheitsmanagement","Fit im Job","Produkte","Startups"],"articleSection":["FIT IM JOB"],"inLanguage":"it-IT"},{"@type":"WebPage","@id":"https:\/\/www.organisator.ch\/human-resources\/fit_im_job\/2020-10-14\/lueften-in-bueros-zum-nationalsport-machen\/","url":"https:\/\/www.organisator.ch\/human-resources\/fit_im_job\/2020-10-14\/lueften-in-bueros-zum-nationalsport-machen\/","name":"Rendere gli uffici di messa in onda uno sport nazionale - Organizzatore","isPartOf":{"@id":"https:\/\/www.organisator.ch\/#website"},"primaryImageOfPage":{"@id":"https:\/\/www.organisator.ch\/human-resources\/fit_im_job\/2020-10-14\/lueften-in-bueros-zum-nationalsport-machen\/#primaryimage"},"image":{"@id":"https:\/\/www.organisator.ch\/human-resources\/fit_im_job\/2020-10-14\/lueften-in-bueros-zum-nationalsport-machen\/#primaryimage"},"thumbnailUrl":"https:\/\/www.organisator.ch\/wp-content\/uploads\/2020\/10\/Lueften-in-Bueros-zum-Nationalsport-machen_Organisator.jpg","datePublished":"2020-10-14T08:49:27+00:00","description":"Con il suo ultimo prodotto, CARU air, la start-up zurighese CARU AG vuole trasformare la ventilazione degli uffici in uno sport nazionale e dare filo da torcere a Corona.","breadcrumb":{"@id":"https:\/\/www.organisator.ch\/human-resources\/fit_im_job\/2020-10-14\/lueften-in-bueros-zum-nationalsport-machen\/#breadcrumb"},"inLanguage":"it-IT","potentialAction":[{"@type":"ReadAction","target":["https:\/\/www.organisator.ch\/human-resources\/fit_im_job\/2020-10-14\/lueften-in-bueros-zum-nationalsport-machen\/"]}]},{"@type":"ImageObject","inLanguage":"it-IT","@id":"https:\/\/www.organisator.ch\/human-resources\/fit_im_job\/2020-10-14\/lueften-in-bueros-zum-nationalsport-machen\/#primaryimage","url":"https:\/\/www.organisator.ch\/wp-content\/uploads\/2020\/10\/Lueften-in-Bueros-zum-Nationalsport-machen_Organisator.jpg","contentUrl":"https:\/\/www.organisator.ch\/wp-content\/uploads\/2020\/10\/Lueften-in-Bueros-zum-Nationalsport-machen_Organisator.jpg","width":680,"height":304,"caption":"Soll L\u00fcften in B\u00fcros spielerisch erleichtern: Der CO2-Sensor CARU air. (Bild: CARU AG)"},{"@type":"BreadcrumbList","@id":"https:\/\/www.organisator.ch\/human-resources\/fit_im_job\/2020-10-14\/lueften-in-bueros-zum-nationalsport-machen\/#breadcrumb","itemListElement":[{"@type":"ListItem","position":1,"name":"Home","item":"https:\/\/www.organisator.ch\/"},{"@type":"ListItem","position":2,"name":"L\u00fcften in B\u00fcros zum Nationalsport machen"}]},{"@type":"WebSite","@id":"https:\/\/www.organisator.ch\/#website","url":"https:\/\/www.organisator.ch\/","name":"Organizzatore","description":"Competente. Pratico. In 10 numeri all'anno, ORGANISATOR presenta i temi essenziali per i manager delle PMI.","publisher":{"@id":"https:\/\/www.organisator.ch\/#organization"},"potentialAction":[{"@type":"SearchAction","target":{"@type":"EntryPoint","urlTemplate":"https:\/\/www.organisator.ch\/?s={search_term_string}"},"query-input":{"@type":"PropertyValueSpecification","valueRequired":true,"valueName":"search_term_string"}}],"inLanguage":"it-IT"},{"@type":"Organization","@id":"https:\/\/www.organisator.ch\/#organization","name":"Organizzatore","url":"https:\/\/www.organisator.ch\/","logo":{"@type":"ImageObject","inLanguage":"it-IT","@id":"https:\/\/www.organisator.ch\/#\/schema\/logo\/image\/","url":"https:\/\/www.organisator.ch\/wp-content\/uploads\/2022\/01\/Logo_Organisator_Website.png","contentUrl":"https:\/\/www.organisator.ch\/wp-content\/uploads\/2022\/01\/Logo_Organisator_Website.png","width":800,"height":77,"caption":"Organisator"},"image":{"@id":"https:\/\/www.organisator.ch\/#\/schema\/logo\/image\/"},"sameAs":["https:\/\/www.facebook.com\/OrganisatorFachmagazin","https:\/\/www.linkedin.com\/showcase\/organisator-das-magazin-fr-kmu","https:\/\/www.xing.com\/news\/pages\/organisator-ch-695","https:\/\/www.youtube.com\/channel\/UCGP2Sq0iWaZwT3BdIAQFYpw"]},{"@type":"Person","@id":"https:\/\/www.organisator.ch\/#\/schema\/person\/6f650f90b2842cd4c0cc334b4e36f67e","name":"Tommaso.berner","image":{"@type":"ImageObject","inLanguage":"it-IT","@id":"https:\/\/secure.gravatar.com\/avatar\/ac5001d2a36cb6c6cd3e50789007ffca834b477b74a2144564522e944eabff61?s=96&d=mm&r=g","url":"https:\/\/secure.gravatar.com\/avatar\/ac5001d2a36cb6c6cd3e50789007ffca834b477b74a2144564522e944eabff61?s=96&d=mm&r=g","contentUrl":"https:\/\/secure.gravatar.com\/avatar\/ac5001d2a36cb6c6cd3e50789007ffca834b477b74a2144564522e944eabff61?s=96&d=mm&r=g","caption":"thomas.berner"},"url":"https:\/\/www.organisator.ch\/it\/author\/thomas-berner\/"}]}},"_links":{"self":[{"href":"https:\/\/www.organisator.ch\/it\/wp-json\/wp\/v2\/posts\/7221","targetHints":{"allow":["GET"]}}],"collection":[{"href":"https:\/\/www.organisator.ch\/it\/wp-json\/wp\/v2\/posts"}],"about":[{"href":"https:\/\/www.organisator.ch\/it\/wp-json\/wp\/v2\/types\/post"}],"author":[{"embeddable":true,"href":"https:\/\/www.organisator.ch\/it\/wp-json\/wp\/v2\/users\/4"}],"replies":[{"embeddable":true,"href":"https:\/\/www.organisator.ch\/it\/wp-json\/wp\/v2\/comments?post=7221"}],"version-history":[{"count":0,"href":"https:\/\/www.organisator.ch\/it\/wp-json\/wp\/v2\/posts\/7221\/revisions"}],"wp:featuredmedia":[{"embeddable":true,"href":"https:\/\/www.organisator.ch\/it\/wp-json\/wp\/v2\/media\/7222"}],"wp:attachment":[{"href":"https:\/\/www.organisator.ch\/it\/wp-json\/wp\/v2\/media?parent=7221"}],"wp:term":[{"taxonomy":"category","embeddable":true,"href":"https:\/\/www.organisator.ch\/it\/wp-json\/wp\/v2\/categories?post=7221"},{"taxonomy":"post_tag","embeddable":true,"href":"https:\/\/www.organisator.ch\/it\/wp-json\/wp\/v2\/tags?post=7221"}],"curies":[{"name":"wp","href":"https:\/\/api.w.org\/{rel}","templated":true}]}}