{"id":7254,"date":"2020-10-26T14:08:40","date_gmt":"2020-10-26T13:08:40","guid":{"rendered":"https:\/\/www.organisator.ch\/?p=7254"},"modified":"2020-10-26T14:08:40","modified_gmt":"2020-10-26T13:08:40","slug":"wesco-ernennt-irina-a-leutwyler-zur-ceo","status":"publish","type":"post","link":"https:\/\/www.organisator.ch\/it\/management\/2020-10-26\/wesco-ernennt-irina-a-leutwyler-zur-ceo\/","title":{"rendered":"WESCO nomina Irina A. Leutwyler come CEO"},"content":{"rendered":"<figure id=\"attachment_7255\" aria-describedby=\"caption-attachment-7255\" style=\"width: 680px\" class=\"wp-caption alignnone\"><img loading=\"lazy\" decoding=\"async\" class=\"size-medium wp-image-7255\" src=\"https:\/\/www.organisator.ch\/wp-content\/uploads\/2020\/10\/WESCO-ernennt-Irina-A-Leutwyler-zur-CEO-_Organisator.jpg\" alt=\"\" width=\"680\" height=\"500\" srcset=\"https:\/\/www.organisator.ch\/wp-content\/uploads\/2020\/10\/WESCO-ernennt-Irina-A-Leutwyler-zur-CEO-_Organisator.jpg 680w, https:\/\/www.organisator.ch\/wp-content\/uploads\/2020\/10\/WESCO-ernennt-Irina-A-Leutwyler-zur-CEO-_Organisator-16x12.jpg 16w, https:\/\/www.organisator.ch\/wp-content\/uploads\/2020\/10\/WESCO-ernennt-Irina-A-Leutwyler-zur-CEO-_Organisator-238x175.jpg 238w, https:\/\/www.organisator.ch\/wp-content\/uploads\/2020\/10\/WESCO-ernennt-Irina-A-Leutwyler-zur-CEO-_Organisator-476x350.jpg 476w, https:\/\/www.organisator.ch\/wp-content\/uploads\/2020\/10\/WESCO-ernennt-Irina-A-Leutwyler-zur-CEO-_Organisator-300x221.jpg 300w\" sizes=\"auto, (max-width: 680px) 100vw, 680px\" \/><figcaption id=\"caption-attachment-7255\" class=\"wp-caption-text\">Irina A. Leutwyler \u00e8 dal 1\u00b0 ottobre il nuovo amministratore delegato dell'azienda WESCO di Wettingen, specializzata in ventilazione e cappe aspiranti. (Immagine: zVg)<\/figcaption><\/figure>\n<p>Fondata nel 1962, l'azienda a conduzione familiare WESCO \u00e8 specializzata nello sviluppo, produzione e distribuzione di estrattori e sistemi di ventilazione per cucine, case, uffici e scuole. Un totale di 300 persone sono impiegate nella sede centrale di Wettingen e nelle filiali in Germania e in Italia, generando un fatturato annuo di oltre 90 milioni di CHF. Ora c'\u00e8 un cambio al vertice dell'azienda: Irina A. Leutwyler succede a Beat Ernst come nuovo CEO, che \u00e8 stato responsabile delle operazioni dopo la partenza del Dr. Adrian Beer e si concentrer\u00e0 ora sul suo compito strategico di presidente del consiglio di amministrazione del gruppo WESCO, che opera in tutta Europa. In parallelo, continuer\u00e0 ad accompagnare progetti di innovazione selezionati.<\/p>\n<h2><strong>Amministratore delegato esperto\u00a0<\/strong><\/h2>\n<p>\"Con Irina Leutwyler, abbiamo nominato un amministratore delegato esperto alla guida della nostra dinamica azienda a conduzione familiare, che porta un know-how completo nello sviluppo di canali di vendita internazionali e nell'apertura di nuovi mercati e campi di attivit\u00e0. Sono convinto che Irina Leutwyler, con il suo slancio e la sua passione, guider\u00e0 la WESCO AG verso un futuro moderno e di successo\", spiega Beat Ernst. \"La missione Better Air e l'impegno di WESCO per la salute e il benessere dei suoi clienti saranno i nostri principi guida\".<\/p>\n<h2><strong>Irina A. Leutwyler: \"Il coraggio di percorrere nuove strade\". <\/strong><\/h2>\n<p>\"WESCO \u00e8 un marchio svizzero ben consolidato. Non vedo l'ora di continuare la storia di successo insieme ai dipendenti\", dice Irina Leutwyler e aggiunge: \"Con uno spirito pionieristico e il coraggio di aprire nuove strade per sviluppare soluzioni lungimiranti, creiamo valore aggiunto per i nostri clienti\".<\/p>\n<p>Prima di entrare in WESCO, Irina A. Leutwyler (46 anni) ha ricoperto impegnative posizioni dirigenziali in rinomate PMI svizzere e in un gruppo industriale internazionale. L'ingegnere elettrico si \u00e8 formato come ingegnere industriale e ha anche un Executive Master of Business Administration (EMBA) in Business Planning.<\/p>\n<p><em>Ulteriori informazioni: <a href=\"http:\/\/www.wesco.ch\">WESCO<\/a><\/em><\/p>","protected":false},"excerpt":{"rendered":"<p>Das 1962 gegr\u00fcndete Familienunternehmen WESCO ist auf die Entwicklung, die Herstellung und den Vertrieb von Dunstabz\u00fcgen und L\u00fcftungen in den Bereichen K\u00fcche, Wohnung, B\u00fcro und Schule spezialisiert. Am Hauptsitz in Wettingen und bei den Tochtergesellschaften in Deutschland und Italien sind insgesamt 300 Mitarbeitende besch\u00e4ftigt, die einen Jahresumsatz von \u00fcber CHF 90 Mio. erzielen. Nun gibt [&hellip;]<\/p>\n","protected":false},"author":4,"featured_media":7255,"comment_status":"closed","ping_status":"closed","sticky":false,"template":"","format":"standard","meta":{"_acf_changed":false,"_yoast_wpseo_focuskw":"Irina A. Leutwyler","_yoast_wpseo_metadesc":"Irina A. Leutwyler hat per 1. Oktober 2020 die Gesch\u00e4ftsleitung der WESCO AG \u00fcbernommen, eines f\u00fchrenden Schweizer Unternehmens in der L\u00fcftungstechnik.","articlekey":"","footnotes":""},"categories":[28],"tags":[335,381,496],"class_list":["post-7254","post","type-post","status-publish","format-standard","has-post-thumbnail","hentry","category-management","tag-management-und-unternehmensfuehrung","tag-personalia","tag-unternehmensfuehrung"],"acf":[],"yoast_head":"<!-- This site is optimized with the Yoast SEO plugin v27.4 - https:\/\/yoast.com\/product\/yoast-seo-wordpress\/ -->\n<title>WESCO ernennt Irina A. Leutwyler zur CEO - Organisator<\/title>\n<meta name=\"description\" content=\"Irina A. Leutwyler hat per 1. Oktober 2020 die Gesch\u00e4ftsleitung der WESCO AG \u00fcbernommen, eines f\u00fchrenden Schweizer Unternehmens in der L\u00fcftungstechnik.\" \/>\n<meta name=\"robots\" content=\"index, follow, max-snippet:-1, max-image-preview:large, max-video-preview:-1\" \/>\n<link rel=\"canonical\" href=\"https:\/\/www.organisator.ch\/it\/gestione-2\/2020-10-26\/wesco-ernennt-irina-a-leutwyler-zur-ceo\/\" \/>\n<meta property=\"og:locale\" content=\"it_IT\" \/>\n<meta property=\"og:type\" content=\"article\" \/>\n<meta property=\"og:title\" content=\"WESCO ernennt Irina A. Leutwyler zur CEO\" \/>\n<meta property=\"og:description\" content=\"Irina A. Leutwyler hat per 1. Oktober 2020 die Gesch\u00e4ftsleitung der WESCO AG \u00fcbernommen, eines f\u00fchrenden Schweizer Unternehmens in der L\u00fcftungstechnik.\" \/>\n<meta property=\"og:url\" content=\"https:\/\/www.organisator.ch\/it\/gestione-2\/2020-10-26\/wesco-ernennt-irina-a-leutwyler-zur-ceo\/\" \/>\n<meta property=\"og:site_name\" content=\"Organisator\" \/>\n<meta property=\"article:publisher\" content=\"https:\/\/www.facebook.com\/OrganisatorFachmagazin\" \/>\n<meta property=\"article:published_time\" content=\"2020-10-26T13:08:40+00:00\" \/>\n<meta property=\"og:image\" content=\"https:\/\/www.organisator.ch\/wp-content\/uploads\/2020\/10\/WESCO-ernennt-Irina-A-Leutwyler-zur-CEO-_Organisator.jpg\" \/>\n\t<meta property=\"og:image:width\" content=\"680\" \/>\n\t<meta property=\"og:image:height\" content=\"500\" \/>\n\t<meta property=\"og:image:type\" content=\"image\/jpeg\" \/>\n<meta name=\"author\" content=\"thomas.berner\" \/>\n<meta name=\"twitter:card\" content=\"summary_large_image\" \/>\n<meta name=\"twitter:title\" content=\"#WESCO ernennt Irina A. #Leutwyler zur CEO\" \/>\n<meta name=\"twitter:description\" content=\"Irina A. #Leutwyler hat per 1. Oktober 2020 die #Gesch\u00e4ftsleitung der #WESCO AG \u00fcbernommen, eines f\u00fchrenden Schweizer Unternehmens in der #L\u00fcftungstechnik.\" \/>\n<meta name=\"twitter:image\" content=\"https:\/\/www.organisator.ch\/wp-content\/uploads\/2020\/10\/WESCO-ernennt-Irina-A-Leutwyler-zur-CEO-_Organisator.jpg\" \/>\n<script type=\"application\/ld+json\" class=\"yoast-schema-graph\">{\"@context\":\"https:\\\/\\\/schema.org\",\"@graph\":[{\"@type\":\"Article\",\"@id\":\"https:\\\/\\\/www.organisator.ch\\\/management\\\/2020-10-26\\\/wesco-ernennt-irina-a-leutwyler-zur-ceo\\\/#article\",\"isPartOf\":{\"@id\":\"https:\\\/\\\/www.organisator.ch\\\/management\\\/2020-10-26\\\/wesco-ernennt-irina-a-leutwyler-zur-ceo\\\/\"},\"author\":{\"name\":\"thomas.berner\",\"@id\":\"https:\\\/\\\/www.organisator.ch\\\/#\\\/schema\\\/person\\\/6f650f90b2842cd4c0cc334b4e36f67e\"},\"headline\":\"WESCO ernennt Irina A. Leutwyler zur CEO\",\"datePublished\":\"2020-10-26T13:08:40+00:00\",\"mainEntityOfPage\":{\"@id\":\"https:\\\/\\\/www.organisator.ch\\\/management\\\/2020-10-26\\\/wesco-ernennt-irina-a-leutwyler-zur-ceo\\\/\"},\"wordCount\":340,\"publisher\":{\"@id\":\"https:\\\/\\\/www.organisator.ch\\\/#organization\"},\"image\":{\"@id\":\"https:\\\/\\\/www.organisator.ch\\\/management\\\/2020-10-26\\\/wesco-ernennt-irina-a-leutwyler-zur-ceo\\\/#primaryimage\"},\"thumbnailUrl\":\"https:\\\/\\\/www.organisator.ch\\\/wp-content\\\/uploads\\\/2020\\\/10\\\/WESCO-ernennt-Irina-A-Leutwyler-zur-CEO-_Organisator.jpg\",\"keywords\":[\"Management und Unternehmensf\u00fchrung\",\"Personalia\",\"Unternehmensf\u00fchrung\"],\"articleSection\":[\"MANAGEMENT\"],\"inLanguage\":\"it-IT\"},{\"@type\":\"WebPage\",\"@id\":\"https:\\\/\\\/www.organisator.ch\\\/management\\\/2020-10-26\\\/wesco-ernennt-irina-a-leutwyler-zur-ceo\\\/\",\"url\":\"https:\\\/\\\/www.organisator.ch\\\/management\\\/2020-10-26\\\/wesco-ernennt-irina-a-leutwyler-zur-ceo\\\/\",\"name\":\"WESCO ernennt Irina A. Leutwyler zur CEO - Organisator\",\"isPartOf\":{\"@id\":\"https:\\\/\\\/www.organisator.ch\\\/#website\"},\"primaryImageOfPage\":{\"@id\":\"https:\\\/\\\/www.organisator.ch\\\/management\\\/2020-10-26\\\/wesco-ernennt-irina-a-leutwyler-zur-ceo\\\/#primaryimage\"},\"image\":{\"@id\":\"https:\\\/\\\/www.organisator.ch\\\/management\\\/2020-10-26\\\/wesco-ernennt-irina-a-leutwyler-zur-ceo\\\/#primaryimage\"},\"thumbnailUrl\":\"https:\\\/\\\/www.organisator.ch\\\/wp-content\\\/uploads\\\/2020\\\/10\\\/WESCO-ernennt-Irina-A-Leutwyler-zur-CEO-_Organisator.jpg\",\"datePublished\":\"2020-10-26T13:08:40+00:00\",\"description\":\"Irina A. Leutwyler hat per 1. Oktober 2020 die Gesch\u00e4ftsleitung der WESCO AG \u00fcbernommen, eines f\u00fchrenden Schweizer Unternehmens in der L\u00fcftungstechnik.\",\"breadcrumb\":{\"@id\":\"https:\\\/\\\/www.organisator.ch\\\/management\\\/2020-10-26\\\/wesco-ernennt-irina-a-leutwyler-zur-ceo\\\/#breadcrumb\"},\"inLanguage\":\"it-IT\",\"potentialAction\":[{\"@type\":\"ReadAction\",\"target\":[\"https:\\\/\\\/www.organisator.ch\\\/management\\\/2020-10-26\\\/wesco-ernennt-irina-a-leutwyler-zur-ceo\\\/\"]}]},{\"@type\":\"ImageObject\",\"inLanguage\":\"it-IT\",\"@id\":\"https:\\\/\\\/www.organisator.ch\\\/management\\\/2020-10-26\\\/wesco-ernennt-irina-a-leutwyler-zur-ceo\\\/#primaryimage\",\"url\":\"https:\\\/\\\/www.organisator.ch\\\/wp-content\\\/uploads\\\/2020\\\/10\\\/WESCO-ernennt-Irina-A-Leutwyler-zur-CEO-_Organisator.jpg\",\"contentUrl\":\"https:\\\/\\\/www.organisator.ch\\\/wp-content\\\/uploads\\\/2020\\\/10\\\/WESCO-ernennt-Irina-A-Leutwyler-zur-CEO-_Organisator.jpg\",\"width\":680,\"height\":500,\"caption\":\"Irina A. Leutwyler, neue CEO des Unternehmens WESCO. (Bild: zVg)\"},{\"@type\":\"BreadcrumbList\",\"@id\":\"https:\\\/\\\/www.organisator.ch\\\/management\\\/2020-10-26\\\/wesco-ernennt-irina-a-leutwyler-zur-ceo\\\/#breadcrumb\",\"itemListElement\":[{\"@type\":\"ListItem\",\"position\":1,\"name\":\"Home\",\"item\":\"https:\\\/\\\/www.organisator.ch\\\/\"},{\"@type\":\"ListItem\",\"position\":2,\"name\":\"WESCO ernennt Irina A. Leutwyler zur CEO\"}]},{\"@type\":\"WebSite\",\"@id\":\"https:\\\/\\\/www.organisator.ch\\\/#website\",\"url\":\"https:\\\/\\\/www.organisator.ch\\\/\",\"name\":\"Organisator\",\"description\":\"Kompetent. Praxisnah. Der ORGANISATOR bereitet in 10 Ausgaben pro Jahr die wesentlichen Themen f\u00fcr F\u00fchrungskr\u00e4fte von KMU auf.\",\"publisher\":{\"@id\":\"https:\\\/\\\/www.organisator.ch\\\/#organization\"},\"potentialAction\":[{\"@type\":\"SearchAction\",\"target\":{\"@type\":\"EntryPoint\",\"urlTemplate\":\"https:\\\/\\\/www.organisator.ch\\\/?s={search_term_string}\"},\"query-input\":{\"@type\":\"PropertyValueSpecification\",\"valueRequired\":true,\"valueName\":\"search_term_string\"}}],\"inLanguage\":\"it-IT\"},{\"@type\":\"Organization\",\"@id\":\"https:\\\/\\\/www.organisator.ch\\\/#organization\",\"name\":\"Organisator\",\"url\":\"https:\\\/\\\/www.organisator.ch\\\/\",\"logo\":{\"@type\":\"ImageObject\",\"inLanguage\":\"it-IT\",\"@id\":\"https:\\\/\\\/www.organisator.ch\\\/#\\\/schema\\\/logo\\\/image\\\/\",\"url\":\"https:\\\/\\\/www.organisator.ch\\\/wp-content\\\/uploads\\\/2022\\\/01\\\/Logo_Organisator_Website.png\",\"contentUrl\":\"https:\\\/\\\/www.organisator.ch\\\/wp-content\\\/uploads\\\/2022\\\/01\\\/Logo_Organisator_Website.png\",\"width\":800,\"height\":77,\"caption\":\"Organisator\"},\"image\":{\"@id\":\"https:\\\/\\\/www.organisator.ch\\\/#\\\/schema\\\/logo\\\/image\\\/\"},\"sameAs\":[\"https:\\\/\\\/www.facebook.com\\\/OrganisatorFachmagazin\",\"https:\\\/\\\/www.linkedin.com\\\/showcase\\\/organisator-das-magazin-fr-kmu\",\"https:\\\/\\\/www.xing.com\\\/news\\\/pages\\\/organisator-ch-695\",\"https:\\\/\\\/www.youtube.com\\\/channel\\\/UCGP2Sq0iWaZwT3BdIAQFYpw\"]},{\"@type\":\"Person\",\"@id\":\"https:\\\/\\\/www.organisator.ch\\\/#\\\/schema\\\/person\\\/6f650f90b2842cd4c0cc334b4e36f67e\",\"name\":\"thomas.berner\",\"image\":{\"@type\":\"ImageObject\",\"inLanguage\":\"it-IT\",\"@id\":\"https:\\\/\\\/secure.gravatar.com\\\/avatar\\\/ac5001d2a36cb6c6cd3e50789007ffca834b477b74a2144564522e944eabff61?s=96&d=mm&r=g\",\"url\":\"https:\\\/\\\/secure.gravatar.com\\\/avatar\\\/ac5001d2a36cb6c6cd3e50789007ffca834b477b74a2144564522e944eabff61?s=96&d=mm&r=g\",\"contentUrl\":\"https:\\\/\\\/secure.gravatar.com\\\/avatar\\\/ac5001d2a36cb6c6cd3e50789007ffca834b477b74a2144564522e944eabff61?s=96&d=mm&r=g\",\"caption\":\"thomas.berner\"},\"url\":\"https:\\\/\\\/www.organisator.ch\\\/it\\\/author\\\/thomas-berner\\\/\"}]}<\/script>\n<!-- \/ Yoast SEO plugin. -->","yoast_head_json":{"title":"WESCO nomina Irina A. Leutwyler amministratore delegato - Organizzatore","description":"Irina A. Leutwyler ha assunto la direzione di WESCO AG, azienda svizzera leader nella tecnologia di ventilazione, a partire dal 1\u00b0 ottobre 2020.","robots":{"index":"index","follow":"follow","max-snippet":"max-snippet:-1","max-image-preview":"max-image-preview:large","max-video-preview":"max-video-preview:-1"},"canonical":"https:\/\/www.organisator.ch\/it\/gestione-2\/2020-10-26\/wesco-ernennt-irina-a-leutwyler-zur-ceo\/","og_locale":"it_IT","og_type":"article","og_title":"WESCO ernennt Irina A. Leutwyler zur CEO","og_description":"Irina A. Leutwyler hat per 1. Oktober 2020 die Gesch\u00e4ftsleitung der WESCO AG \u00fcbernommen, eines f\u00fchrenden Schweizer Unternehmens in der L\u00fcftungstechnik.","og_url":"https:\/\/www.organisator.ch\/it\/gestione-2\/2020-10-26\/wesco-ernennt-irina-a-leutwyler-zur-ceo\/","og_site_name":"Organisator","article_publisher":"https:\/\/www.facebook.com\/OrganisatorFachmagazin","article_published_time":"2020-10-26T13:08:40+00:00","og_image":[{"width":680,"height":500,"url":"https:\/\/www.organisator.ch\/wp-content\/uploads\/2020\/10\/WESCO-ernennt-Irina-A-Leutwyler-zur-CEO-_Organisator.jpg","type":"image\/jpeg"}],"author":"thomas.berner","twitter_card":"summary_large_image","twitter_title":"#WESCO ernennt Irina A. #Leutwyler zur CEO","twitter_description":"Irina A. #Leutwyler hat per 1. Oktober 2020 die #Gesch\u00e4ftsleitung der #WESCO AG \u00fcbernommen, eines f\u00fchrenden Schweizer Unternehmens in der #L\u00fcftungstechnik.","twitter_image":"https:\/\/www.organisator.ch\/wp-content\/uploads\/2020\/10\/WESCO-ernennt-Irina-A-Leutwyler-zur-CEO-_Organisator.jpg","schema":{"@context":"https:\/\/schema.org","@graph":[{"@type":"Article","@id":"https:\/\/www.organisator.ch\/management\/2020-10-26\/wesco-ernennt-irina-a-leutwyler-zur-ceo\/#article","isPartOf":{"@id":"https:\/\/www.organisator.ch\/management\/2020-10-26\/wesco-ernennt-irina-a-leutwyler-zur-ceo\/"},"author":{"name":"thomas.berner","@id":"https:\/\/www.organisator.ch\/#\/schema\/person\/6f650f90b2842cd4c0cc334b4e36f67e"},"headline":"WESCO ernennt Irina A. Leutwyler zur CEO","datePublished":"2020-10-26T13:08:40+00:00","mainEntityOfPage":{"@id":"https:\/\/www.organisator.ch\/management\/2020-10-26\/wesco-ernennt-irina-a-leutwyler-zur-ceo\/"},"wordCount":340,"publisher":{"@id":"https:\/\/www.organisator.ch\/#organization"},"image":{"@id":"https:\/\/www.organisator.ch\/management\/2020-10-26\/wesco-ernennt-irina-a-leutwyler-zur-ceo\/#primaryimage"},"thumbnailUrl":"https:\/\/www.organisator.ch\/wp-content\/uploads\/2020\/10\/WESCO-ernennt-Irina-A-Leutwyler-zur-CEO-_Organisator.jpg","keywords":["Management und Unternehmensf\u00fchrung","Personalia","Unternehmensf\u00fchrung"],"articleSection":["MANAGEMENT"],"inLanguage":"it-IT"},{"@type":"WebPage","@id":"https:\/\/www.organisator.ch\/management\/2020-10-26\/wesco-ernennt-irina-a-leutwyler-zur-ceo\/","url":"https:\/\/www.organisator.ch\/management\/2020-10-26\/wesco-ernennt-irina-a-leutwyler-zur-ceo\/","name":"WESCO nomina Irina A. Leutwyler amministratore delegato - Organizzatore","isPartOf":{"@id":"https:\/\/www.organisator.ch\/#website"},"primaryImageOfPage":{"@id":"https:\/\/www.organisator.ch\/management\/2020-10-26\/wesco-ernennt-irina-a-leutwyler-zur-ceo\/#primaryimage"},"image":{"@id":"https:\/\/www.organisator.ch\/management\/2020-10-26\/wesco-ernennt-irina-a-leutwyler-zur-ceo\/#primaryimage"},"thumbnailUrl":"https:\/\/www.organisator.ch\/wp-content\/uploads\/2020\/10\/WESCO-ernennt-Irina-A-Leutwyler-zur-CEO-_Organisator.jpg","datePublished":"2020-10-26T13:08:40+00:00","description":"Irina A. Leutwyler ha assunto la direzione di WESCO AG, azienda svizzera leader nella tecnologia di ventilazione, a partire dal 1\u00b0 ottobre 2020.","breadcrumb":{"@id":"https:\/\/www.organisator.ch\/management\/2020-10-26\/wesco-ernennt-irina-a-leutwyler-zur-ceo\/#breadcrumb"},"inLanguage":"it-IT","potentialAction":[{"@type":"ReadAction","target":["https:\/\/www.organisator.ch\/management\/2020-10-26\/wesco-ernennt-irina-a-leutwyler-zur-ceo\/"]}]},{"@type":"ImageObject","inLanguage":"it-IT","@id":"https:\/\/www.organisator.ch\/management\/2020-10-26\/wesco-ernennt-irina-a-leutwyler-zur-ceo\/#primaryimage","url":"https:\/\/www.organisator.ch\/wp-content\/uploads\/2020\/10\/WESCO-ernennt-Irina-A-Leutwyler-zur-CEO-_Organisator.jpg","contentUrl":"https:\/\/www.organisator.ch\/wp-content\/uploads\/2020\/10\/WESCO-ernennt-Irina-A-Leutwyler-zur-CEO-_Organisator.jpg","width":680,"height":500,"caption":"Irina A. Leutwyler, neue CEO des Unternehmens WESCO. (Bild: zVg)"},{"@type":"BreadcrumbList","@id":"https:\/\/www.organisator.ch\/management\/2020-10-26\/wesco-ernennt-irina-a-leutwyler-zur-ceo\/#breadcrumb","itemListElement":[{"@type":"ListItem","position":1,"name":"Home","item":"https:\/\/www.organisator.ch\/"},{"@type":"ListItem","position":2,"name":"WESCO ernennt Irina A. Leutwyler zur CEO"}]},{"@type":"WebSite","@id":"https:\/\/www.organisator.ch\/#website","url":"https:\/\/www.organisator.ch\/","name":"Organizzatore","description":"Competente. Pratico. In 10 numeri all'anno, ORGANISATOR presenta i temi essenziali per i manager delle PMI.","publisher":{"@id":"https:\/\/www.organisator.ch\/#organization"},"potentialAction":[{"@type":"SearchAction","target":{"@type":"EntryPoint","urlTemplate":"https:\/\/www.organisator.ch\/?s={search_term_string}"},"query-input":{"@type":"PropertyValueSpecification","valueRequired":true,"valueName":"search_term_string"}}],"inLanguage":"it-IT"},{"@type":"Organization","@id":"https:\/\/www.organisator.ch\/#organization","name":"Organizzatore","url":"https:\/\/www.organisator.ch\/","logo":{"@type":"ImageObject","inLanguage":"it-IT","@id":"https:\/\/www.organisator.ch\/#\/schema\/logo\/image\/","url":"https:\/\/www.organisator.ch\/wp-content\/uploads\/2022\/01\/Logo_Organisator_Website.png","contentUrl":"https:\/\/www.organisator.ch\/wp-content\/uploads\/2022\/01\/Logo_Organisator_Website.png","width":800,"height":77,"caption":"Organisator"},"image":{"@id":"https:\/\/www.organisator.ch\/#\/schema\/logo\/image\/"},"sameAs":["https:\/\/www.facebook.com\/OrganisatorFachmagazin","https:\/\/www.linkedin.com\/showcase\/organisator-das-magazin-fr-kmu","https:\/\/www.xing.com\/news\/pages\/organisator-ch-695","https:\/\/www.youtube.com\/channel\/UCGP2Sq0iWaZwT3BdIAQFYpw"]},{"@type":"Person","@id":"https:\/\/www.organisator.ch\/#\/schema\/person\/6f650f90b2842cd4c0cc334b4e36f67e","name":"Tommaso.berner","image":{"@type":"ImageObject","inLanguage":"it-IT","@id":"https:\/\/secure.gravatar.com\/avatar\/ac5001d2a36cb6c6cd3e50789007ffca834b477b74a2144564522e944eabff61?s=96&d=mm&r=g","url":"https:\/\/secure.gravatar.com\/avatar\/ac5001d2a36cb6c6cd3e50789007ffca834b477b74a2144564522e944eabff61?s=96&d=mm&r=g","contentUrl":"https:\/\/secure.gravatar.com\/avatar\/ac5001d2a36cb6c6cd3e50789007ffca834b477b74a2144564522e944eabff61?s=96&d=mm&r=g","caption":"thomas.berner"},"url":"https:\/\/www.organisator.ch\/it\/author\/thomas-berner\/"}]}},"_links":{"self":[{"href":"https:\/\/www.organisator.ch\/it\/wp-json\/wp\/v2\/posts\/7254","targetHints":{"allow":["GET"]}}],"collection":[{"href":"https:\/\/www.organisator.ch\/it\/wp-json\/wp\/v2\/posts"}],"about":[{"href":"https:\/\/www.organisator.ch\/it\/wp-json\/wp\/v2\/types\/post"}],"author":[{"embeddable":true,"href":"https:\/\/www.organisator.ch\/it\/wp-json\/wp\/v2\/users\/4"}],"replies":[{"embeddable":true,"href":"https:\/\/www.organisator.ch\/it\/wp-json\/wp\/v2\/comments?post=7254"}],"version-history":[{"count":0,"href":"https:\/\/www.organisator.ch\/it\/wp-json\/wp\/v2\/posts\/7254\/revisions"}],"wp:featuredmedia":[{"embeddable":true,"href":"https:\/\/www.organisator.ch\/it\/wp-json\/wp\/v2\/media\/7255"}],"wp:attachment":[{"href":"https:\/\/www.organisator.ch\/it\/wp-json\/wp\/v2\/media?parent=7254"}],"wp:term":[{"taxonomy":"category","embeddable":true,"href":"https:\/\/www.organisator.ch\/it\/wp-json\/wp\/v2\/categories?post=7254"},{"taxonomy":"post_tag","embeddable":true,"href":"https:\/\/www.organisator.ch\/it\/wp-json\/wp\/v2\/tags?post=7254"}],"curies":[{"name":"wp","href":"https:\/\/api.w.org\/{rel}","templated":true}]}}