{"id":7257,"date":"2020-10-27T07:48:55","date_gmt":"2020-10-27T06:48:55","guid":{"rendered":"https:\/\/www.organisator.ch\/?p=7257"},"modified":"2020-10-27T07:48:55","modified_gmt":"2020-10-27T06:48:55","slug":"die-schweizer-softwarebranche-meistert-das-krisenjahr-2020","status":"publish","type":"post","link":"https:\/\/www.organisator.ch\/it\/management\/it\/2020-10-27\/die-schweizer-softwarebranche-meistert-das-krisenjahr-2020\/","title":{"rendered":"L'industria svizzera del software domina l'anno di crisi 2020"},"content":{"rendered":"<figure id=\"attachment_7258\" aria-describedby=\"caption-attachment-7258\" style=\"width: 680px\" class=\"wp-caption alignnone\"><img loading=\"lazy\" decoding=\"async\" class=\"size-medium wp-image-7258\" src=\"https:\/\/www.organisator.ch\/wp-content\/uploads\/2020\/10\/Die-Schweizer-Softwarebranche-meistert-das-Krisenjahr-2020_Organisator.jpg\" alt=\"\" width=\"680\" height=\"453\" srcset=\"https:\/\/www.organisator.ch\/wp-content\/uploads\/2020\/10\/Die-Schweizer-Softwarebranche-meistert-das-Krisenjahr-2020_Organisator.jpg 680w, https:\/\/www.organisator.ch\/wp-content\/uploads\/2020\/10\/Die-Schweizer-Softwarebranche-meistert-das-Krisenjahr-2020_Organisator-16x12.jpg 16w, https:\/\/www.organisator.ch\/wp-content\/uploads\/2020\/10\/Die-Schweizer-Softwarebranche-meistert-das-Krisenjahr-2020_Organisator-263x175.jpg 263w, https:\/\/www.organisator.ch\/wp-content\/uploads\/2020\/10\/Die-Schweizer-Softwarebranche-meistert-das-Krisenjahr-2020_Organisator-525x350.jpg 525w, https:\/\/www.organisator.ch\/wp-content\/uploads\/2020\/10\/Die-Schweizer-Softwarebranche-meistert-das-Krisenjahr-2020_Organisator-300x200.jpg 300w\" sizes=\"auto, (max-width: 680px) 100vw, 680px\" \/><figcaption id=\"caption-attachment-7258\" class=\"wp-caption-text\">Ben programmato: L'industria svizzera del software sta affrontando bene l'anno di crisi 2020 e guarda al futuro con fiducia. (Immagine: Pixabay.com)<\/figcaption><\/figure>\n<p>La SSIS \u00e8 il pi\u00f9 grande studio dell'industria svizzera del software e fornisce dichiarazioni previsionali sulla crescita delle entrate e dei dipendenti. Lo studio di quest'anno si \u00e8 concentrato sull'impatto di COVID-19 e sull'importanza del riutilizzo del software per le aziende di software svizzere. I risultati sono stati presentati in occasione del <a href=\"http:\/\/www.cno-panel.ch\">Pannelli CNO<\/a> pubblicato il 26 ottobre 2020 a Berna.<\/p>\n<h2>I principali risultati della SSIS 2020<\/h2>\n<p>La SSIS 2020 afferma una crescita complessiva moderata con prospettive di miglioramento: la redditivit\u00e0 (margine EBIT) \u00e8 scesa di 2,2 punti percentuali a 6% nel 2019 rispetto al livello dell'anno precedente. Allo stesso tempo, le aziende di software svizzere sono state in grado di aumentare le entrate per dipendente a circa 245.000 franchi. Guardando al 2020, l'industria del software si aspetta una bassa crescita dei ricavi di 2,7% (2019: 9,5%) e una crescita dei dipendenti di soli 6% (2019: 11,9%). Per il 2021, una ripresa \u00e8 all'orizzonte con una crescita delle entrate prevista di 10,2% e una crescita dei dipendenti di 11,6%.<\/p>\n<h2>L'industria svizzera del software ha successo all'estero<\/h2>\n<p>Il 2020 \u00e8 stato un anno di successo per l'estero: nel 2020, l'industria svizzera del software ha generato circa 21% del suo fatturato all'estero. Dopo un calo intermedio nel 2018 a circa 14%, questo rappresenta un ritorno al tasso di esportazione del 2017. La Germania rimane di gran lunga il pi\u00f9 importante mercato di esportazione con una quota di vendite totali all'estero di circa 55%, seguita dagli altri paesi europei. La quota di esportazione verso i paesi non europei rimane relativamente bassa con 14,6%.<\/p>\n<h2>Investimento nell'infrastruttura dell'home office sulla scia della pandemia COVID 19<\/h2>\n<p>Le societ\u00e0 di software svizzere non sono state risparmiate da COVID-19 e dalle restrizioni associate. Nel complesso, comunque, l'industria svizzera del software era ben preparata al blocco. Solo il 10,2% delle aziende intervistate ha dovuto fare grandi investimenti nell'infrastruttura di base a livello aziendale per il lavoro da casa (ad esempio software di comunicazione e collaborazione o VPN). Tuttavia, l'86,7% delle aziende intervistate ha dovuto fare grandi investimenti per attrezzare gli uffici domestici dei dipendenti (ad esempio in notebook, monitor o cuffie).<\/p>\n<h2>Modelli di lavoro pi\u00f9 flessibili come risultato della pandemia COVID 19<\/h2>\n<p>La maggioranza delle aziende di software svizzere intervistate si aspetta che l'esperienza con COVID-19 e le restrizioni associate porteranno all'introduzione di modelli di lavoro pi\u00f9 flessibili. Inoltre, un terzo delle aziende intervistate vuole dare pi\u00f9 potere ai propri dipendenti. Solo il 4% delle aziende vuole ridurre la propria dipendenza dai freelance e dai fornitori di servizi di sourcing.<\/p>\n<h2>Fonti di reddito durante la pandemia di COVID 19<\/h2>\n<p>I fornitori e i rivenditori di soluzioni standard e cloud, cos\u00ec come i fornitori di servizi di personalizzazione di soluzioni di terzi, hanno avuto una leggera ripresa grazie alla pandemia. Tuttavia, la maggior parte dell'industria ha sofferto del rinvio degli ordini esistenti e della difficolt\u00e0 di acquisire nuovi clienti e nuovi ordini.<\/p>\n<h2>L'industria svizzera del software vuole riutilizzare pi\u00f9 software<\/h2>\n<p>Aumentare la produttivit\u00e0 attraverso il riutilizzo del software \u00e8 di importanza strategica: Riutilizzare il software e la conoscenza del software per creare nuovo software \u00e8 di grande importanza per le aziende di software svizzere: il 73,2% delle aziende intervistate immagazzina sistematicamente la conoscenza dai progetti passati per il riutilizzo, il 67,6% considera il riutilizzo critico per il successo e per il 50,3% \u00e8 addirittura uno dei loro obiettivi strategici dichiarati.<\/p>\n<p><em>Fonte e ulteriori informazioni: <a href=\"http:\/\/www.ictswitzerland.ch\">ICT Svizzera<\/a><\/em><\/p>","protected":false},"excerpt":{"rendered":"<p>Der SSIS ist die gr\u00f6sste Studie \u00fcber die Schweizer Softwarebranche und liefert zukunftsorientierte Aussagen \u00fcber das Umsatz- und Mitarbeiterwachstum. Im Mittelpunkt der diesj\u00e4hrigen Studie standen die Auswirkungen von COVID-19 und die Bedeutung von Software-Wiederverwendung f\u00fcr Schweizer Softwarefirmen. Die Resultate wurden anl\u00e4sslich des CNO-Panels am 26. Oktober 2020 in Bern ver\u00f6ffentlicht. Die Hauptergebnisse des SSIS 2020 [&hellip;]<\/p>\n","protected":false},"author":4,"featured_media":7258,"comment_status":"closed","ping_status":"closed","sticky":false,"template":"","format":"standard","meta":{"_acf_changed":false,"_yoast_wpseo_focuskw":"Schweizer Softwarebranche","_yoast_wpseo_metadesc":"Der Swiss Software Industry Survey (SSIS) zeigt, dass die Schweizer Softwarebranche im Krisenjahr 2020 glimpflich davonkommen wird.","articlekey":"","footnotes":""},"categories":[27],"tags":[286,288,503],"class_list":["post-7257","post","type-post","status-publish","format-standard","has-post-thumbnail","hentry","category-it","tag-it","tag-it-business-software","tag-verbaende"],"acf":[],"yoast_head":"<!-- This site is optimized with the Yoast SEO plugin v27.5 - https:\/\/yoast.com\/product\/yoast-seo-wordpress\/ -->\n<title>Die Schweizer Softwarebranche meistert das Krisenjahr 2020 - Organisator<\/title>\n<meta name=\"description\" content=\"Der Swiss Software Industry Survey (SSIS) zeigt, dass die Schweizer Softwarebranche im Krisenjahr 2020 glimpflich davonkommen wird.\" \/>\n<meta name=\"robots\" content=\"index, follow, max-snippet:-1, max-image-preview:large, max-video-preview:-1\" \/>\n<link rel=\"canonical\" href=\"https:\/\/www.organisator.ch\/it\/gestione-2\/it\/2020-10-27\/die-schweizer-softwarebranche-meistert-das-krisenjahr-2020\/\" \/>\n<meta property=\"og:locale\" content=\"it_IT\" \/>\n<meta property=\"og:type\" content=\"article\" \/>\n<meta property=\"og:title\" content=\"Die Schweizer Softwarebranche meistert das Krisenjahr 2020\" \/>\n<meta property=\"og:description\" content=\"Der Swiss Software Industry Survey (SSIS) zeigt, dass die Schweizer Softwarebranche im Krisenjahr 2020 glimpflich davonkommen wird.\" \/>\n<meta property=\"og:url\" content=\"https:\/\/www.organisator.ch\/it\/gestione-2\/it\/2020-10-27\/die-schweizer-softwarebranche-meistert-das-krisenjahr-2020\/\" \/>\n<meta property=\"og:site_name\" content=\"Organisator\" \/>\n<meta property=\"article:publisher\" content=\"https:\/\/www.facebook.com\/OrganisatorFachmagazin\" \/>\n<meta property=\"article:published_time\" content=\"2020-10-27T06:48:55+00:00\" \/>\n<meta property=\"og:image\" content=\"https:\/\/www.organisator.ch\/wp-content\/uploads\/2020\/10\/Die-Schweizer-Softwarebranche-meistert-das-Krisenjahr-2020_Organisator.jpg\" \/>\n\t<meta property=\"og:image:width\" content=\"680\" \/>\n\t<meta property=\"og:image:height\" content=\"453\" \/>\n\t<meta property=\"og:image:type\" content=\"image\/jpeg\" \/>\n<meta name=\"author\" content=\"thomas.berner\" \/>\n<meta name=\"twitter:card\" content=\"summary_large_image\" \/>\n<meta name=\"twitter:title\" content=\"Die Schweizer #Softwarebranche meistert das #Krisenjahr 2020\" \/>\n<meta name=\"twitter:description\" content=\"Der Swiss Software Industry Survey (#SSIS) zeigt, dass die Schweizer #Softwarebranche im #Krisenjahr 2020 glimpflich davonkommen wird.\" \/>\n<meta name=\"twitter:image\" content=\"https:\/\/www.organisator.ch\/wp-content\/uploads\/2020\/10\/Die-Schweizer-Softwarebranche-meistert-das-Krisenjahr-2020_Organisator.jpg\" \/>\n<script type=\"application\/ld+json\" class=\"yoast-schema-graph\">{\"@context\":\"https:\\\/\\\/schema.org\",\"@graph\":[{\"@type\":\"Article\",\"@id\":\"https:\\\/\\\/www.organisator.ch\\\/management\\\/it\\\/2020-10-27\\\/die-schweizer-softwarebranche-meistert-das-krisenjahr-2020\\\/#article\",\"isPartOf\":{\"@id\":\"https:\\\/\\\/www.organisator.ch\\\/management\\\/it\\\/2020-10-27\\\/die-schweizer-softwarebranche-meistert-das-krisenjahr-2020\\\/\"},\"author\":{\"name\":\"thomas.berner\",\"@id\":\"https:\\\/\\\/www.organisator.ch\\\/#\\\/schema\\\/person\\\/6f650f90b2842cd4c0cc334b4e36f67e\"},\"headline\":\"Die Schweizer Softwarebranche meistert das Krisenjahr 2020\",\"datePublished\":\"2020-10-27T06:48:55+00:00\",\"mainEntityOfPage\":{\"@id\":\"https:\\\/\\\/www.organisator.ch\\\/management\\\/it\\\/2020-10-27\\\/die-schweizer-softwarebranche-meistert-das-krisenjahr-2020\\\/\"},\"wordCount\":508,\"publisher\":{\"@id\":\"https:\\\/\\\/www.organisator.ch\\\/#organization\"},\"image\":{\"@id\":\"https:\\\/\\\/www.organisator.ch\\\/management\\\/it\\\/2020-10-27\\\/die-schweizer-softwarebranche-meistert-das-krisenjahr-2020\\\/#primaryimage\"},\"thumbnailUrl\":\"https:\\\/\\\/www.organisator.ch\\\/wp-content\\\/uploads\\\/2020\\\/10\\\/Die-Schweizer-Softwarebranche-meistert-das-Krisenjahr-2020_Organisator.jpg\",\"keywords\":[\"IT\",\"IT &amp; Business Software\",\"Verb\u00e4nde\"],\"articleSection\":[\"IT\"],\"inLanguage\":\"it-IT\"},{\"@type\":\"WebPage\",\"@id\":\"https:\\\/\\\/www.organisator.ch\\\/management\\\/it\\\/2020-10-27\\\/die-schweizer-softwarebranche-meistert-das-krisenjahr-2020\\\/\",\"url\":\"https:\\\/\\\/www.organisator.ch\\\/management\\\/it\\\/2020-10-27\\\/die-schweizer-softwarebranche-meistert-das-krisenjahr-2020\\\/\",\"name\":\"Die Schweizer Softwarebranche meistert das Krisenjahr 2020 - Organisator\",\"isPartOf\":{\"@id\":\"https:\\\/\\\/www.organisator.ch\\\/#website\"},\"primaryImageOfPage\":{\"@id\":\"https:\\\/\\\/www.organisator.ch\\\/management\\\/it\\\/2020-10-27\\\/die-schweizer-softwarebranche-meistert-das-krisenjahr-2020\\\/#primaryimage\"},\"image\":{\"@id\":\"https:\\\/\\\/www.organisator.ch\\\/management\\\/it\\\/2020-10-27\\\/die-schweizer-softwarebranche-meistert-das-krisenjahr-2020\\\/#primaryimage\"},\"thumbnailUrl\":\"https:\\\/\\\/www.organisator.ch\\\/wp-content\\\/uploads\\\/2020\\\/10\\\/Die-Schweizer-Softwarebranche-meistert-das-Krisenjahr-2020_Organisator.jpg\",\"datePublished\":\"2020-10-27T06:48:55+00:00\",\"description\":\"Der Swiss Software Industry Survey (SSIS) zeigt, dass die Schweizer Softwarebranche im Krisenjahr 2020 glimpflich davonkommen wird.\",\"breadcrumb\":{\"@id\":\"https:\\\/\\\/www.organisator.ch\\\/management\\\/it\\\/2020-10-27\\\/die-schweizer-softwarebranche-meistert-das-krisenjahr-2020\\\/#breadcrumb\"},\"inLanguage\":\"it-IT\",\"potentialAction\":[{\"@type\":\"ReadAction\",\"target\":[\"https:\\\/\\\/www.organisator.ch\\\/management\\\/it\\\/2020-10-27\\\/die-schweizer-softwarebranche-meistert-das-krisenjahr-2020\\\/\"]}]},{\"@type\":\"ImageObject\",\"inLanguage\":\"it-IT\",\"@id\":\"https:\\\/\\\/www.organisator.ch\\\/management\\\/it\\\/2020-10-27\\\/die-schweizer-softwarebranche-meistert-das-krisenjahr-2020\\\/#primaryimage\",\"url\":\"https:\\\/\\\/www.organisator.ch\\\/wp-content\\\/uploads\\\/2020\\\/10\\\/Die-Schweizer-Softwarebranche-meistert-das-Krisenjahr-2020_Organisator.jpg\",\"contentUrl\":\"https:\\\/\\\/www.organisator.ch\\\/wp-content\\\/uploads\\\/2020\\\/10\\\/Die-Schweizer-Softwarebranche-meistert-das-Krisenjahr-2020_Organisator.jpg\",\"width\":680,\"height\":453,\"caption\":\"Gut programmiert: Die Schweizer Softwarebranche meistert das Krisenjahr 2020 insgesamt gut und blickt zuversichtlich in die Zukunft. (Bild: Pixabay.com)\"},{\"@type\":\"BreadcrumbList\",\"@id\":\"https:\\\/\\\/www.organisator.ch\\\/management\\\/it\\\/2020-10-27\\\/die-schweizer-softwarebranche-meistert-das-krisenjahr-2020\\\/#breadcrumb\",\"itemListElement\":[{\"@type\":\"ListItem\",\"position\":1,\"name\":\"Home\",\"item\":\"https:\\\/\\\/www.organisator.ch\\\/\"},{\"@type\":\"ListItem\",\"position\":2,\"name\":\"Die Schweizer Softwarebranche meistert das Krisenjahr 2020\"}]},{\"@type\":\"WebSite\",\"@id\":\"https:\\\/\\\/www.organisator.ch\\\/#website\",\"url\":\"https:\\\/\\\/www.organisator.ch\\\/\",\"name\":\"Organisator\",\"description\":\"Kompetent. Praxisnah. Der ORGANISATOR bereitet in 10 Ausgaben pro Jahr die wesentlichen Themen f\u00fcr F\u00fchrungskr\u00e4fte von KMU auf.\",\"publisher\":{\"@id\":\"https:\\\/\\\/www.organisator.ch\\\/#organization\"},\"potentialAction\":[{\"@type\":\"SearchAction\",\"target\":{\"@type\":\"EntryPoint\",\"urlTemplate\":\"https:\\\/\\\/www.organisator.ch\\\/?s={search_term_string}\"},\"query-input\":{\"@type\":\"PropertyValueSpecification\",\"valueRequired\":true,\"valueName\":\"search_term_string\"}}],\"inLanguage\":\"it-IT\"},{\"@type\":\"Organization\",\"@id\":\"https:\\\/\\\/www.organisator.ch\\\/#organization\",\"name\":\"Organisator\",\"url\":\"https:\\\/\\\/www.organisator.ch\\\/\",\"logo\":{\"@type\":\"ImageObject\",\"inLanguage\":\"it-IT\",\"@id\":\"https:\\\/\\\/www.organisator.ch\\\/#\\\/schema\\\/logo\\\/image\\\/\",\"url\":\"https:\\\/\\\/www.organisator.ch\\\/wp-content\\\/uploads\\\/2022\\\/01\\\/Logo_Organisator_Website.png\",\"contentUrl\":\"https:\\\/\\\/www.organisator.ch\\\/wp-content\\\/uploads\\\/2022\\\/01\\\/Logo_Organisator_Website.png\",\"width\":800,\"height\":77,\"caption\":\"Organisator\"},\"image\":{\"@id\":\"https:\\\/\\\/www.organisator.ch\\\/#\\\/schema\\\/logo\\\/image\\\/\"},\"sameAs\":[\"https:\\\/\\\/www.facebook.com\\\/OrganisatorFachmagazin\",\"https:\\\/\\\/www.linkedin.com\\\/showcase\\\/organisator-das-magazin-fr-kmu\",\"https:\\\/\\\/www.xing.com\\\/news\\\/pages\\\/organisator-ch-695\",\"https:\\\/\\\/www.youtube.com\\\/channel\\\/UCGP2Sq0iWaZwT3BdIAQFYpw\"]},{\"@type\":\"Person\",\"@id\":\"https:\\\/\\\/www.organisator.ch\\\/#\\\/schema\\\/person\\\/6f650f90b2842cd4c0cc334b4e36f67e\",\"name\":\"thomas.berner\",\"image\":{\"@type\":\"ImageObject\",\"inLanguage\":\"it-IT\",\"@id\":\"https:\\\/\\\/secure.gravatar.com\\\/avatar\\\/ac5001d2a36cb6c6cd3e50789007ffca834b477b74a2144564522e944eabff61?s=96&d=mm&r=g\",\"url\":\"https:\\\/\\\/secure.gravatar.com\\\/avatar\\\/ac5001d2a36cb6c6cd3e50789007ffca834b477b74a2144564522e944eabff61?s=96&d=mm&r=g\",\"contentUrl\":\"https:\\\/\\\/secure.gravatar.com\\\/avatar\\\/ac5001d2a36cb6c6cd3e50789007ffca834b477b74a2144564522e944eabff61?s=96&d=mm&r=g\",\"caption\":\"thomas.berner\"},\"url\":\"https:\\\/\\\/www.organisator.ch\\\/it\\\/author\\\/thomas-berner\\\/\"}]}<\/script>\n<!-- \/ Yoast SEO plugin. -->","yoast_head_json":{"title":"L'industria svizzera del software padroneggia l'anno di crisi 2020 - Organizzatore","description":"Lo Swiss Software Industry Survey (SSIS) mostra che l'industria svizzera del software se la caver\u00e0 con poco nell'anno di crisi 2020.","robots":{"index":"index","follow":"follow","max-snippet":"max-snippet:-1","max-image-preview":"max-image-preview:large","max-video-preview":"max-video-preview:-1"},"canonical":"https:\/\/www.organisator.ch\/it\/gestione-2\/it\/2020-10-27\/die-schweizer-softwarebranche-meistert-das-krisenjahr-2020\/","og_locale":"it_IT","og_type":"article","og_title":"Die Schweizer Softwarebranche meistert das Krisenjahr 2020","og_description":"Der Swiss Software Industry Survey (SSIS) zeigt, dass die Schweizer Softwarebranche im Krisenjahr 2020 glimpflich davonkommen wird.","og_url":"https:\/\/www.organisator.ch\/it\/gestione-2\/it\/2020-10-27\/die-schweizer-softwarebranche-meistert-das-krisenjahr-2020\/","og_site_name":"Organisator","article_publisher":"https:\/\/www.facebook.com\/OrganisatorFachmagazin","article_published_time":"2020-10-27T06:48:55+00:00","og_image":[{"width":680,"height":453,"url":"https:\/\/www.organisator.ch\/wp-content\/uploads\/2020\/10\/Die-Schweizer-Softwarebranche-meistert-das-Krisenjahr-2020_Organisator.jpg","type":"image\/jpeg"}],"author":"thomas.berner","twitter_card":"summary_large_image","twitter_title":"Die Schweizer #Softwarebranche meistert das #Krisenjahr 2020","twitter_description":"Der Swiss Software Industry Survey (#SSIS) zeigt, dass die Schweizer #Softwarebranche im #Krisenjahr 2020 glimpflich davonkommen wird.","twitter_image":"https:\/\/www.organisator.ch\/wp-content\/uploads\/2020\/10\/Die-Schweizer-Softwarebranche-meistert-das-Krisenjahr-2020_Organisator.jpg","schema":{"@context":"https:\/\/schema.org","@graph":[{"@type":"Article","@id":"https:\/\/www.organisator.ch\/management\/it\/2020-10-27\/die-schweizer-softwarebranche-meistert-das-krisenjahr-2020\/#article","isPartOf":{"@id":"https:\/\/www.organisator.ch\/management\/it\/2020-10-27\/die-schweizer-softwarebranche-meistert-das-krisenjahr-2020\/"},"author":{"name":"thomas.berner","@id":"https:\/\/www.organisator.ch\/#\/schema\/person\/6f650f90b2842cd4c0cc334b4e36f67e"},"headline":"Die Schweizer Softwarebranche meistert das Krisenjahr 2020","datePublished":"2020-10-27T06:48:55+00:00","mainEntityOfPage":{"@id":"https:\/\/www.organisator.ch\/management\/it\/2020-10-27\/die-schweizer-softwarebranche-meistert-das-krisenjahr-2020\/"},"wordCount":508,"publisher":{"@id":"https:\/\/www.organisator.ch\/#organization"},"image":{"@id":"https:\/\/www.organisator.ch\/management\/it\/2020-10-27\/die-schweizer-softwarebranche-meistert-das-krisenjahr-2020\/#primaryimage"},"thumbnailUrl":"https:\/\/www.organisator.ch\/wp-content\/uploads\/2020\/10\/Die-Schweizer-Softwarebranche-meistert-das-Krisenjahr-2020_Organisator.jpg","keywords":["IT","IT &amp; Business Software","Verb\u00e4nde"],"articleSection":["IT"],"inLanguage":"it-IT"},{"@type":"WebPage","@id":"https:\/\/www.organisator.ch\/management\/it\/2020-10-27\/die-schweizer-softwarebranche-meistert-das-krisenjahr-2020\/","url":"https:\/\/www.organisator.ch\/management\/it\/2020-10-27\/die-schweizer-softwarebranche-meistert-das-krisenjahr-2020\/","name":"L'industria svizzera del software padroneggia l'anno di crisi 2020 - Organizzatore","isPartOf":{"@id":"https:\/\/www.organisator.ch\/#website"},"primaryImageOfPage":{"@id":"https:\/\/www.organisator.ch\/management\/it\/2020-10-27\/die-schweizer-softwarebranche-meistert-das-krisenjahr-2020\/#primaryimage"},"image":{"@id":"https:\/\/www.organisator.ch\/management\/it\/2020-10-27\/die-schweizer-softwarebranche-meistert-das-krisenjahr-2020\/#primaryimage"},"thumbnailUrl":"https:\/\/www.organisator.ch\/wp-content\/uploads\/2020\/10\/Die-Schweizer-Softwarebranche-meistert-das-Krisenjahr-2020_Organisator.jpg","datePublished":"2020-10-27T06:48:55+00:00","description":"Lo Swiss Software Industry Survey (SSIS) mostra che l'industria svizzera del software se la caver\u00e0 con poco nell'anno di crisi 2020.","breadcrumb":{"@id":"https:\/\/www.organisator.ch\/management\/it\/2020-10-27\/die-schweizer-softwarebranche-meistert-das-krisenjahr-2020\/#breadcrumb"},"inLanguage":"it-IT","potentialAction":[{"@type":"ReadAction","target":["https:\/\/www.organisator.ch\/management\/it\/2020-10-27\/die-schweizer-softwarebranche-meistert-das-krisenjahr-2020\/"]}]},{"@type":"ImageObject","inLanguage":"it-IT","@id":"https:\/\/www.organisator.ch\/management\/it\/2020-10-27\/die-schweizer-softwarebranche-meistert-das-krisenjahr-2020\/#primaryimage","url":"https:\/\/www.organisator.ch\/wp-content\/uploads\/2020\/10\/Die-Schweizer-Softwarebranche-meistert-das-Krisenjahr-2020_Organisator.jpg","contentUrl":"https:\/\/www.organisator.ch\/wp-content\/uploads\/2020\/10\/Die-Schweizer-Softwarebranche-meistert-das-Krisenjahr-2020_Organisator.jpg","width":680,"height":453,"caption":"Gut programmiert: Die Schweizer Softwarebranche meistert das Krisenjahr 2020 insgesamt gut und blickt zuversichtlich in die Zukunft. (Bild: Pixabay.com)"},{"@type":"BreadcrumbList","@id":"https:\/\/www.organisator.ch\/management\/it\/2020-10-27\/die-schweizer-softwarebranche-meistert-das-krisenjahr-2020\/#breadcrumb","itemListElement":[{"@type":"ListItem","position":1,"name":"Home","item":"https:\/\/www.organisator.ch\/"},{"@type":"ListItem","position":2,"name":"Die Schweizer Softwarebranche meistert das Krisenjahr 2020"}]},{"@type":"WebSite","@id":"https:\/\/www.organisator.ch\/#website","url":"https:\/\/www.organisator.ch\/","name":"Organizzatore","description":"Competente. Pratico. In 10 numeri all'anno, ORGANISATOR presenta i temi essenziali per i manager delle PMI.","publisher":{"@id":"https:\/\/www.organisator.ch\/#organization"},"potentialAction":[{"@type":"SearchAction","target":{"@type":"EntryPoint","urlTemplate":"https:\/\/www.organisator.ch\/?s={search_term_string}"},"query-input":{"@type":"PropertyValueSpecification","valueRequired":true,"valueName":"search_term_string"}}],"inLanguage":"it-IT"},{"@type":"Organization","@id":"https:\/\/www.organisator.ch\/#organization","name":"Organizzatore","url":"https:\/\/www.organisator.ch\/","logo":{"@type":"ImageObject","inLanguage":"it-IT","@id":"https:\/\/www.organisator.ch\/#\/schema\/logo\/image\/","url":"https:\/\/www.organisator.ch\/wp-content\/uploads\/2022\/01\/Logo_Organisator_Website.png","contentUrl":"https:\/\/www.organisator.ch\/wp-content\/uploads\/2022\/01\/Logo_Organisator_Website.png","width":800,"height":77,"caption":"Organisator"},"image":{"@id":"https:\/\/www.organisator.ch\/#\/schema\/logo\/image\/"},"sameAs":["https:\/\/www.facebook.com\/OrganisatorFachmagazin","https:\/\/www.linkedin.com\/showcase\/organisator-das-magazin-fr-kmu","https:\/\/www.xing.com\/news\/pages\/organisator-ch-695","https:\/\/www.youtube.com\/channel\/UCGP2Sq0iWaZwT3BdIAQFYpw"]},{"@type":"Person","@id":"https:\/\/www.organisator.ch\/#\/schema\/person\/6f650f90b2842cd4c0cc334b4e36f67e","name":"Tommaso.berner","image":{"@type":"ImageObject","inLanguage":"it-IT","@id":"https:\/\/secure.gravatar.com\/avatar\/ac5001d2a36cb6c6cd3e50789007ffca834b477b74a2144564522e944eabff61?s=96&d=mm&r=g","url":"https:\/\/secure.gravatar.com\/avatar\/ac5001d2a36cb6c6cd3e50789007ffca834b477b74a2144564522e944eabff61?s=96&d=mm&r=g","contentUrl":"https:\/\/secure.gravatar.com\/avatar\/ac5001d2a36cb6c6cd3e50789007ffca834b477b74a2144564522e944eabff61?s=96&d=mm&r=g","caption":"thomas.berner"},"url":"https:\/\/www.organisator.ch\/it\/author\/thomas-berner\/"}]}},"_links":{"self":[{"href":"https:\/\/www.organisator.ch\/it\/wp-json\/wp\/v2\/posts\/7257","targetHints":{"allow":["GET"]}}],"collection":[{"href":"https:\/\/www.organisator.ch\/it\/wp-json\/wp\/v2\/posts"}],"about":[{"href":"https:\/\/www.organisator.ch\/it\/wp-json\/wp\/v2\/types\/post"}],"author":[{"embeddable":true,"href":"https:\/\/www.organisator.ch\/it\/wp-json\/wp\/v2\/users\/4"}],"replies":[{"embeddable":true,"href":"https:\/\/www.organisator.ch\/it\/wp-json\/wp\/v2\/comments?post=7257"}],"version-history":[{"count":0,"href":"https:\/\/www.organisator.ch\/it\/wp-json\/wp\/v2\/posts\/7257\/revisions"}],"wp:featuredmedia":[{"embeddable":true,"href":"https:\/\/www.organisator.ch\/it\/wp-json\/wp\/v2\/media\/7258"}],"wp:attachment":[{"href":"https:\/\/www.organisator.ch\/it\/wp-json\/wp\/v2\/media?parent=7257"}],"wp:term":[{"taxonomy":"category","embeddable":true,"href":"https:\/\/www.organisator.ch\/it\/wp-json\/wp\/v2\/categories?post=7257"},{"taxonomy":"post_tag","embeddable":true,"href":"https:\/\/www.organisator.ch\/it\/wp-json\/wp\/v2\/tags?post=7257"}],"curies":[{"name":"wp","href":"https:\/\/api.w.org\/{rel}","templated":true}]}}