{"id":7316,"date":"2020-11-10T15:16:19","date_gmt":"2020-11-10T14:16:19","guid":{"rendered":"https:\/\/www.organisator.ch\/?p=7316"},"modified":"2020-11-10T15:16:19","modified_gmt":"2020-11-10T14:16:19","slug":"zeit-wird-fuer-arbeitnehmer-immer-wichtiger","status":"publish","type":"post","link":"https:\/\/www.organisator.ch\/it\/human-resources\/hrm\/2020-11-10\/zeit-wird-fuer-arbeitnehmer-immer-wichtiger\/","title":{"rendered":"Il tempo sta diventando sempre pi\u00f9 importante per i lavoratori"},"content":{"rendered":"<figure id=\"attachment_7317\" aria-describedby=\"caption-attachment-7317\" style=\"width: 680px\" class=\"wp-caption alignnone\"><img loading=\"lazy\" decoding=\"async\" class=\"size-medium wp-image-7317\" src=\"https:\/\/www.organisator.ch\/wp-content\/uploads\/2020\/11\/Zeit-wird-fuer-Arbeitnehmer-immer-wichtiger_Organisator.jpg\" alt=\"\" width=\"680\" height=\"453\" srcset=\"https:\/\/www.organisator.ch\/wp-content\/uploads\/2020\/11\/Zeit-wird-fuer-Arbeitnehmer-immer-wichtiger_Organisator.jpg 680w, https:\/\/www.organisator.ch\/wp-content\/uploads\/2020\/11\/Zeit-wird-fuer-Arbeitnehmer-immer-wichtiger_Organisator-16x12.jpg 16w, https:\/\/www.organisator.ch\/wp-content\/uploads\/2020\/11\/Zeit-wird-fuer-Arbeitnehmer-immer-wichtiger_Organisator-263x175.jpg 263w, https:\/\/www.organisator.ch\/wp-content\/uploads\/2020\/11\/Zeit-wird-fuer-Arbeitnehmer-immer-wichtiger_Organisator-525x350.jpg 525w, https:\/\/www.organisator.ch\/wp-content\/uploads\/2020\/11\/Zeit-wird-fuer-Arbeitnehmer-immer-wichtiger_Organisator-300x200.jpg 300w\" sizes=\"auto, (max-width: 680px) 100vw, 680px\" \/><figcaption id=\"caption-attachment-7317\" class=\"wp-caption-text\">Il tempo \u00e8 il nuovo denaro: forse sotto forma di una settimana lavorativa ridotta? (Immagine: Pixabay.com)<\/figcaption><\/figure>\n<p>Il mondo del lavoro \u00e8 cambiato durante la crisi. Sia i dipendenti che i datori di lavoro si sono adattati a modelli di lavoro pi\u00f9 flessibili. Chi non sta al passo con i tempi rischia di perdere lavoratori qualificati. Molte aziende sono consapevoli di questo problema. L'attuale studio sul mercato del lavoro del fornitore di servizi per il personale Robert Half mostra: Gi\u00e0 il 61 % di tutti i manager offrono ai loro dipendenti nuovi benefici aggiuntivi dall'inizio della pandemia. I modelli di lavoro alternativi giocano un ruolo importante in questo.<\/p>\n<h2><strong>Settimana lavorativa ridotta e job sharing: il tempo \u00e8 il nuovo denaro?<\/strong><\/h2>\n<p>Una settimana lavorativa ridotta \u00e8 un modo per dare ai dipendenti del tempo libero in pi\u00f9. L'idea: invece di distribuire le loro ore di lavoro sui soliti cinque giorni, i dipendenti le svolgono in una settimana lavorativa di quattro giorni, per esempio - e hanno guadagnato un giorno di riposo in cambio. Dopotutto, 52 % di tutti gli intervistati offrono gi\u00e0 un tale modello a seguito della crisi di Corona - o vorrebbero ancora introdurlo. Tuttavia, 40 % sembrano essere critici nei confronti di questo modello e rifiutano una settimana lavorativa ridotta con lo stesso orario di lavoro.<\/p>\n<p>Anche il job sharing, dove due dipendenti condividono un lavoro a tempo pieno, \u00e8 rifiutato da quasi la met\u00e0 degli intervistati (47 %). Tuttavia, quasi altrettanti (46 %) sono a favore di questo modello. \"I modelli di lavoro flessibile rendono le aziende attraenti per i professionisti altamente qualificati e aiutano a trattenere i dipendenti esistenti. Al fine di rimanere un datore di lavoro attraente nei mercati del lavoro volatili, ha senso rivedere ed eventualmente rivedere i vostri benefici\", dice Zerrin Azeri, direttore associato alla Robert Half.<\/p>\n<h2><strong>L'home office come soluzione per migliorare l'equilibrio tra lavoro e vita privata <\/strong><\/h2>\n<p>In cima all'agenda dall'inizio della pandemia c'\u00e8 la possibilit\u00e0 di lavorare da un ufficio a domicilio. Il 71 % di tutti gli intervistati offre ai propri dipendenti la possibilit\u00e0 di lavorare a distanza o in telelavoro. Il tema dell'orario flessibile \u00e8 anche diventato un mezzo provato e testato per molti intervistati (61 %) per alleggerire i dipendenti e consentire un orario di lavoro pi\u00f9 flessibile. \"L'home office \u00e8 diventato una necessit\u00e0 in molte aziende a causa della pandemia per mantenere le operazioni. Le preoccupazioni su questo non sono state confermate. Al contrario, il lavoro a distanza porta a dipendenti pi\u00f9 felici e a una maggiore produttivit\u00e0. Ha anche un effetto positivo nel reclutamento\", dice Azeri.<\/p>\n<p>Secondo il sondaggio, per il 37 % di tutti i manager, i giorni di ferie pagate supplementari sono anche un modo per legare i loro dipendenti all'azienda e rendere il posto di lavoro pi\u00f9 attraente. Ma l'assistenza all'infanzia che non \u00e8 legata al posto di lavoro (32 %) \u00e8 ora anche un beneficio comune.<\/p>\n<h2><strong>Nonostante la crisi: pi\u00f9 della met\u00e0 dei manager crede in salari stabili<\/strong><\/h2>\n<p>I benefici stanno diventando sempre pi\u00f9 importanti per le aziende. Ciononostante, i salari continuano a giocare un ruolo essenziale nell'attrarre e trattenere i lavoratori qualificati. Pi\u00f9 della met\u00e0 dei manager crede che gli stipendi rimarranno stabili. Questo \u00e8 il risultato dell'attuale <a href=\"https:\/\/u7061146.ct.sendgrid.net\/ls\/click?upn=4tNED-2FM8iDZJQyQ53jATURF-2BeyawLRZfSBUQQY1L39Z8roKlwWTleMm087PySNR74-Tf_cGe9W5K-2FCqFb2N07halzpMHUUfPBCEQpnPtMccoXAU149YFoXzNQr1JSyM49unTnbE3vdHZn-2BHA-2Fjo8HNeWW6eH052Yl8LKciJEXAaTJr-2FASoxGLQQLOizA9mcJWb4Q1pCs-2FdLXOqcq5I3l21fv0xoot7y5ntgVgCSml5yUQEhEkmh8m8igEFz-2BicYz5x9eHELCk6zvMiy7OLASlvIoDXl-2FUw3h2hJZzQJ8k02ih1a8HIZCbBRRF9jAqPoTOpSiDCFnutHP9jpQnzHCjeGmaZZHgbrovFSkv0N-2FhkEspuMLC9gDpiMkitiPQAI6BFK5US4dDHsV0zdr9aP5ewUXecEl-2BWsF5SYk9w-2FduRySk7rg-3D\">Sondaggio sugli stipendi 2021 di Robert Half<\/a> che \u00e8 stato pubblicato a met\u00e0 ottobre. Mostra anche come le esigenze dei settori stanno cambiando, quali competenze sono richieste e quali salari sono pagati in media in Svizzera.<\/p>\n<p><em>Fonte: <a href=\"http:\/\/www.roberthalf.ch\">Robert Half<\/a><\/em><\/p>","protected":false},"excerpt":{"rendered":"<p>Die Arbeitswelt hat sich in der Krise ver\u00e4ndert. Sowohl Arbeitnehmer als auch Arbeitgeber haben sich flexibleren Arbeitsmodellen angepasst. Wer dabei nicht mit der Zeit geht, riskiert den Verlust von Fachkr\u00e4ften. Viele Unternehmen wissen um dieses Problem. Die aktuelle Arbeitsmarktstudie des Personaldienstleisters Robert Half zeigt: Bereits 61 % aller F\u00fchrungskr\u00e4fte bieten ihren Mitarbeitern seit Beginn der [&hellip;]<\/p>\n","protected":false},"author":4,"featured_media":7317,"comment_status":"closed","ping_status":"closed","sticky":false,"template":"","format":"standard","meta":{"_acf_changed":false,"_yoast_wpseo_focuskw":"Zeit","_yoast_wpseo_metadesc":"Zeit ist das neue Geld: Nur wer passende Zusatzleistungen bietet, bindet langfristig Fachkr\u00e4fte. Dies meint der Personaldienstleister Robert Half.","articlekey":"","footnotes":""},"categories":[26],"tags":[254,363,459],"class_list":["post-7316","post","type-post","status-publish","format-standard","has-post-thumbnail","hentry","category-hrm","tag-hrm","tag-new-work","tag-studie"],"acf":[],"yoast_head":"<!-- This site is optimized with the Yoast SEO plugin v27.5 - https:\/\/yoast.com\/product\/yoast-seo-wordpress\/ -->\n<title>Zeit wird f\u00fcr Arbeitnehmer immer wichtiger - Organisator<\/title>\n<meta name=\"description\" content=\"Zeit ist das neue Geld: Nur wer passende Zusatzleistungen bietet, bindet langfristig Fachkr\u00e4fte. Dies meint der Personaldienstleister Robert Half.\" \/>\n<meta name=\"robots\" content=\"index, follow, max-snippet:-1, max-image-preview:large, max-video-preview:-1\" \/>\n<link rel=\"canonical\" href=\"https:\/\/www.organisator.ch\/it\/risorse-umane\/hrm\/2020-11-10\/zeit-wird-fuer-arbeitnehmer-immer-wichtiger\/\" \/>\n<meta property=\"og:locale\" content=\"it_IT\" \/>\n<meta property=\"og:type\" content=\"article\" \/>\n<meta property=\"og:title\" content=\"Zeit wird f\u00fcr Arbeitnehmer immer wichtiger\" \/>\n<meta property=\"og:description\" content=\"Zeit ist das neue Geld: Nur wer passende Zusatzleistungen bietet, bindet langfristig Fachkr\u00e4fte. Dies meint der Personaldienstleister Robert Half.\" \/>\n<meta property=\"og:url\" content=\"https:\/\/www.organisator.ch\/it\/risorse-umane\/hrm\/2020-11-10\/zeit-wird-fuer-arbeitnehmer-immer-wichtiger\/\" \/>\n<meta property=\"og:site_name\" content=\"Organisator\" \/>\n<meta property=\"article:publisher\" content=\"https:\/\/www.facebook.com\/OrganisatorFachmagazin\" \/>\n<meta property=\"article:published_time\" content=\"2020-11-10T14:16:19+00:00\" \/>\n<meta property=\"og:image\" content=\"https:\/\/www.organisator.ch\/wp-content\/uploads\/2020\/11\/Zeit-wird-fuer-Arbeitnehmer-immer-wichtiger_Organisator.jpg\" \/>\n\t<meta property=\"og:image:width\" content=\"680\" \/>\n\t<meta property=\"og:image:height\" content=\"453\" \/>\n\t<meta property=\"og:image:type\" content=\"image\/jpeg\" \/>\n<meta name=\"author\" content=\"thomas.berner\" \/>\n<meta name=\"twitter:card\" content=\"summary_large_image\" \/>\n<meta name=\"twitter:title\" content=\"#Zeit wird f\u00fcr #Arbeitnehmer immer wichtiger\" \/>\n<meta name=\"twitter:description\" content=\"#Zeit ist das neue Geld: Nur wer passende #Zusatzleistungen bietet, bindet langfristig Fachkr\u00e4fte. Dies meint der #Personaldienstleister Robert Half.\" \/>\n<meta name=\"twitter:image\" content=\"https:\/\/www.organisator.ch\/wp-content\/uploads\/2020\/11\/Zeit-wird-fuer-Arbeitnehmer-immer-wichtiger_Organisator.jpg\" \/>\n<script type=\"application\/ld+json\" class=\"yoast-schema-graph\">{\"@context\":\"https:\\\/\\\/schema.org\",\"@graph\":[{\"@type\":\"Article\",\"@id\":\"https:\\\/\\\/www.organisator.ch\\\/human-resources\\\/hrm\\\/2020-11-10\\\/zeit-wird-fuer-arbeitnehmer-immer-wichtiger\\\/#article\",\"isPartOf\":{\"@id\":\"https:\\\/\\\/www.organisator.ch\\\/human-resources\\\/hrm\\\/2020-11-10\\\/zeit-wird-fuer-arbeitnehmer-immer-wichtiger\\\/\"},\"author\":{\"name\":\"thomas.berner\",\"@id\":\"https:\\\/\\\/www.organisator.ch\\\/#\\\/schema\\\/person\\\/6f650f90b2842cd4c0cc334b4e36f67e\"},\"headline\":\"Zeit wird f\u00fcr Arbeitnehmer immer wichtiger\",\"datePublished\":\"2020-11-10T14:16:19+00:00\",\"mainEntityOfPage\":{\"@id\":\"https:\\\/\\\/www.organisator.ch\\\/human-resources\\\/hrm\\\/2020-11-10\\\/zeit-wird-fuer-arbeitnehmer-immer-wichtiger\\\/\"},\"wordCount\":528,\"publisher\":{\"@id\":\"https:\\\/\\\/www.organisator.ch\\\/#organization\"},\"image\":{\"@id\":\"https:\\\/\\\/www.organisator.ch\\\/human-resources\\\/hrm\\\/2020-11-10\\\/zeit-wird-fuer-arbeitnehmer-immer-wichtiger\\\/#primaryimage\"},\"thumbnailUrl\":\"https:\\\/\\\/www.organisator.ch\\\/wp-content\\\/uploads\\\/2020\\\/11\\\/Zeit-wird-fuer-Arbeitnehmer-immer-wichtiger_Organisator.jpg\",\"keywords\":[\"HRM\",\"New Work\",\"Studie\"],\"articleSection\":[\"HRM\"],\"inLanguage\":\"it-IT\"},{\"@type\":\"WebPage\",\"@id\":\"https:\\\/\\\/www.organisator.ch\\\/human-resources\\\/hrm\\\/2020-11-10\\\/zeit-wird-fuer-arbeitnehmer-immer-wichtiger\\\/\",\"url\":\"https:\\\/\\\/www.organisator.ch\\\/human-resources\\\/hrm\\\/2020-11-10\\\/zeit-wird-fuer-arbeitnehmer-immer-wichtiger\\\/\",\"name\":\"Zeit wird f\u00fcr Arbeitnehmer immer wichtiger - Organisator\",\"isPartOf\":{\"@id\":\"https:\\\/\\\/www.organisator.ch\\\/#website\"},\"primaryImageOfPage\":{\"@id\":\"https:\\\/\\\/www.organisator.ch\\\/human-resources\\\/hrm\\\/2020-11-10\\\/zeit-wird-fuer-arbeitnehmer-immer-wichtiger\\\/#primaryimage\"},\"image\":{\"@id\":\"https:\\\/\\\/www.organisator.ch\\\/human-resources\\\/hrm\\\/2020-11-10\\\/zeit-wird-fuer-arbeitnehmer-immer-wichtiger\\\/#primaryimage\"},\"thumbnailUrl\":\"https:\\\/\\\/www.organisator.ch\\\/wp-content\\\/uploads\\\/2020\\\/11\\\/Zeit-wird-fuer-Arbeitnehmer-immer-wichtiger_Organisator.jpg\",\"datePublished\":\"2020-11-10T14:16:19+00:00\",\"description\":\"Zeit ist das neue Geld: Nur wer passende Zusatzleistungen bietet, bindet langfristig Fachkr\u00e4fte. Dies meint der Personaldienstleister Robert Half.\",\"breadcrumb\":{\"@id\":\"https:\\\/\\\/www.organisator.ch\\\/human-resources\\\/hrm\\\/2020-11-10\\\/zeit-wird-fuer-arbeitnehmer-immer-wichtiger\\\/#breadcrumb\"},\"inLanguage\":\"it-IT\",\"potentialAction\":[{\"@type\":\"ReadAction\",\"target\":[\"https:\\\/\\\/www.organisator.ch\\\/human-resources\\\/hrm\\\/2020-11-10\\\/zeit-wird-fuer-arbeitnehmer-immer-wichtiger\\\/\"]}]},{\"@type\":\"ImageObject\",\"inLanguage\":\"it-IT\",\"@id\":\"https:\\\/\\\/www.organisator.ch\\\/human-resources\\\/hrm\\\/2020-11-10\\\/zeit-wird-fuer-arbeitnehmer-immer-wichtiger\\\/#primaryimage\",\"url\":\"https:\\\/\\\/www.organisator.ch\\\/wp-content\\\/uploads\\\/2020\\\/11\\\/Zeit-wird-fuer-Arbeitnehmer-immer-wichtiger_Organisator.jpg\",\"contentUrl\":\"https:\\\/\\\/www.organisator.ch\\\/wp-content\\\/uploads\\\/2020\\\/11\\\/Zeit-wird-fuer-Arbeitnehmer-immer-wichtiger_Organisator.jpg\",\"width\":680,\"height\":453,\"caption\":\"Zeit ist das neue Geld: Vielleicht in Form einer verk\u00fcrzten Arbeitswoche? (Bild: Pixabay.com)\"},{\"@type\":\"BreadcrumbList\",\"@id\":\"https:\\\/\\\/www.organisator.ch\\\/human-resources\\\/hrm\\\/2020-11-10\\\/zeit-wird-fuer-arbeitnehmer-immer-wichtiger\\\/#breadcrumb\",\"itemListElement\":[{\"@type\":\"ListItem\",\"position\":1,\"name\":\"Home\",\"item\":\"https:\\\/\\\/www.organisator.ch\\\/\"},{\"@type\":\"ListItem\",\"position\":2,\"name\":\"Zeit wird f\u00fcr Arbeitnehmer immer wichtiger\"}]},{\"@type\":\"WebSite\",\"@id\":\"https:\\\/\\\/www.organisator.ch\\\/#website\",\"url\":\"https:\\\/\\\/www.organisator.ch\\\/\",\"name\":\"Organisator\",\"description\":\"Kompetent. Praxisnah. Der ORGANISATOR bereitet in 10 Ausgaben pro Jahr die wesentlichen Themen f\u00fcr F\u00fchrungskr\u00e4fte von KMU auf.\",\"publisher\":{\"@id\":\"https:\\\/\\\/www.organisator.ch\\\/#organization\"},\"potentialAction\":[{\"@type\":\"SearchAction\",\"target\":{\"@type\":\"EntryPoint\",\"urlTemplate\":\"https:\\\/\\\/www.organisator.ch\\\/?s={search_term_string}\"},\"query-input\":{\"@type\":\"PropertyValueSpecification\",\"valueRequired\":true,\"valueName\":\"search_term_string\"}}],\"inLanguage\":\"it-IT\"},{\"@type\":\"Organization\",\"@id\":\"https:\\\/\\\/www.organisator.ch\\\/#organization\",\"name\":\"Organisator\",\"url\":\"https:\\\/\\\/www.organisator.ch\\\/\",\"logo\":{\"@type\":\"ImageObject\",\"inLanguage\":\"it-IT\",\"@id\":\"https:\\\/\\\/www.organisator.ch\\\/#\\\/schema\\\/logo\\\/image\\\/\",\"url\":\"https:\\\/\\\/www.organisator.ch\\\/wp-content\\\/uploads\\\/2022\\\/01\\\/Logo_Organisator_Website.png\",\"contentUrl\":\"https:\\\/\\\/www.organisator.ch\\\/wp-content\\\/uploads\\\/2022\\\/01\\\/Logo_Organisator_Website.png\",\"width\":800,\"height\":77,\"caption\":\"Organisator\"},\"image\":{\"@id\":\"https:\\\/\\\/www.organisator.ch\\\/#\\\/schema\\\/logo\\\/image\\\/\"},\"sameAs\":[\"https:\\\/\\\/www.facebook.com\\\/OrganisatorFachmagazin\",\"https:\\\/\\\/www.linkedin.com\\\/showcase\\\/organisator-das-magazin-fr-kmu\",\"https:\\\/\\\/www.xing.com\\\/news\\\/pages\\\/organisator-ch-695\",\"https:\\\/\\\/www.youtube.com\\\/channel\\\/UCGP2Sq0iWaZwT3BdIAQFYpw\"]},{\"@type\":\"Person\",\"@id\":\"https:\\\/\\\/www.organisator.ch\\\/#\\\/schema\\\/person\\\/6f650f90b2842cd4c0cc334b4e36f67e\",\"name\":\"thomas.berner\",\"image\":{\"@type\":\"ImageObject\",\"inLanguage\":\"it-IT\",\"@id\":\"https:\\\/\\\/secure.gravatar.com\\\/avatar\\\/ac5001d2a36cb6c6cd3e50789007ffca834b477b74a2144564522e944eabff61?s=96&d=mm&r=g\",\"url\":\"https:\\\/\\\/secure.gravatar.com\\\/avatar\\\/ac5001d2a36cb6c6cd3e50789007ffca834b477b74a2144564522e944eabff61?s=96&d=mm&r=g\",\"contentUrl\":\"https:\\\/\\\/secure.gravatar.com\\\/avatar\\\/ac5001d2a36cb6c6cd3e50789007ffca834b477b74a2144564522e944eabff61?s=96&d=mm&r=g\",\"caption\":\"thomas.berner\"},\"url\":\"https:\\\/\\\/www.organisator.ch\\\/it\\\/author\\\/thomas-berner\\\/\"}]}<\/script>\n<!-- \/ Yoast SEO plugin. -->","yoast_head_json":{"title":"Il tempo sta diventando sempre pi\u00f9 importante per i lavoratori - Organizzatore","description":"Il tempo \u00e8 il nuovo denaro: solo chi offre adeguati benefit aggiuntivi riuscir\u00e0 a trattenere i lavoratori qualificati a lungo termine. Questa \u00e8 l'opinione del fornitore di servizi per il personale Robert Half.","robots":{"index":"index","follow":"follow","max-snippet":"max-snippet:-1","max-image-preview":"max-image-preview:large","max-video-preview":"max-video-preview:-1"},"canonical":"https:\/\/www.organisator.ch\/it\/risorse-umane\/hrm\/2020-11-10\/zeit-wird-fuer-arbeitnehmer-immer-wichtiger\/","og_locale":"it_IT","og_type":"article","og_title":"Zeit wird f\u00fcr Arbeitnehmer immer wichtiger","og_description":"Zeit ist das neue Geld: Nur wer passende Zusatzleistungen bietet, bindet langfristig Fachkr\u00e4fte. Dies meint der Personaldienstleister Robert Half.","og_url":"https:\/\/www.organisator.ch\/it\/risorse-umane\/hrm\/2020-11-10\/zeit-wird-fuer-arbeitnehmer-immer-wichtiger\/","og_site_name":"Organisator","article_publisher":"https:\/\/www.facebook.com\/OrganisatorFachmagazin","article_published_time":"2020-11-10T14:16:19+00:00","og_image":[{"width":680,"height":453,"url":"https:\/\/www.organisator.ch\/wp-content\/uploads\/2020\/11\/Zeit-wird-fuer-Arbeitnehmer-immer-wichtiger_Organisator.jpg","type":"image\/jpeg"}],"author":"thomas.berner","twitter_card":"summary_large_image","twitter_title":"#Zeit wird f\u00fcr #Arbeitnehmer immer wichtiger","twitter_description":"#Zeit ist das neue Geld: Nur wer passende #Zusatzleistungen bietet, bindet langfristig Fachkr\u00e4fte. Dies meint der #Personaldienstleister Robert Half.","twitter_image":"https:\/\/www.organisator.ch\/wp-content\/uploads\/2020\/11\/Zeit-wird-fuer-Arbeitnehmer-immer-wichtiger_Organisator.jpg","schema":{"@context":"https:\/\/schema.org","@graph":[{"@type":"Article","@id":"https:\/\/www.organisator.ch\/human-resources\/hrm\/2020-11-10\/zeit-wird-fuer-arbeitnehmer-immer-wichtiger\/#article","isPartOf":{"@id":"https:\/\/www.organisator.ch\/human-resources\/hrm\/2020-11-10\/zeit-wird-fuer-arbeitnehmer-immer-wichtiger\/"},"author":{"name":"thomas.berner","@id":"https:\/\/www.organisator.ch\/#\/schema\/person\/6f650f90b2842cd4c0cc334b4e36f67e"},"headline":"Zeit wird f\u00fcr Arbeitnehmer immer wichtiger","datePublished":"2020-11-10T14:16:19+00:00","mainEntityOfPage":{"@id":"https:\/\/www.organisator.ch\/human-resources\/hrm\/2020-11-10\/zeit-wird-fuer-arbeitnehmer-immer-wichtiger\/"},"wordCount":528,"publisher":{"@id":"https:\/\/www.organisator.ch\/#organization"},"image":{"@id":"https:\/\/www.organisator.ch\/human-resources\/hrm\/2020-11-10\/zeit-wird-fuer-arbeitnehmer-immer-wichtiger\/#primaryimage"},"thumbnailUrl":"https:\/\/www.organisator.ch\/wp-content\/uploads\/2020\/11\/Zeit-wird-fuer-Arbeitnehmer-immer-wichtiger_Organisator.jpg","keywords":["HRM","New Work","Studie"],"articleSection":["HRM"],"inLanguage":"it-IT"},{"@type":"WebPage","@id":"https:\/\/www.organisator.ch\/human-resources\/hrm\/2020-11-10\/zeit-wird-fuer-arbeitnehmer-immer-wichtiger\/","url":"https:\/\/www.organisator.ch\/human-resources\/hrm\/2020-11-10\/zeit-wird-fuer-arbeitnehmer-immer-wichtiger\/","name":"Il tempo sta diventando sempre pi\u00f9 importante per i lavoratori - Organizzatore","isPartOf":{"@id":"https:\/\/www.organisator.ch\/#website"},"primaryImageOfPage":{"@id":"https:\/\/www.organisator.ch\/human-resources\/hrm\/2020-11-10\/zeit-wird-fuer-arbeitnehmer-immer-wichtiger\/#primaryimage"},"image":{"@id":"https:\/\/www.organisator.ch\/human-resources\/hrm\/2020-11-10\/zeit-wird-fuer-arbeitnehmer-immer-wichtiger\/#primaryimage"},"thumbnailUrl":"https:\/\/www.organisator.ch\/wp-content\/uploads\/2020\/11\/Zeit-wird-fuer-Arbeitnehmer-immer-wichtiger_Organisator.jpg","datePublished":"2020-11-10T14:16:19+00:00","description":"Il tempo \u00e8 il nuovo denaro: solo chi offre adeguati benefit aggiuntivi riuscir\u00e0 a trattenere i lavoratori qualificati a lungo termine. Questa \u00e8 l'opinione del fornitore di servizi per il personale Robert Half.","breadcrumb":{"@id":"https:\/\/www.organisator.ch\/human-resources\/hrm\/2020-11-10\/zeit-wird-fuer-arbeitnehmer-immer-wichtiger\/#breadcrumb"},"inLanguage":"it-IT","potentialAction":[{"@type":"ReadAction","target":["https:\/\/www.organisator.ch\/human-resources\/hrm\/2020-11-10\/zeit-wird-fuer-arbeitnehmer-immer-wichtiger\/"]}]},{"@type":"ImageObject","inLanguage":"it-IT","@id":"https:\/\/www.organisator.ch\/human-resources\/hrm\/2020-11-10\/zeit-wird-fuer-arbeitnehmer-immer-wichtiger\/#primaryimage","url":"https:\/\/www.organisator.ch\/wp-content\/uploads\/2020\/11\/Zeit-wird-fuer-Arbeitnehmer-immer-wichtiger_Organisator.jpg","contentUrl":"https:\/\/www.organisator.ch\/wp-content\/uploads\/2020\/11\/Zeit-wird-fuer-Arbeitnehmer-immer-wichtiger_Organisator.jpg","width":680,"height":453,"caption":"Zeit ist das neue Geld: Vielleicht in Form einer verk\u00fcrzten Arbeitswoche? (Bild: Pixabay.com)"},{"@type":"BreadcrumbList","@id":"https:\/\/www.organisator.ch\/human-resources\/hrm\/2020-11-10\/zeit-wird-fuer-arbeitnehmer-immer-wichtiger\/#breadcrumb","itemListElement":[{"@type":"ListItem","position":1,"name":"Home","item":"https:\/\/www.organisator.ch\/"},{"@type":"ListItem","position":2,"name":"Zeit wird f\u00fcr Arbeitnehmer immer wichtiger"}]},{"@type":"WebSite","@id":"https:\/\/www.organisator.ch\/#website","url":"https:\/\/www.organisator.ch\/","name":"Organizzatore","description":"Competente. Pratico. In 10 numeri all'anno, ORGANISATOR presenta i temi essenziali per i manager delle PMI.","publisher":{"@id":"https:\/\/www.organisator.ch\/#organization"},"potentialAction":[{"@type":"SearchAction","target":{"@type":"EntryPoint","urlTemplate":"https:\/\/www.organisator.ch\/?s={search_term_string}"},"query-input":{"@type":"PropertyValueSpecification","valueRequired":true,"valueName":"search_term_string"}}],"inLanguage":"it-IT"},{"@type":"Organization","@id":"https:\/\/www.organisator.ch\/#organization","name":"Organizzatore","url":"https:\/\/www.organisator.ch\/","logo":{"@type":"ImageObject","inLanguage":"it-IT","@id":"https:\/\/www.organisator.ch\/#\/schema\/logo\/image\/","url":"https:\/\/www.organisator.ch\/wp-content\/uploads\/2022\/01\/Logo_Organisator_Website.png","contentUrl":"https:\/\/www.organisator.ch\/wp-content\/uploads\/2022\/01\/Logo_Organisator_Website.png","width":800,"height":77,"caption":"Organisator"},"image":{"@id":"https:\/\/www.organisator.ch\/#\/schema\/logo\/image\/"},"sameAs":["https:\/\/www.facebook.com\/OrganisatorFachmagazin","https:\/\/www.linkedin.com\/showcase\/organisator-das-magazin-fr-kmu","https:\/\/www.xing.com\/news\/pages\/organisator-ch-695","https:\/\/www.youtube.com\/channel\/UCGP2Sq0iWaZwT3BdIAQFYpw"]},{"@type":"Person","@id":"https:\/\/www.organisator.ch\/#\/schema\/person\/6f650f90b2842cd4c0cc334b4e36f67e","name":"Tommaso.berner","image":{"@type":"ImageObject","inLanguage":"it-IT","@id":"https:\/\/secure.gravatar.com\/avatar\/ac5001d2a36cb6c6cd3e50789007ffca834b477b74a2144564522e944eabff61?s=96&d=mm&r=g","url":"https:\/\/secure.gravatar.com\/avatar\/ac5001d2a36cb6c6cd3e50789007ffca834b477b74a2144564522e944eabff61?s=96&d=mm&r=g","contentUrl":"https:\/\/secure.gravatar.com\/avatar\/ac5001d2a36cb6c6cd3e50789007ffca834b477b74a2144564522e944eabff61?s=96&d=mm&r=g","caption":"thomas.berner"},"url":"https:\/\/www.organisator.ch\/it\/author\/thomas-berner\/"}]}},"_links":{"self":[{"href":"https:\/\/www.organisator.ch\/it\/wp-json\/wp\/v2\/posts\/7316","targetHints":{"allow":["GET"]}}],"collection":[{"href":"https:\/\/www.organisator.ch\/it\/wp-json\/wp\/v2\/posts"}],"about":[{"href":"https:\/\/www.organisator.ch\/it\/wp-json\/wp\/v2\/types\/post"}],"author":[{"embeddable":true,"href":"https:\/\/www.organisator.ch\/it\/wp-json\/wp\/v2\/users\/4"}],"replies":[{"embeddable":true,"href":"https:\/\/www.organisator.ch\/it\/wp-json\/wp\/v2\/comments?post=7316"}],"version-history":[{"count":0,"href":"https:\/\/www.organisator.ch\/it\/wp-json\/wp\/v2\/posts\/7316\/revisions"}],"wp:featuredmedia":[{"embeddable":true,"href":"https:\/\/www.organisator.ch\/it\/wp-json\/wp\/v2\/media\/7317"}],"wp:attachment":[{"href":"https:\/\/www.organisator.ch\/it\/wp-json\/wp\/v2\/media?parent=7316"}],"wp:term":[{"taxonomy":"category","embeddable":true,"href":"https:\/\/www.organisator.ch\/it\/wp-json\/wp\/v2\/categories?post=7316"},{"taxonomy":"post_tag","embeddable":true,"href":"https:\/\/www.organisator.ch\/it\/wp-json\/wp\/v2\/tags?post=7316"}],"curies":[{"name":"wp","href":"https:\/\/api.w.org\/{rel}","templated":true}]}}