{"id":7380,"date":"2020-11-26T16:54:57","date_gmt":"2020-11-26T15:54:57","guid":{"rendered":"https:\/\/www.organisator.ch\/?p=7380"},"modified":"2020-11-26T16:54:57","modified_gmt":"2020-11-26T15:54:57","slug":"die-ffhs-organisiert-ihre-fuehrung-neu","status":"publish","type":"post","link":"https:\/\/www.organisator.ch\/it\/weiterbildung\/2020-11-26\/die-ffhs-organisiert-ihre-fuehrung-neu\/","title":{"rendered":"La FFHS riorganizza la sua leadership"},"content":{"rendered":"<figure id=\"attachment_7381\" aria-describedby=\"caption-attachment-7381\" style=\"width: 680px\" class=\"wp-caption alignnone\"><img loading=\"lazy\" decoding=\"async\" class=\"size-medium wp-image-7381\" src=\"https:\/\/www.organisator.ch\/wp-content\/uploads\/2020\/11\/Die-FFHS-organisiert-ihre-Fuehrung-neu_Organisator.jpg\" alt=\"\" width=\"680\" height=\"403\" srcset=\"https:\/\/www.organisator.ch\/wp-content\/uploads\/2020\/11\/Die-FFHS-organisiert-ihre-Fuehrung-neu_Organisator.jpg 680w, https:\/\/www.organisator.ch\/wp-content\/uploads\/2020\/11\/Die-FFHS-organisiert-ihre-Fuehrung-neu_Organisator-16x9.jpg 16w, https:\/\/www.organisator.ch\/wp-content\/uploads\/2020\/11\/Die-FFHS-organisiert-ihre-Fuehrung-neu_Organisator-295x175.jpg 295w, https:\/\/www.organisator.ch\/wp-content\/uploads\/2020\/11\/Die-FFHS-organisiert-ihre-Fuehrung-neu_Organisator-591x350.jpg 591w, https:\/\/www.organisator.ch\/wp-content\/uploads\/2020\/11\/Die-FFHS-organisiert-ihre-Fuehrung-neu_Organisator-300x178.jpg 300w\" sizes=\"auto, (max-width: 680px) 100vw, 680px\" \/><figcaption id=\"caption-attachment-7381\" class=\"wp-caption-text\">La FFHS ha istituito un nuovo dipartimento di costruzione, beni immobili e gestione delle strutture. Yvonne Ganz diriger\u00e0 il dipartimento. (Immagine: zVg \/ Fernfachhochschule Schweiz)<\/figcaption><\/figure>\n<p>L'Universit\u00e0 svizzera di formazione a distanza sta espandendo la sua direzione da cinque a sei membri. A partire dal 1\u00b0 novembre 2020, il Prof. Dr. Markus Dormann ha assunto la nuova posizione di direttore della formazione continua. Dormann \u00e8 entrato nella FFHS nel 2019 come capo del dipartimento di E-Didattica. Ha studiato sociologia e formazione aziendale a Bamberg e successivamente ha condotto ricerche in particolare sull'uso dei media digitali nella formazione iniziale e continua. Come consulente e formatore indipendente, ha anche lavorato per numerose aziende nazionali e internazionali, per le quali ha contribuito con i suoi risultati di ricerca in conferenze e workshop.<\/p>\n<h2>Nuovo direttore amministrativo della FFHS<\/h2>\n<p>Ars\u00e8ne Jossen entrer\u00e0 nella FFHS come direttore amministrativo il 1\u00b0 febbraio 2021. Sostituisce Johannes B\u00fchler, che si ritira dalla direzione e continuer\u00e0 a dirigere il dipartimento Finanze e Controlling dell'universit\u00e0 a distanza. Ars\u00e8ne Jossen ha lavorato per UBS e la Banca Cantonale del Vallese in varie funzioni. In WKB, ha diretto per diversi anni il dipartimento di recupero della regione dell'Alto Vallese ed \u00e8 attualmente a capo della filiale regionale di Briga. Jossen ha conseguito un Executive Master of Business Administration in Corporate Management e ha insegnato alla FFHS in Contabilit\u00e0, Controlling e Finanza.<\/p>\n<h2>Nuovo dipartimento per l'edilizia, i beni immobili e la gestione delle strutture<\/h2>\n<p>A partire dal 1\u00b0 novembre 2020, la FFHS ha un nuovo dipartimento di costruzione, beni immobili e gestione delle strutture. Il dipartimento sar\u00e0 diretto da Yvonne Ganz, che \u00e8 stata responsabile del settore immobiliare presso la Scuola universitaria professionale a distanza Svizzera dal 2017. Ganz \u00e8 un architetto ETH e ha molti anni di esperienza come docente di gestione immobiliare e amministrazione aziendale orientata alla gestione. Nel suo ruolo di manager immobiliare, ha sviluppato la strategia immobiliare della FFHS, \u00e8 responsabile del progetto del campus di Zurigo (Gleisarena) e consulente tecnico della FFHS per il progetto del campus di Briga. Entrambi i progetti di costruzione del campus saranno aperti l'anno prossimo.<\/p>\n<p><em>Fonte: <a href=\"http:\/\/www.ffhs.ch\">Formazione a distanza Universit\u00e0 di Scienze Applicate Svizzera<\/a><\/em><\/p>","protected":false},"excerpt":{"rendered":"<p>Die Fernfachhochschule Schweiz baut ihre Direktion von f\u00fcnf auf sechs Mitglieder aus. Per 1. November 2020 hat Prof. Dr. Markus Dormann die neue Funktion als Direktor Weiterbildung aufgenommen. Dormann ist seit 2019 an der FFHS als Departementsleiter E-Didaktik t\u00e4tig. Er studierte Soziologie und Wirtschaftsp\u00e4dagogik in Bamberg und forschte anschliessend insbesondere zum Einsatz von digitalen Medien [&hellip;]<\/p>\n","protected":false},"author":4,"featured_media":7381,"comment_status":"closed","ping_status":"closed","sticky":false,"template":"","format":"standard","meta":{"_acf_changed":false,"_yoast_wpseo_focuskw":"FFHS","_yoast_wpseo_metadesc":"Die Fernfachhochschule Schweiz (FFHS) reorganisiert ihre F\u00fchrungsebene. Hinzu kommt auch ein neues Departement f\u00fcr Bau, Real Estate und Facility Management.","articlekey":"","footnotes":""},"categories":[30],"tags":[62,381],"class_list":["post-7380","post","type-post","status-publish","format-standard","has-post-thumbnail","hentry","category-weiterbildung","tag-aus-weiterbildung","tag-personalia"],"acf":[],"yoast_head":"<!-- This site is optimized with the Yoast SEO plugin v27.5 - https:\/\/yoast.com\/product\/yoast-seo-wordpress\/ -->\n<title>Die FFHS organisiert ihre F\u00fchrung neu - Organisator<\/title>\n<meta name=\"description\" content=\"Die Fernfachhochschule Schweiz (FFHS) reorganisiert ihre F\u00fchrungsebene. Hinzu kommt auch ein neues Departement f\u00fcr Bau, Real Estate und Facility Management.\" \/>\n<meta name=\"robots\" content=\"index, follow, max-snippet:-1, max-image-preview:large, max-video-preview:-1\" \/>\n<link rel=\"canonical\" href=\"https:\/\/www.organisator.ch\/it\/formazione-continua\/2020-11-26\/die-ffhs-organisiert-ihre-fuehrung-neu\/\" \/>\n<meta property=\"og:locale\" content=\"it_IT\" \/>\n<meta property=\"og:type\" content=\"article\" \/>\n<meta property=\"og:title\" content=\"Die FFHS organisiert ihre F\u00fchrung neu\" \/>\n<meta property=\"og:description\" content=\"Die Fernfachhochschule Schweiz (FFHS) reorganisiert ihre F\u00fchrungsebene. Hinzu kommt auch ein neues Departement f\u00fcr Bau, Real Estate und Facility Management.\" \/>\n<meta property=\"og:url\" content=\"https:\/\/www.organisator.ch\/it\/formazione-continua\/2020-11-26\/die-ffhs-organisiert-ihre-fuehrung-neu\/\" \/>\n<meta property=\"og:site_name\" content=\"Organisator\" \/>\n<meta property=\"article:publisher\" content=\"https:\/\/www.facebook.com\/OrganisatorFachmagazin\" \/>\n<meta property=\"article:published_time\" content=\"2020-11-26T15:54:57+00:00\" \/>\n<meta property=\"og:image\" content=\"https:\/\/www.organisator.ch\/wp-content\/uploads\/2020\/11\/Die-FFHS-organisiert-ihre-Fuehrung-neu_Organisator.jpg\" \/>\n\t<meta property=\"og:image:width\" content=\"680\" \/>\n\t<meta property=\"og:image:height\" content=\"403\" \/>\n\t<meta property=\"og:image:type\" content=\"image\/jpeg\" \/>\n<meta name=\"author\" content=\"thomas.berner\" \/>\n<meta name=\"twitter:card\" content=\"summary_large_image\" \/>\n<meta name=\"twitter:title\" content=\"Die #FFHS organisiert ihre F\u00fchrung neu\" \/>\n<meta name=\"twitter:description\" content=\"Die Fernfachhochschule Schweiz (#FFHS) reorganisiert ihre F\u00fchrungsebene. Hinzu kommt auch ein neues Departement f\u00fcr Bau, Real Estate und Facility Management.\" \/>\n<meta name=\"twitter:image\" content=\"https:\/\/www.organisator.ch\/wp-content\/uploads\/2020\/11\/Die-FFHS-organisiert-ihre-Fuehrung-neu_Organisator.jpg\" \/>\n<script type=\"application\/ld+json\" class=\"yoast-schema-graph\">{\"@context\":\"https:\\\/\\\/schema.org\",\"@graph\":[{\"@type\":\"Article\",\"@id\":\"https:\\\/\\\/www.organisator.ch\\\/weiterbildung\\\/2020-11-26\\\/die-ffhs-organisiert-ihre-fuehrung-neu\\\/#article\",\"isPartOf\":{\"@id\":\"https:\\\/\\\/www.organisator.ch\\\/weiterbildung\\\/2020-11-26\\\/die-ffhs-organisiert-ihre-fuehrung-neu\\\/\"},\"author\":{\"name\":\"thomas.berner\",\"@id\":\"https:\\\/\\\/www.organisator.ch\\\/#\\\/schema\\\/person\\\/6f650f90b2842cd4c0cc334b4e36f67e\"},\"headline\":\"Die FFHS organisiert ihre F\u00fchrung neu\",\"datePublished\":\"2020-11-26T15:54:57+00:00\",\"mainEntityOfPage\":{\"@id\":\"https:\\\/\\\/www.organisator.ch\\\/weiterbildung\\\/2020-11-26\\\/die-ffhs-organisiert-ihre-fuehrung-neu\\\/\"},\"wordCount\":338,\"publisher\":{\"@id\":\"https:\\\/\\\/www.organisator.ch\\\/#organization\"},\"image\":{\"@id\":\"https:\\\/\\\/www.organisator.ch\\\/weiterbildung\\\/2020-11-26\\\/die-ffhs-organisiert-ihre-fuehrung-neu\\\/#primaryimage\"},\"thumbnailUrl\":\"https:\\\/\\\/www.organisator.ch\\\/wp-content\\\/uploads\\\/2020\\\/11\\\/Die-FFHS-organisiert-ihre-Fuehrung-neu_Organisator.jpg\",\"keywords\":[\"Aus-\\\/Weiterbildung\",\"Personalia\"],\"articleSection\":[\"WEITERBILDUNG\"],\"inLanguage\":\"it-IT\"},{\"@type\":\"WebPage\",\"@id\":\"https:\\\/\\\/www.organisator.ch\\\/weiterbildung\\\/2020-11-26\\\/die-ffhs-organisiert-ihre-fuehrung-neu\\\/\",\"url\":\"https:\\\/\\\/www.organisator.ch\\\/weiterbildung\\\/2020-11-26\\\/die-ffhs-organisiert-ihre-fuehrung-neu\\\/\",\"name\":\"Die FFHS organisiert ihre F\u00fchrung neu - Organisator\",\"isPartOf\":{\"@id\":\"https:\\\/\\\/www.organisator.ch\\\/#website\"},\"primaryImageOfPage\":{\"@id\":\"https:\\\/\\\/www.organisator.ch\\\/weiterbildung\\\/2020-11-26\\\/die-ffhs-organisiert-ihre-fuehrung-neu\\\/#primaryimage\"},\"image\":{\"@id\":\"https:\\\/\\\/www.organisator.ch\\\/weiterbildung\\\/2020-11-26\\\/die-ffhs-organisiert-ihre-fuehrung-neu\\\/#primaryimage\"},\"thumbnailUrl\":\"https:\\\/\\\/www.organisator.ch\\\/wp-content\\\/uploads\\\/2020\\\/11\\\/Die-FFHS-organisiert-ihre-Fuehrung-neu_Organisator.jpg\",\"datePublished\":\"2020-11-26T15:54:57+00:00\",\"description\":\"Die Fernfachhochschule Schweiz (FFHS) reorganisiert ihre F\u00fchrungsebene. Hinzu kommt auch ein neues Departement f\u00fcr Bau, Real Estate und Facility Management.\",\"breadcrumb\":{\"@id\":\"https:\\\/\\\/www.organisator.ch\\\/weiterbildung\\\/2020-11-26\\\/die-ffhs-organisiert-ihre-fuehrung-neu\\\/#breadcrumb\"},\"inLanguage\":\"it-IT\",\"potentialAction\":[{\"@type\":\"ReadAction\",\"target\":[\"https:\\\/\\\/www.organisator.ch\\\/weiterbildung\\\/2020-11-26\\\/die-ffhs-organisiert-ihre-fuehrung-neu\\\/\"]}]},{\"@type\":\"ImageObject\",\"inLanguage\":\"it-IT\",\"@id\":\"https:\\\/\\\/www.organisator.ch\\\/weiterbildung\\\/2020-11-26\\\/die-ffhs-organisiert-ihre-fuehrung-neu\\\/#primaryimage\",\"url\":\"https:\\\/\\\/www.organisator.ch\\\/wp-content\\\/uploads\\\/2020\\\/11\\\/Die-FFHS-organisiert-ihre-Fuehrung-neu_Organisator.jpg\",\"contentUrl\":\"https:\\\/\\\/www.organisator.ch\\\/wp-content\\\/uploads\\\/2020\\\/11\\\/Die-FFHS-organisiert-ihre-Fuehrung-neu_Organisator.jpg\",\"width\":680,\"height\":403,\"caption\":\"Die FFHS hat ein neues Departement f\u00fcr Bau, Real Estate und Facility Management aufgebaut. Dessen Leitung \u00fcbernimmt Yvonne Ganz. (Bild: zVg \\\/ Fernfachhochschule Schweiz)\"},{\"@type\":\"BreadcrumbList\",\"@id\":\"https:\\\/\\\/www.organisator.ch\\\/weiterbildung\\\/2020-11-26\\\/die-ffhs-organisiert-ihre-fuehrung-neu\\\/#breadcrumb\",\"itemListElement\":[{\"@type\":\"ListItem\",\"position\":1,\"name\":\"Home\",\"item\":\"https:\\\/\\\/www.organisator.ch\\\/\"},{\"@type\":\"ListItem\",\"position\":2,\"name\":\"Die FFHS organisiert ihre F\u00fchrung neu\"}]},{\"@type\":\"WebSite\",\"@id\":\"https:\\\/\\\/www.organisator.ch\\\/#website\",\"url\":\"https:\\\/\\\/www.organisator.ch\\\/\",\"name\":\"Organisator\",\"description\":\"Kompetent. Praxisnah. Der ORGANISATOR bereitet in 10 Ausgaben pro Jahr die wesentlichen Themen f\u00fcr F\u00fchrungskr\u00e4fte von KMU auf.\",\"publisher\":{\"@id\":\"https:\\\/\\\/www.organisator.ch\\\/#organization\"},\"potentialAction\":[{\"@type\":\"SearchAction\",\"target\":{\"@type\":\"EntryPoint\",\"urlTemplate\":\"https:\\\/\\\/www.organisator.ch\\\/?s={search_term_string}\"},\"query-input\":{\"@type\":\"PropertyValueSpecification\",\"valueRequired\":true,\"valueName\":\"search_term_string\"}}],\"inLanguage\":\"it-IT\"},{\"@type\":\"Organization\",\"@id\":\"https:\\\/\\\/www.organisator.ch\\\/#organization\",\"name\":\"Organisator\",\"url\":\"https:\\\/\\\/www.organisator.ch\\\/\",\"logo\":{\"@type\":\"ImageObject\",\"inLanguage\":\"it-IT\",\"@id\":\"https:\\\/\\\/www.organisator.ch\\\/#\\\/schema\\\/logo\\\/image\\\/\",\"url\":\"https:\\\/\\\/www.organisator.ch\\\/wp-content\\\/uploads\\\/2022\\\/01\\\/Logo_Organisator_Website.png\",\"contentUrl\":\"https:\\\/\\\/www.organisator.ch\\\/wp-content\\\/uploads\\\/2022\\\/01\\\/Logo_Organisator_Website.png\",\"width\":800,\"height\":77,\"caption\":\"Organisator\"},\"image\":{\"@id\":\"https:\\\/\\\/www.organisator.ch\\\/#\\\/schema\\\/logo\\\/image\\\/\"},\"sameAs\":[\"https:\\\/\\\/www.facebook.com\\\/OrganisatorFachmagazin\",\"https:\\\/\\\/www.linkedin.com\\\/showcase\\\/organisator-das-magazin-fr-kmu\",\"https:\\\/\\\/www.xing.com\\\/news\\\/pages\\\/organisator-ch-695\",\"https:\\\/\\\/www.youtube.com\\\/channel\\\/UCGP2Sq0iWaZwT3BdIAQFYpw\"]},{\"@type\":\"Person\",\"@id\":\"https:\\\/\\\/www.organisator.ch\\\/#\\\/schema\\\/person\\\/6f650f90b2842cd4c0cc334b4e36f67e\",\"name\":\"thomas.berner\",\"image\":{\"@type\":\"ImageObject\",\"inLanguage\":\"it-IT\",\"@id\":\"https:\\\/\\\/secure.gravatar.com\\\/avatar\\\/ac5001d2a36cb6c6cd3e50789007ffca834b477b74a2144564522e944eabff61?s=96&d=mm&r=g\",\"url\":\"https:\\\/\\\/secure.gravatar.com\\\/avatar\\\/ac5001d2a36cb6c6cd3e50789007ffca834b477b74a2144564522e944eabff61?s=96&d=mm&r=g\",\"contentUrl\":\"https:\\\/\\\/secure.gravatar.com\\\/avatar\\\/ac5001d2a36cb6c6cd3e50789007ffca834b477b74a2144564522e944eabff61?s=96&d=mm&r=g\",\"caption\":\"thomas.berner\"},\"url\":\"https:\\\/\\\/www.organisator.ch\\\/it\\\/author\\\/thomas-berner\\\/\"}]}<\/script>\n<!-- \/ Yoast SEO plugin. -->","yoast_head_json":{"title":"La FFHS riorganizza la sua leadership - Organizzatore","description":"L'Universit\u00e0 di Scienze Applicate a Distanza della Svizzera (FFHS) sta riorganizzando il suo livello di gestione. \u00c8 stato inoltre aggiunto un nuovo dipartimento per le Costruzioni, il Real Estate e il Facility Management.","robots":{"index":"index","follow":"follow","max-snippet":"max-snippet:-1","max-image-preview":"max-image-preview:large","max-video-preview":"max-video-preview:-1"},"canonical":"https:\/\/www.organisator.ch\/it\/formazione-continua\/2020-11-26\/die-ffhs-organisiert-ihre-fuehrung-neu\/","og_locale":"it_IT","og_type":"article","og_title":"Die FFHS organisiert ihre F\u00fchrung neu","og_description":"Die Fernfachhochschule Schweiz (FFHS) reorganisiert ihre F\u00fchrungsebene. Hinzu kommt auch ein neues Departement f\u00fcr Bau, Real Estate und Facility Management.","og_url":"https:\/\/www.organisator.ch\/it\/formazione-continua\/2020-11-26\/die-ffhs-organisiert-ihre-fuehrung-neu\/","og_site_name":"Organisator","article_publisher":"https:\/\/www.facebook.com\/OrganisatorFachmagazin","article_published_time":"2020-11-26T15:54:57+00:00","og_image":[{"width":680,"height":403,"url":"https:\/\/www.organisator.ch\/wp-content\/uploads\/2020\/11\/Die-FFHS-organisiert-ihre-Fuehrung-neu_Organisator.jpg","type":"image\/jpeg"}],"author":"thomas.berner","twitter_card":"summary_large_image","twitter_title":"Die #FFHS organisiert ihre F\u00fchrung neu","twitter_description":"Die Fernfachhochschule Schweiz (#FFHS) reorganisiert ihre F\u00fchrungsebene. Hinzu kommt auch ein neues Departement f\u00fcr Bau, Real Estate und Facility Management.","twitter_image":"https:\/\/www.organisator.ch\/wp-content\/uploads\/2020\/11\/Die-FFHS-organisiert-ihre-Fuehrung-neu_Organisator.jpg","schema":{"@context":"https:\/\/schema.org","@graph":[{"@type":"Article","@id":"https:\/\/www.organisator.ch\/weiterbildung\/2020-11-26\/die-ffhs-organisiert-ihre-fuehrung-neu\/#article","isPartOf":{"@id":"https:\/\/www.organisator.ch\/weiterbildung\/2020-11-26\/die-ffhs-organisiert-ihre-fuehrung-neu\/"},"author":{"name":"thomas.berner","@id":"https:\/\/www.organisator.ch\/#\/schema\/person\/6f650f90b2842cd4c0cc334b4e36f67e"},"headline":"Die FFHS organisiert ihre F\u00fchrung neu","datePublished":"2020-11-26T15:54:57+00:00","mainEntityOfPage":{"@id":"https:\/\/www.organisator.ch\/weiterbildung\/2020-11-26\/die-ffhs-organisiert-ihre-fuehrung-neu\/"},"wordCount":338,"publisher":{"@id":"https:\/\/www.organisator.ch\/#organization"},"image":{"@id":"https:\/\/www.organisator.ch\/weiterbildung\/2020-11-26\/die-ffhs-organisiert-ihre-fuehrung-neu\/#primaryimage"},"thumbnailUrl":"https:\/\/www.organisator.ch\/wp-content\/uploads\/2020\/11\/Die-FFHS-organisiert-ihre-Fuehrung-neu_Organisator.jpg","keywords":["Aus-\/Weiterbildung","Personalia"],"articleSection":["WEITERBILDUNG"],"inLanguage":"it-IT"},{"@type":"WebPage","@id":"https:\/\/www.organisator.ch\/weiterbildung\/2020-11-26\/die-ffhs-organisiert-ihre-fuehrung-neu\/","url":"https:\/\/www.organisator.ch\/weiterbildung\/2020-11-26\/die-ffhs-organisiert-ihre-fuehrung-neu\/","name":"La FFHS riorganizza la sua leadership - Organizzatore","isPartOf":{"@id":"https:\/\/www.organisator.ch\/#website"},"primaryImageOfPage":{"@id":"https:\/\/www.organisator.ch\/weiterbildung\/2020-11-26\/die-ffhs-organisiert-ihre-fuehrung-neu\/#primaryimage"},"image":{"@id":"https:\/\/www.organisator.ch\/weiterbildung\/2020-11-26\/die-ffhs-organisiert-ihre-fuehrung-neu\/#primaryimage"},"thumbnailUrl":"https:\/\/www.organisator.ch\/wp-content\/uploads\/2020\/11\/Die-FFHS-organisiert-ihre-Fuehrung-neu_Organisator.jpg","datePublished":"2020-11-26T15:54:57+00:00","description":"L'Universit\u00e0 di Scienze Applicate a Distanza della Svizzera (FFHS) sta riorganizzando il suo livello di gestione. \u00c8 stato inoltre aggiunto un nuovo dipartimento per le Costruzioni, il Real Estate e il Facility Management.","breadcrumb":{"@id":"https:\/\/www.organisator.ch\/weiterbildung\/2020-11-26\/die-ffhs-organisiert-ihre-fuehrung-neu\/#breadcrumb"},"inLanguage":"it-IT","potentialAction":[{"@type":"ReadAction","target":["https:\/\/www.organisator.ch\/weiterbildung\/2020-11-26\/die-ffhs-organisiert-ihre-fuehrung-neu\/"]}]},{"@type":"ImageObject","inLanguage":"it-IT","@id":"https:\/\/www.organisator.ch\/weiterbildung\/2020-11-26\/die-ffhs-organisiert-ihre-fuehrung-neu\/#primaryimage","url":"https:\/\/www.organisator.ch\/wp-content\/uploads\/2020\/11\/Die-FFHS-organisiert-ihre-Fuehrung-neu_Organisator.jpg","contentUrl":"https:\/\/www.organisator.ch\/wp-content\/uploads\/2020\/11\/Die-FFHS-organisiert-ihre-Fuehrung-neu_Organisator.jpg","width":680,"height":403,"caption":"Die FFHS hat ein neues Departement f\u00fcr Bau, Real Estate und Facility Management aufgebaut. Dessen Leitung \u00fcbernimmt Yvonne Ganz. (Bild: zVg \/ Fernfachhochschule Schweiz)"},{"@type":"BreadcrumbList","@id":"https:\/\/www.organisator.ch\/weiterbildung\/2020-11-26\/die-ffhs-organisiert-ihre-fuehrung-neu\/#breadcrumb","itemListElement":[{"@type":"ListItem","position":1,"name":"Home","item":"https:\/\/www.organisator.ch\/"},{"@type":"ListItem","position":2,"name":"Die FFHS organisiert ihre F\u00fchrung neu"}]},{"@type":"WebSite","@id":"https:\/\/www.organisator.ch\/#website","url":"https:\/\/www.organisator.ch\/","name":"Organizzatore","description":"Competente. Pratico. In 10 numeri all'anno, ORGANISATOR presenta i temi essenziali per i manager delle PMI.","publisher":{"@id":"https:\/\/www.organisator.ch\/#organization"},"potentialAction":[{"@type":"SearchAction","target":{"@type":"EntryPoint","urlTemplate":"https:\/\/www.organisator.ch\/?s={search_term_string}"},"query-input":{"@type":"PropertyValueSpecification","valueRequired":true,"valueName":"search_term_string"}}],"inLanguage":"it-IT"},{"@type":"Organization","@id":"https:\/\/www.organisator.ch\/#organization","name":"Organizzatore","url":"https:\/\/www.organisator.ch\/","logo":{"@type":"ImageObject","inLanguage":"it-IT","@id":"https:\/\/www.organisator.ch\/#\/schema\/logo\/image\/","url":"https:\/\/www.organisator.ch\/wp-content\/uploads\/2022\/01\/Logo_Organisator_Website.png","contentUrl":"https:\/\/www.organisator.ch\/wp-content\/uploads\/2022\/01\/Logo_Organisator_Website.png","width":800,"height":77,"caption":"Organisator"},"image":{"@id":"https:\/\/www.organisator.ch\/#\/schema\/logo\/image\/"},"sameAs":["https:\/\/www.facebook.com\/OrganisatorFachmagazin","https:\/\/www.linkedin.com\/showcase\/organisator-das-magazin-fr-kmu","https:\/\/www.xing.com\/news\/pages\/organisator-ch-695","https:\/\/www.youtube.com\/channel\/UCGP2Sq0iWaZwT3BdIAQFYpw"]},{"@type":"Person","@id":"https:\/\/www.organisator.ch\/#\/schema\/person\/6f650f90b2842cd4c0cc334b4e36f67e","name":"Tommaso.berner","image":{"@type":"ImageObject","inLanguage":"it-IT","@id":"https:\/\/secure.gravatar.com\/avatar\/ac5001d2a36cb6c6cd3e50789007ffca834b477b74a2144564522e944eabff61?s=96&d=mm&r=g","url":"https:\/\/secure.gravatar.com\/avatar\/ac5001d2a36cb6c6cd3e50789007ffca834b477b74a2144564522e944eabff61?s=96&d=mm&r=g","contentUrl":"https:\/\/secure.gravatar.com\/avatar\/ac5001d2a36cb6c6cd3e50789007ffca834b477b74a2144564522e944eabff61?s=96&d=mm&r=g","caption":"thomas.berner"},"url":"https:\/\/www.organisator.ch\/it\/author\/thomas-berner\/"}]}},"_links":{"self":[{"href":"https:\/\/www.organisator.ch\/it\/wp-json\/wp\/v2\/posts\/7380","targetHints":{"allow":["GET"]}}],"collection":[{"href":"https:\/\/www.organisator.ch\/it\/wp-json\/wp\/v2\/posts"}],"about":[{"href":"https:\/\/www.organisator.ch\/it\/wp-json\/wp\/v2\/types\/post"}],"author":[{"embeddable":true,"href":"https:\/\/www.organisator.ch\/it\/wp-json\/wp\/v2\/users\/4"}],"replies":[{"embeddable":true,"href":"https:\/\/www.organisator.ch\/it\/wp-json\/wp\/v2\/comments?post=7380"}],"version-history":[{"count":0,"href":"https:\/\/www.organisator.ch\/it\/wp-json\/wp\/v2\/posts\/7380\/revisions"}],"wp:featuredmedia":[{"embeddable":true,"href":"https:\/\/www.organisator.ch\/it\/wp-json\/wp\/v2\/media\/7381"}],"wp:attachment":[{"href":"https:\/\/www.organisator.ch\/it\/wp-json\/wp\/v2\/media?parent=7380"}],"wp:term":[{"taxonomy":"category","embeddable":true,"href":"https:\/\/www.organisator.ch\/it\/wp-json\/wp\/v2\/categories?post=7380"},{"taxonomy":"post_tag","embeddable":true,"href":"https:\/\/www.organisator.ch\/it\/wp-json\/wp\/v2\/tags?post=7380"}],"curies":[{"name":"wp","href":"https:\/\/api.w.org\/{rel}","templated":true}]}}