{"id":7390,"date":"2020-12-01T17:05:44","date_gmt":"2020-12-01T16:05:44","guid":{"rendered":"https:\/\/www.organisator.ch\/?p=7390"},"modified":"2020-12-01T17:05:44","modified_gmt":"2020-12-01T16:05:44","slug":"swiss21-org-neu-auch-mit-lohnbuchhaltung","status":"publish","type":"post","link":"https:\/\/www.organisator.ch\/it\/human-resources\/hrm\/2020-12-01\/swiss21-org-neu-auch-mit-lohnbuchhaltung\/","title":{"rendered":"Swiss21.org ora anche con la contabilit\u00e0 dei salari"},"content":{"rendered":"<figure id=\"attachment_7391\" aria-describedby=\"caption-attachment-7391\" style=\"width: 680px\" class=\"wp-caption alignnone\"><img loading=\"lazy\" decoding=\"async\" class=\"size-medium wp-image-7391\" src=\"https:\/\/www.organisator.ch\/wp-content\/uploads\/2020\/12\/Swiss21org-neu-auch-mit-Lohnbuchhaltung_Organisator.jpg\" alt=\"\" width=\"680\" height=\"301\" srcset=\"https:\/\/www.organisator.ch\/wp-content\/uploads\/2020\/12\/Swiss21org-neu-auch-mit-Lohnbuchhaltung_Organisator.jpg 680w, https:\/\/www.organisator.ch\/wp-content\/uploads\/2020\/12\/Swiss21org-neu-auch-mit-Lohnbuchhaltung_Organisator-16x7.jpg 16w, https:\/\/www.organisator.ch\/wp-content\/uploads\/2020\/12\/Swiss21org-neu-auch-mit-Lohnbuchhaltung_Organisator-375x166.jpg 375w, https:\/\/www.organisator.ch\/wp-content\/uploads\/2020\/12\/Swiss21org-neu-auch-mit-Lohnbuchhaltung_Organisator-300x133.jpg 300w\" sizes=\"auto, (max-width: 680px) 100vw, 680px\" \/><figcaption id=\"caption-attachment-7391\" class=\"wp-caption-text\">Un nuovo strumento per la contabilit\u00e0 dei salari \u00e8 stato aggiunto all'ecosistema di Swiss21. (Immagine: swiss21.org)<\/figcaption><\/figure>\n<p>Dopo 21.AbaNinja, il gi\u00e0 noto strumento per offerte, fatture, pagamenti, contabilit\u00e0, registrazione di tempo e attivit\u00e0 e molto altro, anche il software per la contabilit\u00e0 dei salari in Swiss21 viene da Abacus. Il modulo 21.AbaSalary contiene tutte le funzionalit\u00e0 per la contabilit\u00e0, il pagamento, la valutazione e la registrazione dei salari. L'apertura \u00e8 rapida e senza complicazioni da Swiss21. Inoltre, \u00e8 possibile anche l'accesso da parte del fiduciario. 21.AbaSalary \u00e8 gratuito per un massimo di sette dipendenti. Con il cruscotto 21.AbaSalary, le aziende hanno una visione d'insieme in ogni momento e dati disponibili in tempo reale, dice Swiss21. Le buste paga e le dichiarazioni dei salari sono automaticamente memorizzate dal sistema in file digitali del personale.<\/p>\n<h2>Completa rapidamente la contabilit\u00e0 del libro paga<\/h2>\n<p>Come tutte le applicazioni Swiss21, 21.AbaSalary \u00e8 progettato per rendere il lavoro amministrativo nelle piccole imprese facile e veloce. In generale, il software nelle aziende dovrebbe essere sempre aggiornato per ragioni di sicurezza. Questo \u00e8 particolarmente vero per la contabilit\u00e0 dei salari: \u00e8 costantemente soggetta a cambiamenti a causa della crescente regolamentazione da parte delle leggi e delle direttive delle autorit\u00e0, nonch\u00e9 delle elevate esigenze delle compagnie di assicurazione. Con la soluzione cloud ospitata in Svizzera, il software del libro paga \u00e8 sempre aggiornato su qualsiasi dispositivo. Swiss21 contribuisce cos\u00ec ad alleggerire l'onere delle piccole imprese in materia di risorse umane. La contabilit\u00e0 dei libri paga diventa cos\u00ec efficiente e affidabile, dice.<\/p>\n<p>Idealmente, 21.AbaSalary richiede solo pochi minuti dall'apertura alla prima busta paga. Grazie all'integrazione con 21.AbaNinja, la contabilit\u00e0 in Swiss21 \u00e8 anche sempre aggiornata e permette una visione aggiornata dello sviluppo finanziario in qualsiasi momento.<\/p>\n<h2>Sostenibile gratuitamente<\/h2>\n<p>Fino a 2.100 ricevute\/anno, 2.100 articoli nel negozio e 2.100 contatti, l'offerta \u00e8 gratuita per l'azienda. Questo assicura che non ci siano costi in una fase di avvio e, nel caso di organizzazioni pi\u00f9 piccole, anche a lungo termine. Le societ\u00e0 di software coinvolte si sono impegnate a mantenere l'uso libero a lungo termine. Se un utente supera questi limiti, saranno addebitati CHF 21 al mese per un massimo di 5.000 ricevute\/anno, 5.000 articoli o 5.000 contatti. Il passaggio a un altro sistema \u00e8 possibile e i dati possono essere esportati. Un'estensione modulare delle applicazioni \u00e8 anche possibile e permette cos\u00ec un sistema globale scalabile e personalizzabile a costi gestibili.<\/p>\n<p>Portare avanti la digitalizzazione e mantenere bassi i costi, soprattutto per le PMI, \u00e8 anche l'obiettivo centrale di Swiss21. L'organizzazione \u00e8 stata fondata nel 2017. Walter Regli, il suo amministratore delegato, \u00e8 soddisfatto della nuova espansione: \"Grazie all'aggiunta della contabilit\u00e0 salariale, Swiss21 \u00e8 la soluzione globale pi\u00f9 completa sul mercato per l'amministrazione dell'ufficio. Possiamo quindi offrire alle PMI un pacchetto completo di software aziendali. E tutto questo gratuitamente! L'offerta \u00e8 stata ben accolta; recentemente abbiamo avuto oltre 30.000 utenti su Swiss21\".<\/p>\n<p><em>Fonte: <a href=\"http:\/\/www.swiss21.org\">Svizzera21<\/a>\u00a0<\/em><\/p>","protected":false},"excerpt":{"rendered":"<p>Nach 21.AbaNinja, dem bereits bekannten Tool f\u00fcr Offerten, Rechnungen, Zahlungen, Buchhaltung, Zeit- und Leistungserfassung und vielem mehr, stammt auch die Software f\u00fcr die Lohnbuchhaltung in Swiss21 aus dem Hause Abacus. Das Modul 21.AbaSalary beinhaltet alle Funktionalit\u00e4ten zur Abrechnung, Bezahlung, Auswertung und Verbuchung der L\u00f6hne. Die Er\u00f6ffnung erfolgt schnell und unkompliziert aus Swiss21. Zus\u00e4tzlich ist auch [&hellip;]<\/p>\n","protected":false},"author":4,"featured_media":7391,"comment_status":"closed","ping_status":"closed","sticky":false,"template":"","format":"standard","meta":{"_acf_changed":false,"_yoast_wpseo_focuskw":"Lohnbuchhaltung","_yoast_wpseo_metadesc":"Bereits nutzen 30'000 User das kostenlose Paket von Swiss21 an Business Software. Ab sofort ist auch eine bew\u00e4hrte Lohnbuchhaltung in Swiss21 integriert.","articlekey":"","footnotes":""},"categories":[26],"tags":[156,254,288,393],"class_list":["post-7390","post","type-post","status-publish","format-standard","has-post-thumbnail","hentry","category-hrm","tag-digitalisierung","tag-hrm","tag-it-business-software","tag-produkte"],"acf":[],"yoast_head":"<!-- This site is optimized with the Yoast SEO plugin v27.5 - https:\/\/yoast.com\/product\/yoast-seo-wordpress\/ -->\n<title>Swiss21.org neu auch mit Lohnbuchhaltung - Organisator<\/title>\n<meta name=\"description\" content=\"Bereits nutzen 30&#039;000 User das kostenlose Paket von Swiss21 an Business Software. Ab sofort ist auch eine bew\u00e4hrte Lohnbuchhaltung in Swiss21 integriert.\" \/>\n<meta name=\"robots\" content=\"index, follow, max-snippet:-1, max-image-preview:large, max-video-preview:-1\" \/>\n<link rel=\"canonical\" href=\"https:\/\/www.organisator.ch\/it\/risorse-umane\/hrm\/2020-12-01\/swiss21-org-neu-auch-mit-lohnbuchhaltung\/\" \/>\n<meta property=\"og:locale\" content=\"it_IT\" \/>\n<meta property=\"og:type\" content=\"article\" \/>\n<meta property=\"og:title\" content=\"Swiss21.org neu auch mit Lohnbuchhaltung\" \/>\n<meta property=\"og:description\" content=\"Bereits nutzen 30&#039;000 User das kostenlose Paket von Swiss21 an Business Software. Ab sofort ist auch eine bew\u00e4hrte Lohnbuchhaltung in Swiss21 integriert.\" \/>\n<meta property=\"og:url\" content=\"https:\/\/www.organisator.ch\/it\/risorse-umane\/hrm\/2020-12-01\/swiss21-org-neu-auch-mit-lohnbuchhaltung\/\" \/>\n<meta property=\"og:site_name\" content=\"Organisator\" \/>\n<meta property=\"article:publisher\" content=\"https:\/\/www.facebook.com\/OrganisatorFachmagazin\" \/>\n<meta property=\"article:published_time\" content=\"2020-12-01T16:05:44+00:00\" \/>\n<meta property=\"og:image\" content=\"https:\/\/www.organisator.ch\/wp-content\/uploads\/2020\/12\/Swiss21org-neu-auch-mit-Lohnbuchhaltung_Organisator.jpg\" \/>\n\t<meta property=\"og:image:width\" content=\"680\" \/>\n\t<meta property=\"og:image:height\" content=\"301\" \/>\n\t<meta property=\"og:image:type\" content=\"image\/jpeg\" \/>\n<meta name=\"author\" content=\"thomas.berner\" \/>\n<meta name=\"twitter:card\" content=\"summary_large_image\" \/>\n<meta name=\"twitter:title\" content=\"#Swiss21.org neu auch mit #Lohnbuchhaltung\" \/>\n<meta name=\"twitter:description\" content=\"Bereits nutzen 30&#039;000 User das kostenlose Paket von #Swiss21 an Business Software. Ab sofort ist auch eine bew\u00e4hrte #Lohnbuchhaltung in Swiss21 integriert.\" \/>\n<meta name=\"twitter:image\" content=\"https:\/\/www.organisator.ch\/wp-content\/uploads\/2020\/12\/Swiss21org-neu-auch-mit-Lohnbuchhaltung_Organisator.jpg\" \/>\n<script type=\"application\/ld+json\" class=\"yoast-schema-graph\">{\"@context\":\"https:\\\/\\\/schema.org\",\"@graph\":[{\"@type\":\"Article\",\"@id\":\"https:\\\/\\\/www.organisator.ch\\\/human-resources\\\/hrm\\\/2020-12-01\\\/swiss21-org-neu-auch-mit-lohnbuchhaltung\\\/#article\",\"isPartOf\":{\"@id\":\"https:\\\/\\\/www.organisator.ch\\\/human-resources\\\/hrm\\\/2020-12-01\\\/swiss21-org-neu-auch-mit-lohnbuchhaltung\\\/\"},\"author\":{\"name\":\"thomas.berner\",\"@id\":\"https:\\\/\\\/www.organisator.ch\\\/#\\\/schema\\\/person\\\/6f650f90b2842cd4c0cc334b4e36f67e\"},\"headline\":\"Swiss21.org neu auch mit Lohnbuchhaltung\",\"datePublished\":\"2020-12-01T16:05:44+00:00\",\"mainEntityOfPage\":{\"@id\":\"https:\\\/\\\/www.organisator.ch\\\/human-resources\\\/hrm\\\/2020-12-01\\\/swiss21-org-neu-auch-mit-lohnbuchhaltung\\\/\"},\"wordCount\":478,\"publisher\":{\"@id\":\"https:\\\/\\\/www.organisator.ch\\\/#organization\"},\"image\":{\"@id\":\"https:\\\/\\\/www.organisator.ch\\\/human-resources\\\/hrm\\\/2020-12-01\\\/swiss21-org-neu-auch-mit-lohnbuchhaltung\\\/#primaryimage\"},\"thumbnailUrl\":\"https:\\\/\\\/www.organisator.ch\\\/wp-content\\\/uploads\\\/2020\\\/12\\\/Swiss21org-neu-auch-mit-Lohnbuchhaltung_Organisator.jpg\",\"keywords\":[\"Digitalisierung\",\"HRM\",\"IT &amp; Business Software\",\"Produkte\"],\"articleSection\":[\"HRM\"],\"inLanguage\":\"it-IT\"},{\"@type\":\"WebPage\",\"@id\":\"https:\\\/\\\/www.organisator.ch\\\/human-resources\\\/hrm\\\/2020-12-01\\\/swiss21-org-neu-auch-mit-lohnbuchhaltung\\\/\",\"url\":\"https:\\\/\\\/www.organisator.ch\\\/human-resources\\\/hrm\\\/2020-12-01\\\/swiss21-org-neu-auch-mit-lohnbuchhaltung\\\/\",\"name\":\"Swiss21.org neu auch mit Lohnbuchhaltung - Organisator\",\"isPartOf\":{\"@id\":\"https:\\\/\\\/www.organisator.ch\\\/#website\"},\"primaryImageOfPage\":{\"@id\":\"https:\\\/\\\/www.organisator.ch\\\/human-resources\\\/hrm\\\/2020-12-01\\\/swiss21-org-neu-auch-mit-lohnbuchhaltung\\\/#primaryimage\"},\"image\":{\"@id\":\"https:\\\/\\\/www.organisator.ch\\\/human-resources\\\/hrm\\\/2020-12-01\\\/swiss21-org-neu-auch-mit-lohnbuchhaltung\\\/#primaryimage\"},\"thumbnailUrl\":\"https:\\\/\\\/www.organisator.ch\\\/wp-content\\\/uploads\\\/2020\\\/12\\\/Swiss21org-neu-auch-mit-Lohnbuchhaltung_Organisator.jpg\",\"datePublished\":\"2020-12-01T16:05:44+00:00\",\"description\":\"Bereits nutzen 30'000 User das kostenlose Paket von Swiss21 an Business Software. Ab sofort ist auch eine bew\u00e4hrte Lohnbuchhaltung in Swiss21 integriert.\",\"breadcrumb\":{\"@id\":\"https:\\\/\\\/www.organisator.ch\\\/human-resources\\\/hrm\\\/2020-12-01\\\/swiss21-org-neu-auch-mit-lohnbuchhaltung\\\/#breadcrumb\"},\"inLanguage\":\"it-IT\",\"potentialAction\":[{\"@type\":\"ReadAction\",\"target\":[\"https:\\\/\\\/www.organisator.ch\\\/human-resources\\\/hrm\\\/2020-12-01\\\/swiss21-org-neu-auch-mit-lohnbuchhaltung\\\/\"]}]},{\"@type\":\"ImageObject\",\"inLanguage\":\"it-IT\",\"@id\":\"https:\\\/\\\/www.organisator.ch\\\/human-resources\\\/hrm\\\/2020-12-01\\\/swiss21-org-neu-auch-mit-lohnbuchhaltung\\\/#primaryimage\",\"url\":\"https:\\\/\\\/www.organisator.ch\\\/wp-content\\\/uploads\\\/2020\\\/12\\\/Swiss21org-neu-auch-mit-Lohnbuchhaltung_Organisator.jpg\",\"contentUrl\":\"https:\\\/\\\/www.organisator.ch\\\/wp-content\\\/uploads\\\/2020\\\/12\\\/Swiss21org-neu-auch-mit-Lohnbuchhaltung_Organisator.jpg\",\"width\":680,\"height\":301,\"caption\":\"Neu erg\u00e4nzt auch ein Tool f\u00fcr Lohnbuchhaltung das \u00d6kosystem von Swiss21. (Bild: swiss21.org)\"},{\"@type\":\"BreadcrumbList\",\"@id\":\"https:\\\/\\\/www.organisator.ch\\\/human-resources\\\/hrm\\\/2020-12-01\\\/swiss21-org-neu-auch-mit-lohnbuchhaltung\\\/#breadcrumb\",\"itemListElement\":[{\"@type\":\"ListItem\",\"position\":1,\"name\":\"Home\",\"item\":\"https:\\\/\\\/www.organisator.ch\\\/\"},{\"@type\":\"ListItem\",\"position\":2,\"name\":\"Swiss21.org neu auch mit Lohnbuchhaltung\"}]},{\"@type\":\"WebSite\",\"@id\":\"https:\\\/\\\/www.organisator.ch\\\/#website\",\"url\":\"https:\\\/\\\/www.organisator.ch\\\/\",\"name\":\"Organisator\",\"description\":\"Kompetent. Praxisnah. Der ORGANISATOR bereitet in 10 Ausgaben pro Jahr die wesentlichen Themen f\u00fcr F\u00fchrungskr\u00e4fte von KMU auf.\",\"publisher\":{\"@id\":\"https:\\\/\\\/www.organisator.ch\\\/#organization\"},\"potentialAction\":[{\"@type\":\"SearchAction\",\"target\":{\"@type\":\"EntryPoint\",\"urlTemplate\":\"https:\\\/\\\/www.organisator.ch\\\/?s={search_term_string}\"},\"query-input\":{\"@type\":\"PropertyValueSpecification\",\"valueRequired\":true,\"valueName\":\"search_term_string\"}}],\"inLanguage\":\"it-IT\"},{\"@type\":\"Organization\",\"@id\":\"https:\\\/\\\/www.organisator.ch\\\/#organization\",\"name\":\"Organisator\",\"url\":\"https:\\\/\\\/www.organisator.ch\\\/\",\"logo\":{\"@type\":\"ImageObject\",\"inLanguage\":\"it-IT\",\"@id\":\"https:\\\/\\\/www.organisator.ch\\\/#\\\/schema\\\/logo\\\/image\\\/\",\"url\":\"https:\\\/\\\/www.organisator.ch\\\/wp-content\\\/uploads\\\/2022\\\/01\\\/Logo_Organisator_Website.png\",\"contentUrl\":\"https:\\\/\\\/www.organisator.ch\\\/wp-content\\\/uploads\\\/2022\\\/01\\\/Logo_Organisator_Website.png\",\"width\":800,\"height\":77,\"caption\":\"Organisator\"},\"image\":{\"@id\":\"https:\\\/\\\/www.organisator.ch\\\/#\\\/schema\\\/logo\\\/image\\\/\"},\"sameAs\":[\"https:\\\/\\\/www.facebook.com\\\/OrganisatorFachmagazin\",\"https:\\\/\\\/www.linkedin.com\\\/showcase\\\/organisator-das-magazin-fr-kmu\",\"https:\\\/\\\/www.xing.com\\\/news\\\/pages\\\/organisator-ch-695\",\"https:\\\/\\\/www.youtube.com\\\/channel\\\/UCGP2Sq0iWaZwT3BdIAQFYpw\"]},{\"@type\":\"Person\",\"@id\":\"https:\\\/\\\/www.organisator.ch\\\/#\\\/schema\\\/person\\\/6f650f90b2842cd4c0cc334b4e36f67e\",\"name\":\"thomas.berner\",\"image\":{\"@type\":\"ImageObject\",\"inLanguage\":\"it-IT\",\"@id\":\"https:\\\/\\\/secure.gravatar.com\\\/avatar\\\/ac5001d2a36cb6c6cd3e50789007ffca834b477b74a2144564522e944eabff61?s=96&d=mm&r=g\",\"url\":\"https:\\\/\\\/secure.gravatar.com\\\/avatar\\\/ac5001d2a36cb6c6cd3e50789007ffca834b477b74a2144564522e944eabff61?s=96&d=mm&r=g\",\"contentUrl\":\"https:\\\/\\\/secure.gravatar.com\\\/avatar\\\/ac5001d2a36cb6c6cd3e50789007ffca834b477b74a2144564522e944eabff61?s=96&d=mm&r=g\",\"caption\":\"thomas.berner\"},\"url\":\"https:\\\/\\\/www.organisator.ch\\\/it\\\/author\\\/thomas-berner\\\/\"}]}<\/script>\n<!-- \/ Yoast SEO plugin. -->","yoast_head_json":{"title":"Swiss21.org ora anche con la contabilit\u00e0 dei salari - Organizzatore","description":"30.000 utenti utilizzano gi\u00e0 il pacchetto software aziendale gratuito di Swiss21. Attualmente, in Swiss21 \u00e8 integrato anche un collaudato sistema di contabilit\u00e0 delle retribuzioni.","robots":{"index":"index","follow":"follow","max-snippet":"max-snippet:-1","max-image-preview":"max-image-preview:large","max-video-preview":"max-video-preview:-1"},"canonical":"https:\/\/www.organisator.ch\/it\/risorse-umane\/hrm\/2020-12-01\/swiss21-org-neu-auch-mit-lohnbuchhaltung\/","og_locale":"it_IT","og_type":"article","og_title":"Swiss21.org neu auch mit Lohnbuchhaltung","og_description":"Bereits nutzen 30'000 User das kostenlose Paket von Swiss21 an Business Software. Ab sofort ist auch eine bew\u00e4hrte Lohnbuchhaltung in Swiss21 integriert.","og_url":"https:\/\/www.organisator.ch\/it\/risorse-umane\/hrm\/2020-12-01\/swiss21-org-neu-auch-mit-lohnbuchhaltung\/","og_site_name":"Organisator","article_publisher":"https:\/\/www.facebook.com\/OrganisatorFachmagazin","article_published_time":"2020-12-01T16:05:44+00:00","og_image":[{"width":680,"height":301,"url":"https:\/\/www.organisator.ch\/wp-content\/uploads\/2020\/12\/Swiss21org-neu-auch-mit-Lohnbuchhaltung_Organisator.jpg","type":"image\/jpeg"}],"author":"thomas.berner","twitter_card":"summary_large_image","twitter_title":"#Swiss21.org neu auch mit #Lohnbuchhaltung","twitter_description":"Bereits nutzen 30'000 User das kostenlose Paket von #Swiss21 an Business Software. Ab sofort ist auch eine bew\u00e4hrte #Lohnbuchhaltung in Swiss21 integriert.","twitter_image":"https:\/\/www.organisator.ch\/wp-content\/uploads\/2020\/12\/Swiss21org-neu-auch-mit-Lohnbuchhaltung_Organisator.jpg","schema":{"@context":"https:\/\/schema.org","@graph":[{"@type":"Article","@id":"https:\/\/www.organisator.ch\/human-resources\/hrm\/2020-12-01\/swiss21-org-neu-auch-mit-lohnbuchhaltung\/#article","isPartOf":{"@id":"https:\/\/www.organisator.ch\/human-resources\/hrm\/2020-12-01\/swiss21-org-neu-auch-mit-lohnbuchhaltung\/"},"author":{"name":"thomas.berner","@id":"https:\/\/www.organisator.ch\/#\/schema\/person\/6f650f90b2842cd4c0cc334b4e36f67e"},"headline":"Swiss21.org neu auch mit Lohnbuchhaltung","datePublished":"2020-12-01T16:05:44+00:00","mainEntityOfPage":{"@id":"https:\/\/www.organisator.ch\/human-resources\/hrm\/2020-12-01\/swiss21-org-neu-auch-mit-lohnbuchhaltung\/"},"wordCount":478,"publisher":{"@id":"https:\/\/www.organisator.ch\/#organization"},"image":{"@id":"https:\/\/www.organisator.ch\/human-resources\/hrm\/2020-12-01\/swiss21-org-neu-auch-mit-lohnbuchhaltung\/#primaryimage"},"thumbnailUrl":"https:\/\/www.organisator.ch\/wp-content\/uploads\/2020\/12\/Swiss21org-neu-auch-mit-Lohnbuchhaltung_Organisator.jpg","keywords":["Digitalisierung","HRM","IT &amp; Business Software","Produkte"],"articleSection":["HRM"],"inLanguage":"it-IT"},{"@type":"WebPage","@id":"https:\/\/www.organisator.ch\/human-resources\/hrm\/2020-12-01\/swiss21-org-neu-auch-mit-lohnbuchhaltung\/","url":"https:\/\/www.organisator.ch\/human-resources\/hrm\/2020-12-01\/swiss21-org-neu-auch-mit-lohnbuchhaltung\/","name":"Swiss21.org ora anche con la contabilit\u00e0 dei salari - Organizzatore","isPartOf":{"@id":"https:\/\/www.organisator.ch\/#website"},"primaryImageOfPage":{"@id":"https:\/\/www.organisator.ch\/human-resources\/hrm\/2020-12-01\/swiss21-org-neu-auch-mit-lohnbuchhaltung\/#primaryimage"},"image":{"@id":"https:\/\/www.organisator.ch\/human-resources\/hrm\/2020-12-01\/swiss21-org-neu-auch-mit-lohnbuchhaltung\/#primaryimage"},"thumbnailUrl":"https:\/\/www.organisator.ch\/wp-content\/uploads\/2020\/12\/Swiss21org-neu-auch-mit-Lohnbuchhaltung_Organisator.jpg","datePublished":"2020-12-01T16:05:44+00:00","description":"30.000 utenti utilizzano gi\u00e0 il pacchetto software aziendale gratuito di Swiss21. Attualmente, in Swiss21 \u00e8 integrato anche un collaudato sistema di contabilit\u00e0 delle retribuzioni.","breadcrumb":{"@id":"https:\/\/www.organisator.ch\/human-resources\/hrm\/2020-12-01\/swiss21-org-neu-auch-mit-lohnbuchhaltung\/#breadcrumb"},"inLanguage":"it-IT","potentialAction":[{"@type":"ReadAction","target":["https:\/\/www.organisator.ch\/human-resources\/hrm\/2020-12-01\/swiss21-org-neu-auch-mit-lohnbuchhaltung\/"]}]},{"@type":"ImageObject","inLanguage":"it-IT","@id":"https:\/\/www.organisator.ch\/human-resources\/hrm\/2020-12-01\/swiss21-org-neu-auch-mit-lohnbuchhaltung\/#primaryimage","url":"https:\/\/www.organisator.ch\/wp-content\/uploads\/2020\/12\/Swiss21org-neu-auch-mit-Lohnbuchhaltung_Organisator.jpg","contentUrl":"https:\/\/www.organisator.ch\/wp-content\/uploads\/2020\/12\/Swiss21org-neu-auch-mit-Lohnbuchhaltung_Organisator.jpg","width":680,"height":301,"caption":"Neu erg\u00e4nzt auch ein Tool f\u00fcr Lohnbuchhaltung das \u00d6kosystem von Swiss21. (Bild: swiss21.org)"},{"@type":"BreadcrumbList","@id":"https:\/\/www.organisator.ch\/human-resources\/hrm\/2020-12-01\/swiss21-org-neu-auch-mit-lohnbuchhaltung\/#breadcrumb","itemListElement":[{"@type":"ListItem","position":1,"name":"Home","item":"https:\/\/www.organisator.ch\/"},{"@type":"ListItem","position":2,"name":"Swiss21.org neu auch mit Lohnbuchhaltung"}]},{"@type":"WebSite","@id":"https:\/\/www.organisator.ch\/#website","url":"https:\/\/www.organisator.ch\/","name":"Organizzatore","description":"Competente. Pratico. In 10 numeri all'anno, ORGANISATOR presenta i temi essenziali per i manager delle PMI.","publisher":{"@id":"https:\/\/www.organisator.ch\/#organization"},"potentialAction":[{"@type":"SearchAction","target":{"@type":"EntryPoint","urlTemplate":"https:\/\/www.organisator.ch\/?s={search_term_string}"},"query-input":{"@type":"PropertyValueSpecification","valueRequired":true,"valueName":"search_term_string"}}],"inLanguage":"it-IT"},{"@type":"Organization","@id":"https:\/\/www.organisator.ch\/#organization","name":"Organizzatore","url":"https:\/\/www.organisator.ch\/","logo":{"@type":"ImageObject","inLanguage":"it-IT","@id":"https:\/\/www.organisator.ch\/#\/schema\/logo\/image\/","url":"https:\/\/www.organisator.ch\/wp-content\/uploads\/2022\/01\/Logo_Organisator_Website.png","contentUrl":"https:\/\/www.organisator.ch\/wp-content\/uploads\/2022\/01\/Logo_Organisator_Website.png","width":800,"height":77,"caption":"Organisator"},"image":{"@id":"https:\/\/www.organisator.ch\/#\/schema\/logo\/image\/"},"sameAs":["https:\/\/www.facebook.com\/OrganisatorFachmagazin","https:\/\/www.linkedin.com\/showcase\/organisator-das-magazin-fr-kmu","https:\/\/www.xing.com\/news\/pages\/organisator-ch-695","https:\/\/www.youtube.com\/channel\/UCGP2Sq0iWaZwT3BdIAQFYpw"]},{"@type":"Person","@id":"https:\/\/www.organisator.ch\/#\/schema\/person\/6f650f90b2842cd4c0cc334b4e36f67e","name":"Tommaso.berner","image":{"@type":"ImageObject","inLanguage":"it-IT","@id":"https:\/\/secure.gravatar.com\/avatar\/ac5001d2a36cb6c6cd3e50789007ffca834b477b74a2144564522e944eabff61?s=96&d=mm&r=g","url":"https:\/\/secure.gravatar.com\/avatar\/ac5001d2a36cb6c6cd3e50789007ffca834b477b74a2144564522e944eabff61?s=96&d=mm&r=g","contentUrl":"https:\/\/secure.gravatar.com\/avatar\/ac5001d2a36cb6c6cd3e50789007ffca834b477b74a2144564522e944eabff61?s=96&d=mm&r=g","caption":"thomas.berner"},"url":"https:\/\/www.organisator.ch\/it\/author\/thomas-berner\/"}]}},"_links":{"self":[{"href":"https:\/\/www.organisator.ch\/it\/wp-json\/wp\/v2\/posts\/7390","targetHints":{"allow":["GET"]}}],"collection":[{"href":"https:\/\/www.organisator.ch\/it\/wp-json\/wp\/v2\/posts"}],"about":[{"href":"https:\/\/www.organisator.ch\/it\/wp-json\/wp\/v2\/types\/post"}],"author":[{"embeddable":true,"href":"https:\/\/www.organisator.ch\/it\/wp-json\/wp\/v2\/users\/4"}],"replies":[{"embeddable":true,"href":"https:\/\/www.organisator.ch\/it\/wp-json\/wp\/v2\/comments?post=7390"}],"version-history":[{"count":0,"href":"https:\/\/www.organisator.ch\/it\/wp-json\/wp\/v2\/posts\/7390\/revisions"}],"wp:featuredmedia":[{"embeddable":true,"href":"https:\/\/www.organisator.ch\/it\/wp-json\/wp\/v2\/media\/7391"}],"wp:attachment":[{"href":"https:\/\/www.organisator.ch\/it\/wp-json\/wp\/v2\/media?parent=7390"}],"wp:term":[{"taxonomy":"category","embeddable":true,"href":"https:\/\/www.organisator.ch\/it\/wp-json\/wp\/v2\/categories?post=7390"},{"taxonomy":"post_tag","embeddable":true,"href":"https:\/\/www.organisator.ch\/it\/wp-json\/wp\/v2\/tags?post=7390"}],"curies":[{"name":"wp","href":"https:\/\/api.w.org\/{rel}","templated":true}]}}