{"id":7426,"date":"2020-12-09T11:57:55","date_gmt":"2020-12-09T10:57:55","guid":{"rendered":"https:\/\/www.organisator.ch\/?p=7426"},"modified":"2020-12-09T11:57:55","modified_gmt":"2020-12-09T10:57:55","slug":"outfit-richtig-gekleidet-ins-buero","status":"publish","type":"post","link":"https:\/\/www.organisator.ch\/it\/human-resources\/fit_im_job\/2020-12-09\/outfit-richtig-gekleidet-ins-buero\/","title":{"rendered":"Outfit: Vestito giusto per l'ufficio"},"content":{"rendered":"<figure id=\"attachment_7428\" aria-describedby=\"caption-attachment-7428\" style=\"width: 680px\" class=\"wp-caption alignnone\"><img loading=\"lazy\" decoding=\"async\" class=\"size-medium wp-image-7428\" src=\"https:\/\/www.organisator.ch\/wp-content\/uploads\/2020\/12\/Outfit-Richtig-gekleidet-ins-Buero_Organisator.jpg\" alt=\"\" width=\"680\" height=\"416\" srcset=\"https:\/\/www.organisator.ch\/wp-content\/uploads\/2020\/12\/Outfit-Richtig-gekleidet-ins-Buero_Organisator.jpg 680w, https:\/\/www.organisator.ch\/wp-content\/uploads\/2020\/12\/Outfit-Richtig-gekleidet-ins-Buero_Organisator-16x10.jpg 16w, https:\/\/www.organisator.ch\/wp-content\/uploads\/2020\/12\/Outfit-Richtig-gekleidet-ins-Buero_Organisator-286x175.jpg 286w, https:\/\/www.organisator.ch\/wp-content\/uploads\/2020\/12\/Outfit-Richtig-gekleidet-ins-Buero_Organisator-572x350.jpg 572w, https:\/\/www.organisator.ch\/wp-content\/uploads\/2020\/12\/Outfit-Richtig-gekleidet-ins-Buero_Organisator-300x184.jpg 300w\" sizes=\"auto, (max-width: 680px) 100vw, 680px\" \/><figcaption id=\"caption-attachment-7428\" class=\"wp-caption-text\">Sia sul posto di lavoro abituale che nell'ufficio di casa: \u00c8 meglio lavorare con il vestito giusto. (Immagine: Unsplash.com)<\/figcaption><\/figure>\n<p>Soprattutto in un nuovo ambiente di lavoro, \u00e8 spesso difficile adattarsi allo stile di abbigliamento di colleghi e superiori. Ciononostante, \u00e8 importante apparire vestiti in modo appropriato e non cadere troppo fuori strada con i vostri abiti. Ecco perch\u00e9 abbiamo messo insieme alcuni consigli per la moda professionale quotidiana in ufficio per voi.<\/p>\n<h2>Outfit convincente grazie alla professionalit\u00e0<\/h2>\n<p>Oltre a un lavoro impeccabile, puntualit\u00e0 e un aspetto sicuro, anche l'aspetto esteriore deve essere giusto. Anche i fattori esterni - come lo stile del vestito e un'acconciatura curata - contribuiscono all'immagine complessiva e trasmettono una certa professionalit\u00e0. Soprattutto negli appuntamenti di lavoro, nelle riunioni o negli appuntamenti con i potenziali clienti, l'aspetto dovrebbe quindi anche corrispondere al contenuto presentato e trasmettere lo stesso aplomb. La fiducia in se stessi, l'interazione e una sana autovalutazione sono anche importanti per mantenere un'immagine professionale. Con questi tre ulteriori consigli, l'aspetto avr\u00e0 successo:<\/p>\n<ul>\n<li>Vestibilit\u00e0: Compra i vestiti della taglia giusta.<\/li>\n<li>Pulizia: Stirato, lavato e senza macchie, buchi o strappi.<\/li>\n<li>Moderazione: i colori tenui sono meglio dei motivi colorati e sgargianti.<\/li>\n<\/ul>\n<h2>Osservare il codice di abbigliamento aziendale<\/h2>\n<p>Tuttavia, una cosa vale soprattutto: osservare e adattarsi! \u00c8 meglio guardare i tuoi colleghi all'inizio e fare attenzione al loro stile di abbigliamento. Questo \u00e8 un modo semplice e veloce per determinare quale codice di abbigliamento si applica ed \u00e8 appropriato nell'azienda. Soprattutto nelle aziende tradizionali, l'abito e la cravatta o il vestito o il pantalone sono spesso ancora all'ordine del giorno. In altri uffici, invece, il look smart casual o casual pu\u00f2 essere pi\u00f9 comune.<\/p>\n<h2>Dos e don'ts quando si scelgono i vestiti<\/h2>\n<p>Spesso non \u00e8 cos\u00ec facile sapere se un vestito \u00e8 appropriato per l'ufficio o se causer\u00e0 sguardi sgradevoli. Quindi \u00e8 ancora pi\u00f9 importante tenere a mente alcune regole di base che vi salveranno da tale imbarazzo. A colpo d'occhio:<\/p>\n<p><strong>Gio:<\/strong><\/p>\n<ul>\n<li><strong>Camicie e camicette:<\/strong> Sono i classici tuttofare da ufficio e non sbagliano mai. A meno che il resto dei tuoi colleghi non preferisca indossare magliette o semplici maglioni. Allora dovreste adattarvi a questo stile.<\/li>\n<li><strong>Chino, jeans e pantaloni:<\/strong> I pantaloni semplici a tinta unita sono anche una buona opzione per il look da ufficio e possono essere facilmente combinati con una camicetta, una camicia, un maglione o una tunica.<\/li>\n<li><strong>Tuniche colorate e abiti larghi:<\/strong> Non sono solo comodi, ma anche ottimi da combinare in inverno. Con collant e un blazer elegante, l'outfit ideale per l'ufficio.<\/li>\n<li><strong>Scarpe stringate, mocassini e mocassini in pelle:<\/strong> Quando si tratta di calzature, ci sono anche alcuni classici che non sono solo comodi, ma anche adatti alla vita quotidiana in ufficio.<\/li>\n<li><strong>Blazer e giacca:<\/strong> Soprattutto coloro che hanno appuntamenti di lavoro in mezzo sono ben consigliati di indossare un blazer o una giacca.<\/li>\n<li><strong>Accessori:<\/strong> Una bella collana, degli occhiali intelligenti o alcuni semplici gemelli sono spesso sufficienti per valorizzare l'outfit e aggiungere sottili accenti.<\/li>\n<\/ul>\n<p><strong>Non<\/strong><\/p>\n<ul>\n<li><strong>Troppa pelle nuda:<\/strong> O optare per una gonna e mostrare le gambe o indossare una camicetta con una scollatura. Entrambi sono decisamente troppo per l'ufficio.<\/li>\n<li><strong>Jeans strappati:<\/strong> Nella maggior parte degli uffici, i jeans dall'aspetto usato non sono considerati appropriati. \u00c8 meglio optare per jeans semplici senza strappi e buchi.<\/li>\n<li><strong>Tacchi alti o stivali sopra il ginocchio:<\/strong> Le donne in particolare tendono spesso a portare i tacchi alti in ufficio. Ma attenzione: le scarpe con pochi centimetri di tacco sono migliori (e pi\u00f9 comode).<\/li>\n<li><strong>Stampa animale:<\/strong> Bisogna prestare attenzione anche ai look leopardati. Spesso hanno un aspetto economico e non molto professionale.<\/li>\n<li><strong>Troppo profumo:<\/strong> Niente \u00e8 pi\u00f9 sgradevole di un collega troppo profumato.<\/li>\n<li><strong>Aspetto trasandato:<\/strong> Barbe di tre giorni o vestiti che puzzano di sudore possono attirare l'attenzione negativa. Il bucato appena lavato dovrebbe quindi essere una cosa ovvia.<\/li>\n<li><strong>Scarpe da ginnastica:<\/strong> Indossare scarpe sportive in ufficio probabilmente non va troppo bene. A meno che il look casual non sia all'ordine del giorno in ufficio. In questo caso, assicurati di indossare scarpe da ginnastica pulite.<\/li>\n<\/ul>\n<p><em>L'ispirazione per questo post viene dall'azienda internazionale di moda <a href=\"https:\/\/www.ullapopken.ch\/de\/\">Ulla Popken<\/a>che \u00e8 specializzato nella moda femminile plus-size. Soprattutto nell'area della moda business, troverete numerose idee di outfit e ispirazioni per vari look da ufficio.<\/em><\/p>","protected":false},"excerpt":{"rendered":"<p>Gerade in einem neuen Arbeitsumfeld f\u00e4llt es oft schwer, sich dem Kleidungsstil von Kollegen und Vorgesetzen anzupassen. Dennoch ist es wichtig, angemessen gekleidet zu zeigen und mit seinen Outfits nicht zu sehr aus dem Raster zu fallen. Deshalb haben wir einige Tipps f\u00fcr den beruflichen Mode-Alltag im B\u00fcro f\u00fcr Sie zusammengestellt. \u00dcberzeugendes Outfit\u00a0dank Professionalit\u00e4t Neben [&hellip;]<\/p>\n","protected":false},"author":4,"featured_media":7428,"comment_status":"closed","ping_status":"closed","sticky":false,"template":"","format":"standard","meta":{"_acf_changed":false,"_yoast_wpseo_focuskw":"Outfit","_yoast_wpseo_metadesc":"Overdressed? Underdressed? Wenn es um das passende Outfit f\u00fcr das B\u00fcro geht, ist es nicht leicht, eine Entscheidung zu treffen.","articlekey":"","footnotes":""},"categories":[25],"tags":[161,208,508],"class_list":["post-7426","post","type-post","status-publish","format-standard","has-post-thumbnail","hentry","category-fit_im_job","tag-dresscode","tag-fit-im-job","tag-vermischtes"],"acf":[],"yoast_head":"<!-- This site is optimized with the Yoast SEO plugin v27.4 - https:\/\/yoast.com\/product\/yoast-seo-wordpress\/ -->\n<title>Outfit: Richtig gekleidet ins B\u00fcro - Organisator<\/title>\n<meta name=\"description\" content=\"Overdressed? Underdressed? Wenn es um das passende Outfit f\u00fcr das B\u00fcro geht, ist es nicht leicht, eine Entscheidung zu treffen.\" \/>\n<meta name=\"robots\" content=\"index, follow, max-snippet:-1, max-image-preview:large, max-video-preview:-1\" \/>\n<link rel=\"canonical\" href=\"https:\/\/www.organisator.ch\/it\/risorse-umane\/fit_im_job\/2020-12-09\/outfit-richtig-gekleidet-ins-buero\/\" \/>\n<meta property=\"og:locale\" content=\"it_IT\" \/>\n<meta property=\"og:type\" content=\"article\" \/>\n<meta property=\"og:title\" content=\"Outfit: Richtig gekleidet ins B\u00fcro\" \/>\n<meta property=\"og:description\" content=\"Overdressed? Underdressed? Wenn es um das passende Outfit f\u00fcr das B\u00fcro geht, ist es nicht leicht, eine Entscheidung zu treffen.\" \/>\n<meta property=\"og:url\" content=\"https:\/\/www.organisator.ch\/it\/risorse-umane\/fit_im_job\/2020-12-09\/outfit-richtig-gekleidet-ins-buero\/\" \/>\n<meta property=\"og:site_name\" content=\"Organisator\" \/>\n<meta property=\"article:publisher\" content=\"https:\/\/www.facebook.com\/OrganisatorFachmagazin\" \/>\n<meta property=\"article:published_time\" content=\"2020-12-09T10:57:55+00:00\" \/>\n<meta property=\"og:image\" content=\"https:\/\/www.organisator.ch\/wp-content\/uploads\/2020\/12\/Outfit-Richtig-gekleidet-ins-Buero_Organisator.jpg\" \/>\n\t<meta property=\"og:image:width\" content=\"680\" \/>\n\t<meta property=\"og:image:height\" content=\"416\" \/>\n\t<meta property=\"og:image:type\" content=\"image\/jpeg\" \/>\n<meta name=\"author\" content=\"thomas.berner\" \/>\n<meta name=\"twitter:card\" content=\"summary_large_image\" \/>\n<meta name=\"twitter:title\" content=\"#Outfit: Richtig gekleidet ins B\u00fcro\" \/>\n<meta name=\"twitter:description\" content=\"#Overdressed? #Underdressed? Wenn es um das passende #Outfit f\u00fcr das B\u00fcro geht, ist es nicht leicht, eine Entscheidung zu treffen.\" \/>\n<meta name=\"twitter:image\" content=\"https:\/\/www.organisator.ch\/wp-content\/uploads\/2020\/12\/Outfit-Richtig-gekleidet-ins-Buero_Organisator.jpg\" \/>\n<script type=\"application\/ld+json\" class=\"yoast-schema-graph\">{\"@context\":\"https:\\\/\\\/schema.org\",\"@graph\":[{\"@type\":\"Article\",\"@id\":\"https:\\\/\\\/www.organisator.ch\\\/human-resources\\\/fit_im_job\\\/2020-12-09\\\/outfit-richtig-gekleidet-ins-buero\\\/#article\",\"isPartOf\":{\"@id\":\"https:\\\/\\\/www.organisator.ch\\\/human-resources\\\/fit_im_job\\\/2020-12-09\\\/outfit-richtig-gekleidet-ins-buero\\\/\"},\"author\":{\"name\":\"thomas.berner\",\"@id\":\"https:\\\/\\\/www.organisator.ch\\\/#\\\/schema\\\/person\\\/6f650f90b2842cd4c0cc334b4e36f67e\"},\"headline\":\"Outfit: Richtig gekleidet ins B\u00fcro\",\"datePublished\":\"2020-12-09T10:57:55+00:00\",\"mainEntityOfPage\":{\"@id\":\"https:\\\/\\\/www.organisator.ch\\\/human-resources\\\/fit_im_job\\\/2020-12-09\\\/outfit-richtig-gekleidet-ins-buero\\\/\"},\"wordCount\":717,\"publisher\":{\"@id\":\"https:\\\/\\\/www.organisator.ch\\\/#organization\"},\"image\":{\"@id\":\"https:\\\/\\\/www.organisator.ch\\\/human-resources\\\/fit_im_job\\\/2020-12-09\\\/outfit-richtig-gekleidet-ins-buero\\\/#primaryimage\"},\"thumbnailUrl\":\"https:\\\/\\\/www.organisator.ch\\\/wp-content\\\/uploads\\\/2020\\\/12\\\/Outfit-Richtig-gekleidet-ins-Buero_Organisator.jpg\",\"keywords\":[\"Dresscode\",\"Fit im Job\",\"Vermischtes\"],\"articleSection\":[\"FIT IM JOB\"],\"inLanguage\":\"it-IT\"},{\"@type\":\"WebPage\",\"@id\":\"https:\\\/\\\/www.organisator.ch\\\/human-resources\\\/fit_im_job\\\/2020-12-09\\\/outfit-richtig-gekleidet-ins-buero\\\/\",\"url\":\"https:\\\/\\\/www.organisator.ch\\\/human-resources\\\/fit_im_job\\\/2020-12-09\\\/outfit-richtig-gekleidet-ins-buero\\\/\",\"name\":\"Outfit: Richtig gekleidet ins B\u00fcro - Organisator\",\"isPartOf\":{\"@id\":\"https:\\\/\\\/www.organisator.ch\\\/#website\"},\"primaryImageOfPage\":{\"@id\":\"https:\\\/\\\/www.organisator.ch\\\/human-resources\\\/fit_im_job\\\/2020-12-09\\\/outfit-richtig-gekleidet-ins-buero\\\/#primaryimage\"},\"image\":{\"@id\":\"https:\\\/\\\/www.organisator.ch\\\/human-resources\\\/fit_im_job\\\/2020-12-09\\\/outfit-richtig-gekleidet-ins-buero\\\/#primaryimage\"},\"thumbnailUrl\":\"https:\\\/\\\/www.organisator.ch\\\/wp-content\\\/uploads\\\/2020\\\/12\\\/Outfit-Richtig-gekleidet-ins-Buero_Organisator.jpg\",\"datePublished\":\"2020-12-09T10:57:55+00:00\",\"description\":\"Overdressed? Underdressed? Wenn es um das passende Outfit f\u00fcr das B\u00fcro geht, ist es nicht leicht, eine Entscheidung zu treffen.\",\"breadcrumb\":{\"@id\":\"https:\\\/\\\/www.organisator.ch\\\/human-resources\\\/fit_im_job\\\/2020-12-09\\\/outfit-richtig-gekleidet-ins-buero\\\/#breadcrumb\"},\"inLanguage\":\"it-IT\",\"potentialAction\":[{\"@type\":\"ReadAction\",\"target\":[\"https:\\\/\\\/www.organisator.ch\\\/human-resources\\\/fit_im_job\\\/2020-12-09\\\/outfit-richtig-gekleidet-ins-buero\\\/\"]}]},{\"@type\":\"ImageObject\",\"inLanguage\":\"it-IT\",\"@id\":\"https:\\\/\\\/www.organisator.ch\\\/human-resources\\\/fit_im_job\\\/2020-12-09\\\/outfit-richtig-gekleidet-ins-buero\\\/#primaryimage\",\"url\":\"https:\\\/\\\/www.organisator.ch\\\/wp-content\\\/uploads\\\/2020\\\/12\\\/Outfit-Richtig-gekleidet-ins-Buero_Organisator.jpg\",\"contentUrl\":\"https:\\\/\\\/www.organisator.ch\\\/wp-content\\\/uploads\\\/2020\\\/12\\\/Outfit-Richtig-gekleidet-ins-Buero_Organisator.jpg\",\"width\":680,\"height\":416,\"caption\":\"Ob am angestammten Arbeitsplatz oder im Heimb\u00fcro: Mit dem passenden Outfit arbeitet es sich besser. (Bild: Unsplash.com)\"},{\"@type\":\"BreadcrumbList\",\"@id\":\"https:\\\/\\\/www.organisator.ch\\\/human-resources\\\/fit_im_job\\\/2020-12-09\\\/outfit-richtig-gekleidet-ins-buero\\\/#breadcrumb\",\"itemListElement\":[{\"@type\":\"ListItem\",\"position\":1,\"name\":\"Home\",\"item\":\"https:\\\/\\\/www.organisator.ch\\\/\"},{\"@type\":\"ListItem\",\"position\":2,\"name\":\"Outfit: Richtig gekleidet ins B\u00fcro\"}]},{\"@type\":\"WebSite\",\"@id\":\"https:\\\/\\\/www.organisator.ch\\\/#website\",\"url\":\"https:\\\/\\\/www.organisator.ch\\\/\",\"name\":\"Organisator\",\"description\":\"Kompetent. Praxisnah. Der ORGANISATOR bereitet in 10 Ausgaben pro Jahr die wesentlichen Themen f\u00fcr F\u00fchrungskr\u00e4fte von KMU auf.\",\"publisher\":{\"@id\":\"https:\\\/\\\/www.organisator.ch\\\/#organization\"},\"potentialAction\":[{\"@type\":\"SearchAction\",\"target\":{\"@type\":\"EntryPoint\",\"urlTemplate\":\"https:\\\/\\\/www.organisator.ch\\\/?s={search_term_string}\"},\"query-input\":{\"@type\":\"PropertyValueSpecification\",\"valueRequired\":true,\"valueName\":\"search_term_string\"}}],\"inLanguage\":\"it-IT\"},{\"@type\":\"Organization\",\"@id\":\"https:\\\/\\\/www.organisator.ch\\\/#organization\",\"name\":\"Organisator\",\"url\":\"https:\\\/\\\/www.organisator.ch\\\/\",\"logo\":{\"@type\":\"ImageObject\",\"inLanguage\":\"it-IT\",\"@id\":\"https:\\\/\\\/www.organisator.ch\\\/#\\\/schema\\\/logo\\\/image\\\/\",\"url\":\"https:\\\/\\\/www.organisator.ch\\\/wp-content\\\/uploads\\\/2022\\\/01\\\/Logo_Organisator_Website.png\",\"contentUrl\":\"https:\\\/\\\/www.organisator.ch\\\/wp-content\\\/uploads\\\/2022\\\/01\\\/Logo_Organisator_Website.png\",\"width\":800,\"height\":77,\"caption\":\"Organisator\"},\"image\":{\"@id\":\"https:\\\/\\\/www.organisator.ch\\\/#\\\/schema\\\/logo\\\/image\\\/\"},\"sameAs\":[\"https:\\\/\\\/www.facebook.com\\\/OrganisatorFachmagazin\",\"https:\\\/\\\/www.linkedin.com\\\/showcase\\\/organisator-das-magazin-fr-kmu\",\"https:\\\/\\\/www.xing.com\\\/news\\\/pages\\\/organisator-ch-695\",\"https:\\\/\\\/www.youtube.com\\\/channel\\\/UCGP2Sq0iWaZwT3BdIAQFYpw\"]},{\"@type\":\"Person\",\"@id\":\"https:\\\/\\\/www.organisator.ch\\\/#\\\/schema\\\/person\\\/6f650f90b2842cd4c0cc334b4e36f67e\",\"name\":\"thomas.berner\",\"image\":{\"@type\":\"ImageObject\",\"inLanguage\":\"it-IT\",\"@id\":\"https:\\\/\\\/secure.gravatar.com\\\/avatar\\\/ac5001d2a36cb6c6cd3e50789007ffca834b477b74a2144564522e944eabff61?s=96&d=mm&r=g\",\"url\":\"https:\\\/\\\/secure.gravatar.com\\\/avatar\\\/ac5001d2a36cb6c6cd3e50789007ffca834b477b74a2144564522e944eabff61?s=96&d=mm&r=g\",\"contentUrl\":\"https:\\\/\\\/secure.gravatar.com\\\/avatar\\\/ac5001d2a36cb6c6cd3e50789007ffca834b477b74a2144564522e944eabff61?s=96&d=mm&r=g\",\"caption\":\"thomas.berner\"},\"url\":\"https:\\\/\\\/www.organisator.ch\\\/it\\\/author\\\/thomas-berner\\\/\"}]}<\/script>\n<!-- \/ Yoast SEO plugin. -->","yoast_head_json":{"title":"Outfit: Vestito giusto per l'ufficio - Organizzatore","description":"Troppo vestito? Sottotono? Quando si tratta del vestito giusto per l'ufficio, non \u00e8 facile prendere una decisione.","robots":{"index":"index","follow":"follow","max-snippet":"max-snippet:-1","max-image-preview":"max-image-preview:large","max-video-preview":"max-video-preview:-1"},"canonical":"https:\/\/www.organisator.ch\/it\/risorse-umane\/fit_im_job\/2020-12-09\/outfit-richtig-gekleidet-ins-buero\/","og_locale":"it_IT","og_type":"article","og_title":"Outfit: Richtig gekleidet ins B\u00fcro","og_description":"Overdressed? Underdressed? Wenn es um das passende Outfit f\u00fcr das B\u00fcro geht, ist es nicht leicht, eine Entscheidung zu treffen.","og_url":"https:\/\/www.organisator.ch\/it\/risorse-umane\/fit_im_job\/2020-12-09\/outfit-richtig-gekleidet-ins-buero\/","og_site_name":"Organisator","article_publisher":"https:\/\/www.facebook.com\/OrganisatorFachmagazin","article_published_time":"2020-12-09T10:57:55+00:00","og_image":[{"width":680,"height":416,"url":"https:\/\/www.organisator.ch\/wp-content\/uploads\/2020\/12\/Outfit-Richtig-gekleidet-ins-Buero_Organisator.jpg","type":"image\/jpeg"}],"author":"thomas.berner","twitter_card":"summary_large_image","twitter_title":"#Outfit: Richtig gekleidet ins B\u00fcro","twitter_description":"#Overdressed? #Underdressed? Wenn es um das passende #Outfit f\u00fcr das B\u00fcro geht, ist es nicht leicht, eine Entscheidung zu treffen.","twitter_image":"https:\/\/www.organisator.ch\/wp-content\/uploads\/2020\/12\/Outfit-Richtig-gekleidet-ins-Buero_Organisator.jpg","schema":{"@context":"https:\/\/schema.org","@graph":[{"@type":"Article","@id":"https:\/\/www.organisator.ch\/human-resources\/fit_im_job\/2020-12-09\/outfit-richtig-gekleidet-ins-buero\/#article","isPartOf":{"@id":"https:\/\/www.organisator.ch\/human-resources\/fit_im_job\/2020-12-09\/outfit-richtig-gekleidet-ins-buero\/"},"author":{"name":"thomas.berner","@id":"https:\/\/www.organisator.ch\/#\/schema\/person\/6f650f90b2842cd4c0cc334b4e36f67e"},"headline":"Outfit: Richtig gekleidet ins B\u00fcro","datePublished":"2020-12-09T10:57:55+00:00","mainEntityOfPage":{"@id":"https:\/\/www.organisator.ch\/human-resources\/fit_im_job\/2020-12-09\/outfit-richtig-gekleidet-ins-buero\/"},"wordCount":717,"publisher":{"@id":"https:\/\/www.organisator.ch\/#organization"},"image":{"@id":"https:\/\/www.organisator.ch\/human-resources\/fit_im_job\/2020-12-09\/outfit-richtig-gekleidet-ins-buero\/#primaryimage"},"thumbnailUrl":"https:\/\/www.organisator.ch\/wp-content\/uploads\/2020\/12\/Outfit-Richtig-gekleidet-ins-Buero_Organisator.jpg","keywords":["Dresscode","Fit im Job","Vermischtes"],"articleSection":["FIT IM JOB"],"inLanguage":"it-IT"},{"@type":"WebPage","@id":"https:\/\/www.organisator.ch\/human-resources\/fit_im_job\/2020-12-09\/outfit-richtig-gekleidet-ins-buero\/","url":"https:\/\/www.organisator.ch\/human-resources\/fit_im_job\/2020-12-09\/outfit-richtig-gekleidet-ins-buero\/","name":"Outfit: Vestito giusto per l'ufficio - Organizzatore","isPartOf":{"@id":"https:\/\/www.organisator.ch\/#website"},"primaryImageOfPage":{"@id":"https:\/\/www.organisator.ch\/human-resources\/fit_im_job\/2020-12-09\/outfit-richtig-gekleidet-ins-buero\/#primaryimage"},"image":{"@id":"https:\/\/www.organisator.ch\/human-resources\/fit_im_job\/2020-12-09\/outfit-richtig-gekleidet-ins-buero\/#primaryimage"},"thumbnailUrl":"https:\/\/www.organisator.ch\/wp-content\/uploads\/2020\/12\/Outfit-Richtig-gekleidet-ins-Buero_Organisator.jpg","datePublished":"2020-12-09T10:57:55+00:00","description":"Troppo vestito? Sottotono? Quando si tratta del vestito giusto per l'ufficio, non \u00e8 facile prendere una decisione.","breadcrumb":{"@id":"https:\/\/www.organisator.ch\/human-resources\/fit_im_job\/2020-12-09\/outfit-richtig-gekleidet-ins-buero\/#breadcrumb"},"inLanguage":"it-IT","potentialAction":[{"@type":"ReadAction","target":["https:\/\/www.organisator.ch\/human-resources\/fit_im_job\/2020-12-09\/outfit-richtig-gekleidet-ins-buero\/"]}]},{"@type":"ImageObject","inLanguage":"it-IT","@id":"https:\/\/www.organisator.ch\/human-resources\/fit_im_job\/2020-12-09\/outfit-richtig-gekleidet-ins-buero\/#primaryimage","url":"https:\/\/www.organisator.ch\/wp-content\/uploads\/2020\/12\/Outfit-Richtig-gekleidet-ins-Buero_Organisator.jpg","contentUrl":"https:\/\/www.organisator.ch\/wp-content\/uploads\/2020\/12\/Outfit-Richtig-gekleidet-ins-Buero_Organisator.jpg","width":680,"height":416,"caption":"Ob am angestammten Arbeitsplatz oder im Heimb\u00fcro: Mit dem passenden Outfit arbeitet es sich besser. (Bild: Unsplash.com)"},{"@type":"BreadcrumbList","@id":"https:\/\/www.organisator.ch\/human-resources\/fit_im_job\/2020-12-09\/outfit-richtig-gekleidet-ins-buero\/#breadcrumb","itemListElement":[{"@type":"ListItem","position":1,"name":"Home","item":"https:\/\/www.organisator.ch\/"},{"@type":"ListItem","position":2,"name":"Outfit: Richtig gekleidet ins B\u00fcro"}]},{"@type":"WebSite","@id":"https:\/\/www.organisator.ch\/#website","url":"https:\/\/www.organisator.ch\/","name":"Organizzatore","description":"Competente. Pratico. In 10 numeri all'anno, ORGANISATOR presenta i temi essenziali per i manager delle PMI.","publisher":{"@id":"https:\/\/www.organisator.ch\/#organization"},"potentialAction":[{"@type":"SearchAction","target":{"@type":"EntryPoint","urlTemplate":"https:\/\/www.organisator.ch\/?s={search_term_string}"},"query-input":{"@type":"PropertyValueSpecification","valueRequired":true,"valueName":"search_term_string"}}],"inLanguage":"it-IT"},{"@type":"Organization","@id":"https:\/\/www.organisator.ch\/#organization","name":"Organizzatore","url":"https:\/\/www.organisator.ch\/","logo":{"@type":"ImageObject","inLanguage":"it-IT","@id":"https:\/\/www.organisator.ch\/#\/schema\/logo\/image\/","url":"https:\/\/www.organisator.ch\/wp-content\/uploads\/2022\/01\/Logo_Organisator_Website.png","contentUrl":"https:\/\/www.organisator.ch\/wp-content\/uploads\/2022\/01\/Logo_Organisator_Website.png","width":800,"height":77,"caption":"Organisator"},"image":{"@id":"https:\/\/www.organisator.ch\/#\/schema\/logo\/image\/"},"sameAs":["https:\/\/www.facebook.com\/OrganisatorFachmagazin","https:\/\/www.linkedin.com\/showcase\/organisator-das-magazin-fr-kmu","https:\/\/www.xing.com\/news\/pages\/organisator-ch-695","https:\/\/www.youtube.com\/channel\/UCGP2Sq0iWaZwT3BdIAQFYpw"]},{"@type":"Person","@id":"https:\/\/www.organisator.ch\/#\/schema\/person\/6f650f90b2842cd4c0cc334b4e36f67e","name":"Tommaso.berner","image":{"@type":"ImageObject","inLanguage":"it-IT","@id":"https:\/\/secure.gravatar.com\/avatar\/ac5001d2a36cb6c6cd3e50789007ffca834b477b74a2144564522e944eabff61?s=96&d=mm&r=g","url":"https:\/\/secure.gravatar.com\/avatar\/ac5001d2a36cb6c6cd3e50789007ffca834b477b74a2144564522e944eabff61?s=96&d=mm&r=g","contentUrl":"https:\/\/secure.gravatar.com\/avatar\/ac5001d2a36cb6c6cd3e50789007ffca834b477b74a2144564522e944eabff61?s=96&d=mm&r=g","caption":"thomas.berner"},"url":"https:\/\/www.organisator.ch\/it\/author\/thomas-berner\/"}]}},"_links":{"self":[{"href":"https:\/\/www.organisator.ch\/it\/wp-json\/wp\/v2\/posts\/7426","targetHints":{"allow":["GET"]}}],"collection":[{"href":"https:\/\/www.organisator.ch\/it\/wp-json\/wp\/v2\/posts"}],"about":[{"href":"https:\/\/www.organisator.ch\/it\/wp-json\/wp\/v2\/types\/post"}],"author":[{"embeddable":true,"href":"https:\/\/www.organisator.ch\/it\/wp-json\/wp\/v2\/users\/4"}],"replies":[{"embeddable":true,"href":"https:\/\/www.organisator.ch\/it\/wp-json\/wp\/v2\/comments?post=7426"}],"version-history":[{"count":0,"href":"https:\/\/www.organisator.ch\/it\/wp-json\/wp\/v2\/posts\/7426\/revisions"}],"wp:featuredmedia":[{"embeddable":true,"href":"https:\/\/www.organisator.ch\/it\/wp-json\/wp\/v2\/media\/7428"}],"wp:attachment":[{"href":"https:\/\/www.organisator.ch\/it\/wp-json\/wp\/v2\/media?parent=7426"}],"wp:term":[{"taxonomy":"category","embeddable":true,"href":"https:\/\/www.organisator.ch\/it\/wp-json\/wp\/v2\/categories?post=7426"},{"taxonomy":"post_tag","embeddable":true,"href":"https:\/\/www.organisator.ch\/it\/wp-json\/wp\/v2\/tags?post=7426"}],"curies":[{"name":"wp","href":"https:\/\/api.w.org\/{rel}","templated":true}]}}