{"id":7482,"date":"2021-01-04T08:15:21","date_gmt":"2021-01-04T07:15:21","guid":{"rendered":"https:\/\/www.organisator.ch\/?p=7482"},"modified":"2021-01-04T08:15:21","modified_gmt":"2021-01-04T07:15:21","slug":"trotz-corona-pandemie-2020-mit-so-vielen-firmengruendungen-wie-nie-zuvor","status":"publish","type":"post","link":"https:\/\/www.organisator.ch\/it\/management\/2021-01-04\/trotz-corona-pandemie-2020-mit-so-vielen-firmengruendungen-wie-nie-zuvor\/","title":{"rendered":"Nonostante la pandemia di Corona: 2020 con pi\u00f9 start-up che mai"},"content":{"rendered":"<figure id=\"attachment_7484\" aria-describedby=\"caption-attachment-7484\" style=\"width: 680px\" class=\"wp-caption alignnone\"><img loading=\"lazy\" decoding=\"async\" class=\"size-medium wp-image-7484\" src=\"https:\/\/www.organisator.ch\/wp-content\/uploads\/2021\/01\/Trotz-Corona-Pandemie-2020-mit-so-vielen-Firmengruendungen-wie-nie-zuvor-1_Organisator.jpg\" alt=\"\" width=\"680\" height=\"247\" srcset=\"https:\/\/www.organisator.ch\/wp-content\/uploads\/2021\/01\/Trotz-Corona-Pandemie-2020-mit-so-vielen-Firmengruendungen-wie-nie-zuvor-1_Organisator.jpg 680w, https:\/\/www.organisator.ch\/wp-content\/uploads\/2021\/01\/Trotz-Corona-Pandemie-2020-mit-so-vielen-Firmengruendungen-wie-nie-zuvor-1_Organisator-16x6.jpg 16w, https:\/\/www.organisator.ch\/wp-content\/uploads\/2021\/01\/Trotz-Corona-Pandemie-2020-mit-so-vielen-Firmengruendungen-wie-nie-zuvor-1_Organisator-375x136.jpg 375w, https:\/\/www.organisator.ch\/wp-content\/uploads\/2021\/01\/Trotz-Corona-Pandemie-2020-mit-so-vielen-Firmengruendungen-wie-nie-zuvor-1_Organisator-300x109.jpg 300w\" sizes=\"auto, (max-width: 680px) 100vw, 680px\" \/><figcaption id=\"caption-attachment-7484\" class=\"wp-caption-text\">Pollici in su per le start-up: Il 2020 \u00e8 stato un anno record per le start-up. (Immagine: Pixabay.com)<\/figcaption><\/figure>\n<p>Nel Registro delle imprese svizzero sono state registrate in totale 46.842 nuove imprese, con un aumento del +5,3% rispetto al record dell'anno precedente 2019. Mentre i mesi di \"blocco\" di marzo, aprile e maggio hanno comprensibilmente frenato il boom delle start-up, il numero di nuove imprese \u00e8 comunque aumentato <a href=\"https:\/\/www.organisator.ch\/wiederanstieg-der-firmengruendungen-im-juni\/\">da giugno<\/a> di nuovo. Nel terzo trimestre sono state fondate in totale 11.682 nuove imprese, il che corrisponde a un aumento del 15,5%. Anche l'ultimo trimestre del 2020 ha registrato un aumento di +13,0% con 13.208 aziende.<\/p>\n<h2>Soprattutto molte nuove aziende nella Svizzera tedesca<\/h2>\n<p>Le grandi regioni della Svizzera nordoccidentale +10,5%, della Svizzera centrale +10,1%, della Svizzera orientale +8,4%, di Zurigo +7,5% e dell'Escape Mittelland +6,0% registreranno nel 2020 nuovi record in termini di numero di fondatori di imprese. Cos\u00ec come il Ticino \u00e8 stato duramente colpito dalla pandemia della Corona, anche il calo del numero di start-up di imprese in Ticino rispetto all'anno precedente \u00e8 rilevante, con un -10,6%. La Svizzera sudoccidentale \u00e8 riuscita a riprendersi nel corso dell'anno e ha registrato solo un leggero calo di -0,2% nei nuovi avviamenti.<\/p>\n<p>In media, nel 2020 sono state realizzate 5,61 start-up ogni 1.000 abitanti. In totale 10 cantoni si collocano al di sopra della media nazionale. Il cantone di Zugo (19,91) \u00e8 in testa con un margine notevole, davanti a Svitto (8,85), Appenzello Interno (8,61) e Ginevra (7,75). I cantoni svizzeri con i tassi di avviamento pi\u00f9 bassi sono Uri (3,18), Berna (3,82) e Sciaffusa (3,92), che hanno il minor numero di nuove imprese per 1.000 abitanti.<\/p>\n<h2>Confronto degli ultimi 10 anni<\/h2>\n<p>Dopo il leggero calo del 2015, l'Ufficio del registro delle imprese ha registrato un aumento costante delle nuove registrazioni. Negli ultimi dieci anni, la costituzione di nuove imprese \u00e8 aumentata di +18%. L'anno 2020 si presenta con un numero di fondazioni aziendali mai visto prima e si conferma come l'anno con il maggior numero di fondazioni da quando esiste il Registro di Commercio Svizzero (FUSC). Il SOGC \u00e8 stato pubblicato per la prima volta il 6 gennaio 1883.<\/p>\n<figure id=\"attachment_7483\" aria-describedby=\"caption-attachment-7483\" style=\"width: 680px\" class=\"wp-caption alignnone\"><img loading=\"lazy\" decoding=\"async\" class=\"size-medium wp-image-7483\" src=\"https:\/\/www.organisator.ch\/wp-content\/uploads\/2021\/01\/Trotz-Corona-Pandemie-2020-mit-so-vielen-Firmengruendungen-wie-nie-zuvor-2_Organisator.jpg\" alt=\"\" width=\"680\" height=\"408\" srcset=\"https:\/\/www.organisator.ch\/wp-content\/uploads\/2021\/01\/Trotz-Corona-Pandemie-2020-mit-so-vielen-Firmengruendungen-wie-nie-zuvor-2_Organisator.jpg 680w, https:\/\/www.organisator.ch\/wp-content\/uploads\/2021\/01\/Trotz-Corona-Pandemie-2020-mit-so-vielen-Firmengruendungen-wie-nie-zuvor-2_Organisator-16x10.jpg 16w, https:\/\/www.organisator.ch\/wp-content\/uploads\/2021\/01\/Trotz-Corona-Pandemie-2020-mit-so-vielen-Firmengruendungen-wie-nie-zuvor-2_Organisator-292x175.jpg 292w, https:\/\/www.organisator.ch\/wp-content\/uploads\/2021\/01\/Trotz-Corona-Pandemie-2020-mit-so-vielen-Firmengruendungen-wie-nie-zuvor-2_Organisator-583x350.jpg 583w, https:\/\/www.organisator.ch\/wp-content\/uploads\/2021\/01\/Trotz-Corona-Pandemie-2020-mit-so-vielen-Firmengruendungen-wie-nie-zuvor-2_Organisator-300x180.jpg 300w\" sizes=\"auto, (max-width: 680px) 100vw, 680px\" \/><figcaption id=\"caption-attachment-7483\" class=\"wp-caption-text\">(Fonte: Foglio ufficiale svizzero di commercio SHAB; Analisi: IFJ Institut f\u00fcr Jungunternehmen AG)<\/figcaption><\/figure>\n<h2>Cinque settori rappresentano il 50% di tutte le start-up<\/h2>\n<p>Circa 50% di tutte le start-up sono nei settori dell'artigianato (16,7%), della consulenza (10,2%), del commercio al dettaglio (8,6%), del settore immobiliare (8,1%) e della finanza e assicurazioni (6,8%). Il minor numero di imprese viene fondato nei settori della stampa e dell'editoria (0,3%), dell'alta tecnologia (0,6%), dell'agricoltura e della silvicoltura (1,1%) e dell'istruzione (1,8%).<\/p>\n<p>Per quanto riguarda l'andamento dei settori rispetto all'anno precedente, si nota che i settori Marketing e Comunicazione sono quelli che sono cresciuti di pi\u00f9 in termini percentuali, +26,0%, Parrucchieri e Cosmetici +21,0%, Commercio al dettaglio +18,6% e Consulenza +14,1X%. Si sono registrati cali in Altri servizi (agenzie di viaggio, attivit\u00e0 libero professionali) -22,4%, Trasporti e logistica -4,9%, Stampa ed editoria -2,5%, Finanza e assicurazioni -2,1% e Ristorazione e alloggio -0,9%.<\/p>\n<h2>Motivi del forte aumento delle fondazioni aziendali nel 2020<\/h2>\n<p>Simon May, direttore generale dell'IFJ Institut f\u00fcr Jungunternehmen, ritiene che l'elevato numero di start-up sia un segnale positivo per il buon funzionamento dell'economia svizzera. L'anno scorso alcuni settori hanno beneficiato del cambiamento della vita economica e sociale, continua May. Mai prima d'ora si \u00e8 speso cos\u00ec tanto in articoli sportivi e per il tempo libero, e le persone hanno investito nel loro spazio vitale personale, compresa l'infrastruttura informatica per l'ufficio di casa. Produttori e rivenditori di giocattoli, tecnologie mediche e di sicurezza, negozi di prodotti agricoli, servizi di streaming, fornitori di audiolibri, servizi di consegna e commercio online in generale hanno registrato un enorme boom. Nonostante le misure economicamente restrittive, i fondatori si sono dimostrati fiduciosi, il che si riflette nella crescita della maggior parte dei settori. Inoltre, attualmente si sta verificando una sorta di \"scossa\" presso le aziende economicamente poco posizionate, che sta incoraggiando la fondazione di nuove imprese.<\/p>\n<p>Secondo le stime dell'Istituto per le giovani imprese, il numero annuale di start-up rappresenta tra il 7% e l'8% di tutte le imprese attive in Svizzera. Queste start-up creano ogni anno circa 55.000 nuovi posti di lavoro, pari a oltre 1% di tutti i dipendenti. Di conseguenza, \u00e8 sistemicamente rilevante per la Svizzera che ogni anno vengano create molte nuove imprese.<\/p>\n<h2>Il boom delle start-up continuer\u00e0 nel 2021?<\/h2>\n<p>Secondo la valutazione di Simon May, la digitalizzazione continuer\u00e0 a ricevere un'enorme spinta. \"La strada \u00e8 spianata per le perturbazioni nazionali e globali. Perch\u00e9 attenzione: gli effetti di questo shock economico e sociale globale si faranno sentire solo in questo ancora giovane 2021 e negli anni successivi\", afferma Simon May. Le chiusure, gli aiuti economici e le restrizioni avrebbero inizialmente agito ancora come una diga. Si pu\u00f2 ipotizzare che questo \"periodo di incubazione\" terminer\u00e0 quando le vaccinazioni faranno effetto, i contagi rimarranno ridotti in modo sostenibile e il ritorno a una nuova normalit\u00e0 diventer\u00e0 un dato di fatto. \"A quel punto la diga si romper\u00e0 e molte altre nuove soluzioni provenienti da questo periodo pandemico troveranno la loro strada verso il mercato. Il 2021 sar\u00e0 davvero dirompente e allo stesso tempo impegnativo per tutti noi\", \u00e8 convinto Simon May.<\/p>\n<p><em>Fonte: <a href=\"http:\/\/www.ifj.ch\">Istituto per le giovani imprese IFJ<\/a><\/em><\/p>","protected":false},"excerpt":{"rendered":"<p>Insgesamt 46\u2019842 neue Firmeneintr\u00e4ge wurden ins Schweizerische Handelsregister eingetragen, was einem Anstieg von +5,3% im Vergleich zum Rekord-Vorjahr 2019 entspricht. W\u00e4hrend die &#8222;Lockdown&#8220;-Monate M\u00e4rz, April und Mai verst\u00e4ndlicherweise den Gr\u00fcndungsboom bremsten, stieg die Zahl neuer Firmen aber ab Juni wieder an. So wurden im dritten Quartal insgesamt 11&#8217;682 neue Firmen gegr\u00fcndet, was einem Anstieg von [&hellip;]<\/p>\n","protected":false},"author":4,"featured_media":7484,"comment_status":"closed","ping_status":"closed","sticky":false,"template":"","format":"standard","meta":{"_acf_changed":false,"_yoast_wpseo_focuskw":"Firmengr\u00fcndungen","_yoast_wpseo_metadesc":"Das von der COVID-19-Pandemie gepr\u00e4gte Jahr 2020 geht als Rekordjahr an Anzahl Firmengr\u00fcndungen in die Geschichte ein. Dies zeigt die Statistik des IFJ.","articlekey":"","footnotes":""},"categories":[28],"tags":[205,335,451,492],"class_list":["post-7482","post","type-post","status-publish","format-standard","has-post-thumbnail","hentry","category-management","tag-firmengruendungen","tag-management-und-unternehmensfuehrung","tag-startups","tag-unternehmen"],"acf":[],"yoast_head":"<!-- This site is optimized with the Yoast SEO plugin v27.5 - https:\/\/yoast.com\/product\/yoast-seo-wordpress\/ -->\n<title>Trotz Corona-Pandemie: 2020 mit so vielen Firmengr\u00fcndungen wie nie zuvor - Organisator<\/title>\n<meta name=\"description\" content=\"Das von der COVID-19-Pandemie gepr\u00e4gte Jahr 2020 geht als Rekordjahr an Anzahl Firmengr\u00fcndungen in die Geschichte ein. Dies zeigt die Statistik des IFJ.\" \/>\n<meta name=\"robots\" content=\"index, follow, max-snippet:-1, max-image-preview:large, max-video-preview:-1\" \/>\n<link rel=\"canonical\" href=\"https:\/\/www.organisator.ch\/it\/gestione-2\/2021-01-04\/trotz-corona-pandemie-2020-mit-so-vielen-firmengruendungen-wie-nie-zuvor\/\" \/>\n<meta property=\"og:locale\" content=\"it_IT\" \/>\n<meta property=\"og:type\" content=\"article\" \/>\n<meta property=\"og:title\" content=\"Trotz Corona-Pandemie: 2020 mit so vielen Firmengr\u00fcndungen wie nie zuvor\" \/>\n<meta property=\"og:description\" content=\"Das von der COVID-19-Pandemie gepr\u00e4gte Jahr 2020 geht als Rekordjahr an Anzahl Firmengr\u00fcndungen in die Geschichte ein. Dies zeigt die Statistik des IFJ.\" \/>\n<meta property=\"og:url\" content=\"https:\/\/www.organisator.ch\/it\/gestione-2\/2021-01-04\/trotz-corona-pandemie-2020-mit-so-vielen-firmengruendungen-wie-nie-zuvor\/\" \/>\n<meta property=\"og:site_name\" content=\"Organisator\" \/>\n<meta property=\"article:publisher\" content=\"https:\/\/www.facebook.com\/OrganisatorFachmagazin\" \/>\n<meta property=\"article:published_time\" content=\"2021-01-04T07:15:21+00:00\" \/>\n<meta property=\"og:image\" content=\"https:\/\/www.organisator.ch\/wp-content\/uploads\/2021\/01\/Trotz-Corona-Pandemie-2020-mit-so-vielen-Firmengruendungen-wie-nie-zuvor-1_Organisator.jpg\" \/>\n\t<meta property=\"og:image:width\" content=\"680\" \/>\n\t<meta property=\"og:image:height\" content=\"247\" \/>\n\t<meta property=\"og:image:type\" content=\"image\/jpeg\" \/>\n<meta name=\"author\" content=\"thomas.berner\" \/>\n<meta name=\"twitter:card\" content=\"summary_large_image\" \/>\n<meta name=\"twitter:title\" content=\"Trotz Corona-Pandemie: 2020 mit so vielen #Firmengr\u00fcndungen wie nie zuvor\" \/>\n<meta name=\"twitter:description\" content=\"Das von der #COVID-19-Pandemie gepr\u00e4gte Jahr 2020 geht als Rekordjahr an Anzahl #Firmengr\u00fcndungen in die Geschichte ein. Dies zeigt die Statistik des #IFJ.\" \/>\n<meta name=\"twitter:image\" content=\"https:\/\/www.organisator.ch\/wp-content\/uploads\/2021\/01\/Trotz-Corona-Pandemie-2020-mit-so-vielen-Firmengruendungen-wie-nie-zuvor-1_Organisator.jpg\" \/>\n<script type=\"application\/ld+json\" class=\"yoast-schema-graph\">{\"@context\":\"https:\\\/\\\/schema.org\",\"@graph\":[{\"@type\":\"Article\",\"@id\":\"https:\\\/\\\/www.organisator.ch\\\/management\\\/2021-01-04\\\/trotz-corona-pandemie-2020-mit-so-vielen-firmengruendungen-wie-nie-zuvor\\\/#article\",\"isPartOf\":{\"@id\":\"https:\\\/\\\/www.organisator.ch\\\/management\\\/2021-01-04\\\/trotz-corona-pandemie-2020-mit-so-vielen-firmengruendungen-wie-nie-zuvor\\\/\"},\"author\":{\"name\":\"thomas.berner\",\"@id\":\"https:\\\/\\\/www.organisator.ch\\\/#\\\/schema\\\/person\\\/6f650f90b2842cd4c0cc334b4e36f67e\"},\"headline\":\"Trotz Corona-Pandemie: 2020 mit so vielen Firmengr\u00fcndungen wie nie zuvor\",\"datePublished\":\"2021-01-04T07:15:21+00:00\",\"mainEntityOfPage\":{\"@id\":\"https:\\\/\\\/www.organisator.ch\\\/management\\\/2021-01-04\\\/trotz-corona-pandemie-2020-mit-so-vielen-firmengruendungen-wie-nie-zuvor\\\/\"},\"wordCount\":768,\"publisher\":{\"@id\":\"https:\\\/\\\/www.organisator.ch\\\/#organization\"},\"image\":{\"@id\":\"https:\\\/\\\/www.organisator.ch\\\/management\\\/2021-01-04\\\/trotz-corona-pandemie-2020-mit-so-vielen-firmengruendungen-wie-nie-zuvor\\\/#primaryimage\"},\"thumbnailUrl\":\"https:\\\/\\\/www.organisator.ch\\\/wp-content\\\/uploads\\\/2021\\\/01\\\/Trotz-Corona-Pandemie-2020-mit-so-vielen-Firmengruendungen-wie-nie-zuvor-1_Organisator.jpg\",\"keywords\":[\"Firmengr\u00fcndungen\",\"Management und Unternehmensf\u00fchrung\",\"Startups\",\"Unternehmen\"],\"articleSection\":[\"MANAGEMENT\"],\"inLanguage\":\"it-IT\"},{\"@type\":\"WebPage\",\"@id\":\"https:\\\/\\\/www.organisator.ch\\\/management\\\/2021-01-04\\\/trotz-corona-pandemie-2020-mit-so-vielen-firmengruendungen-wie-nie-zuvor\\\/\",\"url\":\"https:\\\/\\\/www.organisator.ch\\\/management\\\/2021-01-04\\\/trotz-corona-pandemie-2020-mit-so-vielen-firmengruendungen-wie-nie-zuvor\\\/\",\"name\":\"Trotz Corona-Pandemie: 2020 mit so vielen Firmengr\u00fcndungen wie nie zuvor - Organisator\",\"isPartOf\":{\"@id\":\"https:\\\/\\\/www.organisator.ch\\\/#website\"},\"primaryImageOfPage\":{\"@id\":\"https:\\\/\\\/www.organisator.ch\\\/management\\\/2021-01-04\\\/trotz-corona-pandemie-2020-mit-so-vielen-firmengruendungen-wie-nie-zuvor\\\/#primaryimage\"},\"image\":{\"@id\":\"https:\\\/\\\/www.organisator.ch\\\/management\\\/2021-01-04\\\/trotz-corona-pandemie-2020-mit-so-vielen-firmengruendungen-wie-nie-zuvor\\\/#primaryimage\"},\"thumbnailUrl\":\"https:\\\/\\\/www.organisator.ch\\\/wp-content\\\/uploads\\\/2021\\\/01\\\/Trotz-Corona-Pandemie-2020-mit-so-vielen-Firmengruendungen-wie-nie-zuvor-1_Organisator.jpg\",\"datePublished\":\"2021-01-04T07:15:21+00:00\",\"description\":\"Das von der COVID-19-Pandemie gepr\u00e4gte Jahr 2020 geht als Rekordjahr an Anzahl Firmengr\u00fcndungen in die Geschichte ein. Dies zeigt die Statistik des IFJ.\",\"breadcrumb\":{\"@id\":\"https:\\\/\\\/www.organisator.ch\\\/management\\\/2021-01-04\\\/trotz-corona-pandemie-2020-mit-so-vielen-firmengruendungen-wie-nie-zuvor\\\/#breadcrumb\"},\"inLanguage\":\"it-IT\",\"potentialAction\":[{\"@type\":\"ReadAction\",\"target\":[\"https:\\\/\\\/www.organisator.ch\\\/management\\\/2021-01-04\\\/trotz-corona-pandemie-2020-mit-so-vielen-firmengruendungen-wie-nie-zuvor\\\/\"]}]},{\"@type\":\"ImageObject\",\"inLanguage\":\"it-IT\",\"@id\":\"https:\\\/\\\/www.organisator.ch\\\/management\\\/2021-01-04\\\/trotz-corona-pandemie-2020-mit-so-vielen-firmengruendungen-wie-nie-zuvor\\\/#primaryimage\",\"url\":\"https:\\\/\\\/www.organisator.ch\\\/wp-content\\\/uploads\\\/2021\\\/01\\\/Trotz-Corona-Pandemie-2020-mit-so-vielen-Firmengruendungen-wie-nie-zuvor-1_Organisator.jpg\",\"contentUrl\":\"https:\\\/\\\/www.organisator.ch\\\/wp-content\\\/uploads\\\/2021\\\/01\\\/Trotz-Corona-Pandemie-2020-mit-so-vielen-Firmengruendungen-wie-nie-zuvor-1_Organisator.jpg\",\"width\":680,\"height\":247,\"caption\":\"Daumen hoch f\u00fcr Firmengr\u00fcndungen: Das Jahr 2020 war ein Rekordjahr f\u00fcr Startups. (Bild: Pixabay.com)\"},{\"@type\":\"BreadcrumbList\",\"@id\":\"https:\\\/\\\/www.organisator.ch\\\/management\\\/2021-01-04\\\/trotz-corona-pandemie-2020-mit-so-vielen-firmengruendungen-wie-nie-zuvor\\\/#breadcrumb\",\"itemListElement\":[{\"@type\":\"ListItem\",\"position\":1,\"name\":\"Home\",\"item\":\"https:\\\/\\\/www.organisator.ch\\\/\"},{\"@type\":\"ListItem\",\"position\":2,\"name\":\"Trotz Corona-Pandemie: 2020 mit so vielen Firmengr\u00fcndungen wie nie zuvor\"}]},{\"@type\":\"WebSite\",\"@id\":\"https:\\\/\\\/www.organisator.ch\\\/#website\",\"url\":\"https:\\\/\\\/www.organisator.ch\\\/\",\"name\":\"Organisator\",\"description\":\"Kompetent. Praxisnah. Der ORGANISATOR bereitet in 10 Ausgaben pro Jahr die wesentlichen Themen f\u00fcr F\u00fchrungskr\u00e4fte von KMU auf.\",\"publisher\":{\"@id\":\"https:\\\/\\\/www.organisator.ch\\\/#organization\"},\"potentialAction\":[{\"@type\":\"SearchAction\",\"target\":{\"@type\":\"EntryPoint\",\"urlTemplate\":\"https:\\\/\\\/www.organisator.ch\\\/?s={search_term_string}\"},\"query-input\":{\"@type\":\"PropertyValueSpecification\",\"valueRequired\":true,\"valueName\":\"search_term_string\"}}],\"inLanguage\":\"it-IT\"},{\"@type\":\"Organization\",\"@id\":\"https:\\\/\\\/www.organisator.ch\\\/#organization\",\"name\":\"Organisator\",\"url\":\"https:\\\/\\\/www.organisator.ch\\\/\",\"logo\":{\"@type\":\"ImageObject\",\"inLanguage\":\"it-IT\",\"@id\":\"https:\\\/\\\/www.organisator.ch\\\/#\\\/schema\\\/logo\\\/image\\\/\",\"url\":\"https:\\\/\\\/www.organisator.ch\\\/wp-content\\\/uploads\\\/2022\\\/01\\\/Logo_Organisator_Website.png\",\"contentUrl\":\"https:\\\/\\\/www.organisator.ch\\\/wp-content\\\/uploads\\\/2022\\\/01\\\/Logo_Organisator_Website.png\",\"width\":800,\"height\":77,\"caption\":\"Organisator\"},\"image\":{\"@id\":\"https:\\\/\\\/www.organisator.ch\\\/#\\\/schema\\\/logo\\\/image\\\/\"},\"sameAs\":[\"https:\\\/\\\/www.facebook.com\\\/OrganisatorFachmagazin\",\"https:\\\/\\\/www.linkedin.com\\\/showcase\\\/organisator-das-magazin-fr-kmu\",\"https:\\\/\\\/www.xing.com\\\/news\\\/pages\\\/organisator-ch-695\",\"https:\\\/\\\/www.youtube.com\\\/channel\\\/UCGP2Sq0iWaZwT3BdIAQFYpw\"]},{\"@type\":\"Person\",\"@id\":\"https:\\\/\\\/www.organisator.ch\\\/#\\\/schema\\\/person\\\/6f650f90b2842cd4c0cc334b4e36f67e\",\"name\":\"thomas.berner\",\"image\":{\"@type\":\"ImageObject\",\"inLanguage\":\"it-IT\",\"@id\":\"https:\\\/\\\/secure.gravatar.com\\\/avatar\\\/ac5001d2a36cb6c6cd3e50789007ffca834b477b74a2144564522e944eabff61?s=96&d=mm&r=g\",\"url\":\"https:\\\/\\\/secure.gravatar.com\\\/avatar\\\/ac5001d2a36cb6c6cd3e50789007ffca834b477b74a2144564522e944eabff61?s=96&d=mm&r=g\",\"contentUrl\":\"https:\\\/\\\/secure.gravatar.com\\\/avatar\\\/ac5001d2a36cb6c6cd3e50789007ffca834b477b74a2144564522e944eabff61?s=96&d=mm&r=g\",\"caption\":\"thomas.berner\"},\"url\":\"https:\\\/\\\/www.organisator.ch\\\/it\\\/author\\\/thomas-berner\\\/\"}]}<\/script>\n<!-- \/ Yoast SEO plugin. -->","yoast_head_json":{"title":"Nonostante la pandemia di Corona: 2020 con pi\u00f9 start-up che mai - Organizzatore","description":"Il 2020, segnato dalla pandemia COVID 19, passer\u00e0 alla storia come un anno record in termini di numero di fondazioni aziendali. Lo dimostrano le statistiche dell'IFJ.","robots":{"index":"index","follow":"follow","max-snippet":"max-snippet:-1","max-image-preview":"max-image-preview:large","max-video-preview":"max-video-preview:-1"},"canonical":"https:\/\/www.organisator.ch\/it\/gestione-2\/2021-01-04\/trotz-corona-pandemie-2020-mit-so-vielen-firmengruendungen-wie-nie-zuvor\/","og_locale":"it_IT","og_type":"article","og_title":"Trotz Corona-Pandemie: 2020 mit so vielen Firmengr\u00fcndungen wie nie zuvor","og_description":"Das von der COVID-19-Pandemie gepr\u00e4gte Jahr 2020 geht als Rekordjahr an Anzahl Firmengr\u00fcndungen in die Geschichte ein. Dies zeigt die Statistik des IFJ.","og_url":"https:\/\/www.organisator.ch\/it\/gestione-2\/2021-01-04\/trotz-corona-pandemie-2020-mit-so-vielen-firmengruendungen-wie-nie-zuvor\/","og_site_name":"Organisator","article_publisher":"https:\/\/www.facebook.com\/OrganisatorFachmagazin","article_published_time":"2021-01-04T07:15:21+00:00","og_image":[{"width":680,"height":247,"url":"https:\/\/www.organisator.ch\/wp-content\/uploads\/2021\/01\/Trotz-Corona-Pandemie-2020-mit-so-vielen-Firmengruendungen-wie-nie-zuvor-1_Organisator.jpg","type":"image\/jpeg"}],"author":"thomas.berner","twitter_card":"summary_large_image","twitter_title":"Trotz Corona-Pandemie: 2020 mit so vielen #Firmengr\u00fcndungen wie nie zuvor","twitter_description":"Das von der #COVID-19-Pandemie gepr\u00e4gte Jahr 2020 geht als Rekordjahr an Anzahl #Firmengr\u00fcndungen in die Geschichte ein. Dies zeigt die Statistik des #IFJ.","twitter_image":"https:\/\/www.organisator.ch\/wp-content\/uploads\/2021\/01\/Trotz-Corona-Pandemie-2020-mit-so-vielen-Firmengruendungen-wie-nie-zuvor-1_Organisator.jpg","schema":{"@context":"https:\/\/schema.org","@graph":[{"@type":"Article","@id":"https:\/\/www.organisator.ch\/management\/2021-01-04\/trotz-corona-pandemie-2020-mit-so-vielen-firmengruendungen-wie-nie-zuvor\/#article","isPartOf":{"@id":"https:\/\/www.organisator.ch\/management\/2021-01-04\/trotz-corona-pandemie-2020-mit-so-vielen-firmengruendungen-wie-nie-zuvor\/"},"author":{"name":"thomas.berner","@id":"https:\/\/www.organisator.ch\/#\/schema\/person\/6f650f90b2842cd4c0cc334b4e36f67e"},"headline":"Trotz Corona-Pandemie: 2020 mit so vielen Firmengr\u00fcndungen wie nie zuvor","datePublished":"2021-01-04T07:15:21+00:00","mainEntityOfPage":{"@id":"https:\/\/www.organisator.ch\/management\/2021-01-04\/trotz-corona-pandemie-2020-mit-so-vielen-firmengruendungen-wie-nie-zuvor\/"},"wordCount":768,"publisher":{"@id":"https:\/\/www.organisator.ch\/#organization"},"image":{"@id":"https:\/\/www.organisator.ch\/management\/2021-01-04\/trotz-corona-pandemie-2020-mit-so-vielen-firmengruendungen-wie-nie-zuvor\/#primaryimage"},"thumbnailUrl":"https:\/\/www.organisator.ch\/wp-content\/uploads\/2021\/01\/Trotz-Corona-Pandemie-2020-mit-so-vielen-Firmengruendungen-wie-nie-zuvor-1_Organisator.jpg","keywords":["Firmengr\u00fcndungen","Management und Unternehmensf\u00fchrung","Startups","Unternehmen"],"articleSection":["MANAGEMENT"],"inLanguage":"it-IT"},{"@type":"WebPage","@id":"https:\/\/www.organisator.ch\/management\/2021-01-04\/trotz-corona-pandemie-2020-mit-so-vielen-firmengruendungen-wie-nie-zuvor\/","url":"https:\/\/www.organisator.ch\/management\/2021-01-04\/trotz-corona-pandemie-2020-mit-so-vielen-firmengruendungen-wie-nie-zuvor\/","name":"Nonostante la pandemia di Corona: 2020 con pi\u00f9 start-up che mai - Organizzatore","isPartOf":{"@id":"https:\/\/www.organisator.ch\/#website"},"primaryImageOfPage":{"@id":"https:\/\/www.organisator.ch\/management\/2021-01-04\/trotz-corona-pandemie-2020-mit-so-vielen-firmengruendungen-wie-nie-zuvor\/#primaryimage"},"image":{"@id":"https:\/\/www.organisator.ch\/management\/2021-01-04\/trotz-corona-pandemie-2020-mit-so-vielen-firmengruendungen-wie-nie-zuvor\/#primaryimage"},"thumbnailUrl":"https:\/\/www.organisator.ch\/wp-content\/uploads\/2021\/01\/Trotz-Corona-Pandemie-2020-mit-so-vielen-Firmengruendungen-wie-nie-zuvor-1_Organisator.jpg","datePublished":"2021-01-04T07:15:21+00:00","description":"Il 2020, segnato dalla pandemia COVID 19, passer\u00e0 alla storia come un anno record in termini di numero di fondazioni aziendali. Lo dimostrano le statistiche dell'IFJ.","breadcrumb":{"@id":"https:\/\/www.organisator.ch\/management\/2021-01-04\/trotz-corona-pandemie-2020-mit-so-vielen-firmengruendungen-wie-nie-zuvor\/#breadcrumb"},"inLanguage":"it-IT","potentialAction":[{"@type":"ReadAction","target":["https:\/\/www.organisator.ch\/management\/2021-01-04\/trotz-corona-pandemie-2020-mit-so-vielen-firmengruendungen-wie-nie-zuvor\/"]}]},{"@type":"ImageObject","inLanguage":"it-IT","@id":"https:\/\/www.organisator.ch\/management\/2021-01-04\/trotz-corona-pandemie-2020-mit-so-vielen-firmengruendungen-wie-nie-zuvor\/#primaryimage","url":"https:\/\/www.organisator.ch\/wp-content\/uploads\/2021\/01\/Trotz-Corona-Pandemie-2020-mit-so-vielen-Firmengruendungen-wie-nie-zuvor-1_Organisator.jpg","contentUrl":"https:\/\/www.organisator.ch\/wp-content\/uploads\/2021\/01\/Trotz-Corona-Pandemie-2020-mit-so-vielen-Firmengruendungen-wie-nie-zuvor-1_Organisator.jpg","width":680,"height":247,"caption":"Daumen hoch f\u00fcr Firmengr\u00fcndungen: Das Jahr 2020 war ein Rekordjahr f\u00fcr Startups. (Bild: Pixabay.com)"},{"@type":"BreadcrumbList","@id":"https:\/\/www.organisator.ch\/management\/2021-01-04\/trotz-corona-pandemie-2020-mit-so-vielen-firmengruendungen-wie-nie-zuvor\/#breadcrumb","itemListElement":[{"@type":"ListItem","position":1,"name":"Home","item":"https:\/\/www.organisator.ch\/"},{"@type":"ListItem","position":2,"name":"Trotz Corona-Pandemie: 2020 mit so vielen Firmengr\u00fcndungen wie nie zuvor"}]},{"@type":"WebSite","@id":"https:\/\/www.organisator.ch\/#website","url":"https:\/\/www.organisator.ch\/","name":"Organizzatore","description":"Competente. Pratico. In 10 numeri all'anno, ORGANISATOR presenta i temi essenziali per i manager delle PMI.","publisher":{"@id":"https:\/\/www.organisator.ch\/#organization"},"potentialAction":[{"@type":"SearchAction","target":{"@type":"EntryPoint","urlTemplate":"https:\/\/www.organisator.ch\/?s={search_term_string}"},"query-input":{"@type":"PropertyValueSpecification","valueRequired":true,"valueName":"search_term_string"}}],"inLanguage":"it-IT"},{"@type":"Organization","@id":"https:\/\/www.organisator.ch\/#organization","name":"Organizzatore","url":"https:\/\/www.organisator.ch\/","logo":{"@type":"ImageObject","inLanguage":"it-IT","@id":"https:\/\/www.organisator.ch\/#\/schema\/logo\/image\/","url":"https:\/\/www.organisator.ch\/wp-content\/uploads\/2022\/01\/Logo_Organisator_Website.png","contentUrl":"https:\/\/www.organisator.ch\/wp-content\/uploads\/2022\/01\/Logo_Organisator_Website.png","width":800,"height":77,"caption":"Organisator"},"image":{"@id":"https:\/\/www.organisator.ch\/#\/schema\/logo\/image\/"},"sameAs":["https:\/\/www.facebook.com\/OrganisatorFachmagazin","https:\/\/www.linkedin.com\/showcase\/organisator-das-magazin-fr-kmu","https:\/\/www.xing.com\/news\/pages\/organisator-ch-695","https:\/\/www.youtube.com\/channel\/UCGP2Sq0iWaZwT3BdIAQFYpw"]},{"@type":"Person","@id":"https:\/\/www.organisator.ch\/#\/schema\/person\/6f650f90b2842cd4c0cc334b4e36f67e","name":"Tommaso.berner","image":{"@type":"ImageObject","inLanguage":"it-IT","@id":"https:\/\/secure.gravatar.com\/avatar\/ac5001d2a36cb6c6cd3e50789007ffca834b477b74a2144564522e944eabff61?s=96&d=mm&r=g","url":"https:\/\/secure.gravatar.com\/avatar\/ac5001d2a36cb6c6cd3e50789007ffca834b477b74a2144564522e944eabff61?s=96&d=mm&r=g","contentUrl":"https:\/\/secure.gravatar.com\/avatar\/ac5001d2a36cb6c6cd3e50789007ffca834b477b74a2144564522e944eabff61?s=96&d=mm&r=g","caption":"thomas.berner"},"url":"https:\/\/www.organisator.ch\/it\/author\/thomas-berner\/"}]}},"_links":{"self":[{"href":"https:\/\/www.organisator.ch\/it\/wp-json\/wp\/v2\/posts\/7482","targetHints":{"allow":["GET"]}}],"collection":[{"href":"https:\/\/www.organisator.ch\/it\/wp-json\/wp\/v2\/posts"}],"about":[{"href":"https:\/\/www.organisator.ch\/it\/wp-json\/wp\/v2\/types\/post"}],"author":[{"embeddable":true,"href":"https:\/\/www.organisator.ch\/it\/wp-json\/wp\/v2\/users\/4"}],"replies":[{"embeddable":true,"href":"https:\/\/www.organisator.ch\/it\/wp-json\/wp\/v2\/comments?post=7482"}],"version-history":[{"count":0,"href":"https:\/\/www.organisator.ch\/it\/wp-json\/wp\/v2\/posts\/7482\/revisions"}],"wp:featuredmedia":[{"embeddable":true,"href":"https:\/\/www.organisator.ch\/it\/wp-json\/wp\/v2\/media\/7484"}],"wp:attachment":[{"href":"https:\/\/www.organisator.ch\/it\/wp-json\/wp\/v2\/media?parent=7482"}],"wp:term":[{"taxonomy":"category","embeddable":true,"href":"https:\/\/www.organisator.ch\/it\/wp-json\/wp\/v2\/categories?post=7482"},{"taxonomy":"post_tag","embeddable":true,"href":"https:\/\/www.organisator.ch\/it\/wp-json\/wp\/v2\/tags?post=7482"}],"curies":[{"name":"wp","href":"https:\/\/api.w.org\/{rel}","templated":true}]}}