{"id":7514,"date":"2021-01-13T13:44:50","date_gmt":"2021-01-13T12:44:50","guid":{"rendered":"https:\/\/www.organisator.ch\/?p=7514"},"modified":"2021-01-13T13:44:50","modified_gmt":"2021-01-13T12:44:50","slug":"die-schweizer-unternehmerlandschaft-wird-weiblicher","status":"publish","type":"post","link":"https:\/\/www.organisator.ch\/it\/management\/2021-01-13\/die-schweizer-unternehmerlandschaft-wird-weiblicher\/","title":{"rendered":"Il panorama imprenditoriale svizzero sta diventando pi\u00f9 femminile"},"content":{"rendered":"<figure id=\"attachment_7515\" aria-describedby=\"caption-attachment-7515\" style=\"width: 680px\" class=\"wp-caption alignnone\"><img loading=\"lazy\" decoding=\"async\" class=\"size-medium wp-image-7515\" src=\"https:\/\/www.organisator.ch\/wp-content\/uploads\/2021\/01\/Die-Schweizer-Unternehmerlandschaft-wird-weiblicher_Organisator.jpg\" alt=\"\" width=\"680\" height=\"491\" srcset=\"https:\/\/www.organisator.ch\/wp-content\/uploads\/2021\/01\/Die-Schweizer-Unternehmerlandschaft-wird-weiblicher_Organisator.jpg 680w, https:\/\/www.organisator.ch\/wp-content\/uploads\/2021\/01\/Die-Schweizer-Unternehmerlandschaft-wird-weiblicher_Organisator-16x12.jpg 16w, https:\/\/www.organisator.ch\/wp-content\/uploads\/2021\/01\/Die-Schweizer-Unternehmerlandschaft-wird-weiblicher_Organisator-242x175.jpg 242w, https:\/\/www.organisator.ch\/wp-content\/uploads\/2021\/01\/Die-Schweizer-Unternehmerlandschaft-wird-weiblicher_Organisator-485x350.jpg 485w, https:\/\/www.organisator.ch\/wp-content\/uploads\/2021\/01\/Die-Schweizer-Unternehmerlandschaft-wird-weiblicher_Organisator-300x217.jpg 300w\" sizes=\"auto, (max-width: 680px) 100vw, 680px\" \/><figcaption id=\"caption-attachment-7515\" class=\"wp-caption-text\">Le donne sono in aumento anche nel panorama imprenditoriale svizzero. (Immagine: Pixabay.com)<\/figcaption><\/figure>\n<p>Mai prima d'ora sono state fondate cos\u00ec tante nuove imprese in Svizzera come nel 2020. Ma il panorama imprenditoriale svizzero \u00e8 in movimento anche sotto altri aspetti: Sempre pi\u00f9 donne scelgono la strada del lavoro autonomo. Questo \u00e8 stato studiato dalla University of Applied Sciences Northwestern Switzerland. I dati provengono da un sondaggio sulle nuove aziende fondate tra il 2014 e il 2019.<\/p>\n<h2>La percentuale di donne \u00e8 raddoppiata in 20 anni<\/h2>\n<p>La persona media di start-up in Svizzera \u00e8 maschio, 40,4 anni, senza figli, ha un diploma universitario, circa 22 anni di esperienza professionale e di gestione. Dal primo sondaggio di 20 anni fa, la quota di donne tra i fondatori \u00e8 quasi esattamente raddoppiata ed \u00e8 ora del 31,6%. Anche la quota di fondatori con un background accademico \u00e8 aumentata in modo massiccio. Un fondatore su due ora ha una laurea, un master o un dottorato. Vent'anni fa era ancora uno su tre.<\/p>\n<p>Fattori come l'autorealizzazione, l'indipendenza e la realizzazione delle proprie idee sono chiaramente in cima alla lista delle motivazioni per diventare lavoratori autonomi. Anche la ricerca di un'attivit\u00e0 significativa \u00e8 valutata come molto importante. Molto meno importanti sono la continuazione della tradizione familiare, la prospettiva di un reddito pi\u00f9 alto, il potere o il prestigio. Le motivazioni del lavoro autonomo sono cambiate molto poco negli ultimi 20 anni.<\/p>\n<h2>Il panorama imprenditoriale sta cambiando - avviare un'attivit\u00e0 \u00e8 diventato pi\u00f9 economico<\/h2>\n<p>Le nuove aziende sono piccole e crescono meno di 10 o 20 anni fa. La start-up media non ha dipendenti quando viene fondata e solo uno o due dopo 3,5 anni. Tre quarti dei nuovi lavoratori autonomi hanno dovuto investire meno di 50.000 franchi all'inizio (20 anni fa quasi la met\u00e0 doveva investire pi\u00f9 di 50.000 franchi gi\u00e0 all'inizio). Negli ultimi 20 anni, \u00e8 diventato pi\u00f9 facile ed economico - finanziariamente parlando - iniziare un'attivit\u00e0.<\/p>\n<p>Le persone di riferimento pi\u00f9 importanti nella creazione e gestione dell'impresa sono la famiglia, i parenti e i conoscenti e l'ambiente commerciale precedente. Pochissimi fondatori fanno uso di agenzie statali come le agenzie di sviluppo aziendale, sia nella preparazione della start-up che quando sorgono difficolt\u00e0.<\/p>\n<h2>Maggiore soddisfazione nell'imprenditoria<\/h2>\n<p>Nel complesso, i fondatori sono estremamente soddisfatti del loro lavoro autonomo. I nuovi lavoratori autonomi si considerano di grande successo, hanno prospettive positive per il futuro e sono in una buona posizione finanziaria. Valutano anche le loro prospettive di sviluppo come molto buone, soprattutto in termini di fatturato e di profitto. \"Lo studio mostra che i nuovi lavoratori autonomi hanno successo e sono pi\u00f9 soddisfatti che nel lavoro dipendente, anche se lavorano di pi\u00f9 e guadagnano meno in media\", dice il Prof. Dr. Rolf Meyer, co-autore dello studio.<\/p>\n<p>Dai dati ottenuti, altri rapporti di ricerca saranno pubblicati nel corso dell'anno, per esempio sull'imprenditoria femminile o sui fattori di successo dei nuovi lavoratori autonomi.<\/p>\n<p><em>Fonte e ulteriori informazioni: <a href=\"http:\/\/www.fhnw.ch\">Universit\u00e0 di Scienze Applicate della Svizzera nord-occidentale<\/a><\/em><\/p>","protected":false},"excerpt":{"rendered":"<p>Noch nie wurden in der Schweiz so viele neue Firmen gegr\u00fcndet wie 2020. Doch auch in anderer Hinsicht ist die Schweizer Unternehmerlandschaft in Bewegung: Immer mehr Frauen w\u00e4hlen den Weg in die Selbst\u00e4ndigkeit. Dies hat die Fachhochschule Nordwestschweiz untersucht. Die Daten stammen aus einer Umfrage unter neuen Unternehmen, die zwischen 2014 und 2019 gegr\u00fcndet wurden. [&hellip;]<\/p>\n","protected":false},"author":4,"featured_media":7515,"comment_status":"closed","ping_status":"closed","sticky":false,"template":"","format":"standard","meta":{"_acf_changed":false,"_yoast_wpseo_focuskw":"Unternehmerlandschaft","_yoast_wpseo_metadesc":"Eine Studie der Fachhochschule Nordwestschweiz FHNW untersuchte die Schweizer Unternehmerlandschaft und dabei die Zukunftsaussichten der Firmengr\u00fcnder.","articlekey":"","footnotes":""},"categories":[28],"tags":[159,335,451,459],"class_list":["post-7514","post","type-post","status-publish","format-standard","has-post-thumbnail","hentry","category-management","tag-diversity","tag-management-und-unternehmensfuehrung","tag-startups","tag-studie"],"acf":[],"yoast_head":"<!-- This site is optimized with the Yoast SEO plugin v27.5 - https:\/\/yoast.com\/product\/yoast-seo-wordpress\/ -->\n<title>Die Schweizer Unternehmerlandschaft wird weiblicher - Organisator<\/title>\n<meta name=\"description\" content=\"Eine Studie der Fachhochschule Nordwestschweiz FHNW untersuchte die Schweizer Unternehmerlandschaft und dabei die Zukunftsaussichten der Firmengr\u00fcnder.\" \/>\n<meta name=\"robots\" content=\"index, follow, max-snippet:-1, max-image-preview:large, max-video-preview:-1\" \/>\n<link rel=\"canonical\" href=\"https:\/\/www.organisator.ch\/it\/gestione-2\/2021-01-13\/die-schweizer-unternehmerlandschaft-wird-weiblicher\/\" \/>\n<meta property=\"og:locale\" content=\"it_IT\" \/>\n<meta property=\"og:type\" content=\"article\" \/>\n<meta property=\"og:title\" content=\"Die Schweizer Unternehmerlandschaft wird weiblicher\" \/>\n<meta property=\"og:description\" content=\"Eine Studie der Fachhochschule Nordwestschweiz FHNW untersuchte die Schweizer Unternehmerlandschaft und dabei die Zukunftsaussichten der Firmengr\u00fcnder.\" \/>\n<meta property=\"og:url\" content=\"https:\/\/www.organisator.ch\/it\/gestione-2\/2021-01-13\/die-schweizer-unternehmerlandschaft-wird-weiblicher\/\" \/>\n<meta property=\"og:site_name\" content=\"Organisator\" \/>\n<meta property=\"article:publisher\" content=\"https:\/\/www.facebook.com\/OrganisatorFachmagazin\" \/>\n<meta property=\"article:published_time\" content=\"2021-01-13T12:44:50+00:00\" \/>\n<meta property=\"og:image\" content=\"https:\/\/www.organisator.ch\/wp-content\/uploads\/2021\/01\/Die-Schweizer-Unternehmerlandschaft-wird-weiblicher_Organisator.jpg\" \/>\n\t<meta property=\"og:image:width\" content=\"680\" \/>\n\t<meta property=\"og:image:height\" content=\"491\" \/>\n\t<meta property=\"og:image:type\" content=\"image\/jpeg\" \/>\n<meta name=\"author\" content=\"thomas.berner\" \/>\n<meta name=\"twitter:card\" content=\"summary_large_image\" \/>\n<meta name=\"twitter:title\" content=\"Die Schweizer #Unternehmerlandschaft wird weiblicher\" \/>\n<meta name=\"twitter:description\" content=\"Eine Studie der Fachhochschule Nordwestschweiz #FHNW untersuchte die Schweizer #Unternehmerlandschaft und dabei die Zukunftsaussichten der #Firmengr\u00fcnder.\" \/>\n<meta name=\"twitter:image\" content=\"https:\/\/www.organisator.ch\/wp-content\/uploads\/2021\/01\/Die-Schweizer-Unternehmerlandschaft-wird-weiblicher_Organisator.jpg\" \/>\n<script type=\"application\/ld+json\" class=\"yoast-schema-graph\">{\"@context\":\"https:\\\/\\\/schema.org\",\"@graph\":[{\"@type\":\"Article\",\"@id\":\"https:\\\/\\\/www.organisator.ch\\\/management\\\/2021-01-13\\\/die-schweizer-unternehmerlandschaft-wird-weiblicher\\\/#article\",\"isPartOf\":{\"@id\":\"https:\\\/\\\/www.organisator.ch\\\/management\\\/2021-01-13\\\/die-schweizer-unternehmerlandschaft-wird-weiblicher\\\/\"},\"author\":{\"name\":\"thomas.berner\",\"@id\":\"https:\\\/\\\/www.organisator.ch\\\/#\\\/schema\\\/person\\\/6f650f90b2842cd4c0cc334b4e36f67e\"},\"headline\":\"Die Schweizer Unternehmerlandschaft wird weiblicher\",\"datePublished\":\"2021-01-13T12:44:50+00:00\",\"mainEntityOfPage\":{\"@id\":\"https:\\\/\\\/www.organisator.ch\\\/management\\\/2021-01-13\\\/die-schweizer-unternehmerlandschaft-wird-weiblicher\\\/\"},\"wordCount\":496,\"publisher\":{\"@id\":\"https:\\\/\\\/www.organisator.ch\\\/#organization\"},\"image\":{\"@id\":\"https:\\\/\\\/www.organisator.ch\\\/management\\\/2021-01-13\\\/die-schweizer-unternehmerlandschaft-wird-weiblicher\\\/#primaryimage\"},\"thumbnailUrl\":\"https:\\\/\\\/www.organisator.ch\\\/wp-content\\\/uploads\\\/2021\\\/01\\\/Die-Schweizer-Unternehmerlandschaft-wird-weiblicher_Organisator.jpg\",\"keywords\":[\"Diversity\",\"Management und Unternehmensf\u00fchrung\",\"Startups\",\"Studie\"],\"articleSection\":[\"MANAGEMENT\"],\"inLanguage\":\"it-IT\"},{\"@type\":\"WebPage\",\"@id\":\"https:\\\/\\\/www.organisator.ch\\\/management\\\/2021-01-13\\\/die-schweizer-unternehmerlandschaft-wird-weiblicher\\\/\",\"url\":\"https:\\\/\\\/www.organisator.ch\\\/management\\\/2021-01-13\\\/die-schweizer-unternehmerlandschaft-wird-weiblicher\\\/\",\"name\":\"Die Schweizer Unternehmerlandschaft wird weiblicher - Organisator\",\"isPartOf\":{\"@id\":\"https:\\\/\\\/www.organisator.ch\\\/#website\"},\"primaryImageOfPage\":{\"@id\":\"https:\\\/\\\/www.organisator.ch\\\/management\\\/2021-01-13\\\/die-schweizer-unternehmerlandschaft-wird-weiblicher\\\/#primaryimage\"},\"image\":{\"@id\":\"https:\\\/\\\/www.organisator.ch\\\/management\\\/2021-01-13\\\/die-schweizer-unternehmerlandschaft-wird-weiblicher\\\/#primaryimage\"},\"thumbnailUrl\":\"https:\\\/\\\/www.organisator.ch\\\/wp-content\\\/uploads\\\/2021\\\/01\\\/Die-Schweizer-Unternehmerlandschaft-wird-weiblicher_Organisator.jpg\",\"datePublished\":\"2021-01-13T12:44:50+00:00\",\"description\":\"Eine Studie der Fachhochschule Nordwestschweiz FHNW untersuchte die Schweizer Unternehmerlandschaft und dabei die Zukunftsaussichten der Firmengr\u00fcnder.\",\"breadcrumb\":{\"@id\":\"https:\\\/\\\/www.organisator.ch\\\/management\\\/2021-01-13\\\/die-schweizer-unternehmerlandschaft-wird-weiblicher\\\/#breadcrumb\"},\"inLanguage\":\"it-IT\",\"potentialAction\":[{\"@type\":\"ReadAction\",\"target\":[\"https:\\\/\\\/www.organisator.ch\\\/management\\\/2021-01-13\\\/die-schweizer-unternehmerlandschaft-wird-weiblicher\\\/\"]}]},{\"@type\":\"ImageObject\",\"inLanguage\":\"it-IT\",\"@id\":\"https:\\\/\\\/www.organisator.ch\\\/management\\\/2021-01-13\\\/die-schweizer-unternehmerlandschaft-wird-weiblicher\\\/#primaryimage\",\"url\":\"https:\\\/\\\/www.organisator.ch\\\/wp-content\\\/uploads\\\/2021\\\/01\\\/Die-Schweizer-Unternehmerlandschaft-wird-weiblicher_Organisator.jpg\",\"contentUrl\":\"https:\\\/\\\/www.organisator.ch\\\/wp-content\\\/uploads\\\/2021\\\/01\\\/Die-Schweizer-Unternehmerlandschaft-wird-weiblicher_Organisator.jpg\",\"width\":680,\"height\":491,\"caption\":\"Frauen sind auch in der Schweizer Unternehmerlandschaft auf dem Vormarsch. (Bild: Pixabay.com)\"},{\"@type\":\"BreadcrumbList\",\"@id\":\"https:\\\/\\\/www.organisator.ch\\\/management\\\/2021-01-13\\\/die-schweizer-unternehmerlandschaft-wird-weiblicher\\\/#breadcrumb\",\"itemListElement\":[{\"@type\":\"ListItem\",\"position\":1,\"name\":\"Home\",\"item\":\"https:\\\/\\\/www.organisator.ch\\\/\"},{\"@type\":\"ListItem\",\"position\":2,\"name\":\"Die Schweizer Unternehmerlandschaft wird weiblicher\"}]},{\"@type\":\"WebSite\",\"@id\":\"https:\\\/\\\/www.organisator.ch\\\/#website\",\"url\":\"https:\\\/\\\/www.organisator.ch\\\/\",\"name\":\"Organisator\",\"description\":\"Kompetent. Praxisnah. Der ORGANISATOR bereitet in 10 Ausgaben pro Jahr die wesentlichen Themen f\u00fcr F\u00fchrungskr\u00e4fte von KMU auf.\",\"publisher\":{\"@id\":\"https:\\\/\\\/www.organisator.ch\\\/#organization\"},\"potentialAction\":[{\"@type\":\"SearchAction\",\"target\":{\"@type\":\"EntryPoint\",\"urlTemplate\":\"https:\\\/\\\/www.organisator.ch\\\/?s={search_term_string}\"},\"query-input\":{\"@type\":\"PropertyValueSpecification\",\"valueRequired\":true,\"valueName\":\"search_term_string\"}}],\"inLanguage\":\"it-IT\"},{\"@type\":\"Organization\",\"@id\":\"https:\\\/\\\/www.organisator.ch\\\/#organization\",\"name\":\"Organisator\",\"url\":\"https:\\\/\\\/www.organisator.ch\\\/\",\"logo\":{\"@type\":\"ImageObject\",\"inLanguage\":\"it-IT\",\"@id\":\"https:\\\/\\\/www.organisator.ch\\\/#\\\/schema\\\/logo\\\/image\\\/\",\"url\":\"https:\\\/\\\/www.organisator.ch\\\/wp-content\\\/uploads\\\/2022\\\/01\\\/Logo_Organisator_Website.png\",\"contentUrl\":\"https:\\\/\\\/www.organisator.ch\\\/wp-content\\\/uploads\\\/2022\\\/01\\\/Logo_Organisator_Website.png\",\"width\":800,\"height\":77,\"caption\":\"Organisator\"},\"image\":{\"@id\":\"https:\\\/\\\/www.organisator.ch\\\/#\\\/schema\\\/logo\\\/image\\\/\"},\"sameAs\":[\"https:\\\/\\\/www.facebook.com\\\/OrganisatorFachmagazin\",\"https:\\\/\\\/www.linkedin.com\\\/showcase\\\/organisator-das-magazin-fr-kmu\",\"https:\\\/\\\/www.xing.com\\\/news\\\/pages\\\/organisator-ch-695\",\"https:\\\/\\\/www.youtube.com\\\/channel\\\/UCGP2Sq0iWaZwT3BdIAQFYpw\"]},{\"@type\":\"Person\",\"@id\":\"https:\\\/\\\/www.organisator.ch\\\/#\\\/schema\\\/person\\\/6f650f90b2842cd4c0cc334b4e36f67e\",\"name\":\"thomas.berner\",\"image\":{\"@type\":\"ImageObject\",\"inLanguage\":\"it-IT\",\"@id\":\"https:\\\/\\\/secure.gravatar.com\\\/avatar\\\/ac5001d2a36cb6c6cd3e50789007ffca834b477b74a2144564522e944eabff61?s=96&d=mm&r=g\",\"url\":\"https:\\\/\\\/secure.gravatar.com\\\/avatar\\\/ac5001d2a36cb6c6cd3e50789007ffca834b477b74a2144564522e944eabff61?s=96&d=mm&r=g\",\"contentUrl\":\"https:\\\/\\\/secure.gravatar.com\\\/avatar\\\/ac5001d2a36cb6c6cd3e50789007ffca834b477b74a2144564522e944eabff61?s=96&d=mm&r=g\",\"caption\":\"thomas.berner\"},\"url\":\"https:\\\/\\\/www.organisator.ch\\\/it\\\/author\\\/thomas-berner\\\/\"}]}<\/script>\n<!-- \/ Yoast SEO plugin. -->","yoast_head_json":{"title":"Il panorama imprenditoriale svizzero \u00e8 sempre pi\u00f9 femminile - Organizzatore","description":"Uno studio dell'Universit\u00e0 di Scienze Applicate della Svizzera Nord-occidentale FHNW ha esaminato il panorama imprenditoriale svizzero e, di conseguenza, le prospettive future dei fondatori di aziende.","robots":{"index":"index","follow":"follow","max-snippet":"max-snippet:-1","max-image-preview":"max-image-preview:large","max-video-preview":"max-video-preview:-1"},"canonical":"https:\/\/www.organisator.ch\/it\/gestione-2\/2021-01-13\/die-schweizer-unternehmerlandschaft-wird-weiblicher\/","og_locale":"it_IT","og_type":"article","og_title":"Die Schweizer Unternehmerlandschaft wird weiblicher","og_description":"Eine Studie der Fachhochschule Nordwestschweiz FHNW untersuchte die Schweizer Unternehmerlandschaft und dabei die Zukunftsaussichten der Firmengr\u00fcnder.","og_url":"https:\/\/www.organisator.ch\/it\/gestione-2\/2021-01-13\/die-schweizer-unternehmerlandschaft-wird-weiblicher\/","og_site_name":"Organisator","article_publisher":"https:\/\/www.facebook.com\/OrganisatorFachmagazin","article_published_time":"2021-01-13T12:44:50+00:00","og_image":[{"width":680,"height":491,"url":"https:\/\/www.organisator.ch\/wp-content\/uploads\/2021\/01\/Die-Schweizer-Unternehmerlandschaft-wird-weiblicher_Organisator.jpg","type":"image\/jpeg"}],"author":"thomas.berner","twitter_card":"summary_large_image","twitter_title":"Die Schweizer #Unternehmerlandschaft wird weiblicher","twitter_description":"Eine Studie der Fachhochschule Nordwestschweiz #FHNW untersuchte die Schweizer #Unternehmerlandschaft und dabei die Zukunftsaussichten der #Firmengr\u00fcnder.","twitter_image":"https:\/\/www.organisator.ch\/wp-content\/uploads\/2021\/01\/Die-Schweizer-Unternehmerlandschaft-wird-weiblicher_Organisator.jpg","schema":{"@context":"https:\/\/schema.org","@graph":[{"@type":"Article","@id":"https:\/\/www.organisator.ch\/management\/2021-01-13\/die-schweizer-unternehmerlandschaft-wird-weiblicher\/#article","isPartOf":{"@id":"https:\/\/www.organisator.ch\/management\/2021-01-13\/die-schweizer-unternehmerlandschaft-wird-weiblicher\/"},"author":{"name":"thomas.berner","@id":"https:\/\/www.organisator.ch\/#\/schema\/person\/6f650f90b2842cd4c0cc334b4e36f67e"},"headline":"Die Schweizer Unternehmerlandschaft wird weiblicher","datePublished":"2021-01-13T12:44:50+00:00","mainEntityOfPage":{"@id":"https:\/\/www.organisator.ch\/management\/2021-01-13\/die-schweizer-unternehmerlandschaft-wird-weiblicher\/"},"wordCount":496,"publisher":{"@id":"https:\/\/www.organisator.ch\/#organization"},"image":{"@id":"https:\/\/www.organisator.ch\/management\/2021-01-13\/die-schweizer-unternehmerlandschaft-wird-weiblicher\/#primaryimage"},"thumbnailUrl":"https:\/\/www.organisator.ch\/wp-content\/uploads\/2021\/01\/Die-Schweizer-Unternehmerlandschaft-wird-weiblicher_Organisator.jpg","keywords":["Diversity","Management und Unternehmensf\u00fchrung","Startups","Studie"],"articleSection":["MANAGEMENT"],"inLanguage":"it-IT"},{"@type":"WebPage","@id":"https:\/\/www.organisator.ch\/management\/2021-01-13\/die-schweizer-unternehmerlandschaft-wird-weiblicher\/","url":"https:\/\/www.organisator.ch\/management\/2021-01-13\/die-schweizer-unternehmerlandschaft-wird-weiblicher\/","name":"Il panorama imprenditoriale svizzero \u00e8 sempre pi\u00f9 femminile - Organizzatore","isPartOf":{"@id":"https:\/\/www.organisator.ch\/#website"},"primaryImageOfPage":{"@id":"https:\/\/www.organisator.ch\/management\/2021-01-13\/die-schweizer-unternehmerlandschaft-wird-weiblicher\/#primaryimage"},"image":{"@id":"https:\/\/www.organisator.ch\/management\/2021-01-13\/die-schweizer-unternehmerlandschaft-wird-weiblicher\/#primaryimage"},"thumbnailUrl":"https:\/\/www.organisator.ch\/wp-content\/uploads\/2021\/01\/Die-Schweizer-Unternehmerlandschaft-wird-weiblicher_Organisator.jpg","datePublished":"2021-01-13T12:44:50+00:00","description":"Uno studio dell'Universit\u00e0 di Scienze Applicate della Svizzera Nord-occidentale FHNW ha esaminato il panorama imprenditoriale svizzero e, di conseguenza, le prospettive future dei fondatori di aziende.","breadcrumb":{"@id":"https:\/\/www.organisator.ch\/management\/2021-01-13\/die-schweizer-unternehmerlandschaft-wird-weiblicher\/#breadcrumb"},"inLanguage":"it-IT","potentialAction":[{"@type":"ReadAction","target":["https:\/\/www.organisator.ch\/management\/2021-01-13\/die-schweizer-unternehmerlandschaft-wird-weiblicher\/"]}]},{"@type":"ImageObject","inLanguage":"it-IT","@id":"https:\/\/www.organisator.ch\/management\/2021-01-13\/die-schweizer-unternehmerlandschaft-wird-weiblicher\/#primaryimage","url":"https:\/\/www.organisator.ch\/wp-content\/uploads\/2021\/01\/Die-Schweizer-Unternehmerlandschaft-wird-weiblicher_Organisator.jpg","contentUrl":"https:\/\/www.organisator.ch\/wp-content\/uploads\/2021\/01\/Die-Schweizer-Unternehmerlandschaft-wird-weiblicher_Organisator.jpg","width":680,"height":491,"caption":"Frauen sind auch in der Schweizer Unternehmerlandschaft auf dem Vormarsch. (Bild: Pixabay.com)"},{"@type":"BreadcrumbList","@id":"https:\/\/www.organisator.ch\/management\/2021-01-13\/die-schweizer-unternehmerlandschaft-wird-weiblicher\/#breadcrumb","itemListElement":[{"@type":"ListItem","position":1,"name":"Home","item":"https:\/\/www.organisator.ch\/"},{"@type":"ListItem","position":2,"name":"Die Schweizer Unternehmerlandschaft wird weiblicher"}]},{"@type":"WebSite","@id":"https:\/\/www.organisator.ch\/#website","url":"https:\/\/www.organisator.ch\/","name":"Organizzatore","description":"Competente. Pratico. In 10 numeri all'anno, ORGANISATOR presenta i temi essenziali per i manager delle PMI.","publisher":{"@id":"https:\/\/www.organisator.ch\/#organization"},"potentialAction":[{"@type":"SearchAction","target":{"@type":"EntryPoint","urlTemplate":"https:\/\/www.organisator.ch\/?s={search_term_string}"},"query-input":{"@type":"PropertyValueSpecification","valueRequired":true,"valueName":"search_term_string"}}],"inLanguage":"it-IT"},{"@type":"Organization","@id":"https:\/\/www.organisator.ch\/#organization","name":"Organizzatore","url":"https:\/\/www.organisator.ch\/","logo":{"@type":"ImageObject","inLanguage":"it-IT","@id":"https:\/\/www.organisator.ch\/#\/schema\/logo\/image\/","url":"https:\/\/www.organisator.ch\/wp-content\/uploads\/2022\/01\/Logo_Organisator_Website.png","contentUrl":"https:\/\/www.organisator.ch\/wp-content\/uploads\/2022\/01\/Logo_Organisator_Website.png","width":800,"height":77,"caption":"Organisator"},"image":{"@id":"https:\/\/www.organisator.ch\/#\/schema\/logo\/image\/"},"sameAs":["https:\/\/www.facebook.com\/OrganisatorFachmagazin","https:\/\/www.linkedin.com\/showcase\/organisator-das-magazin-fr-kmu","https:\/\/www.xing.com\/news\/pages\/organisator-ch-695","https:\/\/www.youtube.com\/channel\/UCGP2Sq0iWaZwT3BdIAQFYpw"]},{"@type":"Person","@id":"https:\/\/www.organisator.ch\/#\/schema\/person\/6f650f90b2842cd4c0cc334b4e36f67e","name":"Tommaso.berner","image":{"@type":"ImageObject","inLanguage":"it-IT","@id":"https:\/\/secure.gravatar.com\/avatar\/ac5001d2a36cb6c6cd3e50789007ffca834b477b74a2144564522e944eabff61?s=96&d=mm&r=g","url":"https:\/\/secure.gravatar.com\/avatar\/ac5001d2a36cb6c6cd3e50789007ffca834b477b74a2144564522e944eabff61?s=96&d=mm&r=g","contentUrl":"https:\/\/secure.gravatar.com\/avatar\/ac5001d2a36cb6c6cd3e50789007ffca834b477b74a2144564522e944eabff61?s=96&d=mm&r=g","caption":"thomas.berner"},"url":"https:\/\/www.organisator.ch\/it\/author\/thomas-berner\/"}]}},"_links":{"self":[{"href":"https:\/\/www.organisator.ch\/it\/wp-json\/wp\/v2\/posts\/7514","targetHints":{"allow":["GET"]}}],"collection":[{"href":"https:\/\/www.organisator.ch\/it\/wp-json\/wp\/v2\/posts"}],"about":[{"href":"https:\/\/www.organisator.ch\/it\/wp-json\/wp\/v2\/types\/post"}],"author":[{"embeddable":true,"href":"https:\/\/www.organisator.ch\/it\/wp-json\/wp\/v2\/users\/4"}],"replies":[{"embeddable":true,"href":"https:\/\/www.organisator.ch\/it\/wp-json\/wp\/v2\/comments?post=7514"}],"version-history":[{"count":0,"href":"https:\/\/www.organisator.ch\/it\/wp-json\/wp\/v2\/posts\/7514\/revisions"}],"wp:featuredmedia":[{"embeddable":true,"href":"https:\/\/www.organisator.ch\/it\/wp-json\/wp\/v2\/media\/7515"}],"wp:attachment":[{"href":"https:\/\/www.organisator.ch\/it\/wp-json\/wp\/v2\/media?parent=7514"}],"wp:term":[{"taxonomy":"category","embeddable":true,"href":"https:\/\/www.organisator.ch\/it\/wp-json\/wp\/v2\/categories?post=7514"},{"taxonomy":"post_tag","embeddable":true,"href":"https:\/\/www.organisator.ch\/it\/wp-json\/wp\/v2\/tags?post=7514"}],"curies":[{"name":"wp","href":"https:\/\/api.w.org\/{rel}","templated":true}]}}