{"id":757,"date":"2016-09-22T16:42:38","date_gmt":"2016-09-22T14:42:38","guid":{"rendered":"http:\/\/dev.organisator.ch\/?p=757"},"modified":"2016-09-22T16:42:38","modified_gmt":"2016-09-22T14:42:38","slug":"swisscom-health-ag-thomas-bachofner-neuer-ceo","status":"publish","type":"post","link":"https:\/\/www.organisator.ch\/it\/allgemein\/2016-09-22\/swisscom-health-ag-thomas-bachofner-neuer-ceo\/","title":{"rendered":"Swisscom Health AG: Thomas Bachofner, nuovo CEO"},"content":{"rendered":"<figure id=\"attachment_759\" aria-describedby=\"caption-attachment-759\" style=\"width: 640px\" class=\"wp-caption alignnone\"><img loading=\"lazy\" decoding=\"async\" class=\"size-full wp-image-759\" src=\"https:\/\/www.organisator.ch\/wp-content\/uploads\/2016\/12\/Swisscom-Health-AG-Thomas-Bachofner-neuer-CEO_organisator.jpg\" alt=\"\" width=\"640\" height=\"426\" srcset=\"https:\/\/www.organisator.ch\/wp-content\/uploads\/2016\/12\/Swisscom-Health-AG-Thomas-Bachofner-neuer-CEO_organisator.jpg 640w, https:\/\/www.organisator.ch\/wp-content\/uploads\/2016\/12\/Swisscom-Health-AG-Thomas-Bachofner-neuer-CEO_organisator-16x12.jpg 16w, https:\/\/www.organisator.ch\/wp-content\/uploads\/2016\/12\/Swisscom-Health-AG-Thomas-Bachofner-neuer-CEO_organisator-263x175.jpg 263w, https:\/\/www.organisator.ch\/wp-content\/uploads\/2016\/12\/Swisscom-Health-AG-Thomas-Bachofner-neuer-CEO_organisator-526x350.jpg 526w, https:\/\/www.organisator.ch\/wp-content\/uploads\/2016\/12\/Swisscom-Health-AG-Thomas-Bachofner-neuer-CEO_organisator-300x200.jpg 300w\" sizes=\"auto, (max-width: 640px) 100vw, 640px\" \/><figcaption id=\"caption-attachment-759\" class=\"wp-caption-text\">Thomas Bachofner, nuovo CEO di Swisscom Health AG. (Immagine: ZvG)<\/figcaption><\/figure>\n<p>Negli ultimi cinque anni, Swisscom Health AG ha costruito una base di clienti composta da 2'000 medici, 200 ospedali, 70 assicurazioni, 200 farmacie, cinque cantoni e numerosi laboratori e istituti di radiografia. Inoltre, nel 2016 \u00e8 stato istituito il centro di competenza per l'outsourcing dell'assicurazione sanitaria, che ora gestisce il core IT di Sanitas.<\/p>\n<p>Sotto il nuovo CEO Thomas Bachofner, Swisscom Health AG continuer\u00e0 a promuovere la digitalizzazione e il collegamento in rete nel settore sanitario. La strategia adottata continuer\u00e0 quindi ad essere perseguita.<\/p>\n<p>La digitalizzazione nel settore sanitario sta maturando pi\u00f9 velocemente che mai e una fase pionieristica inizier\u00e0 presto con l'entrata in vigore dell'EPDG. Swisscom Health AG sta gi\u00e0 lavorando a diversi progetti di rete a Zurigo, Soletta, Berna e nel Liechtenstein.<\/p>\n<p>Thomas Bachofner \u00e8 entrato in Swisscom nel 2010 come responsabile della strategia per il segmento PMI. Sotto la sua guida \u00e8 stata creata la strategia di digitalizzazione, che ha poi implementato con successo come responsabile della gestione dei prodotti e del marketing in collaborazione con le PMI clienti. Prima di entrare in Swisscom, Bachofner ha ricoperto diverse posizioni dirigenziali presso IBM e Accenture. Il 45enne zurighese ha studiato economia e scienze politiche all'Universit\u00e0 di Berna. Thomas Bachofner assumer\u00e0 la direzione di Swisscom Health AG il 1\u00b0 dicembre 2016.<\/p>\n<p><a href=\"http:\/\/www.swisscom.ch\" target=\"_blank\" rel=\"noreferrer noopener\" data-cke-saved-href=\"http:\/\/www.swisscom.ch\">www.swisscom.ch<\/a><\/p>","protected":false},"excerpt":{"rendered":"<p>In den vergangenen f\u00fcnf Jahren hat Swisscom Health AG einen Kundenstamm von 2\u2018000 \u00c4rzten, 200 Spit\u00e4lern, 70 Versicherungen, 200 Apotheken, f\u00fcnf Kantonen sowie zahlreichen Labors und R\u00f6ntgen-Instituten aufgebaut. Zudem wurde 2016 das Kompetenzzentrum f\u00fcr Krankenkassen-Outsourcing etabliert, das heute die Kern-IT von Sanitas betreibt. Swisscom Health AG setzt sich unter dem neu ernannten CEO Thomas Bachofner [&hellip;]<\/p>\n","protected":false},"author":1,"featured_media":759,"comment_status":"open","ping_status":"open","sticky":false,"template":"","format":"standard","meta":{"_acf_changed":false,"_yoast_wpseo_focuskw":"Thomas Bachofner","_yoast_wpseo_metadesc":"Der 45j\u00e4hrige Thomas Bachofner hat seit 2010 die Entwicklung von Swisscom im KMU-Segment in verschiedenen F\u00fchrungsfunktionen massgeblich mitgestaltet.","articlekey":"","footnotes":""},"categories":[1],"tags":[381],"class_list":["post-757","post","type-post","status-publish","format-standard","has-post-thumbnail","hentry","category-allgemein","tag-personalia"],"acf":[],"yoast_head":"<!-- This site is optimized with the Yoast SEO plugin v27.5 - https:\/\/yoast.com\/product\/yoast-seo-wordpress\/ -->\n<title>Swisscom Health AG: Thomas Bachofner, neuer CEO - Organisator<\/title>\n<meta name=\"description\" content=\"Der 45j\u00e4hrige Thomas Bachofner hat seit 2010 die Entwicklung von Swisscom im KMU-Segment in verschiedenen F\u00fchrungsfunktionen massgeblich mitgestaltet.\" \/>\n<meta name=\"robots\" content=\"index, follow, max-snippet:-1, max-image-preview:large, max-video-preview:-1\" \/>\n<link rel=\"canonical\" href=\"https:\/\/www.organisator.ch\/it\/generale\/2016-09-22\/swisscom-health-ag-thomas-bachofner-neuer-ceo\/\" \/>\n<meta property=\"og:locale\" content=\"it_IT\" \/>\n<meta property=\"og:type\" content=\"article\" \/>\n<meta property=\"og:title\" content=\"Swisscom Health AG: Thomas Bachofner, neuer CEO\" \/>\n<meta property=\"og:description\" content=\"Thomas Bachofner heisst der neue CEO der Swisscom Health AG. Bachofner folgt auf Stefano Santinelli, der per 1. Oktober 2016 CEO von Swisscom Directories AG (local.ch &amp; search.ch) wird. Der 45j\u00e4hrige Thomas Bachofner hat seit 2010 die Entwicklung von Swisscom im KMU-Segment in verschiedenen F\u00fchrungsfunktionen massgeblich mitgestaltet.\" \/>\n<meta property=\"og:url\" content=\"https:\/\/www.organisator.ch\/it\/generale\/2016-09-22\/swisscom-health-ag-thomas-bachofner-neuer-ceo\/\" \/>\n<meta property=\"og:site_name\" content=\"Organisator\" \/>\n<meta property=\"article:publisher\" content=\"https:\/\/www.facebook.com\/OrganisatorFachmagazin\" \/>\n<meta property=\"article:published_time\" content=\"2016-09-22T14:42:38+00:00\" \/>\n<meta name=\"author\" content=\"admin\" \/>\n<meta name=\"twitter:card\" content=\"summary_large_image\" \/>\n<meta name=\"twitter:image\" content=\"https:\/\/www.organisator.ch\/wp-content\/uploads\/2016\/12\/Swisscom-Health-AG-Thomas-Bachofner-neuer-CEO_organisator.jpg\" \/>\n<script type=\"application\/ld+json\" class=\"yoast-schema-graph\">{\"@context\":\"https:\\\/\\\/schema.org\",\"@graph\":[{\"@type\":\"Article\",\"@id\":\"https:\\\/\\\/www.organisator.ch\\\/de\\\/allgemein\\\/2016-09-22\\\/swisscom-health-ag-thomas-bachofner-neuer-ceo\\\/#article\",\"isPartOf\":{\"@id\":\"https:\\\/\\\/www.organisator.ch\\\/de\\\/allgemein\\\/2016-09-22\\\/swisscom-health-ag-thomas-bachofner-neuer-ceo\\\/\"},\"author\":{\"name\":\"admin\",\"@id\":\"https:\\\/\\\/www.organisator.ch\\\/#\\\/schema\\\/person\\\/aa2bace6c5c5aad60102004a50c4eb1c\"},\"headline\":\"Swisscom Health AG: Thomas Bachofner, neuer CEO\",\"datePublished\":\"2016-09-22T14:42:38+00:00\",\"mainEntityOfPage\":{\"@id\":\"https:\\\/\\\/www.organisator.ch\\\/de\\\/allgemein\\\/2016-09-22\\\/swisscom-health-ag-thomas-bachofner-neuer-ceo\\\/\"},\"wordCount\":213,\"commentCount\":0,\"publisher\":{\"@id\":\"https:\\\/\\\/www.organisator.ch\\\/#organization\"},\"image\":{\"@id\":\"https:\\\/\\\/www.organisator.ch\\\/de\\\/allgemein\\\/2016-09-22\\\/swisscom-health-ag-thomas-bachofner-neuer-ceo\\\/#primaryimage\"},\"thumbnailUrl\":\"https:\\\/\\\/www.organisator.ch\\\/wp-content\\\/uploads\\\/2016\\\/12\\\/Swisscom-Health-AG-Thomas-Bachofner-neuer-CEO_organisator.jpg\",\"keywords\":[\"Personalia\"],\"articleSection\":[\"Allgemein\"],\"inLanguage\":\"it-IT\"},{\"@type\":\"WebPage\",\"@id\":\"https:\\\/\\\/www.organisator.ch\\\/de\\\/allgemein\\\/2016-09-22\\\/swisscom-health-ag-thomas-bachofner-neuer-ceo\\\/\",\"url\":\"https:\\\/\\\/www.organisator.ch\\\/de\\\/allgemein\\\/2016-09-22\\\/swisscom-health-ag-thomas-bachofner-neuer-ceo\\\/\",\"name\":\"Swisscom Health AG: Thomas Bachofner, neuer CEO - Organisator\",\"isPartOf\":{\"@id\":\"https:\\\/\\\/www.organisator.ch\\\/#website\"},\"primaryImageOfPage\":{\"@id\":\"https:\\\/\\\/www.organisator.ch\\\/de\\\/allgemein\\\/2016-09-22\\\/swisscom-health-ag-thomas-bachofner-neuer-ceo\\\/#primaryimage\"},\"image\":{\"@id\":\"https:\\\/\\\/www.organisator.ch\\\/de\\\/allgemein\\\/2016-09-22\\\/swisscom-health-ag-thomas-bachofner-neuer-ceo\\\/#primaryimage\"},\"thumbnailUrl\":\"https:\\\/\\\/www.organisator.ch\\\/wp-content\\\/uploads\\\/2016\\\/12\\\/Swisscom-Health-AG-Thomas-Bachofner-neuer-CEO_organisator.jpg\",\"datePublished\":\"2016-09-22T14:42:38+00:00\",\"description\":\"Der 45j\u00e4hrige Thomas Bachofner hat seit 2010 die Entwicklung von Swisscom im KMU-Segment in verschiedenen F\u00fchrungsfunktionen massgeblich mitgestaltet.\",\"breadcrumb\":{\"@id\":\"https:\\\/\\\/www.organisator.ch\\\/de\\\/allgemein\\\/2016-09-22\\\/swisscom-health-ag-thomas-bachofner-neuer-ceo\\\/#breadcrumb\"},\"inLanguage\":\"it-IT\",\"potentialAction\":[{\"@type\":\"ReadAction\",\"target\":[\"https:\\\/\\\/www.organisator.ch\\\/de\\\/allgemein\\\/2016-09-22\\\/swisscom-health-ag-thomas-bachofner-neuer-ceo\\\/\"]}]},{\"@type\":\"ImageObject\",\"inLanguage\":\"it-IT\",\"@id\":\"https:\\\/\\\/www.organisator.ch\\\/de\\\/allgemein\\\/2016-09-22\\\/swisscom-health-ag-thomas-bachofner-neuer-ceo\\\/#primaryimage\",\"url\":\"https:\\\/\\\/www.organisator.ch\\\/wp-content\\\/uploads\\\/2016\\\/12\\\/Swisscom-Health-AG-Thomas-Bachofner-neuer-CEO_organisator.jpg\",\"contentUrl\":\"https:\\\/\\\/www.organisator.ch\\\/wp-content\\\/uploads\\\/2016\\\/12\\\/Swisscom-Health-AG-Thomas-Bachofner-neuer-CEO_organisator.jpg\",\"width\":640,\"height\":426,\"caption\":\"Thomas Bachofner, neuer CEO der Swisscom Health AG. (BIild: ZvG)\"},{\"@type\":\"BreadcrumbList\",\"@id\":\"https:\\\/\\\/www.organisator.ch\\\/de\\\/allgemein\\\/2016-09-22\\\/swisscom-health-ag-thomas-bachofner-neuer-ceo\\\/#breadcrumb\",\"itemListElement\":[{\"@type\":\"ListItem\",\"position\":1,\"name\":\"Home\",\"item\":\"https:\\\/\\\/www.organisator.ch\\\/\"},{\"@type\":\"ListItem\",\"position\":2,\"name\":\"Swisscom Health AG: Thomas Bachofner, neuer CEO\"}]},{\"@type\":\"WebSite\",\"@id\":\"https:\\\/\\\/www.organisator.ch\\\/#website\",\"url\":\"https:\\\/\\\/www.organisator.ch\\\/\",\"name\":\"Organisator\",\"description\":\"Kompetent. Praxisnah. Der ORGANISATOR bereitet in 10 Ausgaben pro Jahr die wesentlichen Themen f\u00fcr F\u00fchrungskr\u00e4fte von KMU auf.\",\"publisher\":{\"@id\":\"https:\\\/\\\/www.organisator.ch\\\/#organization\"},\"potentialAction\":[{\"@type\":\"SearchAction\",\"target\":{\"@type\":\"EntryPoint\",\"urlTemplate\":\"https:\\\/\\\/www.organisator.ch\\\/?s={search_term_string}\"},\"query-input\":{\"@type\":\"PropertyValueSpecification\",\"valueRequired\":true,\"valueName\":\"search_term_string\"}}],\"inLanguage\":\"it-IT\"},{\"@type\":\"Organization\",\"@id\":\"https:\\\/\\\/www.organisator.ch\\\/#organization\",\"name\":\"Organisator\",\"url\":\"https:\\\/\\\/www.organisator.ch\\\/\",\"logo\":{\"@type\":\"ImageObject\",\"inLanguage\":\"it-IT\",\"@id\":\"https:\\\/\\\/www.organisator.ch\\\/#\\\/schema\\\/logo\\\/image\\\/\",\"url\":\"https:\\\/\\\/www.organisator.ch\\\/wp-content\\\/uploads\\\/2022\\\/01\\\/Logo_Organisator_Website.png\",\"contentUrl\":\"https:\\\/\\\/www.organisator.ch\\\/wp-content\\\/uploads\\\/2022\\\/01\\\/Logo_Organisator_Website.png\",\"width\":800,\"height\":77,\"caption\":\"Organisator\"},\"image\":{\"@id\":\"https:\\\/\\\/www.organisator.ch\\\/#\\\/schema\\\/logo\\\/image\\\/\"},\"sameAs\":[\"https:\\\/\\\/www.facebook.com\\\/OrganisatorFachmagazin\",\"https:\\\/\\\/www.linkedin.com\\\/showcase\\\/organisator-das-magazin-fr-kmu\",\"https:\\\/\\\/www.xing.com\\\/news\\\/pages\\\/organisator-ch-695\",\"https:\\\/\\\/www.youtube.com\\\/channel\\\/UCGP2Sq0iWaZwT3BdIAQFYpw\"]},{\"@type\":\"Person\",\"@id\":\"https:\\\/\\\/www.organisator.ch\\\/#\\\/schema\\\/person\\\/aa2bace6c5c5aad60102004a50c4eb1c\",\"name\":\"admin\",\"image\":{\"@type\":\"ImageObject\",\"inLanguage\":\"it-IT\",\"@id\":\"https:\\\/\\\/secure.gravatar.com\\\/avatar\\\/ae2f4d718e6c49043e314ce431e7e645d646302a24a5ef5a8bc8e3f5a032e319?s=96&d=mm&r=g\",\"url\":\"https:\\\/\\\/secure.gravatar.com\\\/avatar\\\/ae2f4d718e6c49043e314ce431e7e645d646302a24a5ef5a8bc8e3f5a032e319?s=96&d=mm&r=g\",\"contentUrl\":\"https:\\\/\\\/secure.gravatar.com\\\/avatar\\\/ae2f4d718e6c49043e314ce431e7e645d646302a24a5ef5a8bc8e3f5a032e319?s=96&d=mm&r=g\",\"caption\":\"admin\"},\"sameAs\":[\"https:\\\/\\\/www.organisator.ch\"],\"url\":\"https:\\\/\\\/www.organisator.ch\\\/it\\\/author\\\/admin\\\/\"}]}<\/script>\n<!-- \/ Yoast SEO plugin. -->","yoast_head_json":{"title":"Swisscom Salute SA: Thomas Bachofner, nuovo CEO - Organizzatore","description":"Dal 2010, Thomas Bachofner, 45 anni, ha svolto un ruolo chiave nel plasmare lo sviluppo di Swisscom nel segmento delle PMI in diverse funzioni dirigenziali.","robots":{"index":"index","follow":"follow","max-snippet":"max-snippet:-1","max-image-preview":"max-image-preview:large","max-video-preview":"max-video-preview:-1"},"canonical":"https:\/\/www.organisator.ch\/it\/generale\/2016-09-22\/swisscom-health-ag-thomas-bachofner-neuer-ceo\/","og_locale":"it_IT","og_type":"article","og_title":"Swisscom Health AG: Thomas Bachofner, neuer CEO","og_description":"Thomas Bachofner heisst der neue CEO der Swisscom Health AG. Bachofner folgt auf Stefano Santinelli, der per 1. Oktober 2016 CEO von Swisscom Directories AG (local.ch & search.ch) wird. Der 45j\u00e4hrige Thomas Bachofner hat seit 2010 die Entwicklung von Swisscom im KMU-Segment in verschiedenen F\u00fchrungsfunktionen massgeblich mitgestaltet.","og_url":"https:\/\/www.organisator.ch\/it\/generale\/2016-09-22\/swisscom-health-ag-thomas-bachofner-neuer-ceo\/","og_site_name":"Organisator","article_publisher":"https:\/\/www.facebook.com\/OrganisatorFachmagazin","article_published_time":"2016-09-22T14:42:38+00:00","author":"admin","twitter_card":"summary_large_image","twitter_image":"https:\/\/www.organisator.ch\/wp-content\/uploads\/2016\/12\/Swisscom-Health-AG-Thomas-Bachofner-neuer-CEO_organisator.jpg","schema":{"@context":"https:\/\/schema.org","@graph":[{"@type":"Article","@id":"https:\/\/www.organisator.ch\/de\/allgemein\/2016-09-22\/swisscom-health-ag-thomas-bachofner-neuer-ceo\/#article","isPartOf":{"@id":"https:\/\/www.organisator.ch\/de\/allgemein\/2016-09-22\/swisscom-health-ag-thomas-bachofner-neuer-ceo\/"},"author":{"name":"admin","@id":"https:\/\/www.organisator.ch\/#\/schema\/person\/aa2bace6c5c5aad60102004a50c4eb1c"},"headline":"Swisscom Health AG: Thomas Bachofner, neuer CEO","datePublished":"2016-09-22T14:42:38+00:00","mainEntityOfPage":{"@id":"https:\/\/www.organisator.ch\/de\/allgemein\/2016-09-22\/swisscom-health-ag-thomas-bachofner-neuer-ceo\/"},"wordCount":213,"commentCount":0,"publisher":{"@id":"https:\/\/www.organisator.ch\/#organization"},"image":{"@id":"https:\/\/www.organisator.ch\/de\/allgemein\/2016-09-22\/swisscom-health-ag-thomas-bachofner-neuer-ceo\/#primaryimage"},"thumbnailUrl":"https:\/\/www.organisator.ch\/wp-content\/uploads\/2016\/12\/Swisscom-Health-AG-Thomas-Bachofner-neuer-CEO_organisator.jpg","keywords":["Personalia"],"articleSection":["Allgemein"],"inLanguage":"it-IT"},{"@type":"WebPage","@id":"https:\/\/www.organisator.ch\/de\/allgemein\/2016-09-22\/swisscom-health-ag-thomas-bachofner-neuer-ceo\/","url":"https:\/\/www.organisator.ch\/de\/allgemein\/2016-09-22\/swisscom-health-ag-thomas-bachofner-neuer-ceo\/","name":"Swisscom Salute SA: Thomas Bachofner, nuovo CEO - Organizzatore","isPartOf":{"@id":"https:\/\/www.organisator.ch\/#website"},"primaryImageOfPage":{"@id":"https:\/\/www.organisator.ch\/de\/allgemein\/2016-09-22\/swisscom-health-ag-thomas-bachofner-neuer-ceo\/#primaryimage"},"image":{"@id":"https:\/\/www.organisator.ch\/de\/allgemein\/2016-09-22\/swisscom-health-ag-thomas-bachofner-neuer-ceo\/#primaryimage"},"thumbnailUrl":"https:\/\/www.organisator.ch\/wp-content\/uploads\/2016\/12\/Swisscom-Health-AG-Thomas-Bachofner-neuer-CEO_organisator.jpg","datePublished":"2016-09-22T14:42:38+00:00","description":"Dal 2010, Thomas Bachofner, 45 anni, ha svolto un ruolo chiave nel plasmare lo sviluppo di Swisscom nel segmento delle PMI in diverse funzioni dirigenziali.","breadcrumb":{"@id":"https:\/\/www.organisator.ch\/de\/allgemein\/2016-09-22\/swisscom-health-ag-thomas-bachofner-neuer-ceo\/#breadcrumb"},"inLanguage":"it-IT","potentialAction":[{"@type":"ReadAction","target":["https:\/\/www.organisator.ch\/de\/allgemein\/2016-09-22\/swisscom-health-ag-thomas-bachofner-neuer-ceo\/"]}]},{"@type":"ImageObject","inLanguage":"it-IT","@id":"https:\/\/www.organisator.ch\/de\/allgemein\/2016-09-22\/swisscom-health-ag-thomas-bachofner-neuer-ceo\/#primaryimage","url":"https:\/\/www.organisator.ch\/wp-content\/uploads\/2016\/12\/Swisscom-Health-AG-Thomas-Bachofner-neuer-CEO_organisator.jpg","contentUrl":"https:\/\/www.organisator.ch\/wp-content\/uploads\/2016\/12\/Swisscom-Health-AG-Thomas-Bachofner-neuer-CEO_organisator.jpg","width":640,"height":426,"caption":"Thomas Bachofner, neuer CEO der Swisscom Health AG. (BIild: ZvG)"},{"@type":"BreadcrumbList","@id":"https:\/\/www.organisator.ch\/de\/allgemein\/2016-09-22\/swisscom-health-ag-thomas-bachofner-neuer-ceo\/#breadcrumb","itemListElement":[{"@type":"ListItem","position":1,"name":"Home","item":"https:\/\/www.organisator.ch\/"},{"@type":"ListItem","position":2,"name":"Swisscom Health AG: Thomas Bachofner, neuer CEO"}]},{"@type":"WebSite","@id":"https:\/\/www.organisator.ch\/#website","url":"https:\/\/www.organisator.ch\/","name":"Organizzatore","description":"Competente. Pratico. In 10 numeri all'anno, ORGANISATOR presenta i temi essenziali per i manager delle PMI.","publisher":{"@id":"https:\/\/www.organisator.ch\/#organization"},"potentialAction":[{"@type":"SearchAction","target":{"@type":"EntryPoint","urlTemplate":"https:\/\/www.organisator.ch\/?s={search_term_string}"},"query-input":{"@type":"PropertyValueSpecification","valueRequired":true,"valueName":"search_term_string"}}],"inLanguage":"it-IT"},{"@type":"Organization","@id":"https:\/\/www.organisator.ch\/#organization","name":"Organizzatore","url":"https:\/\/www.organisator.ch\/","logo":{"@type":"ImageObject","inLanguage":"it-IT","@id":"https:\/\/www.organisator.ch\/#\/schema\/logo\/image\/","url":"https:\/\/www.organisator.ch\/wp-content\/uploads\/2022\/01\/Logo_Organisator_Website.png","contentUrl":"https:\/\/www.organisator.ch\/wp-content\/uploads\/2022\/01\/Logo_Organisator_Website.png","width":800,"height":77,"caption":"Organisator"},"image":{"@id":"https:\/\/www.organisator.ch\/#\/schema\/logo\/image\/"},"sameAs":["https:\/\/www.facebook.com\/OrganisatorFachmagazin","https:\/\/www.linkedin.com\/showcase\/organisator-das-magazin-fr-kmu","https:\/\/www.xing.com\/news\/pages\/organisator-ch-695","https:\/\/www.youtube.com\/channel\/UCGP2Sq0iWaZwT3BdIAQFYpw"]},{"@type":"Person","@id":"https:\/\/www.organisator.ch\/#\/schema\/person\/aa2bace6c5c5aad60102004a50c4eb1c","name":"amministratore","image":{"@type":"ImageObject","inLanguage":"it-IT","@id":"https:\/\/secure.gravatar.com\/avatar\/ae2f4d718e6c49043e314ce431e7e645d646302a24a5ef5a8bc8e3f5a032e319?s=96&d=mm&r=g","url":"https:\/\/secure.gravatar.com\/avatar\/ae2f4d718e6c49043e314ce431e7e645d646302a24a5ef5a8bc8e3f5a032e319?s=96&d=mm&r=g","contentUrl":"https:\/\/secure.gravatar.com\/avatar\/ae2f4d718e6c49043e314ce431e7e645d646302a24a5ef5a8bc8e3f5a032e319?s=96&d=mm&r=g","caption":"admin"},"sameAs":["https:\/\/www.organisator.ch"],"url":"https:\/\/www.organisator.ch\/it\/author\/admin\/"}]}},"_links":{"self":[{"href":"https:\/\/www.organisator.ch\/it\/wp-json\/wp\/v2\/posts\/757","targetHints":{"allow":["GET"]}}],"collection":[{"href":"https:\/\/www.organisator.ch\/it\/wp-json\/wp\/v2\/posts"}],"about":[{"href":"https:\/\/www.organisator.ch\/it\/wp-json\/wp\/v2\/types\/post"}],"author":[{"embeddable":true,"href":"https:\/\/www.organisator.ch\/it\/wp-json\/wp\/v2\/users\/1"}],"replies":[{"embeddable":true,"href":"https:\/\/www.organisator.ch\/it\/wp-json\/wp\/v2\/comments?post=757"}],"version-history":[{"count":0,"href":"https:\/\/www.organisator.ch\/it\/wp-json\/wp\/v2\/posts\/757\/revisions"}],"wp:featuredmedia":[{"embeddable":true,"href":"https:\/\/www.organisator.ch\/it\/wp-json\/wp\/v2\/media\/759"}],"wp:attachment":[{"href":"https:\/\/www.organisator.ch\/it\/wp-json\/wp\/v2\/media?parent=757"}],"wp:term":[{"taxonomy":"category","embeddable":true,"href":"https:\/\/www.organisator.ch\/it\/wp-json\/wp\/v2\/categories?post=757"},{"taxonomy":"post_tag","embeddable":true,"href":"https:\/\/www.organisator.ch\/it\/wp-json\/wp\/v2\/tags?post=757"}],"curies":[{"name":"wp","href":"https:\/\/api.w.org\/{rel}","templated":true}]}}