{"id":7572,"date":"2021-01-27T10:17:08","date_gmt":"2021-01-27T09:17:08","guid":{"rendered":"https:\/\/www.organisator.ch\/?p=7572"},"modified":"2021-01-27T10:17:08","modified_gmt":"2021-01-27T09:17:08","slug":"corona-macht-veraenderungen-bei-lieferketten-noetig","status":"publish","type":"post","link":"https:\/\/www.organisator.ch\/it\/management\/2021-01-27\/corona-macht-veraenderungen-bei-lieferketten-noetig\/","title":{"rendered":"Corona richiede cambiamenti nelle catene di approvvigionamento"},"content":{"rendered":"<figure id=\"attachment_7573\" aria-describedby=\"caption-attachment-7573\" style=\"width: 680px\" class=\"wp-caption alignnone\"><img loading=\"lazy\" decoding=\"async\" class=\"size-medium wp-image-7573\" src=\"https:\/\/www.organisator.ch\/wp-content\/uploads\/2021\/01\/Corona-macht-Veraenderungen-bei-Lieferketten-noetig_Organisator.jpg\" alt=\"\" width=\"680\" height=\"342\" srcset=\"https:\/\/www.organisator.ch\/wp-content\/uploads\/2021\/01\/Corona-macht-Veraenderungen-bei-Lieferketten-noetig_Organisator.jpg 680w, https:\/\/www.organisator.ch\/wp-content\/uploads\/2021\/01\/Corona-macht-Veraenderungen-bei-Lieferketten-noetig_Organisator-16x8.jpg 16w, https:\/\/www.organisator.ch\/wp-content\/uploads\/2021\/01\/Corona-macht-Veraenderungen-bei-Lieferketten-noetig_Organisator-348x175.jpg 348w, https:\/\/www.organisator.ch\/wp-content\/uploads\/2021\/01\/Corona-macht-Veraenderungen-bei-Lieferketten-noetig_Organisator-300x151.jpg 300w\" sizes=\"auto, (max-width: 680px) 100vw, 680px\" \/><figcaption id=\"caption-attachment-7573\" class=\"wp-caption-text\">Il 70 per cento delle aziende vede la pandemia globale come il pi\u00f9 grande rischio per le catene di approvvigionamento. Questo \u00e8 dimostrato da uno studio recente. (Immagine: Pixabay.com)<\/figcaption><\/figure>\n<p>Lo studio sulla catena di approvvigionamento globale di Orange Business Services mostra: La pandemia globale rivela i cambiamenti necessari per catene di approvvigionamento a prova di futuro. Circa l'83% delle aziende intervistate in questo studio ha dichiarato di essere pi\u00f9 consapevole dei rischi della catena di approvvigionamento come la carenza di materie prime, l'interruzione della produzione o il blocco dei trasporti rispetto a un anno fa. La pandemia \u00e8 quindi una sorta di campanello d'allarme per le aziende. In particolare, la velocit\u00e0, l'agilit\u00e0 e l'innovazione sono viste come indispensabili per dominare le sfide future. Per garantire la sopravvivenza, costruire la resilienza e la sostenibilit\u00e0 nelle catene di approvvigionamento attraverso la digitalizzazione e la comprensione dei dati in tempo reale \u00e8 anche una priorit\u00e0 nelle strategie di trasformazione di molte aziende. Infatti, il 44% delle aziende prevede di lanciare iniziative di dati in tempo reale nei prossimi due anni.<\/p>\n<h2>Rafforzare le catene di approvvigionamento<\/h2>\n<p>Secondo l'indagine, quasi otto aziende su dieci hanno accelerato la digitalizzazione della loro catena di approvvigionamento. Inoltre, quasi il 50% degli intervistati sta pensando di rivedere le proprie strategie di gestione del rischio nei prossimi due anni. Anche l'automazione sta acquisendo importanza per gestire una domanda in rapida evoluzione. Infatti, il 42% delle aziende dice di usare l'automazione per la gestione del rischio. Lo stesso numero (42%) prevede di farlo nei prossimi due anni.<\/p>\n<p>La misura in cui la pandemia sta influenzando le catene di approvvigionamento \u00e8 resa chiara anche dai seguenti risultati: due partecipanti allo studio su cinque dicono che la loro catena di approvvigionamento non \u00e8 stata in grado di tenere il passo al primo picco della pandemia. \u00c8 qui che gli abilitatori tecnologici come l'intelligenza artificiale (AI), il cloud, il 5G e l'analisi dei Big Data giocheranno un grande ruolo in futuro, perch\u00e9 migliorano le catene di approvvigionamento attraverso una migliore pianificazione ed esecuzione. La raccolta e la condivisione di dati in tempo reale aumenta l'efficienza e la trasparenza in tutta la catena di approvvigionamento. Allo stesso tempo, supporta le relazioni tra fornitori e produttori per prendere decisioni intelligenti.<\/p>\n<p>\"L'emergenza sanitaria globale ha portato le organizzazioni ad accettare la fragilit\u00e0 dei loro ecosistemi. Le lacune critiche devono ora essere colmate per garantire la trasparenza end-to-end a livello globale e minimizzare il rischio per le aziende e le organizzazioni. Le tecnologie e le capacit\u00e0 digitali sono fondamentali per consentire alle aziende e ai loro partner di rendere sicura la catena di approvvigionamento. La digitalizzazione e l'acquisizione dei dati saranno anche fattori chiave per diventare pi\u00f9 sostenibili e risparmiare sia i costi che le risorse del pianeta\", dice Kristof Symons, Executive Vice President, International, Orange Business Services.<\/p>\n<h2>Nuovo slancio per i programmi di sostenibilit\u00e0<\/h2>\n<p>Anche se la pandemia ha spinto la questione della sostenibilit\u00e0 in basso nell'agenda aziendale, il 59 per cento degli intervistati ha detto che un'azienda che non \u00e8 gestita in modo etico e sostenibile \u00e8 un rischio commerciale significativo che colpisce la linea di fondo. Le fabbriche intelligenti, per esempio, sono in grado di risparmiare circa il 30 per cento sui costi energetici.<\/p>\n<p>Per il futuro, l'85% delle aziende intervistate prevede di fare investimenti per diventare pi\u00f9 sostenibile. Il 78% delle aziende vede la sostenibilit\u00e0 come un'opportunit\u00e0 per guidare l'innovazione di prodotti e servizi - un vantaggio chiave per mantenere la competitivit\u00e0.<\/p>\n<p>\"La pandemia finir\u00e0 prima o poi e in qualche modo. Ma il cambiamento climatico, la sostenibilit\u00e0 - questi sviluppi e rischi rimarranno per i prossimi decenni\", spiega Erwin Verstraelen, CDO e CIO del porto di Anversa. \"Per esempio, il Green Deal europeo metter\u00e0 pi\u00f9 pressione su tutte le parti interessate per identificare l'origine delle emissioni e ridurre al minimo la loro impronta ambientale. La catena di approvvigionamento \u00e8 un elemento importante in questo\". Se le aziende saranno all'altezza delle loro pretese, \u00e8 probabile che i programmi di gestione sostenibile guidati dal digitale diventino quasi universali nei prossimi due anni.<\/p>\n<p><em>Fonte: <a href=\"http:\/\/www.orange-business.com\">Servizi aziendali arancioni<\/a><\/em><\/p>","protected":false},"excerpt":{"rendered":"<p>Die globale Supply Chain Studie von Orange Business Services zeigt: Die weltweite Pandemie offenbart notwendige Ver\u00e4nderungen f\u00fcr zukunftssichere Lieferketten. Rund 83 Prozent der in dieser Studie befragten Unternehmen gaben an, dass sie sich der Risiken in der Lieferkette wie Rohstoffengp\u00e4ssen, Produktionsstillst\u00e4nden oder Transportblockaden st\u00e4rker bewusst sind als noch vor einem Jahr. Die Pandemie ist demzufolge [&hellip;]<\/p>\n","protected":false},"author":4,"featured_media":7573,"comment_status":"closed","ping_status":"closed","sticky":false,"template":"","format":"standard","meta":{"_acf_changed":false,"_yoast_wpseo_focuskw":"Lieferketten","_yoast_wpseo_metadesc":"Eine Studie im Auftrag von Orange Business Services unter internationalen Unternehmen zeigt: 40 Prozent der Lieferketten hielten der Pandemie nicht Stand.","articlekey":"","footnotes":""},"categories":[28],"tags":[132,328,334,459,462],"class_list":["post-7572","post","type-post","status-publish","format-standard","has-post-thumbnail","hentry","category-management","tag-coronavirus","tag-logistik","tag-management","tag-studie","tag-supply-chain-management"],"acf":[],"yoast_head":"<!-- This site is optimized with the Yoast SEO plugin v27.5 - https:\/\/yoast.com\/product\/yoast-seo-wordpress\/ -->\n<title>Corona macht Ver\u00e4nderungen bei Lieferketten n\u00f6tig - Organisator<\/title>\n<meta name=\"description\" content=\"Eine Studie im Auftrag von Orange Business Services unter internationalen Unternehmen zeigt: 40 Prozent der Lieferketten hielten der Pandemie nicht Stand.\" \/>\n<meta name=\"robots\" content=\"index, follow, max-snippet:-1, max-image-preview:large, max-video-preview:-1\" \/>\n<link rel=\"canonical\" href=\"https:\/\/www.organisator.ch\/it\/gestione-2\/2021-01-27\/corona-macht-veraenderungen-bei-lieferketten-noetig\/\" \/>\n<meta property=\"og:locale\" content=\"it_IT\" \/>\n<meta property=\"og:type\" content=\"article\" \/>\n<meta property=\"og:title\" content=\"Corona macht Ver\u00e4nderungen bei Lieferketten n\u00f6tig\" \/>\n<meta property=\"og:description\" content=\"Eine Studie im Auftrag von Orange Business Services unter internationalen Unternehmen zeigt: 40 Prozent der Lieferketten hielten der Pandemie nicht Stand.\" \/>\n<meta property=\"og:url\" content=\"https:\/\/www.organisator.ch\/it\/gestione-2\/2021-01-27\/corona-macht-veraenderungen-bei-lieferketten-noetig\/\" \/>\n<meta property=\"og:site_name\" content=\"Organisator\" \/>\n<meta property=\"article:publisher\" content=\"https:\/\/www.facebook.com\/OrganisatorFachmagazin\" \/>\n<meta property=\"article:published_time\" content=\"2021-01-27T09:17:08+00:00\" \/>\n<meta property=\"og:image\" content=\"https:\/\/www.organisator.ch\/wp-content\/uploads\/2021\/01\/Corona-macht-Veraenderungen-bei-Lieferketten-noetig_Organisator.jpg\" \/>\n\t<meta property=\"og:image:width\" content=\"680\" \/>\n\t<meta property=\"og:image:height\" content=\"342\" \/>\n\t<meta property=\"og:image:type\" content=\"image\/jpeg\" \/>\n<meta name=\"author\" content=\"thomas.berner\" \/>\n<meta name=\"twitter:card\" content=\"summary_large_image\" \/>\n<meta name=\"twitter:title\" content=\"#Corona macht Ver\u00e4nderungen bei #Lieferketten n\u00f6tig\" \/>\n<meta name=\"twitter:description\" content=\"Eine Studie im Auftrag von #OrangeBusinessServices unter internationalen Unternehmen zeigt: 40 Prozent der #Lieferketten hielten der Pandemie nicht Stand.\" \/>\n<meta name=\"twitter:image\" content=\"https:\/\/www.organisator.ch\/wp-content\/uploads\/2021\/01\/Corona-macht-Veraenderungen-bei-Lieferketten-noetig_Organisator.jpg\" \/>\n<script type=\"application\/ld+json\" class=\"yoast-schema-graph\">{\"@context\":\"https:\\\/\\\/schema.org\",\"@graph\":[{\"@type\":\"Article\",\"@id\":\"https:\\\/\\\/www.organisator.ch\\\/management\\\/2021-01-27\\\/corona-macht-veraenderungen-bei-lieferketten-noetig\\\/#article\",\"isPartOf\":{\"@id\":\"https:\\\/\\\/www.organisator.ch\\\/management\\\/2021-01-27\\\/corona-macht-veraenderungen-bei-lieferketten-noetig\\\/\"},\"author\":{\"name\":\"thomas.berner\",\"@id\":\"https:\\\/\\\/www.organisator.ch\\\/#\\\/schema\\\/person\\\/6f650f90b2842cd4c0cc334b4e36f67e\"},\"headline\":\"Corona macht Ver\u00e4nderungen bei Lieferketten n\u00f6tig\",\"datePublished\":\"2021-01-27T09:17:08+00:00\",\"mainEntityOfPage\":{\"@id\":\"https:\\\/\\\/www.organisator.ch\\\/management\\\/2021-01-27\\\/corona-macht-veraenderungen-bei-lieferketten-noetig\\\/\"},\"wordCount\":657,\"publisher\":{\"@id\":\"https:\\\/\\\/www.organisator.ch\\\/#organization\"},\"image\":{\"@id\":\"https:\\\/\\\/www.organisator.ch\\\/management\\\/2021-01-27\\\/corona-macht-veraenderungen-bei-lieferketten-noetig\\\/#primaryimage\"},\"thumbnailUrl\":\"https:\\\/\\\/www.organisator.ch\\\/wp-content\\\/uploads\\\/2021\\\/01\\\/Corona-macht-Veraenderungen-bei-Lieferketten-noetig_Organisator.jpg\",\"keywords\":[\"Coronavirus\",\"Logistik\",\"Management\",\"Studie\",\"Supply Chain Management\"],\"articleSection\":[\"MANAGEMENT\"],\"inLanguage\":\"it-IT\"},{\"@type\":\"WebPage\",\"@id\":\"https:\\\/\\\/www.organisator.ch\\\/management\\\/2021-01-27\\\/corona-macht-veraenderungen-bei-lieferketten-noetig\\\/\",\"url\":\"https:\\\/\\\/www.organisator.ch\\\/management\\\/2021-01-27\\\/corona-macht-veraenderungen-bei-lieferketten-noetig\\\/\",\"name\":\"Corona macht Ver\u00e4nderungen bei Lieferketten n\u00f6tig - Organisator\",\"isPartOf\":{\"@id\":\"https:\\\/\\\/www.organisator.ch\\\/#website\"},\"primaryImageOfPage\":{\"@id\":\"https:\\\/\\\/www.organisator.ch\\\/management\\\/2021-01-27\\\/corona-macht-veraenderungen-bei-lieferketten-noetig\\\/#primaryimage\"},\"image\":{\"@id\":\"https:\\\/\\\/www.organisator.ch\\\/management\\\/2021-01-27\\\/corona-macht-veraenderungen-bei-lieferketten-noetig\\\/#primaryimage\"},\"thumbnailUrl\":\"https:\\\/\\\/www.organisator.ch\\\/wp-content\\\/uploads\\\/2021\\\/01\\\/Corona-macht-Veraenderungen-bei-Lieferketten-noetig_Organisator.jpg\",\"datePublished\":\"2021-01-27T09:17:08+00:00\",\"description\":\"Eine Studie im Auftrag von Orange Business Services unter internationalen Unternehmen zeigt: 40 Prozent der Lieferketten hielten der Pandemie nicht Stand.\",\"breadcrumb\":{\"@id\":\"https:\\\/\\\/www.organisator.ch\\\/management\\\/2021-01-27\\\/corona-macht-veraenderungen-bei-lieferketten-noetig\\\/#breadcrumb\"},\"inLanguage\":\"it-IT\",\"potentialAction\":[{\"@type\":\"ReadAction\",\"target\":[\"https:\\\/\\\/www.organisator.ch\\\/management\\\/2021-01-27\\\/corona-macht-veraenderungen-bei-lieferketten-noetig\\\/\"]}]},{\"@type\":\"ImageObject\",\"inLanguage\":\"it-IT\",\"@id\":\"https:\\\/\\\/www.organisator.ch\\\/management\\\/2021-01-27\\\/corona-macht-veraenderungen-bei-lieferketten-noetig\\\/#primaryimage\",\"url\":\"https:\\\/\\\/www.organisator.ch\\\/wp-content\\\/uploads\\\/2021\\\/01\\\/Corona-macht-Veraenderungen-bei-Lieferketten-noetig_Organisator.jpg\",\"contentUrl\":\"https:\\\/\\\/www.organisator.ch\\\/wp-content\\\/uploads\\\/2021\\\/01\\\/Corona-macht-Veraenderungen-bei-Lieferketten-noetig_Organisator.jpg\",\"width\":680,\"height\":342,\"caption\":\"\uf06e 70 Prozent der Unternehmen sehen globale Pandemie als gr\u00f6sstes Risiko f\u00fcr Lieferketten. Dies zeigt eine aktuelle Studie. (Bild: Pixabay.com)\"},{\"@type\":\"BreadcrumbList\",\"@id\":\"https:\\\/\\\/www.organisator.ch\\\/management\\\/2021-01-27\\\/corona-macht-veraenderungen-bei-lieferketten-noetig\\\/#breadcrumb\",\"itemListElement\":[{\"@type\":\"ListItem\",\"position\":1,\"name\":\"Home\",\"item\":\"https:\\\/\\\/www.organisator.ch\\\/\"},{\"@type\":\"ListItem\",\"position\":2,\"name\":\"Corona macht Ver\u00e4nderungen bei Lieferketten n\u00f6tig\"}]},{\"@type\":\"WebSite\",\"@id\":\"https:\\\/\\\/www.organisator.ch\\\/#website\",\"url\":\"https:\\\/\\\/www.organisator.ch\\\/\",\"name\":\"Organisator\",\"description\":\"Kompetent. Praxisnah. Der ORGANISATOR bereitet in 10 Ausgaben pro Jahr die wesentlichen Themen f\u00fcr F\u00fchrungskr\u00e4fte von KMU auf.\",\"publisher\":{\"@id\":\"https:\\\/\\\/www.organisator.ch\\\/#organization\"},\"potentialAction\":[{\"@type\":\"SearchAction\",\"target\":{\"@type\":\"EntryPoint\",\"urlTemplate\":\"https:\\\/\\\/www.organisator.ch\\\/?s={search_term_string}\"},\"query-input\":{\"@type\":\"PropertyValueSpecification\",\"valueRequired\":true,\"valueName\":\"search_term_string\"}}],\"inLanguage\":\"it-IT\"},{\"@type\":\"Organization\",\"@id\":\"https:\\\/\\\/www.organisator.ch\\\/#organization\",\"name\":\"Organisator\",\"url\":\"https:\\\/\\\/www.organisator.ch\\\/\",\"logo\":{\"@type\":\"ImageObject\",\"inLanguage\":\"it-IT\",\"@id\":\"https:\\\/\\\/www.organisator.ch\\\/#\\\/schema\\\/logo\\\/image\\\/\",\"url\":\"https:\\\/\\\/www.organisator.ch\\\/wp-content\\\/uploads\\\/2022\\\/01\\\/Logo_Organisator_Website.png\",\"contentUrl\":\"https:\\\/\\\/www.organisator.ch\\\/wp-content\\\/uploads\\\/2022\\\/01\\\/Logo_Organisator_Website.png\",\"width\":800,\"height\":77,\"caption\":\"Organisator\"},\"image\":{\"@id\":\"https:\\\/\\\/www.organisator.ch\\\/#\\\/schema\\\/logo\\\/image\\\/\"},\"sameAs\":[\"https:\\\/\\\/www.facebook.com\\\/OrganisatorFachmagazin\",\"https:\\\/\\\/www.linkedin.com\\\/showcase\\\/organisator-das-magazin-fr-kmu\",\"https:\\\/\\\/www.xing.com\\\/news\\\/pages\\\/organisator-ch-695\",\"https:\\\/\\\/www.youtube.com\\\/channel\\\/UCGP2Sq0iWaZwT3BdIAQFYpw\"]},{\"@type\":\"Person\",\"@id\":\"https:\\\/\\\/www.organisator.ch\\\/#\\\/schema\\\/person\\\/6f650f90b2842cd4c0cc334b4e36f67e\",\"name\":\"thomas.berner\",\"image\":{\"@type\":\"ImageObject\",\"inLanguage\":\"it-IT\",\"@id\":\"https:\\\/\\\/secure.gravatar.com\\\/avatar\\\/ac5001d2a36cb6c6cd3e50789007ffca834b477b74a2144564522e944eabff61?s=96&d=mm&r=g\",\"url\":\"https:\\\/\\\/secure.gravatar.com\\\/avatar\\\/ac5001d2a36cb6c6cd3e50789007ffca834b477b74a2144564522e944eabff61?s=96&d=mm&r=g\",\"contentUrl\":\"https:\\\/\\\/secure.gravatar.com\\\/avatar\\\/ac5001d2a36cb6c6cd3e50789007ffca834b477b74a2144564522e944eabff61?s=96&d=mm&r=g\",\"caption\":\"thomas.berner\"},\"url\":\"https:\\\/\\\/www.organisator.ch\\\/it\\\/author\\\/thomas-berner\\\/\"}]}<\/script>\n<!-- \/ Yoast SEO plugin. -->","yoast_head_json":{"title":"Corona richiede cambiamenti nelle catene di approvvigionamento - Organizzatore","description":"Uno studio commissionato da Orange Business Services tra le aziende internazionali mostra che il 40% delle catene di approvvigionamento non ha resistito alla pandemia.","robots":{"index":"index","follow":"follow","max-snippet":"max-snippet:-1","max-image-preview":"max-image-preview:large","max-video-preview":"max-video-preview:-1"},"canonical":"https:\/\/www.organisator.ch\/it\/gestione-2\/2021-01-27\/corona-macht-veraenderungen-bei-lieferketten-noetig\/","og_locale":"it_IT","og_type":"article","og_title":"Corona macht Ver\u00e4nderungen bei Lieferketten n\u00f6tig","og_description":"Eine Studie im Auftrag von Orange Business Services unter internationalen Unternehmen zeigt: 40 Prozent der Lieferketten hielten der Pandemie nicht Stand.","og_url":"https:\/\/www.organisator.ch\/it\/gestione-2\/2021-01-27\/corona-macht-veraenderungen-bei-lieferketten-noetig\/","og_site_name":"Organisator","article_publisher":"https:\/\/www.facebook.com\/OrganisatorFachmagazin","article_published_time":"2021-01-27T09:17:08+00:00","og_image":[{"width":680,"height":342,"url":"https:\/\/www.organisator.ch\/wp-content\/uploads\/2021\/01\/Corona-macht-Veraenderungen-bei-Lieferketten-noetig_Organisator.jpg","type":"image\/jpeg"}],"author":"thomas.berner","twitter_card":"summary_large_image","twitter_title":"#Corona macht Ver\u00e4nderungen bei #Lieferketten n\u00f6tig","twitter_description":"Eine Studie im Auftrag von #OrangeBusinessServices unter internationalen Unternehmen zeigt: 40 Prozent der #Lieferketten hielten der Pandemie nicht Stand.","twitter_image":"https:\/\/www.organisator.ch\/wp-content\/uploads\/2021\/01\/Corona-macht-Veraenderungen-bei-Lieferketten-noetig_Organisator.jpg","schema":{"@context":"https:\/\/schema.org","@graph":[{"@type":"Article","@id":"https:\/\/www.organisator.ch\/management\/2021-01-27\/corona-macht-veraenderungen-bei-lieferketten-noetig\/#article","isPartOf":{"@id":"https:\/\/www.organisator.ch\/management\/2021-01-27\/corona-macht-veraenderungen-bei-lieferketten-noetig\/"},"author":{"name":"thomas.berner","@id":"https:\/\/www.organisator.ch\/#\/schema\/person\/6f650f90b2842cd4c0cc334b4e36f67e"},"headline":"Corona macht Ver\u00e4nderungen bei Lieferketten n\u00f6tig","datePublished":"2021-01-27T09:17:08+00:00","mainEntityOfPage":{"@id":"https:\/\/www.organisator.ch\/management\/2021-01-27\/corona-macht-veraenderungen-bei-lieferketten-noetig\/"},"wordCount":657,"publisher":{"@id":"https:\/\/www.organisator.ch\/#organization"},"image":{"@id":"https:\/\/www.organisator.ch\/management\/2021-01-27\/corona-macht-veraenderungen-bei-lieferketten-noetig\/#primaryimage"},"thumbnailUrl":"https:\/\/www.organisator.ch\/wp-content\/uploads\/2021\/01\/Corona-macht-Veraenderungen-bei-Lieferketten-noetig_Organisator.jpg","keywords":["Coronavirus","Logistik","Management","Studie","Supply Chain Management"],"articleSection":["MANAGEMENT"],"inLanguage":"it-IT"},{"@type":"WebPage","@id":"https:\/\/www.organisator.ch\/management\/2021-01-27\/corona-macht-veraenderungen-bei-lieferketten-noetig\/","url":"https:\/\/www.organisator.ch\/management\/2021-01-27\/corona-macht-veraenderungen-bei-lieferketten-noetig\/","name":"Corona richiede cambiamenti nelle catene di approvvigionamento - Organizzatore","isPartOf":{"@id":"https:\/\/www.organisator.ch\/#website"},"primaryImageOfPage":{"@id":"https:\/\/www.organisator.ch\/management\/2021-01-27\/corona-macht-veraenderungen-bei-lieferketten-noetig\/#primaryimage"},"image":{"@id":"https:\/\/www.organisator.ch\/management\/2021-01-27\/corona-macht-veraenderungen-bei-lieferketten-noetig\/#primaryimage"},"thumbnailUrl":"https:\/\/www.organisator.ch\/wp-content\/uploads\/2021\/01\/Corona-macht-Veraenderungen-bei-Lieferketten-noetig_Organisator.jpg","datePublished":"2021-01-27T09:17:08+00:00","description":"Uno studio commissionato da Orange Business Services tra le aziende internazionali mostra che il 40% delle catene di approvvigionamento non ha resistito alla pandemia.","breadcrumb":{"@id":"https:\/\/www.organisator.ch\/management\/2021-01-27\/corona-macht-veraenderungen-bei-lieferketten-noetig\/#breadcrumb"},"inLanguage":"it-IT","potentialAction":[{"@type":"ReadAction","target":["https:\/\/www.organisator.ch\/management\/2021-01-27\/corona-macht-veraenderungen-bei-lieferketten-noetig\/"]}]},{"@type":"ImageObject","inLanguage":"it-IT","@id":"https:\/\/www.organisator.ch\/management\/2021-01-27\/corona-macht-veraenderungen-bei-lieferketten-noetig\/#primaryimage","url":"https:\/\/www.organisator.ch\/wp-content\/uploads\/2021\/01\/Corona-macht-Veraenderungen-bei-Lieferketten-noetig_Organisator.jpg","contentUrl":"https:\/\/www.organisator.ch\/wp-content\/uploads\/2021\/01\/Corona-macht-Veraenderungen-bei-Lieferketten-noetig_Organisator.jpg","width":680,"height":342,"caption":"\uf06e 70 Prozent der Unternehmen sehen globale Pandemie als gr\u00f6sstes Risiko f\u00fcr Lieferketten. Dies zeigt eine aktuelle Studie. (Bild: Pixabay.com)"},{"@type":"BreadcrumbList","@id":"https:\/\/www.organisator.ch\/management\/2021-01-27\/corona-macht-veraenderungen-bei-lieferketten-noetig\/#breadcrumb","itemListElement":[{"@type":"ListItem","position":1,"name":"Home","item":"https:\/\/www.organisator.ch\/"},{"@type":"ListItem","position":2,"name":"Corona macht Ver\u00e4nderungen bei Lieferketten n\u00f6tig"}]},{"@type":"WebSite","@id":"https:\/\/www.organisator.ch\/#website","url":"https:\/\/www.organisator.ch\/","name":"Organizzatore","description":"Competente. Pratico. In 10 numeri all'anno, ORGANISATOR presenta i temi essenziali per i manager delle PMI.","publisher":{"@id":"https:\/\/www.organisator.ch\/#organization"},"potentialAction":[{"@type":"SearchAction","target":{"@type":"EntryPoint","urlTemplate":"https:\/\/www.organisator.ch\/?s={search_term_string}"},"query-input":{"@type":"PropertyValueSpecification","valueRequired":true,"valueName":"search_term_string"}}],"inLanguage":"it-IT"},{"@type":"Organization","@id":"https:\/\/www.organisator.ch\/#organization","name":"Organizzatore","url":"https:\/\/www.organisator.ch\/","logo":{"@type":"ImageObject","inLanguage":"it-IT","@id":"https:\/\/www.organisator.ch\/#\/schema\/logo\/image\/","url":"https:\/\/www.organisator.ch\/wp-content\/uploads\/2022\/01\/Logo_Organisator_Website.png","contentUrl":"https:\/\/www.organisator.ch\/wp-content\/uploads\/2022\/01\/Logo_Organisator_Website.png","width":800,"height":77,"caption":"Organisator"},"image":{"@id":"https:\/\/www.organisator.ch\/#\/schema\/logo\/image\/"},"sameAs":["https:\/\/www.facebook.com\/OrganisatorFachmagazin","https:\/\/www.linkedin.com\/showcase\/organisator-das-magazin-fr-kmu","https:\/\/www.xing.com\/news\/pages\/organisator-ch-695","https:\/\/www.youtube.com\/channel\/UCGP2Sq0iWaZwT3BdIAQFYpw"]},{"@type":"Person","@id":"https:\/\/www.organisator.ch\/#\/schema\/person\/6f650f90b2842cd4c0cc334b4e36f67e","name":"Tommaso.berner","image":{"@type":"ImageObject","inLanguage":"it-IT","@id":"https:\/\/secure.gravatar.com\/avatar\/ac5001d2a36cb6c6cd3e50789007ffca834b477b74a2144564522e944eabff61?s=96&d=mm&r=g","url":"https:\/\/secure.gravatar.com\/avatar\/ac5001d2a36cb6c6cd3e50789007ffca834b477b74a2144564522e944eabff61?s=96&d=mm&r=g","contentUrl":"https:\/\/secure.gravatar.com\/avatar\/ac5001d2a36cb6c6cd3e50789007ffca834b477b74a2144564522e944eabff61?s=96&d=mm&r=g","caption":"thomas.berner"},"url":"https:\/\/www.organisator.ch\/it\/author\/thomas-berner\/"}]}},"_links":{"self":[{"href":"https:\/\/www.organisator.ch\/it\/wp-json\/wp\/v2\/posts\/7572","targetHints":{"allow":["GET"]}}],"collection":[{"href":"https:\/\/www.organisator.ch\/it\/wp-json\/wp\/v2\/posts"}],"about":[{"href":"https:\/\/www.organisator.ch\/it\/wp-json\/wp\/v2\/types\/post"}],"author":[{"embeddable":true,"href":"https:\/\/www.organisator.ch\/it\/wp-json\/wp\/v2\/users\/4"}],"replies":[{"embeddable":true,"href":"https:\/\/www.organisator.ch\/it\/wp-json\/wp\/v2\/comments?post=7572"}],"version-history":[{"count":0,"href":"https:\/\/www.organisator.ch\/it\/wp-json\/wp\/v2\/posts\/7572\/revisions"}],"wp:featuredmedia":[{"embeddable":true,"href":"https:\/\/www.organisator.ch\/it\/wp-json\/wp\/v2\/media\/7573"}],"wp:attachment":[{"href":"https:\/\/www.organisator.ch\/it\/wp-json\/wp\/v2\/media?parent=7572"}],"wp:term":[{"taxonomy":"category","embeddable":true,"href":"https:\/\/www.organisator.ch\/it\/wp-json\/wp\/v2\/categories?post=7572"},{"taxonomy":"post_tag","embeddable":true,"href":"https:\/\/www.organisator.ch\/it\/wp-json\/wp\/v2\/tags?post=7572"}],"curies":[{"name":"wp","href":"https:\/\/api.w.org\/{rel}","templated":true}]}}