{"id":7589,"date":"2021-02-04T11:13:05","date_gmt":"2021-02-04T10:13:05","guid":{"rendered":"https:\/\/www.organisator.ch\/?p=7589"},"modified":"2021-02-04T11:13:05","modified_gmt":"2021-02-04T10:13:05","slug":"bgm-in-kmu-das-geht","status":"publish","type":"post","link":"https:\/\/www.organisator.ch\/it\/human-resources\/fit_im_job\/2021-02-04\/bgm-in-kmu-das-geht\/","title":{"rendered":"BGM nelle PMI: \u00e8 possibile!"},"content":{"rendered":"<figure id=\"attachment_7590\" aria-describedby=\"caption-attachment-7590\" style=\"width: 680px\" class=\"wp-caption alignnone\"><img loading=\"lazy\" decoding=\"async\" class=\"size-medium wp-image-7590\" src=\"https:\/\/www.organisator.ch\/wp-content\/uploads\/2021\/02\/BGM-in-KMU-Das-geht_Organisator.jpg\" alt=\"\" width=\"680\" height=\"571\" srcset=\"https:\/\/www.organisator.ch\/wp-content\/uploads\/2021\/02\/BGM-in-KMU-Das-geht_Organisator.jpg 680w, https:\/\/www.organisator.ch\/wp-content\/uploads\/2021\/02\/BGM-in-KMU-Das-geht_Organisator-14x12.jpg 14w, https:\/\/www.organisator.ch\/wp-content\/uploads\/2021\/02\/BGM-in-KMU-Das-geht_Organisator-208x175.jpg 208w, https:\/\/www.organisator.ch\/wp-content\/uploads\/2021\/02\/BGM-in-KMU-Das-geht_Organisator-417x350.jpg 417w, https:\/\/www.organisator.ch\/wp-content\/uploads\/2021\/02\/BGM-in-KMU-Das-geht_Organisator-300x252.jpg 300w\" sizes=\"auto, (max-width: 680px) 100vw, 680px\" \/><figcaption id=\"caption-attachment-7590\" class=\"wp-caption-text\">BGM nelle PMI: Mathias Fr\u00f6hlich dimostra che anche per le piccole aziende vale la pena investire nella gestione della salute sul lavoro. (Immagine: zVg)<\/figcaption><\/figure>\n<p>Dall'agosto 2017 lo studio di architettura ha ottenuto il marchio \"Friendly Work Space\" da Promozione Salute Svizzera. \"Siamo il primo studio di architettura del Cantone di Svitto e attualmente la pi\u00f9 piccola azienda in Svizzera a ricevere questo premio\", afferma il titolare Mathias Fr\u00f6hlich. Qual \u00e8 stato il fattore scatenante di questo impegno globale dell'BGM?<\/p>\n<h2>Inizio pragmatico<\/h2>\n<p>Nel 2014, Mathias Fr\u00f6hlich si \u00e8 trovato ad affrontare la totale assenza di un project manager e dell'assistente esecutivo a causa di una malattia. Una perdita difficile da compensare, con il rischio di ulteriori assenze dovute a un sovraccarico permanente dei dipendenti rimasti. Per l'imprenditore era chiaro che bisognava fare qualcosa di preventivo per la salute del suo team. Ha trovato il giusto supporto nella sua nuova assistente esecutiva e manager BGM Nadine Martig. Mathias Fr\u00f6hlich sugli inizi: \"Abbiamo affrontato il tema in modo molto pragmatico, con misure plausibili per tutti i soggetti coinvolti. Tra questi, la consulenza nutrizionale ed ergonomica e i workshop di gruppo. Queste misure si sono rivelate talmente efficaci da diventare parte integrante della nostra gestione della salute e della sicurezza.<\/p>\n<h2>Impatto misurabile<\/h2>\n<p>Dal 2014, Fr\u00f6hlich Architektur si affida agli strumenti validati e alle competenze di Promozione Salute Svizzera per lo sviluppo professionale della sua gestione sistematica della salute sul lavoro. Una partnership che ha dimostrato la sua validit\u00e0. A ci\u00f2 si \u00e8 aggiunta la decisione di ottenere la certificazione di \"Friendly Work Space\". Mathias Fr\u00f6hlich ha cos\u00ec inviato un chiaro segnale che, come imprenditore di una PMI, la salute dei suoi dipendenti \u00e8 importante per lui.<br \/>\ndipendenti \u00e8 una preoccupazione sostenibile. Questo include anche un controllo annuale dell'efficacia dell'RGB attraverso l'analisi dello stress lavorativo di Friendly Work Space (FWS), l'indagine digitale sui dipendenti condotta da Promozione Salute Svizzera. \"Questo \u00e8 anche un primo orientamento perfetto per iniziare a lavorare con l'BGM, ed \u00e8 per questo che lo consiglio a tutte le PMI\", sottolinea Fr\u00f6hlich.<\/p>\n<h2>Superare meglio la crisi con BGM<\/h2>\n<p>Nel 2018, Fr\u00f6hlich Architektur si \u00e8 trovata in una grave crisi economica. \"Grazie alle nostre misure di gestione della salute sul lavoro, all'epoca eravamo gi\u00e0 molto sensibilizzati a prenderci cura della nostra salute e di quella dei nostri colleghi in questa fase estremamente stressante. Le paure, le preoccupazioni, le critiche, ecc. erano e sono discusse apertamente. Il rafforzamento della coesione del team e l'alto livello di fedelt\u00e0 dei dipendenti hanno contribuito in modo decisivo a superare la crisi. Con queste esperienze alle spalle, abbiamo avuto una buona padronanza dell'anno Corona 2020. Pertanto, non ho dubbi che la gestione sistematica della salute sul lavoro sia utile, soprattutto per le PMI\", conclude Mathias Fr\u00f6hlich.<\/p>\n<p>&nbsp;<\/p>\n<p><strong><em>Contesto: BGM nelle PMI<\/em><\/strong><\/p>\n<p><em>Fr\u00f6hlich Architektur AG (<a href=\"http:\/\/www.froehlicharchitektur.ch\">www.froehlicharchitektur.ch<\/a>) ha sede a B\u00e4ch (SZ) e a Zurigo. Il proprietario Mathias Fr\u00f6hlich e il suo team altamente qualificato di oltre 20 persone si dedicano con grande esperienza professionale ed entusiasmo alla progettazione di spazi abitativi di valore. Fr\u00f6hlich Generalunternehmung AG, fondata da Mathias Fr\u00f6hlich nel 2015, oltre ai servizi di architettura offre i seguenti servizi <\/em><em>offre anche tutti i servizi GU\/TU e immobiliari.<\/em><\/p>\n<p><em>Promozione Salute Svizzera \u00e8 una fondazione di diritto privato, sostenuta dai Cantoni e dagli assicuratori. Con un mandato legale, avvia, coordina e valuta le misure di promozione della salute. Ci\u00f2 include anche il supporto alle aziende nella creazione di un sistema di gestione della salute sul lavoro. Fino al 31 marzo 2021, Promozione Salute Svizzera offre alle PMI che desiderano beneficiare di questo sostegno un'introduzione semplice e poco costosa alla gestione della salute sul lavoro.<\/em><br \/>\n<em>&gt; Maggiori dettagli sotto <a href=\"http:\/\/www.friendlyworkspace.ch\/anteilsfinanzierung\">www.friendlyworkspace.ch\/anteilsfinanzierung<\/a><\/em><\/p>","protected":false},"excerpt":{"rendered":"<p>Das Architekturb\u00fcro ist seit August 2017 mit dem Label \u00abFriendly Work Space\u00bb von Gesundheitsf\u00f6rderung Schweiz ausgezeichnet. \u00abWir sind das erste Architekturb\u00fcro im Kanton Schwyz und momentan der kleinste Betrieb in der Schweiz, der diese Auszeichnung erhalten hat\u00bb, erz\u00e4hlt Inhaber Mathias Fr\u00f6hlich. Was war der Ausl\u00f6ser f\u00fcr dieses umfassende BGM-Engagement? Pragmatischer Start 2014 war Mathias Fr\u00f6hlich [&hellip;]<\/p>\n","protected":false},"author":4,"featured_media":7590,"comment_status":"closed","ping_status":"closed","sticky":false,"template":"","format":"standard","meta":{"_acf_changed":false,"_yoast_wpseo_focuskw":"BGM in KMU","_yoast_wpseo_metadesc":"Der Vorbehalt, dass BGM in KMU viel Aufwand verursache und zu wenig Nutzen bringe, h\u00e4lt sich hartn\u00e4ckig. Die Fr\u00f6hlich Architektur AG beweist das Gegenteil.","articlekey":"","footnotes":""},"categories":[25],"tags":[77,208,492],"class_list":["post-7589","post","type-post","status-publish","format-standard","has-post-thumbnail","hentry","category-fit_im_job","tag-betriebliches-gesundheitsmanagement","tag-fit-im-job","tag-unternehmen"],"acf":[],"yoast_head":"<!-- This site is optimized with the Yoast SEO plugin v27.5 - https:\/\/yoast.com\/product\/yoast-seo-wordpress\/ -->\n<title>BGM in KMU: Das geht! - Organisator<\/title>\n<meta name=\"description\" content=\"Der Vorbehalt, dass BGM in KMU viel Aufwand verursache und zu wenig Nutzen bringe, h\u00e4lt sich hartn\u00e4ckig. Die Fr\u00f6hlich Architektur AG beweist das Gegenteil.\" \/>\n<meta name=\"robots\" content=\"index, follow, max-snippet:-1, max-image-preview:large, max-video-preview:-1\" \/>\n<link rel=\"canonical\" href=\"https:\/\/www.organisator.ch\/it\/risorse-umane\/fit_im_job\/2021-02-04\/bgm-in-kmu-das-geht\/\" \/>\n<meta property=\"og:locale\" content=\"it_IT\" \/>\n<meta property=\"og:type\" content=\"article\" \/>\n<meta property=\"og:title\" content=\"BGM in KMU: Das geht!\" \/>\n<meta property=\"og:description\" content=\"Der Vorbehalt, dass BGM in KMU viel Aufwand verursache und zu wenig Nutzen bringe, h\u00e4lt sich hartn\u00e4ckig. Die Fr\u00f6hlich Architektur AG beweist das Gegenteil.\" \/>\n<meta property=\"og:url\" content=\"https:\/\/www.organisator.ch\/it\/risorse-umane\/fit_im_job\/2021-02-04\/bgm-in-kmu-das-geht\/\" \/>\n<meta property=\"og:site_name\" content=\"Organisator\" \/>\n<meta property=\"article:publisher\" content=\"https:\/\/www.facebook.com\/OrganisatorFachmagazin\" \/>\n<meta property=\"article:published_time\" content=\"2021-02-04T10:13:05+00:00\" \/>\n<meta property=\"og:image\" content=\"https:\/\/www.organisator.ch\/wp-content\/uploads\/2021\/02\/BGM-in-KMU-Das-geht_Organisator.jpg\" \/>\n\t<meta property=\"og:image:width\" content=\"680\" \/>\n\t<meta property=\"og:image:height\" content=\"571\" \/>\n\t<meta property=\"og:image:type\" content=\"image\/jpeg\" \/>\n<meta name=\"author\" content=\"thomas.berner\" \/>\n<meta name=\"twitter:card\" content=\"summary_large_image\" \/>\n<meta name=\"twitter:title\" content=\"#BGM in KMU: Das geht!\" \/>\n<meta name=\"twitter:description\" content=\"Der Vorbehalt, dass #BGM in KMU viel Aufwand verursache und zu wenig Nutzen bringe, h\u00e4lt sich hartn\u00e4ckig. Die #Fr\u00f6hlich Architektur AG beweist das Gegenteil.\" \/>\n<meta name=\"twitter:image\" content=\"https:\/\/www.organisator.ch\/wp-content\/uploads\/2021\/02\/BGM-in-KMU-Das-geht_Organisator.jpg\" \/>\n<script type=\"application\/ld+json\" class=\"yoast-schema-graph\">{\"@context\":\"https:\\\/\\\/schema.org\",\"@graph\":[{\"@type\":\"Article\",\"@id\":\"https:\\\/\\\/www.organisator.ch\\\/human-resources\\\/fit_im_job\\\/2021-02-04\\\/bgm-in-kmu-das-geht\\\/#article\",\"isPartOf\":{\"@id\":\"https:\\\/\\\/www.organisator.ch\\\/human-resources\\\/fit_im_job\\\/2021-02-04\\\/bgm-in-kmu-das-geht\\\/\"},\"author\":{\"name\":\"thomas.berner\",\"@id\":\"https:\\\/\\\/www.organisator.ch\\\/#\\\/schema\\\/person\\\/6f650f90b2842cd4c0cc334b4e36f67e\"},\"headline\":\"BGM in KMU: Das geht!\",\"datePublished\":\"2021-02-04T10:13:05+00:00\",\"mainEntityOfPage\":{\"@id\":\"https:\\\/\\\/www.organisator.ch\\\/human-resources\\\/fit_im_job\\\/2021-02-04\\\/bgm-in-kmu-das-geht\\\/\"},\"wordCount\":567,\"publisher\":{\"@id\":\"https:\\\/\\\/www.organisator.ch\\\/#organization\"},\"image\":{\"@id\":\"https:\\\/\\\/www.organisator.ch\\\/human-resources\\\/fit_im_job\\\/2021-02-04\\\/bgm-in-kmu-das-geht\\\/#primaryimage\"},\"thumbnailUrl\":\"https:\\\/\\\/www.organisator.ch\\\/wp-content\\\/uploads\\\/2021\\\/02\\\/BGM-in-KMU-Das-geht_Organisator.jpg\",\"keywords\":[\"Betriebliches Gesundheitsmanagement\",\"Fit im Job\",\"Unternehmen\"],\"articleSection\":[\"FIT IM JOB\"],\"inLanguage\":\"it-IT\"},{\"@type\":\"WebPage\",\"@id\":\"https:\\\/\\\/www.organisator.ch\\\/human-resources\\\/fit_im_job\\\/2021-02-04\\\/bgm-in-kmu-das-geht\\\/\",\"url\":\"https:\\\/\\\/www.organisator.ch\\\/human-resources\\\/fit_im_job\\\/2021-02-04\\\/bgm-in-kmu-das-geht\\\/\",\"name\":\"BGM in KMU: Das geht! - Organisator\",\"isPartOf\":{\"@id\":\"https:\\\/\\\/www.organisator.ch\\\/#website\"},\"primaryImageOfPage\":{\"@id\":\"https:\\\/\\\/www.organisator.ch\\\/human-resources\\\/fit_im_job\\\/2021-02-04\\\/bgm-in-kmu-das-geht\\\/#primaryimage\"},\"image\":{\"@id\":\"https:\\\/\\\/www.organisator.ch\\\/human-resources\\\/fit_im_job\\\/2021-02-04\\\/bgm-in-kmu-das-geht\\\/#primaryimage\"},\"thumbnailUrl\":\"https:\\\/\\\/www.organisator.ch\\\/wp-content\\\/uploads\\\/2021\\\/02\\\/BGM-in-KMU-Das-geht_Organisator.jpg\",\"datePublished\":\"2021-02-04T10:13:05+00:00\",\"description\":\"Der Vorbehalt, dass BGM in KMU viel Aufwand verursache und zu wenig Nutzen bringe, h\u00e4lt sich hartn\u00e4ckig. Die Fr\u00f6hlich Architektur AG beweist das Gegenteil.\",\"breadcrumb\":{\"@id\":\"https:\\\/\\\/www.organisator.ch\\\/human-resources\\\/fit_im_job\\\/2021-02-04\\\/bgm-in-kmu-das-geht\\\/#breadcrumb\"},\"inLanguage\":\"it-IT\",\"potentialAction\":[{\"@type\":\"ReadAction\",\"target\":[\"https:\\\/\\\/www.organisator.ch\\\/human-resources\\\/fit_im_job\\\/2021-02-04\\\/bgm-in-kmu-das-geht\\\/\"]}]},{\"@type\":\"ImageObject\",\"inLanguage\":\"it-IT\",\"@id\":\"https:\\\/\\\/www.organisator.ch\\\/human-resources\\\/fit_im_job\\\/2021-02-04\\\/bgm-in-kmu-das-geht\\\/#primaryimage\",\"url\":\"https:\\\/\\\/www.organisator.ch\\\/wp-content\\\/uploads\\\/2021\\\/02\\\/BGM-in-KMU-Das-geht_Organisator.jpg\",\"contentUrl\":\"https:\\\/\\\/www.organisator.ch\\\/wp-content\\\/uploads\\\/2021\\\/02\\\/BGM-in-KMU-Das-geht_Organisator.jpg\",\"width\":680,\"height\":571,\"caption\":\"BGM in KMU: Mathias Fr\u00f6hlich zeigt, dass es sich auch f\u00fcr kleine Unternehmen lohnt, in betriebliches Gesundheitsmanagement zu investieren. (Bild: zVg)\"},{\"@type\":\"BreadcrumbList\",\"@id\":\"https:\\\/\\\/www.organisator.ch\\\/human-resources\\\/fit_im_job\\\/2021-02-04\\\/bgm-in-kmu-das-geht\\\/#breadcrumb\",\"itemListElement\":[{\"@type\":\"ListItem\",\"position\":1,\"name\":\"Home\",\"item\":\"https:\\\/\\\/www.organisator.ch\\\/\"},{\"@type\":\"ListItem\",\"position\":2,\"name\":\"BGM in KMU: Das geht!\"}]},{\"@type\":\"WebSite\",\"@id\":\"https:\\\/\\\/www.organisator.ch\\\/#website\",\"url\":\"https:\\\/\\\/www.organisator.ch\\\/\",\"name\":\"Organisator\",\"description\":\"Kompetent. Praxisnah. Der ORGANISATOR bereitet in 10 Ausgaben pro Jahr die wesentlichen Themen f\u00fcr F\u00fchrungskr\u00e4fte von KMU auf.\",\"publisher\":{\"@id\":\"https:\\\/\\\/www.organisator.ch\\\/#organization\"},\"potentialAction\":[{\"@type\":\"SearchAction\",\"target\":{\"@type\":\"EntryPoint\",\"urlTemplate\":\"https:\\\/\\\/www.organisator.ch\\\/?s={search_term_string}\"},\"query-input\":{\"@type\":\"PropertyValueSpecification\",\"valueRequired\":true,\"valueName\":\"search_term_string\"}}],\"inLanguage\":\"it-IT\"},{\"@type\":\"Organization\",\"@id\":\"https:\\\/\\\/www.organisator.ch\\\/#organization\",\"name\":\"Organisator\",\"url\":\"https:\\\/\\\/www.organisator.ch\\\/\",\"logo\":{\"@type\":\"ImageObject\",\"inLanguage\":\"it-IT\",\"@id\":\"https:\\\/\\\/www.organisator.ch\\\/#\\\/schema\\\/logo\\\/image\\\/\",\"url\":\"https:\\\/\\\/www.organisator.ch\\\/wp-content\\\/uploads\\\/2022\\\/01\\\/Logo_Organisator_Website.png\",\"contentUrl\":\"https:\\\/\\\/www.organisator.ch\\\/wp-content\\\/uploads\\\/2022\\\/01\\\/Logo_Organisator_Website.png\",\"width\":800,\"height\":77,\"caption\":\"Organisator\"},\"image\":{\"@id\":\"https:\\\/\\\/www.organisator.ch\\\/#\\\/schema\\\/logo\\\/image\\\/\"},\"sameAs\":[\"https:\\\/\\\/www.facebook.com\\\/OrganisatorFachmagazin\",\"https:\\\/\\\/www.linkedin.com\\\/showcase\\\/organisator-das-magazin-fr-kmu\",\"https:\\\/\\\/www.xing.com\\\/news\\\/pages\\\/organisator-ch-695\",\"https:\\\/\\\/www.youtube.com\\\/channel\\\/UCGP2Sq0iWaZwT3BdIAQFYpw\"]},{\"@type\":\"Person\",\"@id\":\"https:\\\/\\\/www.organisator.ch\\\/#\\\/schema\\\/person\\\/6f650f90b2842cd4c0cc334b4e36f67e\",\"name\":\"thomas.berner\",\"image\":{\"@type\":\"ImageObject\",\"inLanguage\":\"it-IT\",\"@id\":\"https:\\\/\\\/secure.gravatar.com\\\/avatar\\\/ac5001d2a36cb6c6cd3e50789007ffca834b477b74a2144564522e944eabff61?s=96&d=mm&r=g\",\"url\":\"https:\\\/\\\/secure.gravatar.com\\\/avatar\\\/ac5001d2a36cb6c6cd3e50789007ffca834b477b74a2144564522e944eabff61?s=96&d=mm&r=g\",\"contentUrl\":\"https:\\\/\\\/secure.gravatar.com\\\/avatar\\\/ac5001d2a36cb6c6cd3e50789007ffca834b477b74a2144564522e944eabff61?s=96&d=mm&r=g\",\"caption\":\"thomas.berner\"},\"url\":\"https:\\\/\\\/www.organisator.ch\\\/it\\\/author\\\/thomas-berner\\\/\"}]}<\/script>\n<!-- \/ Yoast SEO plugin. -->","yoast_head_json":{"title":"BGM nelle PMI: \u00e8 possibile! - Organizzatore","description":"Persiste la riserva che l'OHM nelle PMI comporti molti sforzi e porti pochi benefici. Fr\u00f6hlich Architektur AG dimostra il contrario.","robots":{"index":"index","follow":"follow","max-snippet":"max-snippet:-1","max-image-preview":"max-image-preview:large","max-video-preview":"max-video-preview:-1"},"canonical":"https:\/\/www.organisator.ch\/it\/risorse-umane\/fit_im_job\/2021-02-04\/bgm-in-kmu-das-geht\/","og_locale":"it_IT","og_type":"article","og_title":"BGM in KMU: Das geht!","og_description":"Der Vorbehalt, dass BGM in KMU viel Aufwand verursache und zu wenig Nutzen bringe, h\u00e4lt sich hartn\u00e4ckig. Die Fr\u00f6hlich Architektur AG beweist das Gegenteil.","og_url":"https:\/\/www.organisator.ch\/it\/risorse-umane\/fit_im_job\/2021-02-04\/bgm-in-kmu-das-geht\/","og_site_name":"Organisator","article_publisher":"https:\/\/www.facebook.com\/OrganisatorFachmagazin","article_published_time":"2021-02-04T10:13:05+00:00","og_image":[{"width":680,"height":571,"url":"https:\/\/www.organisator.ch\/wp-content\/uploads\/2021\/02\/BGM-in-KMU-Das-geht_Organisator.jpg","type":"image\/jpeg"}],"author":"thomas.berner","twitter_card":"summary_large_image","twitter_title":"#BGM in KMU: Das geht!","twitter_description":"Der Vorbehalt, dass #BGM in KMU viel Aufwand verursache und zu wenig Nutzen bringe, h\u00e4lt sich hartn\u00e4ckig. Die #Fr\u00f6hlich Architektur AG beweist das Gegenteil.","twitter_image":"https:\/\/www.organisator.ch\/wp-content\/uploads\/2021\/02\/BGM-in-KMU-Das-geht_Organisator.jpg","schema":{"@context":"https:\/\/schema.org","@graph":[{"@type":"Article","@id":"https:\/\/www.organisator.ch\/human-resources\/fit_im_job\/2021-02-04\/bgm-in-kmu-das-geht\/#article","isPartOf":{"@id":"https:\/\/www.organisator.ch\/human-resources\/fit_im_job\/2021-02-04\/bgm-in-kmu-das-geht\/"},"author":{"name":"thomas.berner","@id":"https:\/\/www.organisator.ch\/#\/schema\/person\/6f650f90b2842cd4c0cc334b4e36f67e"},"headline":"BGM in KMU: Das geht!","datePublished":"2021-02-04T10:13:05+00:00","mainEntityOfPage":{"@id":"https:\/\/www.organisator.ch\/human-resources\/fit_im_job\/2021-02-04\/bgm-in-kmu-das-geht\/"},"wordCount":567,"publisher":{"@id":"https:\/\/www.organisator.ch\/#organization"},"image":{"@id":"https:\/\/www.organisator.ch\/human-resources\/fit_im_job\/2021-02-04\/bgm-in-kmu-das-geht\/#primaryimage"},"thumbnailUrl":"https:\/\/www.organisator.ch\/wp-content\/uploads\/2021\/02\/BGM-in-KMU-Das-geht_Organisator.jpg","keywords":["Betriebliches Gesundheitsmanagement","Fit im Job","Unternehmen"],"articleSection":["FIT IM JOB"],"inLanguage":"it-IT"},{"@type":"WebPage","@id":"https:\/\/www.organisator.ch\/human-resources\/fit_im_job\/2021-02-04\/bgm-in-kmu-das-geht\/","url":"https:\/\/www.organisator.ch\/human-resources\/fit_im_job\/2021-02-04\/bgm-in-kmu-das-geht\/","name":"BGM nelle PMI: \u00e8 possibile! - Organizzatore","isPartOf":{"@id":"https:\/\/www.organisator.ch\/#website"},"primaryImageOfPage":{"@id":"https:\/\/www.organisator.ch\/human-resources\/fit_im_job\/2021-02-04\/bgm-in-kmu-das-geht\/#primaryimage"},"image":{"@id":"https:\/\/www.organisator.ch\/human-resources\/fit_im_job\/2021-02-04\/bgm-in-kmu-das-geht\/#primaryimage"},"thumbnailUrl":"https:\/\/www.organisator.ch\/wp-content\/uploads\/2021\/02\/BGM-in-KMU-Das-geht_Organisator.jpg","datePublished":"2021-02-04T10:13:05+00:00","description":"Persiste la riserva che l'OHM nelle PMI comporti molti sforzi e porti pochi benefici. Fr\u00f6hlich Architektur AG dimostra il contrario.","breadcrumb":{"@id":"https:\/\/www.organisator.ch\/human-resources\/fit_im_job\/2021-02-04\/bgm-in-kmu-das-geht\/#breadcrumb"},"inLanguage":"it-IT","potentialAction":[{"@type":"ReadAction","target":["https:\/\/www.organisator.ch\/human-resources\/fit_im_job\/2021-02-04\/bgm-in-kmu-das-geht\/"]}]},{"@type":"ImageObject","inLanguage":"it-IT","@id":"https:\/\/www.organisator.ch\/human-resources\/fit_im_job\/2021-02-04\/bgm-in-kmu-das-geht\/#primaryimage","url":"https:\/\/www.organisator.ch\/wp-content\/uploads\/2021\/02\/BGM-in-KMU-Das-geht_Organisator.jpg","contentUrl":"https:\/\/www.organisator.ch\/wp-content\/uploads\/2021\/02\/BGM-in-KMU-Das-geht_Organisator.jpg","width":680,"height":571,"caption":"BGM in KMU: Mathias Fr\u00f6hlich zeigt, dass es sich auch f\u00fcr kleine Unternehmen lohnt, in betriebliches Gesundheitsmanagement zu investieren. (Bild: zVg)"},{"@type":"BreadcrumbList","@id":"https:\/\/www.organisator.ch\/human-resources\/fit_im_job\/2021-02-04\/bgm-in-kmu-das-geht\/#breadcrumb","itemListElement":[{"@type":"ListItem","position":1,"name":"Home","item":"https:\/\/www.organisator.ch\/"},{"@type":"ListItem","position":2,"name":"BGM in KMU: Das geht!"}]},{"@type":"WebSite","@id":"https:\/\/www.organisator.ch\/#website","url":"https:\/\/www.organisator.ch\/","name":"Organizzatore","description":"Competente. Pratico. In 10 numeri all'anno, ORGANISATOR presenta i temi essenziali per i manager delle PMI.","publisher":{"@id":"https:\/\/www.organisator.ch\/#organization"},"potentialAction":[{"@type":"SearchAction","target":{"@type":"EntryPoint","urlTemplate":"https:\/\/www.organisator.ch\/?s={search_term_string}"},"query-input":{"@type":"PropertyValueSpecification","valueRequired":true,"valueName":"search_term_string"}}],"inLanguage":"it-IT"},{"@type":"Organization","@id":"https:\/\/www.organisator.ch\/#organization","name":"Organizzatore","url":"https:\/\/www.organisator.ch\/","logo":{"@type":"ImageObject","inLanguage":"it-IT","@id":"https:\/\/www.organisator.ch\/#\/schema\/logo\/image\/","url":"https:\/\/www.organisator.ch\/wp-content\/uploads\/2022\/01\/Logo_Organisator_Website.png","contentUrl":"https:\/\/www.organisator.ch\/wp-content\/uploads\/2022\/01\/Logo_Organisator_Website.png","width":800,"height":77,"caption":"Organisator"},"image":{"@id":"https:\/\/www.organisator.ch\/#\/schema\/logo\/image\/"},"sameAs":["https:\/\/www.facebook.com\/OrganisatorFachmagazin","https:\/\/www.linkedin.com\/showcase\/organisator-das-magazin-fr-kmu","https:\/\/www.xing.com\/news\/pages\/organisator-ch-695","https:\/\/www.youtube.com\/channel\/UCGP2Sq0iWaZwT3BdIAQFYpw"]},{"@type":"Person","@id":"https:\/\/www.organisator.ch\/#\/schema\/person\/6f650f90b2842cd4c0cc334b4e36f67e","name":"Tommaso.berner","image":{"@type":"ImageObject","inLanguage":"it-IT","@id":"https:\/\/secure.gravatar.com\/avatar\/ac5001d2a36cb6c6cd3e50789007ffca834b477b74a2144564522e944eabff61?s=96&d=mm&r=g","url":"https:\/\/secure.gravatar.com\/avatar\/ac5001d2a36cb6c6cd3e50789007ffca834b477b74a2144564522e944eabff61?s=96&d=mm&r=g","contentUrl":"https:\/\/secure.gravatar.com\/avatar\/ac5001d2a36cb6c6cd3e50789007ffca834b477b74a2144564522e944eabff61?s=96&d=mm&r=g","caption":"thomas.berner"},"url":"https:\/\/www.organisator.ch\/it\/author\/thomas-berner\/"}]}},"_links":{"self":[{"href":"https:\/\/www.organisator.ch\/it\/wp-json\/wp\/v2\/posts\/7589","targetHints":{"allow":["GET"]}}],"collection":[{"href":"https:\/\/www.organisator.ch\/it\/wp-json\/wp\/v2\/posts"}],"about":[{"href":"https:\/\/www.organisator.ch\/it\/wp-json\/wp\/v2\/types\/post"}],"author":[{"embeddable":true,"href":"https:\/\/www.organisator.ch\/it\/wp-json\/wp\/v2\/users\/4"}],"replies":[{"embeddable":true,"href":"https:\/\/www.organisator.ch\/it\/wp-json\/wp\/v2\/comments?post=7589"}],"version-history":[{"count":0,"href":"https:\/\/www.organisator.ch\/it\/wp-json\/wp\/v2\/posts\/7589\/revisions"}],"wp:featuredmedia":[{"embeddable":true,"href":"https:\/\/www.organisator.ch\/it\/wp-json\/wp\/v2\/media\/7590"}],"wp:attachment":[{"href":"https:\/\/www.organisator.ch\/it\/wp-json\/wp\/v2\/media?parent=7589"}],"wp:term":[{"taxonomy":"category","embeddable":true,"href":"https:\/\/www.organisator.ch\/it\/wp-json\/wp\/v2\/categories?post=7589"},{"taxonomy":"post_tag","embeddable":true,"href":"https:\/\/www.organisator.ch\/it\/wp-json\/wp\/v2\/tags?post=7589"}],"curies":[{"name":"wp","href":"https:\/\/api.w.org\/{rel}","templated":true}]}}