{"id":76,"date":"2015-11-28T10:26:32","date_gmt":"2015-11-28T09:26:32","guid":{"rendered":"https:\/\/dev.umweltperspektiven.ch\/?p=76"},"modified":"2022-02-09T11:06:26","modified_gmt":"2022-02-09T10:06:26","slug":"foerderprogramm-fuer-mobile-pelletheizungen-lanciert","status":"publish","type":"post","link":"https:\/\/www.organisator.ch\/it\/sustainability\/2015-11-28\/foerderprogramm-fuer-mobile-pelletheizungen-lanciert\/","title":{"rendered":"Lanciato il programma di sostegno per i sistemi di riscaldamento a pellet mobili"},"content":{"rendered":"<figure id=\"attachment_77\" aria-describedby=\"caption-attachment-77\" style=\"width: 680px\" class=\"wp-caption alignnone\"><a href=\"\/\/dev.umweltperspektiven.ch\/wp-content\/uploads\/2016\/12\/F\u00f6rderprogramm-f\u00fcr-mobile-Pelletheizungen-lanciert-umweltperspektiven.jpg\"><img loading=\"lazy\" decoding=\"async\" class=\"size-medium wp-image-77\" src=\"\/\/dev.umweltperspektiven.ch\/wp-content\/uploads\/2016\/12\/F\u00f6rderprogramm-f\u00fcr-mobile-Pelletheizungen-lanciert-umweltperspektiven.jpg\" alt=\"Le stufe a pellet mobili sono adatte, per esempio, per riscaldare le tende degli eventi o per asciugare i cantieri.\" width=\"680\" height=\"454\" \/><\/a><figcaption id=\"caption-attachment-77\" class=\"wp-caption-text\">Le stufe a pellet mobili sono adatte, per esempio, per riscaldare le tende degli eventi o per asciugare i cantieri.<\/figcaption><\/figure>\n<p>La Fondazione KliK prevede che, grazie al suo nuovo programma \"Riscaldatori mobili\", oltre 50'000 tonnellate di CO\u2082 potranno essere risparmiate in Svizzera entro il 2020 sostituendo i riscaldatori mobili alimentati con combustibili fossili. Un totale di oltre 4 milioni di franchi sar\u00e0 messo a disposizione per questo scopo.<\/p>\n<p>I riscaldatori mobili sono utilizzati principalmente nei cantieri edili per asciugare gli edifici, nel settore degli eventi per riscaldare le tende e in agricoltura per asciugare il fieno. Dato che gli edifici o le tende da riscaldare non sono di solito isolati, si deve generare molta energia di riscaldamento con un alto consumo di combustibile, che in gran parte va a finire nell'atmosfera. Circa 12'000 stufe mobili sono attualmente in uso in tutta la Svizzera, quasi tutte funzionano con combustibili fossili ed emettono pi\u00f9 di 300'000 tonnellate di CO\u2082 ogni anno - e la tendenza \u00e8 in aumento.<\/p>\n<p>Le stufe mobili alimentate a pellet sono diventate recentemente disponibili sul mercato svizzero. Questi riscaldatori mobili a pellet sono rispettosi dell'ambiente, in quanto sono neutri in termini di CO\u2082, tecnicamente maturi, affidabili e facili da usare. Partecipando al programma \"Mobile Heaters\", i proprietari di tali stufe a pellet mobili possono beneficiare di sovvenzioni che ammontano tipicamente a diverse migliaia di franchi svizzeri all'anno. Il programma sta incontrando un vivo interesse nell'industria e ha gi\u00e0 attirato pi\u00f9 di 150 iscrizioni - con altre che si aggiungono quasi ogni giorno.<\/p>","protected":false},"excerpt":{"rendered":"<p>Die Stiftung\u00a0KliK\u00a0erwartet, dass dank seinem neuen\u00a0Programm &#8222;Mobile Heizungen&#8220; bis 2020 in der Schweiz \u00fcber 50\u2018000 Tonnen CO\u2082 durch den Ersatz von fossil betriebenen mobilen Heizungen eingespart werden k\u00f6nnen. Daf\u00fcr werden insgesamt \u00fcber CHF 4 Millionen bereitgestellt. Mobile Heizungen werden vorwiegend auf Baustellen zur Bautrocknung, im Eventbereich zur Zeltbeheizung und in der Landwirtschaft zur Heutrocknung eingesetzt. [&hellip;]<\/p>\n","protected":false},"author":1,"featured_media":9336,"comment_status":"open","ping_status":"open","sticky":false,"template":"","format":"standard","meta":{"_acf_changed":false,"_yoast_wpseo_focuskw":"Pelletheizungen","_yoast_wpseo_metadesc":"Die Stiftung KliK f\u00f6rdert den Einsatz von mobilen Pelletheizungen mit seinem neuen F\u00f6rderprogramm.","articlekey":"","footnotes":""},"categories":[580],"tags":[1215,1502,1891,455],"class_list":["post-76","post","type-post","status-publish","format-standard","has-post-thumbnail","hentry","category-sustainability","tag-foerderung","tag-klik","tag-pelletheizung","tag-stiftung"],"acf":[],"yoast_head":"<!-- This site is optimized with the Yoast SEO plugin v27.4 - https:\/\/yoast.com\/product\/yoast-seo-wordpress\/ -->\n<title>F\u00f6rderprogramm f\u00fcr mobile Pelletheizungen lanciert - Organisator<\/title>\n<meta name=\"description\" content=\"Die Stiftung KliK f\u00f6rdert den Einsatz von mobilen Pelletheizungen mit seinem neuen F\u00f6rderprogramm.\" \/>\n<meta name=\"robots\" content=\"index, follow, max-snippet:-1, max-image-preview:large, max-video-preview:-1\" \/>\n<link rel=\"canonical\" href=\"https:\/\/www.organisator.ch\/it\/sostenibilita\/2015-11-28\/foerderprogramm-fuer-mobile-pelletheizungen-lanciert\/\" \/>\n<meta property=\"og:locale\" content=\"it_IT\" \/>\n<meta property=\"og:type\" content=\"article\" \/>\n<meta property=\"og:title\" content=\"F\u00f6rderprogramm f\u00fcr mobile Pelletheizungen lanciert - Organisator\" \/>\n<meta property=\"og:description\" content=\"Die Stiftung KliK f\u00f6rdert den Einsatz von mobilen Pelletheizungen mit seinem neuen F\u00f6rderprogramm.\" \/>\n<meta property=\"og:url\" content=\"https:\/\/www.organisator.ch\/it\/sostenibilita\/2015-11-28\/foerderprogramm-fuer-mobile-pelletheizungen-lanciert\/\" \/>\n<meta property=\"og:site_name\" content=\"Organisator\" \/>\n<meta property=\"article:publisher\" content=\"https:\/\/www.facebook.com\/OrganisatorFachmagazin\" \/>\n<meta property=\"article:published_time\" content=\"2015-11-28T09:26:32+00:00\" \/>\n<meta property=\"article:modified_time\" content=\"2022-02-09T10:06:26+00:00\" \/>\n<meta property=\"og:image\" content=\"https:\/\/www.organisator.ch\/wp-content\/uploads\/2016\/12\/Foerderprogramm-fuer-mobile-Pelletheizungen-lanciert-umweltperspektiven.jpg\" \/>\n\t<meta property=\"og:image:width\" content=\"1000\" \/>\n\t<meta property=\"og:image:height\" content=\"667\" \/>\n\t<meta property=\"og:image:type\" content=\"image\/jpeg\" \/>\n<meta name=\"author\" content=\"admin\" \/>\n<meta name=\"twitter:card\" content=\"summary_large_image\" \/>\n<script type=\"application\/ld+json\" class=\"yoast-schema-graph\">{\"@context\":\"https:\\\/\\\/schema.org\",\"@graph\":[{\"@type\":\"Article\",\"@id\":\"https:\\\/\\\/www.organisator.ch\\\/sustainability\\\/2015-11-28\\\/foerderprogramm-fuer-mobile-pelletheizungen-lanciert\\\/#article\",\"isPartOf\":{\"@id\":\"https:\\\/\\\/www.organisator.ch\\\/sustainability\\\/2015-11-28\\\/foerderprogramm-fuer-mobile-pelletheizungen-lanciert\\\/\"},\"author\":{\"name\":\"admin\",\"@id\":\"https:\\\/\\\/www.organisator.ch\\\/#\\\/schema\\\/person\\\/aa2bace6c5c5aad60102004a50c4eb1c\"},\"headline\":\"F\u00f6rderprogramm f\u00fcr mobile Pelletheizungen lanciert\",\"datePublished\":\"2015-11-28T09:26:32+00:00\",\"dateModified\":\"2022-02-09T10:06:26+00:00\",\"mainEntityOfPage\":{\"@id\":\"https:\\\/\\\/www.organisator.ch\\\/sustainability\\\/2015-11-28\\\/foerderprogramm-fuer-mobile-pelletheizungen-lanciert\\\/\"},\"wordCount\":226,\"commentCount\":0,\"publisher\":{\"@id\":\"https:\\\/\\\/www.organisator.ch\\\/#organization\"},\"image\":{\"@id\":\"https:\\\/\\\/www.organisator.ch\\\/sustainability\\\/2015-11-28\\\/foerderprogramm-fuer-mobile-pelletheizungen-lanciert\\\/#primaryimage\"},\"thumbnailUrl\":\"https:\\\/\\\/www.organisator.ch\\\/wp-content\\\/uploads\\\/2016\\\/12\\\/Foerderprogramm-fuer-mobile-Pelletheizungen-lanciert-umweltperspektiven.jpg\",\"keywords\":[\"F\u00f6rderung\",\"Klik\",\"Pelletheizung\",\"Stiftung\"],\"articleSection\":[\"SUSTAINABILITY\"],\"inLanguage\":\"it-IT\"},{\"@type\":\"WebPage\",\"@id\":\"https:\\\/\\\/www.organisator.ch\\\/sustainability\\\/2015-11-28\\\/foerderprogramm-fuer-mobile-pelletheizungen-lanciert\\\/\",\"url\":\"https:\\\/\\\/www.organisator.ch\\\/sustainability\\\/2015-11-28\\\/foerderprogramm-fuer-mobile-pelletheizungen-lanciert\\\/\",\"name\":\"F\u00f6rderprogramm f\u00fcr mobile Pelletheizungen lanciert - Organisator\",\"isPartOf\":{\"@id\":\"https:\\\/\\\/www.organisator.ch\\\/#website\"},\"primaryImageOfPage\":{\"@id\":\"https:\\\/\\\/www.organisator.ch\\\/sustainability\\\/2015-11-28\\\/foerderprogramm-fuer-mobile-pelletheizungen-lanciert\\\/#primaryimage\"},\"image\":{\"@id\":\"https:\\\/\\\/www.organisator.ch\\\/sustainability\\\/2015-11-28\\\/foerderprogramm-fuer-mobile-pelletheizungen-lanciert\\\/#primaryimage\"},\"thumbnailUrl\":\"https:\\\/\\\/www.organisator.ch\\\/wp-content\\\/uploads\\\/2016\\\/12\\\/Foerderprogramm-fuer-mobile-Pelletheizungen-lanciert-umweltperspektiven.jpg\",\"datePublished\":\"2015-11-28T09:26:32+00:00\",\"dateModified\":\"2022-02-09T10:06:26+00:00\",\"description\":\"Die Stiftung KliK f\u00f6rdert den Einsatz von mobilen Pelletheizungen mit seinem neuen F\u00f6rderprogramm.\",\"breadcrumb\":{\"@id\":\"https:\\\/\\\/www.organisator.ch\\\/sustainability\\\/2015-11-28\\\/foerderprogramm-fuer-mobile-pelletheizungen-lanciert\\\/#breadcrumb\"},\"inLanguage\":\"it-IT\",\"potentialAction\":[{\"@type\":\"ReadAction\",\"target\":[\"https:\\\/\\\/www.organisator.ch\\\/sustainability\\\/2015-11-28\\\/foerderprogramm-fuer-mobile-pelletheizungen-lanciert\\\/\"]}]},{\"@type\":\"ImageObject\",\"inLanguage\":\"it-IT\",\"@id\":\"https:\\\/\\\/www.organisator.ch\\\/sustainability\\\/2015-11-28\\\/foerderprogramm-fuer-mobile-pelletheizungen-lanciert\\\/#primaryimage\",\"url\":\"https:\\\/\\\/www.organisator.ch\\\/wp-content\\\/uploads\\\/2016\\\/12\\\/Foerderprogramm-fuer-mobile-Pelletheizungen-lanciert-umweltperspektiven.jpg\",\"contentUrl\":\"https:\\\/\\\/www.organisator.ch\\\/wp-content\\\/uploads\\\/2016\\\/12\\\/Foerderprogramm-fuer-mobile-Pelletheizungen-lanciert-umweltperspektiven.jpg\",\"width\":1000,\"height\":667,\"caption\":\"Mobile Pelletheizungen eignen sich etwa f\u00fcr die Heizung von Eventzelten oder f\u00fcr die Baustellentrocknung.\"},{\"@type\":\"BreadcrumbList\",\"@id\":\"https:\\\/\\\/www.organisator.ch\\\/sustainability\\\/2015-11-28\\\/foerderprogramm-fuer-mobile-pelletheizungen-lanciert\\\/#breadcrumb\",\"itemListElement\":[{\"@type\":\"ListItem\",\"position\":1,\"name\":\"Home\",\"item\":\"https:\\\/\\\/www.organisator.ch\\\/\"},{\"@type\":\"ListItem\",\"position\":2,\"name\":\"F\u00f6rderprogramm f\u00fcr mobile Pelletheizungen lanciert\"}]},{\"@type\":\"WebSite\",\"@id\":\"https:\\\/\\\/www.organisator.ch\\\/#website\",\"url\":\"https:\\\/\\\/www.organisator.ch\\\/\",\"name\":\"Organisator\",\"description\":\"Kompetent. Praxisnah. Der ORGANISATOR bereitet in 10 Ausgaben pro Jahr die wesentlichen Themen f\u00fcr F\u00fchrungskr\u00e4fte von KMU auf.\",\"publisher\":{\"@id\":\"https:\\\/\\\/www.organisator.ch\\\/#organization\"},\"potentialAction\":[{\"@type\":\"SearchAction\",\"target\":{\"@type\":\"EntryPoint\",\"urlTemplate\":\"https:\\\/\\\/www.organisator.ch\\\/?s={search_term_string}\"},\"query-input\":{\"@type\":\"PropertyValueSpecification\",\"valueRequired\":true,\"valueName\":\"search_term_string\"}}],\"inLanguage\":\"it-IT\"},{\"@type\":\"Organization\",\"@id\":\"https:\\\/\\\/www.organisator.ch\\\/#organization\",\"name\":\"Organisator\",\"url\":\"https:\\\/\\\/www.organisator.ch\\\/\",\"logo\":{\"@type\":\"ImageObject\",\"inLanguage\":\"it-IT\",\"@id\":\"https:\\\/\\\/www.organisator.ch\\\/#\\\/schema\\\/logo\\\/image\\\/\",\"url\":\"https:\\\/\\\/www.organisator.ch\\\/wp-content\\\/uploads\\\/2022\\\/01\\\/Logo_Organisator_Website.png\",\"contentUrl\":\"https:\\\/\\\/www.organisator.ch\\\/wp-content\\\/uploads\\\/2022\\\/01\\\/Logo_Organisator_Website.png\",\"width\":800,\"height\":77,\"caption\":\"Organisator\"},\"image\":{\"@id\":\"https:\\\/\\\/www.organisator.ch\\\/#\\\/schema\\\/logo\\\/image\\\/\"},\"sameAs\":[\"https:\\\/\\\/www.facebook.com\\\/OrganisatorFachmagazin\",\"https:\\\/\\\/www.linkedin.com\\\/showcase\\\/organisator-das-magazin-fr-kmu\",\"https:\\\/\\\/www.xing.com\\\/news\\\/pages\\\/organisator-ch-695\",\"https:\\\/\\\/www.youtube.com\\\/channel\\\/UCGP2Sq0iWaZwT3BdIAQFYpw\"]},{\"@type\":\"Person\",\"@id\":\"https:\\\/\\\/www.organisator.ch\\\/#\\\/schema\\\/person\\\/aa2bace6c5c5aad60102004a50c4eb1c\",\"name\":\"admin\",\"image\":{\"@type\":\"ImageObject\",\"inLanguage\":\"it-IT\",\"@id\":\"https:\\\/\\\/secure.gravatar.com\\\/avatar\\\/ae2f4d718e6c49043e314ce431e7e645d646302a24a5ef5a8bc8e3f5a032e319?s=96&d=mm&r=g\",\"url\":\"https:\\\/\\\/secure.gravatar.com\\\/avatar\\\/ae2f4d718e6c49043e314ce431e7e645d646302a24a5ef5a8bc8e3f5a032e319?s=96&d=mm&r=g\",\"contentUrl\":\"https:\\\/\\\/secure.gravatar.com\\\/avatar\\\/ae2f4d718e6c49043e314ce431e7e645d646302a24a5ef5a8bc8e3f5a032e319?s=96&d=mm&r=g\",\"caption\":\"admin\"},\"sameAs\":[\"https:\\\/\\\/www.organisator.ch\"],\"url\":\"https:\\\/\\\/www.organisator.ch\\\/it\\\/author\\\/admin\\\/\"}]}<\/script>\n<!-- \/ Yoast SEO plugin. -->","yoast_head_json":{"title":"Programma di supporto per i sistemi di riscaldamento a pellet mobili lanciato - Organizzatore","description":"La Fondazione KliK promuove l'uso di sistemi mobili di riscaldamento a pellet con il suo nuovo programma di finanziamento.","robots":{"index":"index","follow":"follow","max-snippet":"max-snippet:-1","max-image-preview":"max-image-preview:large","max-video-preview":"max-video-preview:-1"},"canonical":"https:\/\/www.organisator.ch\/it\/sostenibilita\/2015-11-28\/foerderprogramm-fuer-mobile-pelletheizungen-lanciert\/","og_locale":"it_IT","og_type":"article","og_title":"F\u00f6rderprogramm f\u00fcr mobile Pelletheizungen lanciert - Organisator","og_description":"Die Stiftung KliK f\u00f6rdert den Einsatz von mobilen Pelletheizungen mit seinem neuen F\u00f6rderprogramm.","og_url":"https:\/\/www.organisator.ch\/it\/sostenibilita\/2015-11-28\/foerderprogramm-fuer-mobile-pelletheizungen-lanciert\/","og_site_name":"Organisator","article_publisher":"https:\/\/www.facebook.com\/OrganisatorFachmagazin","article_published_time":"2015-11-28T09:26:32+00:00","article_modified_time":"2022-02-09T10:06:26+00:00","og_image":[{"width":1000,"height":667,"url":"https:\/\/www.organisator.ch\/wp-content\/uploads\/2016\/12\/Foerderprogramm-fuer-mobile-Pelletheizungen-lanciert-umweltperspektiven.jpg","type":"image\/jpeg"}],"author":"admin","twitter_card":"summary_large_image","schema":{"@context":"https:\/\/schema.org","@graph":[{"@type":"Article","@id":"https:\/\/www.organisator.ch\/sustainability\/2015-11-28\/foerderprogramm-fuer-mobile-pelletheizungen-lanciert\/#article","isPartOf":{"@id":"https:\/\/www.organisator.ch\/sustainability\/2015-11-28\/foerderprogramm-fuer-mobile-pelletheizungen-lanciert\/"},"author":{"name":"admin","@id":"https:\/\/www.organisator.ch\/#\/schema\/person\/aa2bace6c5c5aad60102004a50c4eb1c"},"headline":"F\u00f6rderprogramm f\u00fcr mobile Pelletheizungen lanciert","datePublished":"2015-11-28T09:26:32+00:00","dateModified":"2022-02-09T10:06:26+00:00","mainEntityOfPage":{"@id":"https:\/\/www.organisator.ch\/sustainability\/2015-11-28\/foerderprogramm-fuer-mobile-pelletheizungen-lanciert\/"},"wordCount":226,"commentCount":0,"publisher":{"@id":"https:\/\/www.organisator.ch\/#organization"},"image":{"@id":"https:\/\/www.organisator.ch\/sustainability\/2015-11-28\/foerderprogramm-fuer-mobile-pelletheizungen-lanciert\/#primaryimage"},"thumbnailUrl":"https:\/\/www.organisator.ch\/wp-content\/uploads\/2016\/12\/Foerderprogramm-fuer-mobile-Pelletheizungen-lanciert-umweltperspektiven.jpg","keywords":["F\u00f6rderung","Klik","Pelletheizung","Stiftung"],"articleSection":["SUSTAINABILITY"],"inLanguage":"it-IT"},{"@type":"WebPage","@id":"https:\/\/www.organisator.ch\/sustainability\/2015-11-28\/foerderprogramm-fuer-mobile-pelletheizungen-lanciert\/","url":"https:\/\/www.organisator.ch\/sustainability\/2015-11-28\/foerderprogramm-fuer-mobile-pelletheizungen-lanciert\/","name":"Programma di supporto per i sistemi di riscaldamento a pellet mobili lanciato - Organizzatore","isPartOf":{"@id":"https:\/\/www.organisator.ch\/#website"},"primaryImageOfPage":{"@id":"https:\/\/www.organisator.ch\/sustainability\/2015-11-28\/foerderprogramm-fuer-mobile-pelletheizungen-lanciert\/#primaryimage"},"image":{"@id":"https:\/\/www.organisator.ch\/sustainability\/2015-11-28\/foerderprogramm-fuer-mobile-pelletheizungen-lanciert\/#primaryimage"},"thumbnailUrl":"https:\/\/www.organisator.ch\/wp-content\/uploads\/2016\/12\/Foerderprogramm-fuer-mobile-Pelletheizungen-lanciert-umweltperspektiven.jpg","datePublished":"2015-11-28T09:26:32+00:00","dateModified":"2022-02-09T10:06:26+00:00","description":"La Fondazione KliK promuove l'uso di sistemi mobili di riscaldamento a pellet con il suo nuovo programma di finanziamento.","breadcrumb":{"@id":"https:\/\/www.organisator.ch\/sustainability\/2015-11-28\/foerderprogramm-fuer-mobile-pelletheizungen-lanciert\/#breadcrumb"},"inLanguage":"it-IT","potentialAction":[{"@type":"ReadAction","target":["https:\/\/www.organisator.ch\/sustainability\/2015-11-28\/foerderprogramm-fuer-mobile-pelletheizungen-lanciert\/"]}]},{"@type":"ImageObject","inLanguage":"it-IT","@id":"https:\/\/www.organisator.ch\/sustainability\/2015-11-28\/foerderprogramm-fuer-mobile-pelletheizungen-lanciert\/#primaryimage","url":"https:\/\/www.organisator.ch\/wp-content\/uploads\/2016\/12\/Foerderprogramm-fuer-mobile-Pelletheizungen-lanciert-umweltperspektiven.jpg","contentUrl":"https:\/\/www.organisator.ch\/wp-content\/uploads\/2016\/12\/Foerderprogramm-fuer-mobile-Pelletheizungen-lanciert-umweltperspektiven.jpg","width":1000,"height":667,"caption":"Mobile Pelletheizungen eignen sich etwa f\u00fcr die Heizung von Eventzelten oder f\u00fcr die Baustellentrocknung."},{"@type":"BreadcrumbList","@id":"https:\/\/www.organisator.ch\/sustainability\/2015-11-28\/foerderprogramm-fuer-mobile-pelletheizungen-lanciert\/#breadcrumb","itemListElement":[{"@type":"ListItem","position":1,"name":"Home","item":"https:\/\/www.organisator.ch\/"},{"@type":"ListItem","position":2,"name":"F\u00f6rderprogramm f\u00fcr mobile Pelletheizungen lanciert"}]},{"@type":"WebSite","@id":"https:\/\/www.organisator.ch\/#website","url":"https:\/\/www.organisator.ch\/","name":"Organizzatore","description":"Competente. Pratico. In 10 numeri all'anno, ORGANISATOR presenta i temi essenziali per i manager delle PMI.","publisher":{"@id":"https:\/\/www.organisator.ch\/#organization"},"potentialAction":[{"@type":"SearchAction","target":{"@type":"EntryPoint","urlTemplate":"https:\/\/www.organisator.ch\/?s={search_term_string}"},"query-input":{"@type":"PropertyValueSpecification","valueRequired":true,"valueName":"search_term_string"}}],"inLanguage":"it-IT"},{"@type":"Organization","@id":"https:\/\/www.organisator.ch\/#organization","name":"Organizzatore","url":"https:\/\/www.organisator.ch\/","logo":{"@type":"ImageObject","inLanguage":"it-IT","@id":"https:\/\/www.organisator.ch\/#\/schema\/logo\/image\/","url":"https:\/\/www.organisator.ch\/wp-content\/uploads\/2022\/01\/Logo_Organisator_Website.png","contentUrl":"https:\/\/www.organisator.ch\/wp-content\/uploads\/2022\/01\/Logo_Organisator_Website.png","width":800,"height":77,"caption":"Organisator"},"image":{"@id":"https:\/\/www.organisator.ch\/#\/schema\/logo\/image\/"},"sameAs":["https:\/\/www.facebook.com\/OrganisatorFachmagazin","https:\/\/www.linkedin.com\/showcase\/organisator-das-magazin-fr-kmu","https:\/\/www.xing.com\/news\/pages\/organisator-ch-695","https:\/\/www.youtube.com\/channel\/UCGP2Sq0iWaZwT3BdIAQFYpw"]},{"@type":"Person","@id":"https:\/\/www.organisator.ch\/#\/schema\/person\/aa2bace6c5c5aad60102004a50c4eb1c","name":"amministratore","image":{"@type":"ImageObject","inLanguage":"it-IT","@id":"https:\/\/secure.gravatar.com\/avatar\/ae2f4d718e6c49043e314ce431e7e645d646302a24a5ef5a8bc8e3f5a032e319?s=96&d=mm&r=g","url":"https:\/\/secure.gravatar.com\/avatar\/ae2f4d718e6c49043e314ce431e7e645d646302a24a5ef5a8bc8e3f5a032e319?s=96&d=mm&r=g","contentUrl":"https:\/\/secure.gravatar.com\/avatar\/ae2f4d718e6c49043e314ce431e7e645d646302a24a5ef5a8bc8e3f5a032e319?s=96&d=mm&r=g","caption":"admin"},"sameAs":["https:\/\/www.organisator.ch"],"url":"https:\/\/www.organisator.ch\/it\/author\/admin\/"}]}},"_links":{"self":[{"href":"https:\/\/www.organisator.ch\/it\/wp-json\/wp\/v2\/posts\/76","targetHints":{"allow":["GET"]}}],"collection":[{"href":"https:\/\/www.organisator.ch\/it\/wp-json\/wp\/v2\/posts"}],"about":[{"href":"https:\/\/www.organisator.ch\/it\/wp-json\/wp\/v2\/types\/post"}],"author":[{"embeddable":true,"href":"https:\/\/www.organisator.ch\/it\/wp-json\/wp\/v2\/users\/1"}],"replies":[{"embeddable":true,"href":"https:\/\/www.organisator.ch\/it\/wp-json\/wp\/v2\/comments?post=76"}],"version-history":[{"count":1,"href":"https:\/\/www.organisator.ch\/it\/wp-json\/wp\/v2\/posts\/76\/revisions"}],"predecessor-version":[{"id":10633,"href":"https:\/\/www.organisator.ch\/it\/wp-json\/wp\/v2\/posts\/76\/revisions\/10633"}],"wp:featuredmedia":[{"embeddable":true,"href":"https:\/\/www.organisator.ch\/it\/wp-json\/wp\/v2\/media\/9336"}],"wp:attachment":[{"href":"https:\/\/www.organisator.ch\/it\/wp-json\/wp\/v2\/media?parent=76"}],"wp:term":[{"taxonomy":"category","embeddable":true,"href":"https:\/\/www.organisator.ch\/it\/wp-json\/wp\/v2\/categories?post=76"},{"taxonomy":"post_tag","embeddable":true,"href":"https:\/\/www.organisator.ch\/it\/wp-json\/wp\/v2\/tags?post=76"}],"curies":[{"name":"wp","href":"https:\/\/api.w.org\/{rel}","templated":true}]}}